{"id":144089,"date":"2022-05-26T10:28:45","date_gmt":"2022-05-26T09:28:45","guid":{"rendered":"https:\/\/radioljubuski.ba\/?p=144089"},"modified":"2022-05-26T10:28:46","modified_gmt":"2022-05-26T09:28:46","slug":"nagomilavanjem-namirnica-stvara-se-umjetna-kriza","status":"publish","type":"post","link":"https:\/\/radioljubuski.ba\/index.php\/2022\/05\/26\/nagomilavanjem-namirnica-stvara-se-umjetna-kriza\/","title":{"rendered":"Nagomilavanjem namirnica stvara se umjetna kriza"},"content":{"rendered":"\n<p>Novo poskupljenje p\u0161enice, bra\u0161na, potro\u0161a\u010dka ko\u0161arica sve skuplja, mogu\u0107a nesta\u0161ica hrane koja bi prema najavama poljoprivrednika mogla eskalirati dolaskom zime\u2026 samo su neki od crnih scenarija o kojima \u010ditamo posljednjih nekoliko dana, pi\u0161e Ve\u010dernji list BiH.<\/p>\n\n\n\n<p>Kako pomo\u0107i?<\/p>\n\n\n\n<p>Naime, rast cijena proizvoda od bra\u0161na pekari opravdavaju rastom cijena na svjetskom tr\u017ei\u0161tu. &#8211; Poku\u0161avali smo kruh dr\u017eati na cijeni od 1,80 KM. Me\u0111utim, kada smo uradili analizu, vidimo da smo pali. Cijene \u0107e sigurno i dalje rasti jer u posljednjih 15 do 20 dana znatno je poskupjela p\u0161enica, tako da ulazimo u spiralu rasta cijena &#8211; rekao je to za &#8220;Glas Srpske&#8221; vlasnik Pekarsko-slasti\u010darskog dru\u0161tva &#8220;Krajina klas&#8221;. Ni poljoprivredni proizvo\u0111a\u010di nemaju bolje prognoze. Ka\u017eu, mogu\u0107a je nesta\u0161ica hrane jer zbog nedovoljnog ulaganja u poljoprivredu doma\u0107i proizvo\u0111a\u010di jedva mogu pokriti 20 posto potreba. &#8211; BiH je ve\u0107 suo\u010dena s nesta\u0161icom hrane, ona \u0107e samo eskalirati ove zime. Ova zima \u0107e biti takva da \u0107e se ljudi dijeliti na one koji mogu jednom jesti i na one koji \u0107e nekoliko dana pauzirati &#8211; izjavio je za N1 vlasnik farme u Ilija\u0161u Muris Mujanovi\u0107. Koliko je situacija zaista te\u0161ka, ali i postoje li na\u010dini kojima bi se moglo pomo\u0107i gra\u0111anima, pribli\u017eio nam je Zoran Peto\u0161 iz Udruge za za\u0161titu potro\u0161a\u010da Don.<\/p>\n\n\n\n<p>&#8211; Ne smijemo biti pesimisti, ali \u010dinjenica je da nas o\u010dekuje jedno vrlo te\u0161ko razdoblje. Kada je konkretno rije\u010d o bra\u0161nu, jo\u0161 uvijek postoje zalihe. No, kada toga ne bude, bojim se da \u0107emo suhim zlatom pla\u0107ati proizvode od bra\u0161na i \u017eitarica. Prognoze i ekonomske analize ukazuju na to, i ve\u0107 se naglas pri\u010da, kako nas o\u010dekuje jako te\u0161ka zima. Vlasti se moraju probuditi i uvesti mjere, druge nema. Prije svega, tro\u0161arine na gorivo jo\u0161 uvijek nisu ukinute, \u0161to je jedna od klju\u010dnih stavki jer je ve\u0107ina poskupljenja vezana za prijevoz. Navest \u0107u i konkretan primjer: ako je za 10 kruhova nekada trebalo izdvojiti 13 KM, a sada vi\u0161e od 20 KM, jasno je da je priljev u prora\u010dun ve\u0107i. Kako rastu cijene, raste i prihod, a potro\u0161nja osnovnih \u017eivotnih namirnica ostaje ista jer ljudi moraju jesti. Taj &#8220;vi\u0161ak&#8221; sredstava trebao bi se usmjeriti na gra\u0111ane, ne samo pove\u0107anjem pla\u0107a i mirovina nego zna\u010dajnijom pomo\u0107i, zatim ukidanjem tro\u0161arina, pa onda poku\u0161ati i s usporavanjem cijena, barem osnovnih \u017eivotnih namirnica. Zna\u010di, ovdje ne govorimo ni o kakvom luksuzu, nego samo o onome bez \u010dega se ne mo\u017ee \u017eivjeti &#8211; obja\u0161njava Peto\u0161 u razgovoru.<\/p>\n\n\n\n<p>Isti\u010de da samo gra\u0111ani ne bi dodatno trebali ugro\u017eavati situaciju i stvarati, kako ka\u017ee, umjetnu krizu.<\/p>\n\n\n\n<p>&#8211; Vrlo je va\u017eno planirano kupovati, ne bez cilja nagomilavati stvari jer tko bar malo prati ekonomiju, zna da pove\u0107ana potro\u0161nja pove\u0107ava i cijenu odre\u0111enih proizvoda. Nije dobro da sami pravimo umjetnu krizu kao onu koju smo stvorili po\u010detkom pandemije, pa i nakon izbijanja rata u Ukrajini kada su ljudi masovno kupovali odre\u0111ene proizvode, primjerice ulje, pa time i pove\u0107avali cijenu toga proizvoda &#8211; isti\u010de Peto\u0161 koji budu\u0107nost vidi u proizvodnji za vlastite potrebe. &#8211; BiH ve\u0107inu robe uvozi, a osim pitanja koliko \u0107e cijene rasti va\u017enije je pitanje ho\u0107emo li uop\u0107e imati gdje kupiti odre\u0111ene proizvode. Nemojmo biti pesimisti, ali olak\u0161ajmo si koliko je to mogu\u0107e. Vlastita je proizvodnja, za one koji imaju mogu\u0107nost uzgoja doma\u0107e hrane, budu\u0107nost, barem dok se situacija na svjetskom tr\u017ei\u0161tu ne stabilizira, a oni koji nemaju komad zemlje koju \u0107e obra\u0111ivati moraju vi\u0161e voditi ra\u010duna o vlastitoj potro\u0161nji i planirati je &#8211; ka\u017ee Peto\u0161.<\/p>\n\n\n\n<p>Planiranje<\/p>\n\n\n\n<p>Prema njegovim rije\u010dima, te\u0161ko je bilo \u0161to prognozirati jer zavr\u0161etak rata nemogu\u0107e je predvidjeti. &#8211; Ovo nije klasi\u010dna ekonomska kriza u kojoj se mo\u017ee predvidjeti kada \u0107e se situacija popraviti. Moramo biti svjesni da u ovom trenutku nitko nije po\u0161te\u0111en i svi trpimo posljedice. Va\u017eno je planirati i pametno tro\u0161iti dok \u010dekamo neka bolja vremena &#8211; zaklju\u010dio je Peto\u0161 u razgovoru za Ve\u010dernji list.<\/p>\n\n\n\n<p>Izvor:vecernji.ba<\/p>\n","protected":false},"excerpt":{"rendered":"<p>Novo poskupljenje p\u0161enice, bra\u0161na, potro\u0161a\u010dka ko\u0161arica sve skuplja, mogu\u0107a nesta\u0161ica hrane koja bi prema najavama poljoprivrednika mogla eskalirati dolaskom zime\u2026 samo su neki od crnih scenarija o kojima \u010ditamo posljednjih nekoliko dana, pi\u0161e Ve\u010dernji list BiH. Kako pomo\u0107i? Naime, rast cijena proizvoda od bra\u0161na pekari opravdavaju rastom cijena na svjetskom tr\u017ei\u0161tu. &#8211; Poku\u0161avali smo kruh [&hellip;]<\/p>\n","protected":false},"author":2,"featured_media":140107,"comment_status":"closed","ping_status":"closed","sticky":false,"template":"","format":"standard","meta":{"h5ap_radio_sources":[],"footnotes":""},"categories":[1],"tags":[],"class_list":["post-144089","post","type-post","status-publish","format-standard","has-post-thumbnail","hentry","category-bihiregija"],"yoast_head":"<!-- This site is optimized with the Yoast SEO plugin v27.5 - https:\/\/yoast.com\/product\/yoast-seo-wordpress\/ -->\n<title>Nagomilavanjem namirnica stvara se umjetna kriza - RADIO LJUBU\u0160KI<\/title>\n<meta name=\"robots\" content=\"index, follow, max-snippet:-1, max-image-preview:large, max-video-preview:-1\" \/>\n<link rel=\"canonical\" href=\"https:\/\/radioljubuski.ba\/index.php\/2022\/05\/26\/nagomilavanjem-namirnica-stvara-se-umjetna-kriza\/\" \/>\n<meta property=\"og:locale\" content=\"hr_HR\" \/>\n<meta property=\"og:type\" content=\"article\" \/>\n<meta property=\"og:title\" content=\"Nagomilavanjem namirnica stvara se umjetna kriza - RADIO LJUBU\u0160KI\" \/>\n<meta property=\"og:description\" content=\"Novo poskupljenje p\u0161enice, bra\u0161na, potro\u0161a\u010dka ko\u0161arica sve skuplja, mogu\u0107a nesta\u0161ica hrane koja bi prema najavama poljoprivrednika mogla eskalirati dolaskom zime\u2026 samo su neki od crnih scenarija o kojima \u010ditamo posljednjih nekoliko dana, pi\u0161e Ve\u010dernji list BiH. Kako pomo\u0107i? Naime, rast cijena proizvoda od bra\u0161na pekari opravdavaju rastom cijena na svjetskom tr\u017ei\u0161tu. &#8211; Poku\u0161avali smo kruh [&hellip;]\" \/>\n<meta property=\"og:url\" content=\"https:\/\/radioljubuski.ba\/index.php\/2022\/05\/26\/nagomilavanjem-namirnica-stvara-se-umjetna-kriza\/\" \/>\n<meta property=\"og:site_name\" content=\"RADIO LJUBU\u0160KI\" \/>\n<meta property=\"article:publisher\" content=\"https:\/\/www.facebook.com\/Radiio-Ljubuski-1490835324566332\" \/>\n<meta property=\"article:published_time\" content=\"2022-05-26T09:28:45+00:00\" \/>\n<meta property=\"article:modified_time\" content=\"2022-05-26T09:28:46+00:00\" \/>\n<meta property=\"og:image\" content=\"https:\/\/radioljubuski.ba\/wp-content\/uploads\/2022\/05\/prodavnica.jpg\" \/>\n\t<meta property=\"og:image:width\" content=\"1000\" \/>\n\t<meta property=\"og:image:height\" content=\"625\" \/>\n\t<meta property=\"og:image:type\" content=\"image\/jpeg\" \/>\n<meta name=\"author\" content=\"Radio Ljubu\u0161ki\" \/>\n<meta name=\"twitter:card\" content=\"summary_large_image\" \/>\n<meta name=\"twitter:creator\" content=\"@radioljubuski\" \/>\n<meta name=\"twitter:site\" content=\"@radioljubuski\" \/>\n<meta name=\"twitter:label1\" content=\"Napisao\/la\" \/>\n\t<meta name=\"twitter:data1\" content=\"Radio Ljubu\u0161ki\" \/>\n\t<meta name=\"twitter:label2\" content=\"Procijenjeno vrijeme \u010ditanja\" \/>\n\t<meta name=\"twitter:data2\" content=\"3 minute\" \/>\n<script type=\"application\/ld+json\" class=\"yoast-schema-graph\">{\"@context\":\"https:\\\/\\\/schema.org\",\"@graph\":[{\"@type\":\"Article\",\"@id\":\"https:\\\/\\\/radioljubuski.ba\\\/index.php\\\/2022\\\/05\\\/26\\\/nagomilavanjem-namirnica-stvara-se-umjetna-kriza\\\/#article\",\"isPartOf\":{\"@id\":\"https:\\\/\\\/radioljubuski.ba\\\/index.php\\\/2022\\\/05\\\/26\\\/nagomilavanjem-namirnica-stvara-se-umjetna-kriza\\\/\"},\"author\":{\"name\":\"Radio Ljubu\u0161ki\",\"@id\":\"https:\\\/\\\/radioljubuski.ba\\\/#\\\/schema\\\/person\\\/19fc700381a780f69665d7956c469e3b\"},\"headline\":\"Nagomilavanjem namirnica stvara se umjetna kriza\",\"datePublished\":\"2022-05-26T09:28:45+00:00\",\"dateModified\":\"2022-05-26T09:28:46+00:00\",\"mainEntityOfPage\":{\"@id\":\"https:\\\/\\\/radioljubuski.ba\\\/index.php\\\/2022\\\/05\\\/26\\\/nagomilavanjem-namirnica-stvara-se-umjetna-kriza\\\/\"},\"wordCount\":739,\"publisher\":{\"@id\":\"https:\\\/\\\/radioljubuski.ba\\\/#organization\"},\"image\":{\"@id\":\"https:\\\/\\\/radioljubuski.ba\\\/index.php\\\/2022\\\/05\\\/26\\\/nagomilavanjem-namirnica-stvara-se-umjetna-kriza\\\/#primaryimage\"},\"thumbnailUrl\":\"https:\\\/\\\/radioljubuski.ba\\\/wp-content\\\/uploads\\\/2022\\\/05\\\/prodavnica.jpg\",\"articleSection\":[\"BIH i regija\"],\"inLanguage\":\"hr\"},{\"@type\":\"WebPage\",\"@id\":\"https:\\\/\\\/radioljubuski.ba\\\/index.php\\\/2022\\\/05\\\/26\\\/nagomilavanjem-namirnica-stvara-se-umjetna-kriza\\\/\",\"url\":\"https:\\\/\\\/radioljubuski.ba\\\/index.php\\\/2022\\\/05\\\/26\\\/nagomilavanjem-namirnica-stvara-se-umjetna-kriza\\\/\",\"name\":\"Nagomilavanjem namirnica stvara se umjetna kriza - RADIO LJUBU\u0160KI\",\"isPartOf\":{\"@id\":\"https:\\\/\\\/radioljubuski.ba\\\/#website\"},\"primaryImageOfPage\":{\"@id\":\"https:\\\/\\\/radioljubuski.ba\\\/index.php\\\/2022\\\/05\\\/26\\\/nagomilavanjem-namirnica-stvara-se-umjetna-kriza\\\/#primaryimage\"},\"image\":{\"@id\":\"https:\\\/\\\/radioljubuski.ba\\\/index.php\\\/2022\\\/05\\\/26\\\/nagomilavanjem-namirnica-stvara-se-umjetna-kriza\\\/#primaryimage\"},\"thumbnailUrl\":\"https:\\\/\\\/radioljubuski.ba\\\/wp-content\\\/uploads\\\/2022\\\/05\\\/prodavnica.jpg\",\"datePublished\":\"2022-05-26T09:28:45+00:00\",\"dateModified\":\"2022-05-26T09:28:46+00:00\",\"breadcrumb\":{\"@id\":\"https:\\\/\\\/radioljubuski.ba\\\/index.php\\\/2022\\\/05\\\/26\\\/nagomilavanjem-namirnica-stvara-se-umjetna-kriza\\\/#breadcrumb\"},\"inLanguage\":\"hr\",\"potentialAction\":[{\"@type\":\"ReadAction\",\"target\":[\"https:\\\/\\\/radioljubuski.ba\\\/index.php\\\/2022\\\/05\\\/26\\\/nagomilavanjem-namirnica-stvara-se-umjetna-kriza\\\/\"]}]},{\"@type\":\"ImageObject\",\"inLanguage\":\"hr\",\"@id\":\"https:\\\/\\\/radioljubuski.ba\\\/index.php\\\/2022\\\/05\\\/26\\\/nagomilavanjem-namirnica-stvara-se-umjetna-kriza\\\/#primaryimage\",\"url\":\"https:\\\/\\\/radioljubuski.ba\\\/wp-content\\\/uploads\\\/2022\\\/05\\\/prodavnica.jpg\",\"contentUrl\":\"https:\\\/\\\/radioljubuski.ba\\\/wp-content\\\/uploads\\\/2022\\\/05\\\/prodavnica.jpg\",\"width\":1000,\"height\":625},{\"@type\":\"BreadcrumbList\",\"@id\":\"https:\\\/\\\/radioljubuski.ba\\\/index.php\\\/2022\\\/05\\\/26\\\/nagomilavanjem-namirnica-stvara-se-umjetna-kriza\\\/#breadcrumb\",\"itemListElement\":[{\"@type\":\"ListItem\",\"position\":1,\"name\":\"Po\u010detna stranica\",\"item\":\"https:\\\/\\\/radioljubuski.ba\\\/\"},{\"@type\":\"ListItem\",\"position\":2,\"name\":\"Nagomilavanjem namirnica stvara se umjetna kriza\"}]},{\"@type\":\"WebSite\",\"@id\":\"https:\\\/\\\/radioljubuski.ba\\\/#website\",\"url\":\"https:\\\/\\\/radioljubuski.ba\\\/\",\"name\":\"Radio Ljubu\u0161ki\",\"description\":\"Sun\u010dana frekvencija Hercegovine\",\"publisher\":{\"@id\":\"https:\\\/\\\/radioljubuski.ba\\\/#organization\"},\"potentialAction\":[{\"@type\":\"SearchAction\",\"target\":{\"@type\":\"EntryPoint\",\"urlTemplate\":\"https:\\\/\\\/radioljubuski.ba\\\/?s={search_term_string}\"},\"query-input\":{\"@type\":\"PropertyValueSpecification\",\"valueRequired\":true,\"valueName\":\"search_term_string\"}}],\"inLanguage\":\"hr\"},{\"@type\":\"Organization\",\"@id\":\"https:\\\/\\\/radioljubuski.ba\\\/#organization\",\"name\":\"Radio Ljubu\u0161ki\",\"url\":\"https:\\\/\\\/radioljubuski.ba\\\/\",\"logo\":{\"@type\":\"ImageObject\",\"inLanguage\":\"hr\",\"@id\":\"https:\\\/\\\/radioljubuski.ba\\\/#\\\/schema\\\/logo\\\/image\\\/\",\"url\":\"https:\\\/\\\/radioljubuski.ba\\\/wp-content\\\/uploads\\\/2021\\\/02\\\/cropped-Radio_Ljubuski_logo1.jpg\",\"contentUrl\":\"https:\\\/\\\/radioljubuski.ba\\\/wp-content\\\/uploads\\\/2021\\\/02\\\/cropped-Radio_Ljubuski_logo1.jpg\",\"width\":512,\"height\":512,\"caption\":\"Radio Ljubu\u0161ki\"},\"image\":{\"@id\":\"https:\\\/\\\/radioljubuski.ba\\\/#\\\/schema\\\/logo\\\/image\\\/\"},\"sameAs\":[\"https:\\\/\\\/www.facebook.com\\\/Radiio-Ljubuski-1490835324566332\",\"https:\\\/\\\/x.com\\\/radioljubuski\",\"https:\\\/\\\/hr.linkedin.com\\\/company\\\/radio-ljubuski\",\"https:\\\/\\\/www.youtube.com\\\/channel\\\/UCHYaeO_n0Db3tjNGudGpXyw\"]},{\"@type\":\"Person\",\"@id\":\"https:\\\/\\\/radioljubuski.ba\\\/#\\\/schema\\\/person\\\/19fc700381a780f69665d7956c469e3b\",\"name\":\"Radio Ljubu\u0161ki\"}]}<\/script>\n<!-- \/ Yoast SEO plugin. -->","yoast_head_json":{"title":"Nagomilavanjem namirnica stvara se umjetna kriza - RADIO LJUBU\u0160KI","robots":{"index":"index","follow":"follow","max-snippet":"max-snippet:-1","max-image-preview":"max-image-preview:large","max-video-preview":"max-video-preview:-1"},"canonical":"https:\/\/radioljubuski.ba\/index.php\/2022\/05\/26\/nagomilavanjem-namirnica-stvara-se-umjetna-kriza\/","og_locale":"hr_HR","og_type":"article","og_title":"Nagomilavanjem namirnica stvara se umjetna kriza - RADIO LJUBU\u0160KI","og_description":"Novo poskupljenje p\u0161enice, bra\u0161na, potro\u0161a\u010dka ko\u0161arica sve skuplja, mogu\u0107a nesta\u0161ica hrane koja bi prema najavama poljoprivrednika mogla eskalirati dolaskom zime\u2026 samo su neki od crnih scenarija o kojima \u010ditamo posljednjih nekoliko dana, pi\u0161e Ve\u010dernji list BiH. Kako pomo\u0107i? Naime, rast cijena proizvoda od bra\u0161na pekari opravdavaju rastom cijena na svjetskom tr\u017ei\u0161tu. &#8211; Poku\u0161avali smo kruh [&hellip;]","og_url":"https:\/\/radioljubuski.ba\/index.php\/2022\/05\/26\/nagomilavanjem-namirnica-stvara-se-umjetna-kriza\/","og_site_name":"RADIO LJUBU\u0160KI","article_publisher":"https:\/\/www.facebook.com\/Radiio-Ljubuski-1490835324566332","article_published_time":"2022-05-26T09:28:45+00:00","article_modified_time":"2022-05-26T09:28:46+00:00","og_image":[{"width":1000,"height":625,"url":"https:\/\/radioljubuski.ba\/wp-content\/uploads\/2022\/05\/prodavnica.jpg","type":"image\/jpeg"}],"author":"Radio Ljubu\u0161ki","twitter_card":"summary_large_image","twitter_creator":"@radioljubuski","twitter_site":"@radioljubuski","twitter_misc":{"Napisao\/la":"Radio Ljubu\u0161ki","Procijenjeno vrijeme \u010ditanja":"3 minute"},"schema":{"@context":"https:\/\/schema.org","@graph":[{"@type":"Article","@id":"https:\/\/radioljubuski.ba\/index.php\/2022\/05\/26\/nagomilavanjem-namirnica-stvara-se-umjetna-kriza\/#article","isPartOf":{"@id":"https:\/\/radioljubuski.ba\/index.php\/2022\/05\/26\/nagomilavanjem-namirnica-stvara-se-umjetna-kriza\/"},"author":{"name":"Radio Ljubu\u0161ki","@id":"https:\/\/radioljubuski.ba\/#\/schema\/person\/19fc700381a780f69665d7956c469e3b"},"headline":"Nagomilavanjem namirnica stvara se umjetna kriza","datePublished":"2022-05-26T09:28:45+00:00","dateModified":"2022-05-26T09:28:46+00:00","mainEntityOfPage":{"@id":"https:\/\/radioljubuski.ba\/index.php\/2022\/05\/26\/nagomilavanjem-namirnica-stvara-se-umjetna-kriza\/"},"wordCount":739,"publisher":{"@id":"https:\/\/radioljubuski.ba\/#organization"},"image":{"@id":"https:\/\/radioljubuski.ba\/index.php\/2022\/05\/26\/nagomilavanjem-namirnica-stvara-se-umjetna-kriza\/#primaryimage"},"thumbnailUrl":"https:\/\/radioljubuski.ba\/wp-content\/uploads\/2022\/05\/prodavnica.jpg","articleSection":["BIH i regija"],"inLanguage":"hr"},{"@type":"WebPage","@id":"https:\/\/radioljubuski.ba\/index.php\/2022\/05\/26\/nagomilavanjem-namirnica-stvara-se-umjetna-kriza\/","url":"https:\/\/radioljubuski.ba\/index.php\/2022\/05\/26\/nagomilavanjem-namirnica-stvara-se-umjetna-kriza\/","name":"Nagomilavanjem namirnica stvara se umjetna kriza - RADIO LJUBU\u0160KI","isPartOf":{"@id":"https:\/\/radioljubuski.ba\/#website"},"primaryImageOfPage":{"@id":"https:\/\/radioljubuski.ba\/index.php\/2022\/05\/26\/nagomilavanjem-namirnica-stvara-se-umjetna-kriza\/#primaryimage"},"image":{"@id":"https:\/\/radioljubuski.ba\/index.php\/2022\/05\/26\/nagomilavanjem-namirnica-stvara-se-umjetna-kriza\/#primaryimage"},"thumbnailUrl":"https:\/\/radioljubuski.ba\/wp-content\/uploads\/2022\/05\/prodavnica.jpg","datePublished":"2022-05-26T09:28:45+00:00","dateModified":"2022-05-26T09:28:46+00:00","breadcrumb":{"@id":"https:\/\/radioljubuski.ba\/index.php\/2022\/05\/26\/nagomilavanjem-namirnica-stvara-se-umjetna-kriza\/#breadcrumb"},"inLanguage":"hr","potentialAction":[{"@type":"ReadAction","target":["https:\/\/radioljubuski.ba\/index.php\/2022\/05\/26\/nagomilavanjem-namirnica-stvara-se-umjetna-kriza\/"]}]},{"@type":"ImageObject","inLanguage":"hr","@id":"https:\/\/radioljubuski.ba\/index.php\/2022\/05\/26\/nagomilavanjem-namirnica-stvara-se-umjetna-kriza\/#primaryimage","url":"https:\/\/radioljubuski.ba\/wp-content\/uploads\/2022\/05\/prodavnica.jpg","contentUrl":"https:\/\/radioljubuski.ba\/wp-content\/uploads\/2022\/05\/prodavnica.jpg","width":1000,"height":625},{"@type":"BreadcrumbList","@id":"https:\/\/radioljubuski.ba\/index.php\/2022\/05\/26\/nagomilavanjem-namirnica-stvara-se-umjetna-kriza\/#breadcrumb","itemListElement":[{"@type":"ListItem","position":1,"name":"Po\u010detna stranica","item":"https:\/\/radioljubuski.ba\/"},{"@type":"ListItem","position":2,"name":"Nagomilavanjem namirnica stvara se umjetna kriza"}]},{"@type":"WebSite","@id":"https:\/\/radioljubuski.ba\/#website","url":"https:\/\/radioljubuski.ba\/","name":"Radio Ljubu\u0161ki","description":"Sun\u010dana frekvencija Hercegovine","publisher":{"@id":"https:\/\/radioljubuski.ba\/#organization"},"potentialAction":[{"@type":"SearchAction","target":{"@type":"EntryPoint","urlTemplate":"https:\/\/radioljubuski.ba\/?s={search_term_string}"},"query-input":{"@type":"PropertyValueSpecification","valueRequired":true,"valueName":"search_term_string"}}],"inLanguage":"hr"},{"@type":"Organization","@id":"https:\/\/radioljubuski.ba\/#organization","name":"Radio Ljubu\u0161ki","url":"https:\/\/radioljubuski.ba\/","logo":{"@type":"ImageObject","inLanguage":"hr","@id":"https:\/\/radioljubuski.ba\/#\/schema\/logo\/image\/","url":"https:\/\/radioljubuski.ba\/wp-content\/uploads\/2021\/02\/cropped-Radio_Ljubuski_logo1.jpg","contentUrl":"https:\/\/radioljubuski.ba\/wp-content\/uploads\/2021\/02\/cropped-Radio_Ljubuski_logo1.jpg","width":512,"height":512,"caption":"Radio Ljubu\u0161ki"},"image":{"@id":"https:\/\/radioljubuski.ba\/#\/schema\/logo\/image\/"},"sameAs":["https:\/\/www.facebook.com\/Radiio-Ljubuski-1490835324566332","https:\/\/x.com\/radioljubuski","https:\/\/hr.linkedin.com\/company\/radio-ljubuski","https:\/\/www.youtube.com\/channel\/UCHYaeO_n0Db3tjNGudGpXyw"]},{"@type":"Person","@id":"https:\/\/radioljubuski.ba\/#\/schema\/person\/19fc700381a780f69665d7956c469e3b","name":"Radio Ljubu\u0161ki"}]}},"_links":{"self":[{"href":"https:\/\/radioljubuski.ba\/index.php\/wp-json\/wp\/v2\/posts\/144089","targetHints":{"allow":["GET"]}}],"collection":[{"href":"https:\/\/radioljubuski.ba\/index.php\/wp-json\/wp\/v2\/posts"}],"about":[{"href":"https:\/\/radioljubuski.ba\/index.php\/wp-json\/wp\/v2\/types\/post"}],"author":[{"embeddable":true,"href":"https:\/\/radioljubuski.ba\/index.php\/wp-json\/wp\/v2\/users\/2"}],"replies":[{"embeddable":true,"href":"https:\/\/radioljubuski.ba\/index.php\/wp-json\/wp\/v2\/comments?post=144089"}],"version-history":[{"count":1,"href":"https:\/\/radioljubuski.ba\/index.php\/wp-json\/wp\/v2\/posts\/144089\/revisions"}],"predecessor-version":[{"id":144091,"href":"https:\/\/radioljubuski.ba\/index.php\/wp-json\/wp\/v2\/posts\/144089\/revisions\/144091"}],"wp:featuredmedia":[{"embeddable":true,"href":"https:\/\/radioljubuski.ba\/index.php\/wp-json\/wp\/v2\/media\/140107"}],"wp:attachment":[{"href":"https:\/\/radioljubuski.ba\/index.php\/wp-json\/wp\/v2\/media?parent=144089"}],"wp:term":[{"taxonomy":"category","embeddable":true,"href":"https:\/\/radioljubuski.ba\/index.php\/wp-json\/wp\/v2\/categories?post=144089"},{"taxonomy":"post_tag","embeddable":true,"href":"https:\/\/radioljubuski.ba\/index.php\/wp-json\/wp\/v2\/tags?post=144089"}],"curies":[{"name":"wp","href":"https:\/\/api.w.org\/{rel}","templated":true}]}}