{"id":144107,"date":"2022-05-26T10:36:39","date_gmt":"2022-05-26T09:36:39","guid":{"rendered":"https:\/\/radioljubuski.ba\/?p=144107"},"modified":"2022-05-26T10:36:40","modified_gmt":"2022-05-26T09:36:40","slug":"andrija-kresic-informacije-obecavaju-ceka-nas-bolja-sezona-od-posljednje-dvije-ali-ne-kao-ona-2019","status":"publish","type":"post","link":"https:\/\/radioljubuski.ba\/index.php\/2022\/05\/26\/andrija-kresic-informacije-obecavaju-ceka-nas-bolja-sezona-od-posljednje-dvije-ali-ne-kao-ona-2019\/","title":{"rendered":"Andrija Kre\u0161i\u0107: Informacije obe\u0107avaju, \u010deka nas bolja sezona od posljednje dvije, ali ne kao ona 2019."},"content":{"rendered":"\n<p>Turisti\u010dka sezona koja je pred nama trebala bi rezultirati boljim pokazateljima u odnosu na pro\u0161lu i pretpro\u0161lu ve\u0107im brojem dolazaka i no\u0107enja, a posljedi\u010dno i sna\u017enijim financijskim benefitima, no, na osnovi svih dostupnih podataka, kao i jo\u0161 uvijek prisutnim neizvjesnostima, ipak se ne\u0107e mo\u0107i dosegnuti rezultati zabilje\u017eeni 2019., pi\u0161e <a href=\"https:\/\/www.vecernji.ba\/vijesti\/informacije-obecavaju-ceka-nas-bolja-sezona-od-posljednje-dvije-ali-ne-kao-ona-2019-1589435\">Ve\u010dernji list BiH<\/a>.<\/p>\n\n\n\n<p>Turisti\u010dki radnici diljem BiH ovih se dana aktivno pripremaju za realizaciju pripremnih aktivnosti na kojima su radili u proteklom razdoblju, a posebno je u\u017eurbano u regiji Hercegovine, koja, tradicionalno, u ljetnim mjesecima privla\u010di najve\u0107i broj turista. Ono \u0161to je do sada zabilje\u017eeno u predsezoni otvara prostor velikom optimizmu i vra\u0107a nadu u oporavak turisti\u010dkog sektora. Andrija Kre\u0161i\u0107, ravnatelj Turisti\u010dke zajednice Hercegova\u010dko-neretvanske \u017eupanije, u razgovoru za Ve\u010dernji list isti\u010de kako su o\u010dekivanja velika i svi su mi\u0161ljenja kako bi sezona trebala biti dobra, a posebice u odnosu na prethodne dvije. Kada je rije\u010d o procjeni potencijalnih rezultata ove sezone u odnosu na one zabilje\u017eene tijekom 2019., Kre\u0161i\u0107 ka\u017ee kako se ipak ne\u0107e dosegnuti ta razina. &#8211; No dobro je da se situacija popravlja te da kre\u0107e naprijed. Naravno, tu su prisutni i neki vi\u0161i \u010dimbenici jer ne znamo \u0161to \u0107e biti s pandemijom, tu je i rat u Ukrajini, a nije dobra ni odluka za europske i druge dr\u017eavljane, odnosno taj re\u017eim na granici koji bi trebalo mijenjati &#8211; upozorio je Kre\u0161i\u0107. Predla\u017ee stoga ukidanje potvrda koje su i dalje na snazi pri ulasku u BiH, osim za dr\u017eavljane susjednih zemalja &#8211; Hrvatske, Srbije i Crne Gore. Uputio je i apel nadle\u017enima u Vije\u0107u ministara BiH kako bi se olak\u0161ao ulazak u Bosnu i Hercegovinu. &#8211; Mislim kako bi to umnogome pridonijelo ve\u0107em broju dolazaka na prostor Bosne i Hercegovine, a samim time i na prostor na\u0161e \u017eupanije &#8211; kazao je Kre\u0161i\u0107.&nbsp;<\/p>\n\n\n\n<p>Regija Hercegovine sa svojim iznimnim turisti\u010dkim potencijalima ima i mogu\u0107nosti ostvarivanja suradnje s dalmatinskim \u017eupanijama u susjednoj Republici Hrvatskoj, a napose projektima me\u0111ugrani\u010dne suradnje. Na turizam se pritom gleda kao na ekonomsku granu koja, poglavito u zale\u0111u, ima mogu\u0107nost sna\u017enijeg razvoja, a samim time i podizanja standarda u nizu lokalnih zajednica na jugu Hercegovine. Ovoga tjedna u Ravnom su predstavnici Hercegova\u010dko-neretvanske \u017eupanije imali produktivan sastanak s kolegama iz Dubrova\u010dko-neretvanske \u017eupanije, predvo\u0111enim \u017eupanom Nikolom Dobroslavi\u0107em i njegovim bliskim suradnicima, uz kojega su bili i \u010delnici \u017eupanijske skup\u0161tine DN\u017d-a, kao i prijateljskih gradova Dubrovnika i \u017dupe Dubrova\u010dke.<\/p>\n\n\n\n<p>Izvor:vecernji.ba<\/p>\n","protected":false},"excerpt":{"rendered":"<p>Turisti\u010dka sezona koja je pred nama trebala bi rezultirati boljim pokazateljima u odnosu na pro\u0161lu i pretpro\u0161lu ve\u0107im brojem dolazaka i no\u0107enja, a posljedi\u010dno i sna\u017enijim financijskim benefitima, no, na osnovi svih dostupnih podataka, kao i jo\u0161 uvijek prisutnim neizvjesnostima, ipak se ne\u0107e mo\u0107i dosegnuti rezultati zabilje\u017eeni 2019., pi\u0161e Ve\u010dernji list BiH. Turisti\u010dki radnici diljem [&hellip;]<\/p>\n","protected":false},"author":2,"featured_media":42816,"comment_status":"closed","ping_status":"closed","sticky":false,"template":"","format":"standard","meta":{"h5ap_radio_sources":[],"footnotes":""},"categories":[1],"tags":[],"class_list":["post-144107","post","type-post","status-publish","format-standard","has-post-thumbnail","hentry","category-bihiregija"],"yoast_head":"<!-- This site is optimized with the Yoast SEO plugin v27.5 - https:\/\/yoast.com\/product\/yoast-seo-wordpress\/ -->\n<title>Andrija Kre\u0161i\u0107: Informacije obe\u0107avaju, \u010deka nas bolja sezona od posljednje dvije, ali ne kao ona 2019. - RADIO LJUBU\u0160KI<\/title>\n<meta name=\"robots\" content=\"index, follow, max-snippet:-1, max-image-preview:large, max-video-preview:-1\" \/>\n<link rel=\"canonical\" href=\"https:\/\/radioljubuski.ba\/index.php\/2022\/05\/26\/andrija-kresic-informacije-obecavaju-ceka-nas-bolja-sezona-od-posljednje-dvije-ali-ne-kao-ona-2019\/\" \/>\n<meta property=\"og:locale\" content=\"hr_HR\" \/>\n<meta property=\"og:type\" content=\"article\" \/>\n<meta property=\"og:title\" content=\"Andrija Kre\u0161i\u0107: Informacije obe\u0107avaju, \u010deka nas bolja sezona od posljednje dvije, ali ne kao ona 2019. - RADIO LJUBU\u0160KI\" \/>\n<meta property=\"og:description\" content=\"Turisti\u010dka sezona koja je pred nama trebala bi rezultirati boljim pokazateljima u odnosu na pro\u0161lu i pretpro\u0161lu ve\u0107im brojem dolazaka i no\u0107enja, a posljedi\u010dno i sna\u017enijim financijskim benefitima, no, na osnovi svih dostupnih podataka, kao i jo\u0161 uvijek prisutnim neizvjesnostima, ipak se ne\u0107e mo\u0107i dosegnuti rezultati zabilje\u017eeni 2019., pi\u0161e Ve\u010dernji list BiH. Turisti\u010dki radnici diljem [&hellip;]\" \/>\n<meta property=\"og:url\" content=\"https:\/\/radioljubuski.ba\/index.php\/2022\/05\/26\/andrija-kresic-informacije-obecavaju-ceka-nas-bolja-sezona-od-posljednje-dvije-ali-ne-kao-ona-2019\/\" \/>\n<meta property=\"og:site_name\" content=\"RADIO LJUBU\u0160KI\" \/>\n<meta property=\"article:publisher\" content=\"https:\/\/www.facebook.com\/Radiio-Ljubuski-1490835324566332\" \/>\n<meta property=\"article:published_time\" content=\"2022-05-26T09:36:39+00:00\" \/>\n<meta property=\"article:modified_time\" content=\"2022-05-26T09:36:40+00:00\" \/>\n<meta property=\"og:image\" content=\"https:\/\/radioljubuski.ba\/wp-content\/uploads\/2021\/07\/DrAnUCQ8_neum.jpg\" \/>\n\t<meta property=\"og:image:width\" content=\"1000\" \/>\n\t<meta property=\"og:image:height\" content=\"625\" \/>\n\t<meta property=\"og:image:type\" content=\"image\/jpeg\" \/>\n<meta name=\"author\" content=\"Radio Ljubu\u0161ki\" \/>\n<meta name=\"twitter:card\" content=\"summary_large_image\" \/>\n<meta name=\"twitter:creator\" content=\"@radioljubuski\" \/>\n<meta name=\"twitter:site\" content=\"@radioljubuski\" \/>\n<meta name=\"twitter:label1\" content=\"Napisao\/la\" \/>\n\t<meta name=\"twitter:data1\" content=\"Radio Ljubu\u0161ki\" \/>\n\t<meta name=\"twitter:label2\" content=\"Procijenjeno vrijeme \u010ditanja\" \/>\n\t<meta name=\"twitter:data2\" content=\"2 minute\" \/>\n<script type=\"application\/ld+json\" class=\"yoast-schema-graph\">{\"@context\":\"https:\\\/\\\/schema.org\",\"@graph\":[{\"@type\":\"Article\",\"@id\":\"https:\\\/\\\/radioljubuski.ba\\\/index.php\\\/2022\\\/05\\\/26\\\/andrija-kresic-informacije-obecavaju-ceka-nas-bolja-sezona-od-posljednje-dvije-ali-ne-kao-ona-2019\\\/#article\",\"isPartOf\":{\"@id\":\"https:\\\/\\\/radioljubuski.ba\\\/index.php\\\/2022\\\/05\\\/26\\\/andrija-kresic-informacije-obecavaju-ceka-nas-bolja-sezona-od-posljednje-dvije-ali-ne-kao-ona-2019\\\/\"},\"author\":{\"name\":\"Radio Ljubu\u0161ki\",\"@id\":\"https:\\\/\\\/radioljubuski.ba\\\/#\\\/schema\\\/person\\\/19fc700381a780f69665d7956c469e3b\"},\"headline\":\"Andrija Kre\u0161i\u0107: Informacije obe\u0107avaju, \u010deka nas bolja sezona od posljednje dvije, ali ne kao ona 2019.\",\"datePublished\":\"2022-05-26T09:36:39+00:00\",\"dateModified\":\"2022-05-26T09:36:40+00:00\",\"mainEntityOfPage\":{\"@id\":\"https:\\\/\\\/radioljubuski.ba\\\/index.php\\\/2022\\\/05\\\/26\\\/andrija-kresic-informacije-obecavaju-ceka-nas-bolja-sezona-od-posljednje-dvije-ali-ne-kao-ona-2019\\\/\"},\"wordCount\":464,\"publisher\":{\"@id\":\"https:\\\/\\\/radioljubuski.ba\\\/#organization\"},\"image\":{\"@id\":\"https:\\\/\\\/radioljubuski.ba\\\/index.php\\\/2022\\\/05\\\/26\\\/andrija-kresic-informacije-obecavaju-ceka-nas-bolja-sezona-od-posljednje-dvije-ali-ne-kao-ona-2019\\\/#primaryimage\"},\"thumbnailUrl\":\"https:\\\/\\\/radioljubuski.ba\\\/wp-content\\\/uploads\\\/2021\\\/07\\\/DrAnUCQ8_neum.jpg\",\"articleSection\":[\"BIH i regija\"],\"inLanguage\":\"hr\"},{\"@type\":\"WebPage\",\"@id\":\"https:\\\/\\\/radioljubuski.ba\\\/index.php\\\/2022\\\/05\\\/26\\\/andrija-kresic-informacije-obecavaju-ceka-nas-bolja-sezona-od-posljednje-dvije-ali-ne-kao-ona-2019\\\/\",\"url\":\"https:\\\/\\\/radioljubuski.ba\\\/index.php\\\/2022\\\/05\\\/26\\\/andrija-kresic-informacije-obecavaju-ceka-nas-bolja-sezona-od-posljednje-dvije-ali-ne-kao-ona-2019\\\/\",\"name\":\"Andrija Kre\u0161i\u0107: Informacije obe\u0107avaju, \u010deka nas bolja sezona od posljednje dvije, ali ne kao ona 2019. - RADIO LJUBU\u0160KI\",\"isPartOf\":{\"@id\":\"https:\\\/\\\/radioljubuski.ba\\\/#website\"},\"primaryImageOfPage\":{\"@id\":\"https:\\\/\\\/radioljubuski.ba\\\/index.php\\\/2022\\\/05\\\/26\\\/andrija-kresic-informacije-obecavaju-ceka-nas-bolja-sezona-od-posljednje-dvije-ali-ne-kao-ona-2019\\\/#primaryimage\"},\"image\":{\"@id\":\"https:\\\/\\\/radioljubuski.ba\\\/index.php\\\/2022\\\/05\\\/26\\\/andrija-kresic-informacije-obecavaju-ceka-nas-bolja-sezona-od-posljednje-dvije-ali-ne-kao-ona-2019\\\/#primaryimage\"},\"thumbnailUrl\":\"https:\\\/\\\/radioljubuski.ba\\\/wp-content\\\/uploads\\\/2021\\\/07\\\/DrAnUCQ8_neum.jpg\",\"datePublished\":\"2022-05-26T09:36:39+00:00\",\"dateModified\":\"2022-05-26T09:36:40+00:00\",\"breadcrumb\":{\"@id\":\"https:\\\/\\\/radioljubuski.ba\\\/index.php\\\/2022\\\/05\\\/26\\\/andrija-kresic-informacije-obecavaju-ceka-nas-bolja-sezona-od-posljednje-dvije-ali-ne-kao-ona-2019\\\/#breadcrumb\"},\"inLanguage\":\"hr\",\"potentialAction\":[{\"@type\":\"ReadAction\",\"target\":[\"https:\\\/\\\/radioljubuski.ba\\\/index.php\\\/2022\\\/05\\\/26\\\/andrija-kresic-informacije-obecavaju-ceka-nas-bolja-sezona-od-posljednje-dvije-ali-ne-kao-ona-2019\\\/\"]}]},{\"@type\":\"ImageObject\",\"inLanguage\":\"hr\",\"@id\":\"https:\\\/\\\/radioljubuski.ba\\\/index.php\\\/2022\\\/05\\\/26\\\/andrija-kresic-informacije-obecavaju-ceka-nas-bolja-sezona-od-posljednje-dvije-ali-ne-kao-ona-2019\\\/#primaryimage\",\"url\":\"https:\\\/\\\/radioljubuski.ba\\\/wp-content\\\/uploads\\\/2021\\\/07\\\/DrAnUCQ8_neum.jpg\",\"contentUrl\":\"https:\\\/\\\/radioljubuski.ba\\\/wp-content\\\/uploads\\\/2021\\\/07\\\/DrAnUCQ8_neum.jpg\",\"width\":1000,\"height\":625},{\"@type\":\"BreadcrumbList\",\"@id\":\"https:\\\/\\\/radioljubuski.ba\\\/index.php\\\/2022\\\/05\\\/26\\\/andrija-kresic-informacije-obecavaju-ceka-nas-bolja-sezona-od-posljednje-dvije-ali-ne-kao-ona-2019\\\/#breadcrumb\",\"itemListElement\":[{\"@type\":\"ListItem\",\"position\":1,\"name\":\"Po\u010detna stranica\",\"item\":\"https:\\\/\\\/radioljubuski.ba\\\/\"},{\"@type\":\"ListItem\",\"position\":2,\"name\":\"Andrija Kre\u0161i\u0107: Informacije obe\u0107avaju, \u010deka nas bolja sezona od posljednje dvije, ali ne kao ona 2019.\"}]},{\"@type\":\"WebSite\",\"@id\":\"https:\\\/\\\/radioljubuski.ba\\\/#website\",\"url\":\"https:\\\/\\\/radioljubuski.ba\\\/\",\"name\":\"Radio Ljubu\u0161ki\",\"description\":\"Sun\u010dana frekvencija Hercegovine\",\"publisher\":{\"@id\":\"https:\\\/\\\/radioljubuski.ba\\\/#organization\"},\"potentialAction\":[{\"@type\":\"SearchAction\",\"target\":{\"@type\":\"EntryPoint\",\"urlTemplate\":\"https:\\\/\\\/radioljubuski.ba\\\/?s={search_term_string}\"},\"query-input\":{\"@type\":\"PropertyValueSpecification\",\"valueRequired\":true,\"valueName\":\"search_term_string\"}}],\"inLanguage\":\"hr\"},{\"@type\":\"Organization\",\"@id\":\"https:\\\/\\\/radioljubuski.ba\\\/#organization\",\"name\":\"Radio Ljubu\u0161ki\",\"url\":\"https:\\\/\\\/radioljubuski.ba\\\/\",\"logo\":{\"@type\":\"ImageObject\",\"inLanguage\":\"hr\",\"@id\":\"https:\\\/\\\/radioljubuski.ba\\\/#\\\/schema\\\/logo\\\/image\\\/\",\"url\":\"https:\\\/\\\/radioljubuski.ba\\\/wp-content\\\/uploads\\\/2021\\\/02\\\/cropped-Radio_Ljubuski_logo1.jpg\",\"contentUrl\":\"https:\\\/\\\/radioljubuski.ba\\\/wp-content\\\/uploads\\\/2021\\\/02\\\/cropped-Radio_Ljubuski_logo1.jpg\",\"width\":512,\"height\":512,\"caption\":\"Radio Ljubu\u0161ki\"},\"image\":{\"@id\":\"https:\\\/\\\/radioljubuski.ba\\\/#\\\/schema\\\/logo\\\/image\\\/\"},\"sameAs\":[\"https:\\\/\\\/www.facebook.com\\\/Radiio-Ljubuski-1490835324566332\",\"https:\\\/\\\/x.com\\\/radioljubuski\",\"https:\\\/\\\/hr.linkedin.com\\\/company\\\/radio-ljubuski\",\"https:\\\/\\\/www.youtube.com\\\/channel\\\/UCHYaeO_n0Db3tjNGudGpXyw\"]},{\"@type\":\"Person\",\"@id\":\"https:\\\/\\\/radioljubuski.ba\\\/#\\\/schema\\\/person\\\/19fc700381a780f69665d7956c469e3b\",\"name\":\"Radio Ljubu\u0161ki\"}]}<\/script>\n<!-- \/ Yoast SEO plugin. -->","yoast_head_json":{"title":"Andrija Kre\u0161i\u0107: Informacije obe\u0107avaju, \u010deka nas bolja sezona od posljednje dvije, ali ne kao ona 2019. - RADIO LJUBU\u0160KI","robots":{"index":"index","follow":"follow","max-snippet":"max-snippet:-1","max-image-preview":"max-image-preview:large","max-video-preview":"max-video-preview:-1"},"canonical":"https:\/\/radioljubuski.ba\/index.php\/2022\/05\/26\/andrija-kresic-informacije-obecavaju-ceka-nas-bolja-sezona-od-posljednje-dvije-ali-ne-kao-ona-2019\/","og_locale":"hr_HR","og_type":"article","og_title":"Andrija Kre\u0161i\u0107: Informacije obe\u0107avaju, \u010deka nas bolja sezona od posljednje dvije, ali ne kao ona 2019. - RADIO LJUBU\u0160KI","og_description":"Turisti\u010dka sezona koja je pred nama trebala bi rezultirati boljim pokazateljima u odnosu na pro\u0161lu i pretpro\u0161lu ve\u0107im brojem dolazaka i no\u0107enja, a posljedi\u010dno i sna\u017enijim financijskim benefitima, no, na osnovi svih dostupnih podataka, kao i jo\u0161 uvijek prisutnim neizvjesnostima, ipak se ne\u0107e mo\u0107i dosegnuti rezultati zabilje\u017eeni 2019., pi\u0161e Ve\u010dernji list BiH. Turisti\u010dki radnici diljem [&hellip;]","og_url":"https:\/\/radioljubuski.ba\/index.php\/2022\/05\/26\/andrija-kresic-informacije-obecavaju-ceka-nas-bolja-sezona-od-posljednje-dvije-ali-ne-kao-ona-2019\/","og_site_name":"RADIO LJUBU\u0160KI","article_publisher":"https:\/\/www.facebook.com\/Radiio-Ljubuski-1490835324566332","article_published_time":"2022-05-26T09:36:39+00:00","article_modified_time":"2022-05-26T09:36:40+00:00","og_image":[{"width":1000,"height":625,"url":"https:\/\/radioljubuski.ba\/wp-content\/uploads\/2021\/07\/DrAnUCQ8_neum.jpg","type":"image\/jpeg"}],"author":"Radio Ljubu\u0161ki","twitter_card":"summary_large_image","twitter_creator":"@radioljubuski","twitter_site":"@radioljubuski","twitter_misc":{"Napisao\/la":"Radio Ljubu\u0161ki","Procijenjeno vrijeme \u010ditanja":"2 minute"},"schema":{"@context":"https:\/\/schema.org","@graph":[{"@type":"Article","@id":"https:\/\/radioljubuski.ba\/index.php\/2022\/05\/26\/andrija-kresic-informacije-obecavaju-ceka-nas-bolja-sezona-od-posljednje-dvije-ali-ne-kao-ona-2019\/#article","isPartOf":{"@id":"https:\/\/radioljubuski.ba\/index.php\/2022\/05\/26\/andrija-kresic-informacije-obecavaju-ceka-nas-bolja-sezona-od-posljednje-dvije-ali-ne-kao-ona-2019\/"},"author":{"name":"Radio Ljubu\u0161ki","@id":"https:\/\/radioljubuski.ba\/#\/schema\/person\/19fc700381a780f69665d7956c469e3b"},"headline":"Andrija Kre\u0161i\u0107: Informacije obe\u0107avaju, \u010deka nas bolja sezona od posljednje dvije, ali ne kao ona 2019.","datePublished":"2022-05-26T09:36:39+00:00","dateModified":"2022-05-26T09:36:40+00:00","mainEntityOfPage":{"@id":"https:\/\/radioljubuski.ba\/index.php\/2022\/05\/26\/andrija-kresic-informacije-obecavaju-ceka-nas-bolja-sezona-od-posljednje-dvije-ali-ne-kao-ona-2019\/"},"wordCount":464,"publisher":{"@id":"https:\/\/radioljubuski.ba\/#organization"},"image":{"@id":"https:\/\/radioljubuski.ba\/index.php\/2022\/05\/26\/andrija-kresic-informacije-obecavaju-ceka-nas-bolja-sezona-od-posljednje-dvije-ali-ne-kao-ona-2019\/#primaryimage"},"thumbnailUrl":"https:\/\/radioljubuski.ba\/wp-content\/uploads\/2021\/07\/DrAnUCQ8_neum.jpg","articleSection":["BIH i regija"],"inLanguage":"hr"},{"@type":"WebPage","@id":"https:\/\/radioljubuski.ba\/index.php\/2022\/05\/26\/andrija-kresic-informacije-obecavaju-ceka-nas-bolja-sezona-od-posljednje-dvije-ali-ne-kao-ona-2019\/","url":"https:\/\/radioljubuski.ba\/index.php\/2022\/05\/26\/andrija-kresic-informacije-obecavaju-ceka-nas-bolja-sezona-od-posljednje-dvije-ali-ne-kao-ona-2019\/","name":"Andrija Kre\u0161i\u0107: Informacije obe\u0107avaju, \u010deka nas bolja sezona od posljednje dvije, ali ne kao ona 2019. - RADIO LJUBU\u0160KI","isPartOf":{"@id":"https:\/\/radioljubuski.ba\/#website"},"primaryImageOfPage":{"@id":"https:\/\/radioljubuski.ba\/index.php\/2022\/05\/26\/andrija-kresic-informacije-obecavaju-ceka-nas-bolja-sezona-od-posljednje-dvije-ali-ne-kao-ona-2019\/#primaryimage"},"image":{"@id":"https:\/\/radioljubuski.ba\/index.php\/2022\/05\/26\/andrija-kresic-informacije-obecavaju-ceka-nas-bolja-sezona-od-posljednje-dvije-ali-ne-kao-ona-2019\/#primaryimage"},"thumbnailUrl":"https:\/\/radioljubuski.ba\/wp-content\/uploads\/2021\/07\/DrAnUCQ8_neum.jpg","datePublished":"2022-05-26T09:36:39+00:00","dateModified":"2022-05-26T09:36:40+00:00","breadcrumb":{"@id":"https:\/\/radioljubuski.ba\/index.php\/2022\/05\/26\/andrija-kresic-informacije-obecavaju-ceka-nas-bolja-sezona-od-posljednje-dvije-ali-ne-kao-ona-2019\/#breadcrumb"},"inLanguage":"hr","potentialAction":[{"@type":"ReadAction","target":["https:\/\/radioljubuski.ba\/index.php\/2022\/05\/26\/andrija-kresic-informacije-obecavaju-ceka-nas-bolja-sezona-od-posljednje-dvije-ali-ne-kao-ona-2019\/"]}]},{"@type":"ImageObject","inLanguage":"hr","@id":"https:\/\/radioljubuski.ba\/index.php\/2022\/05\/26\/andrija-kresic-informacije-obecavaju-ceka-nas-bolja-sezona-od-posljednje-dvije-ali-ne-kao-ona-2019\/#primaryimage","url":"https:\/\/radioljubuski.ba\/wp-content\/uploads\/2021\/07\/DrAnUCQ8_neum.jpg","contentUrl":"https:\/\/radioljubuski.ba\/wp-content\/uploads\/2021\/07\/DrAnUCQ8_neum.jpg","width":1000,"height":625},{"@type":"BreadcrumbList","@id":"https:\/\/radioljubuski.ba\/index.php\/2022\/05\/26\/andrija-kresic-informacije-obecavaju-ceka-nas-bolja-sezona-od-posljednje-dvije-ali-ne-kao-ona-2019\/#breadcrumb","itemListElement":[{"@type":"ListItem","position":1,"name":"Po\u010detna stranica","item":"https:\/\/radioljubuski.ba\/"},{"@type":"ListItem","position":2,"name":"Andrija Kre\u0161i\u0107: Informacije obe\u0107avaju, \u010deka nas bolja sezona od posljednje dvije, ali ne kao ona 2019."}]},{"@type":"WebSite","@id":"https:\/\/radioljubuski.ba\/#website","url":"https:\/\/radioljubuski.ba\/","name":"Radio Ljubu\u0161ki","description":"Sun\u010dana frekvencija Hercegovine","publisher":{"@id":"https:\/\/radioljubuski.ba\/#organization"},"potentialAction":[{"@type":"SearchAction","target":{"@type":"EntryPoint","urlTemplate":"https:\/\/radioljubuski.ba\/?s={search_term_string}"},"query-input":{"@type":"PropertyValueSpecification","valueRequired":true,"valueName":"search_term_string"}}],"inLanguage":"hr"},{"@type":"Organization","@id":"https:\/\/radioljubuski.ba\/#organization","name":"Radio Ljubu\u0161ki","url":"https:\/\/radioljubuski.ba\/","logo":{"@type":"ImageObject","inLanguage":"hr","@id":"https:\/\/radioljubuski.ba\/#\/schema\/logo\/image\/","url":"https:\/\/radioljubuski.ba\/wp-content\/uploads\/2021\/02\/cropped-Radio_Ljubuski_logo1.jpg","contentUrl":"https:\/\/radioljubuski.ba\/wp-content\/uploads\/2021\/02\/cropped-Radio_Ljubuski_logo1.jpg","width":512,"height":512,"caption":"Radio Ljubu\u0161ki"},"image":{"@id":"https:\/\/radioljubuski.ba\/#\/schema\/logo\/image\/"},"sameAs":["https:\/\/www.facebook.com\/Radiio-Ljubuski-1490835324566332","https:\/\/x.com\/radioljubuski","https:\/\/hr.linkedin.com\/company\/radio-ljubuski","https:\/\/www.youtube.com\/channel\/UCHYaeO_n0Db3tjNGudGpXyw"]},{"@type":"Person","@id":"https:\/\/radioljubuski.ba\/#\/schema\/person\/19fc700381a780f69665d7956c469e3b","name":"Radio Ljubu\u0161ki"}]}},"_links":{"self":[{"href":"https:\/\/radioljubuski.ba\/index.php\/wp-json\/wp\/v2\/posts\/144107","targetHints":{"allow":["GET"]}}],"collection":[{"href":"https:\/\/radioljubuski.ba\/index.php\/wp-json\/wp\/v2\/posts"}],"about":[{"href":"https:\/\/radioljubuski.ba\/index.php\/wp-json\/wp\/v2\/types\/post"}],"author":[{"embeddable":true,"href":"https:\/\/radioljubuski.ba\/index.php\/wp-json\/wp\/v2\/users\/2"}],"replies":[{"embeddable":true,"href":"https:\/\/radioljubuski.ba\/index.php\/wp-json\/wp\/v2\/comments?post=144107"}],"version-history":[{"count":1,"href":"https:\/\/radioljubuski.ba\/index.php\/wp-json\/wp\/v2\/posts\/144107\/revisions"}],"predecessor-version":[{"id":144110,"href":"https:\/\/radioljubuski.ba\/index.php\/wp-json\/wp\/v2\/posts\/144107\/revisions\/144110"}],"wp:featuredmedia":[{"embeddable":true,"href":"https:\/\/radioljubuski.ba\/index.php\/wp-json\/wp\/v2\/media\/42816"}],"wp:attachment":[{"href":"https:\/\/radioljubuski.ba\/index.php\/wp-json\/wp\/v2\/media?parent=144107"}],"wp:term":[{"taxonomy":"category","embeddable":true,"href":"https:\/\/radioljubuski.ba\/index.php\/wp-json\/wp\/v2\/categories?post=144107"},{"taxonomy":"post_tag","embeddable":true,"href":"https:\/\/radioljubuski.ba\/index.php\/wp-json\/wp\/v2\/tags?post=144107"}],"curies":[{"name":"wp","href":"https:\/\/api.w.org\/{rel}","templated":true}]}}