{"id":144113,"date":"2022-05-26T10:39:45","date_gmt":"2022-05-26T09:39:45","guid":{"rendered":"https:\/\/radioljubuski.ba\/?p=144113"},"modified":"2022-05-26T10:39:45","modified_gmt":"2022-05-26T09:39:45","slug":"velika-drama-kod-severodonjecka-britanci-tvrde-ruske-elitne-jedinice-nizu-teske-gubitke","status":"publish","type":"post","link":"https:\/\/radioljubuski.ba\/index.php\/2022\/05\/26\/velika-drama-kod-severodonjecka-britanci-tvrde-ruske-elitne-jedinice-nizu-teske-gubitke\/","title":{"rendered":"Velika drama kod Severodonjecka; Britanci tvrde: \u2018Ruske elitne jedinice ni\u017eu te\u0161ke gubitke\u2018"},"content":{"rendered":"\n<p>Luganski du\u017enosnik Rodion Miro\u0161nik u \u010detvrtak je novinskoj agenciji Tass rekao da se u Donjeckoj Narodnoj Republici i Luganskoj Narodnoj Republici trenutno nalazi oko 8000 ukrajinskih ratnih zarobljenika.<\/p>\n\n\n\n<p>&#8211; Mnogo je zarobljenika. Naravno, ve\u0107ina ih se nalazi na teritoriju Donjecke Narodne Republike, me\u0111utim i mi ih imamo dosta. Ukupno ih je negdje oko 8000. To je mnogo, a svaki dan ih stigne po stotinu novih &#8211; rekao je Miro\u0161nik.<\/p>\n\n\n\n<p>Prema pisanju novinske agencije RIA Novosti, zamjenik premijera Krimske vlade Georgij Muradov rekao je da je &#8220;Ukrajina zauvijek izgubila Azovsko more&#8221; te da luke u Hersonskoj i Zapori\u017ejanskoj oblasti &#8220;nikad vi\u0161e ne\u0107e biti ukrajinske&#8221;.<\/p>\n\n\n\n<p>&#8211; Siguran sam da \u0107e Azovsko more nakon \u0161to se na\u0161e regije ponovno pripoje Rusiji ponovno postati epikontinentalno more Ruske Federacije &#8211; rekao je Muradov.<\/p>\n\n\n\n<p>RIA Novosti pi\u0161u da je proruski du\u017enosnik u Zapori\u017ejanskoj oblasti Vladimir Rogov rekao da ta oblasti i Hersonska oblast nikada ne\u0107e biti vra\u0107ene Ukrajini.<\/p>\n\n\n\n<p>Sna\u017ean ukrajinski otpor i nesposobnost ruskih zapovjednika doveli su do zna\u010dajnih gubitaka u mnogim elitnim ruskih jedinicama, stoji u najnovijem izvje\u0161taju britanskog ministarstva obrane.<\/p>\n\n\n\n<p>Britanci su posebno istaknuli poraze ruske elitne zra\u010dno-desantne jedinice (VDV) koji su od po\u010detka rata nizali te\u0161ke gubitke. Sve je po\u010delo s porazom u bitci za aerodrom Hostomel, a nedavno su do\u017eivjeli debakl i na rijeci kod Severodonjeck.<\/p>\n\n\n\n<p>S druge strane, ukrajinska vojska je objavila da je Rusija napala vi\u0161e od 40 gradova u Donbasu i Lugansku.<\/p>\n\n\n\n<p>&#8211; Uni\u0161tili su 47 civilna objekta, \u010dak 38 \u0161kola. Najmanje pet osoba je poginulo &#8211; stoji u priop\u0107enju.<\/p>\n\n\n\n<p>Najdramati\u010dnija situacija je kod Severodonjecka. Guverner oblasti Lugansk, Sergej Gaidai, rekao je da su ruske postrojbe uni\u0161tile sve osim jednog mosta i grad je u opasnosti da bude potpuno odsje\u010den.<\/p>\n\n\n\n<p>Ako Rusi osvoje taj klju\u010dan grad, to \u0107e zna\u010diti da imaju cijelu regiju Lugansk pod svojom kontrolom.<\/p>\n\n\n\n<p>Izvor:pogled.ba<\/p>\n","protected":false},"excerpt":{"rendered":"<p>Luganski du\u017enosnik Rodion Miro\u0161nik u \u010detvrtak je novinskoj agenciji Tass rekao da se u Donjeckoj Narodnoj Republici i Luganskoj Narodnoj Republici trenutno nalazi oko 8000 ukrajinskih ratnih zarobljenika. &#8211; Mnogo je zarobljenika. Naravno, ve\u0107ina ih se nalazi na teritoriju Donjecke Narodne Republike, me\u0111utim i mi ih imamo dosta. Ukupno ih je negdje oko 8000. To [&hellip;]<\/p>\n","protected":false},"author":2,"featured_media":143925,"comment_status":"closed","ping_status":"closed","sticky":false,"template":"","format":"standard","meta":{"h5ap_radio_sources":[],"footnotes":""},"categories":[1],"tags":[],"class_list":["post-144113","post","type-post","status-publish","format-standard","has-post-thumbnail","hentry","category-bihiregija"],"yoast_head":"<!-- This site is optimized with the Yoast SEO plugin v27.5 - https:\/\/yoast.com\/product\/yoast-seo-wordpress\/ -->\n<title>Velika drama kod Severodonjecka; Britanci tvrde: \u2018Ruske elitne jedinice ni\u017eu te\u0161ke gubitke\u2018 - RADIO LJUBU\u0160KI<\/title>\n<meta name=\"robots\" content=\"index, follow, max-snippet:-1, max-image-preview:large, max-video-preview:-1\" \/>\n<link rel=\"canonical\" href=\"https:\/\/radioljubuski.ba\/index.php\/2022\/05\/26\/velika-drama-kod-severodonjecka-britanci-tvrde-ruske-elitne-jedinice-nizu-teske-gubitke\/\" \/>\n<meta property=\"og:locale\" content=\"hr_HR\" \/>\n<meta property=\"og:type\" content=\"article\" \/>\n<meta property=\"og:title\" content=\"Velika drama kod Severodonjecka; Britanci tvrde: \u2018Ruske elitne jedinice ni\u017eu te\u0161ke gubitke\u2018 - RADIO LJUBU\u0160KI\" \/>\n<meta property=\"og:description\" content=\"Luganski du\u017enosnik Rodion Miro\u0161nik u \u010detvrtak je novinskoj agenciji Tass rekao da se u Donjeckoj Narodnoj Republici i Luganskoj Narodnoj Republici trenutno nalazi oko 8000 ukrajinskih ratnih zarobljenika. &#8211; Mnogo je zarobljenika. Naravno, ve\u0107ina ih se nalazi na teritoriju Donjecke Narodne Republike, me\u0111utim i mi ih imamo dosta. Ukupno ih je negdje oko 8000. To [&hellip;]\" \/>\n<meta property=\"og:url\" content=\"https:\/\/radioljubuski.ba\/index.php\/2022\/05\/26\/velika-drama-kod-severodonjecka-britanci-tvrde-ruske-elitne-jedinice-nizu-teske-gubitke\/\" \/>\n<meta property=\"og:site_name\" content=\"RADIO LJUBU\u0160KI\" \/>\n<meta property=\"article:publisher\" content=\"https:\/\/www.facebook.com\/Radiio-Ljubuski-1490835324566332\" \/>\n<meta property=\"article:published_time\" content=\"2022-05-26T09:39:45+00:00\" \/>\n<meta property=\"og:image\" content=\"https:\/\/radioljubuski.ba\/wp-content\/uploads\/2022\/05\/sjevernodonjeck.jpg\" \/>\n\t<meta property=\"og:image:width\" content=\"1024\" \/>\n\t<meta property=\"og:image:height\" content=\"683\" \/>\n\t<meta property=\"og:image:type\" content=\"image\/jpeg\" \/>\n<meta name=\"author\" content=\"Radio Ljubu\u0161ki\" \/>\n<meta name=\"twitter:card\" content=\"summary_large_image\" \/>\n<meta name=\"twitter:creator\" content=\"@radioljubuski\" \/>\n<meta name=\"twitter:site\" content=\"@radioljubuski\" \/>\n<meta name=\"twitter:label1\" content=\"Napisao\/la\" \/>\n\t<meta name=\"twitter:data1\" content=\"Radio Ljubu\u0161ki\" \/>\n\t<meta name=\"twitter:label2\" content=\"Procijenjeno vrijeme \u010ditanja\" \/>\n\t<meta name=\"twitter:data2\" content=\"2 minute\" \/>\n<script type=\"application\/ld+json\" class=\"yoast-schema-graph\">{\"@context\":\"https:\\\/\\\/schema.org\",\"@graph\":[{\"@type\":\"Article\",\"@id\":\"https:\\\/\\\/radioljubuski.ba\\\/index.php\\\/2022\\\/05\\\/26\\\/velika-drama-kod-severodonjecka-britanci-tvrde-ruske-elitne-jedinice-nizu-teske-gubitke\\\/#article\",\"isPartOf\":{\"@id\":\"https:\\\/\\\/radioljubuski.ba\\\/index.php\\\/2022\\\/05\\\/26\\\/velika-drama-kod-severodonjecka-britanci-tvrde-ruske-elitne-jedinice-nizu-teske-gubitke\\\/\"},\"author\":{\"name\":\"Radio Ljubu\u0161ki\",\"@id\":\"https:\\\/\\\/radioljubuski.ba\\\/#\\\/schema\\\/person\\\/19fc700381a780f69665d7956c469e3b\"},\"headline\":\"Velika drama kod Severodonjecka; Britanci tvrde: \u2018Ruske elitne jedinice ni\u017eu te\u0161ke gubitke\u2018\",\"datePublished\":\"2022-05-26T09:39:45+00:00\",\"mainEntityOfPage\":{\"@id\":\"https:\\\/\\\/radioljubuski.ba\\\/index.php\\\/2022\\\/05\\\/26\\\/velika-drama-kod-severodonjecka-britanci-tvrde-ruske-elitne-jedinice-nizu-teske-gubitke\\\/\"},\"wordCount\":340,\"publisher\":{\"@id\":\"https:\\\/\\\/radioljubuski.ba\\\/#organization\"},\"image\":{\"@id\":\"https:\\\/\\\/radioljubuski.ba\\\/index.php\\\/2022\\\/05\\\/26\\\/velika-drama-kod-severodonjecka-britanci-tvrde-ruske-elitne-jedinice-nizu-teske-gubitke\\\/#primaryimage\"},\"thumbnailUrl\":\"https:\\\/\\\/radioljubuski.ba\\\/wp-content\\\/uploads\\\/2022\\\/05\\\/sjevernodonjeck.jpg\",\"articleSection\":[\"BIH i regija\"],\"inLanguage\":\"hr\"},{\"@type\":\"WebPage\",\"@id\":\"https:\\\/\\\/radioljubuski.ba\\\/index.php\\\/2022\\\/05\\\/26\\\/velika-drama-kod-severodonjecka-britanci-tvrde-ruske-elitne-jedinice-nizu-teske-gubitke\\\/\",\"url\":\"https:\\\/\\\/radioljubuski.ba\\\/index.php\\\/2022\\\/05\\\/26\\\/velika-drama-kod-severodonjecka-britanci-tvrde-ruske-elitne-jedinice-nizu-teske-gubitke\\\/\",\"name\":\"Velika drama kod Severodonjecka; Britanci tvrde: \u2018Ruske elitne jedinice ni\u017eu te\u0161ke gubitke\u2018 - RADIO LJUBU\u0160KI\",\"isPartOf\":{\"@id\":\"https:\\\/\\\/radioljubuski.ba\\\/#website\"},\"primaryImageOfPage\":{\"@id\":\"https:\\\/\\\/radioljubuski.ba\\\/index.php\\\/2022\\\/05\\\/26\\\/velika-drama-kod-severodonjecka-britanci-tvrde-ruske-elitne-jedinice-nizu-teske-gubitke\\\/#primaryimage\"},\"image\":{\"@id\":\"https:\\\/\\\/radioljubuski.ba\\\/index.php\\\/2022\\\/05\\\/26\\\/velika-drama-kod-severodonjecka-britanci-tvrde-ruske-elitne-jedinice-nizu-teske-gubitke\\\/#primaryimage\"},\"thumbnailUrl\":\"https:\\\/\\\/radioljubuski.ba\\\/wp-content\\\/uploads\\\/2022\\\/05\\\/sjevernodonjeck.jpg\",\"datePublished\":\"2022-05-26T09:39:45+00:00\",\"breadcrumb\":{\"@id\":\"https:\\\/\\\/radioljubuski.ba\\\/index.php\\\/2022\\\/05\\\/26\\\/velika-drama-kod-severodonjecka-britanci-tvrde-ruske-elitne-jedinice-nizu-teske-gubitke\\\/#breadcrumb\"},\"inLanguage\":\"hr\",\"potentialAction\":[{\"@type\":\"ReadAction\",\"target\":[\"https:\\\/\\\/radioljubuski.ba\\\/index.php\\\/2022\\\/05\\\/26\\\/velika-drama-kod-severodonjecka-britanci-tvrde-ruske-elitne-jedinice-nizu-teske-gubitke\\\/\"]}]},{\"@type\":\"ImageObject\",\"inLanguage\":\"hr\",\"@id\":\"https:\\\/\\\/radioljubuski.ba\\\/index.php\\\/2022\\\/05\\\/26\\\/velika-drama-kod-severodonjecka-britanci-tvrde-ruske-elitne-jedinice-nizu-teske-gubitke\\\/#primaryimage\",\"url\":\"https:\\\/\\\/radioljubuski.ba\\\/wp-content\\\/uploads\\\/2022\\\/05\\\/sjevernodonjeck.jpg\",\"contentUrl\":\"https:\\\/\\\/radioljubuski.ba\\\/wp-content\\\/uploads\\\/2022\\\/05\\\/sjevernodonjeck.jpg\",\"width\":1024,\"height\":683},{\"@type\":\"BreadcrumbList\",\"@id\":\"https:\\\/\\\/radioljubuski.ba\\\/index.php\\\/2022\\\/05\\\/26\\\/velika-drama-kod-severodonjecka-britanci-tvrde-ruske-elitne-jedinice-nizu-teske-gubitke\\\/#breadcrumb\",\"itemListElement\":[{\"@type\":\"ListItem\",\"position\":1,\"name\":\"Po\u010detna stranica\",\"item\":\"https:\\\/\\\/radioljubuski.ba\\\/\"},{\"@type\":\"ListItem\",\"position\":2,\"name\":\"Velika drama kod Severodonjecka; Britanci tvrde: \u2018Ruske elitne jedinice ni\u017eu te\u0161ke gubitke\u2018\"}]},{\"@type\":\"WebSite\",\"@id\":\"https:\\\/\\\/radioljubuski.ba\\\/#website\",\"url\":\"https:\\\/\\\/radioljubuski.ba\\\/\",\"name\":\"Radio Ljubu\u0161ki\",\"description\":\"Sun\u010dana frekvencija Hercegovine\",\"publisher\":{\"@id\":\"https:\\\/\\\/radioljubuski.ba\\\/#organization\"},\"potentialAction\":[{\"@type\":\"SearchAction\",\"target\":{\"@type\":\"EntryPoint\",\"urlTemplate\":\"https:\\\/\\\/radioljubuski.ba\\\/?s={search_term_string}\"},\"query-input\":{\"@type\":\"PropertyValueSpecification\",\"valueRequired\":true,\"valueName\":\"search_term_string\"}}],\"inLanguage\":\"hr\"},{\"@type\":\"Organization\",\"@id\":\"https:\\\/\\\/radioljubuski.ba\\\/#organization\",\"name\":\"Radio Ljubu\u0161ki\",\"url\":\"https:\\\/\\\/radioljubuski.ba\\\/\",\"logo\":{\"@type\":\"ImageObject\",\"inLanguage\":\"hr\",\"@id\":\"https:\\\/\\\/radioljubuski.ba\\\/#\\\/schema\\\/logo\\\/image\\\/\",\"url\":\"https:\\\/\\\/radioljubuski.ba\\\/wp-content\\\/uploads\\\/2021\\\/02\\\/cropped-Radio_Ljubuski_logo1.jpg\",\"contentUrl\":\"https:\\\/\\\/radioljubuski.ba\\\/wp-content\\\/uploads\\\/2021\\\/02\\\/cropped-Radio_Ljubuski_logo1.jpg\",\"width\":512,\"height\":512,\"caption\":\"Radio Ljubu\u0161ki\"},\"image\":{\"@id\":\"https:\\\/\\\/radioljubuski.ba\\\/#\\\/schema\\\/logo\\\/image\\\/\"},\"sameAs\":[\"https:\\\/\\\/www.facebook.com\\\/Radiio-Ljubuski-1490835324566332\",\"https:\\\/\\\/x.com\\\/radioljubuski\",\"https:\\\/\\\/hr.linkedin.com\\\/company\\\/radio-ljubuski\",\"https:\\\/\\\/www.youtube.com\\\/channel\\\/UCHYaeO_n0Db3tjNGudGpXyw\"]},{\"@type\":\"Person\",\"@id\":\"https:\\\/\\\/radioljubuski.ba\\\/#\\\/schema\\\/person\\\/19fc700381a780f69665d7956c469e3b\",\"name\":\"Radio Ljubu\u0161ki\"}]}<\/script>\n<!-- \/ Yoast SEO plugin. -->","yoast_head_json":{"title":"Velika drama kod Severodonjecka; Britanci tvrde: \u2018Ruske elitne jedinice ni\u017eu te\u0161ke gubitke\u2018 - RADIO LJUBU\u0160KI","robots":{"index":"index","follow":"follow","max-snippet":"max-snippet:-1","max-image-preview":"max-image-preview:large","max-video-preview":"max-video-preview:-1"},"canonical":"https:\/\/radioljubuski.ba\/index.php\/2022\/05\/26\/velika-drama-kod-severodonjecka-britanci-tvrde-ruske-elitne-jedinice-nizu-teske-gubitke\/","og_locale":"hr_HR","og_type":"article","og_title":"Velika drama kod Severodonjecka; Britanci tvrde: \u2018Ruske elitne jedinice ni\u017eu te\u0161ke gubitke\u2018 - RADIO LJUBU\u0160KI","og_description":"Luganski du\u017enosnik Rodion Miro\u0161nik u \u010detvrtak je novinskoj agenciji Tass rekao da se u Donjeckoj Narodnoj Republici i Luganskoj Narodnoj Republici trenutno nalazi oko 8000 ukrajinskih ratnih zarobljenika. &#8211; Mnogo je zarobljenika. Naravno, ve\u0107ina ih se nalazi na teritoriju Donjecke Narodne Republike, me\u0111utim i mi ih imamo dosta. Ukupno ih je negdje oko 8000. To [&hellip;]","og_url":"https:\/\/radioljubuski.ba\/index.php\/2022\/05\/26\/velika-drama-kod-severodonjecka-britanci-tvrde-ruske-elitne-jedinice-nizu-teske-gubitke\/","og_site_name":"RADIO LJUBU\u0160KI","article_publisher":"https:\/\/www.facebook.com\/Radiio-Ljubuski-1490835324566332","article_published_time":"2022-05-26T09:39:45+00:00","og_image":[{"width":1024,"height":683,"url":"https:\/\/radioljubuski.ba\/wp-content\/uploads\/2022\/05\/sjevernodonjeck.jpg","type":"image\/jpeg"}],"author":"Radio Ljubu\u0161ki","twitter_card":"summary_large_image","twitter_creator":"@radioljubuski","twitter_site":"@radioljubuski","twitter_misc":{"Napisao\/la":"Radio Ljubu\u0161ki","Procijenjeno vrijeme \u010ditanja":"2 minute"},"schema":{"@context":"https:\/\/schema.org","@graph":[{"@type":"Article","@id":"https:\/\/radioljubuski.ba\/index.php\/2022\/05\/26\/velika-drama-kod-severodonjecka-britanci-tvrde-ruske-elitne-jedinice-nizu-teske-gubitke\/#article","isPartOf":{"@id":"https:\/\/radioljubuski.ba\/index.php\/2022\/05\/26\/velika-drama-kod-severodonjecka-britanci-tvrde-ruske-elitne-jedinice-nizu-teske-gubitke\/"},"author":{"name":"Radio Ljubu\u0161ki","@id":"https:\/\/radioljubuski.ba\/#\/schema\/person\/19fc700381a780f69665d7956c469e3b"},"headline":"Velika drama kod Severodonjecka; Britanci tvrde: \u2018Ruske elitne jedinice ni\u017eu te\u0161ke gubitke\u2018","datePublished":"2022-05-26T09:39:45+00:00","mainEntityOfPage":{"@id":"https:\/\/radioljubuski.ba\/index.php\/2022\/05\/26\/velika-drama-kod-severodonjecka-britanci-tvrde-ruske-elitne-jedinice-nizu-teske-gubitke\/"},"wordCount":340,"publisher":{"@id":"https:\/\/radioljubuski.ba\/#organization"},"image":{"@id":"https:\/\/radioljubuski.ba\/index.php\/2022\/05\/26\/velika-drama-kod-severodonjecka-britanci-tvrde-ruske-elitne-jedinice-nizu-teske-gubitke\/#primaryimage"},"thumbnailUrl":"https:\/\/radioljubuski.ba\/wp-content\/uploads\/2022\/05\/sjevernodonjeck.jpg","articleSection":["BIH i regija"],"inLanguage":"hr"},{"@type":"WebPage","@id":"https:\/\/radioljubuski.ba\/index.php\/2022\/05\/26\/velika-drama-kod-severodonjecka-britanci-tvrde-ruske-elitne-jedinice-nizu-teske-gubitke\/","url":"https:\/\/radioljubuski.ba\/index.php\/2022\/05\/26\/velika-drama-kod-severodonjecka-britanci-tvrde-ruske-elitne-jedinice-nizu-teske-gubitke\/","name":"Velika drama kod Severodonjecka; Britanci tvrde: \u2018Ruske elitne jedinice ni\u017eu te\u0161ke gubitke\u2018 - RADIO LJUBU\u0160KI","isPartOf":{"@id":"https:\/\/radioljubuski.ba\/#website"},"primaryImageOfPage":{"@id":"https:\/\/radioljubuski.ba\/index.php\/2022\/05\/26\/velika-drama-kod-severodonjecka-britanci-tvrde-ruske-elitne-jedinice-nizu-teske-gubitke\/#primaryimage"},"image":{"@id":"https:\/\/radioljubuski.ba\/index.php\/2022\/05\/26\/velika-drama-kod-severodonjecka-britanci-tvrde-ruske-elitne-jedinice-nizu-teske-gubitke\/#primaryimage"},"thumbnailUrl":"https:\/\/radioljubuski.ba\/wp-content\/uploads\/2022\/05\/sjevernodonjeck.jpg","datePublished":"2022-05-26T09:39:45+00:00","breadcrumb":{"@id":"https:\/\/radioljubuski.ba\/index.php\/2022\/05\/26\/velika-drama-kod-severodonjecka-britanci-tvrde-ruske-elitne-jedinice-nizu-teske-gubitke\/#breadcrumb"},"inLanguage":"hr","potentialAction":[{"@type":"ReadAction","target":["https:\/\/radioljubuski.ba\/index.php\/2022\/05\/26\/velika-drama-kod-severodonjecka-britanci-tvrde-ruske-elitne-jedinice-nizu-teske-gubitke\/"]}]},{"@type":"ImageObject","inLanguage":"hr","@id":"https:\/\/radioljubuski.ba\/index.php\/2022\/05\/26\/velika-drama-kod-severodonjecka-britanci-tvrde-ruske-elitne-jedinice-nizu-teske-gubitke\/#primaryimage","url":"https:\/\/radioljubuski.ba\/wp-content\/uploads\/2022\/05\/sjevernodonjeck.jpg","contentUrl":"https:\/\/radioljubuski.ba\/wp-content\/uploads\/2022\/05\/sjevernodonjeck.jpg","width":1024,"height":683},{"@type":"BreadcrumbList","@id":"https:\/\/radioljubuski.ba\/index.php\/2022\/05\/26\/velika-drama-kod-severodonjecka-britanci-tvrde-ruske-elitne-jedinice-nizu-teske-gubitke\/#breadcrumb","itemListElement":[{"@type":"ListItem","position":1,"name":"Po\u010detna stranica","item":"https:\/\/radioljubuski.ba\/"},{"@type":"ListItem","position":2,"name":"Velika drama kod Severodonjecka; Britanci tvrde: \u2018Ruske elitne jedinice ni\u017eu te\u0161ke gubitke\u2018"}]},{"@type":"WebSite","@id":"https:\/\/radioljubuski.ba\/#website","url":"https:\/\/radioljubuski.ba\/","name":"Radio Ljubu\u0161ki","description":"Sun\u010dana frekvencija Hercegovine","publisher":{"@id":"https:\/\/radioljubuski.ba\/#organization"},"potentialAction":[{"@type":"SearchAction","target":{"@type":"EntryPoint","urlTemplate":"https:\/\/radioljubuski.ba\/?s={search_term_string}"},"query-input":{"@type":"PropertyValueSpecification","valueRequired":true,"valueName":"search_term_string"}}],"inLanguage":"hr"},{"@type":"Organization","@id":"https:\/\/radioljubuski.ba\/#organization","name":"Radio Ljubu\u0161ki","url":"https:\/\/radioljubuski.ba\/","logo":{"@type":"ImageObject","inLanguage":"hr","@id":"https:\/\/radioljubuski.ba\/#\/schema\/logo\/image\/","url":"https:\/\/radioljubuski.ba\/wp-content\/uploads\/2021\/02\/cropped-Radio_Ljubuski_logo1.jpg","contentUrl":"https:\/\/radioljubuski.ba\/wp-content\/uploads\/2021\/02\/cropped-Radio_Ljubuski_logo1.jpg","width":512,"height":512,"caption":"Radio Ljubu\u0161ki"},"image":{"@id":"https:\/\/radioljubuski.ba\/#\/schema\/logo\/image\/"},"sameAs":["https:\/\/www.facebook.com\/Radiio-Ljubuski-1490835324566332","https:\/\/x.com\/radioljubuski","https:\/\/hr.linkedin.com\/company\/radio-ljubuski","https:\/\/www.youtube.com\/channel\/UCHYaeO_n0Db3tjNGudGpXyw"]},{"@type":"Person","@id":"https:\/\/radioljubuski.ba\/#\/schema\/person\/19fc700381a780f69665d7956c469e3b","name":"Radio Ljubu\u0161ki"}]}},"_links":{"self":[{"href":"https:\/\/radioljubuski.ba\/index.php\/wp-json\/wp\/v2\/posts\/144113","targetHints":{"allow":["GET"]}}],"collection":[{"href":"https:\/\/radioljubuski.ba\/index.php\/wp-json\/wp\/v2\/posts"}],"about":[{"href":"https:\/\/radioljubuski.ba\/index.php\/wp-json\/wp\/v2\/types\/post"}],"author":[{"embeddable":true,"href":"https:\/\/radioljubuski.ba\/index.php\/wp-json\/wp\/v2\/users\/2"}],"replies":[{"embeddable":true,"href":"https:\/\/radioljubuski.ba\/index.php\/wp-json\/wp\/v2\/comments?post=144113"}],"version-history":[{"count":1,"href":"https:\/\/radioljubuski.ba\/index.php\/wp-json\/wp\/v2\/posts\/144113\/revisions"}],"predecessor-version":[{"id":144115,"href":"https:\/\/radioljubuski.ba\/index.php\/wp-json\/wp\/v2\/posts\/144113\/revisions\/144115"}],"wp:featuredmedia":[{"embeddable":true,"href":"https:\/\/radioljubuski.ba\/index.php\/wp-json\/wp\/v2\/media\/143925"}],"wp:attachment":[{"href":"https:\/\/radioljubuski.ba\/index.php\/wp-json\/wp\/v2\/media?parent=144113"}],"wp:term":[{"taxonomy":"category","embeddable":true,"href":"https:\/\/radioljubuski.ba\/index.php\/wp-json\/wp\/v2\/categories?post=144113"},{"taxonomy":"post_tag","embeddable":true,"href":"https:\/\/radioljubuski.ba\/index.php\/wp-json\/wp\/v2\/tags?post=144113"}],"curies":[{"name":"wp","href":"https:\/\/api.w.org\/{rel}","templated":true}]}}