{"id":144114,"date":"2022-05-26T10:40:12","date_gmt":"2022-05-26T09:40:12","guid":{"rendered":"https:\/\/radioljubuski.ba\/?p=144114"},"modified":"2022-05-26T10:40:31","modified_gmt":"2022-05-26T09:40:31","slug":"hercegovacka-opcina-mijenja-ime-naziv-citluk-odlazi-u-povijest","status":"publish","type":"post","link":"https:\/\/radioljubuski.ba\/index.php\/2022\/05\/26\/hercegovacka-opcina-mijenja-ime-naziv-citluk-odlazi-u-povijest\/","title":{"rendered":"Hercegova\u010dka op\u0107ina mijenja ime! Naziv \u010citluk odlazi u povijest?"},"content":{"rendered":"\n<p>Hercegova\u010dka op\u0107ina \u010citluk uskoro bi mogla promijeniti ime u Brotnjo, kako se zvala\u00a0prije \u010dak 716 godina. Tim \u010dinom kona\u010dno bi bila realizirana inicijativa koja u\u00a0tom hercegova\u010dkom kraju postoji\u00a0jo\u0161 od 90-tih godina, pi\u0161e\u00a0<a href=\"https:\/\/www.klix.ba\/vijesti\/bih\/opcina-citluk-mijenja-ime-u-brotnjo-kako-se-zvala-prije-716-godina\/220524110?utm_medium=Status&amp;utm_source=Facebook&amp;utm_content=220524110&amp;utm_campaign=Klix.ba+Facebook+status&amp;fbclid=IwAR1QO0xqYxR3qI4F6KlizHxV-qvupmueRCB9P2WVquCMJWsocVBLhqmcfoI#l3l961347ajxjserh3\" target=\"_blank\" rel=\"noreferrer noopener\">Klix.ba<\/a>.<\/p>\n\n\n\n<p>Inicijativa za primjenu imena \u010citluku pojavljivala vi\u0161e puta od devedesetih godina pro\u0161log stolje\u0107a do danas, ali nikad nije realizirana,\u00a0iako\u00a0mje\u0161tani tog podneblja u \u017eargonu \u010citluk zovu Brotnjom ve\u0107 dugo vremena.<\/p>\n\n\n\n<p>Inicijativu je potvrdio\u00a0i na\u010delnik te hercegova\u010dke op\u0107ine\u00a0<strong>Marin Radi\u0161i\u0107\u00a0<\/strong>koji je\u00a0Ve\u010dernjem listu rekao da su ve\u0107 utvrdili proceduru koju je potrebno napraviti i da vjeruje\u00a0kako \u0107e uskoro u to i krenuti.<\/p>\n\n\n\n<p>Op\u0107ina \u010citluk je smje\u0161tena u Hercegova\u010dko-neretvanskoj \u017eupaniji, a osnovana je 1955. godine sa sjedi\u0161tem u \u010citluku. Dan Op\u0107ine ustanovljen poslije prvih demokratskih&nbsp;izbora&nbsp;i slavi se 24. svibnja kada se prvi put spominj&nbsp;ime Brotnjo.<\/p>\n\n\n\n<p>\u010citluk je isto\u00a0tako\u00a0jedna od prostorno manjih op\u0107ina u BiH na povr\u0161ini od 181 kilometara kvadratnih i prema zadnjem popisu stanovni\u0161tva iz 2013. godine ima 18.140 stanovnika.<\/p>\n\n\n\n<p><strong>Izvor: Vecernji.ba<\/strong><\/p>\n","protected":false},"excerpt":{"rendered":"<p>Hercegova\u010dka op\u0107ina \u010citluk uskoro bi mogla promijeniti ime u Brotnjo, kako se zvala\u00a0prije \u010dak 716 godina. Tim \u010dinom kona\u010dno bi bila realizirana inicijativa koja u\u00a0tom hercegova\u010dkom kraju postoji\u00a0jo\u0161 od 90-tih godina, pi\u0161e\u00a0Klix.ba. Inicijativa za primjenu imena \u010citluku pojavljivala vi\u0161e puta od devedesetih godina pro\u0161log stolje\u0107a do danas, ali nikad nije realizirana,\u00a0iako\u00a0mje\u0161tani tog podneblja u \u017eargonu [&hellip;]<\/p>\n","protected":false},"author":2,"featured_media":106678,"comment_status":"closed","ping_status":"closed","sticky":false,"template":"","format":"standard","meta":{"h5ap_radio_sources":[],"footnotes":""},"categories":[1],"tags":[],"class_list":["post-144114","post","type-post","status-publish","format-standard","has-post-thumbnail","hentry","category-bihiregija"],"yoast_head":"<!-- This site is optimized with the Yoast SEO plugin v27.5 - https:\/\/yoast.com\/product\/yoast-seo-wordpress\/ -->\n<title>Hercegova\u010dka op\u0107ina mijenja ime! Naziv \u010citluk odlazi u povijest? - RADIO LJUBU\u0160KI<\/title>\n<meta name=\"robots\" content=\"index, follow, max-snippet:-1, max-image-preview:large, max-video-preview:-1\" \/>\n<link rel=\"canonical\" href=\"https:\/\/radioljubuski.ba\/index.php\/2022\/05\/26\/hercegovacka-opcina-mijenja-ime-naziv-citluk-odlazi-u-povijest\/\" \/>\n<meta property=\"og:locale\" content=\"hr_HR\" \/>\n<meta property=\"og:type\" content=\"article\" \/>\n<meta property=\"og:title\" content=\"Hercegova\u010dka op\u0107ina mijenja ime! Naziv \u010citluk odlazi u povijest? - RADIO LJUBU\u0160KI\" \/>\n<meta property=\"og:description\" content=\"Hercegova\u010dka op\u0107ina \u010citluk uskoro bi mogla promijeniti ime u Brotnjo, kako se zvala\u00a0prije \u010dak 716 godina. Tim \u010dinom kona\u010dno bi bila realizirana inicijativa koja u\u00a0tom hercegova\u010dkom kraju postoji\u00a0jo\u0161 od 90-tih godina, pi\u0161e\u00a0Klix.ba. Inicijativa za primjenu imena \u010citluku pojavljivala vi\u0161e puta od devedesetih godina pro\u0161log stolje\u0107a do danas, ali nikad nije realizirana,\u00a0iako\u00a0mje\u0161tani tog podneblja u \u017eargonu [&hellip;]\" \/>\n<meta property=\"og:url\" content=\"https:\/\/radioljubuski.ba\/index.php\/2022\/05\/26\/hercegovacka-opcina-mijenja-ime-naziv-citluk-odlazi-u-povijest\/\" \/>\n<meta property=\"og:site_name\" content=\"RADIO LJUBU\u0160KI\" \/>\n<meta property=\"article:publisher\" content=\"https:\/\/www.facebook.com\/Radiio-Ljubuski-1490835324566332\" \/>\n<meta property=\"article:published_time\" content=\"2022-05-26T09:40:12+00:00\" \/>\n<meta property=\"article:modified_time\" content=\"2022-05-26T09:40:31+00:00\" \/>\n<meta property=\"og:image\" content=\"https:\/\/radioljubuski.ba\/wp-content\/uploads\/2022\/01\/8-2022-01-12-08-44-11-CITLUK.jpg\" \/>\n\t<meta property=\"og:image:width\" content=\"1000\" \/>\n\t<meta property=\"og:image:height\" content=\"625\" \/>\n\t<meta property=\"og:image:type\" content=\"image\/jpeg\" \/>\n<meta name=\"author\" content=\"Radio Ljubu\u0161ki\" \/>\n<meta name=\"twitter:card\" content=\"summary_large_image\" \/>\n<meta name=\"twitter:creator\" content=\"@radioljubuski\" \/>\n<meta name=\"twitter:site\" content=\"@radioljubuski\" \/>\n<meta name=\"twitter:label1\" content=\"Napisao\/la\" \/>\n\t<meta name=\"twitter:data1\" content=\"Radio Ljubu\u0161ki\" \/>\n\t<meta name=\"twitter:label2\" content=\"Procijenjeno vrijeme \u010ditanja\" \/>\n\t<meta name=\"twitter:data2\" content=\"1 minuta\" \/>\n<script type=\"application\/ld+json\" class=\"yoast-schema-graph\">{\"@context\":\"https:\\\/\\\/schema.org\",\"@graph\":[{\"@type\":\"Article\",\"@id\":\"https:\\\/\\\/radioljubuski.ba\\\/index.php\\\/2022\\\/05\\\/26\\\/hercegovacka-opcina-mijenja-ime-naziv-citluk-odlazi-u-povijest\\\/#article\",\"isPartOf\":{\"@id\":\"https:\\\/\\\/radioljubuski.ba\\\/index.php\\\/2022\\\/05\\\/26\\\/hercegovacka-opcina-mijenja-ime-naziv-citluk-odlazi-u-povijest\\\/\"},\"author\":{\"name\":\"Radio Ljubu\u0161ki\",\"@id\":\"https:\\\/\\\/radioljubuski.ba\\\/#\\\/schema\\\/person\\\/19fc700381a780f69665d7956c469e3b\"},\"headline\":\"Hercegova\u010dka op\u0107ina mijenja ime! Naziv \u010citluk odlazi u povijest?\",\"datePublished\":\"2022-05-26T09:40:12+00:00\",\"dateModified\":\"2022-05-26T09:40:31+00:00\",\"mainEntityOfPage\":{\"@id\":\"https:\\\/\\\/radioljubuski.ba\\\/index.php\\\/2022\\\/05\\\/26\\\/hercegovacka-opcina-mijenja-ime-naziv-citluk-odlazi-u-povijest\\\/\"},\"wordCount\":198,\"publisher\":{\"@id\":\"https:\\\/\\\/radioljubuski.ba\\\/#organization\"},\"image\":{\"@id\":\"https:\\\/\\\/radioljubuski.ba\\\/index.php\\\/2022\\\/05\\\/26\\\/hercegovacka-opcina-mijenja-ime-naziv-citluk-odlazi-u-povijest\\\/#primaryimage\"},\"thumbnailUrl\":\"https:\\\/\\\/radioljubuski.ba\\\/wp-content\\\/uploads\\\/2022\\\/01\\\/8-2022-01-12-08-44-11-CITLUK.jpg\",\"articleSection\":[\"BIH i regija\"],\"inLanguage\":\"hr\"},{\"@type\":\"WebPage\",\"@id\":\"https:\\\/\\\/radioljubuski.ba\\\/index.php\\\/2022\\\/05\\\/26\\\/hercegovacka-opcina-mijenja-ime-naziv-citluk-odlazi-u-povijest\\\/\",\"url\":\"https:\\\/\\\/radioljubuski.ba\\\/index.php\\\/2022\\\/05\\\/26\\\/hercegovacka-opcina-mijenja-ime-naziv-citluk-odlazi-u-povijest\\\/\",\"name\":\"Hercegova\u010dka op\u0107ina mijenja ime! Naziv \u010citluk odlazi u povijest? - RADIO LJUBU\u0160KI\",\"isPartOf\":{\"@id\":\"https:\\\/\\\/radioljubuski.ba\\\/#website\"},\"primaryImageOfPage\":{\"@id\":\"https:\\\/\\\/radioljubuski.ba\\\/index.php\\\/2022\\\/05\\\/26\\\/hercegovacka-opcina-mijenja-ime-naziv-citluk-odlazi-u-povijest\\\/#primaryimage\"},\"image\":{\"@id\":\"https:\\\/\\\/radioljubuski.ba\\\/index.php\\\/2022\\\/05\\\/26\\\/hercegovacka-opcina-mijenja-ime-naziv-citluk-odlazi-u-povijest\\\/#primaryimage\"},\"thumbnailUrl\":\"https:\\\/\\\/radioljubuski.ba\\\/wp-content\\\/uploads\\\/2022\\\/01\\\/8-2022-01-12-08-44-11-CITLUK.jpg\",\"datePublished\":\"2022-05-26T09:40:12+00:00\",\"dateModified\":\"2022-05-26T09:40:31+00:00\",\"breadcrumb\":{\"@id\":\"https:\\\/\\\/radioljubuski.ba\\\/index.php\\\/2022\\\/05\\\/26\\\/hercegovacka-opcina-mijenja-ime-naziv-citluk-odlazi-u-povijest\\\/#breadcrumb\"},\"inLanguage\":\"hr\",\"potentialAction\":[{\"@type\":\"ReadAction\",\"target\":[\"https:\\\/\\\/radioljubuski.ba\\\/index.php\\\/2022\\\/05\\\/26\\\/hercegovacka-opcina-mijenja-ime-naziv-citluk-odlazi-u-povijest\\\/\"]}]},{\"@type\":\"ImageObject\",\"inLanguage\":\"hr\",\"@id\":\"https:\\\/\\\/radioljubuski.ba\\\/index.php\\\/2022\\\/05\\\/26\\\/hercegovacka-opcina-mijenja-ime-naziv-citluk-odlazi-u-povijest\\\/#primaryimage\",\"url\":\"https:\\\/\\\/radioljubuski.ba\\\/wp-content\\\/uploads\\\/2022\\\/01\\\/8-2022-01-12-08-44-11-CITLUK.jpg\",\"contentUrl\":\"https:\\\/\\\/radioljubuski.ba\\\/wp-content\\\/uploads\\\/2022\\\/01\\\/8-2022-01-12-08-44-11-CITLUK.jpg\",\"width\":1000,\"height\":625},{\"@type\":\"BreadcrumbList\",\"@id\":\"https:\\\/\\\/radioljubuski.ba\\\/index.php\\\/2022\\\/05\\\/26\\\/hercegovacka-opcina-mijenja-ime-naziv-citluk-odlazi-u-povijest\\\/#breadcrumb\",\"itemListElement\":[{\"@type\":\"ListItem\",\"position\":1,\"name\":\"Po\u010detna stranica\",\"item\":\"https:\\\/\\\/radioljubuski.ba\\\/\"},{\"@type\":\"ListItem\",\"position\":2,\"name\":\"Hercegova\u010dka op\u0107ina mijenja ime! Naziv \u010citluk odlazi u povijest?\"}]},{\"@type\":\"WebSite\",\"@id\":\"https:\\\/\\\/radioljubuski.ba\\\/#website\",\"url\":\"https:\\\/\\\/radioljubuski.ba\\\/\",\"name\":\"Radio Ljubu\u0161ki\",\"description\":\"Sun\u010dana frekvencija Hercegovine\",\"publisher\":{\"@id\":\"https:\\\/\\\/radioljubuski.ba\\\/#organization\"},\"potentialAction\":[{\"@type\":\"SearchAction\",\"target\":{\"@type\":\"EntryPoint\",\"urlTemplate\":\"https:\\\/\\\/radioljubuski.ba\\\/?s={search_term_string}\"},\"query-input\":{\"@type\":\"PropertyValueSpecification\",\"valueRequired\":true,\"valueName\":\"search_term_string\"}}],\"inLanguage\":\"hr\"},{\"@type\":\"Organization\",\"@id\":\"https:\\\/\\\/radioljubuski.ba\\\/#organization\",\"name\":\"Radio Ljubu\u0161ki\",\"url\":\"https:\\\/\\\/radioljubuski.ba\\\/\",\"logo\":{\"@type\":\"ImageObject\",\"inLanguage\":\"hr\",\"@id\":\"https:\\\/\\\/radioljubuski.ba\\\/#\\\/schema\\\/logo\\\/image\\\/\",\"url\":\"https:\\\/\\\/radioljubuski.ba\\\/wp-content\\\/uploads\\\/2021\\\/02\\\/cropped-Radio_Ljubuski_logo1.jpg\",\"contentUrl\":\"https:\\\/\\\/radioljubuski.ba\\\/wp-content\\\/uploads\\\/2021\\\/02\\\/cropped-Radio_Ljubuski_logo1.jpg\",\"width\":512,\"height\":512,\"caption\":\"Radio Ljubu\u0161ki\"},\"image\":{\"@id\":\"https:\\\/\\\/radioljubuski.ba\\\/#\\\/schema\\\/logo\\\/image\\\/\"},\"sameAs\":[\"https:\\\/\\\/www.facebook.com\\\/Radiio-Ljubuski-1490835324566332\",\"https:\\\/\\\/x.com\\\/radioljubuski\",\"https:\\\/\\\/hr.linkedin.com\\\/company\\\/radio-ljubuski\",\"https:\\\/\\\/www.youtube.com\\\/channel\\\/UCHYaeO_n0Db3tjNGudGpXyw\"]},{\"@type\":\"Person\",\"@id\":\"https:\\\/\\\/radioljubuski.ba\\\/#\\\/schema\\\/person\\\/19fc700381a780f69665d7956c469e3b\",\"name\":\"Radio Ljubu\u0161ki\"}]}<\/script>\n<!-- \/ Yoast SEO plugin. -->","yoast_head_json":{"title":"Hercegova\u010dka op\u0107ina mijenja ime! Naziv \u010citluk odlazi u povijest? - RADIO LJUBU\u0160KI","robots":{"index":"index","follow":"follow","max-snippet":"max-snippet:-1","max-image-preview":"max-image-preview:large","max-video-preview":"max-video-preview:-1"},"canonical":"https:\/\/radioljubuski.ba\/index.php\/2022\/05\/26\/hercegovacka-opcina-mijenja-ime-naziv-citluk-odlazi-u-povijest\/","og_locale":"hr_HR","og_type":"article","og_title":"Hercegova\u010dka op\u0107ina mijenja ime! Naziv \u010citluk odlazi u povijest? - RADIO LJUBU\u0160KI","og_description":"Hercegova\u010dka op\u0107ina \u010citluk uskoro bi mogla promijeniti ime u Brotnjo, kako se zvala\u00a0prije \u010dak 716 godina. Tim \u010dinom kona\u010dno bi bila realizirana inicijativa koja u\u00a0tom hercegova\u010dkom kraju postoji\u00a0jo\u0161 od 90-tih godina, pi\u0161e\u00a0Klix.ba. Inicijativa za primjenu imena \u010citluku pojavljivala vi\u0161e puta od devedesetih godina pro\u0161log stolje\u0107a do danas, ali nikad nije realizirana,\u00a0iako\u00a0mje\u0161tani tog podneblja u \u017eargonu [&hellip;]","og_url":"https:\/\/radioljubuski.ba\/index.php\/2022\/05\/26\/hercegovacka-opcina-mijenja-ime-naziv-citluk-odlazi-u-povijest\/","og_site_name":"RADIO LJUBU\u0160KI","article_publisher":"https:\/\/www.facebook.com\/Radiio-Ljubuski-1490835324566332","article_published_time":"2022-05-26T09:40:12+00:00","article_modified_time":"2022-05-26T09:40:31+00:00","og_image":[{"width":1000,"height":625,"url":"https:\/\/radioljubuski.ba\/wp-content\/uploads\/2022\/01\/8-2022-01-12-08-44-11-CITLUK.jpg","type":"image\/jpeg"}],"author":"Radio Ljubu\u0161ki","twitter_card":"summary_large_image","twitter_creator":"@radioljubuski","twitter_site":"@radioljubuski","twitter_misc":{"Napisao\/la":"Radio Ljubu\u0161ki","Procijenjeno vrijeme \u010ditanja":"1 minuta"},"schema":{"@context":"https:\/\/schema.org","@graph":[{"@type":"Article","@id":"https:\/\/radioljubuski.ba\/index.php\/2022\/05\/26\/hercegovacka-opcina-mijenja-ime-naziv-citluk-odlazi-u-povijest\/#article","isPartOf":{"@id":"https:\/\/radioljubuski.ba\/index.php\/2022\/05\/26\/hercegovacka-opcina-mijenja-ime-naziv-citluk-odlazi-u-povijest\/"},"author":{"name":"Radio Ljubu\u0161ki","@id":"https:\/\/radioljubuski.ba\/#\/schema\/person\/19fc700381a780f69665d7956c469e3b"},"headline":"Hercegova\u010dka op\u0107ina mijenja ime! Naziv \u010citluk odlazi u povijest?","datePublished":"2022-05-26T09:40:12+00:00","dateModified":"2022-05-26T09:40:31+00:00","mainEntityOfPage":{"@id":"https:\/\/radioljubuski.ba\/index.php\/2022\/05\/26\/hercegovacka-opcina-mijenja-ime-naziv-citluk-odlazi-u-povijest\/"},"wordCount":198,"publisher":{"@id":"https:\/\/radioljubuski.ba\/#organization"},"image":{"@id":"https:\/\/radioljubuski.ba\/index.php\/2022\/05\/26\/hercegovacka-opcina-mijenja-ime-naziv-citluk-odlazi-u-povijest\/#primaryimage"},"thumbnailUrl":"https:\/\/radioljubuski.ba\/wp-content\/uploads\/2022\/01\/8-2022-01-12-08-44-11-CITLUK.jpg","articleSection":["BIH i regija"],"inLanguage":"hr"},{"@type":"WebPage","@id":"https:\/\/radioljubuski.ba\/index.php\/2022\/05\/26\/hercegovacka-opcina-mijenja-ime-naziv-citluk-odlazi-u-povijest\/","url":"https:\/\/radioljubuski.ba\/index.php\/2022\/05\/26\/hercegovacka-opcina-mijenja-ime-naziv-citluk-odlazi-u-povijest\/","name":"Hercegova\u010dka op\u0107ina mijenja ime! Naziv \u010citluk odlazi u povijest? - RADIO LJUBU\u0160KI","isPartOf":{"@id":"https:\/\/radioljubuski.ba\/#website"},"primaryImageOfPage":{"@id":"https:\/\/radioljubuski.ba\/index.php\/2022\/05\/26\/hercegovacka-opcina-mijenja-ime-naziv-citluk-odlazi-u-povijest\/#primaryimage"},"image":{"@id":"https:\/\/radioljubuski.ba\/index.php\/2022\/05\/26\/hercegovacka-opcina-mijenja-ime-naziv-citluk-odlazi-u-povijest\/#primaryimage"},"thumbnailUrl":"https:\/\/radioljubuski.ba\/wp-content\/uploads\/2022\/01\/8-2022-01-12-08-44-11-CITLUK.jpg","datePublished":"2022-05-26T09:40:12+00:00","dateModified":"2022-05-26T09:40:31+00:00","breadcrumb":{"@id":"https:\/\/radioljubuski.ba\/index.php\/2022\/05\/26\/hercegovacka-opcina-mijenja-ime-naziv-citluk-odlazi-u-povijest\/#breadcrumb"},"inLanguage":"hr","potentialAction":[{"@type":"ReadAction","target":["https:\/\/radioljubuski.ba\/index.php\/2022\/05\/26\/hercegovacka-opcina-mijenja-ime-naziv-citluk-odlazi-u-povijest\/"]}]},{"@type":"ImageObject","inLanguage":"hr","@id":"https:\/\/radioljubuski.ba\/index.php\/2022\/05\/26\/hercegovacka-opcina-mijenja-ime-naziv-citluk-odlazi-u-povijest\/#primaryimage","url":"https:\/\/radioljubuski.ba\/wp-content\/uploads\/2022\/01\/8-2022-01-12-08-44-11-CITLUK.jpg","contentUrl":"https:\/\/radioljubuski.ba\/wp-content\/uploads\/2022\/01\/8-2022-01-12-08-44-11-CITLUK.jpg","width":1000,"height":625},{"@type":"BreadcrumbList","@id":"https:\/\/radioljubuski.ba\/index.php\/2022\/05\/26\/hercegovacka-opcina-mijenja-ime-naziv-citluk-odlazi-u-povijest\/#breadcrumb","itemListElement":[{"@type":"ListItem","position":1,"name":"Po\u010detna stranica","item":"https:\/\/radioljubuski.ba\/"},{"@type":"ListItem","position":2,"name":"Hercegova\u010dka op\u0107ina mijenja ime! Naziv \u010citluk odlazi u povijest?"}]},{"@type":"WebSite","@id":"https:\/\/radioljubuski.ba\/#website","url":"https:\/\/radioljubuski.ba\/","name":"Radio Ljubu\u0161ki","description":"Sun\u010dana frekvencija Hercegovine","publisher":{"@id":"https:\/\/radioljubuski.ba\/#organization"},"potentialAction":[{"@type":"SearchAction","target":{"@type":"EntryPoint","urlTemplate":"https:\/\/radioljubuski.ba\/?s={search_term_string}"},"query-input":{"@type":"PropertyValueSpecification","valueRequired":true,"valueName":"search_term_string"}}],"inLanguage":"hr"},{"@type":"Organization","@id":"https:\/\/radioljubuski.ba\/#organization","name":"Radio Ljubu\u0161ki","url":"https:\/\/radioljubuski.ba\/","logo":{"@type":"ImageObject","inLanguage":"hr","@id":"https:\/\/radioljubuski.ba\/#\/schema\/logo\/image\/","url":"https:\/\/radioljubuski.ba\/wp-content\/uploads\/2021\/02\/cropped-Radio_Ljubuski_logo1.jpg","contentUrl":"https:\/\/radioljubuski.ba\/wp-content\/uploads\/2021\/02\/cropped-Radio_Ljubuski_logo1.jpg","width":512,"height":512,"caption":"Radio Ljubu\u0161ki"},"image":{"@id":"https:\/\/radioljubuski.ba\/#\/schema\/logo\/image\/"},"sameAs":["https:\/\/www.facebook.com\/Radiio-Ljubuski-1490835324566332","https:\/\/x.com\/radioljubuski","https:\/\/hr.linkedin.com\/company\/radio-ljubuski","https:\/\/www.youtube.com\/channel\/UCHYaeO_n0Db3tjNGudGpXyw"]},{"@type":"Person","@id":"https:\/\/radioljubuski.ba\/#\/schema\/person\/19fc700381a780f69665d7956c469e3b","name":"Radio Ljubu\u0161ki"}]}},"_links":{"self":[{"href":"https:\/\/radioljubuski.ba\/index.php\/wp-json\/wp\/v2\/posts\/144114","targetHints":{"allow":["GET"]}}],"collection":[{"href":"https:\/\/radioljubuski.ba\/index.php\/wp-json\/wp\/v2\/posts"}],"about":[{"href":"https:\/\/radioljubuski.ba\/index.php\/wp-json\/wp\/v2\/types\/post"}],"author":[{"embeddable":true,"href":"https:\/\/radioljubuski.ba\/index.php\/wp-json\/wp\/v2\/users\/2"}],"replies":[{"embeddable":true,"href":"https:\/\/radioljubuski.ba\/index.php\/wp-json\/wp\/v2\/comments?post=144114"}],"version-history":[{"count":1,"href":"https:\/\/radioljubuski.ba\/index.php\/wp-json\/wp\/v2\/posts\/144114\/revisions"}],"predecessor-version":[{"id":144117,"href":"https:\/\/radioljubuski.ba\/index.php\/wp-json\/wp\/v2\/posts\/144114\/revisions\/144117"}],"wp:featuredmedia":[{"embeddable":true,"href":"https:\/\/radioljubuski.ba\/index.php\/wp-json\/wp\/v2\/media\/106678"}],"wp:attachment":[{"href":"https:\/\/radioljubuski.ba\/index.php\/wp-json\/wp\/v2\/media?parent=144114"}],"wp:term":[{"taxonomy":"category","embeddable":true,"href":"https:\/\/radioljubuski.ba\/index.php\/wp-json\/wp\/v2\/categories?post=144114"},{"taxonomy":"post_tag","embeddable":true,"href":"https:\/\/radioljubuski.ba\/index.php\/wp-json\/wp\/v2\/tags?post=144114"}],"curies":[{"name":"wp","href":"https:\/\/api.w.org\/{rel}","templated":true}]}}