{"id":144125,"date":"2022-05-26T10:44:01","date_gmt":"2022-05-26T09:44:01","guid":{"rendered":"https:\/\/radioljubuski.ba\/?p=144125"},"modified":"2022-05-26T10:44:02","modified_gmt":"2022-05-26T09:44:02","slug":"cak-957-ubojstava-pocinjeno-nelegalnim-oruzjem","status":"publish","type":"post","link":"https:\/\/radioljubuski.ba\/index.php\/2022\/05\/26\/cak-957-ubojstava-pocinjeno-nelegalnim-oruzjem\/","title":{"rendered":"\u010cak 95,7% ubojstava po\u010dinjeno nelegalnim oru\u017ejem"},"content":{"rendered":"\n<p>MUP HN\u017d, u suradnji s Ministarstvom prosvjete HN\u017d, provodi dru\u0161tveno odgovornu kampanju ,,Oru\u017eje ne \u0161titi, oru\u017eje ubija\u2019\u2019. Kampanja zapo\u010dinje u srijedu 25. 05. 2022. godine edukativnim prezentacijama koje \u0107e se odr\u017eati u srednjim \u0161kolama Hercegova\u010dko-neretvanske \u017eupanije. Ovaj projekt se realizira uz potporu Razvojnog programa Ujedinjenih nacija u Bosni i Hercegovini (UNPD BIH) i u suradnji s koordinacijskim odborom za kontrolu malog i lakog naoru\u017eanja u Bosni i Hercegovini (SALW KO BIH), a provode ga \u017eupanijska ministarstva unutarnjih poslova.<\/p>\n\n\n\n<p>Cilj aktivnosti je direktna komunikacija s ciljnim skupinama &#8220;Mla\u0111i mu\u0161karci i \u017eene&#8221;, tijekom koje bi policijski slu\u017ebenici i slu\u017ebenice specijalizirani za rad u zajednici iskoristili jedan sat s u\u010denicima tre\u0107ih i \u010detvrtih razreda predlo\u017eenih srednjih \u0161kola od strane policijskih agencija, te podigli svijest o opasnosti koje predstavlja kori\u0161tenje oru\u017eja, posebno onog u nelegalnom vlasni\u0161tvu.<\/p>\n\n\n\n<p>Ve\u0107ina ubojstava povezanih s uporabom vatrenog oru\u017eja \u2013 95,7%, uklju\u010divala je nezakonito vatreno oru\u017eje. \u010cak 53% ispitanika ka\u017ee kako bi se osje\u0107alo manje sigurno s oru\u017ejem u domu. Oru\u017eju nije mjesto u domu!<\/p>\n\n\n\n<p>Zakoni BiH prepoznaju amnestiju od sudskog procesuiranja svakog tko dragovoljno preda oru\u017eje u nelegalnom vlasni\u0161tvu, tako da se takvo oru\u017eje mo\u017ee dragovoljno predati&nbsp; pozivom na 122 nadle\u017enoj policijskoj agenciji u BiH.&nbsp;&nbsp;&nbsp;&nbsp;<\/p>\n\n\n\n<p>Izvor:pogled.ba<\/p>\n","protected":false},"excerpt":{"rendered":"<p>MUP HN\u017d, u suradnji s Ministarstvom prosvjete HN\u017d, provodi dru\u0161tveno odgovornu kampanju ,,Oru\u017eje ne \u0161titi, oru\u017eje ubija\u2019\u2019. Kampanja zapo\u010dinje u srijedu 25. 05. 2022. godine edukativnim prezentacijama koje \u0107e se odr\u017eati u srednjim \u0161kolama Hercegova\u010dko-neretvanske \u017eupanije. Ovaj projekt se realizira uz potporu Razvojnog programa Ujedinjenih nacija u Bosni i Hercegovini (UNPD BIH) i u suradnji [&hellip;]<\/p>\n","protected":false},"author":2,"featured_media":144126,"comment_status":"closed","ping_status":"closed","sticky":false,"template":"","format":"standard","meta":{"h5ap_radio_sources":[],"footnotes":""},"categories":[1],"tags":[],"class_list":["post-144125","post","type-post","status-publish","format-standard","has-post-thumbnail","hentry","category-bihiregija"],"yoast_head":"<!-- This site is optimized with the Yoast SEO plugin v27.5 - https:\/\/yoast.com\/product\/yoast-seo-wordpress\/ -->\n<title>\u010cak 95,7% ubojstava po\u010dinjeno nelegalnim oru\u017ejem - RADIO LJUBU\u0160KI<\/title>\n<meta name=\"robots\" content=\"index, follow, max-snippet:-1, max-image-preview:large, max-video-preview:-1\" \/>\n<link rel=\"canonical\" href=\"https:\/\/radioljubuski.ba\/index.php\/2022\/05\/26\/cak-957-ubojstava-pocinjeno-nelegalnim-oruzjem\/\" \/>\n<meta property=\"og:locale\" content=\"hr_HR\" \/>\n<meta property=\"og:type\" content=\"article\" \/>\n<meta property=\"og:title\" content=\"\u010cak 95,7% ubojstava po\u010dinjeno nelegalnim oru\u017ejem - RADIO LJUBU\u0160KI\" \/>\n<meta property=\"og:description\" content=\"MUP HN\u017d, u suradnji s Ministarstvom prosvjete HN\u017d, provodi dru\u0161tveno odgovornu kampanju ,,Oru\u017eje ne \u0161titi, oru\u017eje ubija\u2019\u2019. Kampanja zapo\u010dinje u srijedu 25. 05. 2022. godine edukativnim prezentacijama koje \u0107e se odr\u017eati u srednjim \u0161kolama Hercegova\u010dko-neretvanske \u017eupanije. Ovaj projekt se realizira uz potporu Razvojnog programa Ujedinjenih nacija u Bosni i Hercegovini (UNPD BIH) i u suradnji [&hellip;]\" \/>\n<meta property=\"og:url\" content=\"https:\/\/radioljubuski.ba\/index.php\/2022\/05\/26\/cak-957-ubojstava-pocinjeno-nelegalnim-oruzjem\/\" \/>\n<meta property=\"og:site_name\" content=\"RADIO LJUBU\u0160KI\" \/>\n<meta property=\"article:publisher\" content=\"https:\/\/www.facebook.com\/Radiio-Ljubuski-1490835324566332\" \/>\n<meta property=\"article:published_time\" content=\"2022-05-26T09:44:01+00:00\" \/>\n<meta property=\"article:modified_time\" content=\"2022-05-26T09:44:02+00:00\" \/>\n<meta property=\"og:image\" content=\"https:\/\/radioljubuski.ba\/wp-content\/uploads\/2022\/05\/17911232_6.jpg\" \/>\n\t<meta property=\"og:image:width\" content=\"940\" \/>\n\t<meta property=\"og:image:height\" content=\"529\" \/>\n\t<meta property=\"og:image:type\" content=\"image\/jpeg\" \/>\n<meta name=\"author\" content=\"Radio Ljubu\u0161ki\" \/>\n<meta name=\"twitter:card\" content=\"summary_large_image\" \/>\n<meta name=\"twitter:creator\" content=\"@radioljubuski\" \/>\n<meta name=\"twitter:site\" content=\"@radioljubuski\" \/>\n<meta name=\"twitter:label1\" content=\"Napisao\/la\" \/>\n\t<meta name=\"twitter:data1\" content=\"Radio Ljubu\u0161ki\" \/>\n\t<meta name=\"twitter:label2\" content=\"Procijenjeno vrijeme \u010ditanja\" \/>\n\t<meta name=\"twitter:data2\" content=\"1 minuta\" \/>\n<script type=\"application\/ld+json\" class=\"yoast-schema-graph\">{\"@context\":\"https:\\\/\\\/schema.org\",\"@graph\":[{\"@type\":\"Article\",\"@id\":\"https:\\\/\\\/radioljubuski.ba\\\/index.php\\\/2022\\\/05\\\/26\\\/cak-957-ubojstava-pocinjeno-nelegalnim-oruzjem\\\/#article\",\"isPartOf\":{\"@id\":\"https:\\\/\\\/radioljubuski.ba\\\/index.php\\\/2022\\\/05\\\/26\\\/cak-957-ubojstava-pocinjeno-nelegalnim-oruzjem\\\/\"},\"author\":{\"name\":\"Radio Ljubu\u0161ki\",\"@id\":\"https:\\\/\\\/radioljubuski.ba\\\/#\\\/schema\\\/person\\\/19fc700381a780f69665d7956c469e3b\"},\"headline\":\"\u010cak 95,7% ubojstava po\u010dinjeno nelegalnim oru\u017ejem\",\"datePublished\":\"2022-05-26T09:44:01+00:00\",\"dateModified\":\"2022-05-26T09:44:02+00:00\",\"mainEntityOfPage\":{\"@id\":\"https:\\\/\\\/radioljubuski.ba\\\/index.php\\\/2022\\\/05\\\/26\\\/cak-957-ubojstava-pocinjeno-nelegalnim-oruzjem\\\/\"},\"wordCount\":234,\"publisher\":{\"@id\":\"https:\\\/\\\/radioljubuski.ba\\\/#organization\"},\"image\":{\"@id\":\"https:\\\/\\\/radioljubuski.ba\\\/index.php\\\/2022\\\/05\\\/26\\\/cak-957-ubojstava-pocinjeno-nelegalnim-oruzjem\\\/#primaryimage\"},\"thumbnailUrl\":\"https:\\\/\\\/radioljubuski.ba\\\/wp-content\\\/uploads\\\/2022\\\/05\\\/17911232_6.jpg\",\"articleSection\":[\"BIH i regija\"],\"inLanguage\":\"hr\"},{\"@type\":\"WebPage\",\"@id\":\"https:\\\/\\\/radioljubuski.ba\\\/index.php\\\/2022\\\/05\\\/26\\\/cak-957-ubojstava-pocinjeno-nelegalnim-oruzjem\\\/\",\"url\":\"https:\\\/\\\/radioljubuski.ba\\\/index.php\\\/2022\\\/05\\\/26\\\/cak-957-ubojstava-pocinjeno-nelegalnim-oruzjem\\\/\",\"name\":\"\u010cak 95,7% ubojstava po\u010dinjeno nelegalnim oru\u017ejem - RADIO LJUBU\u0160KI\",\"isPartOf\":{\"@id\":\"https:\\\/\\\/radioljubuski.ba\\\/#website\"},\"primaryImageOfPage\":{\"@id\":\"https:\\\/\\\/radioljubuski.ba\\\/index.php\\\/2022\\\/05\\\/26\\\/cak-957-ubojstava-pocinjeno-nelegalnim-oruzjem\\\/#primaryimage\"},\"image\":{\"@id\":\"https:\\\/\\\/radioljubuski.ba\\\/index.php\\\/2022\\\/05\\\/26\\\/cak-957-ubojstava-pocinjeno-nelegalnim-oruzjem\\\/#primaryimage\"},\"thumbnailUrl\":\"https:\\\/\\\/radioljubuski.ba\\\/wp-content\\\/uploads\\\/2022\\\/05\\\/17911232_6.jpg\",\"datePublished\":\"2022-05-26T09:44:01+00:00\",\"dateModified\":\"2022-05-26T09:44:02+00:00\",\"breadcrumb\":{\"@id\":\"https:\\\/\\\/radioljubuski.ba\\\/index.php\\\/2022\\\/05\\\/26\\\/cak-957-ubojstava-pocinjeno-nelegalnim-oruzjem\\\/#breadcrumb\"},\"inLanguage\":\"hr\",\"potentialAction\":[{\"@type\":\"ReadAction\",\"target\":[\"https:\\\/\\\/radioljubuski.ba\\\/index.php\\\/2022\\\/05\\\/26\\\/cak-957-ubojstava-pocinjeno-nelegalnim-oruzjem\\\/\"]}]},{\"@type\":\"ImageObject\",\"inLanguage\":\"hr\",\"@id\":\"https:\\\/\\\/radioljubuski.ba\\\/index.php\\\/2022\\\/05\\\/26\\\/cak-957-ubojstava-pocinjeno-nelegalnim-oruzjem\\\/#primaryimage\",\"url\":\"https:\\\/\\\/radioljubuski.ba\\\/wp-content\\\/uploads\\\/2022\\\/05\\\/17911232_6.jpg\",\"contentUrl\":\"https:\\\/\\\/radioljubuski.ba\\\/wp-content\\\/uploads\\\/2022\\\/05\\\/17911232_6.jpg\",\"width\":940,\"height\":529},{\"@type\":\"BreadcrumbList\",\"@id\":\"https:\\\/\\\/radioljubuski.ba\\\/index.php\\\/2022\\\/05\\\/26\\\/cak-957-ubojstava-pocinjeno-nelegalnim-oruzjem\\\/#breadcrumb\",\"itemListElement\":[{\"@type\":\"ListItem\",\"position\":1,\"name\":\"Po\u010detna stranica\",\"item\":\"https:\\\/\\\/radioljubuski.ba\\\/\"},{\"@type\":\"ListItem\",\"position\":2,\"name\":\"\u010cak 95,7% ubojstava po\u010dinjeno nelegalnim oru\u017ejem\"}]},{\"@type\":\"WebSite\",\"@id\":\"https:\\\/\\\/radioljubuski.ba\\\/#website\",\"url\":\"https:\\\/\\\/radioljubuski.ba\\\/\",\"name\":\"Radio Ljubu\u0161ki\",\"description\":\"Sun\u010dana frekvencija Hercegovine\",\"publisher\":{\"@id\":\"https:\\\/\\\/radioljubuski.ba\\\/#organization\"},\"potentialAction\":[{\"@type\":\"SearchAction\",\"target\":{\"@type\":\"EntryPoint\",\"urlTemplate\":\"https:\\\/\\\/radioljubuski.ba\\\/?s={search_term_string}\"},\"query-input\":{\"@type\":\"PropertyValueSpecification\",\"valueRequired\":true,\"valueName\":\"search_term_string\"}}],\"inLanguage\":\"hr\"},{\"@type\":\"Organization\",\"@id\":\"https:\\\/\\\/radioljubuski.ba\\\/#organization\",\"name\":\"Radio Ljubu\u0161ki\",\"url\":\"https:\\\/\\\/radioljubuski.ba\\\/\",\"logo\":{\"@type\":\"ImageObject\",\"inLanguage\":\"hr\",\"@id\":\"https:\\\/\\\/radioljubuski.ba\\\/#\\\/schema\\\/logo\\\/image\\\/\",\"url\":\"https:\\\/\\\/radioljubuski.ba\\\/wp-content\\\/uploads\\\/2021\\\/02\\\/cropped-Radio_Ljubuski_logo1.jpg\",\"contentUrl\":\"https:\\\/\\\/radioljubuski.ba\\\/wp-content\\\/uploads\\\/2021\\\/02\\\/cropped-Radio_Ljubuski_logo1.jpg\",\"width\":512,\"height\":512,\"caption\":\"Radio Ljubu\u0161ki\"},\"image\":{\"@id\":\"https:\\\/\\\/radioljubuski.ba\\\/#\\\/schema\\\/logo\\\/image\\\/\"},\"sameAs\":[\"https:\\\/\\\/www.facebook.com\\\/Radiio-Ljubuski-1490835324566332\",\"https:\\\/\\\/x.com\\\/radioljubuski\",\"https:\\\/\\\/hr.linkedin.com\\\/company\\\/radio-ljubuski\",\"https:\\\/\\\/www.youtube.com\\\/channel\\\/UCHYaeO_n0Db3tjNGudGpXyw\"]},{\"@type\":\"Person\",\"@id\":\"https:\\\/\\\/radioljubuski.ba\\\/#\\\/schema\\\/person\\\/19fc700381a780f69665d7956c469e3b\",\"name\":\"Radio Ljubu\u0161ki\"}]}<\/script>\n<!-- \/ Yoast SEO plugin. -->","yoast_head_json":{"title":"\u010cak 95,7% ubojstava po\u010dinjeno nelegalnim oru\u017ejem - RADIO LJUBU\u0160KI","robots":{"index":"index","follow":"follow","max-snippet":"max-snippet:-1","max-image-preview":"max-image-preview:large","max-video-preview":"max-video-preview:-1"},"canonical":"https:\/\/radioljubuski.ba\/index.php\/2022\/05\/26\/cak-957-ubojstava-pocinjeno-nelegalnim-oruzjem\/","og_locale":"hr_HR","og_type":"article","og_title":"\u010cak 95,7% ubojstava po\u010dinjeno nelegalnim oru\u017ejem - RADIO LJUBU\u0160KI","og_description":"MUP HN\u017d, u suradnji s Ministarstvom prosvjete HN\u017d, provodi dru\u0161tveno odgovornu kampanju ,,Oru\u017eje ne \u0161titi, oru\u017eje ubija\u2019\u2019. Kampanja zapo\u010dinje u srijedu 25. 05. 2022. godine edukativnim prezentacijama koje \u0107e se odr\u017eati u srednjim \u0161kolama Hercegova\u010dko-neretvanske \u017eupanije. Ovaj projekt se realizira uz potporu Razvojnog programa Ujedinjenih nacija u Bosni i Hercegovini (UNPD BIH) i u suradnji [&hellip;]","og_url":"https:\/\/radioljubuski.ba\/index.php\/2022\/05\/26\/cak-957-ubojstava-pocinjeno-nelegalnim-oruzjem\/","og_site_name":"RADIO LJUBU\u0160KI","article_publisher":"https:\/\/www.facebook.com\/Radiio-Ljubuski-1490835324566332","article_published_time":"2022-05-26T09:44:01+00:00","article_modified_time":"2022-05-26T09:44:02+00:00","og_image":[{"width":940,"height":529,"url":"https:\/\/radioljubuski.ba\/wp-content\/uploads\/2022\/05\/17911232_6.jpg","type":"image\/jpeg"}],"author":"Radio Ljubu\u0161ki","twitter_card":"summary_large_image","twitter_creator":"@radioljubuski","twitter_site":"@radioljubuski","twitter_misc":{"Napisao\/la":"Radio Ljubu\u0161ki","Procijenjeno vrijeme \u010ditanja":"1 minuta"},"schema":{"@context":"https:\/\/schema.org","@graph":[{"@type":"Article","@id":"https:\/\/radioljubuski.ba\/index.php\/2022\/05\/26\/cak-957-ubojstava-pocinjeno-nelegalnim-oruzjem\/#article","isPartOf":{"@id":"https:\/\/radioljubuski.ba\/index.php\/2022\/05\/26\/cak-957-ubojstava-pocinjeno-nelegalnim-oruzjem\/"},"author":{"name":"Radio Ljubu\u0161ki","@id":"https:\/\/radioljubuski.ba\/#\/schema\/person\/19fc700381a780f69665d7956c469e3b"},"headline":"\u010cak 95,7% ubojstava po\u010dinjeno nelegalnim oru\u017ejem","datePublished":"2022-05-26T09:44:01+00:00","dateModified":"2022-05-26T09:44:02+00:00","mainEntityOfPage":{"@id":"https:\/\/radioljubuski.ba\/index.php\/2022\/05\/26\/cak-957-ubojstava-pocinjeno-nelegalnim-oruzjem\/"},"wordCount":234,"publisher":{"@id":"https:\/\/radioljubuski.ba\/#organization"},"image":{"@id":"https:\/\/radioljubuski.ba\/index.php\/2022\/05\/26\/cak-957-ubojstava-pocinjeno-nelegalnim-oruzjem\/#primaryimage"},"thumbnailUrl":"https:\/\/radioljubuski.ba\/wp-content\/uploads\/2022\/05\/17911232_6.jpg","articleSection":["BIH i regija"],"inLanguage":"hr"},{"@type":"WebPage","@id":"https:\/\/radioljubuski.ba\/index.php\/2022\/05\/26\/cak-957-ubojstava-pocinjeno-nelegalnim-oruzjem\/","url":"https:\/\/radioljubuski.ba\/index.php\/2022\/05\/26\/cak-957-ubojstava-pocinjeno-nelegalnim-oruzjem\/","name":"\u010cak 95,7% ubojstava po\u010dinjeno nelegalnim oru\u017ejem - RADIO LJUBU\u0160KI","isPartOf":{"@id":"https:\/\/radioljubuski.ba\/#website"},"primaryImageOfPage":{"@id":"https:\/\/radioljubuski.ba\/index.php\/2022\/05\/26\/cak-957-ubojstava-pocinjeno-nelegalnim-oruzjem\/#primaryimage"},"image":{"@id":"https:\/\/radioljubuski.ba\/index.php\/2022\/05\/26\/cak-957-ubojstava-pocinjeno-nelegalnim-oruzjem\/#primaryimage"},"thumbnailUrl":"https:\/\/radioljubuski.ba\/wp-content\/uploads\/2022\/05\/17911232_6.jpg","datePublished":"2022-05-26T09:44:01+00:00","dateModified":"2022-05-26T09:44:02+00:00","breadcrumb":{"@id":"https:\/\/radioljubuski.ba\/index.php\/2022\/05\/26\/cak-957-ubojstava-pocinjeno-nelegalnim-oruzjem\/#breadcrumb"},"inLanguage":"hr","potentialAction":[{"@type":"ReadAction","target":["https:\/\/radioljubuski.ba\/index.php\/2022\/05\/26\/cak-957-ubojstava-pocinjeno-nelegalnim-oruzjem\/"]}]},{"@type":"ImageObject","inLanguage":"hr","@id":"https:\/\/radioljubuski.ba\/index.php\/2022\/05\/26\/cak-957-ubojstava-pocinjeno-nelegalnim-oruzjem\/#primaryimage","url":"https:\/\/radioljubuski.ba\/wp-content\/uploads\/2022\/05\/17911232_6.jpg","contentUrl":"https:\/\/radioljubuski.ba\/wp-content\/uploads\/2022\/05\/17911232_6.jpg","width":940,"height":529},{"@type":"BreadcrumbList","@id":"https:\/\/radioljubuski.ba\/index.php\/2022\/05\/26\/cak-957-ubojstava-pocinjeno-nelegalnim-oruzjem\/#breadcrumb","itemListElement":[{"@type":"ListItem","position":1,"name":"Po\u010detna stranica","item":"https:\/\/radioljubuski.ba\/"},{"@type":"ListItem","position":2,"name":"\u010cak 95,7% ubojstava po\u010dinjeno nelegalnim oru\u017ejem"}]},{"@type":"WebSite","@id":"https:\/\/radioljubuski.ba\/#website","url":"https:\/\/radioljubuski.ba\/","name":"Radio Ljubu\u0161ki","description":"Sun\u010dana frekvencija Hercegovine","publisher":{"@id":"https:\/\/radioljubuski.ba\/#organization"},"potentialAction":[{"@type":"SearchAction","target":{"@type":"EntryPoint","urlTemplate":"https:\/\/radioljubuski.ba\/?s={search_term_string}"},"query-input":{"@type":"PropertyValueSpecification","valueRequired":true,"valueName":"search_term_string"}}],"inLanguage":"hr"},{"@type":"Organization","@id":"https:\/\/radioljubuski.ba\/#organization","name":"Radio Ljubu\u0161ki","url":"https:\/\/radioljubuski.ba\/","logo":{"@type":"ImageObject","inLanguage":"hr","@id":"https:\/\/radioljubuski.ba\/#\/schema\/logo\/image\/","url":"https:\/\/radioljubuski.ba\/wp-content\/uploads\/2021\/02\/cropped-Radio_Ljubuski_logo1.jpg","contentUrl":"https:\/\/radioljubuski.ba\/wp-content\/uploads\/2021\/02\/cropped-Radio_Ljubuski_logo1.jpg","width":512,"height":512,"caption":"Radio Ljubu\u0161ki"},"image":{"@id":"https:\/\/radioljubuski.ba\/#\/schema\/logo\/image\/"},"sameAs":["https:\/\/www.facebook.com\/Radiio-Ljubuski-1490835324566332","https:\/\/x.com\/radioljubuski","https:\/\/hr.linkedin.com\/company\/radio-ljubuski","https:\/\/www.youtube.com\/channel\/UCHYaeO_n0Db3tjNGudGpXyw"]},{"@type":"Person","@id":"https:\/\/radioljubuski.ba\/#\/schema\/person\/19fc700381a780f69665d7956c469e3b","name":"Radio Ljubu\u0161ki"}]}},"_links":{"self":[{"href":"https:\/\/radioljubuski.ba\/index.php\/wp-json\/wp\/v2\/posts\/144125","targetHints":{"allow":["GET"]}}],"collection":[{"href":"https:\/\/radioljubuski.ba\/index.php\/wp-json\/wp\/v2\/posts"}],"about":[{"href":"https:\/\/radioljubuski.ba\/index.php\/wp-json\/wp\/v2\/types\/post"}],"author":[{"embeddable":true,"href":"https:\/\/radioljubuski.ba\/index.php\/wp-json\/wp\/v2\/users\/2"}],"replies":[{"embeddable":true,"href":"https:\/\/radioljubuski.ba\/index.php\/wp-json\/wp\/v2\/comments?post=144125"}],"version-history":[{"count":1,"href":"https:\/\/radioljubuski.ba\/index.php\/wp-json\/wp\/v2\/posts\/144125\/revisions"}],"predecessor-version":[{"id":144127,"href":"https:\/\/radioljubuski.ba\/index.php\/wp-json\/wp\/v2\/posts\/144125\/revisions\/144127"}],"wp:featuredmedia":[{"embeddable":true,"href":"https:\/\/radioljubuski.ba\/index.php\/wp-json\/wp\/v2\/media\/144126"}],"wp:attachment":[{"href":"https:\/\/radioljubuski.ba\/index.php\/wp-json\/wp\/v2\/media?parent=144125"}],"wp:term":[{"taxonomy":"category","embeddable":true,"href":"https:\/\/radioljubuski.ba\/index.php\/wp-json\/wp\/v2\/categories?post=144125"},{"taxonomy":"post_tag","embeddable":true,"href":"https:\/\/radioljubuski.ba\/index.php\/wp-json\/wp\/v2\/tags?post=144125"}],"curies":[{"name":"wp","href":"https:\/\/api.w.org\/{rel}","templated":true}]}}