{"id":144136,"date":"2022-05-26T10:49:12","date_gmt":"2022-05-26T09:49:12","guid":{"rendered":"https:\/\/radioljubuski.ba\/?p=144136"},"modified":"2022-05-26T10:49:13","modified_gmt":"2022-05-26T09:49:13","slug":"tyson-fury-ismijao-anthonyja-joshuu-zbog-verbalnog-napada-na-pijane-studente","status":"publish","type":"post","link":"https:\/\/radioljubuski.ba\/index.php\/2022\/05\/26\/tyson-fury-ismijao-anthonyja-joshuu-zbog-verbalnog-napada-na-pijane-studente\/","title":{"rendered":"Tyson Fury ismijao Anthonyja Joshuu zbog verbalnog napada na pijane studente"},"content":{"rendered":"\n<p>U videu koji je prvi objavio The Sun prikazan je Anthony Joshua kako se suo\u010dava s grupicom studenata i o\u010ditava im lekciju nakon \u0161to su ga iznervirali svojim izjavama o borbi protiv Tysona Furyja. Podsjetimo se, Joshua im je u tom navratu poru\u010dio sljede\u0107e:<\/p>\n\n\n\n<p>&#8220;Zapamtite da sami birate \u0161to govorite jer kada jednom po\u010dnem razbijati va\u0161e staklene \u010deljusti nikome se to ne\u0107e svidjeti. Pazite \u0161to pri\u010date jer ne znate tko mi to mo\u017ee prenijeti.&#8221;<\/p>\n\n\n\n<p>Ovime se mo\u017ee naslutiti da su studenti me\u0111usobno ogovarali Anthonyja Joshuu, te da je jedan od njih vjerojatno to prenio njemu bliskoj osobi ili mo\u017eda \u010dak Anthonyju direktno, na \u0161to je ovaj odlu\u010dio reagirati. Tyson Fury ovu je situaciju iskoristio da dodatno &#8220;zapapri&#8221; odnose izme\u0111u njega i sunarodnjaka mu Anthonyja Joshue. Tim povodom u svojem nedavnom Tweetu napisao je: &#8220;Tako djelujem i na one najbolje.&#8221;, \u010dime je htio dokazati kako ima veliki utjecaj na biv\u0161eg prvaka, u ovom slu\u010daju negativan.<\/p>\n\n\n\n<p>Joshua je ve\u0107 bio u pregovorima za borbu protiv Furyja, ali na kraju se Fury morao ipak boriti protiv Wildera zbog ugovora, a Joshua se borio protiv Usyka u me\u010du koji je izgubio. Usyk i Joshua su trenutno u fazi priprema za me\u0111usobni revan\u0161, a pobjednik tog me\u010da mogao bi se boriti protiv Tysona Furyja za ujedinjavanje pojaseva prema svim federacijama, \u010dime bi dobili neprikosnovenog prvaka svijeta. Naravno, to je za sada daleko od realizacije s obzirom na to da je Fury najavio umirovljenje od boksa, no fanovi i dalje gaje nadu u to da \u0107e se Fury u kona\u010dnici ipak predomisliti.<\/p>\n\n\n\n<p>Pretpostavlja se da bi Fury svoju kona\u010dnu odluku mogao donijeti ovisno o ishodu me\u010da izme\u0111u Joshue i Usyka.<\/p>\n\n\n\n<p>Izvor:pogled.ba<\/p>\n","protected":false},"excerpt":{"rendered":"<p>U videu koji je prvi objavio The Sun prikazan je Anthony Joshua kako se suo\u010dava s grupicom studenata i o\u010ditava im lekciju nakon \u0161to su ga iznervirali svojim izjavama o borbi protiv Tysona Furyja. Podsjetimo se, Joshua im je u tom navratu poru\u010dio sljede\u0107e: &#8220;Zapamtite da sami birate \u0161to govorite jer kada jednom po\u010dnem razbijati [&hellip;]<\/p>\n","protected":false},"author":2,"featured_media":144137,"comment_status":"closed","ping_status":"closed","sticky":false,"template":"","format":"standard","meta":{"h5ap_radio_sources":[],"footnotes":""},"categories":[7],"tags":[],"class_list":["post-144136","post","type-post","status-publish","format-standard","has-post-thumbnail","hentry","category-sport"],"yoast_head":"<!-- This site is optimized with the Yoast SEO plugin v27.5 - https:\/\/yoast.com\/product\/yoast-seo-wordpress\/ -->\n<title>Tyson Fury ismijao Anthonyja Joshuu zbog verbalnog napada na pijane studente - RADIO LJUBU\u0160KI<\/title>\n<meta name=\"robots\" content=\"index, follow, max-snippet:-1, max-image-preview:large, max-video-preview:-1\" \/>\n<link rel=\"canonical\" href=\"https:\/\/radioljubuski.ba\/index.php\/2022\/05\/26\/tyson-fury-ismijao-anthonyja-joshuu-zbog-verbalnog-napada-na-pijane-studente\/\" \/>\n<meta property=\"og:locale\" content=\"hr_HR\" \/>\n<meta property=\"og:type\" content=\"article\" \/>\n<meta property=\"og:title\" content=\"Tyson Fury ismijao Anthonyja Joshuu zbog verbalnog napada na pijane studente - RADIO LJUBU\u0160KI\" \/>\n<meta property=\"og:description\" content=\"U videu koji je prvi objavio The Sun prikazan je Anthony Joshua kako se suo\u010dava s grupicom studenata i o\u010ditava im lekciju nakon \u0161to su ga iznervirali svojim izjavama o borbi protiv Tysona Furyja. Podsjetimo se, Joshua im je u tom navratu poru\u010dio sljede\u0107e: &#8220;Zapamtite da sami birate \u0161to govorite jer kada jednom po\u010dnem razbijati [&hellip;]\" \/>\n<meta property=\"og:url\" content=\"https:\/\/radioljubuski.ba\/index.php\/2022\/05\/26\/tyson-fury-ismijao-anthonyja-joshuu-zbog-verbalnog-napada-na-pijane-studente\/\" \/>\n<meta property=\"og:site_name\" content=\"RADIO LJUBU\u0160KI\" \/>\n<meta property=\"article:publisher\" content=\"https:\/\/www.facebook.com\/Radiio-Ljubuski-1490835324566332\" \/>\n<meta property=\"article:published_time\" content=\"2022-05-26T09:49:12+00:00\" \/>\n<meta property=\"article:modified_time\" content=\"2022-05-26T09:49:13+00:00\" \/>\n<meta property=\"og:image\" content=\"https:\/\/radioljubuski.ba\/wp-content\/uploads\/2022\/05\/2-2022-04-24-09-00-35-fury.jpg\" \/>\n\t<meta property=\"og:image:width\" content=\"1000\" \/>\n\t<meta property=\"og:image:height\" content=\"625\" \/>\n\t<meta property=\"og:image:type\" content=\"image\/jpeg\" \/>\n<meta name=\"author\" content=\"Radio Ljubu\u0161ki\" \/>\n<meta name=\"twitter:card\" content=\"summary_large_image\" \/>\n<meta name=\"twitter:creator\" content=\"@radioljubuski\" \/>\n<meta name=\"twitter:site\" content=\"@radioljubuski\" \/>\n<meta name=\"twitter:label1\" content=\"Napisao\/la\" \/>\n\t<meta name=\"twitter:data1\" content=\"Radio Ljubu\u0161ki\" \/>\n\t<meta name=\"twitter:label2\" content=\"Procijenjeno vrijeme \u010ditanja\" \/>\n\t<meta name=\"twitter:data2\" content=\"2 minute\" \/>\n<script type=\"application\/ld+json\" class=\"yoast-schema-graph\">{\"@context\":\"https:\\\/\\\/schema.org\",\"@graph\":[{\"@type\":\"Article\",\"@id\":\"https:\\\/\\\/radioljubuski.ba\\\/index.php\\\/2022\\\/05\\\/26\\\/tyson-fury-ismijao-anthonyja-joshuu-zbog-verbalnog-napada-na-pijane-studente\\\/#article\",\"isPartOf\":{\"@id\":\"https:\\\/\\\/radioljubuski.ba\\\/index.php\\\/2022\\\/05\\\/26\\\/tyson-fury-ismijao-anthonyja-joshuu-zbog-verbalnog-napada-na-pijane-studente\\\/\"},\"author\":{\"name\":\"Radio Ljubu\u0161ki\",\"@id\":\"https:\\\/\\\/radioljubuski.ba\\\/#\\\/schema\\\/person\\\/19fc700381a780f69665d7956c469e3b\"},\"headline\":\"Tyson Fury ismijao Anthonyja Joshuu zbog verbalnog napada na pijane studente\",\"datePublished\":\"2022-05-26T09:49:12+00:00\",\"dateModified\":\"2022-05-26T09:49:13+00:00\",\"mainEntityOfPage\":{\"@id\":\"https:\\\/\\\/radioljubuski.ba\\\/index.php\\\/2022\\\/05\\\/26\\\/tyson-fury-ismijao-anthonyja-joshuu-zbog-verbalnog-napada-na-pijane-studente\\\/\"},\"wordCount\":311,\"publisher\":{\"@id\":\"https:\\\/\\\/radioljubuski.ba\\\/#organization\"},\"image\":{\"@id\":\"https:\\\/\\\/radioljubuski.ba\\\/index.php\\\/2022\\\/05\\\/26\\\/tyson-fury-ismijao-anthonyja-joshuu-zbog-verbalnog-napada-na-pijane-studente\\\/#primaryimage\"},\"thumbnailUrl\":\"https:\\\/\\\/radioljubuski.ba\\\/wp-content\\\/uploads\\\/2022\\\/05\\\/2-2022-04-24-09-00-35-fury.jpg\",\"articleSection\":[\"\u0160port\"],\"inLanguage\":\"hr\"},{\"@type\":\"WebPage\",\"@id\":\"https:\\\/\\\/radioljubuski.ba\\\/index.php\\\/2022\\\/05\\\/26\\\/tyson-fury-ismijao-anthonyja-joshuu-zbog-verbalnog-napada-na-pijane-studente\\\/\",\"url\":\"https:\\\/\\\/radioljubuski.ba\\\/index.php\\\/2022\\\/05\\\/26\\\/tyson-fury-ismijao-anthonyja-joshuu-zbog-verbalnog-napada-na-pijane-studente\\\/\",\"name\":\"Tyson Fury ismijao Anthonyja Joshuu zbog verbalnog napada na pijane studente - RADIO LJUBU\u0160KI\",\"isPartOf\":{\"@id\":\"https:\\\/\\\/radioljubuski.ba\\\/#website\"},\"primaryImageOfPage\":{\"@id\":\"https:\\\/\\\/radioljubuski.ba\\\/index.php\\\/2022\\\/05\\\/26\\\/tyson-fury-ismijao-anthonyja-joshuu-zbog-verbalnog-napada-na-pijane-studente\\\/#primaryimage\"},\"image\":{\"@id\":\"https:\\\/\\\/radioljubuski.ba\\\/index.php\\\/2022\\\/05\\\/26\\\/tyson-fury-ismijao-anthonyja-joshuu-zbog-verbalnog-napada-na-pijane-studente\\\/#primaryimage\"},\"thumbnailUrl\":\"https:\\\/\\\/radioljubuski.ba\\\/wp-content\\\/uploads\\\/2022\\\/05\\\/2-2022-04-24-09-00-35-fury.jpg\",\"datePublished\":\"2022-05-26T09:49:12+00:00\",\"dateModified\":\"2022-05-26T09:49:13+00:00\",\"breadcrumb\":{\"@id\":\"https:\\\/\\\/radioljubuski.ba\\\/index.php\\\/2022\\\/05\\\/26\\\/tyson-fury-ismijao-anthonyja-joshuu-zbog-verbalnog-napada-na-pijane-studente\\\/#breadcrumb\"},\"inLanguage\":\"hr\",\"potentialAction\":[{\"@type\":\"ReadAction\",\"target\":[\"https:\\\/\\\/radioljubuski.ba\\\/index.php\\\/2022\\\/05\\\/26\\\/tyson-fury-ismijao-anthonyja-joshuu-zbog-verbalnog-napada-na-pijane-studente\\\/\"]}]},{\"@type\":\"ImageObject\",\"inLanguage\":\"hr\",\"@id\":\"https:\\\/\\\/radioljubuski.ba\\\/index.php\\\/2022\\\/05\\\/26\\\/tyson-fury-ismijao-anthonyja-joshuu-zbog-verbalnog-napada-na-pijane-studente\\\/#primaryimage\",\"url\":\"https:\\\/\\\/radioljubuski.ba\\\/wp-content\\\/uploads\\\/2022\\\/05\\\/2-2022-04-24-09-00-35-fury.jpg\",\"contentUrl\":\"https:\\\/\\\/radioljubuski.ba\\\/wp-content\\\/uploads\\\/2022\\\/05\\\/2-2022-04-24-09-00-35-fury.jpg\",\"width\":1000,\"height\":625},{\"@type\":\"BreadcrumbList\",\"@id\":\"https:\\\/\\\/radioljubuski.ba\\\/index.php\\\/2022\\\/05\\\/26\\\/tyson-fury-ismijao-anthonyja-joshuu-zbog-verbalnog-napada-na-pijane-studente\\\/#breadcrumb\",\"itemListElement\":[{\"@type\":\"ListItem\",\"position\":1,\"name\":\"Po\u010detna stranica\",\"item\":\"https:\\\/\\\/radioljubuski.ba\\\/\"},{\"@type\":\"ListItem\",\"position\":2,\"name\":\"Tyson Fury ismijao Anthonyja Joshuu zbog verbalnog napada na pijane studente\"}]},{\"@type\":\"WebSite\",\"@id\":\"https:\\\/\\\/radioljubuski.ba\\\/#website\",\"url\":\"https:\\\/\\\/radioljubuski.ba\\\/\",\"name\":\"Radio Ljubu\u0161ki\",\"description\":\"Sun\u010dana frekvencija Hercegovine\",\"publisher\":{\"@id\":\"https:\\\/\\\/radioljubuski.ba\\\/#organization\"},\"potentialAction\":[{\"@type\":\"SearchAction\",\"target\":{\"@type\":\"EntryPoint\",\"urlTemplate\":\"https:\\\/\\\/radioljubuski.ba\\\/?s={search_term_string}\"},\"query-input\":{\"@type\":\"PropertyValueSpecification\",\"valueRequired\":true,\"valueName\":\"search_term_string\"}}],\"inLanguage\":\"hr\"},{\"@type\":\"Organization\",\"@id\":\"https:\\\/\\\/radioljubuski.ba\\\/#organization\",\"name\":\"Radio Ljubu\u0161ki\",\"url\":\"https:\\\/\\\/radioljubuski.ba\\\/\",\"logo\":{\"@type\":\"ImageObject\",\"inLanguage\":\"hr\",\"@id\":\"https:\\\/\\\/radioljubuski.ba\\\/#\\\/schema\\\/logo\\\/image\\\/\",\"url\":\"https:\\\/\\\/radioljubuski.ba\\\/wp-content\\\/uploads\\\/2021\\\/02\\\/cropped-Radio_Ljubuski_logo1.jpg\",\"contentUrl\":\"https:\\\/\\\/radioljubuski.ba\\\/wp-content\\\/uploads\\\/2021\\\/02\\\/cropped-Radio_Ljubuski_logo1.jpg\",\"width\":512,\"height\":512,\"caption\":\"Radio Ljubu\u0161ki\"},\"image\":{\"@id\":\"https:\\\/\\\/radioljubuski.ba\\\/#\\\/schema\\\/logo\\\/image\\\/\"},\"sameAs\":[\"https:\\\/\\\/www.facebook.com\\\/Radiio-Ljubuski-1490835324566332\",\"https:\\\/\\\/x.com\\\/radioljubuski\",\"https:\\\/\\\/hr.linkedin.com\\\/company\\\/radio-ljubuski\",\"https:\\\/\\\/www.youtube.com\\\/channel\\\/UCHYaeO_n0Db3tjNGudGpXyw\"]},{\"@type\":\"Person\",\"@id\":\"https:\\\/\\\/radioljubuski.ba\\\/#\\\/schema\\\/person\\\/19fc700381a780f69665d7956c469e3b\",\"name\":\"Radio Ljubu\u0161ki\"}]}<\/script>\n<!-- \/ Yoast SEO plugin. -->","yoast_head_json":{"title":"Tyson Fury ismijao Anthonyja Joshuu zbog verbalnog napada na pijane studente - RADIO LJUBU\u0160KI","robots":{"index":"index","follow":"follow","max-snippet":"max-snippet:-1","max-image-preview":"max-image-preview:large","max-video-preview":"max-video-preview:-1"},"canonical":"https:\/\/radioljubuski.ba\/index.php\/2022\/05\/26\/tyson-fury-ismijao-anthonyja-joshuu-zbog-verbalnog-napada-na-pijane-studente\/","og_locale":"hr_HR","og_type":"article","og_title":"Tyson Fury ismijao Anthonyja Joshuu zbog verbalnog napada na pijane studente - RADIO LJUBU\u0160KI","og_description":"U videu koji je prvi objavio The Sun prikazan je Anthony Joshua kako se suo\u010dava s grupicom studenata i o\u010ditava im lekciju nakon \u0161to su ga iznervirali svojim izjavama o borbi protiv Tysona Furyja. Podsjetimo se, Joshua im je u tom navratu poru\u010dio sljede\u0107e: &#8220;Zapamtite da sami birate \u0161to govorite jer kada jednom po\u010dnem razbijati [&hellip;]","og_url":"https:\/\/radioljubuski.ba\/index.php\/2022\/05\/26\/tyson-fury-ismijao-anthonyja-joshuu-zbog-verbalnog-napada-na-pijane-studente\/","og_site_name":"RADIO LJUBU\u0160KI","article_publisher":"https:\/\/www.facebook.com\/Radiio-Ljubuski-1490835324566332","article_published_time":"2022-05-26T09:49:12+00:00","article_modified_time":"2022-05-26T09:49:13+00:00","og_image":[{"width":1000,"height":625,"url":"https:\/\/radioljubuski.ba\/wp-content\/uploads\/2022\/05\/2-2022-04-24-09-00-35-fury.jpg","type":"image\/jpeg"}],"author":"Radio Ljubu\u0161ki","twitter_card":"summary_large_image","twitter_creator":"@radioljubuski","twitter_site":"@radioljubuski","twitter_misc":{"Napisao\/la":"Radio Ljubu\u0161ki","Procijenjeno vrijeme \u010ditanja":"2 minute"},"schema":{"@context":"https:\/\/schema.org","@graph":[{"@type":"Article","@id":"https:\/\/radioljubuski.ba\/index.php\/2022\/05\/26\/tyson-fury-ismijao-anthonyja-joshuu-zbog-verbalnog-napada-na-pijane-studente\/#article","isPartOf":{"@id":"https:\/\/radioljubuski.ba\/index.php\/2022\/05\/26\/tyson-fury-ismijao-anthonyja-joshuu-zbog-verbalnog-napada-na-pijane-studente\/"},"author":{"name":"Radio Ljubu\u0161ki","@id":"https:\/\/radioljubuski.ba\/#\/schema\/person\/19fc700381a780f69665d7956c469e3b"},"headline":"Tyson Fury ismijao Anthonyja Joshuu zbog verbalnog napada na pijane studente","datePublished":"2022-05-26T09:49:12+00:00","dateModified":"2022-05-26T09:49:13+00:00","mainEntityOfPage":{"@id":"https:\/\/radioljubuski.ba\/index.php\/2022\/05\/26\/tyson-fury-ismijao-anthonyja-joshuu-zbog-verbalnog-napada-na-pijane-studente\/"},"wordCount":311,"publisher":{"@id":"https:\/\/radioljubuski.ba\/#organization"},"image":{"@id":"https:\/\/radioljubuski.ba\/index.php\/2022\/05\/26\/tyson-fury-ismijao-anthonyja-joshuu-zbog-verbalnog-napada-na-pijane-studente\/#primaryimage"},"thumbnailUrl":"https:\/\/radioljubuski.ba\/wp-content\/uploads\/2022\/05\/2-2022-04-24-09-00-35-fury.jpg","articleSection":["\u0160port"],"inLanguage":"hr"},{"@type":"WebPage","@id":"https:\/\/radioljubuski.ba\/index.php\/2022\/05\/26\/tyson-fury-ismijao-anthonyja-joshuu-zbog-verbalnog-napada-na-pijane-studente\/","url":"https:\/\/radioljubuski.ba\/index.php\/2022\/05\/26\/tyson-fury-ismijao-anthonyja-joshuu-zbog-verbalnog-napada-na-pijane-studente\/","name":"Tyson Fury ismijao Anthonyja Joshuu zbog verbalnog napada na pijane studente - RADIO LJUBU\u0160KI","isPartOf":{"@id":"https:\/\/radioljubuski.ba\/#website"},"primaryImageOfPage":{"@id":"https:\/\/radioljubuski.ba\/index.php\/2022\/05\/26\/tyson-fury-ismijao-anthonyja-joshuu-zbog-verbalnog-napada-na-pijane-studente\/#primaryimage"},"image":{"@id":"https:\/\/radioljubuski.ba\/index.php\/2022\/05\/26\/tyson-fury-ismijao-anthonyja-joshuu-zbog-verbalnog-napada-na-pijane-studente\/#primaryimage"},"thumbnailUrl":"https:\/\/radioljubuski.ba\/wp-content\/uploads\/2022\/05\/2-2022-04-24-09-00-35-fury.jpg","datePublished":"2022-05-26T09:49:12+00:00","dateModified":"2022-05-26T09:49:13+00:00","breadcrumb":{"@id":"https:\/\/radioljubuski.ba\/index.php\/2022\/05\/26\/tyson-fury-ismijao-anthonyja-joshuu-zbog-verbalnog-napada-na-pijane-studente\/#breadcrumb"},"inLanguage":"hr","potentialAction":[{"@type":"ReadAction","target":["https:\/\/radioljubuski.ba\/index.php\/2022\/05\/26\/tyson-fury-ismijao-anthonyja-joshuu-zbog-verbalnog-napada-na-pijane-studente\/"]}]},{"@type":"ImageObject","inLanguage":"hr","@id":"https:\/\/radioljubuski.ba\/index.php\/2022\/05\/26\/tyson-fury-ismijao-anthonyja-joshuu-zbog-verbalnog-napada-na-pijane-studente\/#primaryimage","url":"https:\/\/radioljubuski.ba\/wp-content\/uploads\/2022\/05\/2-2022-04-24-09-00-35-fury.jpg","contentUrl":"https:\/\/radioljubuski.ba\/wp-content\/uploads\/2022\/05\/2-2022-04-24-09-00-35-fury.jpg","width":1000,"height":625},{"@type":"BreadcrumbList","@id":"https:\/\/radioljubuski.ba\/index.php\/2022\/05\/26\/tyson-fury-ismijao-anthonyja-joshuu-zbog-verbalnog-napada-na-pijane-studente\/#breadcrumb","itemListElement":[{"@type":"ListItem","position":1,"name":"Po\u010detna stranica","item":"https:\/\/radioljubuski.ba\/"},{"@type":"ListItem","position":2,"name":"Tyson Fury ismijao Anthonyja Joshuu zbog verbalnog napada na pijane studente"}]},{"@type":"WebSite","@id":"https:\/\/radioljubuski.ba\/#website","url":"https:\/\/radioljubuski.ba\/","name":"Radio Ljubu\u0161ki","description":"Sun\u010dana frekvencija Hercegovine","publisher":{"@id":"https:\/\/radioljubuski.ba\/#organization"},"potentialAction":[{"@type":"SearchAction","target":{"@type":"EntryPoint","urlTemplate":"https:\/\/radioljubuski.ba\/?s={search_term_string}"},"query-input":{"@type":"PropertyValueSpecification","valueRequired":true,"valueName":"search_term_string"}}],"inLanguage":"hr"},{"@type":"Organization","@id":"https:\/\/radioljubuski.ba\/#organization","name":"Radio Ljubu\u0161ki","url":"https:\/\/radioljubuski.ba\/","logo":{"@type":"ImageObject","inLanguage":"hr","@id":"https:\/\/radioljubuski.ba\/#\/schema\/logo\/image\/","url":"https:\/\/radioljubuski.ba\/wp-content\/uploads\/2021\/02\/cropped-Radio_Ljubuski_logo1.jpg","contentUrl":"https:\/\/radioljubuski.ba\/wp-content\/uploads\/2021\/02\/cropped-Radio_Ljubuski_logo1.jpg","width":512,"height":512,"caption":"Radio Ljubu\u0161ki"},"image":{"@id":"https:\/\/radioljubuski.ba\/#\/schema\/logo\/image\/"},"sameAs":["https:\/\/www.facebook.com\/Radiio-Ljubuski-1490835324566332","https:\/\/x.com\/radioljubuski","https:\/\/hr.linkedin.com\/company\/radio-ljubuski","https:\/\/www.youtube.com\/channel\/UCHYaeO_n0Db3tjNGudGpXyw"]},{"@type":"Person","@id":"https:\/\/radioljubuski.ba\/#\/schema\/person\/19fc700381a780f69665d7956c469e3b","name":"Radio Ljubu\u0161ki"}]}},"_links":{"self":[{"href":"https:\/\/radioljubuski.ba\/index.php\/wp-json\/wp\/v2\/posts\/144136","targetHints":{"allow":["GET"]}}],"collection":[{"href":"https:\/\/radioljubuski.ba\/index.php\/wp-json\/wp\/v2\/posts"}],"about":[{"href":"https:\/\/radioljubuski.ba\/index.php\/wp-json\/wp\/v2\/types\/post"}],"author":[{"embeddable":true,"href":"https:\/\/radioljubuski.ba\/index.php\/wp-json\/wp\/v2\/users\/2"}],"replies":[{"embeddable":true,"href":"https:\/\/radioljubuski.ba\/index.php\/wp-json\/wp\/v2\/comments?post=144136"}],"version-history":[{"count":1,"href":"https:\/\/radioljubuski.ba\/index.php\/wp-json\/wp\/v2\/posts\/144136\/revisions"}],"predecessor-version":[{"id":144138,"href":"https:\/\/radioljubuski.ba\/index.php\/wp-json\/wp\/v2\/posts\/144136\/revisions\/144138"}],"wp:featuredmedia":[{"embeddable":true,"href":"https:\/\/radioljubuski.ba\/index.php\/wp-json\/wp\/v2\/media\/144137"}],"wp:attachment":[{"href":"https:\/\/radioljubuski.ba\/index.php\/wp-json\/wp\/v2\/media?parent=144136"}],"wp:term":[{"taxonomy":"category","embeddable":true,"href":"https:\/\/radioljubuski.ba\/index.php\/wp-json\/wp\/v2\/categories?post=144136"},{"taxonomy":"post_tag","embeddable":true,"href":"https:\/\/radioljubuski.ba\/index.php\/wp-json\/wp\/v2\/tags?post=144136"}],"curies":[{"name":"wp","href":"https:\/\/api.w.org\/{rel}","templated":true}]}}