{"id":144139,"date":"2022-05-26T10:50:14","date_gmt":"2022-05-26T09:50:14","guid":{"rendered":"https:\/\/radioljubuski.ba\/?p=144139"},"modified":"2022-05-26T10:50:15","modified_gmt":"2022-05-26T09:50:15","slug":"vukovarski-krvnik-i-ratni-zlocinac-porucio-milanovicu-da-suti","status":"publish","type":"post","link":"https:\/\/radioljubuski.ba\/index.php\/2022\/05\/26\/vukovarski-krvnik-i-ratni-zlocinac-porucio-milanovicu-da-suti\/","title":{"rendered":"Vukovarski krvnik i ratni zlo\u010dinac poru\u010dio Milanovi\u0107u da \u0161uti"},"content":{"rendered":"\n<p>U Srbiji su \u017eestoko reagirali na izjave Zorana Milanovi\u0107a da bi trebali paziti \u0161to rade, vezano za optu\u017enicu hrvatskih pilota za Oluju izjave da je Vu\u010di\u0107 u devedesetima &#8216;orgijao&#8217; \u0161to je mnoge skratilo za glavu.<\/p>\n\n\n\n<p>Milanovi\u0107 je rekao i da su se lako mogli dogovoriti, kad je bio premijer, da podignu optu\u017enicu protiv Vu\u010di\u0107a, ali to nisu u\u010dinili.<\/p>\n\n\n\n<p>&#8211; Srbija \u017eeli u EU? Trebala bi paziti \u0161to radi. Evo kako prolaze \u0160ve\u0111ani koji \u017eele u NATO. Mo\u017eda su s razlogom bili bezobrazni prema Turskoj, ali sad tra\u017ee milost. Pazi \u0161to radi\u0161, rekao je Zoran Milanovi\u0107 o izjavama iz Srbije o optu\u017enici protiv hrvatskih pilota u Oluji.<\/p>\n\n\n\n<p>&#8211; Ne znam za\u0161to je Brnabi\u0107 nervozna, ja sam se vi\u0161e bojao da netko u Hrvatskoj ne poludi. Kao premijer, lako smo se mogli dogovoriti da podignemo optu\u017enicu protiv Vu\u010di\u0107a, dotle ide dr\u017eavna vlast, ali nismo te time bavili. Mislite da bi u Hrvatskoj netko bio tu\u017ean da dignemo optu\u017enicu protiv Vu\u010di\u0107a? Ali to ne bi bilo pametno. On nikoga nije ubio, ali njegovo orgijanje i burgijanje u tim godinama je mnoge skratio za glavu i du\u0161u. Jesmo mi to radili? Nismo isti, razlikujemo se. I zato, pamet u glavu. I \u0161to sam sad? Usta\u0161a ili Srbin? Tamo to ovisi o tome tko je koliko popio vru\u0107e rakije. To je sve skupa neozbiljno. Ta optu\u017enica, ako ima\u0161 planove, ako svojim bira\u010dima prodaje\u0161 fikciju da \u017eeli\u0161 u EU, onda to gazi\u0161 prvim postupkom. To ti Hrvatska ne mo\u017ee oprostiti &#8211; dodao je.<\/p>\n\n\n\n<p>To je izazvalo pravo buru u Srbiji. Javili su se odvjetnici, povjesni\u010dari i &#8211; ratni zlo\u010dinci.&nbsp;<\/p>\n\n\n\n<p>&#8211; Hvala Bogu da su na\u0161i tu\u017eitelji pokrenuli optu\u017enicu. Ne mo\u017eemo zaboraviti te nevine \u017ertve. Neja\u010d u koloni, nikoga nisu dirali, sje\u0107ate se onih baba i deda. I aviona koji bacaju bombe po neja\u010di i izbjeglicama &#8211; rekao je u emisiji \u0160ljivan\u010danin, ratni zlo\u010dinac i krvnik s Ov\u010dare, koji je organizirao mu\u010denje i odvo\u0111enje 400 ranjenika iz vukovarske bolnice, ubijanje 264 ljudi na Ov\u010dari te sprje\u010davao evakuaciju 4000 civila.<\/p>\n\n\n\n<p>Sud u Haagu najprije ga je osudio na pet godina zatvora, nakon \u017ealbe tu\u017eiteljstva na 17. Nakon revizije osu\u0111en je na 10 godina, pa je u srpnju 2011. pu\u0161ten. &nbsp;U zatvoru je krvnik proveo samo 2450 dana.<\/p>\n\n\n\n<p>Sad se sve \u010de\u0161\u0107e pojavljuje u srpskim medijima.<\/p>\n\n\n\n<p>&#8211; Milanovi\u0107 koji ne zna \u0161to \u0107e sad napada predsjednika Srbije. Pa nije on pokrenuo optu\u017enicu. Neka \u0161titi svoje gra\u0111ane, a ne da napada druge. Ti piloti su letjeli, mogli su vidjeti kolonu i djecu. Mogli su samo pro\u0107i. Je li Milanovi\u0107 Europa da tako prijeti ho\u0107e li Srbija u\u0107i u EU? To je sramota &#8211; rekao je ratni zlo\u010dinac \u0160ljivan\u010danin.<\/p>\n\n\n\n<p>Izvor.pogled.ba<\/p>\n","protected":false},"excerpt":{"rendered":"<p>U Srbiji su \u017eestoko reagirali na izjave Zorana Milanovi\u0107a da bi trebali paziti \u0161to rade, vezano za optu\u017enicu hrvatskih pilota za Oluju izjave da je Vu\u010di\u0107 u devedesetima &#8216;orgijao&#8217; \u0161to je mnoge skratilo za glavu. Milanovi\u0107 je rekao i da su se lako mogli dogovoriti, kad je bio premijer, da podignu optu\u017enicu protiv Vu\u010di\u0107a, ali [&hellip;]<\/p>\n","protected":false},"author":2,"featured_media":144140,"comment_status":"closed","ping_status":"closed","sticky":false,"template":"","format":"standard","meta":{"h5ap_radio_sources":[],"footnotes":""},"categories":[1],"tags":[],"class_list":["post-144139","post","type-post","status-publish","format-standard","has-post-thumbnail","hentry","category-bihiregija"],"yoast_head":"<!-- This site is optimized with the Yoast SEO plugin v27.5 - https:\/\/yoast.com\/product\/yoast-seo-wordpress\/ -->\n<title>Vukovarski krvnik i ratni zlo\u010dinac poru\u010dio Milanovi\u0107u da \u0161uti - RADIO LJUBU\u0160KI<\/title>\n<meta name=\"robots\" content=\"index, follow, max-snippet:-1, max-image-preview:large, max-video-preview:-1\" \/>\n<link rel=\"canonical\" href=\"https:\/\/radioljubuski.ba\/index.php\/2022\/05\/26\/vukovarski-krvnik-i-ratni-zlocinac-porucio-milanovicu-da-suti\/\" \/>\n<meta property=\"og:locale\" content=\"hr_HR\" \/>\n<meta property=\"og:type\" content=\"article\" \/>\n<meta property=\"og:title\" content=\"Vukovarski krvnik i ratni zlo\u010dinac poru\u010dio Milanovi\u0107u da \u0161uti - RADIO LJUBU\u0160KI\" \/>\n<meta property=\"og:description\" content=\"U Srbiji su \u017eestoko reagirali na izjave Zorana Milanovi\u0107a da bi trebali paziti \u0161to rade, vezano za optu\u017enicu hrvatskih pilota za Oluju izjave da je Vu\u010di\u0107 u devedesetima &#8216;orgijao&#8217; \u0161to je mnoge skratilo za glavu. Milanovi\u0107 je rekao i da su se lako mogli dogovoriti, kad je bio premijer, da podignu optu\u017enicu protiv Vu\u010di\u0107a, ali [&hellip;]\" \/>\n<meta property=\"og:url\" content=\"https:\/\/radioljubuski.ba\/index.php\/2022\/05\/26\/vukovarski-krvnik-i-ratni-zlocinac-porucio-milanovicu-da-suti\/\" \/>\n<meta property=\"og:site_name\" content=\"RADIO LJUBU\u0160KI\" \/>\n<meta property=\"article:publisher\" content=\"https:\/\/www.facebook.com\/Radiio-Ljubuski-1490835324566332\" \/>\n<meta property=\"article:published_time\" content=\"2022-05-26T09:50:14+00:00\" \/>\n<meta property=\"article:modified_time\" content=\"2022-05-26T09:50:15+00:00\" \/>\n<meta property=\"og:image\" content=\"https:\/\/radioljubuski.ba\/wp-content\/uploads\/2022\/05\/2-2022-05-26-10-26-47-sljivancanin.jpg\" \/>\n\t<meta property=\"og:image:width\" content=\"1000\" \/>\n\t<meta property=\"og:image:height\" content=\"625\" \/>\n\t<meta property=\"og:image:type\" content=\"image\/jpeg\" \/>\n<meta name=\"author\" content=\"Radio Ljubu\u0161ki\" \/>\n<meta name=\"twitter:card\" content=\"summary_large_image\" \/>\n<meta name=\"twitter:creator\" content=\"@radioljubuski\" \/>\n<meta name=\"twitter:site\" content=\"@radioljubuski\" \/>\n<meta name=\"twitter:label1\" content=\"Napisao\/la\" \/>\n\t<meta name=\"twitter:data1\" content=\"Radio Ljubu\u0161ki\" \/>\n\t<meta name=\"twitter:label2\" content=\"Procijenjeno vrijeme \u010ditanja\" \/>\n\t<meta name=\"twitter:data2\" content=\"2 minute\" \/>\n<script type=\"application\/ld+json\" class=\"yoast-schema-graph\">{\"@context\":\"https:\\\/\\\/schema.org\",\"@graph\":[{\"@type\":\"Article\",\"@id\":\"https:\\\/\\\/radioljubuski.ba\\\/index.php\\\/2022\\\/05\\\/26\\\/vukovarski-krvnik-i-ratni-zlocinac-porucio-milanovicu-da-suti\\\/#article\",\"isPartOf\":{\"@id\":\"https:\\\/\\\/radioljubuski.ba\\\/index.php\\\/2022\\\/05\\\/26\\\/vukovarski-krvnik-i-ratni-zlocinac-porucio-milanovicu-da-suti\\\/\"},\"author\":{\"name\":\"Radio Ljubu\u0161ki\",\"@id\":\"https:\\\/\\\/radioljubuski.ba\\\/#\\\/schema\\\/person\\\/19fc700381a780f69665d7956c469e3b\"},\"headline\":\"Vukovarski krvnik i ratni zlo\u010dinac poru\u010dio Milanovi\u0107u da \u0161uti\",\"datePublished\":\"2022-05-26T09:50:14+00:00\",\"dateModified\":\"2022-05-26T09:50:15+00:00\",\"mainEntityOfPage\":{\"@id\":\"https:\\\/\\\/radioljubuski.ba\\\/index.php\\\/2022\\\/05\\\/26\\\/vukovarski-krvnik-i-ratni-zlocinac-porucio-milanovicu-da-suti\\\/\"},\"wordCount\":501,\"publisher\":{\"@id\":\"https:\\\/\\\/radioljubuski.ba\\\/#organization\"},\"image\":{\"@id\":\"https:\\\/\\\/radioljubuski.ba\\\/index.php\\\/2022\\\/05\\\/26\\\/vukovarski-krvnik-i-ratni-zlocinac-porucio-milanovicu-da-suti\\\/#primaryimage\"},\"thumbnailUrl\":\"https:\\\/\\\/radioljubuski.ba\\\/wp-content\\\/uploads\\\/2022\\\/05\\\/2-2022-05-26-10-26-47-sljivancanin.jpg\",\"articleSection\":[\"BIH i regija\"],\"inLanguage\":\"hr\"},{\"@type\":\"WebPage\",\"@id\":\"https:\\\/\\\/radioljubuski.ba\\\/index.php\\\/2022\\\/05\\\/26\\\/vukovarski-krvnik-i-ratni-zlocinac-porucio-milanovicu-da-suti\\\/\",\"url\":\"https:\\\/\\\/radioljubuski.ba\\\/index.php\\\/2022\\\/05\\\/26\\\/vukovarski-krvnik-i-ratni-zlocinac-porucio-milanovicu-da-suti\\\/\",\"name\":\"Vukovarski krvnik i ratni zlo\u010dinac poru\u010dio Milanovi\u0107u da \u0161uti - RADIO LJUBU\u0160KI\",\"isPartOf\":{\"@id\":\"https:\\\/\\\/radioljubuski.ba\\\/#website\"},\"primaryImageOfPage\":{\"@id\":\"https:\\\/\\\/radioljubuski.ba\\\/index.php\\\/2022\\\/05\\\/26\\\/vukovarski-krvnik-i-ratni-zlocinac-porucio-milanovicu-da-suti\\\/#primaryimage\"},\"image\":{\"@id\":\"https:\\\/\\\/radioljubuski.ba\\\/index.php\\\/2022\\\/05\\\/26\\\/vukovarski-krvnik-i-ratni-zlocinac-porucio-milanovicu-da-suti\\\/#primaryimage\"},\"thumbnailUrl\":\"https:\\\/\\\/radioljubuski.ba\\\/wp-content\\\/uploads\\\/2022\\\/05\\\/2-2022-05-26-10-26-47-sljivancanin.jpg\",\"datePublished\":\"2022-05-26T09:50:14+00:00\",\"dateModified\":\"2022-05-26T09:50:15+00:00\",\"breadcrumb\":{\"@id\":\"https:\\\/\\\/radioljubuski.ba\\\/index.php\\\/2022\\\/05\\\/26\\\/vukovarski-krvnik-i-ratni-zlocinac-porucio-milanovicu-da-suti\\\/#breadcrumb\"},\"inLanguage\":\"hr\",\"potentialAction\":[{\"@type\":\"ReadAction\",\"target\":[\"https:\\\/\\\/radioljubuski.ba\\\/index.php\\\/2022\\\/05\\\/26\\\/vukovarski-krvnik-i-ratni-zlocinac-porucio-milanovicu-da-suti\\\/\"]}]},{\"@type\":\"ImageObject\",\"inLanguage\":\"hr\",\"@id\":\"https:\\\/\\\/radioljubuski.ba\\\/index.php\\\/2022\\\/05\\\/26\\\/vukovarski-krvnik-i-ratni-zlocinac-porucio-milanovicu-da-suti\\\/#primaryimage\",\"url\":\"https:\\\/\\\/radioljubuski.ba\\\/wp-content\\\/uploads\\\/2022\\\/05\\\/2-2022-05-26-10-26-47-sljivancanin.jpg\",\"contentUrl\":\"https:\\\/\\\/radioljubuski.ba\\\/wp-content\\\/uploads\\\/2022\\\/05\\\/2-2022-05-26-10-26-47-sljivancanin.jpg\",\"width\":1000,\"height\":625},{\"@type\":\"BreadcrumbList\",\"@id\":\"https:\\\/\\\/radioljubuski.ba\\\/index.php\\\/2022\\\/05\\\/26\\\/vukovarski-krvnik-i-ratni-zlocinac-porucio-milanovicu-da-suti\\\/#breadcrumb\",\"itemListElement\":[{\"@type\":\"ListItem\",\"position\":1,\"name\":\"Po\u010detna stranica\",\"item\":\"https:\\\/\\\/radioljubuski.ba\\\/\"},{\"@type\":\"ListItem\",\"position\":2,\"name\":\"Vukovarski krvnik i ratni zlo\u010dinac poru\u010dio Milanovi\u0107u da \u0161uti\"}]},{\"@type\":\"WebSite\",\"@id\":\"https:\\\/\\\/radioljubuski.ba\\\/#website\",\"url\":\"https:\\\/\\\/radioljubuski.ba\\\/\",\"name\":\"Radio Ljubu\u0161ki\",\"description\":\"Sun\u010dana frekvencija Hercegovine\",\"publisher\":{\"@id\":\"https:\\\/\\\/radioljubuski.ba\\\/#organization\"},\"potentialAction\":[{\"@type\":\"SearchAction\",\"target\":{\"@type\":\"EntryPoint\",\"urlTemplate\":\"https:\\\/\\\/radioljubuski.ba\\\/?s={search_term_string}\"},\"query-input\":{\"@type\":\"PropertyValueSpecification\",\"valueRequired\":true,\"valueName\":\"search_term_string\"}}],\"inLanguage\":\"hr\"},{\"@type\":\"Organization\",\"@id\":\"https:\\\/\\\/radioljubuski.ba\\\/#organization\",\"name\":\"Radio Ljubu\u0161ki\",\"url\":\"https:\\\/\\\/radioljubuski.ba\\\/\",\"logo\":{\"@type\":\"ImageObject\",\"inLanguage\":\"hr\",\"@id\":\"https:\\\/\\\/radioljubuski.ba\\\/#\\\/schema\\\/logo\\\/image\\\/\",\"url\":\"https:\\\/\\\/radioljubuski.ba\\\/wp-content\\\/uploads\\\/2021\\\/02\\\/cropped-Radio_Ljubuski_logo1.jpg\",\"contentUrl\":\"https:\\\/\\\/radioljubuski.ba\\\/wp-content\\\/uploads\\\/2021\\\/02\\\/cropped-Radio_Ljubuski_logo1.jpg\",\"width\":512,\"height\":512,\"caption\":\"Radio Ljubu\u0161ki\"},\"image\":{\"@id\":\"https:\\\/\\\/radioljubuski.ba\\\/#\\\/schema\\\/logo\\\/image\\\/\"},\"sameAs\":[\"https:\\\/\\\/www.facebook.com\\\/Radiio-Ljubuski-1490835324566332\",\"https:\\\/\\\/x.com\\\/radioljubuski\",\"https:\\\/\\\/hr.linkedin.com\\\/company\\\/radio-ljubuski\",\"https:\\\/\\\/www.youtube.com\\\/channel\\\/UCHYaeO_n0Db3tjNGudGpXyw\"]},{\"@type\":\"Person\",\"@id\":\"https:\\\/\\\/radioljubuski.ba\\\/#\\\/schema\\\/person\\\/19fc700381a780f69665d7956c469e3b\",\"name\":\"Radio Ljubu\u0161ki\"}]}<\/script>\n<!-- \/ Yoast SEO plugin. -->","yoast_head_json":{"title":"Vukovarski krvnik i ratni zlo\u010dinac poru\u010dio Milanovi\u0107u da \u0161uti - RADIO LJUBU\u0160KI","robots":{"index":"index","follow":"follow","max-snippet":"max-snippet:-1","max-image-preview":"max-image-preview:large","max-video-preview":"max-video-preview:-1"},"canonical":"https:\/\/radioljubuski.ba\/index.php\/2022\/05\/26\/vukovarski-krvnik-i-ratni-zlocinac-porucio-milanovicu-da-suti\/","og_locale":"hr_HR","og_type":"article","og_title":"Vukovarski krvnik i ratni zlo\u010dinac poru\u010dio Milanovi\u0107u da \u0161uti - RADIO LJUBU\u0160KI","og_description":"U Srbiji su \u017eestoko reagirali na izjave Zorana Milanovi\u0107a da bi trebali paziti \u0161to rade, vezano za optu\u017enicu hrvatskih pilota za Oluju izjave da je Vu\u010di\u0107 u devedesetima &#8216;orgijao&#8217; \u0161to je mnoge skratilo za glavu. Milanovi\u0107 je rekao i da su se lako mogli dogovoriti, kad je bio premijer, da podignu optu\u017enicu protiv Vu\u010di\u0107a, ali [&hellip;]","og_url":"https:\/\/radioljubuski.ba\/index.php\/2022\/05\/26\/vukovarski-krvnik-i-ratni-zlocinac-porucio-milanovicu-da-suti\/","og_site_name":"RADIO LJUBU\u0160KI","article_publisher":"https:\/\/www.facebook.com\/Radiio-Ljubuski-1490835324566332","article_published_time":"2022-05-26T09:50:14+00:00","article_modified_time":"2022-05-26T09:50:15+00:00","og_image":[{"width":1000,"height":625,"url":"https:\/\/radioljubuski.ba\/wp-content\/uploads\/2022\/05\/2-2022-05-26-10-26-47-sljivancanin.jpg","type":"image\/jpeg"}],"author":"Radio Ljubu\u0161ki","twitter_card":"summary_large_image","twitter_creator":"@radioljubuski","twitter_site":"@radioljubuski","twitter_misc":{"Napisao\/la":"Radio Ljubu\u0161ki","Procijenjeno vrijeme \u010ditanja":"2 minute"},"schema":{"@context":"https:\/\/schema.org","@graph":[{"@type":"Article","@id":"https:\/\/radioljubuski.ba\/index.php\/2022\/05\/26\/vukovarski-krvnik-i-ratni-zlocinac-porucio-milanovicu-da-suti\/#article","isPartOf":{"@id":"https:\/\/radioljubuski.ba\/index.php\/2022\/05\/26\/vukovarski-krvnik-i-ratni-zlocinac-porucio-milanovicu-da-suti\/"},"author":{"name":"Radio Ljubu\u0161ki","@id":"https:\/\/radioljubuski.ba\/#\/schema\/person\/19fc700381a780f69665d7956c469e3b"},"headline":"Vukovarski krvnik i ratni zlo\u010dinac poru\u010dio Milanovi\u0107u da \u0161uti","datePublished":"2022-05-26T09:50:14+00:00","dateModified":"2022-05-26T09:50:15+00:00","mainEntityOfPage":{"@id":"https:\/\/radioljubuski.ba\/index.php\/2022\/05\/26\/vukovarski-krvnik-i-ratni-zlocinac-porucio-milanovicu-da-suti\/"},"wordCount":501,"publisher":{"@id":"https:\/\/radioljubuski.ba\/#organization"},"image":{"@id":"https:\/\/radioljubuski.ba\/index.php\/2022\/05\/26\/vukovarski-krvnik-i-ratni-zlocinac-porucio-milanovicu-da-suti\/#primaryimage"},"thumbnailUrl":"https:\/\/radioljubuski.ba\/wp-content\/uploads\/2022\/05\/2-2022-05-26-10-26-47-sljivancanin.jpg","articleSection":["BIH i regija"],"inLanguage":"hr"},{"@type":"WebPage","@id":"https:\/\/radioljubuski.ba\/index.php\/2022\/05\/26\/vukovarski-krvnik-i-ratni-zlocinac-porucio-milanovicu-da-suti\/","url":"https:\/\/radioljubuski.ba\/index.php\/2022\/05\/26\/vukovarski-krvnik-i-ratni-zlocinac-porucio-milanovicu-da-suti\/","name":"Vukovarski krvnik i ratni zlo\u010dinac poru\u010dio Milanovi\u0107u da \u0161uti - RADIO LJUBU\u0160KI","isPartOf":{"@id":"https:\/\/radioljubuski.ba\/#website"},"primaryImageOfPage":{"@id":"https:\/\/radioljubuski.ba\/index.php\/2022\/05\/26\/vukovarski-krvnik-i-ratni-zlocinac-porucio-milanovicu-da-suti\/#primaryimage"},"image":{"@id":"https:\/\/radioljubuski.ba\/index.php\/2022\/05\/26\/vukovarski-krvnik-i-ratni-zlocinac-porucio-milanovicu-da-suti\/#primaryimage"},"thumbnailUrl":"https:\/\/radioljubuski.ba\/wp-content\/uploads\/2022\/05\/2-2022-05-26-10-26-47-sljivancanin.jpg","datePublished":"2022-05-26T09:50:14+00:00","dateModified":"2022-05-26T09:50:15+00:00","breadcrumb":{"@id":"https:\/\/radioljubuski.ba\/index.php\/2022\/05\/26\/vukovarski-krvnik-i-ratni-zlocinac-porucio-milanovicu-da-suti\/#breadcrumb"},"inLanguage":"hr","potentialAction":[{"@type":"ReadAction","target":["https:\/\/radioljubuski.ba\/index.php\/2022\/05\/26\/vukovarski-krvnik-i-ratni-zlocinac-porucio-milanovicu-da-suti\/"]}]},{"@type":"ImageObject","inLanguage":"hr","@id":"https:\/\/radioljubuski.ba\/index.php\/2022\/05\/26\/vukovarski-krvnik-i-ratni-zlocinac-porucio-milanovicu-da-suti\/#primaryimage","url":"https:\/\/radioljubuski.ba\/wp-content\/uploads\/2022\/05\/2-2022-05-26-10-26-47-sljivancanin.jpg","contentUrl":"https:\/\/radioljubuski.ba\/wp-content\/uploads\/2022\/05\/2-2022-05-26-10-26-47-sljivancanin.jpg","width":1000,"height":625},{"@type":"BreadcrumbList","@id":"https:\/\/radioljubuski.ba\/index.php\/2022\/05\/26\/vukovarski-krvnik-i-ratni-zlocinac-porucio-milanovicu-da-suti\/#breadcrumb","itemListElement":[{"@type":"ListItem","position":1,"name":"Po\u010detna stranica","item":"https:\/\/radioljubuski.ba\/"},{"@type":"ListItem","position":2,"name":"Vukovarski krvnik i ratni zlo\u010dinac poru\u010dio Milanovi\u0107u da \u0161uti"}]},{"@type":"WebSite","@id":"https:\/\/radioljubuski.ba\/#website","url":"https:\/\/radioljubuski.ba\/","name":"Radio Ljubu\u0161ki","description":"Sun\u010dana frekvencija Hercegovine","publisher":{"@id":"https:\/\/radioljubuski.ba\/#organization"},"potentialAction":[{"@type":"SearchAction","target":{"@type":"EntryPoint","urlTemplate":"https:\/\/radioljubuski.ba\/?s={search_term_string}"},"query-input":{"@type":"PropertyValueSpecification","valueRequired":true,"valueName":"search_term_string"}}],"inLanguage":"hr"},{"@type":"Organization","@id":"https:\/\/radioljubuski.ba\/#organization","name":"Radio Ljubu\u0161ki","url":"https:\/\/radioljubuski.ba\/","logo":{"@type":"ImageObject","inLanguage":"hr","@id":"https:\/\/radioljubuski.ba\/#\/schema\/logo\/image\/","url":"https:\/\/radioljubuski.ba\/wp-content\/uploads\/2021\/02\/cropped-Radio_Ljubuski_logo1.jpg","contentUrl":"https:\/\/radioljubuski.ba\/wp-content\/uploads\/2021\/02\/cropped-Radio_Ljubuski_logo1.jpg","width":512,"height":512,"caption":"Radio Ljubu\u0161ki"},"image":{"@id":"https:\/\/radioljubuski.ba\/#\/schema\/logo\/image\/"},"sameAs":["https:\/\/www.facebook.com\/Radiio-Ljubuski-1490835324566332","https:\/\/x.com\/radioljubuski","https:\/\/hr.linkedin.com\/company\/radio-ljubuski","https:\/\/www.youtube.com\/channel\/UCHYaeO_n0Db3tjNGudGpXyw"]},{"@type":"Person","@id":"https:\/\/radioljubuski.ba\/#\/schema\/person\/19fc700381a780f69665d7956c469e3b","name":"Radio Ljubu\u0161ki"}]}},"_links":{"self":[{"href":"https:\/\/radioljubuski.ba\/index.php\/wp-json\/wp\/v2\/posts\/144139","targetHints":{"allow":["GET"]}}],"collection":[{"href":"https:\/\/radioljubuski.ba\/index.php\/wp-json\/wp\/v2\/posts"}],"about":[{"href":"https:\/\/radioljubuski.ba\/index.php\/wp-json\/wp\/v2\/types\/post"}],"author":[{"embeddable":true,"href":"https:\/\/radioljubuski.ba\/index.php\/wp-json\/wp\/v2\/users\/2"}],"replies":[{"embeddable":true,"href":"https:\/\/radioljubuski.ba\/index.php\/wp-json\/wp\/v2\/comments?post=144139"}],"version-history":[{"count":1,"href":"https:\/\/radioljubuski.ba\/index.php\/wp-json\/wp\/v2\/posts\/144139\/revisions"}],"predecessor-version":[{"id":144141,"href":"https:\/\/radioljubuski.ba\/index.php\/wp-json\/wp\/v2\/posts\/144139\/revisions\/144141"}],"wp:featuredmedia":[{"embeddable":true,"href":"https:\/\/radioljubuski.ba\/index.php\/wp-json\/wp\/v2\/media\/144140"}],"wp:attachment":[{"href":"https:\/\/radioljubuski.ba\/index.php\/wp-json\/wp\/v2\/media?parent=144139"}],"wp:term":[{"taxonomy":"category","embeddable":true,"href":"https:\/\/radioljubuski.ba\/index.php\/wp-json\/wp\/v2\/categories?post=144139"},{"taxonomy":"post_tag","embeddable":true,"href":"https:\/\/radioljubuski.ba\/index.php\/wp-json\/wp\/v2\/tags?post=144139"}],"curies":[{"name":"wp","href":"https:\/\/api.w.org\/{rel}","templated":true}]}}