{"id":144151,"date":"2022-05-26T10:55:53","date_gmt":"2022-05-26T09:55:53","guid":{"rendered":"https:\/\/radioljubuski.ba\/?p=144151"},"modified":"2022-05-26T10:55:54","modified_gmt":"2022-05-26T09:55:54","slug":"u-skoli-kraljice-mira-rad-na-srcu-i-gospa-nas-uci-moliti-predstavljanje-knjiga-fra-marinka-sakote","status":"publish","type":"post","link":"https:\/\/radioljubuski.ba\/index.php\/2022\/05\/26\/u-skoli-kraljice-mira-rad-na-srcu-i-gospa-nas-uci-moliti-predstavljanje-knjiga-fra-marinka-sakote\/","title":{"rendered":"U \u0161koli Kraljice mira, Rad na srcu i Gospa nas u\u010di moliti &#8211; predstavljanje knjiga fra Marinka \u0160akote"},"content":{"rendered":"\n<p>U ponedjeljak, 30. svibnja 2022. u 19:30 sati, u dvorani Ivana Pavla II. (\u017duta dvorana), bit \u0107e predstavljanje triju knjiga me\u0111ugorskog \u017eupnika fra Marinka \u0160akote.<\/p>\n\n\n\n<p>Fra Marinkove knjige: U \u0161koli Kraljice mira, Rad na srcu i Gospa nas u\u010di moliti, mogli bismo s dobrim razlozima nazvati ud\u017ebenicima me\u0111ugorske duhovnosti. Autor je osobno pro\u0161ao tu \u0161kolu, \u017eive\u0107i Gospine poruke i u\u010de\u0107i od onih koji su tu \u0161kolu pro\u0161li prije njega, posebno od pokojnog fra Slavka Barbari\u0107a kojega \u010desto i citira. Sve je to trajno produbljivao na brojnim seminarima posta i molitve koje je vodio u Ku\u0107i mira, kao i u katehezama koje je dr\u017eao hodo\u010dasnicima iz cijeloga svijeta, oboga\u0107uju\u0107i sve to pomnim \u010ditanjem i meditiranjem biblijskih mjesta na koja su se pojedine Gospine poruke odnosile.<\/p>\n\n\n\n<p>Va\u017enu ulogu u rastu i sazrijevanju tekstova odigrali su i razgovori sa sudionicima spomenutih seminara, u kojima je nalazio dragocjene spoznaje o odjeku poruka u \u017eivotu hodo\u010dasnika diljem svijeta. Sve je to dodatno oplemenjeno osobnom molitvom, postom, klanjanjem Oltarskom sakramentu, \u010da\u0161\u0107enjem kri\u017ea Gospodinova, razmatranjem postaja kri\u017enoga puta\u2026 Kao plod toga vi\u0161egodi\u0161njeg iskustva s Me\u0111ugorjem nastale su ove knjige koje se doista mogu smatrati posebnim i u toj posebnosti vrlo vrijednim.<\/p>\n\n\n\n<p>Knjige sa\u017eimaju najva\u017enije vidove Me\u0111ugorja kao duhovnog pokreta nastala dolaskom nebeske Majke Marije, koja se u Me\u0111ugorju predstavila kao Kraljica mira, i njezine pedagogije u \u0161koli mira rasprostranjene diljem svijeta. Ovim knjigama produbljuju se neke od &nbsp;tema, kao \u0161to su molitva i post, rad na srcu i odnos prema prirodi.<\/p>\n\n\n\n<p>\u201dOdavno sam htio napisati ove knjige, no nedostatak vremena zbog zgusnutoga pastoralnog rada u Me\u0111ugorju nije mi to dopu\u0161tao. Pa ipak, zahvalan sam upravo tom radom ispunjenu vremenu, jer su mi se u \u010destim susretima s hodo\u010dasnicima, u predavanjima i katehezama otvarali uvijek novi vidici s dragocjenim spoznajama. Posebno isti\u010dem seminare posta i molitve na kojima sam mogao izlagati teme iz Gospine \u0161kole i slu\u0161ati sudionike iz razli\u010ditih zemalja svijeta, njihove reakcije na re\u010deno i pitanja koja su ih mu\u010dila, a \u0161to je mene bodrilo da iznova tragam za istinom, preispitujem i produbljujem svoje znanje. \u010cudesno je to iskustvo primanja i bistrenja spoznaja upravo u trenutcima davanja drugima.<\/p>\n\n\n\n<p>Knjige predajem hodo\u010dasnicima, koji su na bilo koji na\u010din povezani sa \u0161kolom Kraljice mira, u nadi da \u0107e im pomo\u0107i u osobnom rastu i sazrijevanju, ali tako\u0111er bih volio da do\u0111e u ruke onih koji jo\u0161 uvijek nisu upoznali ovu \u0161kolu kako bi im bila poticaj u odluci da prihvate ruku Majke i U\u010diteljice te postanu \u0161iritelji Radosne vijesti i mira po svijetu\u201d, poru\u010dio je autor.<\/p>\n\n\n\n<p>Svi oni koji u ruke uzmu ove fra Marinkove knjige do\u017eivjet \u0107e pravu opijenost Gospinom duhovno\u0161\u0107u koja je plod njezine \u0161kole koje se ne treba bojati, ve\u0107 odva\u017eno u nju stupiti. Knjige su pisane jednostavno i prakti\u010dno da doista mo\u017ee poslu\u017eiti kao ud\u017ebenik u toj \u0161koli, ali i kao primjerice vrlo prikladno gradivo za duhovne vje\u017ebe ili osobno duhovno \u0161tivo. U svakom slu\u010daju one predstavljaju pravo osvje\u017eenje i oboga\u0107enje literature koja se bavi me\u0111ugorskom duhovno\u0161\u0107u.<\/p>\n\n\n\n<p>U programu sudjeluju: fra Ante Vu\u010dkovi\u0107, Kre\u0161imir Mileti\u0107 i fra Marinko \u0160akota.<\/p>\n\n\n\n<p>Izvor:pogled.ba<\/p>\n","protected":false},"excerpt":{"rendered":"<p>U ponedjeljak, 30. svibnja 2022. u 19:30 sati, u dvorani Ivana Pavla II. (\u017duta dvorana), bit \u0107e predstavljanje triju knjiga me\u0111ugorskog \u017eupnika fra Marinka \u0160akote. Fra Marinkove knjige: U \u0161koli Kraljice mira, Rad na srcu i Gospa nas u\u010di moliti, mogli bismo s dobrim razlozima nazvati ud\u017ebenicima me\u0111ugorske duhovnosti. Autor je osobno pro\u0161ao tu \u0161kolu, [&hellip;]<\/p>\n","protected":false},"author":2,"featured_media":144152,"comment_status":"closed","ping_status":"closed","sticky":false,"template":"","format":"standard","meta":{"h5ap_radio_sources":[],"footnotes":""},"categories":[1],"tags":[],"class_list":["post-144151","post","type-post","status-publish","format-standard","has-post-thumbnail","hentry","category-bihiregija"],"yoast_head":"<!-- This site is optimized with the Yoast SEO plugin v27.5 - https:\/\/yoast.com\/product\/yoast-seo-wordpress\/ -->\n<title>U \u0161koli Kraljice mira, Rad na srcu i Gospa nas u\u010di moliti - predstavljanje knjiga fra Marinka \u0160akote - RADIO LJUBU\u0160KI<\/title>\n<meta name=\"robots\" content=\"index, follow, max-snippet:-1, max-image-preview:large, max-video-preview:-1\" \/>\n<link rel=\"canonical\" href=\"https:\/\/radioljubuski.ba\/index.php\/2022\/05\/26\/u-skoli-kraljice-mira-rad-na-srcu-i-gospa-nas-uci-moliti-predstavljanje-knjiga-fra-marinka-sakote\/\" \/>\n<meta property=\"og:locale\" content=\"hr_HR\" \/>\n<meta property=\"og:type\" content=\"article\" \/>\n<meta property=\"og:title\" content=\"U \u0161koli Kraljice mira, Rad na srcu i Gospa nas u\u010di moliti - predstavljanje knjiga fra Marinka \u0160akote - RADIO LJUBU\u0160KI\" \/>\n<meta property=\"og:description\" content=\"U ponedjeljak, 30. svibnja 2022. u 19:30 sati, u dvorani Ivana Pavla II. (\u017duta dvorana), bit \u0107e predstavljanje triju knjiga me\u0111ugorskog \u017eupnika fra Marinka \u0160akote. Fra Marinkove knjige: U \u0161koli Kraljice mira, Rad na srcu i Gospa nas u\u010di moliti, mogli bismo s dobrim razlozima nazvati ud\u017ebenicima me\u0111ugorske duhovnosti. Autor je osobno pro\u0161ao tu \u0161kolu, [&hellip;]\" \/>\n<meta property=\"og:url\" content=\"https:\/\/radioljubuski.ba\/index.php\/2022\/05\/26\/u-skoli-kraljice-mira-rad-na-srcu-i-gospa-nas-uci-moliti-predstavljanje-knjiga-fra-marinka-sakote\/\" \/>\n<meta property=\"og:site_name\" content=\"RADIO LJUBU\u0160KI\" \/>\n<meta property=\"article:publisher\" content=\"https:\/\/www.facebook.com\/Radiio-Ljubuski-1490835324566332\" \/>\n<meta property=\"article:published_time\" content=\"2022-05-26T09:55:53+00:00\" \/>\n<meta property=\"article:modified_time\" content=\"2022-05-26T09:55:54+00:00\" \/>\n<meta property=\"og:image\" content=\"https:\/\/radioljubuski.ba\/wp-content\/uploads\/2022\/05\/2-2022-05-26-11-13-50-sakota.jpg\" \/>\n\t<meta property=\"og:image:width\" content=\"1000\" \/>\n\t<meta property=\"og:image:height\" content=\"625\" \/>\n\t<meta property=\"og:image:type\" content=\"image\/jpeg\" \/>\n<meta name=\"author\" content=\"Radio Ljubu\u0161ki\" \/>\n<meta name=\"twitter:card\" content=\"summary_large_image\" \/>\n<meta name=\"twitter:creator\" content=\"@radioljubuski\" \/>\n<meta name=\"twitter:site\" content=\"@radioljubuski\" \/>\n<meta name=\"twitter:label1\" content=\"Napisao\/la\" \/>\n\t<meta name=\"twitter:data1\" content=\"Radio Ljubu\u0161ki\" \/>\n\t<meta name=\"twitter:label2\" content=\"Procijenjeno vrijeme \u010ditanja\" \/>\n\t<meta name=\"twitter:data2\" content=\"3 minute\" \/>\n<script type=\"application\/ld+json\" class=\"yoast-schema-graph\">{\"@context\":\"https:\\\/\\\/schema.org\",\"@graph\":[{\"@type\":\"Article\",\"@id\":\"https:\\\/\\\/radioljubuski.ba\\\/index.php\\\/2022\\\/05\\\/26\\\/u-skoli-kraljice-mira-rad-na-srcu-i-gospa-nas-uci-moliti-predstavljanje-knjiga-fra-marinka-sakote\\\/#article\",\"isPartOf\":{\"@id\":\"https:\\\/\\\/radioljubuski.ba\\\/index.php\\\/2022\\\/05\\\/26\\\/u-skoli-kraljice-mira-rad-na-srcu-i-gospa-nas-uci-moliti-predstavljanje-knjiga-fra-marinka-sakote\\\/\"},\"author\":{\"name\":\"Radio Ljubu\u0161ki\",\"@id\":\"https:\\\/\\\/radioljubuski.ba\\\/#\\\/schema\\\/person\\\/19fc700381a780f69665d7956c469e3b\"},\"headline\":\"U \u0161koli Kraljice mira, Rad na srcu i Gospa nas u\u010di moliti &#8211; predstavljanje knjiga fra Marinka \u0160akote\",\"datePublished\":\"2022-05-26T09:55:53+00:00\",\"dateModified\":\"2022-05-26T09:55:54+00:00\",\"mainEntityOfPage\":{\"@id\":\"https:\\\/\\\/radioljubuski.ba\\\/index.php\\\/2022\\\/05\\\/26\\\/u-skoli-kraljice-mira-rad-na-srcu-i-gospa-nas-uci-moliti-predstavljanje-knjiga-fra-marinka-sakote\\\/\"},\"wordCount\":582,\"publisher\":{\"@id\":\"https:\\\/\\\/radioljubuski.ba\\\/#organization\"},\"image\":{\"@id\":\"https:\\\/\\\/radioljubuski.ba\\\/index.php\\\/2022\\\/05\\\/26\\\/u-skoli-kraljice-mira-rad-na-srcu-i-gospa-nas-uci-moliti-predstavljanje-knjiga-fra-marinka-sakote\\\/#primaryimage\"},\"thumbnailUrl\":\"https:\\\/\\\/radioljubuski.ba\\\/wp-content\\\/uploads\\\/2022\\\/05\\\/2-2022-05-26-11-13-50-sakota.jpg\",\"articleSection\":[\"BIH i regija\"],\"inLanguage\":\"hr\"},{\"@type\":\"WebPage\",\"@id\":\"https:\\\/\\\/radioljubuski.ba\\\/index.php\\\/2022\\\/05\\\/26\\\/u-skoli-kraljice-mira-rad-na-srcu-i-gospa-nas-uci-moliti-predstavljanje-knjiga-fra-marinka-sakote\\\/\",\"url\":\"https:\\\/\\\/radioljubuski.ba\\\/index.php\\\/2022\\\/05\\\/26\\\/u-skoli-kraljice-mira-rad-na-srcu-i-gospa-nas-uci-moliti-predstavljanje-knjiga-fra-marinka-sakote\\\/\",\"name\":\"U \u0161koli Kraljice mira, Rad na srcu i Gospa nas u\u010di moliti - predstavljanje knjiga fra Marinka \u0160akote - RADIO LJUBU\u0160KI\",\"isPartOf\":{\"@id\":\"https:\\\/\\\/radioljubuski.ba\\\/#website\"},\"primaryImageOfPage\":{\"@id\":\"https:\\\/\\\/radioljubuski.ba\\\/index.php\\\/2022\\\/05\\\/26\\\/u-skoli-kraljice-mira-rad-na-srcu-i-gospa-nas-uci-moliti-predstavljanje-knjiga-fra-marinka-sakote\\\/#primaryimage\"},\"image\":{\"@id\":\"https:\\\/\\\/radioljubuski.ba\\\/index.php\\\/2022\\\/05\\\/26\\\/u-skoli-kraljice-mira-rad-na-srcu-i-gospa-nas-uci-moliti-predstavljanje-knjiga-fra-marinka-sakote\\\/#primaryimage\"},\"thumbnailUrl\":\"https:\\\/\\\/radioljubuski.ba\\\/wp-content\\\/uploads\\\/2022\\\/05\\\/2-2022-05-26-11-13-50-sakota.jpg\",\"datePublished\":\"2022-05-26T09:55:53+00:00\",\"dateModified\":\"2022-05-26T09:55:54+00:00\",\"breadcrumb\":{\"@id\":\"https:\\\/\\\/radioljubuski.ba\\\/index.php\\\/2022\\\/05\\\/26\\\/u-skoli-kraljice-mira-rad-na-srcu-i-gospa-nas-uci-moliti-predstavljanje-knjiga-fra-marinka-sakote\\\/#breadcrumb\"},\"inLanguage\":\"hr\",\"potentialAction\":[{\"@type\":\"ReadAction\",\"target\":[\"https:\\\/\\\/radioljubuski.ba\\\/index.php\\\/2022\\\/05\\\/26\\\/u-skoli-kraljice-mira-rad-na-srcu-i-gospa-nas-uci-moliti-predstavljanje-knjiga-fra-marinka-sakote\\\/\"]}]},{\"@type\":\"ImageObject\",\"inLanguage\":\"hr\",\"@id\":\"https:\\\/\\\/radioljubuski.ba\\\/index.php\\\/2022\\\/05\\\/26\\\/u-skoli-kraljice-mira-rad-na-srcu-i-gospa-nas-uci-moliti-predstavljanje-knjiga-fra-marinka-sakote\\\/#primaryimage\",\"url\":\"https:\\\/\\\/radioljubuski.ba\\\/wp-content\\\/uploads\\\/2022\\\/05\\\/2-2022-05-26-11-13-50-sakota.jpg\",\"contentUrl\":\"https:\\\/\\\/radioljubuski.ba\\\/wp-content\\\/uploads\\\/2022\\\/05\\\/2-2022-05-26-11-13-50-sakota.jpg\",\"width\":1000,\"height\":625},{\"@type\":\"BreadcrumbList\",\"@id\":\"https:\\\/\\\/radioljubuski.ba\\\/index.php\\\/2022\\\/05\\\/26\\\/u-skoli-kraljice-mira-rad-na-srcu-i-gospa-nas-uci-moliti-predstavljanje-knjiga-fra-marinka-sakote\\\/#breadcrumb\",\"itemListElement\":[{\"@type\":\"ListItem\",\"position\":1,\"name\":\"Po\u010detna stranica\",\"item\":\"https:\\\/\\\/radioljubuski.ba\\\/\"},{\"@type\":\"ListItem\",\"position\":2,\"name\":\"U \u0161koli Kraljice mira, Rad na srcu i Gospa nas u\u010di moliti &#8211; predstavljanje knjiga fra Marinka \u0160akote\"}]},{\"@type\":\"WebSite\",\"@id\":\"https:\\\/\\\/radioljubuski.ba\\\/#website\",\"url\":\"https:\\\/\\\/radioljubuski.ba\\\/\",\"name\":\"Radio Ljubu\u0161ki\",\"description\":\"Sun\u010dana frekvencija Hercegovine\",\"publisher\":{\"@id\":\"https:\\\/\\\/radioljubuski.ba\\\/#organization\"},\"potentialAction\":[{\"@type\":\"SearchAction\",\"target\":{\"@type\":\"EntryPoint\",\"urlTemplate\":\"https:\\\/\\\/radioljubuski.ba\\\/?s={search_term_string}\"},\"query-input\":{\"@type\":\"PropertyValueSpecification\",\"valueRequired\":true,\"valueName\":\"search_term_string\"}}],\"inLanguage\":\"hr\"},{\"@type\":\"Organization\",\"@id\":\"https:\\\/\\\/radioljubuski.ba\\\/#organization\",\"name\":\"Radio Ljubu\u0161ki\",\"url\":\"https:\\\/\\\/radioljubuski.ba\\\/\",\"logo\":{\"@type\":\"ImageObject\",\"inLanguage\":\"hr\",\"@id\":\"https:\\\/\\\/radioljubuski.ba\\\/#\\\/schema\\\/logo\\\/image\\\/\",\"url\":\"https:\\\/\\\/radioljubuski.ba\\\/wp-content\\\/uploads\\\/2021\\\/02\\\/cropped-Radio_Ljubuski_logo1.jpg\",\"contentUrl\":\"https:\\\/\\\/radioljubuski.ba\\\/wp-content\\\/uploads\\\/2021\\\/02\\\/cropped-Radio_Ljubuski_logo1.jpg\",\"width\":512,\"height\":512,\"caption\":\"Radio Ljubu\u0161ki\"},\"image\":{\"@id\":\"https:\\\/\\\/radioljubuski.ba\\\/#\\\/schema\\\/logo\\\/image\\\/\"},\"sameAs\":[\"https:\\\/\\\/www.facebook.com\\\/Radiio-Ljubuski-1490835324566332\",\"https:\\\/\\\/x.com\\\/radioljubuski\",\"https:\\\/\\\/hr.linkedin.com\\\/company\\\/radio-ljubuski\",\"https:\\\/\\\/www.youtube.com\\\/channel\\\/UCHYaeO_n0Db3tjNGudGpXyw\"]},{\"@type\":\"Person\",\"@id\":\"https:\\\/\\\/radioljubuski.ba\\\/#\\\/schema\\\/person\\\/19fc700381a780f69665d7956c469e3b\",\"name\":\"Radio Ljubu\u0161ki\"}]}<\/script>\n<!-- \/ Yoast SEO plugin. -->","yoast_head_json":{"title":"U \u0161koli Kraljice mira, Rad na srcu i Gospa nas u\u010di moliti - predstavljanje knjiga fra Marinka \u0160akote - RADIO LJUBU\u0160KI","robots":{"index":"index","follow":"follow","max-snippet":"max-snippet:-1","max-image-preview":"max-image-preview:large","max-video-preview":"max-video-preview:-1"},"canonical":"https:\/\/radioljubuski.ba\/index.php\/2022\/05\/26\/u-skoli-kraljice-mira-rad-na-srcu-i-gospa-nas-uci-moliti-predstavljanje-knjiga-fra-marinka-sakote\/","og_locale":"hr_HR","og_type":"article","og_title":"U \u0161koli Kraljice mira, Rad na srcu i Gospa nas u\u010di moliti - predstavljanje knjiga fra Marinka \u0160akote - RADIO LJUBU\u0160KI","og_description":"U ponedjeljak, 30. svibnja 2022. u 19:30 sati, u dvorani Ivana Pavla II. (\u017duta dvorana), bit \u0107e predstavljanje triju knjiga me\u0111ugorskog \u017eupnika fra Marinka \u0160akote. Fra Marinkove knjige: U \u0161koli Kraljice mira, Rad na srcu i Gospa nas u\u010di moliti, mogli bismo s dobrim razlozima nazvati ud\u017ebenicima me\u0111ugorske duhovnosti. Autor je osobno pro\u0161ao tu \u0161kolu, [&hellip;]","og_url":"https:\/\/radioljubuski.ba\/index.php\/2022\/05\/26\/u-skoli-kraljice-mira-rad-na-srcu-i-gospa-nas-uci-moliti-predstavljanje-knjiga-fra-marinka-sakote\/","og_site_name":"RADIO LJUBU\u0160KI","article_publisher":"https:\/\/www.facebook.com\/Radiio-Ljubuski-1490835324566332","article_published_time":"2022-05-26T09:55:53+00:00","article_modified_time":"2022-05-26T09:55:54+00:00","og_image":[{"width":1000,"height":625,"url":"https:\/\/radioljubuski.ba\/wp-content\/uploads\/2022\/05\/2-2022-05-26-11-13-50-sakota.jpg","type":"image\/jpeg"}],"author":"Radio Ljubu\u0161ki","twitter_card":"summary_large_image","twitter_creator":"@radioljubuski","twitter_site":"@radioljubuski","twitter_misc":{"Napisao\/la":"Radio Ljubu\u0161ki","Procijenjeno vrijeme \u010ditanja":"3 minute"},"schema":{"@context":"https:\/\/schema.org","@graph":[{"@type":"Article","@id":"https:\/\/radioljubuski.ba\/index.php\/2022\/05\/26\/u-skoli-kraljice-mira-rad-na-srcu-i-gospa-nas-uci-moliti-predstavljanje-knjiga-fra-marinka-sakote\/#article","isPartOf":{"@id":"https:\/\/radioljubuski.ba\/index.php\/2022\/05\/26\/u-skoli-kraljice-mira-rad-na-srcu-i-gospa-nas-uci-moliti-predstavljanje-knjiga-fra-marinka-sakote\/"},"author":{"name":"Radio Ljubu\u0161ki","@id":"https:\/\/radioljubuski.ba\/#\/schema\/person\/19fc700381a780f69665d7956c469e3b"},"headline":"U \u0161koli Kraljice mira, Rad na srcu i Gospa nas u\u010di moliti &#8211; predstavljanje knjiga fra Marinka \u0160akote","datePublished":"2022-05-26T09:55:53+00:00","dateModified":"2022-05-26T09:55:54+00:00","mainEntityOfPage":{"@id":"https:\/\/radioljubuski.ba\/index.php\/2022\/05\/26\/u-skoli-kraljice-mira-rad-na-srcu-i-gospa-nas-uci-moliti-predstavljanje-knjiga-fra-marinka-sakote\/"},"wordCount":582,"publisher":{"@id":"https:\/\/radioljubuski.ba\/#organization"},"image":{"@id":"https:\/\/radioljubuski.ba\/index.php\/2022\/05\/26\/u-skoli-kraljice-mira-rad-na-srcu-i-gospa-nas-uci-moliti-predstavljanje-knjiga-fra-marinka-sakote\/#primaryimage"},"thumbnailUrl":"https:\/\/radioljubuski.ba\/wp-content\/uploads\/2022\/05\/2-2022-05-26-11-13-50-sakota.jpg","articleSection":["BIH i regija"],"inLanguage":"hr"},{"@type":"WebPage","@id":"https:\/\/radioljubuski.ba\/index.php\/2022\/05\/26\/u-skoli-kraljice-mira-rad-na-srcu-i-gospa-nas-uci-moliti-predstavljanje-knjiga-fra-marinka-sakote\/","url":"https:\/\/radioljubuski.ba\/index.php\/2022\/05\/26\/u-skoli-kraljice-mira-rad-na-srcu-i-gospa-nas-uci-moliti-predstavljanje-knjiga-fra-marinka-sakote\/","name":"U \u0161koli Kraljice mira, Rad na srcu i Gospa nas u\u010di moliti - predstavljanje knjiga fra Marinka \u0160akote - RADIO LJUBU\u0160KI","isPartOf":{"@id":"https:\/\/radioljubuski.ba\/#website"},"primaryImageOfPage":{"@id":"https:\/\/radioljubuski.ba\/index.php\/2022\/05\/26\/u-skoli-kraljice-mira-rad-na-srcu-i-gospa-nas-uci-moliti-predstavljanje-knjiga-fra-marinka-sakote\/#primaryimage"},"image":{"@id":"https:\/\/radioljubuski.ba\/index.php\/2022\/05\/26\/u-skoli-kraljice-mira-rad-na-srcu-i-gospa-nas-uci-moliti-predstavljanje-knjiga-fra-marinka-sakote\/#primaryimage"},"thumbnailUrl":"https:\/\/radioljubuski.ba\/wp-content\/uploads\/2022\/05\/2-2022-05-26-11-13-50-sakota.jpg","datePublished":"2022-05-26T09:55:53+00:00","dateModified":"2022-05-26T09:55:54+00:00","breadcrumb":{"@id":"https:\/\/radioljubuski.ba\/index.php\/2022\/05\/26\/u-skoli-kraljice-mira-rad-na-srcu-i-gospa-nas-uci-moliti-predstavljanje-knjiga-fra-marinka-sakote\/#breadcrumb"},"inLanguage":"hr","potentialAction":[{"@type":"ReadAction","target":["https:\/\/radioljubuski.ba\/index.php\/2022\/05\/26\/u-skoli-kraljice-mira-rad-na-srcu-i-gospa-nas-uci-moliti-predstavljanje-knjiga-fra-marinka-sakote\/"]}]},{"@type":"ImageObject","inLanguage":"hr","@id":"https:\/\/radioljubuski.ba\/index.php\/2022\/05\/26\/u-skoli-kraljice-mira-rad-na-srcu-i-gospa-nas-uci-moliti-predstavljanje-knjiga-fra-marinka-sakote\/#primaryimage","url":"https:\/\/radioljubuski.ba\/wp-content\/uploads\/2022\/05\/2-2022-05-26-11-13-50-sakota.jpg","contentUrl":"https:\/\/radioljubuski.ba\/wp-content\/uploads\/2022\/05\/2-2022-05-26-11-13-50-sakota.jpg","width":1000,"height":625},{"@type":"BreadcrumbList","@id":"https:\/\/radioljubuski.ba\/index.php\/2022\/05\/26\/u-skoli-kraljice-mira-rad-na-srcu-i-gospa-nas-uci-moliti-predstavljanje-knjiga-fra-marinka-sakote\/#breadcrumb","itemListElement":[{"@type":"ListItem","position":1,"name":"Po\u010detna stranica","item":"https:\/\/radioljubuski.ba\/"},{"@type":"ListItem","position":2,"name":"U \u0161koli Kraljice mira, Rad na srcu i Gospa nas u\u010di moliti &#8211; predstavljanje knjiga fra Marinka \u0160akote"}]},{"@type":"WebSite","@id":"https:\/\/radioljubuski.ba\/#website","url":"https:\/\/radioljubuski.ba\/","name":"Radio Ljubu\u0161ki","description":"Sun\u010dana frekvencija Hercegovine","publisher":{"@id":"https:\/\/radioljubuski.ba\/#organization"},"potentialAction":[{"@type":"SearchAction","target":{"@type":"EntryPoint","urlTemplate":"https:\/\/radioljubuski.ba\/?s={search_term_string}"},"query-input":{"@type":"PropertyValueSpecification","valueRequired":true,"valueName":"search_term_string"}}],"inLanguage":"hr"},{"@type":"Organization","@id":"https:\/\/radioljubuski.ba\/#organization","name":"Radio Ljubu\u0161ki","url":"https:\/\/radioljubuski.ba\/","logo":{"@type":"ImageObject","inLanguage":"hr","@id":"https:\/\/radioljubuski.ba\/#\/schema\/logo\/image\/","url":"https:\/\/radioljubuski.ba\/wp-content\/uploads\/2021\/02\/cropped-Radio_Ljubuski_logo1.jpg","contentUrl":"https:\/\/radioljubuski.ba\/wp-content\/uploads\/2021\/02\/cropped-Radio_Ljubuski_logo1.jpg","width":512,"height":512,"caption":"Radio Ljubu\u0161ki"},"image":{"@id":"https:\/\/radioljubuski.ba\/#\/schema\/logo\/image\/"},"sameAs":["https:\/\/www.facebook.com\/Radiio-Ljubuski-1490835324566332","https:\/\/x.com\/radioljubuski","https:\/\/hr.linkedin.com\/company\/radio-ljubuski","https:\/\/www.youtube.com\/channel\/UCHYaeO_n0Db3tjNGudGpXyw"]},{"@type":"Person","@id":"https:\/\/radioljubuski.ba\/#\/schema\/person\/19fc700381a780f69665d7956c469e3b","name":"Radio Ljubu\u0161ki"}]}},"_links":{"self":[{"href":"https:\/\/radioljubuski.ba\/index.php\/wp-json\/wp\/v2\/posts\/144151","targetHints":{"allow":["GET"]}}],"collection":[{"href":"https:\/\/radioljubuski.ba\/index.php\/wp-json\/wp\/v2\/posts"}],"about":[{"href":"https:\/\/radioljubuski.ba\/index.php\/wp-json\/wp\/v2\/types\/post"}],"author":[{"embeddable":true,"href":"https:\/\/radioljubuski.ba\/index.php\/wp-json\/wp\/v2\/users\/2"}],"replies":[{"embeddable":true,"href":"https:\/\/radioljubuski.ba\/index.php\/wp-json\/wp\/v2\/comments?post=144151"}],"version-history":[{"count":1,"href":"https:\/\/radioljubuski.ba\/index.php\/wp-json\/wp\/v2\/posts\/144151\/revisions"}],"predecessor-version":[{"id":144153,"href":"https:\/\/radioljubuski.ba\/index.php\/wp-json\/wp\/v2\/posts\/144151\/revisions\/144153"}],"wp:featuredmedia":[{"embeddable":true,"href":"https:\/\/radioljubuski.ba\/index.php\/wp-json\/wp\/v2\/media\/144152"}],"wp:attachment":[{"href":"https:\/\/radioljubuski.ba\/index.php\/wp-json\/wp\/v2\/media?parent=144151"}],"wp:term":[{"taxonomy":"category","embeddable":true,"href":"https:\/\/radioljubuski.ba\/index.php\/wp-json\/wp\/v2\/categories?post=144151"},{"taxonomy":"post_tag","embeddable":true,"href":"https:\/\/radioljubuski.ba\/index.php\/wp-json\/wp\/v2\/tags?post=144151"}],"curies":[{"name":"wp","href":"https:\/\/api.w.org\/{rel}","templated":true}]}}