{"id":144154,"date":"2022-05-26T11:00:31","date_gmt":"2022-05-26T10:00:31","guid":{"rendered":"https:\/\/radioljubuski.ba\/?p=144154"},"modified":"2022-05-26T11:00:32","modified_gmt":"2022-05-26T10:00:32","slug":"26-svibnja-1992-dubrovnik-deblokiran-grad-kojeg-su-razarali-osloboditelji-s-crvenom-zvijezdom-petokrakom-na-glavi","status":"publish","type":"post","link":"https:\/\/radioljubuski.ba\/index.php\/2022\/05\/26\/26-svibnja-1992-dubrovnik-deblokiran-grad-kojeg-su-razarali-osloboditelji-s-crvenom-zvijezdom-petokrakom-na-glavi\/","title":{"rendered":"26. svibnja 1992. Dubrovnik \u2013 deblokiran grad kojeg su razarali \u2018osloboditelji\u2019 s crvenom zvijezdom petokrakom na glavi!"},"content":{"rendered":"\n<p>Na dana\u0161nji dan 1992. u gradu Dubrovniku nastalo je veliko slavlje.<\/p>\n\n\n\n<p>Dana\u00a026. svibnja 1992. Hrvatska vojska je u okviru akcije \u201eSpaljena zemlja\u201c razbila blokadu hrvatskog grada Dubrovnika kojeg je u okru\u017eenju dr\u017eala JNA sa paravojnim postrojbama, mahom iz isto\u010dne Hercegovine i Crne Gore.<\/p>\n\n\n\n<iframe loading=\"lazy\" title=\"RIJEDAK SNIMAK OSLOBO\u0110ENJA DUBROVNIKA I JAVNO IZVINJENJE CRNOGORACA [ARHIVA 1992]\" width=\"640\" height=\"360\" src=\"https:\/\/www.youtube.com\/embed\/pfiUDQm3VCQ?feature=oembed\" frameborder=\"0\" allow=\"accelerometer; autoplay; clipboard-write; encrypted-media; gyroscope; picture-in-picture; web-share\" referrerpolicy=\"strict-origin-when-cross-origin\" allowfullscreen><\/iframe>\n\n\n\n<p>Prije deblokade Dubrovnika Hrvatska je vojska, poglavito 1. i 4. brigada uz pratnju pomo\u0107nih jedinica Hrvatske vojske, odradila vi\u0161e nego uspje\u0161no akcije osloba\u0111anja mjesta zapadno od Dubrovnika: \u010cepiku\u0107a, Slanog, Zavale, Ravnog i drugih, te otvorila put prema gradu sa zapadne strane. Netom prije toga, ratni je zlo\u010dinac, kamiond\u017eija i gradona\u010delnik Trebinja \u201evojvoda\u201c Bo\u017eidar Vu\u010durevi\u0107 dao ultimatum HV-u za povla\u010denjem i prijetnjom odmazde prema Dubrovniku i njegovim stanovnicima, a to je i potvrdio isklju\u010denjem struje i vode gradu i njegovim stanovnicima nakon vi\u0161emjes\u010dne patnje u okru\u017eenju.<\/p>\n\n\n\n<h3 class=\"wp-block-heading\"><strong>Hrvatski branitelj Braco Elezovi\u0107 o dana\u0161njem danu prije to\u010dno 30 godina<\/strong><\/h3>\n\n\n\n<p><em>\u201cBilo je to 26. svibnja 1992. godine, dakle prije to\u010dno 30 godina. Skupili smo se na Kantafigu i krenuli u Sustjepan. U Sustjepanu smo istu ve\u010der Goran Mazi\u0107, Baldo Bili\u0107 i ja na\u0161li jednu od gelera izbu\u0161enu barku \u010dije smo rupe zakrpili \u010dime smo stigli, krpama, \u0161ugamanima i sli\u010dnim materijalom, bacili je u more, na\u0161li dvije daske za veslanje i uputili se preko rijeke. Drugi su vikali za nama, zaustavljali nas, ali srce nas je povuklo na drugu, dotad okupiranu obalu.<\/em><\/p>\n\n\n\nhttps:\/\/www.youtube.com\/watch?v=pfEHrTkYrUc\n\n\n\n<p><em>S otprilike 10 cm vode na dnu barke uspjeli smo doveslati do mula ispred ambulante u Staroj Moko\u0161ici. Negdje iz pravca Lozice smo \u010duli rafale (tek kasnije smo saznali da su to bili na\u0161i specijalci). S otko\u010denim pu\u0161kama i metkom u cijevi krenuli smo prema sredi\u0161tu naselja usput u mrklom mraku paze\u0107i da ne povu\u010demo kakvu \u017eicu potezne mine.<\/em><\/p>\n\n\n\n<p><em>Za prevaliti 200 metara trebalo nam je dobrih petnaestak minuta, a po dolasku u samo naselje na\u0161li smo jednog starijeg \u010dovjeka koji je zaplakao od sre\u0107e kad je nakon osam mjeseci okupacije ugledao trojicu hrvatskih vojnika. Uveo nas je u ku\u0107u, odnekud je izvukao demi\u017eanu vina i narezao pr\u0161uta koji je sakrio od \u010detnika i \u010duvao za ovaj trenutak. Bio je to Ilija Azinovi\u0107, \u010dovjek koji je zbog hrvatskog barjaka na\u0111enog u njegovoj ku\u0107i trpio svakodnevne \u010detni\u010dke torture. Eto taj dan nave\u010der smo prije 23 godine nas trojica prvi u\u0161li u Staru Moko\u0161icu\u201d,<\/em>&nbsp;<a href=\"https:\/\/www.facebook.com\/braco.elezovic\/posts\/10205747109930536?pnref=story\">napisao je na svojem Facebooku&nbsp; hrvatski branitelj Braco Elezovi\u0107,<\/a>&nbsp;tada pripadnik samostalnog Sutjepanskog voda pri 2. bojnoj <strong>163. brigade, juna\u010dke brigade koja je branila Dubrovnik tih najte\u017eih dana.<\/strong><\/p>\n\n\n\n<p>Valja napomenuti da je u <strong>obrani Sr\u0111a,<\/strong> klju\u010dnog mjesta mjesta obrane Dubrovnika, sudjelovala s iznimnim doprinosom <strong>postrojba HOS-a, te je stoga nedopustivo inkriminiranje njihovog znakovlja ili micanje plo\u010da poginulih junaka, kao u Jasenovcu.&nbsp;&nbsp;<\/strong><\/p>\n\n\n\n<p><em>Izvor: narod.hr<\/em><\/p>\n","protected":false},"excerpt":{"rendered":"<p>Na dana\u0161nji dan 1992. u gradu Dubrovniku nastalo je veliko slavlje. Dana\u00a026. svibnja 1992. Hrvatska vojska je u okviru akcije \u201eSpaljena zemlja\u201c razbila blokadu hrvatskog grada Dubrovnika kojeg je u okru\u017eenju dr\u017eala JNA sa paravojnim postrojbama, mahom iz isto\u010dne Hercegovine i Crne Gore. Prije deblokade Dubrovnika Hrvatska je vojska, poglavito 1. i 4. brigada uz [&hellip;]<\/p>\n","protected":false},"author":2,"featured_media":144155,"comment_status":"closed","ping_status":"closed","sticky":false,"template":"","format":"standard","meta":{"h5ap_radio_sources":[],"footnotes":""},"categories":[1],"tags":[],"class_list":["post-144154","post","type-post","status-publish","format-standard","has-post-thumbnail","hentry","category-bihiregija"],"yoast_head":"<!-- This site is optimized with the Yoast SEO plugin v27.5 - https:\/\/yoast.com\/product\/yoast-seo-wordpress\/ -->\n<title>26. svibnja 1992. Dubrovnik \u2013 deblokiran grad kojeg su razarali \u2018osloboditelji\u2019 s crvenom zvijezdom petokrakom na glavi! - RADIO LJUBU\u0160KI<\/title>\n<meta name=\"robots\" content=\"index, follow, max-snippet:-1, max-image-preview:large, max-video-preview:-1\" \/>\n<link rel=\"canonical\" href=\"https:\/\/radioljubuski.ba\/index.php\/2022\/05\/26\/26-svibnja-1992-dubrovnik-deblokiran-grad-kojeg-su-razarali-osloboditelji-s-crvenom-zvijezdom-petokrakom-na-glavi\/\" \/>\n<meta property=\"og:locale\" content=\"hr_HR\" \/>\n<meta property=\"og:type\" content=\"article\" \/>\n<meta property=\"og:title\" content=\"26. svibnja 1992. Dubrovnik \u2013 deblokiran grad kojeg su razarali \u2018osloboditelji\u2019 s crvenom zvijezdom petokrakom na glavi! - RADIO LJUBU\u0160KI\" \/>\n<meta property=\"og:description\" content=\"Na dana\u0161nji dan 1992. u gradu Dubrovniku nastalo je veliko slavlje. Dana\u00a026. svibnja 1992. Hrvatska vojska je u okviru akcije \u201eSpaljena zemlja\u201c razbila blokadu hrvatskog grada Dubrovnika kojeg je u okru\u017eenju dr\u017eala JNA sa paravojnim postrojbama, mahom iz isto\u010dne Hercegovine i Crne Gore. Prije deblokade Dubrovnika Hrvatska je vojska, poglavito 1. i 4. brigada uz [&hellip;]\" \/>\n<meta property=\"og:url\" content=\"https:\/\/radioljubuski.ba\/index.php\/2022\/05\/26\/26-svibnja-1992-dubrovnik-deblokiran-grad-kojeg-su-razarali-osloboditelji-s-crvenom-zvijezdom-petokrakom-na-glavi\/\" \/>\n<meta property=\"og:site_name\" content=\"RADIO LJUBU\u0160KI\" \/>\n<meta property=\"article:publisher\" content=\"https:\/\/www.facebook.com\/Radiio-Ljubuski-1490835324566332\" \/>\n<meta property=\"article:published_time\" content=\"2022-05-26T10:00:31+00:00\" \/>\n<meta property=\"article:modified_time\" content=\"2022-05-26T10:00:32+00:00\" \/>\n<meta property=\"og:image\" content=\"https:\/\/radioljubuski.ba\/wp-content\/uploads\/2022\/05\/oslobodenje-696x445-1.jpg\" \/>\n\t<meta property=\"og:image:width\" content=\"696\" \/>\n\t<meta property=\"og:image:height\" content=\"445\" \/>\n\t<meta property=\"og:image:type\" content=\"image\/jpeg\" \/>\n<meta name=\"author\" content=\"Radio Ljubu\u0161ki\" \/>\n<meta name=\"twitter:card\" content=\"summary_large_image\" \/>\n<meta name=\"twitter:creator\" content=\"@radioljubuski\" \/>\n<meta name=\"twitter:site\" content=\"@radioljubuski\" \/>\n<meta name=\"twitter:label1\" content=\"Napisao\/la\" \/>\n\t<meta name=\"twitter:data1\" content=\"Radio Ljubu\u0161ki\" \/>\n\t<meta name=\"twitter:label2\" content=\"Procijenjeno vrijeme \u010ditanja\" \/>\n\t<meta name=\"twitter:data2\" content=\"2 minute\" \/>\n<script type=\"application\/ld+json\" class=\"yoast-schema-graph\">{\"@context\":\"https:\\\/\\\/schema.org\",\"@graph\":[{\"@type\":\"Article\",\"@id\":\"https:\\\/\\\/radioljubuski.ba\\\/index.php\\\/2022\\\/05\\\/26\\\/26-svibnja-1992-dubrovnik-deblokiran-grad-kojeg-su-razarali-osloboditelji-s-crvenom-zvijezdom-petokrakom-na-glavi\\\/#article\",\"isPartOf\":{\"@id\":\"https:\\\/\\\/radioljubuski.ba\\\/index.php\\\/2022\\\/05\\\/26\\\/26-svibnja-1992-dubrovnik-deblokiran-grad-kojeg-su-razarali-osloboditelji-s-crvenom-zvijezdom-petokrakom-na-glavi\\\/\"},\"author\":{\"name\":\"Radio Ljubu\u0161ki\",\"@id\":\"https:\\\/\\\/radioljubuski.ba\\\/#\\\/schema\\\/person\\\/19fc700381a780f69665d7956c469e3b\"},\"headline\":\"26. svibnja 1992. Dubrovnik \u2013 deblokiran grad kojeg su razarali \u2018osloboditelji\u2019 s crvenom zvijezdom petokrakom na glavi!\",\"datePublished\":\"2022-05-26T10:00:31+00:00\",\"dateModified\":\"2022-05-26T10:00:32+00:00\",\"mainEntityOfPage\":{\"@id\":\"https:\\\/\\\/radioljubuski.ba\\\/index.php\\\/2022\\\/05\\\/26\\\/26-svibnja-1992-dubrovnik-deblokiran-grad-kojeg-su-razarali-osloboditelji-s-crvenom-zvijezdom-petokrakom-na-glavi\\\/\"},\"wordCount\":507,\"publisher\":{\"@id\":\"https:\\\/\\\/radioljubuski.ba\\\/#organization\"},\"image\":{\"@id\":\"https:\\\/\\\/radioljubuski.ba\\\/index.php\\\/2022\\\/05\\\/26\\\/26-svibnja-1992-dubrovnik-deblokiran-grad-kojeg-su-razarali-osloboditelji-s-crvenom-zvijezdom-petokrakom-na-glavi\\\/#primaryimage\"},\"thumbnailUrl\":\"https:\\\/\\\/radioljubuski.ba\\\/wp-content\\\/uploads\\\/2022\\\/05\\\/oslobodenje-696x445-1.jpg\",\"articleSection\":[\"BIH i regija\"],\"inLanguage\":\"hr\"},{\"@type\":\"WebPage\",\"@id\":\"https:\\\/\\\/radioljubuski.ba\\\/index.php\\\/2022\\\/05\\\/26\\\/26-svibnja-1992-dubrovnik-deblokiran-grad-kojeg-su-razarali-osloboditelji-s-crvenom-zvijezdom-petokrakom-na-glavi\\\/\",\"url\":\"https:\\\/\\\/radioljubuski.ba\\\/index.php\\\/2022\\\/05\\\/26\\\/26-svibnja-1992-dubrovnik-deblokiran-grad-kojeg-su-razarali-osloboditelji-s-crvenom-zvijezdom-petokrakom-na-glavi\\\/\",\"name\":\"26. svibnja 1992. Dubrovnik \u2013 deblokiran grad kojeg su razarali \u2018osloboditelji\u2019 s crvenom zvijezdom petokrakom na glavi! - RADIO LJUBU\u0160KI\",\"isPartOf\":{\"@id\":\"https:\\\/\\\/radioljubuski.ba\\\/#website\"},\"primaryImageOfPage\":{\"@id\":\"https:\\\/\\\/radioljubuski.ba\\\/index.php\\\/2022\\\/05\\\/26\\\/26-svibnja-1992-dubrovnik-deblokiran-grad-kojeg-su-razarali-osloboditelji-s-crvenom-zvijezdom-petokrakom-na-glavi\\\/#primaryimage\"},\"image\":{\"@id\":\"https:\\\/\\\/radioljubuski.ba\\\/index.php\\\/2022\\\/05\\\/26\\\/26-svibnja-1992-dubrovnik-deblokiran-grad-kojeg-su-razarali-osloboditelji-s-crvenom-zvijezdom-petokrakom-na-glavi\\\/#primaryimage\"},\"thumbnailUrl\":\"https:\\\/\\\/radioljubuski.ba\\\/wp-content\\\/uploads\\\/2022\\\/05\\\/oslobodenje-696x445-1.jpg\",\"datePublished\":\"2022-05-26T10:00:31+00:00\",\"dateModified\":\"2022-05-26T10:00:32+00:00\",\"breadcrumb\":{\"@id\":\"https:\\\/\\\/radioljubuski.ba\\\/index.php\\\/2022\\\/05\\\/26\\\/26-svibnja-1992-dubrovnik-deblokiran-grad-kojeg-su-razarali-osloboditelji-s-crvenom-zvijezdom-petokrakom-na-glavi\\\/#breadcrumb\"},\"inLanguage\":\"hr\",\"potentialAction\":[{\"@type\":\"ReadAction\",\"target\":[\"https:\\\/\\\/radioljubuski.ba\\\/index.php\\\/2022\\\/05\\\/26\\\/26-svibnja-1992-dubrovnik-deblokiran-grad-kojeg-su-razarali-osloboditelji-s-crvenom-zvijezdom-petokrakom-na-glavi\\\/\"]}]},{\"@type\":\"ImageObject\",\"inLanguage\":\"hr\",\"@id\":\"https:\\\/\\\/radioljubuski.ba\\\/index.php\\\/2022\\\/05\\\/26\\\/26-svibnja-1992-dubrovnik-deblokiran-grad-kojeg-su-razarali-osloboditelji-s-crvenom-zvijezdom-petokrakom-na-glavi\\\/#primaryimage\",\"url\":\"https:\\\/\\\/radioljubuski.ba\\\/wp-content\\\/uploads\\\/2022\\\/05\\\/oslobodenje-696x445-1.jpg\",\"contentUrl\":\"https:\\\/\\\/radioljubuski.ba\\\/wp-content\\\/uploads\\\/2022\\\/05\\\/oslobodenje-696x445-1.jpg\",\"width\":696,\"height\":445},{\"@type\":\"BreadcrumbList\",\"@id\":\"https:\\\/\\\/radioljubuski.ba\\\/index.php\\\/2022\\\/05\\\/26\\\/26-svibnja-1992-dubrovnik-deblokiran-grad-kojeg-su-razarali-osloboditelji-s-crvenom-zvijezdom-petokrakom-na-glavi\\\/#breadcrumb\",\"itemListElement\":[{\"@type\":\"ListItem\",\"position\":1,\"name\":\"Po\u010detna stranica\",\"item\":\"https:\\\/\\\/radioljubuski.ba\\\/\"},{\"@type\":\"ListItem\",\"position\":2,\"name\":\"26. svibnja 1992. Dubrovnik \u2013 deblokiran grad kojeg su razarali \u2018osloboditelji\u2019 s crvenom zvijezdom petokrakom na glavi!\"}]},{\"@type\":\"WebSite\",\"@id\":\"https:\\\/\\\/radioljubuski.ba\\\/#website\",\"url\":\"https:\\\/\\\/radioljubuski.ba\\\/\",\"name\":\"Radio Ljubu\u0161ki\",\"description\":\"Sun\u010dana frekvencija Hercegovine\",\"publisher\":{\"@id\":\"https:\\\/\\\/radioljubuski.ba\\\/#organization\"},\"potentialAction\":[{\"@type\":\"SearchAction\",\"target\":{\"@type\":\"EntryPoint\",\"urlTemplate\":\"https:\\\/\\\/radioljubuski.ba\\\/?s={search_term_string}\"},\"query-input\":{\"@type\":\"PropertyValueSpecification\",\"valueRequired\":true,\"valueName\":\"search_term_string\"}}],\"inLanguage\":\"hr\"},{\"@type\":\"Organization\",\"@id\":\"https:\\\/\\\/radioljubuski.ba\\\/#organization\",\"name\":\"Radio Ljubu\u0161ki\",\"url\":\"https:\\\/\\\/radioljubuski.ba\\\/\",\"logo\":{\"@type\":\"ImageObject\",\"inLanguage\":\"hr\",\"@id\":\"https:\\\/\\\/radioljubuski.ba\\\/#\\\/schema\\\/logo\\\/image\\\/\",\"url\":\"https:\\\/\\\/radioljubuski.ba\\\/wp-content\\\/uploads\\\/2021\\\/02\\\/cropped-Radio_Ljubuski_logo1.jpg\",\"contentUrl\":\"https:\\\/\\\/radioljubuski.ba\\\/wp-content\\\/uploads\\\/2021\\\/02\\\/cropped-Radio_Ljubuski_logo1.jpg\",\"width\":512,\"height\":512,\"caption\":\"Radio Ljubu\u0161ki\"},\"image\":{\"@id\":\"https:\\\/\\\/radioljubuski.ba\\\/#\\\/schema\\\/logo\\\/image\\\/\"},\"sameAs\":[\"https:\\\/\\\/www.facebook.com\\\/Radiio-Ljubuski-1490835324566332\",\"https:\\\/\\\/x.com\\\/radioljubuski\",\"https:\\\/\\\/hr.linkedin.com\\\/company\\\/radio-ljubuski\",\"https:\\\/\\\/www.youtube.com\\\/channel\\\/UCHYaeO_n0Db3tjNGudGpXyw\"]},{\"@type\":\"Person\",\"@id\":\"https:\\\/\\\/radioljubuski.ba\\\/#\\\/schema\\\/person\\\/19fc700381a780f69665d7956c469e3b\",\"name\":\"Radio Ljubu\u0161ki\"}]}<\/script>\n<!-- \/ Yoast SEO plugin. -->","yoast_head_json":{"title":"26. svibnja 1992. Dubrovnik \u2013 deblokiran grad kojeg su razarali \u2018osloboditelji\u2019 s crvenom zvijezdom petokrakom na glavi! - RADIO LJUBU\u0160KI","robots":{"index":"index","follow":"follow","max-snippet":"max-snippet:-1","max-image-preview":"max-image-preview:large","max-video-preview":"max-video-preview:-1"},"canonical":"https:\/\/radioljubuski.ba\/index.php\/2022\/05\/26\/26-svibnja-1992-dubrovnik-deblokiran-grad-kojeg-su-razarali-osloboditelji-s-crvenom-zvijezdom-petokrakom-na-glavi\/","og_locale":"hr_HR","og_type":"article","og_title":"26. svibnja 1992. Dubrovnik \u2013 deblokiran grad kojeg su razarali \u2018osloboditelji\u2019 s crvenom zvijezdom petokrakom na glavi! - RADIO LJUBU\u0160KI","og_description":"Na dana\u0161nji dan 1992. u gradu Dubrovniku nastalo je veliko slavlje. Dana\u00a026. svibnja 1992. Hrvatska vojska je u okviru akcije \u201eSpaljena zemlja\u201c razbila blokadu hrvatskog grada Dubrovnika kojeg je u okru\u017eenju dr\u017eala JNA sa paravojnim postrojbama, mahom iz isto\u010dne Hercegovine i Crne Gore. Prije deblokade Dubrovnika Hrvatska je vojska, poglavito 1. i 4. brigada uz [&hellip;]","og_url":"https:\/\/radioljubuski.ba\/index.php\/2022\/05\/26\/26-svibnja-1992-dubrovnik-deblokiran-grad-kojeg-su-razarali-osloboditelji-s-crvenom-zvijezdom-petokrakom-na-glavi\/","og_site_name":"RADIO LJUBU\u0160KI","article_publisher":"https:\/\/www.facebook.com\/Radiio-Ljubuski-1490835324566332","article_published_time":"2022-05-26T10:00:31+00:00","article_modified_time":"2022-05-26T10:00:32+00:00","og_image":[{"width":696,"height":445,"url":"https:\/\/radioljubuski.ba\/wp-content\/uploads\/2022\/05\/oslobodenje-696x445-1.jpg","type":"image\/jpeg"}],"author":"Radio Ljubu\u0161ki","twitter_card":"summary_large_image","twitter_creator":"@radioljubuski","twitter_site":"@radioljubuski","twitter_misc":{"Napisao\/la":"Radio Ljubu\u0161ki","Procijenjeno vrijeme \u010ditanja":"2 minute"},"schema":{"@context":"https:\/\/schema.org","@graph":[{"@type":"Article","@id":"https:\/\/radioljubuski.ba\/index.php\/2022\/05\/26\/26-svibnja-1992-dubrovnik-deblokiran-grad-kojeg-su-razarali-osloboditelji-s-crvenom-zvijezdom-petokrakom-na-glavi\/#article","isPartOf":{"@id":"https:\/\/radioljubuski.ba\/index.php\/2022\/05\/26\/26-svibnja-1992-dubrovnik-deblokiran-grad-kojeg-su-razarali-osloboditelji-s-crvenom-zvijezdom-petokrakom-na-glavi\/"},"author":{"name":"Radio Ljubu\u0161ki","@id":"https:\/\/radioljubuski.ba\/#\/schema\/person\/19fc700381a780f69665d7956c469e3b"},"headline":"26. svibnja 1992. Dubrovnik \u2013 deblokiran grad kojeg su razarali \u2018osloboditelji\u2019 s crvenom zvijezdom petokrakom na glavi!","datePublished":"2022-05-26T10:00:31+00:00","dateModified":"2022-05-26T10:00:32+00:00","mainEntityOfPage":{"@id":"https:\/\/radioljubuski.ba\/index.php\/2022\/05\/26\/26-svibnja-1992-dubrovnik-deblokiran-grad-kojeg-su-razarali-osloboditelji-s-crvenom-zvijezdom-petokrakom-na-glavi\/"},"wordCount":507,"publisher":{"@id":"https:\/\/radioljubuski.ba\/#organization"},"image":{"@id":"https:\/\/radioljubuski.ba\/index.php\/2022\/05\/26\/26-svibnja-1992-dubrovnik-deblokiran-grad-kojeg-su-razarali-osloboditelji-s-crvenom-zvijezdom-petokrakom-na-glavi\/#primaryimage"},"thumbnailUrl":"https:\/\/radioljubuski.ba\/wp-content\/uploads\/2022\/05\/oslobodenje-696x445-1.jpg","articleSection":["BIH i regija"],"inLanguage":"hr"},{"@type":"WebPage","@id":"https:\/\/radioljubuski.ba\/index.php\/2022\/05\/26\/26-svibnja-1992-dubrovnik-deblokiran-grad-kojeg-su-razarali-osloboditelji-s-crvenom-zvijezdom-petokrakom-na-glavi\/","url":"https:\/\/radioljubuski.ba\/index.php\/2022\/05\/26\/26-svibnja-1992-dubrovnik-deblokiran-grad-kojeg-su-razarali-osloboditelji-s-crvenom-zvijezdom-petokrakom-na-glavi\/","name":"26. svibnja 1992. Dubrovnik \u2013 deblokiran grad kojeg su razarali \u2018osloboditelji\u2019 s crvenom zvijezdom petokrakom na glavi! - RADIO LJUBU\u0160KI","isPartOf":{"@id":"https:\/\/radioljubuski.ba\/#website"},"primaryImageOfPage":{"@id":"https:\/\/radioljubuski.ba\/index.php\/2022\/05\/26\/26-svibnja-1992-dubrovnik-deblokiran-grad-kojeg-su-razarali-osloboditelji-s-crvenom-zvijezdom-petokrakom-na-glavi\/#primaryimage"},"image":{"@id":"https:\/\/radioljubuski.ba\/index.php\/2022\/05\/26\/26-svibnja-1992-dubrovnik-deblokiran-grad-kojeg-su-razarali-osloboditelji-s-crvenom-zvijezdom-petokrakom-na-glavi\/#primaryimage"},"thumbnailUrl":"https:\/\/radioljubuski.ba\/wp-content\/uploads\/2022\/05\/oslobodenje-696x445-1.jpg","datePublished":"2022-05-26T10:00:31+00:00","dateModified":"2022-05-26T10:00:32+00:00","breadcrumb":{"@id":"https:\/\/radioljubuski.ba\/index.php\/2022\/05\/26\/26-svibnja-1992-dubrovnik-deblokiran-grad-kojeg-su-razarali-osloboditelji-s-crvenom-zvijezdom-petokrakom-na-glavi\/#breadcrumb"},"inLanguage":"hr","potentialAction":[{"@type":"ReadAction","target":["https:\/\/radioljubuski.ba\/index.php\/2022\/05\/26\/26-svibnja-1992-dubrovnik-deblokiran-grad-kojeg-su-razarali-osloboditelji-s-crvenom-zvijezdom-petokrakom-na-glavi\/"]}]},{"@type":"ImageObject","inLanguage":"hr","@id":"https:\/\/radioljubuski.ba\/index.php\/2022\/05\/26\/26-svibnja-1992-dubrovnik-deblokiran-grad-kojeg-su-razarali-osloboditelji-s-crvenom-zvijezdom-petokrakom-na-glavi\/#primaryimage","url":"https:\/\/radioljubuski.ba\/wp-content\/uploads\/2022\/05\/oslobodenje-696x445-1.jpg","contentUrl":"https:\/\/radioljubuski.ba\/wp-content\/uploads\/2022\/05\/oslobodenje-696x445-1.jpg","width":696,"height":445},{"@type":"BreadcrumbList","@id":"https:\/\/radioljubuski.ba\/index.php\/2022\/05\/26\/26-svibnja-1992-dubrovnik-deblokiran-grad-kojeg-su-razarali-osloboditelji-s-crvenom-zvijezdom-petokrakom-na-glavi\/#breadcrumb","itemListElement":[{"@type":"ListItem","position":1,"name":"Po\u010detna stranica","item":"https:\/\/radioljubuski.ba\/"},{"@type":"ListItem","position":2,"name":"26. svibnja 1992. Dubrovnik \u2013 deblokiran grad kojeg su razarali \u2018osloboditelji\u2019 s crvenom zvijezdom petokrakom na glavi!"}]},{"@type":"WebSite","@id":"https:\/\/radioljubuski.ba\/#website","url":"https:\/\/radioljubuski.ba\/","name":"Radio Ljubu\u0161ki","description":"Sun\u010dana frekvencija Hercegovine","publisher":{"@id":"https:\/\/radioljubuski.ba\/#organization"},"potentialAction":[{"@type":"SearchAction","target":{"@type":"EntryPoint","urlTemplate":"https:\/\/radioljubuski.ba\/?s={search_term_string}"},"query-input":{"@type":"PropertyValueSpecification","valueRequired":true,"valueName":"search_term_string"}}],"inLanguage":"hr"},{"@type":"Organization","@id":"https:\/\/radioljubuski.ba\/#organization","name":"Radio Ljubu\u0161ki","url":"https:\/\/radioljubuski.ba\/","logo":{"@type":"ImageObject","inLanguage":"hr","@id":"https:\/\/radioljubuski.ba\/#\/schema\/logo\/image\/","url":"https:\/\/radioljubuski.ba\/wp-content\/uploads\/2021\/02\/cropped-Radio_Ljubuski_logo1.jpg","contentUrl":"https:\/\/radioljubuski.ba\/wp-content\/uploads\/2021\/02\/cropped-Radio_Ljubuski_logo1.jpg","width":512,"height":512,"caption":"Radio Ljubu\u0161ki"},"image":{"@id":"https:\/\/radioljubuski.ba\/#\/schema\/logo\/image\/"},"sameAs":["https:\/\/www.facebook.com\/Radiio-Ljubuski-1490835324566332","https:\/\/x.com\/radioljubuski","https:\/\/hr.linkedin.com\/company\/radio-ljubuski","https:\/\/www.youtube.com\/channel\/UCHYaeO_n0Db3tjNGudGpXyw"]},{"@type":"Person","@id":"https:\/\/radioljubuski.ba\/#\/schema\/person\/19fc700381a780f69665d7956c469e3b","name":"Radio Ljubu\u0161ki"}]}},"_links":{"self":[{"href":"https:\/\/radioljubuski.ba\/index.php\/wp-json\/wp\/v2\/posts\/144154","targetHints":{"allow":["GET"]}}],"collection":[{"href":"https:\/\/radioljubuski.ba\/index.php\/wp-json\/wp\/v2\/posts"}],"about":[{"href":"https:\/\/radioljubuski.ba\/index.php\/wp-json\/wp\/v2\/types\/post"}],"author":[{"embeddable":true,"href":"https:\/\/radioljubuski.ba\/index.php\/wp-json\/wp\/v2\/users\/2"}],"replies":[{"embeddable":true,"href":"https:\/\/radioljubuski.ba\/index.php\/wp-json\/wp\/v2\/comments?post=144154"}],"version-history":[{"count":1,"href":"https:\/\/radioljubuski.ba\/index.php\/wp-json\/wp\/v2\/posts\/144154\/revisions"}],"predecessor-version":[{"id":144156,"href":"https:\/\/radioljubuski.ba\/index.php\/wp-json\/wp\/v2\/posts\/144154\/revisions\/144156"}],"wp:featuredmedia":[{"embeddable":true,"href":"https:\/\/radioljubuski.ba\/index.php\/wp-json\/wp\/v2\/media\/144155"}],"wp:attachment":[{"href":"https:\/\/radioljubuski.ba\/index.php\/wp-json\/wp\/v2\/media?parent=144154"}],"wp:term":[{"taxonomy":"category","embeddable":true,"href":"https:\/\/radioljubuski.ba\/index.php\/wp-json\/wp\/v2\/categories?post=144154"},{"taxonomy":"post_tag","embeddable":true,"href":"https:\/\/radioljubuski.ba\/index.php\/wp-json\/wp\/v2\/tags?post=144154"}],"curies":[{"name":"wp","href":"https:\/\/api.w.org\/{rel}","templated":true}]}}