{"id":144160,"date":"2022-05-26T12:14:32","date_gmt":"2022-05-26T11:14:32","guid":{"rendered":"https:\/\/radioljubuski.ba\/?p=144160"},"modified":"2022-05-26T12:14:33","modified_gmt":"2022-05-26T11:14:33","slug":"26-svibnja-uzasasce-slika-savrsenog-zajednistva-covjeka-s-bogom-nakon-smrti","status":"publish","type":"post","link":"https:\/\/radioljubuski.ba\/index.php\/2022\/05\/26\/26-svibnja-uzasasce-slika-savrsenog-zajednistva-covjeka-s-bogom-nakon-smrti\/","title":{"rendered":"26. svibnja \u2013 Uza\u0161a\u0161\u0107e \u2013 slika savr\u0161enog zajedni\u0161tva \u010dovjeka s Bogom nakon smrti"},"content":{"rendered":"\n<p><strong>Slika \u201euza\u0161a\u0161\u0107a\u201c na nebo prisutna je ve\u0107 u Starom zavjetu kako bi se njome ozna\u010dilo savr\u0161eno zajedni\u0161tvo s Bogom koje je rezervirano za pravednika nakon smrti.<\/strong><\/p>\n\n\n\n<p><strong>Isusovo uza\u0161a\u0161\u0107e, stoga, nije neki \u201eastronautski\u201c doga\u0111aj, nije nikakvo putovanje prema zvijezdama nego je rije\u010d o teolo\u0161koj objavi: Isus nosi svoje i na\u0161e \u010dovje\u0161tvo u slavu vje\u010dnog Oca<\/strong><\/p>\n\n\n\n<p>Danas je blagdan Uza\u0161a\u0161\u0107a Gospodnjeg \u2013 Spasovo i uvijek se slavi na \u010detvrtak \u010detrdeset dana nakon Kristova uskrsnu\u0107a.<\/p>\n\n\n\n<p>Poslije svoje muke Isus je mnogim dokazima pokazao da je \u017eiv. \u010cetrdeset se dana ukazivao svojim apostolima i drugima \u2013 od Boga predodre\u0111enim \u2013 svjedocima te im govorio o Kraljevstvu Bo\u017ejem. Potom je njima na o\u010digled uzdignut na nebo prethodno im obe\u0107av\u0161i da ih ne\u0107e ostaviti siro\u010dad, nego da \u0107e im poslati Duha Branitelja koji \u0107e si\u0107i na njih i u\u010diniti ih Njegovim svjedocima sve do kraja zemlje (usp. Dj 1, 3-4.8-9; Iv 14,16-18).<\/p>\n\n\n\n<h5 class=\"wp-block-heading\"><em>\u201eI bi uzdignut njima nao\u010digled i oblak ga ote njihovim o\u010dima\u201c (Dj 1,9).<\/em><\/h5>\n\n\n\n<p>Fenomen uzdizanja prema nebu \u2013 za one koji su mu nazo\u010dili \u2013 bije znak Isusova povratka s ovog svijeta k Ocu. U svim kulturama nebo je simbol transcendencije, bo\u017eanskog obitavali\u0161ta, beskona\u010dnoga, savr\u0161enstva\u2026 Nije, stoga, te\u0161ko otkriti duboko zna\u010denje ove scene: Uskrsli Krist vra\u0107a se u svoju bo\u017eansku slavu nose\u0107i sa sobom otkupljeno \u010dovje\u010danstvo (usp. Ef 4,8-10).<\/p>\n\n\n\n<p>Slika \u201euza\u0161a\u0161\u0107a\u201c na nebo prisutna je ve\u0107 u Starom zavjetu kako bi se njome ozna\u010dilo savr\u0161eno zajedni\u0161tvo s Bogom koje je rezervirano za pravednika nakon smrti. Tako se npr. za Henoka ka\u017ee da je \u201ehodio s Bogom, potom i\u0161\u010deznu; Bog ga uze\u201c (Post 5,24), \u201evjerom je prenesen tako da nije vidio smrti\u201c (Heb 11,5). Tako\u0111er i prorok Ilija bija\u0161e uzdignut na nebo u ognjenim kolima (2 Kr 2,11-16; Sir 48,9), \u201ejer je uga\u0111ao Bogu\u201c (Mudr 4,10).<\/p>\n\n\n\n<h3 class=\"wp-block-heading\"><strong>Isus nosi svoje i na\u0161e \u010dovje\u0161tvo u slavu vje\u010dnog Oca<\/strong><\/h3>\n\n\n\n<p>Isusovo uza\u0161a\u0161\u0107e, stoga, nije neki \u201eastronautski\u201c doga\u0111aj, nije nikakvo putovanje prema zvijezdama nego je rije\u010d o teolo\u0161koj objavi: Isus nosi svoje i na\u0161e \u010dovje\u0161tvo u slavu vje\u010dnog Oca, daju\u0107i da pred na\u0161im o\u010dima zasja ono obe\u0107anje slave na koju su svi pozvani a koju je \u2013 kao prvi prvi plod otkupljenja \u2013 svojim \u201euznesenjem\u201c na nebo ve\u0107 ostvarila Njegova Majka Marija (usp. G. Ravasi, La Parola e le parole. Il vocabolario della Bibbia per l\u2019uomo d\u2019oggi, San Paolo, Cinisello Balsamo, 1999, 55-56).<\/p>\n\n\n\n<p>O tome da Isusovo uza\u0161a\u0161\u0107e na nebo nije putovanje prema zvijezdama nego ula\u017eenje u Bo\u017eje otajstvo svjedo\u010di i oblak koji ga \u201eote njihovim o\u010dima\u201c (Dj 1,9). Oblak u Svetom Pismu simbolizira Bo\u017eju prisutnost; znak je spasenja, simbol bo\u017eanskog misterija. Oblaku se pridodaje i izri\u010daj \u201esjede s desna Bogu\u201c, kojeg susre\u0107emo kod evan\u0111eliste Marka (16,19), \u0161to je znak mo\u0107i i gospodstva nad cjelokupnom stvorenom stvarno\u0161\u0107u i povije\u0161\u0107u.<\/p>\n\n\n\n<p>Uza\u0161a\u0161\u0107em i uzdignu\u0107em s desne O\u010deve, Krist se u punini objavljuje kao Mesija i Sin Bo\u017eji, Gospodar svega stvorenoga (usp. G. Ravasi,. Nav. dj., 175-176). Dakle, Isus koji uzlazi na nebo \u201ene odlazi na neku udaljenu zvijezdu.<\/p>\n\n\n\n<p>On ulazi u zajedni\u0161tvo \u017eivota i mo\u0107i sa \u017eivim Bogom, u stanje Bo\u017eje nadmo\u0107nosti nad svakim prostorom. Stoga on nije \u2018oti\u0161ao\u2019, nego je na temelju vlastite Bo\u017eje mo\u0107i sada uvijek s nama i za nas\u201c (BENEDIKT XVI, Isus iz Nazareta. Od ulaska u Jeruzalem do uskrsnu\u0107a, Verbum, Split 2011, 270).<\/p>\n\n\n\n<p>Danas po\u010dinje i devetnica Duhu Svetom kao priprava za proslavu Svetkovine Duhova, stoga molimo Duha Svetoga kako bismo i mi poput Bla\u017eene Djevice Marije bili poslu\u0161ni Njegovim poticajima te tako veli\u010dali Boga svojim \u017eivotom i na koncu dospjeli u vje\u010dnu slavu.<\/p>\n\n\n\n<p><em>Izvor: narod.hr<\/em><\/p>\n","protected":false},"excerpt":{"rendered":"<p>Slika \u201euza\u0161a\u0161\u0107a\u201c na nebo prisutna je ve\u0107 u Starom zavjetu kako bi se njome ozna\u010dilo savr\u0161eno zajedni\u0161tvo s Bogom koje je rezervirano za pravednika nakon smrti. Isusovo uza\u0161a\u0161\u0107e, stoga, nije neki \u201eastronautski\u201c doga\u0111aj, nije nikakvo putovanje prema zvijezdama nego je rije\u010d o teolo\u0161koj objavi: Isus nosi svoje i na\u0161e \u010dovje\u0161tvo u slavu vje\u010dnog Oca Danas [&hellip;]<\/p>\n","protected":false},"author":2,"featured_media":144161,"comment_status":"closed","ping_status":"closed","sticky":false,"template":"","format":"standard","meta":{"h5ap_radio_sources":[],"footnotes":""},"categories":[1],"tags":[],"class_list":["post-144160","post","type-post","status-publish","format-standard","has-post-thumbnail","hentry","category-bihiregija"],"yoast_head":"<!-- This site is optimized with the Yoast SEO plugin v27.5 - https:\/\/yoast.com\/product\/yoast-seo-wordpress\/ -->\n<title>26. svibnja \u2013 Uza\u0161a\u0161\u0107e \u2013 slika savr\u0161enog zajedni\u0161tva \u010dovjeka s Bogom nakon smrti - RADIO LJUBU\u0160KI<\/title>\n<meta name=\"robots\" content=\"index, follow, max-snippet:-1, max-image-preview:large, max-video-preview:-1\" \/>\n<link rel=\"canonical\" href=\"https:\/\/radioljubuski.ba\/index.php\/2022\/05\/26\/26-svibnja-uzasasce-slika-savrsenog-zajednistva-covjeka-s-bogom-nakon-smrti\/\" \/>\n<meta property=\"og:locale\" content=\"hr_HR\" \/>\n<meta property=\"og:type\" content=\"article\" \/>\n<meta property=\"og:title\" content=\"26. svibnja \u2013 Uza\u0161a\u0161\u0107e \u2013 slika savr\u0161enog zajedni\u0161tva \u010dovjeka s Bogom nakon smrti - RADIO LJUBU\u0160KI\" \/>\n<meta property=\"og:description\" content=\"Slika \u201euza\u0161a\u0161\u0107a\u201c na nebo prisutna je ve\u0107 u Starom zavjetu kako bi se njome ozna\u010dilo savr\u0161eno zajedni\u0161tvo s Bogom koje je rezervirano za pravednika nakon smrti. Isusovo uza\u0161a\u0161\u0107e, stoga, nije neki \u201eastronautski\u201c doga\u0111aj, nije nikakvo putovanje prema zvijezdama nego je rije\u010d o teolo\u0161koj objavi: Isus nosi svoje i na\u0161e \u010dovje\u0161tvo u slavu vje\u010dnog Oca Danas [&hellip;]\" \/>\n<meta property=\"og:url\" content=\"https:\/\/radioljubuski.ba\/index.php\/2022\/05\/26\/26-svibnja-uzasasce-slika-savrsenog-zajednistva-covjeka-s-bogom-nakon-smrti\/\" \/>\n<meta property=\"og:site_name\" content=\"RADIO LJUBU\u0160KI\" \/>\n<meta property=\"article:publisher\" content=\"https:\/\/www.facebook.com\/Radiio-Ljubuski-1490835324566332\" \/>\n<meta property=\"article:published_time\" content=\"2022-05-26T11:14:32+00:00\" \/>\n<meta property=\"article:modified_time\" content=\"2022-05-26T11:14:33+00:00\" \/>\n<meta property=\"og:image\" content=\"https:\/\/radioljubuski.ba\/wp-content\/uploads\/2022\/05\/uzasasce.jpg\" \/>\n\t<meta property=\"og:image:width\" content=\"600\" \/>\n\t<meta property=\"og:image:height\" content=\"372\" \/>\n\t<meta property=\"og:image:type\" content=\"image\/jpeg\" \/>\n<meta name=\"author\" content=\"Radio Ljubu\u0161ki\" \/>\n<meta name=\"twitter:card\" content=\"summary_large_image\" \/>\n<meta name=\"twitter:creator\" content=\"@radioljubuski\" \/>\n<meta name=\"twitter:site\" content=\"@radioljubuski\" \/>\n<meta name=\"twitter:label1\" content=\"Napisao\/la\" \/>\n\t<meta name=\"twitter:data1\" content=\"Radio Ljubu\u0161ki\" \/>\n\t<meta name=\"twitter:label2\" content=\"Procijenjeno vrijeme \u010ditanja\" \/>\n\t<meta name=\"twitter:data2\" content=\"3 minute\" \/>\n<script type=\"application\/ld+json\" class=\"yoast-schema-graph\">{\"@context\":\"https:\\\/\\\/schema.org\",\"@graph\":[{\"@type\":\"Article\",\"@id\":\"https:\\\/\\\/radioljubuski.ba\\\/index.php\\\/2022\\\/05\\\/26\\\/26-svibnja-uzasasce-slika-savrsenog-zajednistva-covjeka-s-bogom-nakon-smrti\\\/#article\",\"isPartOf\":{\"@id\":\"https:\\\/\\\/radioljubuski.ba\\\/index.php\\\/2022\\\/05\\\/26\\\/26-svibnja-uzasasce-slika-savrsenog-zajednistva-covjeka-s-bogom-nakon-smrti\\\/\"},\"author\":{\"name\":\"Radio Ljubu\u0161ki\",\"@id\":\"https:\\\/\\\/radioljubuski.ba\\\/#\\\/schema\\\/person\\\/19fc700381a780f69665d7956c469e3b\"},\"headline\":\"26. svibnja \u2013 Uza\u0161a\u0161\u0107e \u2013 slika savr\u0161enog zajedni\u0161tva \u010dovjeka s Bogom nakon smrti\",\"datePublished\":\"2022-05-26T11:14:32+00:00\",\"dateModified\":\"2022-05-26T11:14:33+00:00\",\"mainEntityOfPage\":{\"@id\":\"https:\\\/\\\/radioljubuski.ba\\\/index.php\\\/2022\\\/05\\\/26\\\/26-svibnja-uzasasce-slika-savrsenog-zajednistva-covjeka-s-bogom-nakon-smrti\\\/\"},\"wordCount\":671,\"publisher\":{\"@id\":\"https:\\\/\\\/radioljubuski.ba\\\/#organization\"},\"image\":{\"@id\":\"https:\\\/\\\/radioljubuski.ba\\\/index.php\\\/2022\\\/05\\\/26\\\/26-svibnja-uzasasce-slika-savrsenog-zajednistva-covjeka-s-bogom-nakon-smrti\\\/#primaryimage\"},\"thumbnailUrl\":\"https:\\\/\\\/radioljubuski.ba\\\/wp-content\\\/uploads\\\/2022\\\/05\\\/uzasasce.jpg\",\"articleSection\":[\"BIH i regija\"],\"inLanguage\":\"hr\"},{\"@type\":\"WebPage\",\"@id\":\"https:\\\/\\\/radioljubuski.ba\\\/index.php\\\/2022\\\/05\\\/26\\\/26-svibnja-uzasasce-slika-savrsenog-zajednistva-covjeka-s-bogom-nakon-smrti\\\/\",\"url\":\"https:\\\/\\\/radioljubuski.ba\\\/index.php\\\/2022\\\/05\\\/26\\\/26-svibnja-uzasasce-slika-savrsenog-zajednistva-covjeka-s-bogom-nakon-smrti\\\/\",\"name\":\"26. svibnja \u2013 Uza\u0161a\u0161\u0107e \u2013 slika savr\u0161enog zajedni\u0161tva \u010dovjeka s Bogom nakon smrti - RADIO LJUBU\u0160KI\",\"isPartOf\":{\"@id\":\"https:\\\/\\\/radioljubuski.ba\\\/#website\"},\"primaryImageOfPage\":{\"@id\":\"https:\\\/\\\/radioljubuski.ba\\\/index.php\\\/2022\\\/05\\\/26\\\/26-svibnja-uzasasce-slika-savrsenog-zajednistva-covjeka-s-bogom-nakon-smrti\\\/#primaryimage\"},\"image\":{\"@id\":\"https:\\\/\\\/radioljubuski.ba\\\/index.php\\\/2022\\\/05\\\/26\\\/26-svibnja-uzasasce-slika-savrsenog-zajednistva-covjeka-s-bogom-nakon-smrti\\\/#primaryimage\"},\"thumbnailUrl\":\"https:\\\/\\\/radioljubuski.ba\\\/wp-content\\\/uploads\\\/2022\\\/05\\\/uzasasce.jpg\",\"datePublished\":\"2022-05-26T11:14:32+00:00\",\"dateModified\":\"2022-05-26T11:14:33+00:00\",\"breadcrumb\":{\"@id\":\"https:\\\/\\\/radioljubuski.ba\\\/index.php\\\/2022\\\/05\\\/26\\\/26-svibnja-uzasasce-slika-savrsenog-zajednistva-covjeka-s-bogom-nakon-smrti\\\/#breadcrumb\"},\"inLanguage\":\"hr\",\"potentialAction\":[{\"@type\":\"ReadAction\",\"target\":[\"https:\\\/\\\/radioljubuski.ba\\\/index.php\\\/2022\\\/05\\\/26\\\/26-svibnja-uzasasce-slika-savrsenog-zajednistva-covjeka-s-bogom-nakon-smrti\\\/\"]}]},{\"@type\":\"ImageObject\",\"inLanguage\":\"hr\",\"@id\":\"https:\\\/\\\/radioljubuski.ba\\\/index.php\\\/2022\\\/05\\\/26\\\/26-svibnja-uzasasce-slika-savrsenog-zajednistva-covjeka-s-bogom-nakon-smrti\\\/#primaryimage\",\"url\":\"https:\\\/\\\/radioljubuski.ba\\\/wp-content\\\/uploads\\\/2022\\\/05\\\/uzasasce.jpg\",\"contentUrl\":\"https:\\\/\\\/radioljubuski.ba\\\/wp-content\\\/uploads\\\/2022\\\/05\\\/uzasasce.jpg\",\"width\":600,\"height\":372},{\"@type\":\"BreadcrumbList\",\"@id\":\"https:\\\/\\\/radioljubuski.ba\\\/index.php\\\/2022\\\/05\\\/26\\\/26-svibnja-uzasasce-slika-savrsenog-zajednistva-covjeka-s-bogom-nakon-smrti\\\/#breadcrumb\",\"itemListElement\":[{\"@type\":\"ListItem\",\"position\":1,\"name\":\"Po\u010detna stranica\",\"item\":\"https:\\\/\\\/radioljubuski.ba\\\/\"},{\"@type\":\"ListItem\",\"position\":2,\"name\":\"26. svibnja \u2013 Uza\u0161a\u0161\u0107e \u2013 slika savr\u0161enog zajedni\u0161tva \u010dovjeka s Bogom nakon smrti\"}]},{\"@type\":\"WebSite\",\"@id\":\"https:\\\/\\\/radioljubuski.ba\\\/#website\",\"url\":\"https:\\\/\\\/radioljubuski.ba\\\/\",\"name\":\"Radio Ljubu\u0161ki\",\"description\":\"Sun\u010dana frekvencija Hercegovine\",\"publisher\":{\"@id\":\"https:\\\/\\\/radioljubuski.ba\\\/#organization\"},\"potentialAction\":[{\"@type\":\"SearchAction\",\"target\":{\"@type\":\"EntryPoint\",\"urlTemplate\":\"https:\\\/\\\/radioljubuski.ba\\\/?s={search_term_string}\"},\"query-input\":{\"@type\":\"PropertyValueSpecification\",\"valueRequired\":true,\"valueName\":\"search_term_string\"}}],\"inLanguage\":\"hr\"},{\"@type\":\"Organization\",\"@id\":\"https:\\\/\\\/radioljubuski.ba\\\/#organization\",\"name\":\"Radio Ljubu\u0161ki\",\"url\":\"https:\\\/\\\/radioljubuski.ba\\\/\",\"logo\":{\"@type\":\"ImageObject\",\"inLanguage\":\"hr\",\"@id\":\"https:\\\/\\\/radioljubuski.ba\\\/#\\\/schema\\\/logo\\\/image\\\/\",\"url\":\"https:\\\/\\\/radioljubuski.ba\\\/wp-content\\\/uploads\\\/2021\\\/02\\\/cropped-Radio_Ljubuski_logo1.jpg\",\"contentUrl\":\"https:\\\/\\\/radioljubuski.ba\\\/wp-content\\\/uploads\\\/2021\\\/02\\\/cropped-Radio_Ljubuski_logo1.jpg\",\"width\":512,\"height\":512,\"caption\":\"Radio Ljubu\u0161ki\"},\"image\":{\"@id\":\"https:\\\/\\\/radioljubuski.ba\\\/#\\\/schema\\\/logo\\\/image\\\/\"},\"sameAs\":[\"https:\\\/\\\/www.facebook.com\\\/Radiio-Ljubuski-1490835324566332\",\"https:\\\/\\\/x.com\\\/radioljubuski\",\"https:\\\/\\\/hr.linkedin.com\\\/company\\\/radio-ljubuski\",\"https:\\\/\\\/www.youtube.com\\\/channel\\\/UCHYaeO_n0Db3tjNGudGpXyw\"]},{\"@type\":\"Person\",\"@id\":\"https:\\\/\\\/radioljubuski.ba\\\/#\\\/schema\\\/person\\\/19fc700381a780f69665d7956c469e3b\",\"name\":\"Radio Ljubu\u0161ki\"}]}<\/script>\n<!-- \/ Yoast SEO plugin. -->","yoast_head_json":{"title":"26. svibnja \u2013 Uza\u0161a\u0161\u0107e \u2013 slika savr\u0161enog zajedni\u0161tva \u010dovjeka s Bogom nakon smrti - RADIO LJUBU\u0160KI","robots":{"index":"index","follow":"follow","max-snippet":"max-snippet:-1","max-image-preview":"max-image-preview:large","max-video-preview":"max-video-preview:-1"},"canonical":"https:\/\/radioljubuski.ba\/index.php\/2022\/05\/26\/26-svibnja-uzasasce-slika-savrsenog-zajednistva-covjeka-s-bogom-nakon-smrti\/","og_locale":"hr_HR","og_type":"article","og_title":"26. svibnja \u2013 Uza\u0161a\u0161\u0107e \u2013 slika savr\u0161enog zajedni\u0161tva \u010dovjeka s Bogom nakon smrti - RADIO LJUBU\u0160KI","og_description":"Slika \u201euza\u0161a\u0161\u0107a\u201c na nebo prisutna je ve\u0107 u Starom zavjetu kako bi se njome ozna\u010dilo savr\u0161eno zajedni\u0161tvo s Bogom koje je rezervirano za pravednika nakon smrti. Isusovo uza\u0161a\u0161\u0107e, stoga, nije neki \u201eastronautski\u201c doga\u0111aj, nije nikakvo putovanje prema zvijezdama nego je rije\u010d o teolo\u0161koj objavi: Isus nosi svoje i na\u0161e \u010dovje\u0161tvo u slavu vje\u010dnog Oca Danas [&hellip;]","og_url":"https:\/\/radioljubuski.ba\/index.php\/2022\/05\/26\/26-svibnja-uzasasce-slika-savrsenog-zajednistva-covjeka-s-bogom-nakon-smrti\/","og_site_name":"RADIO LJUBU\u0160KI","article_publisher":"https:\/\/www.facebook.com\/Radiio-Ljubuski-1490835324566332","article_published_time":"2022-05-26T11:14:32+00:00","article_modified_time":"2022-05-26T11:14:33+00:00","og_image":[{"width":600,"height":372,"url":"https:\/\/radioljubuski.ba\/wp-content\/uploads\/2022\/05\/uzasasce.jpg","type":"image\/jpeg"}],"author":"Radio Ljubu\u0161ki","twitter_card":"summary_large_image","twitter_creator":"@radioljubuski","twitter_site":"@radioljubuski","twitter_misc":{"Napisao\/la":"Radio Ljubu\u0161ki","Procijenjeno vrijeme \u010ditanja":"3 minute"},"schema":{"@context":"https:\/\/schema.org","@graph":[{"@type":"Article","@id":"https:\/\/radioljubuski.ba\/index.php\/2022\/05\/26\/26-svibnja-uzasasce-slika-savrsenog-zajednistva-covjeka-s-bogom-nakon-smrti\/#article","isPartOf":{"@id":"https:\/\/radioljubuski.ba\/index.php\/2022\/05\/26\/26-svibnja-uzasasce-slika-savrsenog-zajednistva-covjeka-s-bogom-nakon-smrti\/"},"author":{"name":"Radio Ljubu\u0161ki","@id":"https:\/\/radioljubuski.ba\/#\/schema\/person\/19fc700381a780f69665d7956c469e3b"},"headline":"26. svibnja \u2013 Uza\u0161a\u0161\u0107e \u2013 slika savr\u0161enog zajedni\u0161tva \u010dovjeka s Bogom nakon smrti","datePublished":"2022-05-26T11:14:32+00:00","dateModified":"2022-05-26T11:14:33+00:00","mainEntityOfPage":{"@id":"https:\/\/radioljubuski.ba\/index.php\/2022\/05\/26\/26-svibnja-uzasasce-slika-savrsenog-zajednistva-covjeka-s-bogom-nakon-smrti\/"},"wordCount":671,"publisher":{"@id":"https:\/\/radioljubuski.ba\/#organization"},"image":{"@id":"https:\/\/radioljubuski.ba\/index.php\/2022\/05\/26\/26-svibnja-uzasasce-slika-savrsenog-zajednistva-covjeka-s-bogom-nakon-smrti\/#primaryimage"},"thumbnailUrl":"https:\/\/radioljubuski.ba\/wp-content\/uploads\/2022\/05\/uzasasce.jpg","articleSection":["BIH i regija"],"inLanguage":"hr"},{"@type":"WebPage","@id":"https:\/\/radioljubuski.ba\/index.php\/2022\/05\/26\/26-svibnja-uzasasce-slika-savrsenog-zajednistva-covjeka-s-bogom-nakon-smrti\/","url":"https:\/\/radioljubuski.ba\/index.php\/2022\/05\/26\/26-svibnja-uzasasce-slika-savrsenog-zajednistva-covjeka-s-bogom-nakon-smrti\/","name":"26. svibnja \u2013 Uza\u0161a\u0161\u0107e \u2013 slika savr\u0161enog zajedni\u0161tva \u010dovjeka s Bogom nakon smrti - RADIO LJUBU\u0160KI","isPartOf":{"@id":"https:\/\/radioljubuski.ba\/#website"},"primaryImageOfPage":{"@id":"https:\/\/radioljubuski.ba\/index.php\/2022\/05\/26\/26-svibnja-uzasasce-slika-savrsenog-zajednistva-covjeka-s-bogom-nakon-smrti\/#primaryimage"},"image":{"@id":"https:\/\/radioljubuski.ba\/index.php\/2022\/05\/26\/26-svibnja-uzasasce-slika-savrsenog-zajednistva-covjeka-s-bogom-nakon-smrti\/#primaryimage"},"thumbnailUrl":"https:\/\/radioljubuski.ba\/wp-content\/uploads\/2022\/05\/uzasasce.jpg","datePublished":"2022-05-26T11:14:32+00:00","dateModified":"2022-05-26T11:14:33+00:00","breadcrumb":{"@id":"https:\/\/radioljubuski.ba\/index.php\/2022\/05\/26\/26-svibnja-uzasasce-slika-savrsenog-zajednistva-covjeka-s-bogom-nakon-smrti\/#breadcrumb"},"inLanguage":"hr","potentialAction":[{"@type":"ReadAction","target":["https:\/\/radioljubuski.ba\/index.php\/2022\/05\/26\/26-svibnja-uzasasce-slika-savrsenog-zajednistva-covjeka-s-bogom-nakon-smrti\/"]}]},{"@type":"ImageObject","inLanguage":"hr","@id":"https:\/\/radioljubuski.ba\/index.php\/2022\/05\/26\/26-svibnja-uzasasce-slika-savrsenog-zajednistva-covjeka-s-bogom-nakon-smrti\/#primaryimage","url":"https:\/\/radioljubuski.ba\/wp-content\/uploads\/2022\/05\/uzasasce.jpg","contentUrl":"https:\/\/radioljubuski.ba\/wp-content\/uploads\/2022\/05\/uzasasce.jpg","width":600,"height":372},{"@type":"BreadcrumbList","@id":"https:\/\/radioljubuski.ba\/index.php\/2022\/05\/26\/26-svibnja-uzasasce-slika-savrsenog-zajednistva-covjeka-s-bogom-nakon-smrti\/#breadcrumb","itemListElement":[{"@type":"ListItem","position":1,"name":"Po\u010detna stranica","item":"https:\/\/radioljubuski.ba\/"},{"@type":"ListItem","position":2,"name":"26. svibnja \u2013 Uza\u0161a\u0161\u0107e \u2013 slika savr\u0161enog zajedni\u0161tva \u010dovjeka s Bogom nakon smrti"}]},{"@type":"WebSite","@id":"https:\/\/radioljubuski.ba\/#website","url":"https:\/\/radioljubuski.ba\/","name":"Radio Ljubu\u0161ki","description":"Sun\u010dana frekvencija Hercegovine","publisher":{"@id":"https:\/\/radioljubuski.ba\/#organization"},"potentialAction":[{"@type":"SearchAction","target":{"@type":"EntryPoint","urlTemplate":"https:\/\/radioljubuski.ba\/?s={search_term_string}"},"query-input":{"@type":"PropertyValueSpecification","valueRequired":true,"valueName":"search_term_string"}}],"inLanguage":"hr"},{"@type":"Organization","@id":"https:\/\/radioljubuski.ba\/#organization","name":"Radio Ljubu\u0161ki","url":"https:\/\/radioljubuski.ba\/","logo":{"@type":"ImageObject","inLanguage":"hr","@id":"https:\/\/radioljubuski.ba\/#\/schema\/logo\/image\/","url":"https:\/\/radioljubuski.ba\/wp-content\/uploads\/2021\/02\/cropped-Radio_Ljubuski_logo1.jpg","contentUrl":"https:\/\/radioljubuski.ba\/wp-content\/uploads\/2021\/02\/cropped-Radio_Ljubuski_logo1.jpg","width":512,"height":512,"caption":"Radio Ljubu\u0161ki"},"image":{"@id":"https:\/\/radioljubuski.ba\/#\/schema\/logo\/image\/"},"sameAs":["https:\/\/www.facebook.com\/Radiio-Ljubuski-1490835324566332","https:\/\/x.com\/radioljubuski","https:\/\/hr.linkedin.com\/company\/radio-ljubuski","https:\/\/www.youtube.com\/channel\/UCHYaeO_n0Db3tjNGudGpXyw"]},{"@type":"Person","@id":"https:\/\/radioljubuski.ba\/#\/schema\/person\/19fc700381a780f69665d7956c469e3b","name":"Radio Ljubu\u0161ki"}]}},"_links":{"self":[{"href":"https:\/\/radioljubuski.ba\/index.php\/wp-json\/wp\/v2\/posts\/144160","targetHints":{"allow":["GET"]}}],"collection":[{"href":"https:\/\/radioljubuski.ba\/index.php\/wp-json\/wp\/v2\/posts"}],"about":[{"href":"https:\/\/radioljubuski.ba\/index.php\/wp-json\/wp\/v2\/types\/post"}],"author":[{"embeddable":true,"href":"https:\/\/radioljubuski.ba\/index.php\/wp-json\/wp\/v2\/users\/2"}],"replies":[{"embeddable":true,"href":"https:\/\/radioljubuski.ba\/index.php\/wp-json\/wp\/v2\/comments?post=144160"}],"version-history":[{"count":1,"href":"https:\/\/radioljubuski.ba\/index.php\/wp-json\/wp\/v2\/posts\/144160\/revisions"}],"predecessor-version":[{"id":144162,"href":"https:\/\/radioljubuski.ba\/index.php\/wp-json\/wp\/v2\/posts\/144160\/revisions\/144162"}],"wp:featuredmedia":[{"embeddable":true,"href":"https:\/\/radioljubuski.ba\/index.php\/wp-json\/wp\/v2\/media\/144161"}],"wp:attachment":[{"href":"https:\/\/radioljubuski.ba\/index.php\/wp-json\/wp\/v2\/media?parent=144160"}],"wp:term":[{"taxonomy":"category","embeddable":true,"href":"https:\/\/radioljubuski.ba\/index.php\/wp-json\/wp\/v2\/categories?post=144160"},{"taxonomy":"post_tag","embeddable":true,"href":"https:\/\/radioljubuski.ba\/index.php\/wp-json\/wp\/v2\/tags?post=144160"}],"curies":[{"name":"wp","href":"https:\/\/api.w.org\/{rel}","templated":true}]}}