{"id":144166,"date":"2022-05-26T12:17:25","date_gmt":"2022-05-26T11:17:25","guid":{"rendered":"https:\/\/radioljubuski.ba\/?p=144166"},"modified":"2022-05-26T12:17:25","modified_gmt":"2022-05-26T11:17:25","slug":"novo-izvjesce-hzjz-a-gotovo-60-posto-hospitaliziranih-zbog-covida-je-cijepljeno","status":"publish","type":"post","link":"https:\/\/radioljubuski.ba\/index.php\/2022\/05\/26\/novo-izvjesce-hzjz-a-gotovo-60-posto-hospitaliziranih-zbog-covida-je-cijepljeno\/","title":{"rendered":"Novo izvje\u0161\u0107e HZJZ-a: Gotovo 60 posto hospitaliziranih zbog covida je cijepljeno"},"content":{"rendered":"\n<p>Iako iako najnoviji podaci koje je u svom <a href=\"https:\/\/www.hzjz.hr\/aktualnosti\/covid-19-izvjesce-hzjz-a\/\">izvje\u0161\u0107u<\/a> objavio HZJZ pokazao kako tek 40 posto hospitaliziranih zbog koronavirusa nije cijepljeno, o\u0161tromjera\u0161i opet daju naslutiti kako bi se najesen mogla vratiti agresivna kampanja cijepljenja protiv covida.<\/p>\n\n\n\n<p>\u2018Svega 40% hospitaliziranih od\/sa NIJE cijepljeno u zadnjem razdoblju. \u010cak 29% hospitaliziranih je busterirano!<\/p>\n\n\n\n<figure class=\"wp-block-image\"><img decoding=\"async\" src=\"https:\/\/narod.hr\/wp-content\/uploads\/2022\/05\/Snimka-zaslona-2022-05-25-220019.jpg\" alt=\"\" class=\"wp-image-1284459\"\/><figcaption>Hosipitalizirani prema cjepnom statusu, HZJZ<\/figcaption><\/figure>\n\n\n\n<p>Dakle jasno je koliko su cijepljeni za\u0161ti\u0107eni od hospitalizacije. Stoga su od zaraze za\u0161ti\u0107eni jo\u0161 manje.<\/p>\n\n\n\n<p>Me\u0111utim, \u2018netko\u2019 je odlu\u010dio da se u bolnicama i dalje testiraju samo necijepljeni, a cijepljeni ne \u2018jer imaju propusnice\u2019. Da li je taj \u2018netko\u2019 odgovoran za jako velik broj smrti?<\/p>\n\n\n\n<p>Ne zaboravimo da ovu idiotsku logiku da propusnice \u0161tite zagovaraju Trobonja\u010da, \u010ci\u010din-\u0160ain, Ceci i drugi o\u0161tromjera\u0161i. Te\u0161ko je razumjeti za\u0161to ti ljudi zagovaraju metode koje direktno dovode do smrt\u2019, napisao je na Facebooku&nbsp;<strong>Nenad Baki\u0107<\/strong>, hrvatski poduzetnik, filantrop i analiti\u010dar.<\/p>\n\n\n\n<p><em>Izvor: narod.hr<\/em><\/p>\n","protected":false},"excerpt":{"rendered":"<p>Iako iako najnoviji podaci koje je u svom izvje\u0161\u0107u objavio HZJZ pokazao kako tek 40 posto hospitaliziranih zbog koronavirusa nije cijepljeno, o\u0161tromjera\u0161i opet daju naslutiti kako bi se najesen mogla vratiti agresivna kampanja cijepljenja protiv covida. \u2018Svega 40% hospitaliziranih od\/sa NIJE cijepljeno u zadnjem razdoblju. \u010cak 29% hospitaliziranih je busterirano! Dakle jasno je koliko su [&hellip;]<\/p>\n","protected":false},"author":2,"featured_media":144167,"comment_status":"closed","ping_status":"closed","sticky":false,"template":"","format":"standard","meta":{"h5ap_radio_sources":[],"footnotes":""},"categories":[1],"tags":[],"class_list":["post-144166","post","type-post","status-publish","format-standard","has-post-thumbnail","hentry","category-bihiregija"],"yoast_head":"<!-- This site is optimized with the Yoast SEO plugin v27.5 - https:\/\/yoast.com\/product\/yoast-seo-wordpress\/ -->\n<title>Novo izvje\u0161\u0107e HZJZ-a: Gotovo 60 posto hospitaliziranih zbog covida je cijepljeno - RADIO LJUBU\u0160KI<\/title>\n<meta name=\"robots\" content=\"index, follow, max-snippet:-1, max-image-preview:large, max-video-preview:-1\" \/>\n<link rel=\"canonical\" href=\"https:\/\/radioljubuski.ba\/index.php\/2022\/05\/26\/novo-izvjesce-hzjz-a-gotovo-60-posto-hospitaliziranih-zbog-covida-je-cijepljeno\/\" \/>\n<meta property=\"og:locale\" content=\"hr_HR\" \/>\n<meta property=\"og:type\" content=\"article\" \/>\n<meta property=\"og:title\" content=\"Novo izvje\u0161\u0107e HZJZ-a: Gotovo 60 posto hospitaliziranih zbog covida je cijepljeno - RADIO LJUBU\u0160KI\" \/>\n<meta property=\"og:description\" content=\"Iako iako najnoviji podaci koje je u svom izvje\u0161\u0107u objavio HZJZ pokazao kako tek 40 posto hospitaliziranih zbog koronavirusa nije cijepljeno, o\u0161tromjera\u0161i opet daju naslutiti kako bi se najesen mogla vratiti agresivna kampanja cijepljenja protiv covida. \u2018Svega 40% hospitaliziranih od\/sa NIJE cijepljeno u zadnjem razdoblju. \u010cak 29% hospitaliziranih je busterirano! Dakle jasno je koliko su [&hellip;]\" \/>\n<meta property=\"og:url\" content=\"https:\/\/radioljubuski.ba\/index.php\/2022\/05\/26\/novo-izvjesce-hzjz-a-gotovo-60-posto-hospitaliziranih-zbog-covida-je-cijepljeno\/\" \/>\n<meta property=\"og:site_name\" content=\"RADIO LJUBU\u0160KI\" \/>\n<meta property=\"article:publisher\" content=\"https:\/\/www.facebook.com\/Radiio-Ljubuski-1490835324566332\" \/>\n<meta property=\"article:published_time\" content=\"2022-05-26T11:17:25+00:00\" \/>\n<meta property=\"og:image\" content=\"https:\/\/radioljubuski.ba\/wp-content\/uploads\/2022\/05\/Untitled-collage-1-1-696x522-1.jpg\" \/>\n\t<meta property=\"og:image:width\" content=\"696\" \/>\n\t<meta property=\"og:image:height\" content=\"522\" \/>\n\t<meta property=\"og:image:type\" content=\"image\/jpeg\" \/>\n<meta name=\"author\" content=\"Radio Ljubu\u0161ki\" \/>\n<meta name=\"twitter:card\" content=\"summary_large_image\" \/>\n<meta name=\"twitter:creator\" content=\"@radioljubuski\" \/>\n<meta name=\"twitter:site\" content=\"@radioljubuski\" \/>\n<meta name=\"twitter:label1\" content=\"Napisao\/la\" \/>\n\t<meta name=\"twitter:data1\" content=\"Radio Ljubu\u0161ki\" \/>\n\t<meta name=\"twitter:label2\" content=\"Procijenjeno vrijeme \u010ditanja\" \/>\n\t<meta name=\"twitter:data2\" content=\"1 minuta\" \/>\n<script type=\"application\/ld+json\" class=\"yoast-schema-graph\">{\"@context\":\"https:\\\/\\\/schema.org\",\"@graph\":[{\"@type\":\"Article\",\"@id\":\"https:\\\/\\\/radioljubuski.ba\\\/index.php\\\/2022\\\/05\\\/26\\\/novo-izvjesce-hzjz-a-gotovo-60-posto-hospitaliziranih-zbog-covida-je-cijepljeno\\\/#article\",\"isPartOf\":{\"@id\":\"https:\\\/\\\/radioljubuski.ba\\\/index.php\\\/2022\\\/05\\\/26\\\/novo-izvjesce-hzjz-a-gotovo-60-posto-hospitaliziranih-zbog-covida-je-cijepljeno\\\/\"},\"author\":{\"name\":\"Radio Ljubu\u0161ki\",\"@id\":\"https:\\\/\\\/radioljubuski.ba\\\/#\\\/schema\\\/person\\\/19fc700381a780f69665d7956c469e3b\"},\"headline\":\"Novo izvje\u0161\u0107e HZJZ-a: Gotovo 60 posto hospitaliziranih zbog covida je cijepljeno\",\"datePublished\":\"2022-05-26T11:17:25+00:00\",\"mainEntityOfPage\":{\"@id\":\"https:\\\/\\\/radioljubuski.ba\\\/index.php\\\/2022\\\/05\\\/26\\\/novo-izvjesce-hzjz-a-gotovo-60-posto-hospitaliziranih-zbog-covida-je-cijepljeno\\\/\"},\"wordCount\":171,\"publisher\":{\"@id\":\"https:\\\/\\\/radioljubuski.ba\\\/#organization\"},\"image\":{\"@id\":\"https:\\\/\\\/radioljubuski.ba\\\/index.php\\\/2022\\\/05\\\/26\\\/novo-izvjesce-hzjz-a-gotovo-60-posto-hospitaliziranih-zbog-covida-je-cijepljeno\\\/#primaryimage\"},\"thumbnailUrl\":\"https:\\\/\\\/radioljubuski.ba\\\/wp-content\\\/uploads\\\/2022\\\/05\\\/Untitled-collage-1-1-696x522-1.jpg\",\"articleSection\":[\"BIH i regija\"],\"inLanguage\":\"hr\"},{\"@type\":\"WebPage\",\"@id\":\"https:\\\/\\\/radioljubuski.ba\\\/index.php\\\/2022\\\/05\\\/26\\\/novo-izvjesce-hzjz-a-gotovo-60-posto-hospitaliziranih-zbog-covida-je-cijepljeno\\\/\",\"url\":\"https:\\\/\\\/radioljubuski.ba\\\/index.php\\\/2022\\\/05\\\/26\\\/novo-izvjesce-hzjz-a-gotovo-60-posto-hospitaliziranih-zbog-covida-je-cijepljeno\\\/\",\"name\":\"Novo izvje\u0161\u0107e HZJZ-a: Gotovo 60 posto hospitaliziranih zbog covida je cijepljeno - RADIO LJUBU\u0160KI\",\"isPartOf\":{\"@id\":\"https:\\\/\\\/radioljubuski.ba\\\/#website\"},\"primaryImageOfPage\":{\"@id\":\"https:\\\/\\\/radioljubuski.ba\\\/index.php\\\/2022\\\/05\\\/26\\\/novo-izvjesce-hzjz-a-gotovo-60-posto-hospitaliziranih-zbog-covida-je-cijepljeno\\\/#primaryimage\"},\"image\":{\"@id\":\"https:\\\/\\\/radioljubuski.ba\\\/index.php\\\/2022\\\/05\\\/26\\\/novo-izvjesce-hzjz-a-gotovo-60-posto-hospitaliziranih-zbog-covida-je-cijepljeno\\\/#primaryimage\"},\"thumbnailUrl\":\"https:\\\/\\\/radioljubuski.ba\\\/wp-content\\\/uploads\\\/2022\\\/05\\\/Untitled-collage-1-1-696x522-1.jpg\",\"datePublished\":\"2022-05-26T11:17:25+00:00\",\"breadcrumb\":{\"@id\":\"https:\\\/\\\/radioljubuski.ba\\\/index.php\\\/2022\\\/05\\\/26\\\/novo-izvjesce-hzjz-a-gotovo-60-posto-hospitaliziranih-zbog-covida-je-cijepljeno\\\/#breadcrumb\"},\"inLanguage\":\"hr\",\"potentialAction\":[{\"@type\":\"ReadAction\",\"target\":[\"https:\\\/\\\/radioljubuski.ba\\\/index.php\\\/2022\\\/05\\\/26\\\/novo-izvjesce-hzjz-a-gotovo-60-posto-hospitaliziranih-zbog-covida-je-cijepljeno\\\/\"]}]},{\"@type\":\"ImageObject\",\"inLanguage\":\"hr\",\"@id\":\"https:\\\/\\\/radioljubuski.ba\\\/index.php\\\/2022\\\/05\\\/26\\\/novo-izvjesce-hzjz-a-gotovo-60-posto-hospitaliziranih-zbog-covida-je-cijepljeno\\\/#primaryimage\",\"url\":\"https:\\\/\\\/radioljubuski.ba\\\/wp-content\\\/uploads\\\/2022\\\/05\\\/Untitled-collage-1-1-696x522-1.jpg\",\"contentUrl\":\"https:\\\/\\\/radioljubuski.ba\\\/wp-content\\\/uploads\\\/2022\\\/05\\\/Untitled-collage-1-1-696x522-1.jpg\",\"width\":696,\"height\":522},{\"@type\":\"BreadcrumbList\",\"@id\":\"https:\\\/\\\/radioljubuski.ba\\\/index.php\\\/2022\\\/05\\\/26\\\/novo-izvjesce-hzjz-a-gotovo-60-posto-hospitaliziranih-zbog-covida-je-cijepljeno\\\/#breadcrumb\",\"itemListElement\":[{\"@type\":\"ListItem\",\"position\":1,\"name\":\"Po\u010detna stranica\",\"item\":\"https:\\\/\\\/radioljubuski.ba\\\/\"},{\"@type\":\"ListItem\",\"position\":2,\"name\":\"Novo izvje\u0161\u0107e HZJZ-a: Gotovo 60 posto hospitaliziranih zbog covida je cijepljeno\"}]},{\"@type\":\"WebSite\",\"@id\":\"https:\\\/\\\/radioljubuski.ba\\\/#website\",\"url\":\"https:\\\/\\\/radioljubuski.ba\\\/\",\"name\":\"Radio Ljubu\u0161ki\",\"description\":\"Sun\u010dana frekvencija Hercegovine\",\"publisher\":{\"@id\":\"https:\\\/\\\/radioljubuski.ba\\\/#organization\"},\"potentialAction\":[{\"@type\":\"SearchAction\",\"target\":{\"@type\":\"EntryPoint\",\"urlTemplate\":\"https:\\\/\\\/radioljubuski.ba\\\/?s={search_term_string}\"},\"query-input\":{\"@type\":\"PropertyValueSpecification\",\"valueRequired\":true,\"valueName\":\"search_term_string\"}}],\"inLanguage\":\"hr\"},{\"@type\":\"Organization\",\"@id\":\"https:\\\/\\\/radioljubuski.ba\\\/#organization\",\"name\":\"Radio Ljubu\u0161ki\",\"url\":\"https:\\\/\\\/radioljubuski.ba\\\/\",\"logo\":{\"@type\":\"ImageObject\",\"inLanguage\":\"hr\",\"@id\":\"https:\\\/\\\/radioljubuski.ba\\\/#\\\/schema\\\/logo\\\/image\\\/\",\"url\":\"https:\\\/\\\/radioljubuski.ba\\\/wp-content\\\/uploads\\\/2021\\\/02\\\/cropped-Radio_Ljubuski_logo1.jpg\",\"contentUrl\":\"https:\\\/\\\/radioljubuski.ba\\\/wp-content\\\/uploads\\\/2021\\\/02\\\/cropped-Radio_Ljubuski_logo1.jpg\",\"width\":512,\"height\":512,\"caption\":\"Radio Ljubu\u0161ki\"},\"image\":{\"@id\":\"https:\\\/\\\/radioljubuski.ba\\\/#\\\/schema\\\/logo\\\/image\\\/\"},\"sameAs\":[\"https:\\\/\\\/www.facebook.com\\\/Radiio-Ljubuski-1490835324566332\",\"https:\\\/\\\/x.com\\\/radioljubuski\",\"https:\\\/\\\/hr.linkedin.com\\\/company\\\/radio-ljubuski\",\"https:\\\/\\\/www.youtube.com\\\/channel\\\/UCHYaeO_n0Db3tjNGudGpXyw\"]},{\"@type\":\"Person\",\"@id\":\"https:\\\/\\\/radioljubuski.ba\\\/#\\\/schema\\\/person\\\/19fc700381a780f69665d7956c469e3b\",\"name\":\"Radio Ljubu\u0161ki\"}]}<\/script>\n<!-- \/ Yoast SEO plugin. -->","yoast_head_json":{"title":"Novo izvje\u0161\u0107e HZJZ-a: Gotovo 60 posto hospitaliziranih zbog covida je cijepljeno - RADIO LJUBU\u0160KI","robots":{"index":"index","follow":"follow","max-snippet":"max-snippet:-1","max-image-preview":"max-image-preview:large","max-video-preview":"max-video-preview:-1"},"canonical":"https:\/\/radioljubuski.ba\/index.php\/2022\/05\/26\/novo-izvjesce-hzjz-a-gotovo-60-posto-hospitaliziranih-zbog-covida-je-cijepljeno\/","og_locale":"hr_HR","og_type":"article","og_title":"Novo izvje\u0161\u0107e HZJZ-a: Gotovo 60 posto hospitaliziranih zbog covida je cijepljeno - RADIO LJUBU\u0160KI","og_description":"Iako iako najnoviji podaci koje je u svom izvje\u0161\u0107u objavio HZJZ pokazao kako tek 40 posto hospitaliziranih zbog koronavirusa nije cijepljeno, o\u0161tromjera\u0161i opet daju naslutiti kako bi se najesen mogla vratiti agresivna kampanja cijepljenja protiv covida. \u2018Svega 40% hospitaliziranih od\/sa NIJE cijepljeno u zadnjem razdoblju. \u010cak 29% hospitaliziranih je busterirano! Dakle jasno je koliko su [&hellip;]","og_url":"https:\/\/radioljubuski.ba\/index.php\/2022\/05\/26\/novo-izvjesce-hzjz-a-gotovo-60-posto-hospitaliziranih-zbog-covida-je-cijepljeno\/","og_site_name":"RADIO LJUBU\u0160KI","article_publisher":"https:\/\/www.facebook.com\/Radiio-Ljubuski-1490835324566332","article_published_time":"2022-05-26T11:17:25+00:00","og_image":[{"width":696,"height":522,"url":"https:\/\/radioljubuski.ba\/wp-content\/uploads\/2022\/05\/Untitled-collage-1-1-696x522-1.jpg","type":"image\/jpeg"}],"author":"Radio Ljubu\u0161ki","twitter_card":"summary_large_image","twitter_creator":"@radioljubuski","twitter_site":"@radioljubuski","twitter_misc":{"Napisao\/la":"Radio Ljubu\u0161ki","Procijenjeno vrijeme \u010ditanja":"1 minuta"},"schema":{"@context":"https:\/\/schema.org","@graph":[{"@type":"Article","@id":"https:\/\/radioljubuski.ba\/index.php\/2022\/05\/26\/novo-izvjesce-hzjz-a-gotovo-60-posto-hospitaliziranih-zbog-covida-je-cijepljeno\/#article","isPartOf":{"@id":"https:\/\/radioljubuski.ba\/index.php\/2022\/05\/26\/novo-izvjesce-hzjz-a-gotovo-60-posto-hospitaliziranih-zbog-covida-je-cijepljeno\/"},"author":{"name":"Radio Ljubu\u0161ki","@id":"https:\/\/radioljubuski.ba\/#\/schema\/person\/19fc700381a780f69665d7956c469e3b"},"headline":"Novo izvje\u0161\u0107e HZJZ-a: Gotovo 60 posto hospitaliziranih zbog covida je cijepljeno","datePublished":"2022-05-26T11:17:25+00:00","mainEntityOfPage":{"@id":"https:\/\/radioljubuski.ba\/index.php\/2022\/05\/26\/novo-izvjesce-hzjz-a-gotovo-60-posto-hospitaliziranih-zbog-covida-je-cijepljeno\/"},"wordCount":171,"publisher":{"@id":"https:\/\/radioljubuski.ba\/#organization"},"image":{"@id":"https:\/\/radioljubuski.ba\/index.php\/2022\/05\/26\/novo-izvjesce-hzjz-a-gotovo-60-posto-hospitaliziranih-zbog-covida-je-cijepljeno\/#primaryimage"},"thumbnailUrl":"https:\/\/radioljubuski.ba\/wp-content\/uploads\/2022\/05\/Untitled-collage-1-1-696x522-1.jpg","articleSection":["BIH i regija"],"inLanguage":"hr"},{"@type":"WebPage","@id":"https:\/\/radioljubuski.ba\/index.php\/2022\/05\/26\/novo-izvjesce-hzjz-a-gotovo-60-posto-hospitaliziranih-zbog-covida-je-cijepljeno\/","url":"https:\/\/radioljubuski.ba\/index.php\/2022\/05\/26\/novo-izvjesce-hzjz-a-gotovo-60-posto-hospitaliziranih-zbog-covida-je-cijepljeno\/","name":"Novo izvje\u0161\u0107e HZJZ-a: Gotovo 60 posto hospitaliziranih zbog covida je cijepljeno - RADIO LJUBU\u0160KI","isPartOf":{"@id":"https:\/\/radioljubuski.ba\/#website"},"primaryImageOfPage":{"@id":"https:\/\/radioljubuski.ba\/index.php\/2022\/05\/26\/novo-izvjesce-hzjz-a-gotovo-60-posto-hospitaliziranih-zbog-covida-je-cijepljeno\/#primaryimage"},"image":{"@id":"https:\/\/radioljubuski.ba\/index.php\/2022\/05\/26\/novo-izvjesce-hzjz-a-gotovo-60-posto-hospitaliziranih-zbog-covida-je-cijepljeno\/#primaryimage"},"thumbnailUrl":"https:\/\/radioljubuski.ba\/wp-content\/uploads\/2022\/05\/Untitled-collage-1-1-696x522-1.jpg","datePublished":"2022-05-26T11:17:25+00:00","breadcrumb":{"@id":"https:\/\/radioljubuski.ba\/index.php\/2022\/05\/26\/novo-izvjesce-hzjz-a-gotovo-60-posto-hospitaliziranih-zbog-covida-je-cijepljeno\/#breadcrumb"},"inLanguage":"hr","potentialAction":[{"@type":"ReadAction","target":["https:\/\/radioljubuski.ba\/index.php\/2022\/05\/26\/novo-izvjesce-hzjz-a-gotovo-60-posto-hospitaliziranih-zbog-covida-je-cijepljeno\/"]}]},{"@type":"ImageObject","inLanguage":"hr","@id":"https:\/\/radioljubuski.ba\/index.php\/2022\/05\/26\/novo-izvjesce-hzjz-a-gotovo-60-posto-hospitaliziranih-zbog-covida-je-cijepljeno\/#primaryimage","url":"https:\/\/radioljubuski.ba\/wp-content\/uploads\/2022\/05\/Untitled-collage-1-1-696x522-1.jpg","contentUrl":"https:\/\/radioljubuski.ba\/wp-content\/uploads\/2022\/05\/Untitled-collage-1-1-696x522-1.jpg","width":696,"height":522},{"@type":"BreadcrumbList","@id":"https:\/\/radioljubuski.ba\/index.php\/2022\/05\/26\/novo-izvjesce-hzjz-a-gotovo-60-posto-hospitaliziranih-zbog-covida-je-cijepljeno\/#breadcrumb","itemListElement":[{"@type":"ListItem","position":1,"name":"Po\u010detna stranica","item":"https:\/\/radioljubuski.ba\/"},{"@type":"ListItem","position":2,"name":"Novo izvje\u0161\u0107e HZJZ-a: Gotovo 60 posto hospitaliziranih zbog covida je cijepljeno"}]},{"@type":"WebSite","@id":"https:\/\/radioljubuski.ba\/#website","url":"https:\/\/radioljubuski.ba\/","name":"Radio Ljubu\u0161ki","description":"Sun\u010dana frekvencija Hercegovine","publisher":{"@id":"https:\/\/radioljubuski.ba\/#organization"},"potentialAction":[{"@type":"SearchAction","target":{"@type":"EntryPoint","urlTemplate":"https:\/\/radioljubuski.ba\/?s={search_term_string}"},"query-input":{"@type":"PropertyValueSpecification","valueRequired":true,"valueName":"search_term_string"}}],"inLanguage":"hr"},{"@type":"Organization","@id":"https:\/\/radioljubuski.ba\/#organization","name":"Radio Ljubu\u0161ki","url":"https:\/\/radioljubuski.ba\/","logo":{"@type":"ImageObject","inLanguage":"hr","@id":"https:\/\/radioljubuski.ba\/#\/schema\/logo\/image\/","url":"https:\/\/radioljubuski.ba\/wp-content\/uploads\/2021\/02\/cropped-Radio_Ljubuski_logo1.jpg","contentUrl":"https:\/\/radioljubuski.ba\/wp-content\/uploads\/2021\/02\/cropped-Radio_Ljubuski_logo1.jpg","width":512,"height":512,"caption":"Radio Ljubu\u0161ki"},"image":{"@id":"https:\/\/radioljubuski.ba\/#\/schema\/logo\/image\/"},"sameAs":["https:\/\/www.facebook.com\/Radiio-Ljubuski-1490835324566332","https:\/\/x.com\/radioljubuski","https:\/\/hr.linkedin.com\/company\/radio-ljubuski","https:\/\/www.youtube.com\/channel\/UCHYaeO_n0Db3tjNGudGpXyw"]},{"@type":"Person","@id":"https:\/\/radioljubuski.ba\/#\/schema\/person\/19fc700381a780f69665d7956c469e3b","name":"Radio Ljubu\u0161ki"}]}},"_links":{"self":[{"href":"https:\/\/radioljubuski.ba\/index.php\/wp-json\/wp\/v2\/posts\/144166","targetHints":{"allow":["GET"]}}],"collection":[{"href":"https:\/\/radioljubuski.ba\/index.php\/wp-json\/wp\/v2\/posts"}],"about":[{"href":"https:\/\/radioljubuski.ba\/index.php\/wp-json\/wp\/v2\/types\/post"}],"author":[{"embeddable":true,"href":"https:\/\/radioljubuski.ba\/index.php\/wp-json\/wp\/v2\/users\/2"}],"replies":[{"embeddable":true,"href":"https:\/\/radioljubuski.ba\/index.php\/wp-json\/wp\/v2\/comments?post=144166"}],"version-history":[{"count":1,"href":"https:\/\/radioljubuski.ba\/index.php\/wp-json\/wp\/v2\/posts\/144166\/revisions"}],"predecessor-version":[{"id":144168,"href":"https:\/\/radioljubuski.ba\/index.php\/wp-json\/wp\/v2\/posts\/144166\/revisions\/144168"}],"wp:featuredmedia":[{"embeddable":true,"href":"https:\/\/radioljubuski.ba\/index.php\/wp-json\/wp\/v2\/media\/144167"}],"wp:attachment":[{"href":"https:\/\/radioljubuski.ba\/index.php\/wp-json\/wp\/v2\/media?parent=144166"}],"wp:term":[{"taxonomy":"category","embeddable":true,"href":"https:\/\/radioljubuski.ba\/index.php\/wp-json\/wp\/v2\/categories?post=144166"},{"taxonomy":"post_tag","embeddable":true,"href":"https:\/\/radioljubuski.ba\/index.php\/wp-json\/wp\/v2\/tags?post=144166"}],"curies":[{"name":"wp","href":"https:\/\/api.w.org\/{rel}","templated":true}]}}