{"id":144172,"date":"2022-05-26T12:25:26","date_gmt":"2022-05-26T11:25:26","guid":{"rendered":"https:\/\/radioljubuski.ba\/?p=144172"},"modified":"2022-05-26T12:31:48","modified_gmt":"2022-05-26T11:31:48","slug":"144172","status":"publish","type":"post","link":"https:\/\/radioljubuski.ba\/index.php\/2022\/05\/26\/144172\/","title":{"rendered":"Olujno nevrijeme sino\u0107 pogodilo \u010dak 6 \u017eupanija: Snimljena pijavica kod Siska"},"content":{"rendered":"\n<p>Olujno nevrijeme pra\u0107eno vjetrom, ki\u0161om i tu\u010dom zahvatilo je u srijedu \u010dak \u0161est \u017eupanija, a zaprimljene su dojave o o\u0161te\u0107enim krovovima, sru\u0161enim stablima na prometnicama i o\u0161te\u0107enim osobnim vozilima. Jako nevrijeme pra\u0107eno vjetrom, ki\u0161om i tu\u010dom zahvatilo je 25. svibnja u popodnevnim i ve\u010dernjim satima dijelove Krapinsko-zagorske, Vara\u017edinske, Me\u0111imurske, Koprivni\u010dko-kri\u017eeva\u010dke, Sisa\u010dko-moslava\u010dke i Bjelovarsko-bilogorske \u017eupanije, objavila je u \u010detvrtak Civilna za\u0161tita.<\/p>\n\n\n\n<figure class=\"wp-block-image\"><img decoding=\"async\" src=\"https:\/\/narod.hr\/wp-content\/uploads\/2022\/05\/0-02-0a-0b13469e4a22c8c4d194abf11b0571d788092e75bcc92b14921102122464faff_1c6daa28de1f9f-630x420.jpg\" alt=\"\"\/><\/figure>\n\n\n\n<p>\u017dupanijski centri 112 zaprimili su dojave o o\u0161te\u0107enim krovovima, o\u0161te\u0107enim limovima i crijepovima na gospodarskim objektima te dojave o sru\u0161enim stablima na prometnicama i o\u0161te\u0107enim osobnim vozilima.<\/p>\n\n\n\n<figure class=\"wp-block-image\"><img decoding=\"async\" src=\"https:\/\/narod.hr\/wp-content\/uploads\/2022\/05\/viber_slika_2022-05-25_21-59-13-799-630x420.jpg\" alt=\"\"\/><\/figure>\n\n\n\n<p>U Selima, Sisa\u010dkom prigradskom naselju, snimljena je razorna snaga pijavice koja je pogodila to podru\u010dje.<\/p>\n\n\n\n<p><\/p>\n\n\n\n\n\n<iframe loading=\"lazy\" src=\"https:\/\/www.facebook.com\/plugins\/post.php?href=https%3A%2F%2Fwww.facebook.com%2Fphoto.php%3Ffbid%3D378394300994937%26set%3Da.216230190544683%26type%3D3&amp;show_text=true&amp;width=500\" style=\"border:none;overflow:hidden\" scrolling=\"no\" allowfullscreen=\"true\" allow=\"autoplay; clipboard-write; encrypted-media; picture-in-picture; web-share\" width=\"500\" height=\"281\" frameborder=\"0\"><\/iframe>\n\n\n\n<h3 class=\"wp-block-heading\"><strong>Uni\u0161tena gotovo polovica proizvodnje cvije\u0107a<\/strong><\/h3>\n\n\n\n<p>Stradalo podru\u010dje u op\u0107ini Veliki Bukovec, gdje je padala tu\u010da i veli\u010dine teniskih loptica, obi\u0161ao je vara\u017edinski \u017eupan An\u0111elko Stri\u010dak.<\/p>\n\n\n\n<div style=\"width: 640px;\" class=\"wp-video\"><video class=\"wp-video-shortcode\" id=\"video-144172-1\" width=\"640\" height=\"360\" preload=\"metadata\" controls=\"controls\"><source type=\"video\/mp4\" src=\"https:\/\/civilna-zastita.gov.hr\/UserDocsImages\/CIVILNA%20ZA%C5%A0TITA\/Vijesti\/0-02-0a-ce22d4485a2249e73dabbd29755d5b5bdc0901a023ae22b37dcae80faefd45e0_1c6daa28dfe1f3.mp4?_=1\" \/><a href=\"https:\/\/civilna-zastita.gov.hr\/UserDocsImages\/CIVILNA%20ZA%C5%A0TITA\/Vijesti\/0-02-0a-ce22d4485a2249e73dabbd29755d5b5bdc0901a023ae22b37dcae80faefd45e0_1c6daa28dfe1f3.mp4\">https:\/\/civilna-zastita.gov.hr\/UserDocsImages\/CIVILNA%20ZA%C5%A0TITA\/Vijesti\/0-02-0a-ce22d4485a2249e73dabbd29755d5b5bdc0901a023ae22b37dcae80faefd45e0_1c6daa28dfe1f3.mp4<\/a><\/video><\/div>\n\n\n\n<p>Na podru\u010dju op\u0107ine smje\u0161teno je 40 posto hrvatske proizvodnje cvije\u0107a, a nakon nevremena niti jedan plastenik i staklenik nije ostao neo\u0161te\u0107en.<\/p>\n\n\n\n<iframe loading=\"lazy\" src=\"https:\/\/www.facebook.com\/plugins\/post.php?href=https%3A%2F%2Fwww.facebook.com%2Fklikajsjever%2Fphotos%2Fa.1586317151393937%2F8194647360560850%2F%3Ftype%3D3&amp;show_text=true&amp;width=500\" style=\"border:none;overflow:hidden\" scrolling=\"no\" allowfullscreen=\"true\" allow=\"autoplay; clipboard-write; encrypted-media; picture-in-picture; web-share\" width=\"500\" height=\"498\" frameborder=\"0\"><\/iframe>\n\n\n\n<p>\u201cMje\u0161tani ka\u017eu da se takvog nevremena ne sje\u0107aju. Tu\u010da je o\u0161tetila doslovno svaki krov, plastenike, staklenike, usjeve. Uni\u0161tena je gotovo polovica hrvatske proizvodnje cvije\u0107a\u201d, izjavio je Stri\u010dak koji je najavio procjenu \u0161teta te progla\u0161enje elementarne nepogode.<\/p>\n\n\n\n<p>\u201cKad se vidi koliko su plastenici uni\u0161teni, sre\u0107a je da nije bilo ozlije\u0111enih, dodao je Stri\u010dak.<\/p>\n\n\n\n<p>U Krapinsko-zagorskoj \u017eupaniji najgore je pro\u0161lo podru\u010dje Huma na Sutli.<\/p>\n\n\n\n<iframe loading=\"lazy\" src=\"https:\/\/www.facebook.com\/plugins\/post.php?href=https%3A%2F%2Fwww.facebook.com%2Fklikajsjever%2Fphotos%2Fa.1586317151393937%2F8194647517227501%2F%3Ftype%3D3&amp;show_text=true&amp;width=500\" style=\"border:none;overflow:hidden\" scrolling=\"no\" allowfullscreen=\"true\" allow=\"autoplay; clipboard-write; encrypted-media; picture-in-picture; web-share\" width=\"500\" height=\"225\" frameborder=\"0\"><\/iframe>\n\n\n\n<p>Slijedi detaljno izvje\u0161\u0107e Civilne za\u0161tite za sljede\u0107e \u017eupanije:<\/p>\n\n\n\n<h3 class=\"wp-block-heading\"><strong>Vara\u017edinska \u017eupanija<\/strong><\/h3>\n\n\n\n<p>Olujno nevrijeme i tu\u010da pogodili su oko 17:00 sati vi\u0161e gradova i op\u0107ina Vara\u017edinske \u017eupanije i to grad Vara\u017edin, op\u0107ine Veliki i Mali Bukovec, Petrijanec, Vinica, Donja Vo\u0107a, Sveti \u0110ur\u0111. Tu\u010da je bila veli\u010dine lje\u0161njaka do veli\u010dine jajeta. Zabilje\u017eena je znatna \u0161teta na objektima i vozilima, a posebice na plastenicima i poljoprivrednim kulturama i drugoj imovini koju tek treba utvrditi.<\/p>\n\n\n\n<p>U tijeku su procjene \u0161tete na terenu na ku\u0107ama kako bi se \u0161to prije sanirala krovi\u0161ta, prozori i sli\u010dno, dok \u0107e \u0161teta na usjevima, vo\u0107njacima, vozilima i ostalim materijalno-tehni\u010dkim sredstvima biti procjenjivana tijekom nekoliko narednih dana.<\/p>\n\n\n\n<p>\u017dupanijski centar 112 zaprimio je dojavu da su bez elektri\u010dne energije bili gra\u0111ani na podru\u010dju Vinice, Vinica Bregu, Cestici, Gornjoj Vo\u0107i i okolnih naselja kao posljedice nevremena. Zabilje\u017eeno je tako\u0111er nekoliko dojava o padu grana na prometnice u mjestima zahva\u0107enim nevremenom.<\/p>\n\n\n\n<h3 class=\"wp-block-heading\"><strong>Krapinsko-zagorska \u017eupanija<\/strong><\/h3>\n\n\n\n<p>Od 16:50 sati Hum na Sutli i okolicu zahvatila je ja\u010da tu\u010da i ki\u0161a s olujnim vjetrom koji je o\u0161tetio osobne automobile, krovove obiteljskih ku\u0107a i gospodarskih objekata.<\/p>\n\n\n\n<p>\u017dupanijski centar 112 Krapina zaprimio je desetak poziva vezanih za pomo\u0107 kod pokrivanja obiteljskih ku\u0107a i dva poziva vezana za o\u010devid zbog o\u0161te\u0107enja osobnih automobila.<\/p>\n\n\n\n<p>Na\u010delnik Sto\u017eera civilne za\u0161tite Hum na Sutli i de\u017eurni djelatnik Vatrogasnog operativnog centra ZJVP Zabok obi\u0161li su 32 objekta na ugro\u017eenom podru\u010dju. U intervencijama su sudjelovali Vatrogasna zajednica Hum na Sutli s dobrovoljnim vatrogasnim dru\u0161tvima i Javnom vatrogasnom postrojbom Krapina. Ukupno je bilo 50 vatrogasaca i 17 vozila. Najvi\u0161e su o\u0161te\u0107eni objekti prekriveni salonit plo\u010dama i starim crijepom.<\/p>\n\n\n\n<h3 class=\"wp-block-heading\"><strong>Me\u0111imurska \u017eupanija<\/strong><\/h3>\n\n\n\n<p>Ju\u010der oko 17:00 sati Me\u0111imursku \u017eupaniju zahvatilo je sna\u017eno nevrijeme pra\u0107eno tu\u010dom koja je mjestimice bila veli\u010dine oraha.<\/p>\n\n\n\n<p>Tu\u010da je padala u vi\u0161e gradova i op\u0107ina; Mursko Sredi\u0161\u0107e, Prelog, Mala Subotica, Orehovica, Sveti Martin na Muri, Sveta Marija, Donja Dubrava. Nema dojava o zna\u010dajnijim \u0161tetama na objektima i vozilima, dok \u0107e se \u0161teta na usjevima naknadno utvr\u0111ivati. Zabilje\u017eena su i dva sru\u0161ena stabla na prometnice u Podturnu i Svetoj Mariji.<\/p>\n\n\n\n<h3 class=\"wp-block-heading\"><strong>Sisa\u010dko-moslava\u010dka \u017eupanija<\/strong><\/h3>\n\n\n\n<p>Olujno nevrijeme zahvatilo je ju\u010der, od 18:48 sati do 19:45 sati sisa\u010dka gradska naselja Greda, Sela i Odra Sisa\u010dka. Na jednoj ku\u0107i je nastao po\u017ear krova, na tri ku\u0107e je o\u0161te\u0107eno krovi\u0161te, na pet gospodarskih objekata odneseni limovi ili uni\u0161ten crijep te je i\u0161\u010dupano nekoliko stabala.<\/p>\n\n\n\n<p>Na teren su iza\u0161li vatrogasci Javne vatrogasne postrojbe Sisak te Dobrovoljno vatrogasno dru\u0161tvo Sela, Greda i Odra Sisa\u010dka. Vatrogasci su ve\u0107inu \u0161tete sanirali te \u0107e se nastaviti sa sanacijama na objektima.<\/p>\n\n\n\n<h3 class=\"wp-block-heading\"><strong>Bjelovarsko-bilogorska \u017eupanija<\/strong><\/h3>\n\n\n\n<p>Oko 19 sati podru\u010dje Bjelovarsko-bilogorske \u017eupanije zahvatilo je nevrijeme pra\u0107eno vjetrom i ki\u0161om.<\/p>\n\n\n\n<p>\u017dupanijski centar 112 Bjelovar zaprimio je \u010detiri dojave o posljedicama nevremena. Uslijed pada stabla u naselju Gornje Plavnice, stablo je o\u0161tetilo elektri\u010dne vodove. Na \u017eupanijsku cestu naselju Suhaja, naneseno je mulja koji su sanirali vatrogasci i \u201eCeste\u201c Bjelovar. Zaprimljena je informacija od Elektre Kri\u017e o poreme\u0107aju u opskrbi elektri\u010dnom energijom na podru\u010dju op\u0107ine \u0110ulovac i grada Daruvara, ukupno 785 korisnika mre\u017ee. Kvar je otklonjen do 23:30 sati.<\/p>\n\n\n\n<p><em>Izvor: narod.hr<\/em><\/p>\n","protected":false},"excerpt":{"rendered":"<p>Olujno nevrijeme pra\u0107eno vjetrom, ki\u0161om i tu\u010dom zahvatilo je u srijedu \u010dak \u0161est \u017eupanija, a zaprimljene su dojave o o\u0161te\u0107enim krovovima, sru\u0161enim stablima na prometnicama i o\u0161te\u0107enim osobnim vozilima. Jako nevrijeme pra\u0107eno vjetrom, ki\u0161om i tu\u010dom zahvatilo je 25. svibnja u popodnevnim i ve\u010dernjim satima dijelove Krapinsko-zagorske, Vara\u017edinske, Me\u0111imurske, Koprivni\u010dko-kri\u017eeva\u010dke, Sisa\u010dko-moslava\u010dke i Bjelovarsko-bilogorske \u017eupanije, objavila [&hellip;]<\/p>\n","protected":false},"author":2,"featured_media":144173,"comment_status":"closed","ping_status":"closed","sticky":false,"template":"","format":"standard","meta":{"h5ap_radio_sources":[],"footnotes":""},"categories":[1],"tags":[],"class_list":["post-144172","post","type-post","status-publish","format-standard","has-post-thumbnail","hentry","category-bihiregija"],"yoast_head":"<!-- This site is optimized with the Yoast SEO plugin v27.5 - https:\/\/yoast.com\/product\/yoast-seo-wordpress\/ -->\n<title>Olujno nevrijeme sino\u0107 pogodilo \u010dak 6 \u017eupanija: Snimljena pijavica kod Siska - RADIO LJUBU\u0160KI<\/title>\n<meta name=\"robots\" content=\"index, follow, max-snippet:-1, max-image-preview:large, max-video-preview:-1\" \/>\n<link rel=\"canonical\" href=\"https:\/\/radioljubuski.ba\/index.php\/2022\/05\/26\/144172\/\" \/>\n<meta property=\"og:locale\" content=\"hr_HR\" \/>\n<meta property=\"og:type\" content=\"article\" \/>\n<meta property=\"og:title\" content=\"Olujno nevrijeme sino\u0107 pogodilo \u010dak 6 \u017eupanija: Snimljena pijavica kod Siska - RADIO LJUBU\u0160KI\" \/>\n<meta property=\"og:description\" content=\"Olujno nevrijeme pra\u0107eno vjetrom, ki\u0161om i tu\u010dom zahvatilo je u srijedu \u010dak \u0161est \u017eupanija, a zaprimljene su dojave o o\u0161te\u0107enim krovovima, sru\u0161enim stablima na prometnicama i o\u0161te\u0107enim osobnim vozilima. Jako nevrijeme pra\u0107eno vjetrom, ki\u0161om i tu\u010dom zahvatilo je 25. svibnja u popodnevnim i ve\u010dernjim satima dijelove Krapinsko-zagorske, Vara\u017edinske, Me\u0111imurske, Koprivni\u010dko-kri\u017eeva\u010dke, Sisa\u010dko-moslava\u010dke i Bjelovarsko-bilogorske \u017eupanije, objavila [&hellip;]\" \/>\n<meta property=\"og:url\" content=\"https:\/\/radioljubuski.ba\/index.php\/2022\/05\/26\/144172\/\" \/>\n<meta property=\"og:site_name\" content=\"RADIO LJUBU\u0160KI\" \/>\n<meta property=\"article:publisher\" content=\"https:\/\/www.facebook.com\/Radiio-Ljubuski-1490835324566332\" \/>\n<meta property=\"article:published_time\" content=\"2022-05-26T11:25:26+00:00\" \/>\n<meta property=\"article:modified_time\" content=\"2022-05-26T11:31:48+00:00\" \/>\n<meta property=\"og:image\" content=\"https:\/\/radioljubuski.ba\/wp-content\/uploads\/2022\/05\/nevrijeme-tuca-pijavica-696x464-1.jpg\" \/>\n\t<meta property=\"og:image:width\" content=\"696\" \/>\n\t<meta property=\"og:image:height\" content=\"464\" \/>\n\t<meta property=\"og:image:type\" content=\"image\/jpeg\" \/>\n<meta name=\"author\" content=\"Radio Ljubu\u0161ki\" \/>\n<meta name=\"twitter:card\" content=\"summary_large_image\" \/>\n<meta name=\"twitter:creator\" content=\"@radioljubuski\" \/>\n<meta name=\"twitter:site\" content=\"@radioljubuski\" \/>\n<meta name=\"twitter:label1\" content=\"Napisao\/la\" \/>\n\t<meta name=\"twitter:data1\" content=\"Radio Ljubu\u0161ki\" \/>\n\t<meta name=\"twitter:label2\" content=\"Procijenjeno vrijeme \u010ditanja\" \/>\n\t<meta name=\"twitter:data2\" content=\"4 minute\" \/>\n<script type=\"application\/ld+json\" class=\"yoast-schema-graph\">{\"@context\":\"https:\\\/\\\/schema.org\",\"@graph\":[{\"@type\":\"Article\",\"@id\":\"https:\\\/\\\/radioljubuski.ba\\\/index.php\\\/2022\\\/05\\\/26\\\/144172\\\/#article\",\"isPartOf\":{\"@id\":\"https:\\\/\\\/radioljubuski.ba\\\/index.php\\\/2022\\\/05\\\/26\\\/144172\\\/\"},\"author\":{\"name\":\"Radio Ljubu\u0161ki\",\"@id\":\"https:\\\/\\\/radioljubuski.ba\\\/#\\\/schema\\\/person\\\/19fc700381a780f69665d7956c469e3b\"},\"headline\":\"Olujno nevrijeme sino\u0107 pogodilo \u010dak 6 \u017eupanija: Snimljena pijavica kod Siska\",\"datePublished\":\"2022-05-26T11:25:26+00:00\",\"dateModified\":\"2022-05-26T11:31:48+00:00\",\"mainEntityOfPage\":{\"@id\":\"https:\\\/\\\/radioljubuski.ba\\\/index.php\\\/2022\\\/05\\\/26\\\/144172\\\/\"},\"wordCount\":882,\"publisher\":{\"@id\":\"https:\\\/\\\/radioljubuski.ba\\\/#organization\"},\"image\":{\"@id\":\"https:\\\/\\\/radioljubuski.ba\\\/index.php\\\/2022\\\/05\\\/26\\\/144172\\\/#primaryimage\"},\"thumbnailUrl\":\"https:\\\/\\\/radioljubuski.ba\\\/wp-content\\\/uploads\\\/2022\\\/05\\\/nevrijeme-tuca-pijavica-696x464-1.jpg\",\"articleSection\":[\"BIH i regija\"],\"inLanguage\":\"hr\"},{\"@type\":\"WebPage\",\"@id\":\"https:\\\/\\\/radioljubuski.ba\\\/index.php\\\/2022\\\/05\\\/26\\\/144172\\\/\",\"url\":\"https:\\\/\\\/radioljubuski.ba\\\/index.php\\\/2022\\\/05\\\/26\\\/144172\\\/\",\"name\":\"Olujno nevrijeme sino\u0107 pogodilo \u010dak 6 \u017eupanija: Snimljena pijavica kod Siska - RADIO LJUBU\u0160KI\",\"isPartOf\":{\"@id\":\"https:\\\/\\\/radioljubuski.ba\\\/#website\"},\"primaryImageOfPage\":{\"@id\":\"https:\\\/\\\/radioljubuski.ba\\\/index.php\\\/2022\\\/05\\\/26\\\/144172\\\/#primaryimage\"},\"image\":{\"@id\":\"https:\\\/\\\/radioljubuski.ba\\\/index.php\\\/2022\\\/05\\\/26\\\/144172\\\/#primaryimage\"},\"thumbnailUrl\":\"https:\\\/\\\/radioljubuski.ba\\\/wp-content\\\/uploads\\\/2022\\\/05\\\/nevrijeme-tuca-pijavica-696x464-1.jpg\",\"datePublished\":\"2022-05-26T11:25:26+00:00\",\"dateModified\":\"2022-05-26T11:31:48+00:00\",\"breadcrumb\":{\"@id\":\"https:\\\/\\\/radioljubuski.ba\\\/index.php\\\/2022\\\/05\\\/26\\\/144172\\\/#breadcrumb\"},\"inLanguage\":\"hr\",\"potentialAction\":[{\"@type\":\"ReadAction\",\"target\":[\"https:\\\/\\\/radioljubuski.ba\\\/index.php\\\/2022\\\/05\\\/26\\\/144172\\\/\"]}]},{\"@type\":\"ImageObject\",\"inLanguage\":\"hr\",\"@id\":\"https:\\\/\\\/radioljubuski.ba\\\/index.php\\\/2022\\\/05\\\/26\\\/144172\\\/#primaryimage\",\"url\":\"https:\\\/\\\/radioljubuski.ba\\\/wp-content\\\/uploads\\\/2022\\\/05\\\/nevrijeme-tuca-pijavica-696x464-1.jpg\",\"contentUrl\":\"https:\\\/\\\/radioljubuski.ba\\\/wp-content\\\/uploads\\\/2022\\\/05\\\/nevrijeme-tuca-pijavica-696x464-1.jpg\",\"width\":696,\"height\":464},{\"@type\":\"BreadcrumbList\",\"@id\":\"https:\\\/\\\/radioljubuski.ba\\\/index.php\\\/2022\\\/05\\\/26\\\/144172\\\/#breadcrumb\",\"itemListElement\":[{\"@type\":\"ListItem\",\"position\":1,\"name\":\"Po\u010detna stranica\",\"item\":\"https:\\\/\\\/radioljubuski.ba\\\/\"},{\"@type\":\"ListItem\",\"position\":2,\"name\":\"Olujno nevrijeme sino\u0107 pogodilo \u010dak 6 \u017eupanija: Snimljena pijavica kod Siska\"}]},{\"@type\":\"WebSite\",\"@id\":\"https:\\\/\\\/radioljubuski.ba\\\/#website\",\"url\":\"https:\\\/\\\/radioljubuski.ba\\\/\",\"name\":\"Radio Ljubu\u0161ki\",\"description\":\"Sun\u010dana frekvencija Hercegovine\",\"publisher\":{\"@id\":\"https:\\\/\\\/radioljubuski.ba\\\/#organization\"},\"potentialAction\":[{\"@type\":\"SearchAction\",\"target\":{\"@type\":\"EntryPoint\",\"urlTemplate\":\"https:\\\/\\\/radioljubuski.ba\\\/?s={search_term_string}\"},\"query-input\":{\"@type\":\"PropertyValueSpecification\",\"valueRequired\":true,\"valueName\":\"search_term_string\"}}],\"inLanguage\":\"hr\"},{\"@type\":\"Organization\",\"@id\":\"https:\\\/\\\/radioljubuski.ba\\\/#organization\",\"name\":\"Radio Ljubu\u0161ki\",\"url\":\"https:\\\/\\\/radioljubuski.ba\\\/\",\"logo\":{\"@type\":\"ImageObject\",\"inLanguage\":\"hr\",\"@id\":\"https:\\\/\\\/radioljubuski.ba\\\/#\\\/schema\\\/logo\\\/image\\\/\",\"url\":\"https:\\\/\\\/radioljubuski.ba\\\/wp-content\\\/uploads\\\/2021\\\/02\\\/cropped-Radio_Ljubuski_logo1.jpg\",\"contentUrl\":\"https:\\\/\\\/radioljubuski.ba\\\/wp-content\\\/uploads\\\/2021\\\/02\\\/cropped-Radio_Ljubuski_logo1.jpg\",\"width\":512,\"height\":512,\"caption\":\"Radio Ljubu\u0161ki\"},\"image\":{\"@id\":\"https:\\\/\\\/radioljubuski.ba\\\/#\\\/schema\\\/logo\\\/image\\\/\"},\"sameAs\":[\"https:\\\/\\\/www.facebook.com\\\/Radiio-Ljubuski-1490835324566332\",\"https:\\\/\\\/x.com\\\/radioljubuski\",\"https:\\\/\\\/hr.linkedin.com\\\/company\\\/radio-ljubuski\",\"https:\\\/\\\/www.youtube.com\\\/channel\\\/UCHYaeO_n0Db3tjNGudGpXyw\"]},{\"@type\":\"Person\",\"@id\":\"https:\\\/\\\/radioljubuski.ba\\\/#\\\/schema\\\/person\\\/19fc700381a780f69665d7956c469e3b\",\"name\":\"Radio Ljubu\u0161ki\"}]}<\/script>\n<!-- \/ Yoast SEO plugin. -->","yoast_head_json":{"title":"Olujno nevrijeme sino\u0107 pogodilo \u010dak 6 \u017eupanija: Snimljena pijavica kod Siska - RADIO LJUBU\u0160KI","robots":{"index":"index","follow":"follow","max-snippet":"max-snippet:-1","max-image-preview":"max-image-preview:large","max-video-preview":"max-video-preview:-1"},"canonical":"https:\/\/radioljubuski.ba\/index.php\/2022\/05\/26\/144172\/","og_locale":"hr_HR","og_type":"article","og_title":"Olujno nevrijeme sino\u0107 pogodilo \u010dak 6 \u017eupanija: Snimljena pijavica kod Siska - RADIO LJUBU\u0160KI","og_description":"Olujno nevrijeme pra\u0107eno vjetrom, ki\u0161om i tu\u010dom zahvatilo je u srijedu \u010dak \u0161est \u017eupanija, a zaprimljene su dojave o o\u0161te\u0107enim krovovima, sru\u0161enim stablima na prometnicama i o\u0161te\u0107enim osobnim vozilima. Jako nevrijeme pra\u0107eno vjetrom, ki\u0161om i tu\u010dom zahvatilo je 25. svibnja u popodnevnim i ve\u010dernjim satima dijelove Krapinsko-zagorske, Vara\u017edinske, Me\u0111imurske, Koprivni\u010dko-kri\u017eeva\u010dke, Sisa\u010dko-moslava\u010dke i Bjelovarsko-bilogorske \u017eupanije, objavila [&hellip;]","og_url":"https:\/\/radioljubuski.ba\/index.php\/2022\/05\/26\/144172\/","og_site_name":"RADIO LJUBU\u0160KI","article_publisher":"https:\/\/www.facebook.com\/Radiio-Ljubuski-1490835324566332","article_published_time":"2022-05-26T11:25:26+00:00","article_modified_time":"2022-05-26T11:31:48+00:00","og_image":[{"width":696,"height":464,"url":"https:\/\/radioljubuski.ba\/wp-content\/uploads\/2022\/05\/nevrijeme-tuca-pijavica-696x464-1.jpg","type":"image\/jpeg"}],"author":"Radio Ljubu\u0161ki","twitter_card":"summary_large_image","twitter_creator":"@radioljubuski","twitter_site":"@radioljubuski","twitter_misc":{"Napisao\/la":"Radio Ljubu\u0161ki","Procijenjeno vrijeme \u010ditanja":"4 minute"},"schema":{"@context":"https:\/\/schema.org","@graph":[{"@type":"Article","@id":"https:\/\/radioljubuski.ba\/index.php\/2022\/05\/26\/144172\/#article","isPartOf":{"@id":"https:\/\/radioljubuski.ba\/index.php\/2022\/05\/26\/144172\/"},"author":{"name":"Radio Ljubu\u0161ki","@id":"https:\/\/radioljubuski.ba\/#\/schema\/person\/19fc700381a780f69665d7956c469e3b"},"headline":"Olujno nevrijeme sino\u0107 pogodilo \u010dak 6 \u017eupanija: Snimljena pijavica kod Siska","datePublished":"2022-05-26T11:25:26+00:00","dateModified":"2022-05-26T11:31:48+00:00","mainEntityOfPage":{"@id":"https:\/\/radioljubuski.ba\/index.php\/2022\/05\/26\/144172\/"},"wordCount":882,"publisher":{"@id":"https:\/\/radioljubuski.ba\/#organization"},"image":{"@id":"https:\/\/radioljubuski.ba\/index.php\/2022\/05\/26\/144172\/#primaryimage"},"thumbnailUrl":"https:\/\/radioljubuski.ba\/wp-content\/uploads\/2022\/05\/nevrijeme-tuca-pijavica-696x464-1.jpg","articleSection":["BIH i regija"],"inLanguage":"hr"},{"@type":"WebPage","@id":"https:\/\/radioljubuski.ba\/index.php\/2022\/05\/26\/144172\/","url":"https:\/\/radioljubuski.ba\/index.php\/2022\/05\/26\/144172\/","name":"Olujno nevrijeme sino\u0107 pogodilo \u010dak 6 \u017eupanija: Snimljena pijavica kod Siska - RADIO LJUBU\u0160KI","isPartOf":{"@id":"https:\/\/radioljubuski.ba\/#website"},"primaryImageOfPage":{"@id":"https:\/\/radioljubuski.ba\/index.php\/2022\/05\/26\/144172\/#primaryimage"},"image":{"@id":"https:\/\/radioljubuski.ba\/index.php\/2022\/05\/26\/144172\/#primaryimage"},"thumbnailUrl":"https:\/\/radioljubuski.ba\/wp-content\/uploads\/2022\/05\/nevrijeme-tuca-pijavica-696x464-1.jpg","datePublished":"2022-05-26T11:25:26+00:00","dateModified":"2022-05-26T11:31:48+00:00","breadcrumb":{"@id":"https:\/\/radioljubuski.ba\/index.php\/2022\/05\/26\/144172\/#breadcrumb"},"inLanguage":"hr","potentialAction":[{"@type":"ReadAction","target":["https:\/\/radioljubuski.ba\/index.php\/2022\/05\/26\/144172\/"]}]},{"@type":"ImageObject","inLanguage":"hr","@id":"https:\/\/radioljubuski.ba\/index.php\/2022\/05\/26\/144172\/#primaryimage","url":"https:\/\/radioljubuski.ba\/wp-content\/uploads\/2022\/05\/nevrijeme-tuca-pijavica-696x464-1.jpg","contentUrl":"https:\/\/radioljubuski.ba\/wp-content\/uploads\/2022\/05\/nevrijeme-tuca-pijavica-696x464-1.jpg","width":696,"height":464},{"@type":"BreadcrumbList","@id":"https:\/\/radioljubuski.ba\/index.php\/2022\/05\/26\/144172\/#breadcrumb","itemListElement":[{"@type":"ListItem","position":1,"name":"Po\u010detna stranica","item":"https:\/\/radioljubuski.ba\/"},{"@type":"ListItem","position":2,"name":"Olujno nevrijeme sino\u0107 pogodilo \u010dak 6 \u017eupanija: Snimljena pijavica kod Siska"}]},{"@type":"WebSite","@id":"https:\/\/radioljubuski.ba\/#website","url":"https:\/\/radioljubuski.ba\/","name":"Radio Ljubu\u0161ki","description":"Sun\u010dana frekvencija Hercegovine","publisher":{"@id":"https:\/\/radioljubuski.ba\/#organization"},"potentialAction":[{"@type":"SearchAction","target":{"@type":"EntryPoint","urlTemplate":"https:\/\/radioljubuski.ba\/?s={search_term_string}"},"query-input":{"@type":"PropertyValueSpecification","valueRequired":true,"valueName":"search_term_string"}}],"inLanguage":"hr"},{"@type":"Organization","@id":"https:\/\/radioljubuski.ba\/#organization","name":"Radio Ljubu\u0161ki","url":"https:\/\/radioljubuski.ba\/","logo":{"@type":"ImageObject","inLanguage":"hr","@id":"https:\/\/radioljubuski.ba\/#\/schema\/logo\/image\/","url":"https:\/\/radioljubuski.ba\/wp-content\/uploads\/2021\/02\/cropped-Radio_Ljubuski_logo1.jpg","contentUrl":"https:\/\/radioljubuski.ba\/wp-content\/uploads\/2021\/02\/cropped-Radio_Ljubuski_logo1.jpg","width":512,"height":512,"caption":"Radio Ljubu\u0161ki"},"image":{"@id":"https:\/\/radioljubuski.ba\/#\/schema\/logo\/image\/"},"sameAs":["https:\/\/www.facebook.com\/Radiio-Ljubuski-1490835324566332","https:\/\/x.com\/radioljubuski","https:\/\/hr.linkedin.com\/company\/radio-ljubuski","https:\/\/www.youtube.com\/channel\/UCHYaeO_n0Db3tjNGudGpXyw"]},{"@type":"Person","@id":"https:\/\/radioljubuski.ba\/#\/schema\/person\/19fc700381a780f69665d7956c469e3b","name":"Radio Ljubu\u0161ki"}]}},"_links":{"self":[{"href":"https:\/\/radioljubuski.ba\/index.php\/wp-json\/wp\/v2\/posts\/144172","targetHints":{"allow":["GET"]}}],"collection":[{"href":"https:\/\/radioljubuski.ba\/index.php\/wp-json\/wp\/v2\/posts"}],"about":[{"href":"https:\/\/radioljubuski.ba\/index.php\/wp-json\/wp\/v2\/types\/post"}],"author":[{"embeddable":true,"href":"https:\/\/radioljubuski.ba\/index.php\/wp-json\/wp\/v2\/users\/2"}],"replies":[{"embeddable":true,"href":"https:\/\/radioljubuski.ba\/index.php\/wp-json\/wp\/v2\/comments?post=144172"}],"version-history":[{"count":3,"href":"https:\/\/radioljubuski.ba\/index.php\/wp-json\/wp\/v2\/posts\/144172\/revisions"}],"predecessor-version":[{"id":144177,"href":"https:\/\/radioljubuski.ba\/index.php\/wp-json\/wp\/v2\/posts\/144172\/revisions\/144177"}],"wp:featuredmedia":[{"embeddable":true,"href":"https:\/\/radioljubuski.ba\/index.php\/wp-json\/wp\/v2\/media\/144173"}],"wp:attachment":[{"href":"https:\/\/radioljubuski.ba\/index.php\/wp-json\/wp\/v2\/media?parent=144172"}],"wp:term":[{"taxonomy":"category","embeddable":true,"href":"https:\/\/radioljubuski.ba\/index.php\/wp-json\/wp\/v2\/categories?post=144172"},{"taxonomy":"post_tag","embeddable":true,"href":"https:\/\/radioljubuski.ba\/index.php\/wp-json\/wp\/v2\/tags?post=144172"}],"curies":[{"name":"wp","href":"https:\/\/api.w.org\/{rel}","templated":true}]}}