{"id":144178,"date":"2022-05-26T12:33:59","date_gmt":"2022-05-26T11:33:59","guid":{"rendered":"https:\/\/radioljubuski.ba\/?p=144178"},"modified":"2022-05-26T12:34:00","modified_gmt":"2022-05-26T11:34:00","slug":"zupnik-zupe-brdovec-o-ukopu-133-zrtve-kriznog-puta-mnogi-domaci-ljudi-jos-uvijek-ne-zele-govoriti-o-tome","status":"publish","type":"post","link":"https:\/\/radioljubuski.ba\/index.php\/2022\/05\/26\/zupnik-zupe-brdovec-o-ukopu-133-zrtve-kriznog-puta-mnogi-domaci-ljudi-jos-uvijek-ne-zele-govoriti-o-tome\/","title":{"rendered":"\u017dupnik \u017eupe Brdovec o ukopu 133 \u017ertve kri\u017enog puta: Mnogi doma\u0107i ljudi jo\u0161 uvijek ne \u017eele govoriti o tome"},"content":{"rendered":"\n<p>Povodom ukopa \u017ertava poslijeratnog komunisti\u010dkog zlo\u010dina razgovaramo s \u017eupnikom \u017eupe sv. Vida u Brdovcu, na \u010dijem prostoru je i prona\u0111ena ova masovna grobnica, <strong>vl\u010d. Danijelom Ha\u010dkom<\/strong>.<\/p>\n\n\n\n<p>U utorak je na groblju u Ladu\u010du (op\u0107ina Brdovec pored Zapre\u0161i\u0107a) odr\u017ean <strong>ukop 133 \u017ertve kri\u017enog puta, ubijene u partizanskom zlo\u010dinu nakon Drugog svjetskog rata, 1945. godine.<\/strong> Ove 133 osobe su, najvjerojatnije 13. svibnja 1945., <strong>pripadnici 21. srpske divizije Jugoslavenske armije svezali \u017eicom, likvidirali te polili \u017eivim vapnom.<\/strong> <strong>\u017drtve su prije dvije godine ekshumirane iz masovne grobnice u blizini Prudnica<\/strong> (op\u0107ina Brdovec, Zagreba\u010dka \u017eupanija, desetak kilometara zapadno od Zagreba).<\/p>\n\n\n\n<h3 class=\"wp-block-heading\"><strong>\u017drtve pokopane u utorak<\/strong><\/h3>\n\n\n\n<p>O ukopu mo\u017eete pro\u010ditati u \u010dlanku kojeg smo objavili u utorak:<\/p>\n\n\n\n<p>Na ukopu, kojem je, me\u0111u ostalima, prisustvovao potpredsjednik Vlade ministar Tomo Medved (HDZ) i na\u010delnik op\u0107ine Brdovec Alen Prelec (SDP), \u017eupnik Ha\u010dko istaknuo je jo\u0161 mnoge lokacije na podru\u010dju \u017eupe na kojima tako\u0111er u neobilje\u017eenim grobnicama po\u010divaju \u017ertve zlo\u010dina, a koje jo\u0161 uvijek nisu istra\u017eene, niti su \u017ertve dostojno pokopane. Vl\u010d. Ha\u010dko citirao je rije\u010di vl\u010d. Mirka Cigrovskog, upravitelja \u017eupe Brdovec u vremenu nakon brutalnih poslijeratnih egzekucija, koji je u \u017eupnoj spomenici detaljno naveo lokacije pojedinih zlo\u010dina i mjesta gdje su \u017ertve zakopane.<\/p>\n\n\n\n<p>O toj je temi \u017eupnik Ha\u010dko govorio i za Narod.hr.<\/p>\n\n\n\n<h4 class=\"wp-block-heading\"><strong>Narod.hr: U Ladu\u010du su sahranjene 133 \u017ertve poratnog komunisti\u010dkog zlo\u010dina. Rije\u010d je o \u017ertvama koje su ubijene i zakopane na podru\u010dju Va\u0161e \u017eupe, u velikoj masovnoj grobnici koja je godinama stajala neotkrivena i neobilje\u017eena. Koja je Va\u0161a poruka \u017eupljanima i obiteljima \u017ertava&nbsp; povodom ove sahrane?<\/strong><\/h4>\n\n\n\n<p><strong>Vl\u010d. Danijel Ha\u010dko<\/strong>: Kao \u0161to sam i rekao na po\u010detku ove komemoracije i svete mise, doista je<strong> \u017eelja da se, prije svega, u svim tim grobi\u0161tima za koja znamo gdje su \u2013 sada su i obilje\u017eena \u2013 provede ekshumacija i da se sve te \u017ertve dostojno sahrane. Svaka \u017ertva zaslu\u017euje po\u0161tovanje<\/strong> jer nismo tu da sudimo, svaka \u017ertva, pogotovo ona koja je na taj na\u010din pogubljena, zaslu\u017euje na\u0161e po\u0161tovanje. Sve to treba \u010diniti na taj na\u010din da se pomirimo s na\u0161om pro\u0161lo\u0161\u0107u, da mo\u017eemo sretnije \u017eivjeti danas-sutra.<\/p>\n\n\n\n<p><strong>Obiteljima koje oplakuju \u017ertve<\/strong>, a na\u017ealost ve\u0107ina ih i ne zna jesu li to njihovi \u010dlanovi, mogu samo pretpostavljati jer su po pri\u010danjima \u010duli da su oni odvedeni na ovo podru\u010dje i da su tu pogubljeni \u2013 njima <strong>izra\u017eavam su\u0107ut i suosje\u0107anje zbog gubitka<\/strong>.<\/p>\n\n\n\n<p>Vjerujem da je ovo tek po\u010detak onoga \u0161to bismo trebali u\u010diniti da svatko tko traga za svojim nestalim najdra\u017eima, uspije u potrazi i nakani da ih dostojno sahrani, a to se odnosi i na Domovinski rat. Da se ne \u010deka ovako dugo kao \u0161to smo trebali \u010dekati za \u017ertve pora\u0107a Drugog svjetskog rata\u2026<\/p>\n\n\n\n<h4 class=\"wp-block-heading\"><strong>Narod.hr: Na komemoraciji ste citirali rije\u010di koje je napisao upravitelj \u017eupe Brdovec u tim poslijeratnim vremenima, vl\u010d. Mirko Cigrovski, koji nabraja iznimno velik broj lokacija grobi\u0161ta. Dakle, osim one u Prudnicama gdje su prona\u0111ene ove \u017ertve, ima ih jo\u0161 mnogo. Prethodni \u017eupnik \u017eupe Brdovec, vl\u010d. Ivan Greti\u0107, svojevremeno je medijima dao jednu zastra\u0161uju\u0107u izjavu \u2013 naime, da u \u017eupi Brdovec ima vi\u0161e osoba koje se nalaze pod zemljom, u neobilje\u017eenim masovnim grobnicama, nego \u0161to je \u017eivih \u017eupljana. Koliko je jo\u0161 lokacija koje su jo\u0161 uvijek neistra\u017eene, radi li se na njihovom istra\u017eivanju i kada mo\u017eemo o\u010dekivati da \u0107e i te \u017ertve biti dostojno pokopane?<\/strong><\/h4>\n\n\n\n<p><strong>Vl\u010d. Danijel Ha\u010dko<\/strong>: Po mojem saznanju Ministarstvo ima to\u010dne lokacije. To je, uz ovu lokaciju u Prudnicama gdje je izvr\u0161ena ekshumacija,<strong> jo\u0161 10-ak lokacija<\/strong>. Postoji jo\u0161 jedna <strong>lokacija u mjestu Harmica, uz granicu sa Slovenijom<\/strong>, gdje je izvr\u0161ena ekshumacija prije nekoliko godina. Tamo su prona\u0111ena <strong>tijela njema\u010dkih vojnika starosti od 16-17 godina<\/strong> koje je Hitler pred kraj rata unova\u010dio. Oni su identificirani i dostojanstveno sahranjeni. Ove sve <strong>ostale lokacije nisu istra\u017eene, iako se zna za njih<\/strong>.<\/p>\n\n\n\n<p>No, <strong>jo\u0161 uvijek postoji velik otpor me\u0111u doma\u0107im ljudima<\/strong>, je li to iz straha jo\u0161 iz biv\u0161ih vremena, ali mnogi ne \u017eele o tome pri\u010dati, dapa\u010de, bune se. Ali, malo po malo ipak radimo na tome da to sve otkrijemo i da mo\u017eemo, kao \u0161to sam rekao, graditi sretnu budu\u0107nost. <strong>S pro\u0161lo\u0161\u0107u se pomiruje tako da se svim \u017ertvama oda dostojanstvena po\u010dast i ukop<\/strong>. Jer svi smo mi Bo\u017eja stvorenja, Bo\u017eja djeca, Bog nas jednako ljubi i ako smo dobri i ako smo zli, pa smo i mi, kao bra\u0107a, kao Bo\u017eja djeca, pozvani da svakog \u010dovjeka ljubimo. I prijatelja i neprijatelja. I da svakome damo po\u010dast koju zaslu\u017euje.<\/p>\n\n\n\n<p><em>Izvor: narod.hr<\/em><\/p>\n","protected":false},"excerpt":{"rendered":"<p>Povodom ukopa \u017ertava poslijeratnog komunisti\u010dkog zlo\u010dina razgovaramo s \u017eupnikom \u017eupe sv. Vida u Brdovcu, na \u010dijem prostoru je i prona\u0111ena ova masovna grobnica, vl\u010d. Danijelom Ha\u010dkom. U utorak je na groblju u Ladu\u010du (op\u0107ina Brdovec pored Zapre\u0161i\u0107a) odr\u017ean ukop 133 \u017ertve kri\u017enog puta, ubijene u partizanskom zlo\u010dinu nakon Drugog svjetskog rata, 1945. godine. Ove 133 [&hellip;]<\/p>\n","protected":false},"author":2,"featured_media":144179,"comment_status":"closed","ping_status":"closed","sticky":false,"template":"","format":"standard","meta":{"h5ap_radio_sources":[],"footnotes":""},"categories":[1],"tags":[],"class_list":["post-144178","post","type-post","status-publish","format-standard","has-post-thumbnail","hentry","category-bihiregija"],"yoast_head":"<!-- This site is optimized with the Yoast SEO plugin v27.5 - https:\/\/yoast.com\/product\/yoast-seo-wordpress\/ -->\n<title>\u017dupnik \u017eupe Brdovec o ukopu 133 \u017ertve kri\u017enog puta: Mnogi doma\u0107i ljudi jo\u0161 uvijek ne \u017eele govoriti o tome - RADIO LJUBU\u0160KI<\/title>\n<meta name=\"robots\" content=\"index, follow, max-snippet:-1, max-image-preview:large, max-video-preview:-1\" \/>\n<link rel=\"canonical\" href=\"https:\/\/radioljubuski.ba\/index.php\/2022\/05\/26\/zupnik-zupe-brdovec-o-ukopu-133-zrtve-kriznog-puta-mnogi-domaci-ljudi-jos-uvijek-ne-zele-govoriti-o-tome\/\" \/>\n<meta property=\"og:locale\" content=\"hr_HR\" \/>\n<meta property=\"og:type\" content=\"article\" \/>\n<meta property=\"og:title\" content=\"\u017dupnik \u017eupe Brdovec o ukopu 133 \u017ertve kri\u017enog puta: Mnogi doma\u0107i ljudi jo\u0161 uvijek ne \u017eele govoriti o tome - RADIO LJUBU\u0160KI\" \/>\n<meta property=\"og:description\" content=\"Povodom ukopa \u017ertava poslijeratnog komunisti\u010dkog zlo\u010dina razgovaramo s \u017eupnikom \u017eupe sv. Vida u Brdovcu, na \u010dijem prostoru je i prona\u0111ena ova masovna grobnica, vl\u010d. Danijelom Ha\u010dkom. U utorak je na groblju u Ladu\u010du (op\u0107ina Brdovec pored Zapre\u0161i\u0107a) odr\u017ean ukop 133 \u017ertve kri\u017enog puta, ubijene u partizanskom zlo\u010dinu nakon Drugog svjetskog rata, 1945. godine. Ove 133 [&hellip;]\" \/>\n<meta property=\"og:url\" content=\"https:\/\/radioljubuski.ba\/index.php\/2022\/05\/26\/zupnik-zupe-brdovec-o-ukopu-133-zrtve-kriznog-puta-mnogi-domaci-ljudi-jos-uvijek-ne-zele-govoriti-o-tome\/\" \/>\n<meta property=\"og:site_name\" content=\"RADIO LJUBU\u0160KI\" \/>\n<meta property=\"article:publisher\" content=\"https:\/\/www.facebook.com\/Radiio-Ljubuski-1490835324566332\" \/>\n<meta property=\"article:published_time\" content=\"2022-05-26T11:33:59+00:00\" \/>\n<meta property=\"article:modified_time\" content=\"2022-05-26T11:34:00+00:00\" \/>\n<meta property=\"og:image\" content=\"https:\/\/radioljubuski.ba\/wp-content\/uploads\/2022\/05\/Untitled-collage-3-696x522-1.jpg\" \/>\n\t<meta property=\"og:image:width\" content=\"696\" \/>\n\t<meta property=\"og:image:height\" content=\"522\" \/>\n\t<meta property=\"og:image:type\" content=\"image\/jpeg\" \/>\n<meta name=\"author\" content=\"Radio Ljubu\u0161ki\" \/>\n<meta name=\"twitter:card\" content=\"summary_large_image\" \/>\n<meta name=\"twitter:creator\" content=\"@radioljubuski\" \/>\n<meta name=\"twitter:site\" content=\"@radioljubuski\" \/>\n<meta name=\"twitter:label1\" content=\"Napisao\/la\" \/>\n\t<meta name=\"twitter:data1\" content=\"Radio Ljubu\u0161ki\" \/>\n\t<meta name=\"twitter:label2\" content=\"Procijenjeno vrijeme \u010ditanja\" \/>\n\t<meta name=\"twitter:data2\" content=\"4 minute\" \/>\n<script type=\"application\/ld+json\" class=\"yoast-schema-graph\">{\"@context\":\"https:\\\/\\\/schema.org\",\"@graph\":[{\"@type\":\"Article\",\"@id\":\"https:\\\/\\\/radioljubuski.ba\\\/index.php\\\/2022\\\/05\\\/26\\\/zupnik-zupe-brdovec-o-ukopu-133-zrtve-kriznog-puta-mnogi-domaci-ljudi-jos-uvijek-ne-zele-govoriti-o-tome\\\/#article\",\"isPartOf\":{\"@id\":\"https:\\\/\\\/radioljubuski.ba\\\/index.php\\\/2022\\\/05\\\/26\\\/zupnik-zupe-brdovec-o-ukopu-133-zrtve-kriznog-puta-mnogi-domaci-ljudi-jos-uvijek-ne-zele-govoriti-o-tome\\\/\"},\"author\":{\"name\":\"Radio Ljubu\u0161ki\",\"@id\":\"https:\\\/\\\/radioljubuski.ba\\\/#\\\/schema\\\/person\\\/19fc700381a780f69665d7956c469e3b\"},\"headline\":\"\u017dupnik \u017eupe Brdovec o ukopu 133 \u017ertve kri\u017enog puta: Mnogi doma\u0107i ljudi jo\u0161 uvijek ne \u017eele govoriti o tome\",\"datePublished\":\"2022-05-26T11:33:59+00:00\",\"dateModified\":\"2022-05-26T11:34:00+00:00\",\"mainEntityOfPage\":{\"@id\":\"https:\\\/\\\/radioljubuski.ba\\\/index.php\\\/2022\\\/05\\\/26\\\/zupnik-zupe-brdovec-o-ukopu-133-zrtve-kriznog-puta-mnogi-domaci-ljudi-jos-uvijek-ne-zele-govoriti-o-tome\\\/\"},\"wordCount\":834,\"publisher\":{\"@id\":\"https:\\\/\\\/radioljubuski.ba\\\/#organization\"},\"image\":{\"@id\":\"https:\\\/\\\/radioljubuski.ba\\\/index.php\\\/2022\\\/05\\\/26\\\/zupnik-zupe-brdovec-o-ukopu-133-zrtve-kriznog-puta-mnogi-domaci-ljudi-jos-uvijek-ne-zele-govoriti-o-tome\\\/#primaryimage\"},\"thumbnailUrl\":\"https:\\\/\\\/radioljubuski.ba\\\/wp-content\\\/uploads\\\/2022\\\/05\\\/Untitled-collage-3-696x522-1.jpg\",\"articleSection\":[\"BIH i regija\"],\"inLanguage\":\"hr\"},{\"@type\":\"WebPage\",\"@id\":\"https:\\\/\\\/radioljubuski.ba\\\/index.php\\\/2022\\\/05\\\/26\\\/zupnik-zupe-brdovec-o-ukopu-133-zrtve-kriznog-puta-mnogi-domaci-ljudi-jos-uvijek-ne-zele-govoriti-o-tome\\\/\",\"url\":\"https:\\\/\\\/radioljubuski.ba\\\/index.php\\\/2022\\\/05\\\/26\\\/zupnik-zupe-brdovec-o-ukopu-133-zrtve-kriznog-puta-mnogi-domaci-ljudi-jos-uvijek-ne-zele-govoriti-o-tome\\\/\",\"name\":\"\u017dupnik \u017eupe Brdovec o ukopu 133 \u017ertve kri\u017enog puta: Mnogi doma\u0107i ljudi jo\u0161 uvijek ne \u017eele govoriti o tome - RADIO LJUBU\u0160KI\",\"isPartOf\":{\"@id\":\"https:\\\/\\\/radioljubuski.ba\\\/#website\"},\"primaryImageOfPage\":{\"@id\":\"https:\\\/\\\/radioljubuski.ba\\\/index.php\\\/2022\\\/05\\\/26\\\/zupnik-zupe-brdovec-o-ukopu-133-zrtve-kriznog-puta-mnogi-domaci-ljudi-jos-uvijek-ne-zele-govoriti-o-tome\\\/#primaryimage\"},\"image\":{\"@id\":\"https:\\\/\\\/radioljubuski.ba\\\/index.php\\\/2022\\\/05\\\/26\\\/zupnik-zupe-brdovec-o-ukopu-133-zrtve-kriznog-puta-mnogi-domaci-ljudi-jos-uvijek-ne-zele-govoriti-o-tome\\\/#primaryimage\"},\"thumbnailUrl\":\"https:\\\/\\\/radioljubuski.ba\\\/wp-content\\\/uploads\\\/2022\\\/05\\\/Untitled-collage-3-696x522-1.jpg\",\"datePublished\":\"2022-05-26T11:33:59+00:00\",\"dateModified\":\"2022-05-26T11:34:00+00:00\",\"breadcrumb\":{\"@id\":\"https:\\\/\\\/radioljubuski.ba\\\/index.php\\\/2022\\\/05\\\/26\\\/zupnik-zupe-brdovec-o-ukopu-133-zrtve-kriznog-puta-mnogi-domaci-ljudi-jos-uvijek-ne-zele-govoriti-o-tome\\\/#breadcrumb\"},\"inLanguage\":\"hr\",\"potentialAction\":[{\"@type\":\"ReadAction\",\"target\":[\"https:\\\/\\\/radioljubuski.ba\\\/index.php\\\/2022\\\/05\\\/26\\\/zupnik-zupe-brdovec-o-ukopu-133-zrtve-kriznog-puta-mnogi-domaci-ljudi-jos-uvijek-ne-zele-govoriti-o-tome\\\/\"]}]},{\"@type\":\"ImageObject\",\"inLanguage\":\"hr\",\"@id\":\"https:\\\/\\\/radioljubuski.ba\\\/index.php\\\/2022\\\/05\\\/26\\\/zupnik-zupe-brdovec-o-ukopu-133-zrtve-kriznog-puta-mnogi-domaci-ljudi-jos-uvijek-ne-zele-govoriti-o-tome\\\/#primaryimage\",\"url\":\"https:\\\/\\\/radioljubuski.ba\\\/wp-content\\\/uploads\\\/2022\\\/05\\\/Untitled-collage-3-696x522-1.jpg\",\"contentUrl\":\"https:\\\/\\\/radioljubuski.ba\\\/wp-content\\\/uploads\\\/2022\\\/05\\\/Untitled-collage-3-696x522-1.jpg\",\"width\":696,\"height\":522},{\"@type\":\"BreadcrumbList\",\"@id\":\"https:\\\/\\\/radioljubuski.ba\\\/index.php\\\/2022\\\/05\\\/26\\\/zupnik-zupe-brdovec-o-ukopu-133-zrtve-kriznog-puta-mnogi-domaci-ljudi-jos-uvijek-ne-zele-govoriti-o-tome\\\/#breadcrumb\",\"itemListElement\":[{\"@type\":\"ListItem\",\"position\":1,\"name\":\"Po\u010detna stranica\",\"item\":\"https:\\\/\\\/radioljubuski.ba\\\/\"},{\"@type\":\"ListItem\",\"position\":2,\"name\":\"\u017dupnik \u017eupe Brdovec o ukopu 133 \u017ertve kri\u017enog puta: Mnogi doma\u0107i ljudi jo\u0161 uvijek ne \u017eele govoriti o tome\"}]},{\"@type\":\"WebSite\",\"@id\":\"https:\\\/\\\/radioljubuski.ba\\\/#website\",\"url\":\"https:\\\/\\\/radioljubuski.ba\\\/\",\"name\":\"Radio Ljubu\u0161ki\",\"description\":\"Sun\u010dana frekvencija Hercegovine\",\"publisher\":{\"@id\":\"https:\\\/\\\/radioljubuski.ba\\\/#organization\"},\"potentialAction\":[{\"@type\":\"SearchAction\",\"target\":{\"@type\":\"EntryPoint\",\"urlTemplate\":\"https:\\\/\\\/radioljubuski.ba\\\/?s={search_term_string}\"},\"query-input\":{\"@type\":\"PropertyValueSpecification\",\"valueRequired\":true,\"valueName\":\"search_term_string\"}}],\"inLanguage\":\"hr\"},{\"@type\":\"Organization\",\"@id\":\"https:\\\/\\\/radioljubuski.ba\\\/#organization\",\"name\":\"Radio Ljubu\u0161ki\",\"url\":\"https:\\\/\\\/radioljubuski.ba\\\/\",\"logo\":{\"@type\":\"ImageObject\",\"inLanguage\":\"hr\",\"@id\":\"https:\\\/\\\/radioljubuski.ba\\\/#\\\/schema\\\/logo\\\/image\\\/\",\"url\":\"https:\\\/\\\/radioljubuski.ba\\\/wp-content\\\/uploads\\\/2021\\\/02\\\/cropped-Radio_Ljubuski_logo1.jpg\",\"contentUrl\":\"https:\\\/\\\/radioljubuski.ba\\\/wp-content\\\/uploads\\\/2021\\\/02\\\/cropped-Radio_Ljubuski_logo1.jpg\",\"width\":512,\"height\":512,\"caption\":\"Radio Ljubu\u0161ki\"},\"image\":{\"@id\":\"https:\\\/\\\/radioljubuski.ba\\\/#\\\/schema\\\/logo\\\/image\\\/\"},\"sameAs\":[\"https:\\\/\\\/www.facebook.com\\\/Radiio-Ljubuski-1490835324566332\",\"https:\\\/\\\/x.com\\\/radioljubuski\",\"https:\\\/\\\/hr.linkedin.com\\\/company\\\/radio-ljubuski\",\"https:\\\/\\\/www.youtube.com\\\/channel\\\/UCHYaeO_n0Db3tjNGudGpXyw\"]},{\"@type\":\"Person\",\"@id\":\"https:\\\/\\\/radioljubuski.ba\\\/#\\\/schema\\\/person\\\/19fc700381a780f69665d7956c469e3b\",\"name\":\"Radio Ljubu\u0161ki\"}]}<\/script>\n<!-- \/ Yoast SEO plugin. -->","yoast_head_json":{"title":"\u017dupnik \u017eupe Brdovec o ukopu 133 \u017ertve kri\u017enog puta: Mnogi doma\u0107i ljudi jo\u0161 uvijek ne \u017eele govoriti o tome - RADIO LJUBU\u0160KI","robots":{"index":"index","follow":"follow","max-snippet":"max-snippet:-1","max-image-preview":"max-image-preview:large","max-video-preview":"max-video-preview:-1"},"canonical":"https:\/\/radioljubuski.ba\/index.php\/2022\/05\/26\/zupnik-zupe-brdovec-o-ukopu-133-zrtve-kriznog-puta-mnogi-domaci-ljudi-jos-uvijek-ne-zele-govoriti-o-tome\/","og_locale":"hr_HR","og_type":"article","og_title":"\u017dupnik \u017eupe Brdovec o ukopu 133 \u017ertve kri\u017enog puta: Mnogi doma\u0107i ljudi jo\u0161 uvijek ne \u017eele govoriti o tome - RADIO LJUBU\u0160KI","og_description":"Povodom ukopa \u017ertava poslijeratnog komunisti\u010dkog zlo\u010dina razgovaramo s \u017eupnikom \u017eupe sv. Vida u Brdovcu, na \u010dijem prostoru je i prona\u0111ena ova masovna grobnica, vl\u010d. Danijelom Ha\u010dkom. U utorak je na groblju u Ladu\u010du (op\u0107ina Brdovec pored Zapre\u0161i\u0107a) odr\u017ean ukop 133 \u017ertve kri\u017enog puta, ubijene u partizanskom zlo\u010dinu nakon Drugog svjetskog rata, 1945. godine. Ove 133 [&hellip;]","og_url":"https:\/\/radioljubuski.ba\/index.php\/2022\/05\/26\/zupnik-zupe-brdovec-o-ukopu-133-zrtve-kriznog-puta-mnogi-domaci-ljudi-jos-uvijek-ne-zele-govoriti-o-tome\/","og_site_name":"RADIO LJUBU\u0160KI","article_publisher":"https:\/\/www.facebook.com\/Radiio-Ljubuski-1490835324566332","article_published_time":"2022-05-26T11:33:59+00:00","article_modified_time":"2022-05-26T11:34:00+00:00","og_image":[{"width":696,"height":522,"url":"https:\/\/radioljubuski.ba\/wp-content\/uploads\/2022\/05\/Untitled-collage-3-696x522-1.jpg","type":"image\/jpeg"}],"author":"Radio Ljubu\u0161ki","twitter_card":"summary_large_image","twitter_creator":"@radioljubuski","twitter_site":"@radioljubuski","twitter_misc":{"Napisao\/la":"Radio Ljubu\u0161ki","Procijenjeno vrijeme \u010ditanja":"4 minute"},"schema":{"@context":"https:\/\/schema.org","@graph":[{"@type":"Article","@id":"https:\/\/radioljubuski.ba\/index.php\/2022\/05\/26\/zupnik-zupe-brdovec-o-ukopu-133-zrtve-kriznog-puta-mnogi-domaci-ljudi-jos-uvijek-ne-zele-govoriti-o-tome\/#article","isPartOf":{"@id":"https:\/\/radioljubuski.ba\/index.php\/2022\/05\/26\/zupnik-zupe-brdovec-o-ukopu-133-zrtve-kriznog-puta-mnogi-domaci-ljudi-jos-uvijek-ne-zele-govoriti-o-tome\/"},"author":{"name":"Radio Ljubu\u0161ki","@id":"https:\/\/radioljubuski.ba\/#\/schema\/person\/19fc700381a780f69665d7956c469e3b"},"headline":"\u017dupnik \u017eupe Brdovec o ukopu 133 \u017ertve kri\u017enog puta: Mnogi doma\u0107i ljudi jo\u0161 uvijek ne \u017eele govoriti o tome","datePublished":"2022-05-26T11:33:59+00:00","dateModified":"2022-05-26T11:34:00+00:00","mainEntityOfPage":{"@id":"https:\/\/radioljubuski.ba\/index.php\/2022\/05\/26\/zupnik-zupe-brdovec-o-ukopu-133-zrtve-kriznog-puta-mnogi-domaci-ljudi-jos-uvijek-ne-zele-govoriti-o-tome\/"},"wordCount":834,"publisher":{"@id":"https:\/\/radioljubuski.ba\/#organization"},"image":{"@id":"https:\/\/radioljubuski.ba\/index.php\/2022\/05\/26\/zupnik-zupe-brdovec-o-ukopu-133-zrtve-kriznog-puta-mnogi-domaci-ljudi-jos-uvijek-ne-zele-govoriti-o-tome\/#primaryimage"},"thumbnailUrl":"https:\/\/radioljubuski.ba\/wp-content\/uploads\/2022\/05\/Untitled-collage-3-696x522-1.jpg","articleSection":["BIH i regija"],"inLanguage":"hr"},{"@type":"WebPage","@id":"https:\/\/radioljubuski.ba\/index.php\/2022\/05\/26\/zupnik-zupe-brdovec-o-ukopu-133-zrtve-kriznog-puta-mnogi-domaci-ljudi-jos-uvijek-ne-zele-govoriti-o-tome\/","url":"https:\/\/radioljubuski.ba\/index.php\/2022\/05\/26\/zupnik-zupe-brdovec-o-ukopu-133-zrtve-kriznog-puta-mnogi-domaci-ljudi-jos-uvijek-ne-zele-govoriti-o-tome\/","name":"\u017dupnik \u017eupe Brdovec o ukopu 133 \u017ertve kri\u017enog puta: Mnogi doma\u0107i ljudi jo\u0161 uvijek ne \u017eele govoriti o tome - RADIO LJUBU\u0160KI","isPartOf":{"@id":"https:\/\/radioljubuski.ba\/#website"},"primaryImageOfPage":{"@id":"https:\/\/radioljubuski.ba\/index.php\/2022\/05\/26\/zupnik-zupe-brdovec-o-ukopu-133-zrtve-kriznog-puta-mnogi-domaci-ljudi-jos-uvijek-ne-zele-govoriti-o-tome\/#primaryimage"},"image":{"@id":"https:\/\/radioljubuski.ba\/index.php\/2022\/05\/26\/zupnik-zupe-brdovec-o-ukopu-133-zrtve-kriznog-puta-mnogi-domaci-ljudi-jos-uvijek-ne-zele-govoriti-o-tome\/#primaryimage"},"thumbnailUrl":"https:\/\/radioljubuski.ba\/wp-content\/uploads\/2022\/05\/Untitled-collage-3-696x522-1.jpg","datePublished":"2022-05-26T11:33:59+00:00","dateModified":"2022-05-26T11:34:00+00:00","breadcrumb":{"@id":"https:\/\/radioljubuski.ba\/index.php\/2022\/05\/26\/zupnik-zupe-brdovec-o-ukopu-133-zrtve-kriznog-puta-mnogi-domaci-ljudi-jos-uvijek-ne-zele-govoriti-o-tome\/#breadcrumb"},"inLanguage":"hr","potentialAction":[{"@type":"ReadAction","target":["https:\/\/radioljubuski.ba\/index.php\/2022\/05\/26\/zupnik-zupe-brdovec-o-ukopu-133-zrtve-kriznog-puta-mnogi-domaci-ljudi-jos-uvijek-ne-zele-govoriti-o-tome\/"]}]},{"@type":"ImageObject","inLanguage":"hr","@id":"https:\/\/radioljubuski.ba\/index.php\/2022\/05\/26\/zupnik-zupe-brdovec-o-ukopu-133-zrtve-kriznog-puta-mnogi-domaci-ljudi-jos-uvijek-ne-zele-govoriti-o-tome\/#primaryimage","url":"https:\/\/radioljubuski.ba\/wp-content\/uploads\/2022\/05\/Untitled-collage-3-696x522-1.jpg","contentUrl":"https:\/\/radioljubuski.ba\/wp-content\/uploads\/2022\/05\/Untitled-collage-3-696x522-1.jpg","width":696,"height":522},{"@type":"BreadcrumbList","@id":"https:\/\/radioljubuski.ba\/index.php\/2022\/05\/26\/zupnik-zupe-brdovec-o-ukopu-133-zrtve-kriznog-puta-mnogi-domaci-ljudi-jos-uvijek-ne-zele-govoriti-o-tome\/#breadcrumb","itemListElement":[{"@type":"ListItem","position":1,"name":"Po\u010detna stranica","item":"https:\/\/radioljubuski.ba\/"},{"@type":"ListItem","position":2,"name":"\u017dupnik \u017eupe Brdovec o ukopu 133 \u017ertve kri\u017enog puta: Mnogi doma\u0107i ljudi jo\u0161 uvijek ne \u017eele govoriti o tome"}]},{"@type":"WebSite","@id":"https:\/\/radioljubuski.ba\/#website","url":"https:\/\/radioljubuski.ba\/","name":"Radio Ljubu\u0161ki","description":"Sun\u010dana frekvencija Hercegovine","publisher":{"@id":"https:\/\/radioljubuski.ba\/#organization"},"potentialAction":[{"@type":"SearchAction","target":{"@type":"EntryPoint","urlTemplate":"https:\/\/radioljubuski.ba\/?s={search_term_string}"},"query-input":{"@type":"PropertyValueSpecification","valueRequired":true,"valueName":"search_term_string"}}],"inLanguage":"hr"},{"@type":"Organization","@id":"https:\/\/radioljubuski.ba\/#organization","name":"Radio Ljubu\u0161ki","url":"https:\/\/radioljubuski.ba\/","logo":{"@type":"ImageObject","inLanguage":"hr","@id":"https:\/\/radioljubuski.ba\/#\/schema\/logo\/image\/","url":"https:\/\/radioljubuski.ba\/wp-content\/uploads\/2021\/02\/cropped-Radio_Ljubuski_logo1.jpg","contentUrl":"https:\/\/radioljubuski.ba\/wp-content\/uploads\/2021\/02\/cropped-Radio_Ljubuski_logo1.jpg","width":512,"height":512,"caption":"Radio Ljubu\u0161ki"},"image":{"@id":"https:\/\/radioljubuski.ba\/#\/schema\/logo\/image\/"},"sameAs":["https:\/\/www.facebook.com\/Radiio-Ljubuski-1490835324566332","https:\/\/x.com\/radioljubuski","https:\/\/hr.linkedin.com\/company\/radio-ljubuski","https:\/\/www.youtube.com\/channel\/UCHYaeO_n0Db3tjNGudGpXyw"]},{"@type":"Person","@id":"https:\/\/radioljubuski.ba\/#\/schema\/person\/19fc700381a780f69665d7956c469e3b","name":"Radio Ljubu\u0161ki"}]}},"_links":{"self":[{"href":"https:\/\/radioljubuski.ba\/index.php\/wp-json\/wp\/v2\/posts\/144178","targetHints":{"allow":["GET"]}}],"collection":[{"href":"https:\/\/radioljubuski.ba\/index.php\/wp-json\/wp\/v2\/posts"}],"about":[{"href":"https:\/\/radioljubuski.ba\/index.php\/wp-json\/wp\/v2\/types\/post"}],"author":[{"embeddable":true,"href":"https:\/\/radioljubuski.ba\/index.php\/wp-json\/wp\/v2\/users\/2"}],"replies":[{"embeddable":true,"href":"https:\/\/radioljubuski.ba\/index.php\/wp-json\/wp\/v2\/comments?post=144178"}],"version-history":[{"count":1,"href":"https:\/\/radioljubuski.ba\/index.php\/wp-json\/wp\/v2\/posts\/144178\/revisions"}],"predecessor-version":[{"id":144180,"href":"https:\/\/radioljubuski.ba\/index.php\/wp-json\/wp\/v2\/posts\/144178\/revisions\/144180"}],"wp:featuredmedia":[{"embeddable":true,"href":"https:\/\/radioljubuski.ba\/index.php\/wp-json\/wp\/v2\/media\/144179"}],"wp:attachment":[{"href":"https:\/\/radioljubuski.ba\/index.php\/wp-json\/wp\/v2\/media?parent=144178"}],"wp:term":[{"taxonomy":"category","embeddable":true,"href":"https:\/\/radioljubuski.ba\/index.php\/wp-json\/wp\/v2\/categories?post=144178"},{"taxonomy":"post_tag","embeddable":true,"href":"https:\/\/radioljubuski.ba\/index.php\/wp-json\/wp\/v2\/tags?post=144178"}],"curies":[{"name":"wp","href":"https:\/\/api.w.org\/{rel}","templated":true}]}}