{"id":144181,"date":"2022-05-26T12:35:21","date_gmt":"2022-05-26T11:35:21","guid":{"rendered":"https:\/\/radioljubuski.ba\/?p=144181"},"modified":"2022-05-26T12:35:22","modified_gmt":"2022-05-26T11:35:22","slug":"ministar-malenica-predlazem-odbiti-pomilovanje-perkovica-i-mustaca","status":"publish","type":"post","link":"https:\/\/radioljubuski.ba\/index.php\/2022\/05\/26\/ministar-malenica-predlazem-odbiti-pomilovanje-perkovica-i-mustaca\/","title":{"rendered":"Ministar Malenica: Predla\u017eem odbiti pomilovanje Perkovi\u0107a i Musta\u010da"},"content":{"rendered":"\n<p>Ministar pravosu\u0111a Ivan Malenica Malenica predla\u017ee Uredu predsjednika RH da odbije pomilovanje Josipa Perkovi\u0107a i Zdravka Musta\u010da, biv\u0161ih \u0161efova jugoslavenske tajne slu\u017ebe osu\u0111enih zbog ubojstva hrvatskog emigranta u Njema\u010dkoj, pi\u0161e u \u010detvrtak Ve\u010dernji list.<\/p>\n\n\n\n<p>Ministar je stajali\u0161te obrazlo\u017eio \u010dinjenicom da su osu\u0111eni za te\u0161ko kazneno djelo, da je djelo bilo dugo i pomno planirano, te politi\u010dki motivirano.<\/p>\n\n\n\n<p>Uzeo je u obzir \u010dinjenicu da su obojica u Njema\u010dkoj osu\u0111eni na do\u017eivotnu kaznu zatvora koja im je u Hrvatskoj odre\u0111ena kao dugotrajna, te da su izdr\u017eali tek manji dio.<\/p>\n\n\n\n<h3 class=\"wp-block-heading\"><strong>Malenica: \u201cPomilovanje bi izazvalo brojne polemike\u201d<\/strong><\/h3>\n\n\n\n<p>Ministar Malenica razmotrio je i kakve bi bile dru\u0161tvene reprekusije na pomilovanje, te zaklju\u010dio da bi izazvalo brojne polemike.<\/p>\n\n\n\n<p>Podsjetimo, kada su mediji objavili informacije da \u0107e odvjetnik Anto Nobilo kao pravni zastupnik Josipa Perkovi\u0107a i Zdravka Musta\u010da, djelatnika tajnih slu\u017ebi biv\u0161e komunisti\u010dke Jugoslavije pripremiti zahtjev za njihovo pomilovanje te da \u0107e ga potpisati petorica hrvatskih generala koji su branili Hrvatsku u Domovinskom ratu nastala je \u017eestoka dru\u0161tvena rasprava.<\/p>\n\n\n\n<p>Nakon \u0161to je umirovljeni general Kre\u0161imir \u0106osi\u0107 odustao od potpisivanja molbe za pomilovanje Josipa Perkovi\u0107a i Zdravka Musta\u010da, to je slu\u017ebeno napravio i general Marinko Kre\u0161i\u0107. Pismo za pomilovanje potpisali su generali Ante Gotovina, Ivan \u010cermak, Pavao Miljavac, Ljubo \u0106esi\u0107 Rojs i Davor Domazet Lo\u0161o.<\/p>\n\n\n\n<p>Hrvatski predsjednik Zoran Milanovi\u0107 u dosada\u0161njem mandatu odbio je 274 zahtjeva za pomilovanje, odnosno nije odgovorio niti na jedan.<\/p>\n\n\n\n<p>Pitanje je kako \u0107e vjerodostojnim pokazati svoje eventualno prihva\u0107anje zahtjeva za pomilovanjem ljudi po kojima se pamti koliko je jugoslavenski re\u017eim bio diktatorskog i ne ljudskog karaktera.<\/p>\n\n\n\n<p>No, vrijedi podsjetiti da je Milanovi\u0107 odlikovao brojne sudionike Domovinskog rata, da je vratio generalski \u010din Branimiru Glava\u0161u i da je unato\u010d optu\u017ebama s ljevice da dovodi u pitanje presude Haa\u0161kog suda isticao da je presuda Tihomiru Bla\u0161ki\u0107u, generalu Hrvatskog vije\u0107a obrane (HVO). Milanovi\u0107 se isto tako 2020. godine zalo\u017eio da se Ljubo \u0106esi\u0107 Rojs skine s crne liste SAD-a.<\/p>\n\n\n\n<h3 class=\"wp-block-heading\"><strong>\u2018Sud je dokazao da je Udba bila stroj za ubijanje\u2019<\/strong><\/h3>\n\n\n\n<p>Podsje\u0107amo, prvoga dana 2014. <strong>Perkovi\u0107 je uhi\u0107en u Zagrebu, a Musta\u010d u Svetoj Nedjelji<\/strong>. Nakon gotovo 22 mjeseca na Visokom zemaljskom sudu u M\u00fcnchenu po\u010detkom kolovoza 2016. zavr\u0161eno je su\u0111enje biv\u0161im pripadnicima zloglasne jugoslavenske tajne slu\u017ebe Josipu Perkovi\u0107u i Zdravku Musta\u010du optu\u017eenima za ubojstvo hrvatskog emigranta Stjepana \u0110urekovi\u0107a 1983. u bavarskom Wolfratshausenu. <strong>Progla\u0161eni su krivima za pomaganje u ubojstvu hrvatskog emigranta Stjepana \u0110urekovi\u0107a i osu\u0111eni su na do\u017eivotni zatvor.<\/strong><\/p>\n\n\n\n<p>Hrvatska nije u vi\u0161e od dva desetlje\u0107a na\u0161la snage procesuirati djela dr\u017eavnog terorizma.<\/p>\n\n\n\n<p>\u201c<strong>Sud je dokazao da je Udba bila stroj za ubijanje<\/strong>, da \u0110urekovi\u0107 nije ubijen izvan sustava, zatim da je ubijen jer je postao opasan za okupljanje emigracije i zbog djelovanja na ideji samostalne hrvatske dr\u017eave te da su&nbsp;<strong>ubojstvo osmislili i organizirali Dolanc, Musta\u010d, Perkovi\u0107 i Prates<\/strong>, a pri\u010de da su ga likvidirali kriminalci Arkan i Gi\u0161ka bile Udbina dimna zavjesa\u201d, rekao je Sini\u0161a Pavlovi\u0107, odvjetnik Gizele \u0110urekovi\u0107 u m\u00fcnchenskome procesu protiv Perkovi\u0107a i Musta\u010da, nakon dostavljene pismene presude.<\/p>\n\n\n\n<p><em>Izvor: narod.hr<\/em><\/p>\n","protected":false},"excerpt":{"rendered":"<p>Ministar pravosu\u0111a Ivan Malenica Malenica predla\u017ee Uredu predsjednika RH da odbije pomilovanje Josipa Perkovi\u0107a i Zdravka Musta\u010da, biv\u0161ih \u0161efova jugoslavenske tajne slu\u017ebe osu\u0111enih zbog ubojstva hrvatskog emigranta u Njema\u010dkoj, pi\u0161e u \u010detvrtak Ve\u010dernji list. Ministar je stajali\u0161te obrazlo\u017eio \u010dinjenicom da su osu\u0111eni za te\u0161ko kazneno djelo, da je djelo bilo dugo i pomno planirano, te [&hellip;]<\/p>\n","protected":false},"author":2,"featured_media":144182,"comment_status":"closed","ping_status":"closed","sticky":false,"template":"","format":"standard","meta":{"h5ap_radio_sources":[],"footnotes":""},"categories":[1],"tags":[],"class_list":["post-144181","post","type-post","status-publish","format-standard","has-post-thumbnail","hentry","category-bihiregija"],"yoast_head":"<!-- This site is optimized with the Yoast SEO plugin v27.5 - https:\/\/yoast.com\/product\/yoast-seo-wordpress\/ -->\n<title>Ministar Malenica: Predla\u017eem odbiti pomilovanje Perkovi\u0107a i Musta\u010da - RADIO LJUBU\u0160KI<\/title>\n<meta name=\"robots\" content=\"index, follow, max-snippet:-1, max-image-preview:large, max-video-preview:-1\" \/>\n<link rel=\"canonical\" href=\"https:\/\/radioljubuski.ba\/index.php\/2022\/05\/26\/ministar-malenica-predlazem-odbiti-pomilovanje-perkovica-i-mustaca\/\" \/>\n<meta property=\"og:locale\" content=\"hr_HR\" \/>\n<meta property=\"og:type\" content=\"article\" \/>\n<meta property=\"og:title\" content=\"Ministar Malenica: Predla\u017eem odbiti pomilovanje Perkovi\u0107a i Musta\u010da - RADIO LJUBU\u0160KI\" \/>\n<meta property=\"og:description\" content=\"Ministar pravosu\u0111a Ivan Malenica Malenica predla\u017ee Uredu predsjednika RH da odbije pomilovanje Josipa Perkovi\u0107a i Zdravka Musta\u010da, biv\u0161ih \u0161efova jugoslavenske tajne slu\u017ebe osu\u0111enih zbog ubojstva hrvatskog emigranta u Njema\u010dkoj, pi\u0161e u \u010detvrtak Ve\u010dernji list. Ministar je stajali\u0161te obrazlo\u017eio \u010dinjenicom da su osu\u0111eni za te\u0161ko kazneno djelo, da je djelo bilo dugo i pomno planirano, te [&hellip;]\" \/>\n<meta property=\"og:url\" content=\"https:\/\/radioljubuski.ba\/index.php\/2022\/05\/26\/ministar-malenica-predlazem-odbiti-pomilovanje-perkovica-i-mustaca\/\" \/>\n<meta property=\"og:site_name\" content=\"RADIO LJUBU\u0160KI\" \/>\n<meta property=\"article:publisher\" content=\"https:\/\/www.facebook.com\/Radiio-Ljubuski-1490835324566332\" \/>\n<meta property=\"article:published_time\" content=\"2022-05-26T11:35:21+00:00\" \/>\n<meta property=\"article:modified_time\" content=\"2022-05-26T11:35:22+00:00\" \/>\n<meta property=\"og:image\" content=\"https:\/\/radioljubuski.ba\/wp-content\/uploads\/2022\/05\/malenica-perkovic-mustac-696x464-1.jpg\" \/>\n\t<meta property=\"og:image:width\" content=\"696\" \/>\n\t<meta property=\"og:image:height\" content=\"464\" \/>\n\t<meta property=\"og:image:type\" content=\"image\/jpeg\" \/>\n<meta name=\"author\" content=\"Radio Ljubu\u0161ki\" \/>\n<meta name=\"twitter:card\" content=\"summary_large_image\" \/>\n<meta name=\"twitter:creator\" content=\"@radioljubuski\" \/>\n<meta name=\"twitter:site\" content=\"@radioljubuski\" \/>\n<meta name=\"twitter:label1\" content=\"Napisao\/la\" \/>\n\t<meta name=\"twitter:data1\" content=\"Radio Ljubu\u0161ki\" \/>\n\t<meta name=\"twitter:label2\" content=\"Procijenjeno vrijeme \u010ditanja\" \/>\n\t<meta name=\"twitter:data2\" content=\"3 minute\" \/>\n<script type=\"application\/ld+json\" class=\"yoast-schema-graph\">{\"@context\":\"https:\\\/\\\/schema.org\",\"@graph\":[{\"@type\":\"Article\",\"@id\":\"https:\\\/\\\/radioljubuski.ba\\\/index.php\\\/2022\\\/05\\\/26\\\/ministar-malenica-predlazem-odbiti-pomilovanje-perkovica-i-mustaca\\\/#article\",\"isPartOf\":{\"@id\":\"https:\\\/\\\/radioljubuski.ba\\\/index.php\\\/2022\\\/05\\\/26\\\/ministar-malenica-predlazem-odbiti-pomilovanje-perkovica-i-mustaca\\\/\"},\"author\":{\"name\":\"Radio Ljubu\u0161ki\",\"@id\":\"https:\\\/\\\/radioljubuski.ba\\\/#\\\/schema\\\/person\\\/19fc700381a780f69665d7956c469e3b\"},\"headline\":\"Ministar Malenica: Predla\u017eem odbiti pomilovanje Perkovi\u0107a i Musta\u010da\",\"datePublished\":\"2022-05-26T11:35:21+00:00\",\"dateModified\":\"2022-05-26T11:35:22+00:00\",\"mainEntityOfPage\":{\"@id\":\"https:\\\/\\\/radioljubuski.ba\\\/index.php\\\/2022\\\/05\\\/26\\\/ministar-malenica-predlazem-odbiti-pomilovanje-perkovica-i-mustaca\\\/\"},\"wordCount\":564,\"publisher\":{\"@id\":\"https:\\\/\\\/radioljubuski.ba\\\/#organization\"},\"image\":{\"@id\":\"https:\\\/\\\/radioljubuski.ba\\\/index.php\\\/2022\\\/05\\\/26\\\/ministar-malenica-predlazem-odbiti-pomilovanje-perkovica-i-mustaca\\\/#primaryimage\"},\"thumbnailUrl\":\"https:\\\/\\\/radioljubuski.ba\\\/wp-content\\\/uploads\\\/2022\\\/05\\\/malenica-perkovic-mustac-696x464-1.jpg\",\"articleSection\":[\"BIH i regija\"],\"inLanguage\":\"hr\"},{\"@type\":\"WebPage\",\"@id\":\"https:\\\/\\\/radioljubuski.ba\\\/index.php\\\/2022\\\/05\\\/26\\\/ministar-malenica-predlazem-odbiti-pomilovanje-perkovica-i-mustaca\\\/\",\"url\":\"https:\\\/\\\/radioljubuski.ba\\\/index.php\\\/2022\\\/05\\\/26\\\/ministar-malenica-predlazem-odbiti-pomilovanje-perkovica-i-mustaca\\\/\",\"name\":\"Ministar Malenica: Predla\u017eem odbiti pomilovanje Perkovi\u0107a i Musta\u010da - RADIO LJUBU\u0160KI\",\"isPartOf\":{\"@id\":\"https:\\\/\\\/radioljubuski.ba\\\/#website\"},\"primaryImageOfPage\":{\"@id\":\"https:\\\/\\\/radioljubuski.ba\\\/index.php\\\/2022\\\/05\\\/26\\\/ministar-malenica-predlazem-odbiti-pomilovanje-perkovica-i-mustaca\\\/#primaryimage\"},\"image\":{\"@id\":\"https:\\\/\\\/radioljubuski.ba\\\/index.php\\\/2022\\\/05\\\/26\\\/ministar-malenica-predlazem-odbiti-pomilovanje-perkovica-i-mustaca\\\/#primaryimage\"},\"thumbnailUrl\":\"https:\\\/\\\/radioljubuski.ba\\\/wp-content\\\/uploads\\\/2022\\\/05\\\/malenica-perkovic-mustac-696x464-1.jpg\",\"datePublished\":\"2022-05-26T11:35:21+00:00\",\"dateModified\":\"2022-05-26T11:35:22+00:00\",\"breadcrumb\":{\"@id\":\"https:\\\/\\\/radioljubuski.ba\\\/index.php\\\/2022\\\/05\\\/26\\\/ministar-malenica-predlazem-odbiti-pomilovanje-perkovica-i-mustaca\\\/#breadcrumb\"},\"inLanguage\":\"hr\",\"potentialAction\":[{\"@type\":\"ReadAction\",\"target\":[\"https:\\\/\\\/radioljubuski.ba\\\/index.php\\\/2022\\\/05\\\/26\\\/ministar-malenica-predlazem-odbiti-pomilovanje-perkovica-i-mustaca\\\/\"]}]},{\"@type\":\"ImageObject\",\"inLanguage\":\"hr\",\"@id\":\"https:\\\/\\\/radioljubuski.ba\\\/index.php\\\/2022\\\/05\\\/26\\\/ministar-malenica-predlazem-odbiti-pomilovanje-perkovica-i-mustaca\\\/#primaryimage\",\"url\":\"https:\\\/\\\/radioljubuski.ba\\\/wp-content\\\/uploads\\\/2022\\\/05\\\/malenica-perkovic-mustac-696x464-1.jpg\",\"contentUrl\":\"https:\\\/\\\/radioljubuski.ba\\\/wp-content\\\/uploads\\\/2022\\\/05\\\/malenica-perkovic-mustac-696x464-1.jpg\",\"width\":696,\"height\":464},{\"@type\":\"BreadcrumbList\",\"@id\":\"https:\\\/\\\/radioljubuski.ba\\\/index.php\\\/2022\\\/05\\\/26\\\/ministar-malenica-predlazem-odbiti-pomilovanje-perkovica-i-mustaca\\\/#breadcrumb\",\"itemListElement\":[{\"@type\":\"ListItem\",\"position\":1,\"name\":\"Po\u010detna stranica\",\"item\":\"https:\\\/\\\/radioljubuski.ba\\\/\"},{\"@type\":\"ListItem\",\"position\":2,\"name\":\"Ministar Malenica: Predla\u017eem odbiti pomilovanje Perkovi\u0107a i Musta\u010da\"}]},{\"@type\":\"WebSite\",\"@id\":\"https:\\\/\\\/radioljubuski.ba\\\/#website\",\"url\":\"https:\\\/\\\/radioljubuski.ba\\\/\",\"name\":\"Radio Ljubu\u0161ki\",\"description\":\"Sun\u010dana frekvencija Hercegovine\",\"publisher\":{\"@id\":\"https:\\\/\\\/radioljubuski.ba\\\/#organization\"},\"potentialAction\":[{\"@type\":\"SearchAction\",\"target\":{\"@type\":\"EntryPoint\",\"urlTemplate\":\"https:\\\/\\\/radioljubuski.ba\\\/?s={search_term_string}\"},\"query-input\":{\"@type\":\"PropertyValueSpecification\",\"valueRequired\":true,\"valueName\":\"search_term_string\"}}],\"inLanguage\":\"hr\"},{\"@type\":\"Organization\",\"@id\":\"https:\\\/\\\/radioljubuski.ba\\\/#organization\",\"name\":\"Radio Ljubu\u0161ki\",\"url\":\"https:\\\/\\\/radioljubuski.ba\\\/\",\"logo\":{\"@type\":\"ImageObject\",\"inLanguage\":\"hr\",\"@id\":\"https:\\\/\\\/radioljubuski.ba\\\/#\\\/schema\\\/logo\\\/image\\\/\",\"url\":\"https:\\\/\\\/radioljubuski.ba\\\/wp-content\\\/uploads\\\/2021\\\/02\\\/cropped-Radio_Ljubuski_logo1.jpg\",\"contentUrl\":\"https:\\\/\\\/radioljubuski.ba\\\/wp-content\\\/uploads\\\/2021\\\/02\\\/cropped-Radio_Ljubuski_logo1.jpg\",\"width\":512,\"height\":512,\"caption\":\"Radio Ljubu\u0161ki\"},\"image\":{\"@id\":\"https:\\\/\\\/radioljubuski.ba\\\/#\\\/schema\\\/logo\\\/image\\\/\"},\"sameAs\":[\"https:\\\/\\\/www.facebook.com\\\/Radiio-Ljubuski-1490835324566332\",\"https:\\\/\\\/x.com\\\/radioljubuski\",\"https:\\\/\\\/hr.linkedin.com\\\/company\\\/radio-ljubuski\",\"https:\\\/\\\/www.youtube.com\\\/channel\\\/UCHYaeO_n0Db3tjNGudGpXyw\"]},{\"@type\":\"Person\",\"@id\":\"https:\\\/\\\/radioljubuski.ba\\\/#\\\/schema\\\/person\\\/19fc700381a780f69665d7956c469e3b\",\"name\":\"Radio Ljubu\u0161ki\"}]}<\/script>\n<!-- \/ Yoast SEO plugin. -->","yoast_head_json":{"title":"Ministar Malenica: Predla\u017eem odbiti pomilovanje Perkovi\u0107a i Musta\u010da - RADIO LJUBU\u0160KI","robots":{"index":"index","follow":"follow","max-snippet":"max-snippet:-1","max-image-preview":"max-image-preview:large","max-video-preview":"max-video-preview:-1"},"canonical":"https:\/\/radioljubuski.ba\/index.php\/2022\/05\/26\/ministar-malenica-predlazem-odbiti-pomilovanje-perkovica-i-mustaca\/","og_locale":"hr_HR","og_type":"article","og_title":"Ministar Malenica: Predla\u017eem odbiti pomilovanje Perkovi\u0107a i Musta\u010da - RADIO LJUBU\u0160KI","og_description":"Ministar pravosu\u0111a Ivan Malenica Malenica predla\u017ee Uredu predsjednika RH da odbije pomilovanje Josipa Perkovi\u0107a i Zdravka Musta\u010da, biv\u0161ih \u0161efova jugoslavenske tajne slu\u017ebe osu\u0111enih zbog ubojstva hrvatskog emigranta u Njema\u010dkoj, pi\u0161e u \u010detvrtak Ve\u010dernji list. Ministar je stajali\u0161te obrazlo\u017eio \u010dinjenicom da su osu\u0111eni za te\u0161ko kazneno djelo, da je djelo bilo dugo i pomno planirano, te [&hellip;]","og_url":"https:\/\/radioljubuski.ba\/index.php\/2022\/05\/26\/ministar-malenica-predlazem-odbiti-pomilovanje-perkovica-i-mustaca\/","og_site_name":"RADIO LJUBU\u0160KI","article_publisher":"https:\/\/www.facebook.com\/Radiio-Ljubuski-1490835324566332","article_published_time":"2022-05-26T11:35:21+00:00","article_modified_time":"2022-05-26T11:35:22+00:00","og_image":[{"width":696,"height":464,"url":"https:\/\/radioljubuski.ba\/wp-content\/uploads\/2022\/05\/malenica-perkovic-mustac-696x464-1.jpg","type":"image\/jpeg"}],"author":"Radio Ljubu\u0161ki","twitter_card":"summary_large_image","twitter_creator":"@radioljubuski","twitter_site":"@radioljubuski","twitter_misc":{"Napisao\/la":"Radio Ljubu\u0161ki","Procijenjeno vrijeme \u010ditanja":"3 minute"},"schema":{"@context":"https:\/\/schema.org","@graph":[{"@type":"Article","@id":"https:\/\/radioljubuski.ba\/index.php\/2022\/05\/26\/ministar-malenica-predlazem-odbiti-pomilovanje-perkovica-i-mustaca\/#article","isPartOf":{"@id":"https:\/\/radioljubuski.ba\/index.php\/2022\/05\/26\/ministar-malenica-predlazem-odbiti-pomilovanje-perkovica-i-mustaca\/"},"author":{"name":"Radio Ljubu\u0161ki","@id":"https:\/\/radioljubuski.ba\/#\/schema\/person\/19fc700381a780f69665d7956c469e3b"},"headline":"Ministar Malenica: Predla\u017eem odbiti pomilovanje Perkovi\u0107a i Musta\u010da","datePublished":"2022-05-26T11:35:21+00:00","dateModified":"2022-05-26T11:35:22+00:00","mainEntityOfPage":{"@id":"https:\/\/radioljubuski.ba\/index.php\/2022\/05\/26\/ministar-malenica-predlazem-odbiti-pomilovanje-perkovica-i-mustaca\/"},"wordCount":564,"publisher":{"@id":"https:\/\/radioljubuski.ba\/#organization"},"image":{"@id":"https:\/\/radioljubuski.ba\/index.php\/2022\/05\/26\/ministar-malenica-predlazem-odbiti-pomilovanje-perkovica-i-mustaca\/#primaryimage"},"thumbnailUrl":"https:\/\/radioljubuski.ba\/wp-content\/uploads\/2022\/05\/malenica-perkovic-mustac-696x464-1.jpg","articleSection":["BIH i regija"],"inLanguage":"hr"},{"@type":"WebPage","@id":"https:\/\/radioljubuski.ba\/index.php\/2022\/05\/26\/ministar-malenica-predlazem-odbiti-pomilovanje-perkovica-i-mustaca\/","url":"https:\/\/radioljubuski.ba\/index.php\/2022\/05\/26\/ministar-malenica-predlazem-odbiti-pomilovanje-perkovica-i-mustaca\/","name":"Ministar Malenica: Predla\u017eem odbiti pomilovanje Perkovi\u0107a i Musta\u010da - RADIO LJUBU\u0160KI","isPartOf":{"@id":"https:\/\/radioljubuski.ba\/#website"},"primaryImageOfPage":{"@id":"https:\/\/radioljubuski.ba\/index.php\/2022\/05\/26\/ministar-malenica-predlazem-odbiti-pomilovanje-perkovica-i-mustaca\/#primaryimage"},"image":{"@id":"https:\/\/radioljubuski.ba\/index.php\/2022\/05\/26\/ministar-malenica-predlazem-odbiti-pomilovanje-perkovica-i-mustaca\/#primaryimage"},"thumbnailUrl":"https:\/\/radioljubuski.ba\/wp-content\/uploads\/2022\/05\/malenica-perkovic-mustac-696x464-1.jpg","datePublished":"2022-05-26T11:35:21+00:00","dateModified":"2022-05-26T11:35:22+00:00","breadcrumb":{"@id":"https:\/\/radioljubuski.ba\/index.php\/2022\/05\/26\/ministar-malenica-predlazem-odbiti-pomilovanje-perkovica-i-mustaca\/#breadcrumb"},"inLanguage":"hr","potentialAction":[{"@type":"ReadAction","target":["https:\/\/radioljubuski.ba\/index.php\/2022\/05\/26\/ministar-malenica-predlazem-odbiti-pomilovanje-perkovica-i-mustaca\/"]}]},{"@type":"ImageObject","inLanguage":"hr","@id":"https:\/\/radioljubuski.ba\/index.php\/2022\/05\/26\/ministar-malenica-predlazem-odbiti-pomilovanje-perkovica-i-mustaca\/#primaryimage","url":"https:\/\/radioljubuski.ba\/wp-content\/uploads\/2022\/05\/malenica-perkovic-mustac-696x464-1.jpg","contentUrl":"https:\/\/radioljubuski.ba\/wp-content\/uploads\/2022\/05\/malenica-perkovic-mustac-696x464-1.jpg","width":696,"height":464},{"@type":"BreadcrumbList","@id":"https:\/\/radioljubuski.ba\/index.php\/2022\/05\/26\/ministar-malenica-predlazem-odbiti-pomilovanje-perkovica-i-mustaca\/#breadcrumb","itemListElement":[{"@type":"ListItem","position":1,"name":"Po\u010detna stranica","item":"https:\/\/radioljubuski.ba\/"},{"@type":"ListItem","position":2,"name":"Ministar Malenica: Predla\u017eem odbiti pomilovanje Perkovi\u0107a i Musta\u010da"}]},{"@type":"WebSite","@id":"https:\/\/radioljubuski.ba\/#website","url":"https:\/\/radioljubuski.ba\/","name":"Radio Ljubu\u0161ki","description":"Sun\u010dana frekvencija Hercegovine","publisher":{"@id":"https:\/\/radioljubuski.ba\/#organization"},"potentialAction":[{"@type":"SearchAction","target":{"@type":"EntryPoint","urlTemplate":"https:\/\/radioljubuski.ba\/?s={search_term_string}"},"query-input":{"@type":"PropertyValueSpecification","valueRequired":true,"valueName":"search_term_string"}}],"inLanguage":"hr"},{"@type":"Organization","@id":"https:\/\/radioljubuski.ba\/#organization","name":"Radio Ljubu\u0161ki","url":"https:\/\/radioljubuski.ba\/","logo":{"@type":"ImageObject","inLanguage":"hr","@id":"https:\/\/radioljubuski.ba\/#\/schema\/logo\/image\/","url":"https:\/\/radioljubuski.ba\/wp-content\/uploads\/2021\/02\/cropped-Radio_Ljubuski_logo1.jpg","contentUrl":"https:\/\/radioljubuski.ba\/wp-content\/uploads\/2021\/02\/cropped-Radio_Ljubuski_logo1.jpg","width":512,"height":512,"caption":"Radio Ljubu\u0161ki"},"image":{"@id":"https:\/\/radioljubuski.ba\/#\/schema\/logo\/image\/"},"sameAs":["https:\/\/www.facebook.com\/Radiio-Ljubuski-1490835324566332","https:\/\/x.com\/radioljubuski","https:\/\/hr.linkedin.com\/company\/radio-ljubuski","https:\/\/www.youtube.com\/channel\/UCHYaeO_n0Db3tjNGudGpXyw"]},{"@type":"Person","@id":"https:\/\/radioljubuski.ba\/#\/schema\/person\/19fc700381a780f69665d7956c469e3b","name":"Radio Ljubu\u0161ki"}]}},"_links":{"self":[{"href":"https:\/\/radioljubuski.ba\/index.php\/wp-json\/wp\/v2\/posts\/144181","targetHints":{"allow":["GET"]}}],"collection":[{"href":"https:\/\/radioljubuski.ba\/index.php\/wp-json\/wp\/v2\/posts"}],"about":[{"href":"https:\/\/radioljubuski.ba\/index.php\/wp-json\/wp\/v2\/types\/post"}],"author":[{"embeddable":true,"href":"https:\/\/radioljubuski.ba\/index.php\/wp-json\/wp\/v2\/users\/2"}],"replies":[{"embeddable":true,"href":"https:\/\/radioljubuski.ba\/index.php\/wp-json\/wp\/v2\/comments?post=144181"}],"version-history":[{"count":1,"href":"https:\/\/radioljubuski.ba\/index.php\/wp-json\/wp\/v2\/posts\/144181\/revisions"}],"predecessor-version":[{"id":144183,"href":"https:\/\/radioljubuski.ba\/index.php\/wp-json\/wp\/v2\/posts\/144181\/revisions\/144183"}],"wp:featuredmedia":[{"embeddable":true,"href":"https:\/\/radioljubuski.ba\/index.php\/wp-json\/wp\/v2\/media\/144182"}],"wp:attachment":[{"href":"https:\/\/radioljubuski.ba\/index.php\/wp-json\/wp\/v2\/media?parent=144181"}],"wp:term":[{"taxonomy":"category","embeddable":true,"href":"https:\/\/radioljubuski.ba\/index.php\/wp-json\/wp\/v2\/categories?post=144181"},{"taxonomy":"post_tag","embeddable":true,"href":"https:\/\/radioljubuski.ba\/index.php\/wp-json\/wp\/v2\/tags?post=144181"}],"curies":[{"name":"wp","href":"https:\/\/api.w.org\/{rel}","templated":true}]}}