{"id":144191,"date":"2022-05-26T12:44:01","date_gmt":"2022-05-26T11:44:01","guid":{"rendered":"https:\/\/radioljubuski.ba\/?p=144191"},"modified":"2022-05-26T12:45:48","modified_gmt":"2022-05-26T11:45:48","slug":"144191","status":"publish","type":"post","link":"https:\/\/radioljubuski.ba\/index.php\/2022\/05\/26\/144191\/","title":{"rendered":"Kai\u0107 se mora opravdavati zbog \u010dinjenica o majmunskim boginjama nakon napada Jelene Velja\u010de"},"content":{"rendered":"\n<p>\u201cHomoseksualci su rizi\u010dna skupina, ali samo zbog broja ostvarivanja bliskih kontakata s nepoznatim osobama\u201d, objasnio je, ponovno, Bernard Kai\u0107 iz HZJZ-a u ponedjeljak.<\/p>\n\n\n\n<p>Nakon \u0161to se bolest majmunskih boginja pojavila u SAD-u, Kanadi, Britaniji, Portugalu, \u0160panjolskoj\u2026 u prvom redu kod homoseksualaca i epidemiolozi potvrdili da je \u201cvirus koncentriran me\u0111u mu\u0161karcima koji imaju spolne odnose s mu\u0161karcima\u201d, ubrzo je po\u010dela kampanja lijevo-liberalnih medija s umanjivanjem zna\u010daja rizi\u010dne skupine, pa i dodatnih napomena da \u201cmajmunske boginje nisu bolest homoseksualaca\u201d, iako to nitko od lije\u010dnika nije ni tvrdio.<\/p>\n\n\n\n<p>Specijalist epidemiologije <strong>dr. sc. Bernard Kai\u0107, prim. dr. med.<\/strong> u subotu je upozorio da je <strong>virus koncentriran me\u0111u mu\u0161karcima<\/strong> koji imaju spolne odnose s mu\u0161karcima.<\/p>\n\n\n\n<p>\u201cZa sada izgleda da je bolest koncentrirana unutar zajednica mu\u0161karaca koji imaju spolne odnose s mu\u0161karcima, ali naravno da se bilo tko drugi mo\u017ee zaraziti u bliski kontakt s bolesnikom, ali ono \u0161to je va\u017eno za znati je da su bolesnici zarazni samo kada su bolesni, a kasnije nisu\u201d, objasnio je dr. Kai\u0107, voditelj Odjela za spre\u010davanje zaraznih bolesti Hrvatskog zavoda za javno zdravstvo (HZJZ).<\/p>\n\n\n\n<p>Kada je rije\u010d o za\u0161titi od bolesti dr. Kai\u0107 preporu\u010duje da se u bliski kontakt stupa samo s poznatim ljudima, jer je glavni na\u010din prijenosa ove bolesti kaplji\u010dni put ili intimni kontakt.<\/p>\n\n\n\n<h3 class=\"wp-block-heading\"><strong>Velja\u010da o \u201cKai\u0107evom analnom alarmu zbog majmunskih boginja\u201d<\/strong><\/h3>\n\n\n\n<p>\u201cKai\u0107ev analni alarm zbog majmunskih boginja: Tu\u017eno je da 40 godina od AIDS-a nismo puno napredovali\u201d, glasio je naslov Jutarnjeg lista u kolumni aktivistice i glumice Jelene Velja\u010de koja se pobunila protiv tvrdnji hrvatskog stru\u010dnjaka.<\/p>\n\n\n\n<p>\u201cPostavlja se eti\u010dko pitanje: smijemo li medijski komunicirati da su majmunske boginje bolest \u201cmu\u0161karaca koji spavaju s mu\u0161karcima\u201d?\u201d, ustvrdila je Velja\u010da, dan nakon \u0161to je otkriveno da je <strong>homoseksualna povorka na Kanarskom oto\u010dju povezana s nizom slu\u010dajeva zaraze majmunskim boginjama<\/strong>.<\/p>\n\n\n\n<p>\u201cNeki slu\u010dajevi majmunskih boginja zabilje\u017eeni su kod mu\u0161karaca koji su imali seksualni odnos s mu\u0161karcima. Ovo nije bolest homoseksualaca kao \u0161to neki mediji govore, to nije slu\u010daj\u201d, tuma\u010dio je Andy Sale iz Svjetske zdravstvene organizacije.<\/p>\n\n\n\n<h3 class=\"wp-block-heading\"><strong>Epidemiolog obja\u0161njava za\u0161to su homoseksualci rizi\u010dna skupina<\/strong><\/h3>\n\n\n\n<p>Epidemiolog Kai\u0107 opet je morao obja\u0161njavati za\u0161to su homoseksualci rizi\u010dna skupina.<\/p>\n\n\n\n<p>Iz Hrvatskog zavoda za javno zdravstvo izvijestili su kako je bolest zabilje\u017eena ve\u0107inom kod mu\u0161karaca.<\/p>\n\n\n\n<p>\u201cI da se <strong>ve\u0107i dio tih mu\u0161karaca deklarira kao mu\u0161karci koji imaju spolni odnos s mu\u0161karcima<\/strong> i da su imali u vrijeme vjerojatnog zara\u017eavanja, zna\u010di tjedan dva prije po\u010detka bolesti <strong>brojne spolne partnere<\/strong>. To je jedna va\u017ena obavijest za tu zajednicu da znaju da postoji ta mogu\u0107nost i da trebaju paziti. Pa <strong>jesu rizi\u010dna skupina<\/strong>a, ali samo <strong>zbog broja ostvarivanja bliskih kontakata s nepoznatim osobama<\/strong>\u201c, objasnio je <strong>dr. Bernard Kai\u0107 iz HZJZ-a <\/strong>u ponedjeljak za <a href=\"https:\/\/dnevnik.hr\/vijesti\/hrvatska\/bernard-kaic-o-majmunskim-boginjama---725555.html?itm_source=HomeTopRow&amp;itm_medium=Dnevnik&amp;itm_campaign=Naslovnica\" target=\"_blank\" rel=\"noreferrer noopener\">Dnevnik Nove TV<\/a>.<\/p>\n\n\n\n<div style=\"width: 640px;\" class=\"wp-video\"><video class=\"wp-video-shortcode\" id=\"video-144191-1\" width=\"640\" height=\"360\" preload=\"metadata\" controls=\"controls\"><source type=\"video\/mp4\" src=\"https:\/\/video.dnevnik.hr\/\/2022\/\/05\/\/23\/\/628bcccf65f0b_62311789-2.mp4?_=1\" \/><a href=\"https:\/\/video.dnevnik.hr\/\/2022\/\/05\/\/23\/\/628bcccf65f0b_62311789-2.mp4\">https:\/\/video.dnevnik.hr\/\/2022\/\/05\/\/23\/\/628bcccf65f0b_62311789-2.mp4<\/a><\/video><\/div>\n\n\n\n<p>Dodaje da i svatko drugi mo\u017ee biti rizi\u010dna skupina ako ima puno kontakata s nepoznatim ljudima. Smatra da ako bolest do\u0111e u Hrvatsku ne\u0107e biti velikog \u0161irenja. Eventualno nekoliko slu\u010dajeva. Simptomi su slabost, glavobolja, povi\u0161ena temperatura, osip\u2026<\/p>\n\n\n\n<p>\u201cTaj osip se mijenja od crvene flekice, kvr\u017eice, mjehuri\u0107a, do gnojnog mjehura, na kraju i krasta, koja otpadne \u2013 sli\u010dno kao vodene kozice. Oboljeli moraju biti u izolaciju toliko dugo dok im sve kraste ne otpadnu zato \u0161to su i kraste zarazne. I to je tih dva do \u010detiri tjedna\u201d, dodao je dr. Kai\u0107.<\/p>\n\n\n\n<p>Majmunske boginje \u0161ire se kaplji\u010dnim putem, izravnim tjelesnim kontaktom. Mo\u017ee biti i indirektnim primjerice preko posteljine. Ali \u0161irenje bolesti nije ba\u0161 tako lako kao kod COVID-a.<\/p>\n\n\n\n<p>\u201cNe\u0107emo imati tisu\u0107e, desetke tisu\u0107a slu\u010dajeva majmunskih boginja. Ovo nije ne\u0161to oko \u010dega bi se op\u0107a populacija trebala brinuti. Trebamo istra\u017eivati, moramo ograni\u010diti prijevoz i za\u0161tititi ljude. Ali ovo ne\u0107e biti sljede\u0107i COVID\u201d, kazao je <strong>Daniel Bausch<\/strong> iz <em>American Society of Tropical Medicine &amp; Hygiene.<\/em><\/p>\n\n\n\n<p>Ipak ve\u0107 se uvela karantena i to u Belgiji. Svi zara\u017eeni moraju biti u karanteni 21 dan.<\/p>\n\n\n\n<h3 class=\"wp-block-heading\"><strong>Majmunske boginje \u2013 HIV \u2013 AIDS \u2013 rizi\u010dne skupine<\/strong><\/h3>\n\n\n\n<p>\u201cSam naziv \u2013 majmunske boginje \u2013 zvu\u010di zastra\u0161uju\u0107e, a istup epidemiologa Bernarda Kai\u0107a u kojem je jasno rekao da za sada obolijevaju mu\u0161karci koji imaju seksualne odnose s drugim mu\u0161karcima ostavlja prostor za istovremeno olak\u0161anje (dobro je, nisam rizi\u010dna skupina, ne \u0161evim se u dupe) za koje ne mo\u017eemo biti do kraja sigurni da je uop\u0107e utemeljeno na stvarnosti i, \u0161to je jednako opasno, za stigmatizaciju koju je svijet gledao u vrijeme epidemije AIDS-a. U me\u0111uvremenu smo nau\u010dili da se HIV-om mogu zaraziti i \u017eene i heteroseksualni mu\u0161karci, ali \u0161teta koja je napravljena gay zajednici, pa i pacijentima oboljelim od HIV-a\u2026.\u201d, <a href=\"https:\/\/www.jutarnji.hr\/vijesti\/hrvatska\/kaicev-analni-alarm-zbog-majmunskih-boginja-tuzno-je-da-40-godina-od-aids-a-nismo-puno-napredovali-15200722\" target=\"_blank\" rel=\"noreferrer noopener\">tvrdi<\/a> <strong>glumica Jelena Velja\u010da<\/strong> u svojoj kolumni.<\/p>\n\n\n\n<p>Iako ni HIV, virus koji uzrokuje AIDS, nije koncentriran isklju\u010divo kod homoseksualaca, \u201cepidemiolo\u0161ki pokazatelji govore da je<strong> vi\u0161e od 90 % novootkrivenih slu\u010dajeva HIV-a svake godine u Hrvatskoj kod mu\u0161karaca koji imaju seksualne odnose s mu\u0161karcima<\/strong>\u201c, ka\u017ee <strong>dr. Irena Juki\u0107<\/strong>, ravnateljica Hrvatskog zavoda za transfuzijsku medicinu za <a href=\"https:\/\/www.vecernji.hr\/vijesti\/zasto-u-hrvatskoj-homoseksualci-ne-mogu-biti-darivatelji-krvi-1500513\" target=\"_blank\" rel=\"noreferrer noopener\">Ve\u010dernji list<\/a>, odgovaraju\u0107i na pitanje za\u0161to homoseksualci u Hrvatskoj ne mogu biti darivatelji krvi.<\/p>\n\n\n\n<p>\u201cKriterije donosi struka vo\u0111ena sigurno\u0161\u0107u primatelja krvi i sukladno epidemiolo\u0161kim gibanjima i riziku. Ovdje nije rije\u010d o diskriminaciji jer nije to jedina populacija koja ne mo\u017ee dati krv\u201d, objasnila je lani dr. Juki\u0107.<\/p>\n\n\n\n<h3 class=\"wp-block-heading\"><strong>Put prijenosa HIV-a\/AIDS-a<\/strong><\/h3>\n\n\n\n<p>Za ukupno 1899 zabilje\u017eena slu\u010daja HIV-a\/AIDS-a za koje se ima podatak o putu prijenosa, raspodjela prema vjerojatnom putu prijenosa pokazuje da se velika ve\u0107ina oboljelih zarazila neza\u0161ti\u0107enim spolnim odnosom (89 %). <strong>Naj\u010de\u0161\u0107i prijavljeni put prijenosa je spolni odnos izme\u0111u mu\u0161karaca ili biseksualni kontakt (82 % u 2021, kumulativno 71 %)<\/strong>, dok je drugi naj\u010de\u0161\u0107i put prijenosa spolni odnos izme\u0111u \u017eene i mu\u0161karca. Udio zara\u017eenih putem injektiranja droga je 4 %. Vertikalni prijenos (sa zara\u017eene majke na dijete) \u010dini 1 % od ukupnog broja zabilje\u017eenih slu\u010dajeva zaraze HIV-om, navodi <a href=\"https:\/\/www.hzjz.hr\/sluzba-epidemiologija-zarazne-bolesti\/epidemiologija-hiv-infekcije-i-aids-a-u-hrvatskoj\/\" target=\"_blank\" rel=\"noreferrer noopener\">HZJZ<\/a>.<\/p>\n\n\n\n<p>Me\u0111u slu\u010dajevima zabilje\u017eenim u 2021. godini, bilo je 65 mu\u0161karaca (92 %) i 6 \u017eena (8 %). Od 71 slu\u010dajeva HIV\/AIDS u 2021. godini, u 58 osobe (82 %) je vjerojatni put prijenosa <strong>spolni odnos me\u0111u mu\u0161karcima<\/strong>, kod 11 osoba (15 %) spolni odnos izme\u0111u mu\u0161karca i \u017eene i za dva slu\u010daja (3 %) put prijenosa nije bio upisan.<\/p>\n\n\n\n<p>U analizi kumulativnih podataka za razdoblje 1985. \u2013 2021., za slu\u010dajeve za koje imamo podatak o boravi\u0161tu \u017eupanije oboljelog, najve\u0107i broj oboljelih od infekcije HIV-om je zabilje\u017een u Gradu Zagrebu (712), a najmanji u Li\u010dko-senjskoj \u017eupaniji (11), a <strong>naj\u010de\u0161\u0107e prijavljivani put prijenosa bio je MSM u svim \u017eupanijama<\/strong>, navodi HZJZ.<\/p>\n\n\n\n<figure class=\"wp-block-image\"><img decoding=\"async\" src=\"https:\/\/narod.hr\/wp-content\/uploads\/2022\/05\/hzjz.jpg\" alt=\"\" class=\"wp-image-1283599\"\/><figcaption>Foto: hzjz.hr<\/figcaption><\/figure>\n\n\n\n<p><em>* Ovaj tekst sufinanciran je sredstvima Fonda za poticanje pluralizma i raznovrsnosti elektroni\u010dkih medija<\/em><\/p>\n\n\n\n<p><em>Izvor: narod.hr<\/em><\/p>\n","protected":false},"excerpt":{"rendered":"<p>\u201cHomoseksualci su rizi\u010dna skupina, ali samo zbog broja ostvarivanja bliskih kontakata s nepoznatim osobama\u201d, objasnio je, ponovno, Bernard Kai\u0107 iz HZJZ-a u ponedjeljak. Nakon \u0161to se bolest majmunskih boginja pojavila u SAD-u, Kanadi, Britaniji, Portugalu, \u0160panjolskoj\u2026 u prvom redu kod homoseksualaca i epidemiolozi potvrdili da je \u201cvirus koncentriran me\u0111u mu\u0161karcima koji imaju spolne odnose s [&hellip;]<\/p>\n","protected":false},"author":2,"featured_media":144192,"comment_status":"closed","ping_status":"closed","sticky":false,"template":"","format":"standard","meta":{"h5ap_radio_sources":[],"footnotes":""},"categories":[1],"tags":[],"class_list":["post-144191","post","type-post","status-publish","format-standard","has-post-thumbnail","hentry","category-bihiregija"],"yoast_head":"<!-- This site is optimized with the Yoast SEO plugin v27.5 - https:\/\/yoast.com\/product\/yoast-seo-wordpress\/ -->\n<title>Kai\u0107 se mora opravdavati zbog \u010dinjenica o majmunskim boginjama nakon napada Jelene Velja\u010de - RADIO LJUBU\u0160KI<\/title>\n<meta name=\"robots\" content=\"index, follow, max-snippet:-1, max-image-preview:large, max-video-preview:-1\" \/>\n<link rel=\"canonical\" href=\"https:\/\/radioljubuski.ba\/index.php\/2022\/05\/26\/144191\/\" \/>\n<meta property=\"og:locale\" content=\"hr_HR\" \/>\n<meta property=\"og:type\" content=\"article\" \/>\n<meta property=\"og:title\" content=\"Kai\u0107 se mora opravdavati zbog \u010dinjenica o majmunskim boginjama nakon napada Jelene Velja\u010de - RADIO LJUBU\u0160KI\" \/>\n<meta property=\"og:description\" content=\"\u201cHomoseksualci su rizi\u010dna skupina, ali samo zbog broja ostvarivanja bliskih kontakata s nepoznatim osobama\u201d, objasnio je, ponovno, Bernard Kai\u0107 iz HZJZ-a u ponedjeljak. Nakon \u0161to se bolest majmunskih boginja pojavila u SAD-u, Kanadi, Britaniji, Portugalu, \u0160panjolskoj\u2026 u prvom redu kod homoseksualaca i epidemiolozi potvrdili da je \u201cvirus koncentriran me\u0111u mu\u0161karcima koji imaju spolne odnose s [&hellip;]\" \/>\n<meta property=\"og:url\" content=\"https:\/\/radioljubuski.ba\/index.php\/2022\/05\/26\/144191\/\" \/>\n<meta property=\"og:site_name\" content=\"RADIO LJUBU\u0160KI\" \/>\n<meta property=\"article:publisher\" content=\"https:\/\/www.facebook.com\/Radiio-Ljubuski-1490835324566332\" \/>\n<meta property=\"article:published_time\" content=\"2022-05-26T11:44:01+00:00\" \/>\n<meta property=\"article:modified_time\" content=\"2022-05-26T11:45:48+00:00\" \/>\n<meta property=\"og:image\" content=\"https:\/\/radioljubuski.ba\/wp-content\/uploads\/2022\/05\/veljaca-kaic-696x464-1.jpg\" \/>\n\t<meta property=\"og:image:width\" content=\"696\" \/>\n\t<meta property=\"og:image:height\" content=\"464\" \/>\n\t<meta property=\"og:image:type\" content=\"image\/jpeg\" \/>\n<meta name=\"author\" content=\"Radio Ljubu\u0161ki\" \/>\n<meta name=\"twitter:card\" content=\"summary_large_image\" \/>\n<meta name=\"twitter:creator\" content=\"@radioljubuski\" \/>\n<meta name=\"twitter:site\" content=\"@radioljubuski\" \/>\n<meta name=\"twitter:label1\" content=\"Napisao\/la\" \/>\n\t<meta name=\"twitter:data1\" content=\"Radio Ljubu\u0161ki\" \/>\n\t<meta name=\"twitter:label2\" content=\"Procijenjeno vrijeme \u010ditanja\" \/>\n\t<meta name=\"twitter:data2\" content=\"5 minuta\" \/>\n<script type=\"application\/ld+json\" class=\"yoast-schema-graph\">{\"@context\":\"https:\\\/\\\/schema.org\",\"@graph\":[{\"@type\":\"Article\",\"@id\":\"https:\\\/\\\/radioljubuski.ba\\\/index.php\\\/2022\\\/05\\\/26\\\/144191\\\/#article\",\"isPartOf\":{\"@id\":\"https:\\\/\\\/radioljubuski.ba\\\/index.php\\\/2022\\\/05\\\/26\\\/144191\\\/\"},\"author\":{\"name\":\"Radio Ljubu\u0161ki\",\"@id\":\"https:\\\/\\\/radioljubuski.ba\\\/#\\\/schema\\\/person\\\/19fc700381a780f69665d7956c469e3b\"},\"headline\":\"Kai\u0107 se mora opravdavati zbog \u010dinjenica o majmunskim boginjama nakon napada Jelene Velja\u010de\",\"datePublished\":\"2022-05-26T11:44:01+00:00\",\"dateModified\":\"2022-05-26T11:45:48+00:00\",\"mainEntityOfPage\":{\"@id\":\"https:\\\/\\\/radioljubuski.ba\\\/index.php\\\/2022\\\/05\\\/26\\\/144191\\\/\"},\"wordCount\":1172,\"publisher\":{\"@id\":\"https:\\\/\\\/radioljubuski.ba\\\/#organization\"},\"image\":{\"@id\":\"https:\\\/\\\/radioljubuski.ba\\\/index.php\\\/2022\\\/05\\\/26\\\/144191\\\/#primaryimage\"},\"thumbnailUrl\":\"https:\\\/\\\/radioljubuski.ba\\\/wp-content\\\/uploads\\\/2022\\\/05\\\/veljaca-kaic-696x464-1.jpg\",\"articleSection\":[\"BIH i regija\"],\"inLanguage\":\"hr\"},{\"@type\":\"WebPage\",\"@id\":\"https:\\\/\\\/radioljubuski.ba\\\/index.php\\\/2022\\\/05\\\/26\\\/144191\\\/\",\"url\":\"https:\\\/\\\/radioljubuski.ba\\\/index.php\\\/2022\\\/05\\\/26\\\/144191\\\/\",\"name\":\"Kai\u0107 se mora opravdavati zbog \u010dinjenica o majmunskim boginjama nakon napada Jelene Velja\u010de - RADIO LJUBU\u0160KI\",\"isPartOf\":{\"@id\":\"https:\\\/\\\/radioljubuski.ba\\\/#website\"},\"primaryImageOfPage\":{\"@id\":\"https:\\\/\\\/radioljubuski.ba\\\/index.php\\\/2022\\\/05\\\/26\\\/144191\\\/#primaryimage\"},\"image\":{\"@id\":\"https:\\\/\\\/radioljubuski.ba\\\/index.php\\\/2022\\\/05\\\/26\\\/144191\\\/#primaryimage\"},\"thumbnailUrl\":\"https:\\\/\\\/radioljubuski.ba\\\/wp-content\\\/uploads\\\/2022\\\/05\\\/veljaca-kaic-696x464-1.jpg\",\"datePublished\":\"2022-05-26T11:44:01+00:00\",\"dateModified\":\"2022-05-26T11:45:48+00:00\",\"breadcrumb\":{\"@id\":\"https:\\\/\\\/radioljubuski.ba\\\/index.php\\\/2022\\\/05\\\/26\\\/144191\\\/#breadcrumb\"},\"inLanguage\":\"hr\",\"potentialAction\":[{\"@type\":\"ReadAction\",\"target\":[\"https:\\\/\\\/radioljubuski.ba\\\/index.php\\\/2022\\\/05\\\/26\\\/144191\\\/\"]}]},{\"@type\":\"ImageObject\",\"inLanguage\":\"hr\",\"@id\":\"https:\\\/\\\/radioljubuski.ba\\\/index.php\\\/2022\\\/05\\\/26\\\/144191\\\/#primaryimage\",\"url\":\"https:\\\/\\\/radioljubuski.ba\\\/wp-content\\\/uploads\\\/2022\\\/05\\\/veljaca-kaic-696x464-1.jpg\",\"contentUrl\":\"https:\\\/\\\/radioljubuski.ba\\\/wp-content\\\/uploads\\\/2022\\\/05\\\/veljaca-kaic-696x464-1.jpg\",\"width\":696,\"height\":464},{\"@type\":\"BreadcrumbList\",\"@id\":\"https:\\\/\\\/radioljubuski.ba\\\/index.php\\\/2022\\\/05\\\/26\\\/144191\\\/#breadcrumb\",\"itemListElement\":[{\"@type\":\"ListItem\",\"position\":1,\"name\":\"Po\u010detna stranica\",\"item\":\"https:\\\/\\\/radioljubuski.ba\\\/\"},{\"@type\":\"ListItem\",\"position\":2,\"name\":\"Kai\u0107 se mora opravdavati zbog \u010dinjenica o majmunskim boginjama nakon napada Jelene Velja\u010de\"}]},{\"@type\":\"WebSite\",\"@id\":\"https:\\\/\\\/radioljubuski.ba\\\/#website\",\"url\":\"https:\\\/\\\/radioljubuski.ba\\\/\",\"name\":\"Radio Ljubu\u0161ki\",\"description\":\"Sun\u010dana frekvencija Hercegovine\",\"publisher\":{\"@id\":\"https:\\\/\\\/radioljubuski.ba\\\/#organization\"},\"potentialAction\":[{\"@type\":\"SearchAction\",\"target\":{\"@type\":\"EntryPoint\",\"urlTemplate\":\"https:\\\/\\\/radioljubuski.ba\\\/?s={search_term_string}\"},\"query-input\":{\"@type\":\"PropertyValueSpecification\",\"valueRequired\":true,\"valueName\":\"search_term_string\"}}],\"inLanguage\":\"hr\"},{\"@type\":\"Organization\",\"@id\":\"https:\\\/\\\/radioljubuski.ba\\\/#organization\",\"name\":\"Radio Ljubu\u0161ki\",\"url\":\"https:\\\/\\\/radioljubuski.ba\\\/\",\"logo\":{\"@type\":\"ImageObject\",\"inLanguage\":\"hr\",\"@id\":\"https:\\\/\\\/radioljubuski.ba\\\/#\\\/schema\\\/logo\\\/image\\\/\",\"url\":\"https:\\\/\\\/radioljubuski.ba\\\/wp-content\\\/uploads\\\/2021\\\/02\\\/cropped-Radio_Ljubuski_logo1.jpg\",\"contentUrl\":\"https:\\\/\\\/radioljubuski.ba\\\/wp-content\\\/uploads\\\/2021\\\/02\\\/cropped-Radio_Ljubuski_logo1.jpg\",\"width\":512,\"height\":512,\"caption\":\"Radio Ljubu\u0161ki\"},\"image\":{\"@id\":\"https:\\\/\\\/radioljubuski.ba\\\/#\\\/schema\\\/logo\\\/image\\\/\"},\"sameAs\":[\"https:\\\/\\\/www.facebook.com\\\/Radiio-Ljubuski-1490835324566332\",\"https:\\\/\\\/x.com\\\/radioljubuski\",\"https:\\\/\\\/hr.linkedin.com\\\/company\\\/radio-ljubuski\",\"https:\\\/\\\/www.youtube.com\\\/channel\\\/UCHYaeO_n0Db3tjNGudGpXyw\"]},{\"@type\":\"Person\",\"@id\":\"https:\\\/\\\/radioljubuski.ba\\\/#\\\/schema\\\/person\\\/19fc700381a780f69665d7956c469e3b\",\"name\":\"Radio Ljubu\u0161ki\"}]}<\/script>\n<!-- \/ Yoast SEO plugin. -->","yoast_head_json":{"title":"Kai\u0107 se mora opravdavati zbog \u010dinjenica o majmunskim boginjama nakon napada Jelene Velja\u010de - RADIO LJUBU\u0160KI","robots":{"index":"index","follow":"follow","max-snippet":"max-snippet:-1","max-image-preview":"max-image-preview:large","max-video-preview":"max-video-preview:-1"},"canonical":"https:\/\/radioljubuski.ba\/index.php\/2022\/05\/26\/144191\/","og_locale":"hr_HR","og_type":"article","og_title":"Kai\u0107 se mora opravdavati zbog \u010dinjenica o majmunskim boginjama nakon napada Jelene Velja\u010de - RADIO LJUBU\u0160KI","og_description":"\u201cHomoseksualci su rizi\u010dna skupina, ali samo zbog broja ostvarivanja bliskih kontakata s nepoznatim osobama\u201d, objasnio je, ponovno, Bernard Kai\u0107 iz HZJZ-a u ponedjeljak. Nakon \u0161to se bolest majmunskih boginja pojavila u SAD-u, Kanadi, Britaniji, Portugalu, \u0160panjolskoj\u2026 u prvom redu kod homoseksualaca i epidemiolozi potvrdili da je \u201cvirus koncentriran me\u0111u mu\u0161karcima koji imaju spolne odnose s [&hellip;]","og_url":"https:\/\/radioljubuski.ba\/index.php\/2022\/05\/26\/144191\/","og_site_name":"RADIO LJUBU\u0160KI","article_publisher":"https:\/\/www.facebook.com\/Radiio-Ljubuski-1490835324566332","article_published_time":"2022-05-26T11:44:01+00:00","article_modified_time":"2022-05-26T11:45:48+00:00","og_image":[{"width":696,"height":464,"url":"https:\/\/radioljubuski.ba\/wp-content\/uploads\/2022\/05\/veljaca-kaic-696x464-1.jpg","type":"image\/jpeg"}],"author":"Radio Ljubu\u0161ki","twitter_card":"summary_large_image","twitter_creator":"@radioljubuski","twitter_site":"@radioljubuski","twitter_misc":{"Napisao\/la":"Radio Ljubu\u0161ki","Procijenjeno vrijeme \u010ditanja":"5 minuta"},"schema":{"@context":"https:\/\/schema.org","@graph":[{"@type":"Article","@id":"https:\/\/radioljubuski.ba\/index.php\/2022\/05\/26\/144191\/#article","isPartOf":{"@id":"https:\/\/radioljubuski.ba\/index.php\/2022\/05\/26\/144191\/"},"author":{"name":"Radio Ljubu\u0161ki","@id":"https:\/\/radioljubuski.ba\/#\/schema\/person\/19fc700381a780f69665d7956c469e3b"},"headline":"Kai\u0107 se mora opravdavati zbog \u010dinjenica o majmunskim boginjama nakon napada Jelene Velja\u010de","datePublished":"2022-05-26T11:44:01+00:00","dateModified":"2022-05-26T11:45:48+00:00","mainEntityOfPage":{"@id":"https:\/\/radioljubuski.ba\/index.php\/2022\/05\/26\/144191\/"},"wordCount":1172,"publisher":{"@id":"https:\/\/radioljubuski.ba\/#organization"},"image":{"@id":"https:\/\/radioljubuski.ba\/index.php\/2022\/05\/26\/144191\/#primaryimage"},"thumbnailUrl":"https:\/\/radioljubuski.ba\/wp-content\/uploads\/2022\/05\/veljaca-kaic-696x464-1.jpg","articleSection":["BIH i regija"],"inLanguage":"hr"},{"@type":"WebPage","@id":"https:\/\/radioljubuski.ba\/index.php\/2022\/05\/26\/144191\/","url":"https:\/\/radioljubuski.ba\/index.php\/2022\/05\/26\/144191\/","name":"Kai\u0107 se mora opravdavati zbog \u010dinjenica o majmunskim boginjama nakon napada Jelene Velja\u010de - RADIO LJUBU\u0160KI","isPartOf":{"@id":"https:\/\/radioljubuski.ba\/#website"},"primaryImageOfPage":{"@id":"https:\/\/radioljubuski.ba\/index.php\/2022\/05\/26\/144191\/#primaryimage"},"image":{"@id":"https:\/\/radioljubuski.ba\/index.php\/2022\/05\/26\/144191\/#primaryimage"},"thumbnailUrl":"https:\/\/radioljubuski.ba\/wp-content\/uploads\/2022\/05\/veljaca-kaic-696x464-1.jpg","datePublished":"2022-05-26T11:44:01+00:00","dateModified":"2022-05-26T11:45:48+00:00","breadcrumb":{"@id":"https:\/\/radioljubuski.ba\/index.php\/2022\/05\/26\/144191\/#breadcrumb"},"inLanguage":"hr","potentialAction":[{"@type":"ReadAction","target":["https:\/\/radioljubuski.ba\/index.php\/2022\/05\/26\/144191\/"]}]},{"@type":"ImageObject","inLanguage":"hr","@id":"https:\/\/radioljubuski.ba\/index.php\/2022\/05\/26\/144191\/#primaryimage","url":"https:\/\/radioljubuski.ba\/wp-content\/uploads\/2022\/05\/veljaca-kaic-696x464-1.jpg","contentUrl":"https:\/\/radioljubuski.ba\/wp-content\/uploads\/2022\/05\/veljaca-kaic-696x464-1.jpg","width":696,"height":464},{"@type":"BreadcrumbList","@id":"https:\/\/radioljubuski.ba\/index.php\/2022\/05\/26\/144191\/#breadcrumb","itemListElement":[{"@type":"ListItem","position":1,"name":"Po\u010detna stranica","item":"https:\/\/radioljubuski.ba\/"},{"@type":"ListItem","position":2,"name":"Kai\u0107 se mora opravdavati zbog \u010dinjenica o majmunskim boginjama nakon napada Jelene Velja\u010de"}]},{"@type":"WebSite","@id":"https:\/\/radioljubuski.ba\/#website","url":"https:\/\/radioljubuski.ba\/","name":"Radio Ljubu\u0161ki","description":"Sun\u010dana frekvencija Hercegovine","publisher":{"@id":"https:\/\/radioljubuski.ba\/#organization"},"potentialAction":[{"@type":"SearchAction","target":{"@type":"EntryPoint","urlTemplate":"https:\/\/radioljubuski.ba\/?s={search_term_string}"},"query-input":{"@type":"PropertyValueSpecification","valueRequired":true,"valueName":"search_term_string"}}],"inLanguage":"hr"},{"@type":"Organization","@id":"https:\/\/radioljubuski.ba\/#organization","name":"Radio Ljubu\u0161ki","url":"https:\/\/radioljubuski.ba\/","logo":{"@type":"ImageObject","inLanguage":"hr","@id":"https:\/\/radioljubuski.ba\/#\/schema\/logo\/image\/","url":"https:\/\/radioljubuski.ba\/wp-content\/uploads\/2021\/02\/cropped-Radio_Ljubuski_logo1.jpg","contentUrl":"https:\/\/radioljubuski.ba\/wp-content\/uploads\/2021\/02\/cropped-Radio_Ljubuski_logo1.jpg","width":512,"height":512,"caption":"Radio Ljubu\u0161ki"},"image":{"@id":"https:\/\/radioljubuski.ba\/#\/schema\/logo\/image\/"},"sameAs":["https:\/\/www.facebook.com\/Radiio-Ljubuski-1490835324566332","https:\/\/x.com\/radioljubuski","https:\/\/hr.linkedin.com\/company\/radio-ljubuski","https:\/\/www.youtube.com\/channel\/UCHYaeO_n0Db3tjNGudGpXyw"]},{"@type":"Person","@id":"https:\/\/radioljubuski.ba\/#\/schema\/person\/19fc700381a780f69665d7956c469e3b","name":"Radio Ljubu\u0161ki"}]}},"_links":{"self":[{"href":"https:\/\/radioljubuski.ba\/index.php\/wp-json\/wp\/v2\/posts\/144191","targetHints":{"allow":["GET"]}}],"collection":[{"href":"https:\/\/radioljubuski.ba\/index.php\/wp-json\/wp\/v2\/posts"}],"about":[{"href":"https:\/\/radioljubuski.ba\/index.php\/wp-json\/wp\/v2\/types\/post"}],"author":[{"embeddable":true,"href":"https:\/\/radioljubuski.ba\/index.php\/wp-json\/wp\/v2\/users\/2"}],"replies":[{"embeddable":true,"href":"https:\/\/radioljubuski.ba\/index.php\/wp-json\/wp\/v2\/comments?post=144191"}],"version-history":[{"count":2,"href":"https:\/\/radioljubuski.ba\/index.php\/wp-json\/wp\/v2\/posts\/144191\/revisions"}],"predecessor-version":[{"id":144197,"href":"https:\/\/radioljubuski.ba\/index.php\/wp-json\/wp\/v2\/posts\/144191\/revisions\/144197"}],"wp:featuredmedia":[{"embeddable":true,"href":"https:\/\/radioljubuski.ba\/index.php\/wp-json\/wp\/v2\/media\/144192"}],"wp:attachment":[{"href":"https:\/\/radioljubuski.ba\/index.php\/wp-json\/wp\/v2\/media?parent=144191"}],"wp:term":[{"taxonomy":"category","embeddable":true,"href":"https:\/\/radioljubuski.ba\/index.php\/wp-json\/wp\/v2\/categories?post=144191"},{"taxonomy":"post_tag","embeddable":true,"href":"https:\/\/radioljubuski.ba\/index.php\/wp-json\/wp\/v2\/tags?post=144191"}],"curies":[{"name":"wp","href":"https:\/\/api.w.org\/{rel}","templated":true}]}}