{"id":144198,"date":"2022-05-26T12:47:11","date_gmt":"2022-05-26T11:47:11","guid":{"rendered":"https:\/\/radioljubuski.ba\/?p=144198"},"modified":"2022-05-26T12:47:13","modified_gmt":"2022-05-26T11:47:13","slug":"ove-bi-godine-mogle-narasti-mirovine-u-rh-evo-sto-kazu-strucnjaci","status":"publish","type":"post","link":"https:\/\/radioljubuski.ba\/index.php\/2022\/05\/26\/ove-bi-godine-mogle-narasti-mirovine-u-rh-evo-sto-kazu-strucnjaci\/","title":{"rendered":"Ove bi godine mogle narasti mirovine u RH: Evo \u0161to ka\u017eu stru\u010dnjaci"},"content":{"rendered":"\n<p>Iako u HZMO-u napominju da je prerano za izra\u010dun, stru\u010dnjaci tvrde da \u0107e drugo ovogodi\u0161nje uskla\u0111ivanje mirovina, zbog inflacije biti zna\u010dajnije.<\/p>\n\n\n\n<p>Mirovine se uskla\u0111uju dvaput godi\u0161nje, 1. sije\u010dnja i 1. srpnja. Sije\u010danjsko uskla\u0111ivanje iznosilo je 2,24 posto. Ovo srpanjsko moglo bi biti rekordno, prenosi <a href=\"https:\/\/dnevnik.hr\/vijesti\/hrvatska\/koliko-ce-iznositi-uskladjivanje-mirovina-u-srpnju---725451.html\" target=\"_blank\" rel=\"noreferrer noopener\">dnevnik.hr<\/a>.<\/p>\n\n\n\n<p>Tako bar predvi\u0111a <strong>\u017deljko \u0160emper<\/strong> iz Hrvatske stranke umirovljenika. Iz HZMO-a napominju kako je je za takve izra\u010dune jo\u0161 definitivno prerano, no \u0160emper, na temelju dosad objavljenih podataka, ra\u010duna kako bi uskla\u0111ivanje, u ovom trenutku iznosilo 5,75 posto.<\/p>\n\n\n\n<p>To je ako tako ostane. No ako se nastavi ovakav rast potro\u0161a\u010dkih cijena, ali i bruto pla\u0107a, uskla\u0111ivanje bi moglo iznositi i \u0161est ili sedam posto\u201d, obja\u0161njava.<\/p>\n\n\n\n<p>Na prosje\u010dnu mirovinu od 2700 kuna, uskla\u0111enje bi zna\u010dilo prosje\u010dno pove\u0107anje od oko 155 kuna.<\/p>\n\n\n\n<p>\u201cTo je rekord. Dosad je najve\u0107e pove\u0107anje bilo 2008. Tada je iznosilo 4,08 posto\u201d, kazao je \u0160emper, uz napomenu da \u0107e se to\u010dni podaci ipak znati u kolovozu.<\/p>\n\n\n\n<p>\u0160empar nagla\u0161ava potrebu da se mirovine uskla\u0111uju kvartalno, umjesto dva puta godi\u0161nje zbog galopiraju\u0107e inflacije. Podsjetimo, inflacija je u travnju na godi\u0161njoj razini iznosila 9,4 posto. To je najve\u0107i rast otkad Dr\u017eavni zavod za statistiku vodi podatke.<\/p>\n\n\n\n<p>\u201cZa uskla\u0111ivanje koje je i\u0161lo od prvog sije\u010dnja \u2013 a ljudi su mirovine dobili travnju \u2013 za izra\u010dun se uzimaju cijene iz ranijeg polugodi\u0161ta, na primjer, \u0161to je poskupjelo u srpnju ranije godine. Od tog pove\u0107anja do prve isplate pro\u0111e i osam ili devet mjeseci. Tu razliku inflacije ve\u0107 pojede. U vrijeme najve\u0107e inflacije, trebalo bi razmisliti da se uskla\u0111ivanje radi kvartalno\u201d, zaklju\u010duje \u0160emper.<\/p>\n\n\n\n<h3 class=\"wp-block-heading\"><strong>Kako se ra\u010duna uskla\u0111ivanje mirovina?<\/strong><\/h3>\n\n\n\n<p>U HZMO-u poja\u0161njavaju kako se Zakonom o mirovinskom osiguranju mirovine uskla\u0111uju od 1. sije\u010dnja i od 1. srpnja svake kalendarske godine prema novoj aktualnoj vrijednosti mirovine utvr\u0111enoj prema \u010dlanku 88. ZOMO-a.<\/p>\n\n\n\n<p>\u201cStopa uskla\u0111ivanja aktualne vrijednosti mirovine odre\u0111uje se zbrajanjem stopa <strong>promjene prosje\u010dnog indeksa potro\u0161a\u010dkih cijena<\/strong> iz prethodnog polugodi\u0161ta u odnosu na polugodi\u0161te koje mu prethodi i stope <strong>prosje\u010dne brutopla\u0107e svih zaposlenih<\/strong> u Republici Hrvatskoj iz prethodnog polugodi\u0161ta u odnosu na polugodi\u0161te koje mu prethodi, i to najkasnije dva mjeseca nakon isteka svakog polugodi\u0161ta\u201d, ka\u017eu.<\/p>\n\n\n\n<p>Svota mirovine izra\u010dunava se tako da se <strong>osobni bodovi pomno\u017ee s mirovinskim faktorom i aktualnom vrijedno\u0161\u0107u mirovine<\/strong> iz \u010dlanka 88. ZOMO-a.<\/p>\n\n\n\n<p>\u201cOsobni bodovi za odre\u0111ivanje mirovine dobivaju se tako da se prosje\u010dni vrijednosni bodov iz \u010dlanka 81. stavka 8. ZOMO-a pomno\u017ee s ukupnim mirovinskim sta\u017eem i polaznim faktorom\u201d, poja\u0161navaju i dodaju:<\/p>\n\n\n\n<p>\u201cMirovine pove\u0107ane prema novoj aktualnoj vrijednosti (od 1. srpnja 2022.) isplatit \u0107e se u rujnu (s mirovinom za kolovoz), zajedno s razlikom za srpanj 2022.\u201d<\/p>\n\n\n\n<p><em>Izvor: narod.hr\/dnevnik.hr<\/em><\/p>\n","protected":false},"excerpt":{"rendered":"<p>Iako u HZMO-u napominju da je prerano za izra\u010dun, stru\u010dnjaci tvrde da \u0107e drugo ovogodi\u0161nje uskla\u0111ivanje mirovina, zbog inflacije biti zna\u010dajnije. Mirovine se uskla\u0111uju dvaput godi\u0161nje, 1. sije\u010dnja i 1. srpnja. Sije\u010danjsko uskla\u0111ivanje iznosilo je 2,24 posto. Ovo srpanjsko moglo bi biti rekordno, prenosi dnevnik.hr. Tako bar predvi\u0111a \u017deljko \u0160emper iz Hrvatske stranke umirovljenika. Iz [&hellip;]<\/p>\n","protected":false},"author":2,"featured_media":144199,"comment_status":"closed","ping_status":"closed","sticky":false,"template":"","format":"standard","meta":{"h5ap_radio_sources":[],"footnotes":""},"categories":[1],"tags":[],"class_list":["post-144198","post","type-post","status-publish","format-standard","has-post-thumbnail","hentry","category-bihiregija"],"yoast_head":"<!-- This site is optimized with the Yoast SEO plugin v27.5 - https:\/\/yoast.com\/product\/yoast-seo-wordpress\/ -->\n<title>Ove bi godine mogle narasti mirovine u RH: Evo \u0161to ka\u017eu stru\u010dnjaci - RADIO LJUBU\u0160KI<\/title>\n<meta name=\"robots\" content=\"index, follow, max-snippet:-1, max-image-preview:large, max-video-preview:-1\" \/>\n<link rel=\"canonical\" href=\"https:\/\/radioljubuski.ba\/index.php\/2022\/05\/26\/ove-bi-godine-mogle-narasti-mirovine-u-rh-evo-sto-kazu-strucnjaci\/\" \/>\n<meta property=\"og:locale\" content=\"hr_HR\" \/>\n<meta property=\"og:type\" content=\"article\" \/>\n<meta property=\"og:title\" content=\"Ove bi godine mogle narasti mirovine u RH: Evo \u0161to ka\u017eu stru\u010dnjaci - RADIO LJUBU\u0160KI\" \/>\n<meta property=\"og:description\" content=\"Iako u HZMO-u napominju da je prerano za izra\u010dun, stru\u010dnjaci tvrde da \u0107e drugo ovogodi\u0161nje uskla\u0111ivanje mirovina, zbog inflacije biti zna\u010dajnije. Mirovine se uskla\u0111uju dvaput godi\u0161nje, 1. sije\u010dnja i 1. srpnja. Sije\u010danjsko uskla\u0111ivanje iznosilo je 2,24 posto. Ovo srpanjsko moglo bi biti rekordno, prenosi dnevnik.hr. Tako bar predvi\u0111a \u017deljko \u0160emper iz Hrvatske stranke umirovljenika. Iz [&hellip;]\" \/>\n<meta property=\"og:url\" content=\"https:\/\/radioljubuski.ba\/index.php\/2022\/05\/26\/ove-bi-godine-mogle-narasti-mirovine-u-rh-evo-sto-kazu-strucnjaci\/\" \/>\n<meta property=\"og:site_name\" content=\"RADIO LJUBU\u0160KI\" \/>\n<meta property=\"article:publisher\" content=\"https:\/\/www.facebook.com\/Radiio-Ljubuski-1490835324566332\" \/>\n<meta property=\"article:published_time\" content=\"2022-05-26T11:47:11+00:00\" \/>\n<meta property=\"article:modified_time\" content=\"2022-05-26T11:47:13+00:00\" \/>\n<meta property=\"og:image\" content=\"https:\/\/radioljubuski.ba\/wp-content\/uploads\/2022\/05\/ThinkstockPhotos-482598341.jpg\" \/>\n\t<meta property=\"og:image:width\" content=\"683\" \/>\n\t<meta property=\"og:image:height\" content=\"511\" \/>\n\t<meta property=\"og:image:type\" content=\"image\/jpeg\" \/>\n<meta name=\"author\" content=\"Radio Ljubu\u0161ki\" \/>\n<meta name=\"twitter:card\" content=\"summary_large_image\" \/>\n<meta name=\"twitter:creator\" content=\"@radioljubuski\" \/>\n<meta name=\"twitter:site\" content=\"@radioljubuski\" \/>\n<meta name=\"twitter:label1\" content=\"Napisao\/la\" \/>\n\t<meta name=\"twitter:data1\" content=\"Radio Ljubu\u0161ki\" \/>\n\t<meta name=\"twitter:label2\" content=\"Procijenjeno vrijeme \u010ditanja\" \/>\n\t<meta name=\"twitter:data2\" content=\"2 minute\" \/>\n<script type=\"application\/ld+json\" class=\"yoast-schema-graph\">{\"@context\":\"https:\\\/\\\/schema.org\",\"@graph\":[{\"@type\":\"Article\",\"@id\":\"https:\\\/\\\/radioljubuski.ba\\\/index.php\\\/2022\\\/05\\\/26\\\/ove-bi-godine-mogle-narasti-mirovine-u-rh-evo-sto-kazu-strucnjaci\\\/#article\",\"isPartOf\":{\"@id\":\"https:\\\/\\\/radioljubuski.ba\\\/index.php\\\/2022\\\/05\\\/26\\\/ove-bi-godine-mogle-narasti-mirovine-u-rh-evo-sto-kazu-strucnjaci\\\/\"},\"author\":{\"name\":\"Radio Ljubu\u0161ki\",\"@id\":\"https:\\\/\\\/radioljubuski.ba\\\/#\\\/schema\\\/person\\\/19fc700381a780f69665d7956c469e3b\"},\"headline\":\"Ove bi godine mogle narasti mirovine u RH: Evo \u0161to ka\u017eu stru\u010dnjaci\",\"datePublished\":\"2022-05-26T11:47:11+00:00\",\"dateModified\":\"2022-05-26T11:47:13+00:00\",\"mainEntityOfPage\":{\"@id\":\"https:\\\/\\\/radioljubuski.ba\\\/index.php\\\/2022\\\/05\\\/26\\\/ove-bi-godine-mogle-narasti-mirovine-u-rh-evo-sto-kazu-strucnjaci\\\/\"},\"wordCount\":491,\"publisher\":{\"@id\":\"https:\\\/\\\/radioljubuski.ba\\\/#organization\"},\"image\":{\"@id\":\"https:\\\/\\\/radioljubuski.ba\\\/index.php\\\/2022\\\/05\\\/26\\\/ove-bi-godine-mogle-narasti-mirovine-u-rh-evo-sto-kazu-strucnjaci\\\/#primaryimage\"},\"thumbnailUrl\":\"https:\\\/\\\/radioljubuski.ba\\\/wp-content\\\/uploads\\\/2022\\\/05\\\/ThinkstockPhotos-482598341.jpg\",\"articleSection\":[\"BIH i regija\"],\"inLanguage\":\"hr\"},{\"@type\":\"WebPage\",\"@id\":\"https:\\\/\\\/radioljubuski.ba\\\/index.php\\\/2022\\\/05\\\/26\\\/ove-bi-godine-mogle-narasti-mirovine-u-rh-evo-sto-kazu-strucnjaci\\\/\",\"url\":\"https:\\\/\\\/radioljubuski.ba\\\/index.php\\\/2022\\\/05\\\/26\\\/ove-bi-godine-mogle-narasti-mirovine-u-rh-evo-sto-kazu-strucnjaci\\\/\",\"name\":\"Ove bi godine mogle narasti mirovine u RH: Evo \u0161to ka\u017eu stru\u010dnjaci - RADIO LJUBU\u0160KI\",\"isPartOf\":{\"@id\":\"https:\\\/\\\/radioljubuski.ba\\\/#website\"},\"primaryImageOfPage\":{\"@id\":\"https:\\\/\\\/radioljubuski.ba\\\/index.php\\\/2022\\\/05\\\/26\\\/ove-bi-godine-mogle-narasti-mirovine-u-rh-evo-sto-kazu-strucnjaci\\\/#primaryimage\"},\"image\":{\"@id\":\"https:\\\/\\\/radioljubuski.ba\\\/index.php\\\/2022\\\/05\\\/26\\\/ove-bi-godine-mogle-narasti-mirovine-u-rh-evo-sto-kazu-strucnjaci\\\/#primaryimage\"},\"thumbnailUrl\":\"https:\\\/\\\/radioljubuski.ba\\\/wp-content\\\/uploads\\\/2022\\\/05\\\/ThinkstockPhotos-482598341.jpg\",\"datePublished\":\"2022-05-26T11:47:11+00:00\",\"dateModified\":\"2022-05-26T11:47:13+00:00\",\"breadcrumb\":{\"@id\":\"https:\\\/\\\/radioljubuski.ba\\\/index.php\\\/2022\\\/05\\\/26\\\/ove-bi-godine-mogle-narasti-mirovine-u-rh-evo-sto-kazu-strucnjaci\\\/#breadcrumb\"},\"inLanguage\":\"hr\",\"potentialAction\":[{\"@type\":\"ReadAction\",\"target\":[\"https:\\\/\\\/radioljubuski.ba\\\/index.php\\\/2022\\\/05\\\/26\\\/ove-bi-godine-mogle-narasti-mirovine-u-rh-evo-sto-kazu-strucnjaci\\\/\"]}]},{\"@type\":\"ImageObject\",\"inLanguage\":\"hr\",\"@id\":\"https:\\\/\\\/radioljubuski.ba\\\/index.php\\\/2022\\\/05\\\/26\\\/ove-bi-godine-mogle-narasti-mirovine-u-rh-evo-sto-kazu-strucnjaci\\\/#primaryimage\",\"url\":\"https:\\\/\\\/radioljubuski.ba\\\/wp-content\\\/uploads\\\/2022\\\/05\\\/ThinkstockPhotos-482598341.jpg\",\"contentUrl\":\"https:\\\/\\\/radioljubuski.ba\\\/wp-content\\\/uploads\\\/2022\\\/05\\\/ThinkstockPhotos-482598341.jpg\",\"width\":683,\"height\":511,\"caption\":\"Croatian paper money close up\"},{\"@type\":\"BreadcrumbList\",\"@id\":\"https:\\\/\\\/radioljubuski.ba\\\/index.php\\\/2022\\\/05\\\/26\\\/ove-bi-godine-mogle-narasti-mirovine-u-rh-evo-sto-kazu-strucnjaci\\\/#breadcrumb\",\"itemListElement\":[{\"@type\":\"ListItem\",\"position\":1,\"name\":\"Po\u010detna stranica\",\"item\":\"https:\\\/\\\/radioljubuski.ba\\\/\"},{\"@type\":\"ListItem\",\"position\":2,\"name\":\"Ove bi godine mogle narasti mirovine u RH: Evo \u0161to ka\u017eu stru\u010dnjaci\"}]},{\"@type\":\"WebSite\",\"@id\":\"https:\\\/\\\/radioljubuski.ba\\\/#website\",\"url\":\"https:\\\/\\\/radioljubuski.ba\\\/\",\"name\":\"Radio Ljubu\u0161ki\",\"description\":\"Sun\u010dana frekvencija Hercegovine\",\"publisher\":{\"@id\":\"https:\\\/\\\/radioljubuski.ba\\\/#organization\"},\"potentialAction\":[{\"@type\":\"SearchAction\",\"target\":{\"@type\":\"EntryPoint\",\"urlTemplate\":\"https:\\\/\\\/radioljubuski.ba\\\/?s={search_term_string}\"},\"query-input\":{\"@type\":\"PropertyValueSpecification\",\"valueRequired\":true,\"valueName\":\"search_term_string\"}}],\"inLanguage\":\"hr\"},{\"@type\":\"Organization\",\"@id\":\"https:\\\/\\\/radioljubuski.ba\\\/#organization\",\"name\":\"Radio Ljubu\u0161ki\",\"url\":\"https:\\\/\\\/radioljubuski.ba\\\/\",\"logo\":{\"@type\":\"ImageObject\",\"inLanguage\":\"hr\",\"@id\":\"https:\\\/\\\/radioljubuski.ba\\\/#\\\/schema\\\/logo\\\/image\\\/\",\"url\":\"https:\\\/\\\/radioljubuski.ba\\\/wp-content\\\/uploads\\\/2021\\\/02\\\/cropped-Radio_Ljubuski_logo1.jpg\",\"contentUrl\":\"https:\\\/\\\/radioljubuski.ba\\\/wp-content\\\/uploads\\\/2021\\\/02\\\/cropped-Radio_Ljubuski_logo1.jpg\",\"width\":512,\"height\":512,\"caption\":\"Radio Ljubu\u0161ki\"},\"image\":{\"@id\":\"https:\\\/\\\/radioljubuski.ba\\\/#\\\/schema\\\/logo\\\/image\\\/\"},\"sameAs\":[\"https:\\\/\\\/www.facebook.com\\\/Radiio-Ljubuski-1490835324566332\",\"https:\\\/\\\/x.com\\\/radioljubuski\",\"https:\\\/\\\/hr.linkedin.com\\\/company\\\/radio-ljubuski\",\"https:\\\/\\\/www.youtube.com\\\/channel\\\/UCHYaeO_n0Db3tjNGudGpXyw\"]},{\"@type\":\"Person\",\"@id\":\"https:\\\/\\\/radioljubuski.ba\\\/#\\\/schema\\\/person\\\/19fc700381a780f69665d7956c469e3b\",\"name\":\"Radio Ljubu\u0161ki\"}]}<\/script>\n<!-- \/ Yoast SEO plugin. -->","yoast_head_json":{"title":"Ove bi godine mogle narasti mirovine u RH: Evo \u0161to ka\u017eu stru\u010dnjaci - RADIO LJUBU\u0160KI","robots":{"index":"index","follow":"follow","max-snippet":"max-snippet:-1","max-image-preview":"max-image-preview:large","max-video-preview":"max-video-preview:-1"},"canonical":"https:\/\/radioljubuski.ba\/index.php\/2022\/05\/26\/ove-bi-godine-mogle-narasti-mirovine-u-rh-evo-sto-kazu-strucnjaci\/","og_locale":"hr_HR","og_type":"article","og_title":"Ove bi godine mogle narasti mirovine u RH: Evo \u0161to ka\u017eu stru\u010dnjaci - RADIO LJUBU\u0160KI","og_description":"Iako u HZMO-u napominju da je prerano za izra\u010dun, stru\u010dnjaci tvrde da \u0107e drugo ovogodi\u0161nje uskla\u0111ivanje mirovina, zbog inflacije biti zna\u010dajnije. Mirovine se uskla\u0111uju dvaput godi\u0161nje, 1. sije\u010dnja i 1. srpnja. Sije\u010danjsko uskla\u0111ivanje iznosilo je 2,24 posto. Ovo srpanjsko moglo bi biti rekordno, prenosi dnevnik.hr. Tako bar predvi\u0111a \u017deljko \u0160emper iz Hrvatske stranke umirovljenika. Iz [&hellip;]","og_url":"https:\/\/radioljubuski.ba\/index.php\/2022\/05\/26\/ove-bi-godine-mogle-narasti-mirovine-u-rh-evo-sto-kazu-strucnjaci\/","og_site_name":"RADIO LJUBU\u0160KI","article_publisher":"https:\/\/www.facebook.com\/Radiio-Ljubuski-1490835324566332","article_published_time":"2022-05-26T11:47:11+00:00","article_modified_time":"2022-05-26T11:47:13+00:00","og_image":[{"width":683,"height":511,"url":"https:\/\/radioljubuski.ba\/wp-content\/uploads\/2022\/05\/ThinkstockPhotos-482598341.jpg","type":"image\/jpeg"}],"author":"Radio Ljubu\u0161ki","twitter_card":"summary_large_image","twitter_creator":"@radioljubuski","twitter_site":"@radioljubuski","twitter_misc":{"Napisao\/la":"Radio Ljubu\u0161ki","Procijenjeno vrijeme \u010ditanja":"2 minute"},"schema":{"@context":"https:\/\/schema.org","@graph":[{"@type":"Article","@id":"https:\/\/radioljubuski.ba\/index.php\/2022\/05\/26\/ove-bi-godine-mogle-narasti-mirovine-u-rh-evo-sto-kazu-strucnjaci\/#article","isPartOf":{"@id":"https:\/\/radioljubuski.ba\/index.php\/2022\/05\/26\/ove-bi-godine-mogle-narasti-mirovine-u-rh-evo-sto-kazu-strucnjaci\/"},"author":{"name":"Radio Ljubu\u0161ki","@id":"https:\/\/radioljubuski.ba\/#\/schema\/person\/19fc700381a780f69665d7956c469e3b"},"headline":"Ove bi godine mogle narasti mirovine u RH: Evo \u0161to ka\u017eu stru\u010dnjaci","datePublished":"2022-05-26T11:47:11+00:00","dateModified":"2022-05-26T11:47:13+00:00","mainEntityOfPage":{"@id":"https:\/\/radioljubuski.ba\/index.php\/2022\/05\/26\/ove-bi-godine-mogle-narasti-mirovine-u-rh-evo-sto-kazu-strucnjaci\/"},"wordCount":491,"publisher":{"@id":"https:\/\/radioljubuski.ba\/#organization"},"image":{"@id":"https:\/\/radioljubuski.ba\/index.php\/2022\/05\/26\/ove-bi-godine-mogle-narasti-mirovine-u-rh-evo-sto-kazu-strucnjaci\/#primaryimage"},"thumbnailUrl":"https:\/\/radioljubuski.ba\/wp-content\/uploads\/2022\/05\/ThinkstockPhotos-482598341.jpg","articleSection":["BIH i regija"],"inLanguage":"hr"},{"@type":"WebPage","@id":"https:\/\/radioljubuski.ba\/index.php\/2022\/05\/26\/ove-bi-godine-mogle-narasti-mirovine-u-rh-evo-sto-kazu-strucnjaci\/","url":"https:\/\/radioljubuski.ba\/index.php\/2022\/05\/26\/ove-bi-godine-mogle-narasti-mirovine-u-rh-evo-sto-kazu-strucnjaci\/","name":"Ove bi godine mogle narasti mirovine u RH: Evo \u0161to ka\u017eu stru\u010dnjaci - RADIO LJUBU\u0160KI","isPartOf":{"@id":"https:\/\/radioljubuski.ba\/#website"},"primaryImageOfPage":{"@id":"https:\/\/radioljubuski.ba\/index.php\/2022\/05\/26\/ove-bi-godine-mogle-narasti-mirovine-u-rh-evo-sto-kazu-strucnjaci\/#primaryimage"},"image":{"@id":"https:\/\/radioljubuski.ba\/index.php\/2022\/05\/26\/ove-bi-godine-mogle-narasti-mirovine-u-rh-evo-sto-kazu-strucnjaci\/#primaryimage"},"thumbnailUrl":"https:\/\/radioljubuski.ba\/wp-content\/uploads\/2022\/05\/ThinkstockPhotos-482598341.jpg","datePublished":"2022-05-26T11:47:11+00:00","dateModified":"2022-05-26T11:47:13+00:00","breadcrumb":{"@id":"https:\/\/radioljubuski.ba\/index.php\/2022\/05\/26\/ove-bi-godine-mogle-narasti-mirovine-u-rh-evo-sto-kazu-strucnjaci\/#breadcrumb"},"inLanguage":"hr","potentialAction":[{"@type":"ReadAction","target":["https:\/\/radioljubuski.ba\/index.php\/2022\/05\/26\/ove-bi-godine-mogle-narasti-mirovine-u-rh-evo-sto-kazu-strucnjaci\/"]}]},{"@type":"ImageObject","inLanguage":"hr","@id":"https:\/\/radioljubuski.ba\/index.php\/2022\/05\/26\/ove-bi-godine-mogle-narasti-mirovine-u-rh-evo-sto-kazu-strucnjaci\/#primaryimage","url":"https:\/\/radioljubuski.ba\/wp-content\/uploads\/2022\/05\/ThinkstockPhotos-482598341.jpg","contentUrl":"https:\/\/radioljubuski.ba\/wp-content\/uploads\/2022\/05\/ThinkstockPhotos-482598341.jpg","width":683,"height":511,"caption":"Croatian paper money close up"},{"@type":"BreadcrumbList","@id":"https:\/\/radioljubuski.ba\/index.php\/2022\/05\/26\/ove-bi-godine-mogle-narasti-mirovine-u-rh-evo-sto-kazu-strucnjaci\/#breadcrumb","itemListElement":[{"@type":"ListItem","position":1,"name":"Po\u010detna stranica","item":"https:\/\/radioljubuski.ba\/"},{"@type":"ListItem","position":2,"name":"Ove bi godine mogle narasti mirovine u RH: Evo \u0161to ka\u017eu stru\u010dnjaci"}]},{"@type":"WebSite","@id":"https:\/\/radioljubuski.ba\/#website","url":"https:\/\/radioljubuski.ba\/","name":"Radio Ljubu\u0161ki","description":"Sun\u010dana frekvencija Hercegovine","publisher":{"@id":"https:\/\/radioljubuski.ba\/#organization"},"potentialAction":[{"@type":"SearchAction","target":{"@type":"EntryPoint","urlTemplate":"https:\/\/radioljubuski.ba\/?s={search_term_string}"},"query-input":{"@type":"PropertyValueSpecification","valueRequired":true,"valueName":"search_term_string"}}],"inLanguage":"hr"},{"@type":"Organization","@id":"https:\/\/radioljubuski.ba\/#organization","name":"Radio Ljubu\u0161ki","url":"https:\/\/radioljubuski.ba\/","logo":{"@type":"ImageObject","inLanguage":"hr","@id":"https:\/\/radioljubuski.ba\/#\/schema\/logo\/image\/","url":"https:\/\/radioljubuski.ba\/wp-content\/uploads\/2021\/02\/cropped-Radio_Ljubuski_logo1.jpg","contentUrl":"https:\/\/radioljubuski.ba\/wp-content\/uploads\/2021\/02\/cropped-Radio_Ljubuski_logo1.jpg","width":512,"height":512,"caption":"Radio Ljubu\u0161ki"},"image":{"@id":"https:\/\/radioljubuski.ba\/#\/schema\/logo\/image\/"},"sameAs":["https:\/\/www.facebook.com\/Radiio-Ljubuski-1490835324566332","https:\/\/x.com\/radioljubuski","https:\/\/hr.linkedin.com\/company\/radio-ljubuski","https:\/\/www.youtube.com\/channel\/UCHYaeO_n0Db3tjNGudGpXyw"]},{"@type":"Person","@id":"https:\/\/radioljubuski.ba\/#\/schema\/person\/19fc700381a780f69665d7956c469e3b","name":"Radio Ljubu\u0161ki"}]}},"_links":{"self":[{"href":"https:\/\/radioljubuski.ba\/index.php\/wp-json\/wp\/v2\/posts\/144198","targetHints":{"allow":["GET"]}}],"collection":[{"href":"https:\/\/radioljubuski.ba\/index.php\/wp-json\/wp\/v2\/posts"}],"about":[{"href":"https:\/\/radioljubuski.ba\/index.php\/wp-json\/wp\/v2\/types\/post"}],"author":[{"embeddable":true,"href":"https:\/\/radioljubuski.ba\/index.php\/wp-json\/wp\/v2\/users\/2"}],"replies":[{"embeddable":true,"href":"https:\/\/radioljubuski.ba\/index.php\/wp-json\/wp\/v2\/comments?post=144198"}],"version-history":[{"count":1,"href":"https:\/\/radioljubuski.ba\/index.php\/wp-json\/wp\/v2\/posts\/144198\/revisions"}],"predecessor-version":[{"id":144200,"href":"https:\/\/radioljubuski.ba\/index.php\/wp-json\/wp\/v2\/posts\/144198\/revisions\/144200"}],"wp:featuredmedia":[{"embeddable":true,"href":"https:\/\/radioljubuski.ba\/index.php\/wp-json\/wp\/v2\/media\/144199"}],"wp:attachment":[{"href":"https:\/\/radioljubuski.ba\/index.php\/wp-json\/wp\/v2\/media?parent=144198"}],"wp:term":[{"taxonomy":"category","embeddable":true,"href":"https:\/\/radioljubuski.ba\/index.php\/wp-json\/wp\/v2\/categories?post=144198"},{"taxonomy":"post_tag","embeddable":true,"href":"https:\/\/radioljubuski.ba\/index.php\/wp-json\/wp\/v2\/tags?post=144198"}],"curies":[{"name":"wp","href":"https:\/\/api.w.org\/{rel}","templated":true}]}}