{"id":144201,"date":"2022-05-26T12:48:30","date_gmt":"2022-05-26T11:48:30","guid":{"rendered":"https:\/\/radioljubuski.ba\/?p=144201"},"modified":"2022-05-26T12:48:32","modified_gmt":"2022-05-26T11:48:32","slug":"racune-u-kunama-i-eurima-vec-ima-vise-od-400-kafica-trgovina-i-pekarnica","status":"publish","type":"post","link":"https:\/\/radioljubuski.ba\/index.php\/2022\/05\/26\/racune-u-kunama-i-eurima-vec-ima-vise-od-400-kafica-trgovina-i-pekarnica\/","title":{"rendered":"Ra\u010dune u kunama i eurima ve\u0107 ima vi\u0161e od 400 kafi\u0107a, trgovina i pekarnica"},"content":{"rendered":"\n<p>Ve\u0107 vi\u0161e od 400 kafi\u0107a, trgovina i pekarnica u Hrvatskoj cijene ima izra\u017eene u eurima i kunama. Gostima i kupcima se jo\u0161 ne napla\u0107uje u eurima, a ve\u0107ina ih i ne primjeti da je na ra\u010dunu cijena dvojno iskazana.<\/p>\n\n\n\n<p>Ovi su trgovci, ugostitelji i pekari i prije obveznog roka, koji je odre\u0111en za 5. rujna, prihvatili uputu Hrvatske narodne banke prema kojem se treba uvesti dvojno iskazivanje cijena.<\/p>\n\n\n\n<h3 class=\"wp-block-heading\"><strong>Za\u0161to dvojno iskazivanje cijena<\/strong><\/h3>\n\n\n\n<p>\u201cDvojno iskazivanje cijena omogu\u0107it \u0107e potro\u0161a\u010dima da lak\u0161e uo\u010de trgovce i ostala poduze\u0107a koja neopravdano pove\u0107aju cijene pri konverziji u novu valutu. Taj se mehanizam pokazao vrlo u\u010dinkovitim u dr\u017eavama \u010dlanicama koje su ve\u0107 uvele euro\u201d \u2013 ka\u017eu u HNB-u.<\/p>\n\n\n\n<p>\u201cProgramsko rje\u0161enje za dvojno iskazivanje cijena uveli smo jo\u0161 u velja\u010di, kad se jo\u0161 nije znalo koji \u0107e biti fiksirani te\u010daj. Na po\u010detku smo uzimali srednji te\u010daj, a sad koristimo fiksirani, koji se navodi u prijedlogu zakona koji \u0107e i\u0107i na glasanje u Hrvatski sabor. Taj fiksirani te\u010daj iznosi 7,53450 kuna za jedan euro\u201d, obja\u0161njava za <a href=\"https:\/\/www.vecernji.hr\/vijesti\/vec-400-kafica-i-trgovina-iskazuje-cijene-i-u-eurima-doznali-smo-zasto-su-krenuli-prije-roka-i-kako-gradani-reagiraju-1589186\">Ve\u010dernji list<\/a> Dejan Vibovi\u0107, \u010dija je tvrtka Code-iT klijentima me\u0111u prvima omogu\u0107ila da na ra\u010dunima imaju cijene izra\u017eene i u kunama i u eurima.<\/p>\n\n\n\n<h3 class=\"wp-block-heading\"><strong>Zaokru\u017eivanje cijena<\/strong><\/h3>\n\n\n\n<p>Vibovi\u0107 je objasnio da su i\u0161li prije roka jer su htjeli pomo\u0107i klijentima da po\u010dnu polako razmi\u0161ljati o zaokru\u017eivanjima.<\/p>\n\n\n\n<p>\u201cTo je prvenstveni cilj. Ne\u0107e netko, na primjer, prodavati kavu za 2,62 ili 1,82 eura, nego \u0107e zaokru\u017eivati. Ako je kava 10 kuna, to bi bilo 1,32 eura, no vjerujem da nitko ne\u0107e kavu prodavati po toj cijeni, ve\u0107 je pitanje ho\u0107e li je zaokru\u017eiti na 1,40 ili 1,30. I\u0161li smo korak naprijed i omogu\u0107ili klijentima da se polako pripremaju i da ne moraju to raditi zadnjih nekoliko dana prije nego \u0161to to postane obvezno\u201d \u2013 tuma\u010di.<\/p>\n\n\n\n<p>Iz HNB-a isti\u010du da je dvojno iskazivanje cijena bitna mjera za za\u0161titu potro\u0161a\u010da u postupku uvo\u0111enja eura.<\/p>\n\n\n\n<p>Dvije cijene morat \u0107e se primjenjivati na cjenicima i promotivnim materijalima, od trgovina do restorana, kafi\u0107a, hotela, kozmeti\u010dkih salona, banaka\u2026 I tijela dr\u017eavne uprave i poduze\u0107a iz javnog sektora morat \u0107e tako\u0111er tako raditi. Na\u010din prera\u010dunavanja cijena iz nacionalne valute u euro propisan je Uredbom Vije\u0107a EU-a iz 1997. godine. Cijene se prera\u010dunavaju u euro primjenom fiksnog te\u010daja konverzije od \u0161est znamenaka.<\/p>\n\n\n\n<p>\u201cDvojno iskazivanje cijena omogu\u0107it \u0107e potro\u0161a\u010dima da lak\u0161e uo\u010de trgovce i ostala poduze\u0107a koja neopravdano pove\u0107aju cijene pri konverziji u novu valutu. Taj se mehanizam pokazao vrlo u\u010dinkovitim u dr\u017eavama \u010dlanicama koje su ve\u0107 uvele euro. Vjerujemo da se cijene ne\u0107e pove\u0107ati zbog uvo\u0111enja eura. U\u010dinak rasta cijena zbog uvo\u0111enja eura bit \u0107e vrlo blag i jednokratan, a prema iskustvima drugih zemalja, u\u010dinak uvo\u0111enja eura na inflaciju u novim dr\u017eavama \u010dlanicama bio je privremen i iznosio je prosje\u010dno 0,23 postotna boda\u201d, tvrde iz HNB-a.<\/p>\n\n\n\n<h3 class=\"wp-block-heading\"><strong>Primjer Slova\u010dke, Slovenije, Malte i Cipra<\/strong><\/h3>\n\n\n\n<p>Nakon uvo\u0111enja eura u Slova\u010dkoj 1. sije\u010dnja 2009. zabilje\u017een je jednokratni u\u010dinak na rast inflacije od 0,3 postotna boda, a sli\u010dan u\u010dinak primije\u0107en je i 2007. u Sloveniji te Malti i Cipru u 2008. S danom uvo\u0111enja eura po\u010dinje i razdoblje dvojnog optjecaja u kojem se pri transakcijama gotovim novcem istodobno koriste euro i kuna kao zakonsko sredstvo pla\u0107anja, \u0161to \u0107e trajati dva tjedna, od 1. sije\u010dnja do 14. sije\u010dnja 2023. Za poslovne subjekte koji prekr\u0161e zakon prijete kazne od 650 do 13.270 eura.<\/p>\n\n\n\n<p>Zamjena gotovine u kunama za euro mo\u0107i \u0107e se obaviti u bankama i poslovnicama FINA-e i Hrvatske po\u0161te tijekom 12 mjeseci od uvo\u0111enja eura, a nakon toga mo\u0107i \u0107e se, bez naknade, zamijeniti u HNB-u. Za nov\u010danice nema vremenskog ograni\u010denja, a kovanice \u0107e se mo\u0107i zamijeniti u tri godine.<\/p>\n\n\n\n<h3 class=\"wp-block-heading\"><strong>\u0160to ka\u017eu ugostitelji<\/strong><\/h3>\n\n\n\n<p>U restoranima i kafi\u0107ima ka\u017eu da jo\u0161 ne znaju kako \u0107e zaokru\u017eivati cijene.<\/p>\n\n\n\n<p>\u201cAko pizza stoji 55 kuna, prera\u010dunato u eure, to bi bilo 7,29 eura, no pretpostavljam da je ne\u0107emo prodavati po toj cijeni, nego \u0107emo zaokru\u017eiti na 7,30. Ne vjerujem da \u0107e se vra\u0107ati jedan cent, kao \u0161to ni sad nemate pizzu koja, recimo, stoji 54,75 kuna\u201d, ra\u010duna jedan poduzetnik.<\/p>\n\n\n\n<p><em>Izvor: narod.hr\/Ve\u010dernji list<\/em><\/p>\n","protected":false},"excerpt":{"rendered":"<p>Ve\u0107 vi\u0161e od 400 kafi\u0107a, trgovina i pekarnica u Hrvatskoj cijene ima izra\u017eene u eurima i kunama. Gostima i kupcima se jo\u0161 ne napla\u0107uje u eurima, a ve\u0107ina ih i ne primjeti da je na ra\u010dunu cijena dvojno iskazana. Ovi su trgovci, ugostitelji i pekari i prije obveznog roka, koji je odre\u0111en za 5. rujna, [&hellip;]<\/p>\n","protected":false},"author":2,"featured_media":144202,"comment_status":"closed","ping_status":"closed","sticky":false,"template":"","format":"standard","meta":{"h5ap_radio_sources":[],"footnotes":""},"categories":[1],"tags":[],"class_list":["post-144201","post","type-post","status-publish","format-standard","has-post-thumbnail","hentry","category-bihiregija"],"yoast_head":"<!-- This site is optimized with the Yoast SEO plugin v27.5 - https:\/\/yoast.com\/product\/yoast-seo-wordpress\/ -->\n<title>Ra\u010dune u kunama i eurima ve\u0107 ima vi\u0161e od 400 kafi\u0107a, trgovina i pekarnica - RADIO LJUBU\u0160KI<\/title>\n<meta name=\"robots\" content=\"index, follow, max-snippet:-1, max-image-preview:large, max-video-preview:-1\" \/>\n<link rel=\"canonical\" href=\"https:\/\/radioljubuski.ba\/index.php\/2022\/05\/26\/racune-u-kunama-i-eurima-vec-ima-vise-od-400-kafica-trgovina-i-pekarnica\/\" \/>\n<meta property=\"og:locale\" content=\"hr_HR\" \/>\n<meta property=\"og:type\" content=\"article\" \/>\n<meta property=\"og:title\" content=\"Ra\u010dune u kunama i eurima ve\u0107 ima vi\u0161e od 400 kafi\u0107a, trgovina i pekarnica - RADIO LJUBU\u0160KI\" \/>\n<meta property=\"og:description\" content=\"Ve\u0107 vi\u0161e od 400 kafi\u0107a, trgovina i pekarnica u Hrvatskoj cijene ima izra\u017eene u eurima i kunama. Gostima i kupcima se jo\u0161 ne napla\u0107uje u eurima, a ve\u0107ina ih i ne primjeti da je na ra\u010dunu cijena dvojno iskazana. Ovi su trgovci, ugostitelji i pekari i prije obveznog roka, koji je odre\u0111en za 5. rujna, [&hellip;]\" \/>\n<meta property=\"og:url\" content=\"https:\/\/radioljubuski.ba\/index.php\/2022\/05\/26\/racune-u-kunama-i-eurima-vec-ima-vise-od-400-kafica-trgovina-i-pekarnica\/\" \/>\n<meta property=\"og:site_name\" content=\"RADIO LJUBU\u0160KI\" \/>\n<meta property=\"article:publisher\" content=\"https:\/\/www.facebook.com\/Radiio-Ljubuski-1490835324566332\" \/>\n<meta property=\"article:published_time\" content=\"2022-05-26T11:48:30+00:00\" \/>\n<meta property=\"article:modified_time\" content=\"2022-05-26T11:48:32+00:00\" \/>\n<meta property=\"og:image\" content=\"https:\/\/radioljubuski.ba\/wp-content\/uploads\/2022\/05\/euro1-696x375-1.jpg\" \/>\n\t<meta property=\"og:image:width\" content=\"696\" \/>\n\t<meta property=\"og:image:height\" content=\"375\" \/>\n\t<meta property=\"og:image:type\" content=\"image\/jpeg\" \/>\n<meta name=\"author\" content=\"Radio Ljubu\u0161ki\" \/>\n<meta name=\"twitter:card\" content=\"summary_large_image\" \/>\n<meta name=\"twitter:creator\" content=\"@radioljubuski\" \/>\n<meta name=\"twitter:site\" content=\"@radioljubuski\" \/>\n<meta name=\"twitter:label1\" content=\"Napisao\/la\" \/>\n\t<meta name=\"twitter:data1\" content=\"Radio Ljubu\u0161ki\" \/>\n\t<meta name=\"twitter:label2\" content=\"Procijenjeno vrijeme \u010ditanja\" \/>\n\t<meta name=\"twitter:data2\" content=\"3 minute\" \/>\n<script type=\"application\/ld+json\" class=\"yoast-schema-graph\">{\"@context\":\"https:\\\/\\\/schema.org\",\"@graph\":[{\"@type\":\"Article\",\"@id\":\"https:\\\/\\\/radioljubuski.ba\\\/index.php\\\/2022\\\/05\\\/26\\\/racune-u-kunama-i-eurima-vec-ima-vise-od-400-kafica-trgovina-i-pekarnica\\\/#article\",\"isPartOf\":{\"@id\":\"https:\\\/\\\/radioljubuski.ba\\\/index.php\\\/2022\\\/05\\\/26\\\/racune-u-kunama-i-eurima-vec-ima-vise-od-400-kafica-trgovina-i-pekarnica\\\/\"},\"author\":{\"name\":\"Radio Ljubu\u0161ki\",\"@id\":\"https:\\\/\\\/radioljubuski.ba\\\/#\\\/schema\\\/person\\\/19fc700381a780f69665d7956c469e3b\"},\"headline\":\"Ra\u010dune u kunama i eurima ve\u0107 ima vi\u0161e od 400 kafi\u0107a, trgovina i pekarnica\",\"datePublished\":\"2022-05-26T11:48:30+00:00\",\"dateModified\":\"2022-05-26T11:48:32+00:00\",\"mainEntityOfPage\":{\"@id\":\"https:\\\/\\\/radioljubuski.ba\\\/index.php\\\/2022\\\/05\\\/26\\\/racune-u-kunama-i-eurima-vec-ima-vise-od-400-kafica-trgovina-i-pekarnica\\\/\"},\"wordCount\":760,\"publisher\":{\"@id\":\"https:\\\/\\\/radioljubuski.ba\\\/#organization\"},\"image\":{\"@id\":\"https:\\\/\\\/radioljubuski.ba\\\/index.php\\\/2022\\\/05\\\/26\\\/racune-u-kunama-i-eurima-vec-ima-vise-od-400-kafica-trgovina-i-pekarnica\\\/#primaryimage\"},\"thumbnailUrl\":\"https:\\\/\\\/radioljubuski.ba\\\/wp-content\\\/uploads\\\/2022\\\/05\\\/euro1-696x375-1.jpg\",\"articleSection\":[\"BIH i regija\"],\"inLanguage\":\"hr\"},{\"@type\":\"WebPage\",\"@id\":\"https:\\\/\\\/radioljubuski.ba\\\/index.php\\\/2022\\\/05\\\/26\\\/racune-u-kunama-i-eurima-vec-ima-vise-od-400-kafica-trgovina-i-pekarnica\\\/\",\"url\":\"https:\\\/\\\/radioljubuski.ba\\\/index.php\\\/2022\\\/05\\\/26\\\/racune-u-kunama-i-eurima-vec-ima-vise-od-400-kafica-trgovina-i-pekarnica\\\/\",\"name\":\"Ra\u010dune u kunama i eurima ve\u0107 ima vi\u0161e od 400 kafi\u0107a, trgovina i pekarnica - RADIO LJUBU\u0160KI\",\"isPartOf\":{\"@id\":\"https:\\\/\\\/radioljubuski.ba\\\/#website\"},\"primaryImageOfPage\":{\"@id\":\"https:\\\/\\\/radioljubuski.ba\\\/index.php\\\/2022\\\/05\\\/26\\\/racune-u-kunama-i-eurima-vec-ima-vise-od-400-kafica-trgovina-i-pekarnica\\\/#primaryimage\"},\"image\":{\"@id\":\"https:\\\/\\\/radioljubuski.ba\\\/index.php\\\/2022\\\/05\\\/26\\\/racune-u-kunama-i-eurima-vec-ima-vise-od-400-kafica-trgovina-i-pekarnica\\\/#primaryimage\"},\"thumbnailUrl\":\"https:\\\/\\\/radioljubuski.ba\\\/wp-content\\\/uploads\\\/2022\\\/05\\\/euro1-696x375-1.jpg\",\"datePublished\":\"2022-05-26T11:48:30+00:00\",\"dateModified\":\"2022-05-26T11:48:32+00:00\",\"breadcrumb\":{\"@id\":\"https:\\\/\\\/radioljubuski.ba\\\/index.php\\\/2022\\\/05\\\/26\\\/racune-u-kunama-i-eurima-vec-ima-vise-od-400-kafica-trgovina-i-pekarnica\\\/#breadcrumb\"},\"inLanguage\":\"hr\",\"potentialAction\":[{\"@type\":\"ReadAction\",\"target\":[\"https:\\\/\\\/radioljubuski.ba\\\/index.php\\\/2022\\\/05\\\/26\\\/racune-u-kunama-i-eurima-vec-ima-vise-od-400-kafica-trgovina-i-pekarnica\\\/\"]}]},{\"@type\":\"ImageObject\",\"inLanguage\":\"hr\",\"@id\":\"https:\\\/\\\/radioljubuski.ba\\\/index.php\\\/2022\\\/05\\\/26\\\/racune-u-kunama-i-eurima-vec-ima-vise-od-400-kafica-trgovina-i-pekarnica\\\/#primaryimage\",\"url\":\"https:\\\/\\\/radioljubuski.ba\\\/wp-content\\\/uploads\\\/2022\\\/05\\\/euro1-696x375-1.jpg\",\"contentUrl\":\"https:\\\/\\\/radioljubuski.ba\\\/wp-content\\\/uploads\\\/2022\\\/05\\\/euro1-696x375-1.jpg\",\"width\":696,\"height\":375},{\"@type\":\"BreadcrumbList\",\"@id\":\"https:\\\/\\\/radioljubuski.ba\\\/index.php\\\/2022\\\/05\\\/26\\\/racune-u-kunama-i-eurima-vec-ima-vise-od-400-kafica-trgovina-i-pekarnica\\\/#breadcrumb\",\"itemListElement\":[{\"@type\":\"ListItem\",\"position\":1,\"name\":\"Po\u010detna stranica\",\"item\":\"https:\\\/\\\/radioljubuski.ba\\\/\"},{\"@type\":\"ListItem\",\"position\":2,\"name\":\"Ra\u010dune u kunama i eurima ve\u0107 ima vi\u0161e od 400 kafi\u0107a, trgovina i pekarnica\"}]},{\"@type\":\"WebSite\",\"@id\":\"https:\\\/\\\/radioljubuski.ba\\\/#website\",\"url\":\"https:\\\/\\\/radioljubuski.ba\\\/\",\"name\":\"Radio Ljubu\u0161ki\",\"description\":\"Sun\u010dana frekvencija Hercegovine\",\"publisher\":{\"@id\":\"https:\\\/\\\/radioljubuski.ba\\\/#organization\"},\"potentialAction\":[{\"@type\":\"SearchAction\",\"target\":{\"@type\":\"EntryPoint\",\"urlTemplate\":\"https:\\\/\\\/radioljubuski.ba\\\/?s={search_term_string}\"},\"query-input\":{\"@type\":\"PropertyValueSpecification\",\"valueRequired\":true,\"valueName\":\"search_term_string\"}}],\"inLanguage\":\"hr\"},{\"@type\":\"Organization\",\"@id\":\"https:\\\/\\\/radioljubuski.ba\\\/#organization\",\"name\":\"Radio Ljubu\u0161ki\",\"url\":\"https:\\\/\\\/radioljubuski.ba\\\/\",\"logo\":{\"@type\":\"ImageObject\",\"inLanguage\":\"hr\",\"@id\":\"https:\\\/\\\/radioljubuski.ba\\\/#\\\/schema\\\/logo\\\/image\\\/\",\"url\":\"https:\\\/\\\/radioljubuski.ba\\\/wp-content\\\/uploads\\\/2021\\\/02\\\/cropped-Radio_Ljubuski_logo1.jpg\",\"contentUrl\":\"https:\\\/\\\/radioljubuski.ba\\\/wp-content\\\/uploads\\\/2021\\\/02\\\/cropped-Radio_Ljubuski_logo1.jpg\",\"width\":512,\"height\":512,\"caption\":\"Radio Ljubu\u0161ki\"},\"image\":{\"@id\":\"https:\\\/\\\/radioljubuski.ba\\\/#\\\/schema\\\/logo\\\/image\\\/\"},\"sameAs\":[\"https:\\\/\\\/www.facebook.com\\\/Radiio-Ljubuski-1490835324566332\",\"https:\\\/\\\/x.com\\\/radioljubuski\",\"https:\\\/\\\/hr.linkedin.com\\\/company\\\/radio-ljubuski\",\"https:\\\/\\\/www.youtube.com\\\/channel\\\/UCHYaeO_n0Db3tjNGudGpXyw\"]},{\"@type\":\"Person\",\"@id\":\"https:\\\/\\\/radioljubuski.ba\\\/#\\\/schema\\\/person\\\/19fc700381a780f69665d7956c469e3b\",\"name\":\"Radio Ljubu\u0161ki\"}]}<\/script>\n<!-- \/ Yoast SEO plugin. -->","yoast_head_json":{"title":"Ra\u010dune u kunama i eurima ve\u0107 ima vi\u0161e od 400 kafi\u0107a, trgovina i pekarnica - RADIO LJUBU\u0160KI","robots":{"index":"index","follow":"follow","max-snippet":"max-snippet:-1","max-image-preview":"max-image-preview:large","max-video-preview":"max-video-preview:-1"},"canonical":"https:\/\/radioljubuski.ba\/index.php\/2022\/05\/26\/racune-u-kunama-i-eurima-vec-ima-vise-od-400-kafica-trgovina-i-pekarnica\/","og_locale":"hr_HR","og_type":"article","og_title":"Ra\u010dune u kunama i eurima ve\u0107 ima vi\u0161e od 400 kafi\u0107a, trgovina i pekarnica - RADIO LJUBU\u0160KI","og_description":"Ve\u0107 vi\u0161e od 400 kafi\u0107a, trgovina i pekarnica u Hrvatskoj cijene ima izra\u017eene u eurima i kunama. Gostima i kupcima se jo\u0161 ne napla\u0107uje u eurima, a ve\u0107ina ih i ne primjeti da je na ra\u010dunu cijena dvojno iskazana. Ovi su trgovci, ugostitelji i pekari i prije obveznog roka, koji je odre\u0111en za 5. rujna, [&hellip;]","og_url":"https:\/\/radioljubuski.ba\/index.php\/2022\/05\/26\/racune-u-kunama-i-eurima-vec-ima-vise-od-400-kafica-trgovina-i-pekarnica\/","og_site_name":"RADIO LJUBU\u0160KI","article_publisher":"https:\/\/www.facebook.com\/Radiio-Ljubuski-1490835324566332","article_published_time":"2022-05-26T11:48:30+00:00","article_modified_time":"2022-05-26T11:48:32+00:00","og_image":[{"width":696,"height":375,"url":"https:\/\/radioljubuski.ba\/wp-content\/uploads\/2022\/05\/euro1-696x375-1.jpg","type":"image\/jpeg"}],"author":"Radio Ljubu\u0161ki","twitter_card":"summary_large_image","twitter_creator":"@radioljubuski","twitter_site":"@radioljubuski","twitter_misc":{"Napisao\/la":"Radio Ljubu\u0161ki","Procijenjeno vrijeme \u010ditanja":"3 minute"},"schema":{"@context":"https:\/\/schema.org","@graph":[{"@type":"Article","@id":"https:\/\/radioljubuski.ba\/index.php\/2022\/05\/26\/racune-u-kunama-i-eurima-vec-ima-vise-od-400-kafica-trgovina-i-pekarnica\/#article","isPartOf":{"@id":"https:\/\/radioljubuski.ba\/index.php\/2022\/05\/26\/racune-u-kunama-i-eurima-vec-ima-vise-od-400-kafica-trgovina-i-pekarnica\/"},"author":{"name":"Radio Ljubu\u0161ki","@id":"https:\/\/radioljubuski.ba\/#\/schema\/person\/19fc700381a780f69665d7956c469e3b"},"headline":"Ra\u010dune u kunama i eurima ve\u0107 ima vi\u0161e od 400 kafi\u0107a, trgovina i pekarnica","datePublished":"2022-05-26T11:48:30+00:00","dateModified":"2022-05-26T11:48:32+00:00","mainEntityOfPage":{"@id":"https:\/\/radioljubuski.ba\/index.php\/2022\/05\/26\/racune-u-kunama-i-eurima-vec-ima-vise-od-400-kafica-trgovina-i-pekarnica\/"},"wordCount":760,"publisher":{"@id":"https:\/\/radioljubuski.ba\/#organization"},"image":{"@id":"https:\/\/radioljubuski.ba\/index.php\/2022\/05\/26\/racune-u-kunama-i-eurima-vec-ima-vise-od-400-kafica-trgovina-i-pekarnica\/#primaryimage"},"thumbnailUrl":"https:\/\/radioljubuski.ba\/wp-content\/uploads\/2022\/05\/euro1-696x375-1.jpg","articleSection":["BIH i regija"],"inLanguage":"hr"},{"@type":"WebPage","@id":"https:\/\/radioljubuski.ba\/index.php\/2022\/05\/26\/racune-u-kunama-i-eurima-vec-ima-vise-od-400-kafica-trgovina-i-pekarnica\/","url":"https:\/\/radioljubuski.ba\/index.php\/2022\/05\/26\/racune-u-kunama-i-eurima-vec-ima-vise-od-400-kafica-trgovina-i-pekarnica\/","name":"Ra\u010dune u kunama i eurima ve\u0107 ima vi\u0161e od 400 kafi\u0107a, trgovina i pekarnica - RADIO LJUBU\u0160KI","isPartOf":{"@id":"https:\/\/radioljubuski.ba\/#website"},"primaryImageOfPage":{"@id":"https:\/\/radioljubuski.ba\/index.php\/2022\/05\/26\/racune-u-kunama-i-eurima-vec-ima-vise-od-400-kafica-trgovina-i-pekarnica\/#primaryimage"},"image":{"@id":"https:\/\/radioljubuski.ba\/index.php\/2022\/05\/26\/racune-u-kunama-i-eurima-vec-ima-vise-od-400-kafica-trgovina-i-pekarnica\/#primaryimage"},"thumbnailUrl":"https:\/\/radioljubuski.ba\/wp-content\/uploads\/2022\/05\/euro1-696x375-1.jpg","datePublished":"2022-05-26T11:48:30+00:00","dateModified":"2022-05-26T11:48:32+00:00","breadcrumb":{"@id":"https:\/\/radioljubuski.ba\/index.php\/2022\/05\/26\/racune-u-kunama-i-eurima-vec-ima-vise-od-400-kafica-trgovina-i-pekarnica\/#breadcrumb"},"inLanguage":"hr","potentialAction":[{"@type":"ReadAction","target":["https:\/\/radioljubuski.ba\/index.php\/2022\/05\/26\/racune-u-kunama-i-eurima-vec-ima-vise-od-400-kafica-trgovina-i-pekarnica\/"]}]},{"@type":"ImageObject","inLanguage":"hr","@id":"https:\/\/radioljubuski.ba\/index.php\/2022\/05\/26\/racune-u-kunama-i-eurima-vec-ima-vise-od-400-kafica-trgovina-i-pekarnica\/#primaryimage","url":"https:\/\/radioljubuski.ba\/wp-content\/uploads\/2022\/05\/euro1-696x375-1.jpg","contentUrl":"https:\/\/radioljubuski.ba\/wp-content\/uploads\/2022\/05\/euro1-696x375-1.jpg","width":696,"height":375},{"@type":"BreadcrumbList","@id":"https:\/\/radioljubuski.ba\/index.php\/2022\/05\/26\/racune-u-kunama-i-eurima-vec-ima-vise-od-400-kafica-trgovina-i-pekarnica\/#breadcrumb","itemListElement":[{"@type":"ListItem","position":1,"name":"Po\u010detna stranica","item":"https:\/\/radioljubuski.ba\/"},{"@type":"ListItem","position":2,"name":"Ra\u010dune u kunama i eurima ve\u0107 ima vi\u0161e od 400 kafi\u0107a, trgovina i pekarnica"}]},{"@type":"WebSite","@id":"https:\/\/radioljubuski.ba\/#website","url":"https:\/\/radioljubuski.ba\/","name":"Radio Ljubu\u0161ki","description":"Sun\u010dana frekvencija Hercegovine","publisher":{"@id":"https:\/\/radioljubuski.ba\/#organization"},"potentialAction":[{"@type":"SearchAction","target":{"@type":"EntryPoint","urlTemplate":"https:\/\/radioljubuski.ba\/?s={search_term_string}"},"query-input":{"@type":"PropertyValueSpecification","valueRequired":true,"valueName":"search_term_string"}}],"inLanguage":"hr"},{"@type":"Organization","@id":"https:\/\/radioljubuski.ba\/#organization","name":"Radio Ljubu\u0161ki","url":"https:\/\/radioljubuski.ba\/","logo":{"@type":"ImageObject","inLanguage":"hr","@id":"https:\/\/radioljubuski.ba\/#\/schema\/logo\/image\/","url":"https:\/\/radioljubuski.ba\/wp-content\/uploads\/2021\/02\/cropped-Radio_Ljubuski_logo1.jpg","contentUrl":"https:\/\/radioljubuski.ba\/wp-content\/uploads\/2021\/02\/cropped-Radio_Ljubuski_logo1.jpg","width":512,"height":512,"caption":"Radio Ljubu\u0161ki"},"image":{"@id":"https:\/\/radioljubuski.ba\/#\/schema\/logo\/image\/"},"sameAs":["https:\/\/www.facebook.com\/Radiio-Ljubuski-1490835324566332","https:\/\/x.com\/radioljubuski","https:\/\/hr.linkedin.com\/company\/radio-ljubuski","https:\/\/www.youtube.com\/channel\/UCHYaeO_n0Db3tjNGudGpXyw"]},{"@type":"Person","@id":"https:\/\/radioljubuski.ba\/#\/schema\/person\/19fc700381a780f69665d7956c469e3b","name":"Radio Ljubu\u0161ki"}]}},"_links":{"self":[{"href":"https:\/\/radioljubuski.ba\/index.php\/wp-json\/wp\/v2\/posts\/144201","targetHints":{"allow":["GET"]}}],"collection":[{"href":"https:\/\/radioljubuski.ba\/index.php\/wp-json\/wp\/v2\/posts"}],"about":[{"href":"https:\/\/radioljubuski.ba\/index.php\/wp-json\/wp\/v2\/types\/post"}],"author":[{"embeddable":true,"href":"https:\/\/radioljubuski.ba\/index.php\/wp-json\/wp\/v2\/users\/2"}],"replies":[{"embeddable":true,"href":"https:\/\/radioljubuski.ba\/index.php\/wp-json\/wp\/v2\/comments?post=144201"}],"version-history":[{"count":1,"href":"https:\/\/radioljubuski.ba\/index.php\/wp-json\/wp\/v2\/posts\/144201\/revisions"}],"predecessor-version":[{"id":144203,"href":"https:\/\/radioljubuski.ba\/index.php\/wp-json\/wp\/v2\/posts\/144201\/revisions\/144203"}],"wp:featuredmedia":[{"embeddable":true,"href":"https:\/\/radioljubuski.ba\/index.php\/wp-json\/wp\/v2\/media\/144202"}],"wp:attachment":[{"href":"https:\/\/radioljubuski.ba\/index.php\/wp-json\/wp\/v2\/media?parent=144201"}],"wp:term":[{"taxonomy":"category","embeddable":true,"href":"https:\/\/radioljubuski.ba\/index.php\/wp-json\/wp\/v2\/categories?post=144201"},{"taxonomy":"post_tag","embeddable":true,"href":"https:\/\/radioljubuski.ba\/index.php\/wp-json\/wp\/v2\/tags?post=144201"}],"curies":[{"name":"wp","href":"https:\/\/api.w.org\/{rel}","templated":true}]}}