{"id":144204,"date":"2022-05-26T12:50:50","date_gmt":"2022-05-26T11:50:50","guid":{"rendered":"https:\/\/radioljubuski.ba\/?p=144204"},"modified":"2022-05-26T12:50:50","modified_gmt":"2022-05-26T11:50:50","slug":"raskrinkan-povjesnicar-koji-manipulira-s-podatcima-o-jasenovcu-njemacka-mu-oduzela-odlikovanje-izrael-ga-demantira","status":"publish","type":"post","link":"https:\/\/radioljubuski.ba\/index.php\/2022\/05\/26\/raskrinkan-povjesnicar-koji-manipulira-s-podatcima-o-jasenovcu-njemacka-mu-oduzela-odlikovanje-izrael-ga-demantira\/","title":{"rendered":"Raskrinkan povjesni\u010dar koji manipulira s podatcima o Jasenovcu: Njema\u010dka mu oduzela odlikovanje, Izrael ga demantira"},"content":{"rendered":"\n<p>U Ujedinjenim narodima u New Yorku 2018. godine je otvorena izlo\u017eba pod nazivom \u201cJasenovcu pravo na nezaborav\u201c, u sklopu Me\u0111unarodnog dana sje\u0107anja na \u017ertve Holokausta. Hrvatska je tada isticala da se radi o falsificiranoj povijesti, a kustos izlo\u017ebe je bio povjesni\u010dar Gideon Greif, do tada poznat po protivljenju kanonizacije Alojzija Stepinca.<\/p>\n\n\n\n<p>Od tada je javnost saznala da su iza izlo\u017ebe stajali napori srpskog Ministarstva vanjskih poslova, te da je Grief intenzivno sura\u0111ivao sa srpskim institucijama, pa \u010dak i s njima potpisivao ugovore, \u010diji su rezultati bili stvaranje materijala poput knjiga, u kojima se govori o navodnim velikim stradanjima Srba tijekom 2. svjetskog rata.<\/p>\n\n\n\n<p>Ovog mjeseca izraelski medij <a href=\"https:\/\/www.haaretz.com\/israel-news\/.premium-israeli-accused-of-whitewashing-srebrenica-now-accused-of-holocaust-distortion-1.10793572\">Haaretz<\/a> objavio je op\u0161iran tekst o Greifu u kojemu je detaljno prikazan njegov odnos sa srpskim vlastima kao i vi\u0161estruki demantiji njegovog broja \u017ertava u Jasenovcu.<\/p>\n\n\n\n<p>U nastavku prenosimo tekst objavljen pod naslovom: \u201cIzraelski povjesni\u010dar optu\u017een za izbjeljivanje Srebrenice sada se suo\u010dava s optu\u017ebama za iskrivljavanje holokausta\u201d.<\/p>\n\n\n\n<h3 class=\"wp-block-heading\"><strong>Prije \u0161est mjeseci,Gideon Greif je bio na vrhu svijeta<\/strong><\/h3>\n\n\n\n<p>\u201cPrije \u0161est mjeseci, prof. Gideon Greif bio je na vrhu svijeta.<\/p>\n\n\n\n<p>Cijenjeni istra\u017eiva\u010d holokausta, trebao je dobiti najvi\u0161e njema\u010dko civilno odlikovanje za svoje istra\u017eivanje o Sonderkommandosima, \u017eidovskim zatvorenicima koji su bili prisiljeni odlagati tijela u nacisti\u010dkim logorima smrti. Godinama ranije njegovo je istra\u017eivanje adaptirano u nagra\u0111ivani igrani film \u201cSaulov sin\u201d.<\/p>\n\n\n\n<p>No, civilno odlikovanje u Njema\u010dkoj ubrzo je poni\u0161tena zbog optu\u017ebi da je Greif poricao genocid koji je poku\u0161ao negirati da su snage bosanskih Srba ubili 8.000 mu\u0161karaca i dje\u010daka bosanskih Muslimana u Srebrenici u srpnju 1995. godine.<\/p>\n\n\n\n<p>Sada se 71-godi\u0161nji znanstvenik, koji je ove godine najavio planove za reviziju kontroverznog izvje\u0161\u0107a o ratnim zlo\u010dinima koje je suautor napisao u ime srpskih nacionalista, ponovno suo\u010dava s optu\u017ebama da je \u017ertvovao povijesnu to\u010dnost kako bi oja\u010dao nacionalisti\u010dki narativ.<\/p>\n\n\n\n<p>Navodno je pove\u0107ao broj poginulih u Jasenovcu, hrvatskom logoru smrti u kojem je, prema podacima Memorijalnog muzeja holokausta Sjedinjenih Dr\u017eava, usta\u0161ki re\u017eim saveznika Njema\u010dke ubio izme\u0111u 77.000 i 99.000 ljudi tijekom holokausta.<\/p>\n\n\n\n<p>Kontroverza se odnosi na Greifovu suradnju sa srbijanskom vladom na izradi izlo\u017ebe, a kasnije i knjige o Jasenovcu. Prema Greifu, najmanje 700.000 ljudi je umrlo u logoru, \u0161to je brojka koju su suvremeni znanstvenici odbacili i koju su promovirali srpski nacionalisti.<\/p>\n\n\n\n<h3 class=\"wp-block-heading\"><strong>I izlo\u017eba i knjiga slijedili su niz sporazuma o suradnji sa srpskim institucijama<\/strong><\/h3>\n\n\n\n<p>I izlo\u017eba i knjiga slijedili su niz sporazuma o suradnji koje je uz posredovanje Ministarstva vanjskih poslova Srbije potpisao Greif 2016. i 2017. u ime dvije grupe s kojima je bio povezan, me\u0111unarodne grupe stru\u010dnjaka \u201cGH7-Stop revizionizmu\u201d i \u201cShema Olama\u201d, izraelski institut za obrazovanje i istra\u017eivanje holokausta. Srbijanski potpisnici bili su skupine civilnog dru\u0161tva i Ministarstvo obrazovanja.<\/p>\n\n\n\n<p>Rezultat je bila izlo\u017eba UN-a o Jasenovcu 2018. koju je kustosirao Greif i sponzoriralo srbijansko Ministarstvo vanjskih poslova. Ubrzo je uslijedila knjiga na vi\u0161e od 700 stranica \u201cJasenovac: Auschwitz na Balkanu\u201d, gdje je Greif rekao da su njegovi napori dio \u201csrpsko-\u017eidovskog bastiona protiv revizionizma\u201d.<\/p>\n\n\n\n<p>Greif je u knjizi zasluge za svoj prvi susret sa Srbima dao du\u017enosniku izraelskog Ministarstva vanjskih poslova te je naveo da je izraelski veleposlanik u Beogradu bio prisutan kada je u ime \u201cShem Olama\u201d potpisao memorandum o razumijevanju s Beogradom.<\/p>\n\n\n\n<p>Greif je tvrdio da su hrvatske usta\u0161e \u010dak nadma\u0161ile njema\u010dke naciste u svojoj zlo\u0107i i krvo\u017eednosti, suprotstavljaju\u0107i statistiku o Auschwitzu i Jasenovcu na naslovnim stranicama i nagla\u0161avaju\u0107i razli\u010dite procjene broja poginulih na na\u010din koji se \u010dini da izjedna\u010dava dva logora.<\/p>\n\n\n\n<p>Citirao je i procjene da bi broj poginulih u Jasenovcu, gdje su ve\u0107ina \u017ertava bili etni\u010dki Srbi, mogao biti \u010dak 1,4 milijuna, prema\u0161iv\u0161i \u010dak i Auschwitz, iako je broj koji je promovirao u nizu medijskih istupa znatno manji.<\/p>\n\n\n\n<p>\u201cRekao bih da je minimalni broj 700.000, a mo\u017eda i vi\u0161e\u201d, rekao je na srpskoj televiziji 2019. \u201cDakle, ovo je po\u010detni broj. Mo\u017eda oko 800.000 Srba, 40.000 \u017didova.\u201d<\/p>\n\n\n\n<h3 class=\"wp-block-heading\"><strong>Srpski narativ i demantij moderne znanosti<\/strong><\/h3>\n\n\n\n<p>Ali ovu je procjenu diskreditirala moderna znanost, rekao je povjesni\u010dar Yad Vashema Rob Rozett, koji je dodao da se Greifova procjena temelji na napuhanim brojkama koje je proizvela komunisti\u010dka jugoslavenska vlada nakon Drugog svjetskog rata.<\/p>\n\n\n\n<p>Znanstvena zajednica, uklju\u010duju\u0107i Yad Vashem, \u201codbacila je te brojke\u201d, a Greifovi zaklju\u010dci \u201csu daleko izvan onoga \u0161to znanstvenici ovih dana smatraju legitimnom raspravom\u201d, rekao je Rozett.<\/p>\n\n\n\n<p>Ernest Herzog, direktor operacija Svjetskog \u017eidovskog kongresa ro\u0111en u Beogradu, prisjetio se posjeta Greifa 2019. gdje je povjesni\u010dar poku\u0161ao pridobiti podr\u0161ku Kongresa za doga\u0111aj Jasenovac u Jeruzalemu. Herzog je rekao da je odbio ponudu jer vjeruje da je Greif samo predstavio \u201csrpski nacionalisti\u010dki narativ\u201d.<\/p>\n\n\n\n<p>\u201cNisam bio siguran da je svjestan u \u0161to se upu\u0161ta\u201d, rekao je Herzog. \u201cNije da ja mislim da je nekakav varalica, ali samo mislim da je zavr\u0161io na krivoj strani povijesti \u0161to se ovoga ti\u010de jer na Jasenovcu nije istra\u017eio sve puteve i istra\u017eivao, a potpuno je odbacio sav rad ra\u0111en 80-ih i 90-ih.\u201d<\/p>\n\n\n\n<h3 class=\"wp-block-heading\"><strong>\u010cak se i Zuroff ne sla\u017ee s Gideonom<\/strong><\/h3>\n\n\n\n<p>Efraim Zuroff iz Centra Simon Wiesenthal, koji se u Greifovoj knjizi spominje kao stru\u010dnjak, imao je druga\u010dije mi\u0161ljenje.<\/p>\n\n\n\n<p>Osvr\u0107u\u0107i se na odlikovanja koje je Greif dobio od Srbije \u2013 uklju\u010duju\u0107i zlatnu medalju za zasluge u zemlji 2019. \u2013 Zuroff je rekao da, iako nije mogao identificirati Greifove motive, \u201e\u010dini se jasnim da je dobio nagrade razli\u010ditih vrsta i mo\u017eda su te nagrade motivirale da proizvodi robu kakvu \u017eele vidjeti ljudi koji su mu dali nagrade.<\/p>\n\n\n\n<p>\u201cPitanje je \u0161to ste spremni u\u010diniti da dobijete te nagrade\u201d, rekao je Zuroff, dodaju\u0107i da je \u201ctu\u017eno vidjeti \u0161to se dogodilo ovoj osobi\u201d.<\/p>\n\n\n\n<p>Sa svoje strane, Greif je izgledao razjaren kritikama na njegov ra\u010dun, po\u017ealiv\u0161i se u izjavi za Haaretz na \u201copako poticanje\u201d i \u201cteroristi\u010dki pritisak\u201d za koji je rekao da uklju\u010duje 23 prijetnje smr\u0107u posljednjih godina.<\/p>\n\n\n\n<p>\u201cNe poznajem ijednog povjesni\u010dara u cijelom svijetu koji \u017eivi u sjeni prijetnji smr\u0107u samo zato \u0161to iznosi svoje mi\u0161ljenje\u201d, ustvrdio je Greif i dodao da njegovo istra\u017eivanje o Jasenovcu nije dio ugovora o suradnji koje je potpisao, a koji su \u201cstandardni ugovori za akademsku, obrazovnu, pedago\u0161ku i istra\u017eiva\u010dku suradnju\u201d.<\/p>\n\n\n\n<p>Njegove knjige \u201cnije financirao nijedan ured srpske vlade, i nitko osim mene nije imao utjecaja na njihov sadr\u017eaj\u201d, tvrdi. \u201cNisam primio nikakvu uplatu, niti jedan \u0161ekel, niti jedan euro, niti jedan dolar.\u201d<\/p>\n\n\n\n<h3 class=\"wp-block-heading\"><strong>Odbacivanje brojke od 1.4 milijuna \u017ertava<\/strong><\/h3>\n\n\n\n<p>Odbacuju\u0107i broj od 1,4 milijuna \u017ertava kao nerealan, Greif je rekao da \u201cstatisti\u010dka pitanja poput broja \u017ertava manje ti\u010du \u200b\u200bi da su za mene sekundarna, prije svega zato \u0161to je moja pa\u017enja posve\u0107ena svijetu \u017ertve\u201d. Rekao je da je svoj rad temeljio na brojnim djelima koje je prije nekoliko desetlje\u0107a objavio Yad Vashem, a koje smatra \u201cnajpouzdanijim i najutvr\u0111enijim izvorima\u201d.<\/p>\n\n\n\n<p>Dodao je: \u201cNemam interesa smanjiti ili pove\u0107ati broj ubojstava u Jasenovcu. Poku\u0161avam odabrati \u0161to realisti\u010dnije i najvjerodostojnije podatke koji su mi dostupni.\u201d<\/p>\n\n\n\n<p>Jedan izvor koji je spomenuo bio je Memorijalni muzej holokausta Sjedinjenih Dr\u017eava, za koji je rekao da je broj poginulih u Jasenovcu iznosio 500.000.<\/p>\n\n\n\n<p>Emil Kerenji, znanstvenik iz muzeja, rekao je da je u hrvatskom logoru ubijeno izme\u0111u 77.000 i 99.000 ljudi, \u0161to je broj u skladu s procjenom Ive Pejakovi\u0107a, voditelja spomen-podru\u010dja Jasenovac u Hrvatskoj. Rekao je da njegova baza podataka trenutno sadr\u017ei imena preko 83.000 \u017ertava.<\/p>\n\n\n\n<h3 class=\"wp-block-heading\"><strong>Izraelsko Ministarstvo vanjskih poslova ga se ne sje\u0107a<\/strong><\/h3>\n\n\n\n<p>\u201cDr. Greif nije radio nikakvo istra\u017eivanje o broju \u017ertava logora Jasenovac. Koliko sam shvatio, on je jednostavno citirao procjenu od 700.000 ili vi\u0161e \u017ertava, \u0161to su bile slu\u017ebene brojke \u017ertava u vrijeme Jugoslavije\u201d, napisao je Pejakovi\u0107 u mailu.<\/p>\n\n\n\n<p>\u201cTako je zanemario sva nova istra\u017eivanja koja su ra\u0111ena posljednjih godina i desetlje\u0107a. Ne postoji metodologija ili istra\u017eivanje koje bismo mogli komentirati.\u201d Ono Academic College, gdje Greif predaje povijest, distancirao se od kontroverzne knjige znanstvenika o Jasenovcu. U priop\u0107enju je navedeno da iako se njegov logo pojavio na naslovnici Greifove knjige, on nema nikakve veze s tim.<\/p>\n\n\n\n<p>U me\u0111uvremenu je izraelski du\u017enosnik osporio Greifovu tvrdnju da mu je Ministarstvo vanjskih poslova omogu\u0107ilo sklapanje sporazuma o suradnji s Beogradom.<\/p>\n\n\n\n<p>\u201cNe sje\u0107amo se da smo ga ikada doveli u vezu sa Srbima\u201d, rekao je du\u017enosnik\u201d, zavr\u0161ava \u010dlanak objavljen u <a href=\"https:\/\/www.haaretz.com\/israel-news\/.premium-israeli-accused-of-whitewashing-srebrenica-now-accused-of-holocaust-distortion-1.10793572\">Haaretzu<\/a>.<\/p>\n\n\n\n<h3 class=\"wp-block-heading\"><strong>Diskreditirana izlo\u017eba o Jasenovcu, bila je najve\u0107a do sada<\/strong><\/h3>\n\n\n\n<p>Ina\u010de, 2016. u New Yorku je odr\u017eana 15. konferencija o Jasenovcu u organizaciji Jasenovac Research Institut (Institut za istra\u017eivanje Jasenovca), na kojem je sudjelovao Gideon Grief kao povjesni\u010dar i na kojem su govorile \u017ertve Jasenovca koje \u017eive u Americi.<\/p>\n\n\n\n<p>Prema newyor\u0161kom popisu Jasenovac Research Instituta u tom je logoru bilo oko 650.000 \u017ertava. Prema dostupnim informacijama, iza tog Instituta nalazi se biv\u0161i diplomat SFRJ dr. Milan Bulaji\u0107, dugogodi\u0161nji rukovoditelj Muzeja genocida u Beogradu i predsjednik Srpskog Fonda za istra\u017eivanje genocida, navodi Robert Frank u Novom listu.<\/p>\n\n\n\n<p>Godine 2017. Grief je napravio izlo\u017ebu u New Jerseyju i to u suradnji s Emirom Kusturicom, predstavnicima Srba i \u017didova koji su pre\u017eivjeli koncentracijski logor u Jasenovcu i predstavnicima srpske vlade.<\/p>\n\n\n\n<p>Njegova izlo\u017eba u UN-u koja je sada u potpunosti diskreditirana je bila najve\u0107a svjetska izlo\u017eba o Jasenovcu postavljena sa sedam tona opreme i eksponata.<\/p>\n\n\n\n<p><em>Izvor: narod.hr\/haaretz.com<\/em><\/p>\n","protected":false},"excerpt":{"rendered":"<p>U Ujedinjenim narodima u New Yorku 2018. godine je otvorena izlo\u017eba pod nazivom \u201cJasenovcu pravo na nezaborav\u201c, u sklopu Me\u0111unarodnog dana sje\u0107anja na \u017ertve Holokausta. Hrvatska je tada isticala da se radi o falsificiranoj povijesti, a kustos izlo\u017ebe je bio povjesni\u010dar Gideon Greif, do tada poznat po protivljenju kanonizacije Alojzija Stepinca. Od tada je javnost [&hellip;]<\/p>\n","protected":false},"author":2,"featured_media":144205,"comment_status":"closed","ping_status":"closed","sticky":false,"template":"","format":"standard","meta":{"h5ap_radio_sources":[],"footnotes":""},"categories":[1],"tags":[],"class_list":["post-144204","post","type-post","status-publish","format-standard","has-post-thumbnail","hentry","category-bihiregija"],"yoast_head":"<!-- This site is optimized with the Yoast SEO plugin v27.5 - https:\/\/yoast.com\/product\/yoast-seo-wordpress\/ -->\n<title>Raskrinkan povjesni\u010dar koji manipulira s podatcima o Jasenovcu: Njema\u010dka mu oduzela odlikovanje, Izrael ga demantira - RADIO LJUBU\u0160KI<\/title>\n<meta name=\"robots\" content=\"index, follow, max-snippet:-1, max-image-preview:large, max-video-preview:-1\" \/>\n<link rel=\"canonical\" href=\"https:\/\/radioljubuski.ba\/index.php\/2022\/05\/26\/raskrinkan-povjesnicar-koji-manipulira-s-podatcima-o-jasenovcu-njemacka-mu-oduzela-odlikovanje-izrael-ga-demantira\/\" \/>\n<meta property=\"og:locale\" content=\"hr_HR\" \/>\n<meta property=\"og:type\" content=\"article\" \/>\n<meta property=\"og:title\" content=\"Raskrinkan povjesni\u010dar koji manipulira s podatcima o Jasenovcu: Njema\u010dka mu oduzela odlikovanje, Izrael ga demantira - RADIO LJUBU\u0160KI\" \/>\n<meta property=\"og:description\" content=\"U Ujedinjenim narodima u New Yorku 2018. godine je otvorena izlo\u017eba pod nazivom \u201cJasenovcu pravo na nezaborav\u201c, u sklopu Me\u0111unarodnog dana sje\u0107anja na \u017ertve Holokausta. Hrvatska je tada isticala da se radi o falsificiranoj povijesti, a kustos izlo\u017ebe je bio povjesni\u010dar Gideon Greif, do tada poznat po protivljenju kanonizacije Alojzija Stepinca. Od tada je javnost [&hellip;]\" \/>\n<meta property=\"og:url\" content=\"https:\/\/radioljubuski.ba\/index.php\/2022\/05\/26\/raskrinkan-povjesnicar-koji-manipulira-s-podatcima-o-jasenovcu-njemacka-mu-oduzela-odlikovanje-izrael-ga-demantira\/\" \/>\n<meta property=\"og:site_name\" content=\"RADIO LJUBU\u0160KI\" \/>\n<meta property=\"article:publisher\" content=\"https:\/\/www.facebook.com\/Radiio-Ljubuski-1490835324566332\" \/>\n<meta property=\"article:published_time\" content=\"2022-05-26T11:50:50+00:00\" \/>\n<meta property=\"og:image\" content=\"https:\/\/radioljubuski.ba\/wp-content\/uploads\/2022\/05\/Gideon-Grief-Jasenovac-696x522-1.jpg\" \/>\n\t<meta property=\"og:image:width\" content=\"696\" \/>\n\t<meta property=\"og:image:height\" content=\"522\" \/>\n\t<meta property=\"og:image:type\" content=\"image\/jpeg\" \/>\n<meta name=\"author\" content=\"Radio Ljubu\u0161ki\" \/>\n<meta name=\"twitter:card\" content=\"summary_large_image\" \/>\n<meta name=\"twitter:creator\" content=\"@radioljubuski\" \/>\n<meta name=\"twitter:site\" content=\"@radioljubuski\" \/>\n<meta name=\"twitter:label1\" content=\"Napisao\/la\" \/>\n\t<meta name=\"twitter:data1\" content=\"Radio Ljubu\u0161ki\" \/>\n\t<meta name=\"twitter:label2\" content=\"Procijenjeno vrijeme \u010ditanja\" \/>\n\t<meta name=\"twitter:data2\" content=\"8 minuta\" \/>\n<script type=\"application\/ld+json\" class=\"yoast-schema-graph\">{\"@context\":\"https:\\\/\\\/schema.org\",\"@graph\":[{\"@type\":\"Article\",\"@id\":\"https:\\\/\\\/radioljubuski.ba\\\/index.php\\\/2022\\\/05\\\/26\\\/raskrinkan-povjesnicar-koji-manipulira-s-podatcima-o-jasenovcu-njemacka-mu-oduzela-odlikovanje-izrael-ga-demantira\\\/#article\",\"isPartOf\":{\"@id\":\"https:\\\/\\\/radioljubuski.ba\\\/index.php\\\/2022\\\/05\\\/26\\\/raskrinkan-povjesnicar-koji-manipulira-s-podatcima-o-jasenovcu-njemacka-mu-oduzela-odlikovanje-izrael-ga-demantira\\\/\"},\"author\":{\"name\":\"Radio Ljubu\u0161ki\",\"@id\":\"https:\\\/\\\/radioljubuski.ba\\\/#\\\/schema\\\/person\\\/19fc700381a780f69665d7956c469e3b\"},\"headline\":\"Raskrinkan povjesni\u010dar koji manipulira s podatcima o Jasenovcu: Njema\u010dka mu oduzela odlikovanje, Izrael ga demantira\",\"datePublished\":\"2022-05-26T11:50:50+00:00\",\"mainEntityOfPage\":{\"@id\":\"https:\\\/\\\/radioljubuski.ba\\\/index.php\\\/2022\\\/05\\\/26\\\/raskrinkan-povjesnicar-koji-manipulira-s-podatcima-o-jasenovcu-njemacka-mu-oduzela-odlikovanje-izrael-ga-demantira\\\/\"},\"wordCount\":1609,\"publisher\":{\"@id\":\"https:\\\/\\\/radioljubuski.ba\\\/#organization\"},\"image\":{\"@id\":\"https:\\\/\\\/radioljubuski.ba\\\/index.php\\\/2022\\\/05\\\/26\\\/raskrinkan-povjesnicar-koji-manipulira-s-podatcima-o-jasenovcu-njemacka-mu-oduzela-odlikovanje-izrael-ga-demantira\\\/#primaryimage\"},\"thumbnailUrl\":\"https:\\\/\\\/radioljubuski.ba\\\/wp-content\\\/uploads\\\/2022\\\/05\\\/Gideon-Grief-Jasenovac-696x522-1.jpg\",\"articleSection\":[\"BIH i regija\"],\"inLanguage\":\"hr\"},{\"@type\":\"WebPage\",\"@id\":\"https:\\\/\\\/radioljubuski.ba\\\/index.php\\\/2022\\\/05\\\/26\\\/raskrinkan-povjesnicar-koji-manipulira-s-podatcima-o-jasenovcu-njemacka-mu-oduzela-odlikovanje-izrael-ga-demantira\\\/\",\"url\":\"https:\\\/\\\/radioljubuski.ba\\\/index.php\\\/2022\\\/05\\\/26\\\/raskrinkan-povjesnicar-koji-manipulira-s-podatcima-o-jasenovcu-njemacka-mu-oduzela-odlikovanje-izrael-ga-demantira\\\/\",\"name\":\"Raskrinkan povjesni\u010dar koji manipulira s podatcima o Jasenovcu: Njema\u010dka mu oduzela odlikovanje, Izrael ga demantira - RADIO LJUBU\u0160KI\",\"isPartOf\":{\"@id\":\"https:\\\/\\\/radioljubuski.ba\\\/#website\"},\"primaryImageOfPage\":{\"@id\":\"https:\\\/\\\/radioljubuski.ba\\\/index.php\\\/2022\\\/05\\\/26\\\/raskrinkan-povjesnicar-koji-manipulira-s-podatcima-o-jasenovcu-njemacka-mu-oduzela-odlikovanje-izrael-ga-demantira\\\/#primaryimage\"},\"image\":{\"@id\":\"https:\\\/\\\/radioljubuski.ba\\\/index.php\\\/2022\\\/05\\\/26\\\/raskrinkan-povjesnicar-koji-manipulira-s-podatcima-o-jasenovcu-njemacka-mu-oduzela-odlikovanje-izrael-ga-demantira\\\/#primaryimage\"},\"thumbnailUrl\":\"https:\\\/\\\/radioljubuski.ba\\\/wp-content\\\/uploads\\\/2022\\\/05\\\/Gideon-Grief-Jasenovac-696x522-1.jpg\",\"datePublished\":\"2022-05-26T11:50:50+00:00\",\"breadcrumb\":{\"@id\":\"https:\\\/\\\/radioljubuski.ba\\\/index.php\\\/2022\\\/05\\\/26\\\/raskrinkan-povjesnicar-koji-manipulira-s-podatcima-o-jasenovcu-njemacka-mu-oduzela-odlikovanje-izrael-ga-demantira\\\/#breadcrumb\"},\"inLanguage\":\"hr\",\"potentialAction\":[{\"@type\":\"ReadAction\",\"target\":[\"https:\\\/\\\/radioljubuski.ba\\\/index.php\\\/2022\\\/05\\\/26\\\/raskrinkan-povjesnicar-koji-manipulira-s-podatcima-o-jasenovcu-njemacka-mu-oduzela-odlikovanje-izrael-ga-demantira\\\/\"]}]},{\"@type\":\"ImageObject\",\"inLanguage\":\"hr\",\"@id\":\"https:\\\/\\\/radioljubuski.ba\\\/index.php\\\/2022\\\/05\\\/26\\\/raskrinkan-povjesnicar-koji-manipulira-s-podatcima-o-jasenovcu-njemacka-mu-oduzela-odlikovanje-izrael-ga-demantira\\\/#primaryimage\",\"url\":\"https:\\\/\\\/radioljubuski.ba\\\/wp-content\\\/uploads\\\/2022\\\/05\\\/Gideon-Grief-Jasenovac-696x522-1.jpg\",\"contentUrl\":\"https:\\\/\\\/radioljubuski.ba\\\/wp-content\\\/uploads\\\/2022\\\/05\\\/Gideon-Grief-Jasenovac-696x522-1.jpg\",\"width\":696,\"height\":522},{\"@type\":\"BreadcrumbList\",\"@id\":\"https:\\\/\\\/radioljubuski.ba\\\/index.php\\\/2022\\\/05\\\/26\\\/raskrinkan-povjesnicar-koji-manipulira-s-podatcima-o-jasenovcu-njemacka-mu-oduzela-odlikovanje-izrael-ga-demantira\\\/#breadcrumb\",\"itemListElement\":[{\"@type\":\"ListItem\",\"position\":1,\"name\":\"Po\u010detna stranica\",\"item\":\"https:\\\/\\\/radioljubuski.ba\\\/\"},{\"@type\":\"ListItem\",\"position\":2,\"name\":\"Raskrinkan povjesni\u010dar koji manipulira s podatcima o Jasenovcu: Njema\u010dka mu oduzela odlikovanje, Izrael ga demantira\"}]},{\"@type\":\"WebSite\",\"@id\":\"https:\\\/\\\/radioljubuski.ba\\\/#website\",\"url\":\"https:\\\/\\\/radioljubuski.ba\\\/\",\"name\":\"Radio Ljubu\u0161ki\",\"description\":\"Sun\u010dana frekvencija Hercegovine\",\"publisher\":{\"@id\":\"https:\\\/\\\/radioljubuski.ba\\\/#organization\"},\"potentialAction\":[{\"@type\":\"SearchAction\",\"target\":{\"@type\":\"EntryPoint\",\"urlTemplate\":\"https:\\\/\\\/radioljubuski.ba\\\/?s={search_term_string}\"},\"query-input\":{\"@type\":\"PropertyValueSpecification\",\"valueRequired\":true,\"valueName\":\"search_term_string\"}}],\"inLanguage\":\"hr\"},{\"@type\":\"Organization\",\"@id\":\"https:\\\/\\\/radioljubuski.ba\\\/#organization\",\"name\":\"Radio Ljubu\u0161ki\",\"url\":\"https:\\\/\\\/radioljubuski.ba\\\/\",\"logo\":{\"@type\":\"ImageObject\",\"inLanguage\":\"hr\",\"@id\":\"https:\\\/\\\/radioljubuski.ba\\\/#\\\/schema\\\/logo\\\/image\\\/\",\"url\":\"https:\\\/\\\/radioljubuski.ba\\\/wp-content\\\/uploads\\\/2021\\\/02\\\/cropped-Radio_Ljubuski_logo1.jpg\",\"contentUrl\":\"https:\\\/\\\/radioljubuski.ba\\\/wp-content\\\/uploads\\\/2021\\\/02\\\/cropped-Radio_Ljubuski_logo1.jpg\",\"width\":512,\"height\":512,\"caption\":\"Radio Ljubu\u0161ki\"},\"image\":{\"@id\":\"https:\\\/\\\/radioljubuski.ba\\\/#\\\/schema\\\/logo\\\/image\\\/\"},\"sameAs\":[\"https:\\\/\\\/www.facebook.com\\\/Radiio-Ljubuski-1490835324566332\",\"https:\\\/\\\/x.com\\\/radioljubuski\",\"https:\\\/\\\/hr.linkedin.com\\\/company\\\/radio-ljubuski\",\"https:\\\/\\\/www.youtube.com\\\/channel\\\/UCHYaeO_n0Db3tjNGudGpXyw\"]},{\"@type\":\"Person\",\"@id\":\"https:\\\/\\\/radioljubuski.ba\\\/#\\\/schema\\\/person\\\/19fc700381a780f69665d7956c469e3b\",\"name\":\"Radio Ljubu\u0161ki\"}]}<\/script>\n<!-- \/ Yoast SEO plugin. -->","yoast_head_json":{"title":"Raskrinkan povjesni\u010dar koji manipulira s podatcima o Jasenovcu: Njema\u010dka mu oduzela odlikovanje, Izrael ga demantira - RADIO LJUBU\u0160KI","robots":{"index":"index","follow":"follow","max-snippet":"max-snippet:-1","max-image-preview":"max-image-preview:large","max-video-preview":"max-video-preview:-1"},"canonical":"https:\/\/radioljubuski.ba\/index.php\/2022\/05\/26\/raskrinkan-povjesnicar-koji-manipulira-s-podatcima-o-jasenovcu-njemacka-mu-oduzela-odlikovanje-izrael-ga-demantira\/","og_locale":"hr_HR","og_type":"article","og_title":"Raskrinkan povjesni\u010dar koji manipulira s podatcima o Jasenovcu: Njema\u010dka mu oduzela odlikovanje, Izrael ga demantira - RADIO LJUBU\u0160KI","og_description":"U Ujedinjenim narodima u New Yorku 2018. godine je otvorena izlo\u017eba pod nazivom \u201cJasenovcu pravo na nezaborav\u201c, u sklopu Me\u0111unarodnog dana sje\u0107anja na \u017ertve Holokausta. Hrvatska je tada isticala da se radi o falsificiranoj povijesti, a kustos izlo\u017ebe je bio povjesni\u010dar Gideon Greif, do tada poznat po protivljenju kanonizacije Alojzija Stepinca. Od tada je javnost [&hellip;]","og_url":"https:\/\/radioljubuski.ba\/index.php\/2022\/05\/26\/raskrinkan-povjesnicar-koji-manipulira-s-podatcima-o-jasenovcu-njemacka-mu-oduzela-odlikovanje-izrael-ga-demantira\/","og_site_name":"RADIO LJUBU\u0160KI","article_publisher":"https:\/\/www.facebook.com\/Radiio-Ljubuski-1490835324566332","article_published_time":"2022-05-26T11:50:50+00:00","og_image":[{"width":696,"height":522,"url":"https:\/\/radioljubuski.ba\/wp-content\/uploads\/2022\/05\/Gideon-Grief-Jasenovac-696x522-1.jpg","type":"image\/jpeg"}],"author":"Radio Ljubu\u0161ki","twitter_card":"summary_large_image","twitter_creator":"@radioljubuski","twitter_site":"@radioljubuski","twitter_misc":{"Napisao\/la":"Radio Ljubu\u0161ki","Procijenjeno vrijeme \u010ditanja":"8 minuta"},"schema":{"@context":"https:\/\/schema.org","@graph":[{"@type":"Article","@id":"https:\/\/radioljubuski.ba\/index.php\/2022\/05\/26\/raskrinkan-povjesnicar-koji-manipulira-s-podatcima-o-jasenovcu-njemacka-mu-oduzela-odlikovanje-izrael-ga-demantira\/#article","isPartOf":{"@id":"https:\/\/radioljubuski.ba\/index.php\/2022\/05\/26\/raskrinkan-povjesnicar-koji-manipulira-s-podatcima-o-jasenovcu-njemacka-mu-oduzela-odlikovanje-izrael-ga-demantira\/"},"author":{"name":"Radio Ljubu\u0161ki","@id":"https:\/\/radioljubuski.ba\/#\/schema\/person\/19fc700381a780f69665d7956c469e3b"},"headline":"Raskrinkan povjesni\u010dar koji manipulira s podatcima o Jasenovcu: Njema\u010dka mu oduzela odlikovanje, Izrael ga demantira","datePublished":"2022-05-26T11:50:50+00:00","mainEntityOfPage":{"@id":"https:\/\/radioljubuski.ba\/index.php\/2022\/05\/26\/raskrinkan-povjesnicar-koji-manipulira-s-podatcima-o-jasenovcu-njemacka-mu-oduzela-odlikovanje-izrael-ga-demantira\/"},"wordCount":1609,"publisher":{"@id":"https:\/\/radioljubuski.ba\/#organization"},"image":{"@id":"https:\/\/radioljubuski.ba\/index.php\/2022\/05\/26\/raskrinkan-povjesnicar-koji-manipulira-s-podatcima-o-jasenovcu-njemacka-mu-oduzela-odlikovanje-izrael-ga-demantira\/#primaryimage"},"thumbnailUrl":"https:\/\/radioljubuski.ba\/wp-content\/uploads\/2022\/05\/Gideon-Grief-Jasenovac-696x522-1.jpg","articleSection":["BIH i regija"],"inLanguage":"hr"},{"@type":"WebPage","@id":"https:\/\/radioljubuski.ba\/index.php\/2022\/05\/26\/raskrinkan-povjesnicar-koji-manipulira-s-podatcima-o-jasenovcu-njemacka-mu-oduzela-odlikovanje-izrael-ga-demantira\/","url":"https:\/\/radioljubuski.ba\/index.php\/2022\/05\/26\/raskrinkan-povjesnicar-koji-manipulira-s-podatcima-o-jasenovcu-njemacka-mu-oduzela-odlikovanje-izrael-ga-demantira\/","name":"Raskrinkan povjesni\u010dar koji manipulira s podatcima o Jasenovcu: Njema\u010dka mu oduzela odlikovanje, Izrael ga demantira - RADIO LJUBU\u0160KI","isPartOf":{"@id":"https:\/\/radioljubuski.ba\/#website"},"primaryImageOfPage":{"@id":"https:\/\/radioljubuski.ba\/index.php\/2022\/05\/26\/raskrinkan-povjesnicar-koji-manipulira-s-podatcima-o-jasenovcu-njemacka-mu-oduzela-odlikovanje-izrael-ga-demantira\/#primaryimage"},"image":{"@id":"https:\/\/radioljubuski.ba\/index.php\/2022\/05\/26\/raskrinkan-povjesnicar-koji-manipulira-s-podatcima-o-jasenovcu-njemacka-mu-oduzela-odlikovanje-izrael-ga-demantira\/#primaryimage"},"thumbnailUrl":"https:\/\/radioljubuski.ba\/wp-content\/uploads\/2022\/05\/Gideon-Grief-Jasenovac-696x522-1.jpg","datePublished":"2022-05-26T11:50:50+00:00","breadcrumb":{"@id":"https:\/\/radioljubuski.ba\/index.php\/2022\/05\/26\/raskrinkan-povjesnicar-koji-manipulira-s-podatcima-o-jasenovcu-njemacka-mu-oduzela-odlikovanje-izrael-ga-demantira\/#breadcrumb"},"inLanguage":"hr","potentialAction":[{"@type":"ReadAction","target":["https:\/\/radioljubuski.ba\/index.php\/2022\/05\/26\/raskrinkan-povjesnicar-koji-manipulira-s-podatcima-o-jasenovcu-njemacka-mu-oduzela-odlikovanje-izrael-ga-demantira\/"]}]},{"@type":"ImageObject","inLanguage":"hr","@id":"https:\/\/radioljubuski.ba\/index.php\/2022\/05\/26\/raskrinkan-povjesnicar-koji-manipulira-s-podatcima-o-jasenovcu-njemacka-mu-oduzela-odlikovanje-izrael-ga-demantira\/#primaryimage","url":"https:\/\/radioljubuski.ba\/wp-content\/uploads\/2022\/05\/Gideon-Grief-Jasenovac-696x522-1.jpg","contentUrl":"https:\/\/radioljubuski.ba\/wp-content\/uploads\/2022\/05\/Gideon-Grief-Jasenovac-696x522-1.jpg","width":696,"height":522},{"@type":"BreadcrumbList","@id":"https:\/\/radioljubuski.ba\/index.php\/2022\/05\/26\/raskrinkan-povjesnicar-koji-manipulira-s-podatcima-o-jasenovcu-njemacka-mu-oduzela-odlikovanje-izrael-ga-demantira\/#breadcrumb","itemListElement":[{"@type":"ListItem","position":1,"name":"Po\u010detna stranica","item":"https:\/\/radioljubuski.ba\/"},{"@type":"ListItem","position":2,"name":"Raskrinkan povjesni\u010dar koji manipulira s podatcima o Jasenovcu: Njema\u010dka mu oduzela odlikovanje, Izrael ga demantira"}]},{"@type":"WebSite","@id":"https:\/\/radioljubuski.ba\/#website","url":"https:\/\/radioljubuski.ba\/","name":"Radio Ljubu\u0161ki","description":"Sun\u010dana frekvencija Hercegovine","publisher":{"@id":"https:\/\/radioljubuski.ba\/#organization"},"potentialAction":[{"@type":"SearchAction","target":{"@type":"EntryPoint","urlTemplate":"https:\/\/radioljubuski.ba\/?s={search_term_string}"},"query-input":{"@type":"PropertyValueSpecification","valueRequired":true,"valueName":"search_term_string"}}],"inLanguage":"hr"},{"@type":"Organization","@id":"https:\/\/radioljubuski.ba\/#organization","name":"Radio Ljubu\u0161ki","url":"https:\/\/radioljubuski.ba\/","logo":{"@type":"ImageObject","inLanguage":"hr","@id":"https:\/\/radioljubuski.ba\/#\/schema\/logo\/image\/","url":"https:\/\/radioljubuski.ba\/wp-content\/uploads\/2021\/02\/cropped-Radio_Ljubuski_logo1.jpg","contentUrl":"https:\/\/radioljubuski.ba\/wp-content\/uploads\/2021\/02\/cropped-Radio_Ljubuski_logo1.jpg","width":512,"height":512,"caption":"Radio Ljubu\u0161ki"},"image":{"@id":"https:\/\/radioljubuski.ba\/#\/schema\/logo\/image\/"},"sameAs":["https:\/\/www.facebook.com\/Radiio-Ljubuski-1490835324566332","https:\/\/x.com\/radioljubuski","https:\/\/hr.linkedin.com\/company\/radio-ljubuski","https:\/\/www.youtube.com\/channel\/UCHYaeO_n0Db3tjNGudGpXyw"]},{"@type":"Person","@id":"https:\/\/radioljubuski.ba\/#\/schema\/person\/19fc700381a780f69665d7956c469e3b","name":"Radio Ljubu\u0161ki"}]}},"_links":{"self":[{"href":"https:\/\/radioljubuski.ba\/index.php\/wp-json\/wp\/v2\/posts\/144204","targetHints":{"allow":["GET"]}}],"collection":[{"href":"https:\/\/radioljubuski.ba\/index.php\/wp-json\/wp\/v2\/posts"}],"about":[{"href":"https:\/\/radioljubuski.ba\/index.php\/wp-json\/wp\/v2\/types\/post"}],"author":[{"embeddable":true,"href":"https:\/\/radioljubuski.ba\/index.php\/wp-json\/wp\/v2\/users\/2"}],"replies":[{"embeddable":true,"href":"https:\/\/radioljubuski.ba\/index.php\/wp-json\/wp\/v2\/comments?post=144204"}],"version-history":[{"count":1,"href":"https:\/\/radioljubuski.ba\/index.php\/wp-json\/wp\/v2\/posts\/144204\/revisions"}],"predecessor-version":[{"id":144206,"href":"https:\/\/radioljubuski.ba\/index.php\/wp-json\/wp\/v2\/posts\/144204\/revisions\/144206"}],"wp:featuredmedia":[{"embeddable":true,"href":"https:\/\/radioljubuski.ba\/index.php\/wp-json\/wp\/v2\/media\/144205"}],"wp:attachment":[{"href":"https:\/\/radioljubuski.ba\/index.php\/wp-json\/wp\/v2\/media?parent=144204"}],"wp:term":[{"taxonomy":"category","embeddable":true,"href":"https:\/\/radioljubuski.ba\/index.php\/wp-json\/wp\/v2\/categories?post=144204"},{"taxonomy":"post_tag","embeddable":true,"href":"https:\/\/radioljubuski.ba\/index.php\/wp-json\/wp\/v2\/tags?post=144204"}],"curies":[{"name":"wp","href":"https:\/\/api.w.org\/{rel}","templated":true}]}}