{"id":144207,"date":"2022-05-26T12:52:07","date_gmt":"2022-05-26T11:52:07","guid":{"rendered":"https:\/\/radioljubuski.ba\/?p=144207"},"modified":"2022-05-26T12:52:09","modified_gmt":"2022-05-26T11:52:09","slug":"verbum-predstavljena-knjiga-zelim-ti-dobar-zivot","status":"publish","type":"post","link":"https:\/\/radioljubuski.ba\/index.php\/2022\/05\/26\/verbum-predstavljena-knjiga-zelim-ti-dobar-zivot\/","title":{"rendered":"Verbum: Predstavljena knjiga \u2018\u017delim ti dobar \u017eivot\u2019"},"content":{"rendered":"\n<p>Nakladna ku\u0107a Verbum u \u010detvrtak 26. svibnja na konferenciji za medije predstavila je knjigu <a href=\"https:\/\/verbum.hr\/zelim-ti-dobar-zivot\"><em>\u017delim ti dobar \u017eivot<\/em><\/a><em>. <\/em>Na konferenciji su sudjelovali dr. sc. Miro Radalj, direktor nakladne ku\u0107e Verbum i mr. sc. Petar Balta, glavni urednik nakladne ku\u0107e Verbum.<\/p>\n\n\n\n<p>Nakon pro\u0161logodi\u0161nje uspje\u0161nice pape Franje <em>\u017delim ti osmijeh<\/em>, nakladna ku\u0107a Verbum upravo je objavila jo\u0161 jednu papinu knjigu, idealnu za vrijeme u kojem se nalazimo. Ovaj novi bestseler pape Franje nosi naslov <em>\u017delim ti dobar \u017eivot<\/em>, a pru\u017ea poticaje koji \u0107e ohrabriti i oja\u010dati svakog \u010dovjeka u ovim turbulentnim vremena.<\/p>\n\n\n\n<h3 class=\"wp-block-heading\"><strong>\u201eVa\u017ean si. Jedinstven si. \u010cudesan si!\u201c<\/strong><\/h3>\n\n\n\n<p>\u201eVa\u017ean si. Jedinstven si. \u010cudesan si!\u201c, poruka je pape Franje za svakoga od nas. \u010cak i kada nas obuzmu brige ili umor, potrebno se sjetiti da smo doista dragocjeni i da u sebi nosimo svjetlo koje nam je povjereno. To je najve\u0107i dar koji nam nitko ne mo\u017ee oduzeti. Zato trebamo sanjati i dopustiti da nas iznenadi Bo\u017eja ljubav. To je dobar \u017eivot, a to je i najve\u0107a i najljep\u0161a \u017eelja koju mo\u017eemo po\u017eeljeti jedni drugima.<\/p>\n\n\n\n<p>Bit tog dobrog \u017eivota je spoznaja da, kako pi\u0161e Papa, \u201eispod na\u0161ih odlika i na\u0161ih nedostataka, ja\u010da od rana i proma\u0161aja u pro\u0161losti, od strahova i nemira pred&nbsp; budu\u0107no\u0161\u0107u, nalazi se ova istina: mi smo ljubljena djeca. Bo\u017eja ljubav prema nama ne ovisi niti \u0107e ikada ovisiti o nama: to je besplatna ljubav.\u201c I zato, isti\u010de Papa: \u201e\u017divi, ljubi, sanjaj, vjeruj. I, uz pomo\u0107 Bo\u017eje milosti, ne o\u010dajavaj.\u201c<\/p>\n\n\n\n<h3 class=\"wp-block-heading\"><strong>15 pravila za dobar \u017eivot<\/strong><\/h3>\n\n\n\n<p>Radost, potpuna i konkretna radost za kojom svatko \u010dezne, bit \u0107e prirodna posljedica takvog \u017eivota. To nije uvijek lagan put, \u017eivotne te\u0161ko\u0107e i sveprisutni pesimizam ponekad ote\u017eavaju prepoznavanje i prihva\u0107anje milosti, ali \u2013 jam\u010di Papa \u2013 \u017eivot postaje lijep upravo kada se srce otvori Providnosti i dopusti da u njega u\u0111u nje\u017enost i milosr\u0111e. Utje\u0161no je znati da uvijek mo\u017eemo po\u010deti ispo\u010detka jer Bog mo\u017ee u nama zapo\u010deti novu povijest \u010dak i od na\u0161ih krhotina.<\/p>\n\n\n\n<p>Nadahnjuju\u0107i se s 15 pravila za dobar \u017eivot koje je nazna\u010dio papa Franjo, a koje \u010dine sastavni dio ove knjige, mo\u017eemo u potpunosti otkriti vlastitu \u010dudesnost i iskusiti autenti\u010dan okus istinskoga \u017eivljenja, zaraznu radost koja \u010dini \u017eivot dobrim.<\/p>\n\n\n\n<p>U ovim izazovnim vremenima u kojima se svi nosimo sa sumnjama i pote\u0161ko\u0107ama, Papina knjiga <em>\u017delim ti dobar \u017eivot<\/em> pru\u017ea nam siguran oslonac i jasan putokaz u izazovima \u017eivota, nagla\u0161avaju\u0107i uvijek vrijednost i dostojanstvo, nas i na\u0161ih bli\u017enjih.<\/p>\n\n\n\n<p>Knjiga<em> \u017delim ti dobar \u017eivot<\/em> u prijevodu Branka Jozi\u0107a dostupna je u svim <a href=\"https:\/\/verbum.hr\/knjizare-verbum\">knji\u017earama Verbum<\/a> kao i putem web knji\u017eare <a href=\"https:\/\/verbum.hr\/\">Verbum.hr<\/a>. Vi\u0161e o knjizi mo\u017eete saznati na poveznici <a href=\"https:\/\/verbum.hr\/zelim-ti-dobar-zivot\">ovdje<\/a>.<\/p>\n\n\n\n<p><em>Izvor: narod.hr<\/em><\/p>\n","protected":false},"excerpt":{"rendered":"<p>Nakladna ku\u0107a Verbum u \u010detvrtak 26. svibnja na konferenciji za medije predstavila je knjigu \u017delim ti dobar \u017eivot. Na konferenciji su sudjelovali dr. sc. Miro Radalj, direktor nakladne ku\u0107e Verbum i mr. sc. Petar Balta, glavni urednik nakladne ku\u0107e Verbum. Nakon pro\u0161logodi\u0161nje uspje\u0161nice pape Franje \u017delim ti osmijeh, nakladna ku\u0107a Verbum upravo je objavila jo\u0161 [&hellip;]<\/p>\n","protected":false},"author":2,"featured_media":144208,"comment_status":"closed","ping_status":"closed","sticky":false,"template":"","format":"standard","meta":{"h5ap_radio_sources":[],"footnotes":""},"categories":[1],"tags":[],"class_list":["post-144207","post","type-post","status-publish","format-standard","has-post-thumbnail","hentry","category-bihiregija"],"yoast_head":"<!-- This site is optimized with the Yoast SEO plugin v27.5 - https:\/\/yoast.com\/product\/yoast-seo-wordpress\/ -->\n<title>Verbum: Predstavljena knjiga \u2018\u017delim ti dobar \u017eivot\u2019 - RADIO LJUBU\u0160KI<\/title>\n<meta name=\"robots\" content=\"index, follow, max-snippet:-1, max-image-preview:large, max-video-preview:-1\" \/>\n<link rel=\"canonical\" href=\"https:\/\/radioljubuski.ba\/index.php\/2022\/05\/26\/verbum-predstavljena-knjiga-zelim-ti-dobar-zivot\/\" \/>\n<meta property=\"og:locale\" content=\"hr_HR\" \/>\n<meta property=\"og:type\" content=\"article\" \/>\n<meta property=\"og:title\" content=\"Verbum: Predstavljena knjiga \u2018\u017delim ti dobar \u017eivot\u2019 - RADIO LJUBU\u0160KI\" \/>\n<meta property=\"og:description\" content=\"Nakladna ku\u0107a Verbum u \u010detvrtak 26. svibnja na konferenciji za medije predstavila je knjigu \u017delim ti dobar \u017eivot. Na konferenciji su sudjelovali dr. sc. Miro Radalj, direktor nakladne ku\u0107e Verbum i mr. sc. Petar Balta, glavni urednik nakladne ku\u0107e Verbum. Nakon pro\u0161logodi\u0161nje uspje\u0161nice pape Franje \u017delim ti osmijeh, nakladna ku\u0107a Verbum upravo je objavila jo\u0161 [&hellip;]\" \/>\n<meta property=\"og:url\" content=\"https:\/\/radioljubuski.ba\/index.php\/2022\/05\/26\/verbum-predstavljena-knjiga-zelim-ti-dobar-zivot\/\" \/>\n<meta property=\"og:site_name\" content=\"RADIO LJUBU\u0160KI\" \/>\n<meta property=\"article:publisher\" content=\"https:\/\/www.facebook.com\/Radiio-Ljubuski-1490835324566332\" \/>\n<meta property=\"article:published_time\" content=\"2022-05-26T11:52:07+00:00\" \/>\n<meta property=\"article:modified_time\" content=\"2022-05-26T11:52:09+00:00\" \/>\n<meta property=\"og:image\" content=\"https:\/\/radioljubuski.ba\/wp-content\/uploads\/2022\/05\/Zelim-ti-dobar-zivot_banner-696x441-1.jpg\" \/>\n\t<meta property=\"og:image:width\" content=\"696\" \/>\n\t<meta property=\"og:image:height\" content=\"441\" \/>\n\t<meta property=\"og:image:type\" content=\"image\/jpeg\" \/>\n<meta name=\"author\" content=\"Radio Ljubu\u0161ki\" \/>\n<meta name=\"twitter:card\" content=\"summary_large_image\" \/>\n<meta name=\"twitter:creator\" content=\"@radioljubuski\" \/>\n<meta name=\"twitter:site\" content=\"@radioljubuski\" \/>\n<meta name=\"twitter:label1\" content=\"Napisao\/la\" \/>\n\t<meta name=\"twitter:data1\" content=\"Radio Ljubu\u0161ki\" \/>\n\t<meta name=\"twitter:label2\" content=\"Procijenjeno vrijeme \u010ditanja\" \/>\n\t<meta name=\"twitter:data2\" content=\"2 minute\" \/>\n<script type=\"application\/ld+json\" class=\"yoast-schema-graph\">{\"@context\":\"https:\\\/\\\/schema.org\",\"@graph\":[{\"@type\":\"Article\",\"@id\":\"https:\\\/\\\/radioljubuski.ba\\\/index.php\\\/2022\\\/05\\\/26\\\/verbum-predstavljena-knjiga-zelim-ti-dobar-zivot\\\/#article\",\"isPartOf\":{\"@id\":\"https:\\\/\\\/radioljubuski.ba\\\/index.php\\\/2022\\\/05\\\/26\\\/verbum-predstavljena-knjiga-zelim-ti-dobar-zivot\\\/\"},\"author\":{\"name\":\"Radio Ljubu\u0161ki\",\"@id\":\"https:\\\/\\\/radioljubuski.ba\\\/#\\\/schema\\\/person\\\/19fc700381a780f69665d7956c469e3b\"},\"headline\":\"Verbum: Predstavljena knjiga \u2018\u017delim ti dobar \u017eivot\u2019\",\"datePublished\":\"2022-05-26T11:52:07+00:00\",\"dateModified\":\"2022-05-26T11:52:09+00:00\",\"mainEntityOfPage\":{\"@id\":\"https:\\\/\\\/radioljubuski.ba\\\/index.php\\\/2022\\\/05\\\/26\\\/verbum-predstavljena-knjiga-zelim-ti-dobar-zivot\\\/\"},\"wordCount\":493,\"publisher\":{\"@id\":\"https:\\\/\\\/radioljubuski.ba\\\/#organization\"},\"image\":{\"@id\":\"https:\\\/\\\/radioljubuski.ba\\\/index.php\\\/2022\\\/05\\\/26\\\/verbum-predstavljena-knjiga-zelim-ti-dobar-zivot\\\/#primaryimage\"},\"thumbnailUrl\":\"https:\\\/\\\/radioljubuski.ba\\\/wp-content\\\/uploads\\\/2022\\\/05\\\/Zelim-ti-dobar-zivot_banner-696x441-1.jpg\",\"articleSection\":[\"BIH i regija\"],\"inLanguage\":\"hr\"},{\"@type\":\"WebPage\",\"@id\":\"https:\\\/\\\/radioljubuski.ba\\\/index.php\\\/2022\\\/05\\\/26\\\/verbum-predstavljena-knjiga-zelim-ti-dobar-zivot\\\/\",\"url\":\"https:\\\/\\\/radioljubuski.ba\\\/index.php\\\/2022\\\/05\\\/26\\\/verbum-predstavljena-knjiga-zelim-ti-dobar-zivot\\\/\",\"name\":\"Verbum: Predstavljena knjiga \u2018\u017delim ti dobar \u017eivot\u2019 - RADIO LJUBU\u0160KI\",\"isPartOf\":{\"@id\":\"https:\\\/\\\/radioljubuski.ba\\\/#website\"},\"primaryImageOfPage\":{\"@id\":\"https:\\\/\\\/radioljubuski.ba\\\/index.php\\\/2022\\\/05\\\/26\\\/verbum-predstavljena-knjiga-zelim-ti-dobar-zivot\\\/#primaryimage\"},\"image\":{\"@id\":\"https:\\\/\\\/radioljubuski.ba\\\/index.php\\\/2022\\\/05\\\/26\\\/verbum-predstavljena-knjiga-zelim-ti-dobar-zivot\\\/#primaryimage\"},\"thumbnailUrl\":\"https:\\\/\\\/radioljubuski.ba\\\/wp-content\\\/uploads\\\/2022\\\/05\\\/Zelim-ti-dobar-zivot_banner-696x441-1.jpg\",\"datePublished\":\"2022-05-26T11:52:07+00:00\",\"dateModified\":\"2022-05-26T11:52:09+00:00\",\"breadcrumb\":{\"@id\":\"https:\\\/\\\/radioljubuski.ba\\\/index.php\\\/2022\\\/05\\\/26\\\/verbum-predstavljena-knjiga-zelim-ti-dobar-zivot\\\/#breadcrumb\"},\"inLanguage\":\"hr\",\"potentialAction\":[{\"@type\":\"ReadAction\",\"target\":[\"https:\\\/\\\/radioljubuski.ba\\\/index.php\\\/2022\\\/05\\\/26\\\/verbum-predstavljena-knjiga-zelim-ti-dobar-zivot\\\/\"]}]},{\"@type\":\"ImageObject\",\"inLanguage\":\"hr\",\"@id\":\"https:\\\/\\\/radioljubuski.ba\\\/index.php\\\/2022\\\/05\\\/26\\\/verbum-predstavljena-knjiga-zelim-ti-dobar-zivot\\\/#primaryimage\",\"url\":\"https:\\\/\\\/radioljubuski.ba\\\/wp-content\\\/uploads\\\/2022\\\/05\\\/Zelim-ti-dobar-zivot_banner-696x441-1.jpg\",\"contentUrl\":\"https:\\\/\\\/radioljubuski.ba\\\/wp-content\\\/uploads\\\/2022\\\/05\\\/Zelim-ti-dobar-zivot_banner-696x441-1.jpg\",\"width\":696,\"height\":441},{\"@type\":\"BreadcrumbList\",\"@id\":\"https:\\\/\\\/radioljubuski.ba\\\/index.php\\\/2022\\\/05\\\/26\\\/verbum-predstavljena-knjiga-zelim-ti-dobar-zivot\\\/#breadcrumb\",\"itemListElement\":[{\"@type\":\"ListItem\",\"position\":1,\"name\":\"Po\u010detna stranica\",\"item\":\"https:\\\/\\\/radioljubuski.ba\\\/\"},{\"@type\":\"ListItem\",\"position\":2,\"name\":\"Verbum: Predstavljena knjiga \u2018\u017delim ti dobar \u017eivot\u2019\"}]},{\"@type\":\"WebSite\",\"@id\":\"https:\\\/\\\/radioljubuski.ba\\\/#website\",\"url\":\"https:\\\/\\\/radioljubuski.ba\\\/\",\"name\":\"Radio Ljubu\u0161ki\",\"description\":\"Sun\u010dana frekvencija Hercegovine\",\"publisher\":{\"@id\":\"https:\\\/\\\/radioljubuski.ba\\\/#organization\"},\"potentialAction\":[{\"@type\":\"SearchAction\",\"target\":{\"@type\":\"EntryPoint\",\"urlTemplate\":\"https:\\\/\\\/radioljubuski.ba\\\/?s={search_term_string}\"},\"query-input\":{\"@type\":\"PropertyValueSpecification\",\"valueRequired\":true,\"valueName\":\"search_term_string\"}}],\"inLanguage\":\"hr\"},{\"@type\":\"Organization\",\"@id\":\"https:\\\/\\\/radioljubuski.ba\\\/#organization\",\"name\":\"Radio Ljubu\u0161ki\",\"url\":\"https:\\\/\\\/radioljubuski.ba\\\/\",\"logo\":{\"@type\":\"ImageObject\",\"inLanguage\":\"hr\",\"@id\":\"https:\\\/\\\/radioljubuski.ba\\\/#\\\/schema\\\/logo\\\/image\\\/\",\"url\":\"https:\\\/\\\/radioljubuski.ba\\\/wp-content\\\/uploads\\\/2021\\\/02\\\/cropped-Radio_Ljubuski_logo1.jpg\",\"contentUrl\":\"https:\\\/\\\/radioljubuski.ba\\\/wp-content\\\/uploads\\\/2021\\\/02\\\/cropped-Radio_Ljubuski_logo1.jpg\",\"width\":512,\"height\":512,\"caption\":\"Radio Ljubu\u0161ki\"},\"image\":{\"@id\":\"https:\\\/\\\/radioljubuski.ba\\\/#\\\/schema\\\/logo\\\/image\\\/\"},\"sameAs\":[\"https:\\\/\\\/www.facebook.com\\\/Radiio-Ljubuski-1490835324566332\",\"https:\\\/\\\/x.com\\\/radioljubuski\",\"https:\\\/\\\/hr.linkedin.com\\\/company\\\/radio-ljubuski\",\"https:\\\/\\\/www.youtube.com\\\/channel\\\/UCHYaeO_n0Db3tjNGudGpXyw\"]},{\"@type\":\"Person\",\"@id\":\"https:\\\/\\\/radioljubuski.ba\\\/#\\\/schema\\\/person\\\/19fc700381a780f69665d7956c469e3b\",\"name\":\"Radio Ljubu\u0161ki\"}]}<\/script>\n<!-- \/ Yoast SEO plugin. -->","yoast_head_json":{"title":"Verbum: Predstavljena knjiga \u2018\u017delim ti dobar \u017eivot\u2019 - RADIO LJUBU\u0160KI","robots":{"index":"index","follow":"follow","max-snippet":"max-snippet:-1","max-image-preview":"max-image-preview:large","max-video-preview":"max-video-preview:-1"},"canonical":"https:\/\/radioljubuski.ba\/index.php\/2022\/05\/26\/verbum-predstavljena-knjiga-zelim-ti-dobar-zivot\/","og_locale":"hr_HR","og_type":"article","og_title":"Verbum: Predstavljena knjiga \u2018\u017delim ti dobar \u017eivot\u2019 - RADIO LJUBU\u0160KI","og_description":"Nakladna ku\u0107a Verbum u \u010detvrtak 26. svibnja na konferenciji za medije predstavila je knjigu \u017delim ti dobar \u017eivot. Na konferenciji su sudjelovali dr. sc. Miro Radalj, direktor nakladne ku\u0107e Verbum i mr. sc. Petar Balta, glavni urednik nakladne ku\u0107e Verbum. Nakon pro\u0161logodi\u0161nje uspje\u0161nice pape Franje \u017delim ti osmijeh, nakladna ku\u0107a Verbum upravo je objavila jo\u0161 [&hellip;]","og_url":"https:\/\/radioljubuski.ba\/index.php\/2022\/05\/26\/verbum-predstavljena-knjiga-zelim-ti-dobar-zivot\/","og_site_name":"RADIO LJUBU\u0160KI","article_publisher":"https:\/\/www.facebook.com\/Radiio-Ljubuski-1490835324566332","article_published_time":"2022-05-26T11:52:07+00:00","article_modified_time":"2022-05-26T11:52:09+00:00","og_image":[{"width":696,"height":441,"url":"https:\/\/radioljubuski.ba\/wp-content\/uploads\/2022\/05\/Zelim-ti-dobar-zivot_banner-696x441-1.jpg","type":"image\/jpeg"}],"author":"Radio Ljubu\u0161ki","twitter_card":"summary_large_image","twitter_creator":"@radioljubuski","twitter_site":"@radioljubuski","twitter_misc":{"Napisao\/la":"Radio Ljubu\u0161ki","Procijenjeno vrijeme \u010ditanja":"2 minute"},"schema":{"@context":"https:\/\/schema.org","@graph":[{"@type":"Article","@id":"https:\/\/radioljubuski.ba\/index.php\/2022\/05\/26\/verbum-predstavljena-knjiga-zelim-ti-dobar-zivot\/#article","isPartOf":{"@id":"https:\/\/radioljubuski.ba\/index.php\/2022\/05\/26\/verbum-predstavljena-knjiga-zelim-ti-dobar-zivot\/"},"author":{"name":"Radio Ljubu\u0161ki","@id":"https:\/\/radioljubuski.ba\/#\/schema\/person\/19fc700381a780f69665d7956c469e3b"},"headline":"Verbum: Predstavljena knjiga \u2018\u017delim ti dobar \u017eivot\u2019","datePublished":"2022-05-26T11:52:07+00:00","dateModified":"2022-05-26T11:52:09+00:00","mainEntityOfPage":{"@id":"https:\/\/radioljubuski.ba\/index.php\/2022\/05\/26\/verbum-predstavljena-knjiga-zelim-ti-dobar-zivot\/"},"wordCount":493,"publisher":{"@id":"https:\/\/radioljubuski.ba\/#organization"},"image":{"@id":"https:\/\/radioljubuski.ba\/index.php\/2022\/05\/26\/verbum-predstavljena-knjiga-zelim-ti-dobar-zivot\/#primaryimage"},"thumbnailUrl":"https:\/\/radioljubuski.ba\/wp-content\/uploads\/2022\/05\/Zelim-ti-dobar-zivot_banner-696x441-1.jpg","articleSection":["BIH i regija"],"inLanguage":"hr"},{"@type":"WebPage","@id":"https:\/\/radioljubuski.ba\/index.php\/2022\/05\/26\/verbum-predstavljena-knjiga-zelim-ti-dobar-zivot\/","url":"https:\/\/radioljubuski.ba\/index.php\/2022\/05\/26\/verbum-predstavljena-knjiga-zelim-ti-dobar-zivot\/","name":"Verbum: Predstavljena knjiga \u2018\u017delim ti dobar \u017eivot\u2019 - RADIO LJUBU\u0160KI","isPartOf":{"@id":"https:\/\/radioljubuski.ba\/#website"},"primaryImageOfPage":{"@id":"https:\/\/radioljubuski.ba\/index.php\/2022\/05\/26\/verbum-predstavljena-knjiga-zelim-ti-dobar-zivot\/#primaryimage"},"image":{"@id":"https:\/\/radioljubuski.ba\/index.php\/2022\/05\/26\/verbum-predstavljena-knjiga-zelim-ti-dobar-zivot\/#primaryimage"},"thumbnailUrl":"https:\/\/radioljubuski.ba\/wp-content\/uploads\/2022\/05\/Zelim-ti-dobar-zivot_banner-696x441-1.jpg","datePublished":"2022-05-26T11:52:07+00:00","dateModified":"2022-05-26T11:52:09+00:00","breadcrumb":{"@id":"https:\/\/radioljubuski.ba\/index.php\/2022\/05\/26\/verbum-predstavljena-knjiga-zelim-ti-dobar-zivot\/#breadcrumb"},"inLanguage":"hr","potentialAction":[{"@type":"ReadAction","target":["https:\/\/radioljubuski.ba\/index.php\/2022\/05\/26\/verbum-predstavljena-knjiga-zelim-ti-dobar-zivot\/"]}]},{"@type":"ImageObject","inLanguage":"hr","@id":"https:\/\/radioljubuski.ba\/index.php\/2022\/05\/26\/verbum-predstavljena-knjiga-zelim-ti-dobar-zivot\/#primaryimage","url":"https:\/\/radioljubuski.ba\/wp-content\/uploads\/2022\/05\/Zelim-ti-dobar-zivot_banner-696x441-1.jpg","contentUrl":"https:\/\/radioljubuski.ba\/wp-content\/uploads\/2022\/05\/Zelim-ti-dobar-zivot_banner-696x441-1.jpg","width":696,"height":441},{"@type":"BreadcrumbList","@id":"https:\/\/radioljubuski.ba\/index.php\/2022\/05\/26\/verbum-predstavljena-knjiga-zelim-ti-dobar-zivot\/#breadcrumb","itemListElement":[{"@type":"ListItem","position":1,"name":"Po\u010detna stranica","item":"https:\/\/radioljubuski.ba\/"},{"@type":"ListItem","position":2,"name":"Verbum: Predstavljena knjiga \u2018\u017delim ti dobar \u017eivot\u2019"}]},{"@type":"WebSite","@id":"https:\/\/radioljubuski.ba\/#website","url":"https:\/\/radioljubuski.ba\/","name":"Radio Ljubu\u0161ki","description":"Sun\u010dana frekvencija Hercegovine","publisher":{"@id":"https:\/\/radioljubuski.ba\/#organization"},"potentialAction":[{"@type":"SearchAction","target":{"@type":"EntryPoint","urlTemplate":"https:\/\/radioljubuski.ba\/?s={search_term_string}"},"query-input":{"@type":"PropertyValueSpecification","valueRequired":true,"valueName":"search_term_string"}}],"inLanguage":"hr"},{"@type":"Organization","@id":"https:\/\/radioljubuski.ba\/#organization","name":"Radio Ljubu\u0161ki","url":"https:\/\/radioljubuski.ba\/","logo":{"@type":"ImageObject","inLanguage":"hr","@id":"https:\/\/radioljubuski.ba\/#\/schema\/logo\/image\/","url":"https:\/\/radioljubuski.ba\/wp-content\/uploads\/2021\/02\/cropped-Radio_Ljubuski_logo1.jpg","contentUrl":"https:\/\/radioljubuski.ba\/wp-content\/uploads\/2021\/02\/cropped-Radio_Ljubuski_logo1.jpg","width":512,"height":512,"caption":"Radio Ljubu\u0161ki"},"image":{"@id":"https:\/\/radioljubuski.ba\/#\/schema\/logo\/image\/"},"sameAs":["https:\/\/www.facebook.com\/Radiio-Ljubuski-1490835324566332","https:\/\/x.com\/radioljubuski","https:\/\/hr.linkedin.com\/company\/radio-ljubuski","https:\/\/www.youtube.com\/channel\/UCHYaeO_n0Db3tjNGudGpXyw"]},{"@type":"Person","@id":"https:\/\/radioljubuski.ba\/#\/schema\/person\/19fc700381a780f69665d7956c469e3b","name":"Radio Ljubu\u0161ki"}]}},"_links":{"self":[{"href":"https:\/\/radioljubuski.ba\/index.php\/wp-json\/wp\/v2\/posts\/144207","targetHints":{"allow":["GET"]}}],"collection":[{"href":"https:\/\/radioljubuski.ba\/index.php\/wp-json\/wp\/v2\/posts"}],"about":[{"href":"https:\/\/radioljubuski.ba\/index.php\/wp-json\/wp\/v2\/types\/post"}],"author":[{"embeddable":true,"href":"https:\/\/radioljubuski.ba\/index.php\/wp-json\/wp\/v2\/users\/2"}],"replies":[{"embeddable":true,"href":"https:\/\/radioljubuski.ba\/index.php\/wp-json\/wp\/v2\/comments?post=144207"}],"version-history":[{"count":1,"href":"https:\/\/radioljubuski.ba\/index.php\/wp-json\/wp\/v2\/posts\/144207\/revisions"}],"predecessor-version":[{"id":144209,"href":"https:\/\/radioljubuski.ba\/index.php\/wp-json\/wp\/v2\/posts\/144207\/revisions\/144209"}],"wp:featuredmedia":[{"embeddable":true,"href":"https:\/\/radioljubuski.ba\/index.php\/wp-json\/wp\/v2\/media\/144208"}],"wp:attachment":[{"href":"https:\/\/radioljubuski.ba\/index.php\/wp-json\/wp\/v2\/media?parent=144207"}],"wp:term":[{"taxonomy":"category","embeddable":true,"href":"https:\/\/radioljubuski.ba\/index.php\/wp-json\/wp\/v2\/categories?post=144207"},{"taxonomy":"post_tag","embeddable":true,"href":"https:\/\/radioljubuski.ba\/index.php\/wp-json\/wp\/v2\/tags?post=144207"}],"curies":[{"name":"wp","href":"https:\/\/api.w.org\/{rel}","templated":true}]}}