{"id":144225,"date":"2022-05-26T14:08:12","date_gmt":"2022-05-26T13:08:12","guid":{"rendered":"https:\/\/radioljubuski.ba\/?p=144225"},"modified":"2022-05-26T14:08:13","modified_gmt":"2022-05-26T13:08:13","slug":"mladen-grdovic-nakon-pada-na-pozornici-ne-zamjeram-nikom-ovaj-put-preuzimam-sve-na-sebe","status":"publish","type":"post","link":"https:\/\/radioljubuski.ba\/index.php\/2022\/05\/26\/mladen-grdovic-nakon-pada-na-pozornici-ne-zamjeram-nikom-ovaj-put-preuzimam-sve-na-sebe\/","title":{"rendered":"Mladen Grdovi\u0107 nakon pada na pozornici: Ne zamjeram nikom, ovaj put preuzimam sve na sebe"},"content":{"rendered":"\n<p>Mladen Grdovi\u0107 20. svibnja je nastupio na u Sloveniji na &#8216;Danima vinogradara&#8217;, ali publika nije dugo u\u017eivala u njegovom nastupu jer je pjeva\u010d pao i uskoro su ga odveli s pozornice.<\/p>\n\n\n\n<p>Na snimkama koje je publika objavila na dru\u0161tvenim mre\u017eama vidi se kako Mladen tetura na pozornici i poku\u0161ava odr\u017eati ravnote\u017eu dr\u017ee\u0107i se za stalak na kojem je mikrofon, ali nije mu po\u0161lo za rukom i pao je na pod. Kada je pao na pod poku\u0161ao je nastaviti s pjesmom, a ubrzo su ga za\u0161titari odnijeli s pozornice.i koncert je bio gotov.<\/p>\n\n\n\n<p>Zadarski pjeva\u010d sada se oglasio prvi put nakon \u0161to nije uspio odr\u017eati koncert jer ga je u tome o\u010dito sprije\u010dila koja \u010da\u0161ica alkohola.<\/p>\n\n\n\n<p>&#8211; Hvala svima na potpori. Ne zamjeram nikom, u ovom slu\u010daju preuzimam sve na sebe. Iza mene je 40 godina karijere. Dvadesetak puta Amerike, Australije, godinama sam odra\u0111ivao 200 koncerata godi\u0161nje. Jednom su pitali Micka Jaggera za\u0161to je pao na sceni u Chicagu, a on je sa smije\u0161kom odgovorio &#8216;pa nisam jedan put pao&#8217;&#8230; Idemo u nove pobjede. Voli vas Grdovi\u0107 &#8211; prenose <a href=\"https:\/\/www.24sata.hr\/show\/mladen-grdovic-nakon-pada-na-pozornici-ne-zamjeram-nikom-ovaj-put-preuzimam-sve-na-sebe-838088\" target=\"_blank\" rel=\"noreferrer noopener\">24 sata <\/a>Grdovi\u0107evu izjavu kojom se obratio svojoj publici.<\/p>\n\n\n\n<p>Zadnje dvije godine Mladenu je posebno te\u0161ko zbog razvoda od supruge Brankice i iako su navodno ostali u prijateljskim odnosima Grdovi\u0107 se ne mo\u017ee pomiriti s razvodom. Osim razvoda glazbenika je pogodila i smrt njegovog brata koji je preminuo prije godinu dana i s tim gubitkom se Mladen te\u0161ko nosi.&nbsp;<\/p>\n\n\n\n<p>Izvor:24sata.hr<\/p>\n","protected":false},"excerpt":{"rendered":"<p>Mladen Grdovi\u0107 20. svibnja je nastupio na u Sloveniji na &#8216;Danima vinogradara&#8217;, ali publika nije dugo u\u017eivala u njegovom nastupu jer je pjeva\u010d pao i uskoro su ga odveli s pozornice. Na snimkama koje je publika objavila na dru\u0161tvenim mre\u017eama vidi se kako Mladen tetura na pozornici i poku\u0161ava odr\u017eati ravnote\u017eu dr\u017ee\u0107i se za stalak [&hellip;]<\/p>\n","protected":false},"author":2,"featured_media":143320,"comment_status":"closed","ping_status":"closed","sticky":false,"template":"","format":"standard","meta":{"h5ap_radio_sources":[],"footnotes":""},"categories":[1],"tags":[],"class_list":["post-144225","post","type-post","status-publish","format-standard","has-post-thumbnail","hentry","category-bihiregija"],"yoast_head":"<!-- This site is optimized with the Yoast SEO plugin v27.5 - https:\/\/yoast.com\/product\/yoast-seo-wordpress\/ -->\n<title>Mladen Grdovi\u0107 nakon pada na pozornici: Ne zamjeram nikom, ovaj put preuzimam sve na sebe - RADIO LJUBU\u0160KI<\/title>\n<meta name=\"robots\" content=\"index, follow, max-snippet:-1, max-image-preview:large, max-video-preview:-1\" \/>\n<link rel=\"canonical\" href=\"https:\/\/radioljubuski.ba\/index.php\/2022\/05\/26\/mladen-grdovic-nakon-pada-na-pozornici-ne-zamjeram-nikom-ovaj-put-preuzimam-sve-na-sebe\/\" \/>\n<meta property=\"og:locale\" content=\"hr_HR\" \/>\n<meta property=\"og:type\" content=\"article\" \/>\n<meta property=\"og:title\" content=\"Mladen Grdovi\u0107 nakon pada na pozornici: Ne zamjeram nikom, ovaj put preuzimam sve na sebe - RADIO LJUBU\u0160KI\" \/>\n<meta property=\"og:description\" content=\"Mladen Grdovi\u0107 20. svibnja je nastupio na u Sloveniji na &#8216;Danima vinogradara&#8217;, ali publika nije dugo u\u017eivala u njegovom nastupu jer je pjeva\u010d pao i uskoro su ga odveli s pozornice. Na snimkama koje je publika objavila na dru\u0161tvenim mre\u017eama vidi se kako Mladen tetura na pozornici i poku\u0161ava odr\u017eati ravnote\u017eu dr\u017ee\u0107i se za stalak [&hellip;]\" \/>\n<meta property=\"og:url\" content=\"https:\/\/radioljubuski.ba\/index.php\/2022\/05\/26\/mladen-grdovic-nakon-pada-na-pozornici-ne-zamjeram-nikom-ovaj-put-preuzimam-sve-na-sebe\/\" \/>\n<meta property=\"og:site_name\" content=\"RADIO LJUBU\u0160KI\" \/>\n<meta property=\"article:publisher\" content=\"https:\/\/www.facebook.com\/Radiio-Ljubuski-1490835324566332\" \/>\n<meta property=\"article:published_time\" content=\"2022-05-26T13:08:12+00:00\" \/>\n<meta property=\"article:modified_time\" content=\"2022-05-26T13:08:13+00:00\" \/>\n<meta property=\"og:image\" content=\"https:\/\/radioljubuski.ba\/wp-content\/uploads\/2022\/05\/2-2022-05-22-11-32-12-grdovic.jpg\" \/>\n\t<meta property=\"og:image:width\" content=\"1000\" \/>\n\t<meta property=\"og:image:height\" content=\"625\" \/>\n\t<meta property=\"og:image:type\" content=\"image\/jpeg\" \/>\n<meta name=\"author\" content=\"Radio Ljubu\u0161ki\" \/>\n<meta name=\"twitter:card\" content=\"summary_large_image\" \/>\n<meta name=\"twitter:creator\" content=\"@radioljubuski\" \/>\n<meta name=\"twitter:site\" content=\"@radioljubuski\" \/>\n<meta name=\"twitter:label1\" content=\"Napisao\/la\" \/>\n\t<meta name=\"twitter:data1\" content=\"Radio Ljubu\u0161ki\" \/>\n\t<meta name=\"twitter:label2\" content=\"Procijenjeno vrijeme \u010ditanja\" \/>\n\t<meta name=\"twitter:data2\" content=\"2 minute\" \/>\n<script type=\"application\/ld+json\" class=\"yoast-schema-graph\">{\"@context\":\"https:\\\/\\\/schema.org\",\"@graph\":[{\"@type\":\"Article\",\"@id\":\"https:\\\/\\\/radioljubuski.ba\\\/index.php\\\/2022\\\/05\\\/26\\\/mladen-grdovic-nakon-pada-na-pozornici-ne-zamjeram-nikom-ovaj-put-preuzimam-sve-na-sebe\\\/#article\",\"isPartOf\":{\"@id\":\"https:\\\/\\\/radioljubuski.ba\\\/index.php\\\/2022\\\/05\\\/26\\\/mladen-grdovic-nakon-pada-na-pozornici-ne-zamjeram-nikom-ovaj-put-preuzimam-sve-na-sebe\\\/\"},\"author\":{\"name\":\"Radio Ljubu\u0161ki\",\"@id\":\"https:\\\/\\\/radioljubuski.ba\\\/#\\\/schema\\\/person\\\/19fc700381a780f69665d7956c469e3b\"},\"headline\":\"Mladen Grdovi\u0107 nakon pada na pozornici: Ne zamjeram nikom, ovaj put preuzimam sve na sebe\",\"datePublished\":\"2022-05-26T13:08:12+00:00\",\"dateModified\":\"2022-05-26T13:08:13+00:00\",\"mainEntityOfPage\":{\"@id\":\"https:\\\/\\\/radioljubuski.ba\\\/index.php\\\/2022\\\/05\\\/26\\\/mladen-grdovic-nakon-pada-na-pozornici-ne-zamjeram-nikom-ovaj-put-preuzimam-sve-na-sebe\\\/\"},\"wordCount\":277,\"publisher\":{\"@id\":\"https:\\\/\\\/radioljubuski.ba\\\/#organization\"},\"image\":{\"@id\":\"https:\\\/\\\/radioljubuski.ba\\\/index.php\\\/2022\\\/05\\\/26\\\/mladen-grdovic-nakon-pada-na-pozornici-ne-zamjeram-nikom-ovaj-put-preuzimam-sve-na-sebe\\\/#primaryimage\"},\"thumbnailUrl\":\"https:\\\/\\\/radioljubuski.ba\\\/wp-content\\\/uploads\\\/2022\\\/05\\\/2-2022-05-22-11-32-12-grdovic.jpg\",\"articleSection\":[\"BIH i regija\"],\"inLanguage\":\"hr\"},{\"@type\":\"WebPage\",\"@id\":\"https:\\\/\\\/radioljubuski.ba\\\/index.php\\\/2022\\\/05\\\/26\\\/mladen-grdovic-nakon-pada-na-pozornici-ne-zamjeram-nikom-ovaj-put-preuzimam-sve-na-sebe\\\/\",\"url\":\"https:\\\/\\\/radioljubuski.ba\\\/index.php\\\/2022\\\/05\\\/26\\\/mladen-grdovic-nakon-pada-na-pozornici-ne-zamjeram-nikom-ovaj-put-preuzimam-sve-na-sebe\\\/\",\"name\":\"Mladen Grdovi\u0107 nakon pada na pozornici: Ne zamjeram nikom, ovaj put preuzimam sve na sebe - RADIO LJUBU\u0160KI\",\"isPartOf\":{\"@id\":\"https:\\\/\\\/radioljubuski.ba\\\/#website\"},\"primaryImageOfPage\":{\"@id\":\"https:\\\/\\\/radioljubuski.ba\\\/index.php\\\/2022\\\/05\\\/26\\\/mladen-grdovic-nakon-pada-na-pozornici-ne-zamjeram-nikom-ovaj-put-preuzimam-sve-na-sebe\\\/#primaryimage\"},\"image\":{\"@id\":\"https:\\\/\\\/radioljubuski.ba\\\/index.php\\\/2022\\\/05\\\/26\\\/mladen-grdovic-nakon-pada-na-pozornici-ne-zamjeram-nikom-ovaj-put-preuzimam-sve-na-sebe\\\/#primaryimage\"},\"thumbnailUrl\":\"https:\\\/\\\/radioljubuski.ba\\\/wp-content\\\/uploads\\\/2022\\\/05\\\/2-2022-05-22-11-32-12-grdovic.jpg\",\"datePublished\":\"2022-05-26T13:08:12+00:00\",\"dateModified\":\"2022-05-26T13:08:13+00:00\",\"breadcrumb\":{\"@id\":\"https:\\\/\\\/radioljubuski.ba\\\/index.php\\\/2022\\\/05\\\/26\\\/mladen-grdovic-nakon-pada-na-pozornici-ne-zamjeram-nikom-ovaj-put-preuzimam-sve-na-sebe\\\/#breadcrumb\"},\"inLanguage\":\"hr\",\"potentialAction\":[{\"@type\":\"ReadAction\",\"target\":[\"https:\\\/\\\/radioljubuski.ba\\\/index.php\\\/2022\\\/05\\\/26\\\/mladen-grdovic-nakon-pada-na-pozornici-ne-zamjeram-nikom-ovaj-put-preuzimam-sve-na-sebe\\\/\"]}]},{\"@type\":\"ImageObject\",\"inLanguage\":\"hr\",\"@id\":\"https:\\\/\\\/radioljubuski.ba\\\/index.php\\\/2022\\\/05\\\/26\\\/mladen-grdovic-nakon-pada-na-pozornici-ne-zamjeram-nikom-ovaj-put-preuzimam-sve-na-sebe\\\/#primaryimage\",\"url\":\"https:\\\/\\\/radioljubuski.ba\\\/wp-content\\\/uploads\\\/2022\\\/05\\\/2-2022-05-22-11-32-12-grdovic.jpg\",\"contentUrl\":\"https:\\\/\\\/radioljubuski.ba\\\/wp-content\\\/uploads\\\/2022\\\/05\\\/2-2022-05-22-11-32-12-grdovic.jpg\",\"width\":1000,\"height\":625},{\"@type\":\"BreadcrumbList\",\"@id\":\"https:\\\/\\\/radioljubuski.ba\\\/index.php\\\/2022\\\/05\\\/26\\\/mladen-grdovic-nakon-pada-na-pozornici-ne-zamjeram-nikom-ovaj-put-preuzimam-sve-na-sebe\\\/#breadcrumb\",\"itemListElement\":[{\"@type\":\"ListItem\",\"position\":1,\"name\":\"Po\u010detna stranica\",\"item\":\"https:\\\/\\\/radioljubuski.ba\\\/\"},{\"@type\":\"ListItem\",\"position\":2,\"name\":\"Mladen Grdovi\u0107 nakon pada na pozornici: Ne zamjeram nikom, ovaj put preuzimam sve na sebe\"}]},{\"@type\":\"WebSite\",\"@id\":\"https:\\\/\\\/radioljubuski.ba\\\/#website\",\"url\":\"https:\\\/\\\/radioljubuski.ba\\\/\",\"name\":\"Radio Ljubu\u0161ki\",\"description\":\"Sun\u010dana frekvencija Hercegovine\",\"publisher\":{\"@id\":\"https:\\\/\\\/radioljubuski.ba\\\/#organization\"},\"potentialAction\":[{\"@type\":\"SearchAction\",\"target\":{\"@type\":\"EntryPoint\",\"urlTemplate\":\"https:\\\/\\\/radioljubuski.ba\\\/?s={search_term_string}\"},\"query-input\":{\"@type\":\"PropertyValueSpecification\",\"valueRequired\":true,\"valueName\":\"search_term_string\"}}],\"inLanguage\":\"hr\"},{\"@type\":\"Organization\",\"@id\":\"https:\\\/\\\/radioljubuski.ba\\\/#organization\",\"name\":\"Radio Ljubu\u0161ki\",\"url\":\"https:\\\/\\\/radioljubuski.ba\\\/\",\"logo\":{\"@type\":\"ImageObject\",\"inLanguage\":\"hr\",\"@id\":\"https:\\\/\\\/radioljubuski.ba\\\/#\\\/schema\\\/logo\\\/image\\\/\",\"url\":\"https:\\\/\\\/radioljubuski.ba\\\/wp-content\\\/uploads\\\/2021\\\/02\\\/cropped-Radio_Ljubuski_logo1.jpg\",\"contentUrl\":\"https:\\\/\\\/radioljubuski.ba\\\/wp-content\\\/uploads\\\/2021\\\/02\\\/cropped-Radio_Ljubuski_logo1.jpg\",\"width\":512,\"height\":512,\"caption\":\"Radio Ljubu\u0161ki\"},\"image\":{\"@id\":\"https:\\\/\\\/radioljubuski.ba\\\/#\\\/schema\\\/logo\\\/image\\\/\"},\"sameAs\":[\"https:\\\/\\\/www.facebook.com\\\/Radiio-Ljubuski-1490835324566332\",\"https:\\\/\\\/x.com\\\/radioljubuski\",\"https:\\\/\\\/hr.linkedin.com\\\/company\\\/radio-ljubuski\",\"https:\\\/\\\/www.youtube.com\\\/channel\\\/UCHYaeO_n0Db3tjNGudGpXyw\"]},{\"@type\":\"Person\",\"@id\":\"https:\\\/\\\/radioljubuski.ba\\\/#\\\/schema\\\/person\\\/19fc700381a780f69665d7956c469e3b\",\"name\":\"Radio Ljubu\u0161ki\"}]}<\/script>\n<!-- \/ Yoast SEO plugin. -->","yoast_head_json":{"title":"Mladen Grdovi\u0107 nakon pada na pozornici: Ne zamjeram nikom, ovaj put preuzimam sve na sebe - RADIO LJUBU\u0160KI","robots":{"index":"index","follow":"follow","max-snippet":"max-snippet:-1","max-image-preview":"max-image-preview:large","max-video-preview":"max-video-preview:-1"},"canonical":"https:\/\/radioljubuski.ba\/index.php\/2022\/05\/26\/mladen-grdovic-nakon-pada-na-pozornici-ne-zamjeram-nikom-ovaj-put-preuzimam-sve-na-sebe\/","og_locale":"hr_HR","og_type":"article","og_title":"Mladen Grdovi\u0107 nakon pada na pozornici: Ne zamjeram nikom, ovaj put preuzimam sve na sebe - RADIO LJUBU\u0160KI","og_description":"Mladen Grdovi\u0107 20. svibnja je nastupio na u Sloveniji na &#8216;Danima vinogradara&#8217;, ali publika nije dugo u\u017eivala u njegovom nastupu jer je pjeva\u010d pao i uskoro su ga odveli s pozornice. Na snimkama koje je publika objavila na dru\u0161tvenim mre\u017eama vidi se kako Mladen tetura na pozornici i poku\u0161ava odr\u017eati ravnote\u017eu dr\u017ee\u0107i se za stalak [&hellip;]","og_url":"https:\/\/radioljubuski.ba\/index.php\/2022\/05\/26\/mladen-grdovic-nakon-pada-na-pozornici-ne-zamjeram-nikom-ovaj-put-preuzimam-sve-na-sebe\/","og_site_name":"RADIO LJUBU\u0160KI","article_publisher":"https:\/\/www.facebook.com\/Radiio-Ljubuski-1490835324566332","article_published_time":"2022-05-26T13:08:12+00:00","article_modified_time":"2022-05-26T13:08:13+00:00","og_image":[{"width":1000,"height":625,"url":"https:\/\/radioljubuski.ba\/wp-content\/uploads\/2022\/05\/2-2022-05-22-11-32-12-grdovic.jpg","type":"image\/jpeg"}],"author":"Radio Ljubu\u0161ki","twitter_card":"summary_large_image","twitter_creator":"@radioljubuski","twitter_site":"@radioljubuski","twitter_misc":{"Napisao\/la":"Radio Ljubu\u0161ki","Procijenjeno vrijeme \u010ditanja":"2 minute"},"schema":{"@context":"https:\/\/schema.org","@graph":[{"@type":"Article","@id":"https:\/\/radioljubuski.ba\/index.php\/2022\/05\/26\/mladen-grdovic-nakon-pada-na-pozornici-ne-zamjeram-nikom-ovaj-put-preuzimam-sve-na-sebe\/#article","isPartOf":{"@id":"https:\/\/radioljubuski.ba\/index.php\/2022\/05\/26\/mladen-grdovic-nakon-pada-na-pozornici-ne-zamjeram-nikom-ovaj-put-preuzimam-sve-na-sebe\/"},"author":{"name":"Radio Ljubu\u0161ki","@id":"https:\/\/radioljubuski.ba\/#\/schema\/person\/19fc700381a780f69665d7956c469e3b"},"headline":"Mladen Grdovi\u0107 nakon pada na pozornici: Ne zamjeram nikom, ovaj put preuzimam sve na sebe","datePublished":"2022-05-26T13:08:12+00:00","dateModified":"2022-05-26T13:08:13+00:00","mainEntityOfPage":{"@id":"https:\/\/radioljubuski.ba\/index.php\/2022\/05\/26\/mladen-grdovic-nakon-pada-na-pozornici-ne-zamjeram-nikom-ovaj-put-preuzimam-sve-na-sebe\/"},"wordCount":277,"publisher":{"@id":"https:\/\/radioljubuski.ba\/#organization"},"image":{"@id":"https:\/\/radioljubuski.ba\/index.php\/2022\/05\/26\/mladen-grdovic-nakon-pada-na-pozornici-ne-zamjeram-nikom-ovaj-put-preuzimam-sve-na-sebe\/#primaryimage"},"thumbnailUrl":"https:\/\/radioljubuski.ba\/wp-content\/uploads\/2022\/05\/2-2022-05-22-11-32-12-grdovic.jpg","articleSection":["BIH i regija"],"inLanguage":"hr"},{"@type":"WebPage","@id":"https:\/\/radioljubuski.ba\/index.php\/2022\/05\/26\/mladen-grdovic-nakon-pada-na-pozornici-ne-zamjeram-nikom-ovaj-put-preuzimam-sve-na-sebe\/","url":"https:\/\/radioljubuski.ba\/index.php\/2022\/05\/26\/mladen-grdovic-nakon-pada-na-pozornici-ne-zamjeram-nikom-ovaj-put-preuzimam-sve-na-sebe\/","name":"Mladen Grdovi\u0107 nakon pada na pozornici: Ne zamjeram nikom, ovaj put preuzimam sve na sebe - RADIO LJUBU\u0160KI","isPartOf":{"@id":"https:\/\/radioljubuski.ba\/#website"},"primaryImageOfPage":{"@id":"https:\/\/radioljubuski.ba\/index.php\/2022\/05\/26\/mladen-grdovic-nakon-pada-na-pozornici-ne-zamjeram-nikom-ovaj-put-preuzimam-sve-na-sebe\/#primaryimage"},"image":{"@id":"https:\/\/radioljubuski.ba\/index.php\/2022\/05\/26\/mladen-grdovic-nakon-pada-na-pozornici-ne-zamjeram-nikom-ovaj-put-preuzimam-sve-na-sebe\/#primaryimage"},"thumbnailUrl":"https:\/\/radioljubuski.ba\/wp-content\/uploads\/2022\/05\/2-2022-05-22-11-32-12-grdovic.jpg","datePublished":"2022-05-26T13:08:12+00:00","dateModified":"2022-05-26T13:08:13+00:00","breadcrumb":{"@id":"https:\/\/radioljubuski.ba\/index.php\/2022\/05\/26\/mladen-grdovic-nakon-pada-na-pozornici-ne-zamjeram-nikom-ovaj-put-preuzimam-sve-na-sebe\/#breadcrumb"},"inLanguage":"hr","potentialAction":[{"@type":"ReadAction","target":["https:\/\/radioljubuski.ba\/index.php\/2022\/05\/26\/mladen-grdovic-nakon-pada-na-pozornici-ne-zamjeram-nikom-ovaj-put-preuzimam-sve-na-sebe\/"]}]},{"@type":"ImageObject","inLanguage":"hr","@id":"https:\/\/radioljubuski.ba\/index.php\/2022\/05\/26\/mladen-grdovic-nakon-pada-na-pozornici-ne-zamjeram-nikom-ovaj-put-preuzimam-sve-na-sebe\/#primaryimage","url":"https:\/\/radioljubuski.ba\/wp-content\/uploads\/2022\/05\/2-2022-05-22-11-32-12-grdovic.jpg","contentUrl":"https:\/\/radioljubuski.ba\/wp-content\/uploads\/2022\/05\/2-2022-05-22-11-32-12-grdovic.jpg","width":1000,"height":625},{"@type":"BreadcrumbList","@id":"https:\/\/radioljubuski.ba\/index.php\/2022\/05\/26\/mladen-grdovic-nakon-pada-na-pozornici-ne-zamjeram-nikom-ovaj-put-preuzimam-sve-na-sebe\/#breadcrumb","itemListElement":[{"@type":"ListItem","position":1,"name":"Po\u010detna stranica","item":"https:\/\/radioljubuski.ba\/"},{"@type":"ListItem","position":2,"name":"Mladen Grdovi\u0107 nakon pada na pozornici: Ne zamjeram nikom, ovaj put preuzimam sve na sebe"}]},{"@type":"WebSite","@id":"https:\/\/radioljubuski.ba\/#website","url":"https:\/\/radioljubuski.ba\/","name":"Radio Ljubu\u0161ki","description":"Sun\u010dana frekvencija Hercegovine","publisher":{"@id":"https:\/\/radioljubuski.ba\/#organization"},"potentialAction":[{"@type":"SearchAction","target":{"@type":"EntryPoint","urlTemplate":"https:\/\/radioljubuski.ba\/?s={search_term_string}"},"query-input":{"@type":"PropertyValueSpecification","valueRequired":true,"valueName":"search_term_string"}}],"inLanguage":"hr"},{"@type":"Organization","@id":"https:\/\/radioljubuski.ba\/#organization","name":"Radio Ljubu\u0161ki","url":"https:\/\/radioljubuski.ba\/","logo":{"@type":"ImageObject","inLanguage":"hr","@id":"https:\/\/radioljubuski.ba\/#\/schema\/logo\/image\/","url":"https:\/\/radioljubuski.ba\/wp-content\/uploads\/2021\/02\/cropped-Radio_Ljubuski_logo1.jpg","contentUrl":"https:\/\/radioljubuski.ba\/wp-content\/uploads\/2021\/02\/cropped-Radio_Ljubuski_logo1.jpg","width":512,"height":512,"caption":"Radio Ljubu\u0161ki"},"image":{"@id":"https:\/\/radioljubuski.ba\/#\/schema\/logo\/image\/"},"sameAs":["https:\/\/www.facebook.com\/Radiio-Ljubuski-1490835324566332","https:\/\/x.com\/radioljubuski","https:\/\/hr.linkedin.com\/company\/radio-ljubuski","https:\/\/www.youtube.com\/channel\/UCHYaeO_n0Db3tjNGudGpXyw"]},{"@type":"Person","@id":"https:\/\/radioljubuski.ba\/#\/schema\/person\/19fc700381a780f69665d7956c469e3b","name":"Radio Ljubu\u0161ki"}]}},"_links":{"self":[{"href":"https:\/\/radioljubuski.ba\/index.php\/wp-json\/wp\/v2\/posts\/144225","targetHints":{"allow":["GET"]}}],"collection":[{"href":"https:\/\/radioljubuski.ba\/index.php\/wp-json\/wp\/v2\/posts"}],"about":[{"href":"https:\/\/radioljubuski.ba\/index.php\/wp-json\/wp\/v2\/types\/post"}],"author":[{"embeddable":true,"href":"https:\/\/radioljubuski.ba\/index.php\/wp-json\/wp\/v2\/users\/2"}],"replies":[{"embeddable":true,"href":"https:\/\/radioljubuski.ba\/index.php\/wp-json\/wp\/v2\/comments?post=144225"}],"version-history":[{"count":1,"href":"https:\/\/radioljubuski.ba\/index.php\/wp-json\/wp\/v2\/posts\/144225\/revisions"}],"predecessor-version":[{"id":144226,"href":"https:\/\/radioljubuski.ba\/index.php\/wp-json\/wp\/v2\/posts\/144225\/revisions\/144226"}],"wp:featuredmedia":[{"embeddable":true,"href":"https:\/\/radioljubuski.ba\/index.php\/wp-json\/wp\/v2\/media\/143320"}],"wp:attachment":[{"href":"https:\/\/radioljubuski.ba\/index.php\/wp-json\/wp\/v2\/media?parent=144225"}],"wp:term":[{"taxonomy":"category","embeddable":true,"href":"https:\/\/radioljubuski.ba\/index.php\/wp-json\/wp\/v2\/categories?post=144225"},{"taxonomy":"post_tag","embeddable":true,"href":"https:\/\/radioljubuski.ba\/index.php\/wp-json\/wp\/v2\/tags?post=144225"}],"curies":[{"name":"wp","href":"https:\/\/api.w.org\/{rel}","templated":true}]}}