{"id":144229,"date":"2022-05-26T14:10:27","date_gmt":"2022-05-26T13:10:27","guid":{"rendered":"https:\/\/radioljubuski.ba\/?p=144229"},"modified":"2022-05-26T14:10:28","modified_gmt":"2022-05-26T13:10:28","slug":"hrvatska-uvodi-se-ocinski-dopust-placat-ce-ga-drzava-u-visini-pune-place","status":"publish","type":"post","link":"https:\/\/radioljubuski.ba\/index.php\/2022\/05\/26\/hrvatska-uvodi-se-ocinski-dopust-placat-ce-ga-drzava-u-visini-pune-place\/","title":{"rendered":"Hrvatska: Uvodi se o\u010dinski dopust, pla\u0107at \u0107e ga dr\u017eava u visini pune pla\u0107e"},"content":{"rendered":"\n<p>Nacrt prijedloga Zakona o rodiljnim i roditeljskim potporama uskoro \u0107e biti upu\u0107en u javnu raspravu i potom u daljnju proceduru, potvr\u0111eno je iz Sredi\u0161njega dr\u017eavnog ureda za demografiju i mlade.<\/p>\n\n\n\n<p>Prema prijedlogu, predvi\u0111eno je uvo\u0111enje novog prava \u2013 o\u010dinskog dopusta za zaposlene i samozaposlene o\u010deve u trajanju od deset radnih dana, a planirano je da naknadu tijekom dopusta u potpunosti podmiruje dr\u017eava te da ona odgovara o\u010devoj punoj pla\u0107i, bez gornjeg limita, pi\u0161e Jutarnji list.<\/p>\n\n\n\n<p>Dopust ne\u0107e biti obvezan, nego dobrovoljan, a mo\u0107i \u0107e se iskoristiti u periodu isklju\u010divo nakon ro\u0111enja djeteta. Pove\u0107at \u0107e se i naknade za drugih \u0161est mjeseci dopusta nakon ro\u0111enja djeteta, i to sa sada\u0161njih 5654,20 kuna na 7500 kuna, no naknada za roditelje blizanaca, tre\u0107eg i svakog sljede\u0107eg djeteta, koji imaju pravo na dopust do tre\u0107e godine djetetova \u017eivota, ostat \u0107e ista \u2013 veoma niskih 2328,20 kuna mjese\u010dno.<\/p>\n\n\n\n<p>Ovakav prijedlog uvo\u0111enja o\u010dinskog dopusta dio je obveznog uskla\u0111ivanja hrvatskoga zakonodavstva s Direktivom o ravnote\u017ei izme\u0111u poslovnog i privatnog \u017eivota roditelja, donesenom jo\u0161 2019. godine, a zadani rok za po\u010detak primjene je 2. kolovoza ove godine. Direktiva propisuje da broj zajam\u010denih pla\u0107enih dana o\u010dinskog dopusta ne smije biti manji od deset, a visina naknade ne smije biti ni\u017ea od one koja je nacionalnim zakonodavstvom propisana tijekom bolovanja. Tko podmiruje naknadu, Direktiva ne propisuje, a kod nas se vodila ozbiljna rasprava o tome trebaju li je pokrivati poslodavci ili dr\u017eava. Sada je odlu\u010deno \u2013 bit \u0107e na teret dr\u017eavnog prora\u010duna za \u0161to bi, prema grubom izra\u010dunu, trebalo izdvojiti oko 50 milijuna kuna godi\u0161nje.<\/p>\n\n\n\n<p>\u0160to se ti\u010de rodiljnih naknada za roditelje blizanaca, tre\u0107eg i svakog sljede\u0107eg djeteta, koji time ostvaruju pravo na tri godine dopusta, nakon prve godine ipak ne\u0107e biti financijskog pobolj\u0161anja.<\/p>\n\n\n\n<p>Dr\u017eavna tajnica Sredi\u0161njega dr\u017eavnog ureda za demografiju \u017deljka Josi\u0107 rekla je Jutarnjem listu kako \u0107e predlo\u017eeno rje\u0161enje, kojim se predvi\u0111a pove\u0107anje materijalnih prava, utjecati na pobolj\u0161anje statusa roditelja, a time i osigurati pozitivno okru\u017eenje za sve budu\u0107e i mlade roditelje.<\/p>\n\n\n\n<p>\u201cVjerujemo da \u0107e uvo\u0111enje o\u010dinskog dopusta dodatno potaknuti i o\u010deve na njihovo uklju\u010divanje u ranu skrb o novoro\u0111enom djetetu te tako omogu\u0107iti zajedni\u010dko u\u017eivanje u roditeljstvu, majke i oca, u prvim danima djetetova \u017eivota\u201d, zaklju\u010duje Josi\u0107.<\/p>\n\n\n\n<p>Izvor.jutarnji.hr<\/p>\n","protected":false},"excerpt":{"rendered":"<p>Nacrt prijedloga Zakona o rodiljnim i roditeljskim potporama uskoro \u0107e biti upu\u0107en u javnu raspravu i potom u daljnju proceduru, potvr\u0111eno je iz Sredi\u0161njega dr\u017eavnog ureda za demografiju i mlade. Prema prijedlogu, predvi\u0111eno je uvo\u0111enje novog prava \u2013 o\u010dinskog dopusta za zaposlene i samozaposlene o\u010deve u trajanju od deset radnih dana, a planirano je da [&hellip;]<\/p>\n","protected":false},"author":2,"featured_media":144230,"comment_status":"closed","ping_status":"closed","sticky":false,"template":"","format":"standard","meta":{"h5ap_radio_sources":[],"footnotes":""},"categories":[1],"tags":[],"class_list":["post-144229","post","type-post","status-publish","format-standard","has-post-thumbnail","hentry","category-bihiregija"],"yoast_head":"<!-- This site is optimized with the Yoast SEO plugin v27.5 - https:\/\/yoast.com\/product\/yoast-seo-wordpress\/ -->\n<title>Hrvatska: Uvodi se o\u010dinski dopust, pla\u0107at \u0107e ga dr\u017eava u visini pune pla\u0107e - RADIO LJUBU\u0160KI<\/title>\n<meta name=\"robots\" content=\"index, follow, max-snippet:-1, max-image-preview:large, max-video-preview:-1\" \/>\n<link rel=\"canonical\" href=\"https:\/\/radioljubuski.ba\/index.php\/2022\/05\/26\/hrvatska-uvodi-se-ocinski-dopust-placat-ce-ga-drzava-u-visini-pune-place\/\" \/>\n<meta property=\"og:locale\" content=\"hr_HR\" \/>\n<meta property=\"og:type\" content=\"article\" \/>\n<meta property=\"og:title\" content=\"Hrvatska: Uvodi se o\u010dinski dopust, pla\u0107at \u0107e ga dr\u017eava u visini pune pla\u0107e - RADIO LJUBU\u0160KI\" \/>\n<meta property=\"og:description\" content=\"Nacrt prijedloga Zakona o rodiljnim i roditeljskim potporama uskoro \u0107e biti upu\u0107en u javnu raspravu i potom u daljnju proceduru, potvr\u0111eno je iz Sredi\u0161njega dr\u017eavnog ureda za demografiju i mlade. Prema prijedlogu, predvi\u0111eno je uvo\u0111enje novog prava \u2013 o\u010dinskog dopusta za zaposlene i samozaposlene o\u010deve u trajanju od deset radnih dana, a planirano je da [&hellip;]\" \/>\n<meta property=\"og:url\" content=\"https:\/\/radioljubuski.ba\/index.php\/2022\/05\/26\/hrvatska-uvodi-se-ocinski-dopust-placat-ce-ga-drzava-u-visini-pune-place\/\" \/>\n<meta property=\"og:site_name\" content=\"RADIO LJUBU\u0160KI\" \/>\n<meta property=\"article:publisher\" content=\"https:\/\/www.facebook.com\/Radiio-Ljubuski-1490835324566332\" \/>\n<meta property=\"article:published_time\" content=\"2022-05-26T13:10:27+00:00\" \/>\n<meta property=\"article:modified_time\" content=\"2022-05-26T13:10:28+00:00\" \/>\n<meta property=\"og:image\" content=\"https:\/\/radioljubuski.ba\/wp-content\/uploads\/2022\/05\/8-2022-05-26-12-00-26-otac-dijete.jpg\" \/>\n\t<meta property=\"og:image:width\" content=\"1000\" \/>\n\t<meta property=\"og:image:height\" content=\"625\" \/>\n\t<meta property=\"og:image:type\" content=\"image\/jpeg\" \/>\n<meta name=\"author\" content=\"Radio Ljubu\u0161ki\" \/>\n<meta name=\"twitter:card\" content=\"summary_large_image\" \/>\n<meta name=\"twitter:creator\" content=\"@radioljubuski\" \/>\n<meta name=\"twitter:site\" content=\"@radioljubuski\" \/>\n<meta name=\"twitter:label1\" content=\"Napisao\/la\" \/>\n\t<meta name=\"twitter:data1\" content=\"Radio Ljubu\u0161ki\" \/>\n\t<meta name=\"twitter:label2\" content=\"Procijenjeno vrijeme \u010ditanja\" \/>\n\t<meta name=\"twitter:data2\" content=\"2 minute\" \/>\n<script type=\"application\/ld+json\" class=\"yoast-schema-graph\">{\"@context\":\"https:\\\/\\\/schema.org\",\"@graph\":[{\"@type\":\"Article\",\"@id\":\"https:\\\/\\\/radioljubuski.ba\\\/index.php\\\/2022\\\/05\\\/26\\\/hrvatska-uvodi-se-ocinski-dopust-placat-ce-ga-drzava-u-visini-pune-place\\\/#article\",\"isPartOf\":{\"@id\":\"https:\\\/\\\/radioljubuski.ba\\\/index.php\\\/2022\\\/05\\\/26\\\/hrvatska-uvodi-se-ocinski-dopust-placat-ce-ga-drzava-u-visini-pune-place\\\/\"},\"author\":{\"name\":\"Radio Ljubu\u0161ki\",\"@id\":\"https:\\\/\\\/radioljubuski.ba\\\/#\\\/schema\\\/person\\\/19fc700381a780f69665d7956c469e3b\"},\"headline\":\"Hrvatska: Uvodi se o\u010dinski dopust, pla\u0107at \u0107e ga dr\u017eava u visini pune pla\u0107e\",\"datePublished\":\"2022-05-26T13:10:27+00:00\",\"dateModified\":\"2022-05-26T13:10:28+00:00\",\"mainEntityOfPage\":{\"@id\":\"https:\\\/\\\/radioljubuski.ba\\\/index.php\\\/2022\\\/05\\\/26\\\/hrvatska-uvodi-se-ocinski-dopust-placat-ce-ga-drzava-u-visini-pune-place\\\/\"},\"wordCount\":434,\"publisher\":{\"@id\":\"https:\\\/\\\/radioljubuski.ba\\\/#organization\"},\"image\":{\"@id\":\"https:\\\/\\\/radioljubuski.ba\\\/index.php\\\/2022\\\/05\\\/26\\\/hrvatska-uvodi-se-ocinski-dopust-placat-ce-ga-drzava-u-visini-pune-place\\\/#primaryimage\"},\"thumbnailUrl\":\"https:\\\/\\\/radioljubuski.ba\\\/wp-content\\\/uploads\\\/2022\\\/05\\\/8-2022-05-26-12-00-26-otac-dijete.jpg\",\"articleSection\":[\"BIH i regija\"],\"inLanguage\":\"hr\"},{\"@type\":\"WebPage\",\"@id\":\"https:\\\/\\\/radioljubuski.ba\\\/index.php\\\/2022\\\/05\\\/26\\\/hrvatska-uvodi-se-ocinski-dopust-placat-ce-ga-drzava-u-visini-pune-place\\\/\",\"url\":\"https:\\\/\\\/radioljubuski.ba\\\/index.php\\\/2022\\\/05\\\/26\\\/hrvatska-uvodi-se-ocinski-dopust-placat-ce-ga-drzava-u-visini-pune-place\\\/\",\"name\":\"Hrvatska: Uvodi se o\u010dinski dopust, pla\u0107at \u0107e ga dr\u017eava u visini pune pla\u0107e - RADIO LJUBU\u0160KI\",\"isPartOf\":{\"@id\":\"https:\\\/\\\/radioljubuski.ba\\\/#website\"},\"primaryImageOfPage\":{\"@id\":\"https:\\\/\\\/radioljubuski.ba\\\/index.php\\\/2022\\\/05\\\/26\\\/hrvatska-uvodi-se-ocinski-dopust-placat-ce-ga-drzava-u-visini-pune-place\\\/#primaryimage\"},\"image\":{\"@id\":\"https:\\\/\\\/radioljubuski.ba\\\/index.php\\\/2022\\\/05\\\/26\\\/hrvatska-uvodi-se-ocinski-dopust-placat-ce-ga-drzava-u-visini-pune-place\\\/#primaryimage\"},\"thumbnailUrl\":\"https:\\\/\\\/radioljubuski.ba\\\/wp-content\\\/uploads\\\/2022\\\/05\\\/8-2022-05-26-12-00-26-otac-dijete.jpg\",\"datePublished\":\"2022-05-26T13:10:27+00:00\",\"dateModified\":\"2022-05-26T13:10:28+00:00\",\"breadcrumb\":{\"@id\":\"https:\\\/\\\/radioljubuski.ba\\\/index.php\\\/2022\\\/05\\\/26\\\/hrvatska-uvodi-se-ocinski-dopust-placat-ce-ga-drzava-u-visini-pune-place\\\/#breadcrumb\"},\"inLanguage\":\"hr\",\"potentialAction\":[{\"@type\":\"ReadAction\",\"target\":[\"https:\\\/\\\/radioljubuski.ba\\\/index.php\\\/2022\\\/05\\\/26\\\/hrvatska-uvodi-se-ocinski-dopust-placat-ce-ga-drzava-u-visini-pune-place\\\/\"]}]},{\"@type\":\"ImageObject\",\"inLanguage\":\"hr\",\"@id\":\"https:\\\/\\\/radioljubuski.ba\\\/index.php\\\/2022\\\/05\\\/26\\\/hrvatska-uvodi-se-ocinski-dopust-placat-ce-ga-drzava-u-visini-pune-place\\\/#primaryimage\",\"url\":\"https:\\\/\\\/radioljubuski.ba\\\/wp-content\\\/uploads\\\/2022\\\/05\\\/8-2022-05-26-12-00-26-otac-dijete.jpg\",\"contentUrl\":\"https:\\\/\\\/radioljubuski.ba\\\/wp-content\\\/uploads\\\/2022\\\/05\\\/8-2022-05-26-12-00-26-otac-dijete.jpg\",\"width\":1000,\"height\":625},{\"@type\":\"BreadcrumbList\",\"@id\":\"https:\\\/\\\/radioljubuski.ba\\\/index.php\\\/2022\\\/05\\\/26\\\/hrvatska-uvodi-se-ocinski-dopust-placat-ce-ga-drzava-u-visini-pune-place\\\/#breadcrumb\",\"itemListElement\":[{\"@type\":\"ListItem\",\"position\":1,\"name\":\"Po\u010detna stranica\",\"item\":\"https:\\\/\\\/radioljubuski.ba\\\/\"},{\"@type\":\"ListItem\",\"position\":2,\"name\":\"Hrvatska: Uvodi se o\u010dinski dopust, pla\u0107at \u0107e ga dr\u017eava u visini pune pla\u0107e\"}]},{\"@type\":\"WebSite\",\"@id\":\"https:\\\/\\\/radioljubuski.ba\\\/#website\",\"url\":\"https:\\\/\\\/radioljubuski.ba\\\/\",\"name\":\"Radio Ljubu\u0161ki\",\"description\":\"Sun\u010dana frekvencija Hercegovine\",\"publisher\":{\"@id\":\"https:\\\/\\\/radioljubuski.ba\\\/#organization\"},\"potentialAction\":[{\"@type\":\"SearchAction\",\"target\":{\"@type\":\"EntryPoint\",\"urlTemplate\":\"https:\\\/\\\/radioljubuski.ba\\\/?s={search_term_string}\"},\"query-input\":{\"@type\":\"PropertyValueSpecification\",\"valueRequired\":true,\"valueName\":\"search_term_string\"}}],\"inLanguage\":\"hr\"},{\"@type\":\"Organization\",\"@id\":\"https:\\\/\\\/radioljubuski.ba\\\/#organization\",\"name\":\"Radio Ljubu\u0161ki\",\"url\":\"https:\\\/\\\/radioljubuski.ba\\\/\",\"logo\":{\"@type\":\"ImageObject\",\"inLanguage\":\"hr\",\"@id\":\"https:\\\/\\\/radioljubuski.ba\\\/#\\\/schema\\\/logo\\\/image\\\/\",\"url\":\"https:\\\/\\\/radioljubuski.ba\\\/wp-content\\\/uploads\\\/2021\\\/02\\\/cropped-Radio_Ljubuski_logo1.jpg\",\"contentUrl\":\"https:\\\/\\\/radioljubuski.ba\\\/wp-content\\\/uploads\\\/2021\\\/02\\\/cropped-Radio_Ljubuski_logo1.jpg\",\"width\":512,\"height\":512,\"caption\":\"Radio Ljubu\u0161ki\"},\"image\":{\"@id\":\"https:\\\/\\\/radioljubuski.ba\\\/#\\\/schema\\\/logo\\\/image\\\/\"},\"sameAs\":[\"https:\\\/\\\/www.facebook.com\\\/Radiio-Ljubuski-1490835324566332\",\"https:\\\/\\\/x.com\\\/radioljubuski\",\"https:\\\/\\\/hr.linkedin.com\\\/company\\\/radio-ljubuski\",\"https:\\\/\\\/www.youtube.com\\\/channel\\\/UCHYaeO_n0Db3tjNGudGpXyw\"]},{\"@type\":\"Person\",\"@id\":\"https:\\\/\\\/radioljubuski.ba\\\/#\\\/schema\\\/person\\\/19fc700381a780f69665d7956c469e3b\",\"name\":\"Radio Ljubu\u0161ki\"}]}<\/script>\n<!-- \/ Yoast SEO plugin. -->","yoast_head_json":{"title":"Hrvatska: Uvodi se o\u010dinski dopust, pla\u0107at \u0107e ga dr\u017eava u visini pune pla\u0107e - RADIO LJUBU\u0160KI","robots":{"index":"index","follow":"follow","max-snippet":"max-snippet:-1","max-image-preview":"max-image-preview:large","max-video-preview":"max-video-preview:-1"},"canonical":"https:\/\/radioljubuski.ba\/index.php\/2022\/05\/26\/hrvatska-uvodi-se-ocinski-dopust-placat-ce-ga-drzava-u-visini-pune-place\/","og_locale":"hr_HR","og_type":"article","og_title":"Hrvatska: Uvodi se o\u010dinski dopust, pla\u0107at \u0107e ga dr\u017eava u visini pune pla\u0107e - RADIO LJUBU\u0160KI","og_description":"Nacrt prijedloga Zakona o rodiljnim i roditeljskim potporama uskoro \u0107e biti upu\u0107en u javnu raspravu i potom u daljnju proceduru, potvr\u0111eno je iz Sredi\u0161njega dr\u017eavnog ureda za demografiju i mlade. Prema prijedlogu, predvi\u0111eno je uvo\u0111enje novog prava \u2013 o\u010dinskog dopusta za zaposlene i samozaposlene o\u010deve u trajanju od deset radnih dana, a planirano je da [&hellip;]","og_url":"https:\/\/radioljubuski.ba\/index.php\/2022\/05\/26\/hrvatska-uvodi-se-ocinski-dopust-placat-ce-ga-drzava-u-visini-pune-place\/","og_site_name":"RADIO LJUBU\u0160KI","article_publisher":"https:\/\/www.facebook.com\/Radiio-Ljubuski-1490835324566332","article_published_time":"2022-05-26T13:10:27+00:00","article_modified_time":"2022-05-26T13:10:28+00:00","og_image":[{"width":1000,"height":625,"url":"https:\/\/radioljubuski.ba\/wp-content\/uploads\/2022\/05\/8-2022-05-26-12-00-26-otac-dijete.jpg","type":"image\/jpeg"}],"author":"Radio Ljubu\u0161ki","twitter_card":"summary_large_image","twitter_creator":"@radioljubuski","twitter_site":"@radioljubuski","twitter_misc":{"Napisao\/la":"Radio Ljubu\u0161ki","Procijenjeno vrijeme \u010ditanja":"2 minute"},"schema":{"@context":"https:\/\/schema.org","@graph":[{"@type":"Article","@id":"https:\/\/radioljubuski.ba\/index.php\/2022\/05\/26\/hrvatska-uvodi-se-ocinski-dopust-placat-ce-ga-drzava-u-visini-pune-place\/#article","isPartOf":{"@id":"https:\/\/radioljubuski.ba\/index.php\/2022\/05\/26\/hrvatska-uvodi-se-ocinski-dopust-placat-ce-ga-drzava-u-visini-pune-place\/"},"author":{"name":"Radio Ljubu\u0161ki","@id":"https:\/\/radioljubuski.ba\/#\/schema\/person\/19fc700381a780f69665d7956c469e3b"},"headline":"Hrvatska: Uvodi se o\u010dinski dopust, pla\u0107at \u0107e ga dr\u017eava u visini pune pla\u0107e","datePublished":"2022-05-26T13:10:27+00:00","dateModified":"2022-05-26T13:10:28+00:00","mainEntityOfPage":{"@id":"https:\/\/radioljubuski.ba\/index.php\/2022\/05\/26\/hrvatska-uvodi-se-ocinski-dopust-placat-ce-ga-drzava-u-visini-pune-place\/"},"wordCount":434,"publisher":{"@id":"https:\/\/radioljubuski.ba\/#organization"},"image":{"@id":"https:\/\/radioljubuski.ba\/index.php\/2022\/05\/26\/hrvatska-uvodi-se-ocinski-dopust-placat-ce-ga-drzava-u-visini-pune-place\/#primaryimage"},"thumbnailUrl":"https:\/\/radioljubuski.ba\/wp-content\/uploads\/2022\/05\/8-2022-05-26-12-00-26-otac-dijete.jpg","articleSection":["BIH i regija"],"inLanguage":"hr"},{"@type":"WebPage","@id":"https:\/\/radioljubuski.ba\/index.php\/2022\/05\/26\/hrvatska-uvodi-se-ocinski-dopust-placat-ce-ga-drzava-u-visini-pune-place\/","url":"https:\/\/radioljubuski.ba\/index.php\/2022\/05\/26\/hrvatska-uvodi-se-ocinski-dopust-placat-ce-ga-drzava-u-visini-pune-place\/","name":"Hrvatska: Uvodi se o\u010dinski dopust, pla\u0107at \u0107e ga dr\u017eava u visini pune pla\u0107e - RADIO LJUBU\u0160KI","isPartOf":{"@id":"https:\/\/radioljubuski.ba\/#website"},"primaryImageOfPage":{"@id":"https:\/\/radioljubuski.ba\/index.php\/2022\/05\/26\/hrvatska-uvodi-se-ocinski-dopust-placat-ce-ga-drzava-u-visini-pune-place\/#primaryimage"},"image":{"@id":"https:\/\/radioljubuski.ba\/index.php\/2022\/05\/26\/hrvatska-uvodi-se-ocinski-dopust-placat-ce-ga-drzava-u-visini-pune-place\/#primaryimage"},"thumbnailUrl":"https:\/\/radioljubuski.ba\/wp-content\/uploads\/2022\/05\/8-2022-05-26-12-00-26-otac-dijete.jpg","datePublished":"2022-05-26T13:10:27+00:00","dateModified":"2022-05-26T13:10:28+00:00","breadcrumb":{"@id":"https:\/\/radioljubuski.ba\/index.php\/2022\/05\/26\/hrvatska-uvodi-se-ocinski-dopust-placat-ce-ga-drzava-u-visini-pune-place\/#breadcrumb"},"inLanguage":"hr","potentialAction":[{"@type":"ReadAction","target":["https:\/\/radioljubuski.ba\/index.php\/2022\/05\/26\/hrvatska-uvodi-se-ocinski-dopust-placat-ce-ga-drzava-u-visini-pune-place\/"]}]},{"@type":"ImageObject","inLanguage":"hr","@id":"https:\/\/radioljubuski.ba\/index.php\/2022\/05\/26\/hrvatska-uvodi-se-ocinski-dopust-placat-ce-ga-drzava-u-visini-pune-place\/#primaryimage","url":"https:\/\/radioljubuski.ba\/wp-content\/uploads\/2022\/05\/8-2022-05-26-12-00-26-otac-dijete.jpg","contentUrl":"https:\/\/radioljubuski.ba\/wp-content\/uploads\/2022\/05\/8-2022-05-26-12-00-26-otac-dijete.jpg","width":1000,"height":625},{"@type":"BreadcrumbList","@id":"https:\/\/radioljubuski.ba\/index.php\/2022\/05\/26\/hrvatska-uvodi-se-ocinski-dopust-placat-ce-ga-drzava-u-visini-pune-place\/#breadcrumb","itemListElement":[{"@type":"ListItem","position":1,"name":"Po\u010detna stranica","item":"https:\/\/radioljubuski.ba\/"},{"@type":"ListItem","position":2,"name":"Hrvatska: Uvodi se o\u010dinski dopust, pla\u0107at \u0107e ga dr\u017eava u visini pune pla\u0107e"}]},{"@type":"WebSite","@id":"https:\/\/radioljubuski.ba\/#website","url":"https:\/\/radioljubuski.ba\/","name":"Radio Ljubu\u0161ki","description":"Sun\u010dana frekvencija Hercegovine","publisher":{"@id":"https:\/\/radioljubuski.ba\/#organization"},"potentialAction":[{"@type":"SearchAction","target":{"@type":"EntryPoint","urlTemplate":"https:\/\/radioljubuski.ba\/?s={search_term_string}"},"query-input":{"@type":"PropertyValueSpecification","valueRequired":true,"valueName":"search_term_string"}}],"inLanguage":"hr"},{"@type":"Organization","@id":"https:\/\/radioljubuski.ba\/#organization","name":"Radio Ljubu\u0161ki","url":"https:\/\/radioljubuski.ba\/","logo":{"@type":"ImageObject","inLanguage":"hr","@id":"https:\/\/radioljubuski.ba\/#\/schema\/logo\/image\/","url":"https:\/\/radioljubuski.ba\/wp-content\/uploads\/2021\/02\/cropped-Radio_Ljubuski_logo1.jpg","contentUrl":"https:\/\/radioljubuski.ba\/wp-content\/uploads\/2021\/02\/cropped-Radio_Ljubuski_logo1.jpg","width":512,"height":512,"caption":"Radio Ljubu\u0161ki"},"image":{"@id":"https:\/\/radioljubuski.ba\/#\/schema\/logo\/image\/"},"sameAs":["https:\/\/www.facebook.com\/Radiio-Ljubuski-1490835324566332","https:\/\/x.com\/radioljubuski","https:\/\/hr.linkedin.com\/company\/radio-ljubuski","https:\/\/www.youtube.com\/channel\/UCHYaeO_n0Db3tjNGudGpXyw"]},{"@type":"Person","@id":"https:\/\/radioljubuski.ba\/#\/schema\/person\/19fc700381a780f69665d7956c469e3b","name":"Radio Ljubu\u0161ki"}]}},"_links":{"self":[{"href":"https:\/\/radioljubuski.ba\/index.php\/wp-json\/wp\/v2\/posts\/144229","targetHints":{"allow":["GET"]}}],"collection":[{"href":"https:\/\/radioljubuski.ba\/index.php\/wp-json\/wp\/v2\/posts"}],"about":[{"href":"https:\/\/radioljubuski.ba\/index.php\/wp-json\/wp\/v2\/types\/post"}],"author":[{"embeddable":true,"href":"https:\/\/radioljubuski.ba\/index.php\/wp-json\/wp\/v2\/users\/2"}],"replies":[{"embeddable":true,"href":"https:\/\/radioljubuski.ba\/index.php\/wp-json\/wp\/v2\/comments?post=144229"}],"version-history":[{"count":1,"href":"https:\/\/radioljubuski.ba\/index.php\/wp-json\/wp\/v2\/posts\/144229\/revisions"}],"predecessor-version":[{"id":144231,"href":"https:\/\/radioljubuski.ba\/index.php\/wp-json\/wp\/v2\/posts\/144229\/revisions\/144231"}],"wp:featuredmedia":[{"embeddable":true,"href":"https:\/\/radioljubuski.ba\/index.php\/wp-json\/wp\/v2\/media\/144230"}],"wp:attachment":[{"href":"https:\/\/radioljubuski.ba\/index.php\/wp-json\/wp\/v2\/media?parent=144229"}],"wp:term":[{"taxonomy":"category","embeddable":true,"href":"https:\/\/radioljubuski.ba\/index.php\/wp-json\/wp\/v2\/categories?post=144229"},{"taxonomy":"post_tag","embeddable":true,"href":"https:\/\/radioljubuski.ba\/index.php\/wp-json\/wp\/v2\/tags?post=144229"}],"curies":[{"name":"wp","href":"https:\/\/api.w.org\/{rel}","templated":true}]}}