{"id":144239,"date":"2022-05-26T14:14:46","date_gmt":"2022-05-26T13:14:46","guid":{"rendered":"https:\/\/radioljubuski.ba\/?p=144239"},"modified":"2022-05-26T14:14:47","modified_gmt":"2022-05-26T13:14:47","slug":"potpisan-sporazum-o-bratimljenju-mostara-i-osijeka","status":"publish","type":"post","link":"https:\/\/radioljubuski.ba\/index.php\/2022\/05\/26\/potpisan-sporazum-o-bratimljenju-mostara-i-osijeka\/","title":{"rendered":"Potpisan sporazum o bratimljenju Mostara i Osijeka"},"content":{"rendered":"\n<p>Gradona\u010delnik Mostara Mario Kordi\u0107 i gradona\u010delnik Osijeka Ivan Radi\u0107 u Mostaru su potpisali sporazum o prijateljstvu i suradnji dvaju gradova \u010dime \u0107e se unaprijediti prijateljski odnosi, osobito na podru\u010dju gospodarstva, kulture, turizma, obrazovanja i sporta.<\/p>\n\n\n\n<p>Nakon potpisivanja sporazuma mostarski gradona\u010delnik Mario Kordi\u0107 kazao je kako dva grada koja su se danas pobratimila imaju mnogo sli\u010dnosti, kao i veliko prijateljstvo od ranije.<\/p>\n\n\n\n<p>&#8211; Ponovno smo kroz razgovore osvijestili tu na\u0161u bliskost i povezanost kroz povijest i kroz nekakva doga\u0111anja u bliskoj povijesti kroz dana\u0161nja doga\u0111anja i suradnju koju imamo. Naime, Sveu\u010dili\u0161te u Mostaru i Sveu\u010dili\u0161te u Osijeku jako dobro sura\u0111uju. Puno stanovnika Osijeka je porijeklom s ovih prostora tako da se veselim budu\u0107oj suradnji dvaju gradova, kao i suradnji Grada Mostara s Osje\u010dko-baranjskom \u017eupanijom \u2013 istaknuo je Kordi\u0107.<\/p>\n\n\n\n<p>Podsjetio je kako prvu zajedni\u010dku aktivnost predstavnici dva prijateljska grada imaju na sudjelovanju na dana\u0161njoj me\u0111unarodnoj stru\u010dnoj konferenciji iz oblasti turizma i za\u0161tite okoli\u0161a \u201eMostar-neotkriveni turisti\u010dki potencijal\u201d.<\/p>\n\n\n\n<p>Gradona\u010delnik Osijeka Ivan Radi\u0107 tako\u0111er je istaknuo kako su dva grada jako sli\u010dno i po veli\u010dini i po broju stanovnika.<\/p>\n\n\n\n<p>&#8211; Jedan i dugi grad su kulturno, gospodarski i zdravstveno sjedi\u0161te svojih regija i nije zanemarivo da veliki broj Osje\u010dana vu\u010de korijene upravo s ovih podru\u010dja \u2013 kazao je Radi\u0107.<\/p>\n\n\n\n<p>Ocijenio je kako Osijek u zadnje vrijeme, zajedno sa \u017eupanijom, bilje\u017ei pozitivne i gospodarske i demografske trendove.<\/p>\n\n\n\n<p>&#8211; Unatrag deset godina prvi put imamo ve\u0107i broj useljenih nego iseljenih, a raste i prosje\u010dna pla\u0107a i ve\u0107i je broj zaposlenih \u0161to se vidi po prihodima od poreza u gradskom prora\u010dunu &#8211; istaknuo je osje\u010dki gradona\u010delnik.<\/p>\n\n\n\n<p>Dodao je kako Osijek bilje\u017ei porast broja turisti\u010dkih no\u0107enja, pa je i turizam oblast u kojoj dva grada mogu podijeliti svoja iskustva.<\/p>\n\n\n\n<p>&#8211; Borave\u0107i u Mostaru vidjeli smo da se radi na infrastrukturnim projektima i da Mostar napreduje i \u010destitam gradona\u010delniku na tome &#8211; ustvrdio je Radi\u0107.<\/p>\n\n\n\n<p>Podvukao je kako su i Mostar i Osijek jaki sveu\u010dili\u0161ni centri te da na podru\u010dju zdravstva imaju jako puno tema i te da tu suradnju mogu pro\u0161iriti i pobolj\u0161ati.<\/p>\n\n\n\n<p>U hrvatskom izaslanstvu bio je i osje\u010dko-baranjski \u017eupan Ivan Anu\u0161i\u0107, koji je ponovio kako je puno poveznica izme\u0111u Mostara, Hercegova\u010dko-neretvanske \u017eupanije i cijele BiH i Osijeka.<\/p>\n\n\n\n<p>&#8211; Najve\u0107a i najja\u010da poveznica je da smo Hrvati i da se trebamo kao takav narod dr\u017eati zajedno. Moramo, prvenstveno pomagati Hrvatima BiH i stati uz njih u njihovim politi\u010dkim nastojanjima \u2013 poru\u010dio je Anu\u0161i\u0107.<\/p>\n\n\n\n<p>Izvor:pogled.ba<\/p>\n","protected":false},"excerpt":{"rendered":"<p>Gradona\u010delnik Mostara Mario Kordi\u0107 i gradona\u010delnik Osijeka Ivan Radi\u0107 u Mostaru su potpisali sporazum o prijateljstvu i suradnji dvaju gradova \u010dime \u0107e se unaprijediti prijateljski odnosi, osobito na podru\u010dju gospodarstva, kulture, turizma, obrazovanja i sporta. Nakon potpisivanja sporazuma mostarski gradona\u010delnik Mario Kordi\u0107 kazao je kako dva grada koja su se danas pobratimila imaju mnogo sli\u010dnosti, [&hellip;]<\/p>\n","protected":false},"author":2,"featured_media":144240,"comment_status":"closed","ping_status":"closed","sticky":false,"template":"","format":"standard","meta":{"h5ap_radio_sources":[],"footnotes":""},"categories":[1],"tags":[],"class_list":["post-144239","post","type-post","status-publish","format-standard","has-post-thumbnail","hentry","category-bihiregija"],"yoast_head":"<!-- This site is optimized with the Yoast SEO plugin v27.5 - https:\/\/yoast.com\/product\/yoast-seo-wordpress\/ -->\n<title>Potpisan sporazum o bratimljenju Mostara i Osijeka - RADIO LJUBU\u0160KI<\/title>\n<meta name=\"robots\" content=\"index, follow, max-snippet:-1, max-image-preview:large, max-video-preview:-1\" \/>\n<link rel=\"canonical\" href=\"https:\/\/radioljubuski.ba\/index.php\/2022\/05\/26\/potpisan-sporazum-o-bratimljenju-mostara-i-osijeka\/\" \/>\n<meta property=\"og:locale\" content=\"hr_HR\" \/>\n<meta property=\"og:type\" content=\"article\" \/>\n<meta property=\"og:title\" content=\"Potpisan sporazum o bratimljenju Mostara i Osijeka - RADIO LJUBU\u0160KI\" \/>\n<meta property=\"og:description\" content=\"Gradona\u010delnik Mostara Mario Kordi\u0107 i gradona\u010delnik Osijeka Ivan Radi\u0107 u Mostaru su potpisali sporazum o prijateljstvu i suradnji dvaju gradova \u010dime \u0107e se unaprijediti prijateljski odnosi, osobito na podru\u010dju gospodarstva, kulture, turizma, obrazovanja i sporta. Nakon potpisivanja sporazuma mostarski gradona\u010delnik Mario Kordi\u0107 kazao je kako dva grada koja su se danas pobratimila imaju mnogo sli\u010dnosti, [&hellip;]\" \/>\n<meta property=\"og:url\" content=\"https:\/\/radioljubuski.ba\/index.php\/2022\/05\/26\/potpisan-sporazum-o-bratimljenju-mostara-i-osijeka\/\" \/>\n<meta property=\"og:site_name\" content=\"RADIO LJUBU\u0160KI\" \/>\n<meta property=\"article:publisher\" content=\"https:\/\/www.facebook.com\/Radiio-Ljubuski-1490835324566332\" \/>\n<meta property=\"article:published_time\" content=\"2022-05-26T13:14:46+00:00\" \/>\n<meta property=\"article:modified_time\" content=\"2022-05-26T13:14:47+00:00\" \/>\n<meta property=\"og:image\" content=\"https:\/\/radioljubuski.ba\/wp-content\/uploads\/2022\/05\/8-2022-05-26-12-22-13-MOSTAR-OSIJEK.jpg\" \/>\n\t<meta property=\"og:image:width\" content=\"1000\" \/>\n\t<meta property=\"og:image:height\" content=\"625\" \/>\n\t<meta property=\"og:image:type\" content=\"image\/jpeg\" \/>\n<meta name=\"author\" content=\"Radio Ljubu\u0161ki\" \/>\n<meta name=\"twitter:card\" content=\"summary_large_image\" \/>\n<meta name=\"twitter:creator\" content=\"@radioljubuski\" \/>\n<meta name=\"twitter:site\" content=\"@radioljubuski\" \/>\n<meta name=\"twitter:label1\" content=\"Napisao\/la\" \/>\n\t<meta name=\"twitter:data1\" content=\"Radio Ljubu\u0161ki\" \/>\n\t<meta name=\"twitter:label2\" content=\"Procijenjeno vrijeme \u010ditanja\" \/>\n\t<meta name=\"twitter:data2\" content=\"2 minute\" \/>\n<script type=\"application\/ld+json\" class=\"yoast-schema-graph\">{\"@context\":\"https:\\\/\\\/schema.org\",\"@graph\":[{\"@type\":\"Article\",\"@id\":\"https:\\\/\\\/radioljubuski.ba\\\/index.php\\\/2022\\\/05\\\/26\\\/potpisan-sporazum-o-bratimljenju-mostara-i-osijeka\\\/#article\",\"isPartOf\":{\"@id\":\"https:\\\/\\\/radioljubuski.ba\\\/index.php\\\/2022\\\/05\\\/26\\\/potpisan-sporazum-o-bratimljenju-mostara-i-osijeka\\\/\"},\"author\":{\"name\":\"Radio Ljubu\u0161ki\",\"@id\":\"https:\\\/\\\/radioljubuski.ba\\\/#\\\/schema\\\/person\\\/19fc700381a780f69665d7956c469e3b\"},\"headline\":\"Potpisan sporazum o bratimljenju Mostara i Osijeka\",\"datePublished\":\"2022-05-26T13:14:46+00:00\",\"dateModified\":\"2022-05-26T13:14:47+00:00\",\"mainEntityOfPage\":{\"@id\":\"https:\\\/\\\/radioljubuski.ba\\\/index.php\\\/2022\\\/05\\\/26\\\/potpisan-sporazum-o-bratimljenju-mostara-i-osijeka\\\/\"},\"wordCount\":461,\"publisher\":{\"@id\":\"https:\\\/\\\/radioljubuski.ba\\\/#organization\"},\"image\":{\"@id\":\"https:\\\/\\\/radioljubuski.ba\\\/index.php\\\/2022\\\/05\\\/26\\\/potpisan-sporazum-o-bratimljenju-mostara-i-osijeka\\\/#primaryimage\"},\"thumbnailUrl\":\"https:\\\/\\\/radioljubuski.ba\\\/wp-content\\\/uploads\\\/2022\\\/05\\\/8-2022-05-26-12-22-13-MOSTAR-OSIJEK.jpg\",\"articleSection\":[\"BIH i regija\"],\"inLanguage\":\"hr\"},{\"@type\":\"WebPage\",\"@id\":\"https:\\\/\\\/radioljubuski.ba\\\/index.php\\\/2022\\\/05\\\/26\\\/potpisan-sporazum-o-bratimljenju-mostara-i-osijeka\\\/\",\"url\":\"https:\\\/\\\/radioljubuski.ba\\\/index.php\\\/2022\\\/05\\\/26\\\/potpisan-sporazum-o-bratimljenju-mostara-i-osijeka\\\/\",\"name\":\"Potpisan sporazum o bratimljenju Mostara i Osijeka - RADIO LJUBU\u0160KI\",\"isPartOf\":{\"@id\":\"https:\\\/\\\/radioljubuski.ba\\\/#website\"},\"primaryImageOfPage\":{\"@id\":\"https:\\\/\\\/radioljubuski.ba\\\/index.php\\\/2022\\\/05\\\/26\\\/potpisan-sporazum-o-bratimljenju-mostara-i-osijeka\\\/#primaryimage\"},\"image\":{\"@id\":\"https:\\\/\\\/radioljubuski.ba\\\/index.php\\\/2022\\\/05\\\/26\\\/potpisan-sporazum-o-bratimljenju-mostara-i-osijeka\\\/#primaryimage\"},\"thumbnailUrl\":\"https:\\\/\\\/radioljubuski.ba\\\/wp-content\\\/uploads\\\/2022\\\/05\\\/8-2022-05-26-12-22-13-MOSTAR-OSIJEK.jpg\",\"datePublished\":\"2022-05-26T13:14:46+00:00\",\"dateModified\":\"2022-05-26T13:14:47+00:00\",\"breadcrumb\":{\"@id\":\"https:\\\/\\\/radioljubuski.ba\\\/index.php\\\/2022\\\/05\\\/26\\\/potpisan-sporazum-o-bratimljenju-mostara-i-osijeka\\\/#breadcrumb\"},\"inLanguage\":\"hr\",\"potentialAction\":[{\"@type\":\"ReadAction\",\"target\":[\"https:\\\/\\\/radioljubuski.ba\\\/index.php\\\/2022\\\/05\\\/26\\\/potpisan-sporazum-o-bratimljenju-mostara-i-osijeka\\\/\"]}]},{\"@type\":\"ImageObject\",\"inLanguage\":\"hr\",\"@id\":\"https:\\\/\\\/radioljubuski.ba\\\/index.php\\\/2022\\\/05\\\/26\\\/potpisan-sporazum-o-bratimljenju-mostara-i-osijeka\\\/#primaryimage\",\"url\":\"https:\\\/\\\/radioljubuski.ba\\\/wp-content\\\/uploads\\\/2022\\\/05\\\/8-2022-05-26-12-22-13-MOSTAR-OSIJEK.jpg\",\"contentUrl\":\"https:\\\/\\\/radioljubuski.ba\\\/wp-content\\\/uploads\\\/2022\\\/05\\\/8-2022-05-26-12-22-13-MOSTAR-OSIJEK.jpg\",\"width\":1000,\"height\":625},{\"@type\":\"BreadcrumbList\",\"@id\":\"https:\\\/\\\/radioljubuski.ba\\\/index.php\\\/2022\\\/05\\\/26\\\/potpisan-sporazum-o-bratimljenju-mostara-i-osijeka\\\/#breadcrumb\",\"itemListElement\":[{\"@type\":\"ListItem\",\"position\":1,\"name\":\"Po\u010detna stranica\",\"item\":\"https:\\\/\\\/radioljubuski.ba\\\/\"},{\"@type\":\"ListItem\",\"position\":2,\"name\":\"Potpisan sporazum o bratimljenju Mostara i Osijeka\"}]},{\"@type\":\"WebSite\",\"@id\":\"https:\\\/\\\/radioljubuski.ba\\\/#website\",\"url\":\"https:\\\/\\\/radioljubuski.ba\\\/\",\"name\":\"Radio Ljubu\u0161ki\",\"description\":\"Sun\u010dana frekvencija Hercegovine\",\"publisher\":{\"@id\":\"https:\\\/\\\/radioljubuski.ba\\\/#organization\"},\"potentialAction\":[{\"@type\":\"SearchAction\",\"target\":{\"@type\":\"EntryPoint\",\"urlTemplate\":\"https:\\\/\\\/radioljubuski.ba\\\/?s={search_term_string}\"},\"query-input\":{\"@type\":\"PropertyValueSpecification\",\"valueRequired\":true,\"valueName\":\"search_term_string\"}}],\"inLanguage\":\"hr\"},{\"@type\":\"Organization\",\"@id\":\"https:\\\/\\\/radioljubuski.ba\\\/#organization\",\"name\":\"Radio Ljubu\u0161ki\",\"url\":\"https:\\\/\\\/radioljubuski.ba\\\/\",\"logo\":{\"@type\":\"ImageObject\",\"inLanguage\":\"hr\",\"@id\":\"https:\\\/\\\/radioljubuski.ba\\\/#\\\/schema\\\/logo\\\/image\\\/\",\"url\":\"https:\\\/\\\/radioljubuski.ba\\\/wp-content\\\/uploads\\\/2021\\\/02\\\/cropped-Radio_Ljubuski_logo1.jpg\",\"contentUrl\":\"https:\\\/\\\/radioljubuski.ba\\\/wp-content\\\/uploads\\\/2021\\\/02\\\/cropped-Radio_Ljubuski_logo1.jpg\",\"width\":512,\"height\":512,\"caption\":\"Radio Ljubu\u0161ki\"},\"image\":{\"@id\":\"https:\\\/\\\/radioljubuski.ba\\\/#\\\/schema\\\/logo\\\/image\\\/\"},\"sameAs\":[\"https:\\\/\\\/www.facebook.com\\\/Radiio-Ljubuski-1490835324566332\",\"https:\\\/\\\/x.com\\\/radioljubuski\",\"https:\\\/\\\/hr.linkedin.com\\\/company\\\/radio-ljubuski\",\"https:\\\/\\\/www.youtube.com\\\/channel\\\/UCHYaeO_n0Db3tjNGudGpXyw\"]},{\"@type\":\"Person\",\"@id\":\"https:\\\/\\\/radioljubuski.ba\\\/#\\\/schema\\\/person\\\/19fc700381a780f69665d7956c469e3b\",\"name\":\"Radio Ljubu\u0161ki\"}]}<\/script>\n<!-- \/ Yoast SEO plugin. -->","yoast_head_json":{"title":"Potpisan sporazum o bratimljenju Mostara i Osijeka - RADIO LJUBU\u0160KI","robots":{"index":"index","follow":"follow","max-snippet":"max-snippet:-1","max-image-preview":"max-image-preview:large","max-video-preview":"max-video-preview:-1"},"canonical":"https:\/\/radioljubuski.ba\/index.php\/2022\/05\/26\/potpisan-sporazum-o-bratimljenju-mostara-i-osijeka\/","og_locale":"hr_HR","og_type":"article","og_title":"Potpisan sporazum o bratimljenju Mostara i Osijeka - RADIO LJUBU\u0160KI","og_description":"Gradona\u010delnik Mostara Mario Kordi\u0107 i gradona\u010delnik Osijeka Ivan Radi\u0107 u Mostaru su potpisali sporazum o prijateljstvu i suradnji dvaju gradova \u010dime \u0107e se unaprijediti prijateljski odnosi, osobito na podru\u010dju gospodarstva, kulture, turizma, obrazovanja i sporta. Nakon potpisivanja sporazuma mostarski gradona\u010delnik Mario Kordi\u0107 kazao je kako dva grada koja su se danas pobratimila imaju mnogo sli\u010dnosti, [&hellip;]","og_url":"https:\/\/radioljubuski.ba\/index.php\/2022\/05\/26\/potpisan-sporazum-o-bratimljenju-mostara-i-osijeka\/","og_site_name":"RADIO LJUBU\u0160KI","article_publisher":"https:\/\/www.facebook.com\/Radiio-Ljubuski-1490835324566332","article_published_time":"2022-05-26T13:14:46+00:00","article_modified_time":"2022-05-26T13:14:47+00:00","og_image":[{"width":1000,"height":625,"url":"https:\/\/radioljubuski.ba\/wp-content\/uploads\/2022\/05\/8-2022-05-26-12-22-13-MOSTAR-OSIJEK.jpg","type":"image\/jpeg"}],"author":"Radio Ljubu\u0161ki","twitter_card":"summary_large_image","twitter_creator":"@radioljubuski","twitter_site":"@radioljubuski","twitter_misc":{"Napisao\/la":"Radio Ljubu\u0161ki","Procijenjeno vrijeme \u010ditanja":"2 minute"},"schema":{"@context":"https:\/\/schema.org","@graph":[{"@type":"Article","@id":"https:\/\/radioljubuski.ba\/index.php\/2022\/05\/26\/potpisan-sporazum-o-bratimljenju-mostara-i-osijeka\/#article","isPartOf":{"@id":"https:\/\/radioljubuski.ba\/index.php\/2022\/05\/26\/potpisan-sporazum-o-bratimljenju-mostara-i-osijeka\/"},"author":{"name":"Radio Ljubu\u0161ki","@id":"https:\/\/radioljubuski.ba\/#\/schema\/person\/19fc700381a780f69665d7956c469e3b"},"headline":"Potpisan sporazum o bratimljenju Mostara i Osijeka","datePublished":"2022-05-26T13:14:46+00:00","dateModified":"2022-05-26T13:14:47+00:00","mainEntityOfPage":{"@id":"https:\/\/radioljubuski.ba\/index.php\/2022\/05\/26\/potpisan-sporazum-o-bratimljenju-mostara-i-osijeka\/"},"wordCount":461,"publisher":{"@id":"https:\/\/radioljubuski.ba\/#organization"},"image":{"@id":"https:\/\/radioljubuski.ba\/index.php\/2022\/05\/26\/potpisan-sporazum-o-bratimljenju-mostara-i-osijeka\/#primaryimage"},"thumbnailUrl":"https:\/\/radioljubuski.ba\/wp-content\/uploads\/2022\/05\/8-2022-05-26-12-22-13-MOSTAR-OSIJEK.jpg","articleSection":["BIH i regija"],"inLanguage":"hr"},{"@type":"WebPage","@id":"https:\/\/radioljubuski.ba\/index.php\/2022\/05\/26\/potpisan-sporazum-o-bratimljenju-mostara-i-osijeka\/","url":"https:\/\/radioljubuski.ba\/index.php\/2022\/05\/26\/potpisan-sporazum-o-bratimljenju-mostara-i-osijeka\/","name":"Potpisan sporazum o bratimljenju Mostara i Osijeka - RADIO LJUBU\u0160KI","isPartOf":{"@id":"https:\/\/radioljubuski.ba\/#website"},"primaryImageOfPage":{"@id":"https:\/\/radioljubuski.ba\/index.php\/2022\/05\/26\/potpisan-sporazum-o-bratimljenju-mostara-i-osijeka\/#primaryimage"},"image":{"@id":"https:\/\/radioljubuski.ba\/index.php\/2022\/05\/26\/potpisan-sporazum-o-bratimljenju-mostara-i-osijeka\/#primaryimage"},"thumbnailUrl":"https:\/\/radioljubuski.ba\/wp-content\/uploads\/2022\/05\/8-2022-05-26-12-22-13-MOSTAR-OSIJEK.jpg","datePublished":"2022-05-26T13:14:46+00:00","dateModified":"2022-05-26T13:14:47+00:00","breadcrumb":{"@id":"https:\/\/radioljubuski.ba\/index.php\/2022\/05\/26\/potpisan-sporazum-o-bratimljenju-mostara-i-osijeka\/#breadcrumb"},"inLanguage":"hr","potentialAction":[{"@type":"ReadAction","target":["https:\/\/radioljubuski.ba\/index.php\/2022\/05\/26\/potpisan-sporazum-o-bratimljenju-mostara-i-osijeka\/"]}]},{"@type":"ImageObject","inLanguage":"hr","@id":"https:\/\/radioljubuski.ba\/index.php\/2022\/05\/26\/potpisan-sporazum-o-bratimljenju-mostara-i-osijeka\/#primaryimage","url":"https:\/\/radioljubuski.ba\/wp-content\/uploads\/2022\/05\/8-2022-05-26-12-22-13-MOSTAR-OSIJEK.jpg","contentUrl":"https:\/\/radioljubuski.ba\/wp-content\/uploads\/2022\/05\/8-2022-05-26-12-22-13-MOSTAR-OSIJEK.jpg","width":1000,"height":625},{"@type":"BreadcrumbList","@id":"https:\/\/radioljubuski.ba\/index.php\/2022\/05\/26\/potpisan-sporazum-o-bratimljenju-mostara-i-osijeka\/#breadcrumb","itemListElement":[{"@type":"ListItem","position":1,"name":"Po\u010detna stranica","item":"https:\/\/radioljubuski.ba\/"},{"@type":"ListItem","position":2,"name":"Potpisan sporazum o bratimljenju Mostara i Osijeka"}]},{"@type":"WebSite","@id":"https:\/\/radioljubuski.ba\/#website","url":"https:\/\/radioljubuski.ba\/","name":"Radio Ljubu\u0161ki","description":"Sun\u010dana frekvencija Hercegovine","publisher":{"@id":"https:\/\/radioljubuski.ba\/#organization"},"potentialAction":[{"@type":"SearchAction","target":{"@type":"EntryPoint","urlTemplate":"https:\/\/radioljubuski.ba\/?s={search_term_string}"},"query-input":{"@type":"PropertyValueSpecification","valueRequired":true,"valueName":"search_term_string"}}],"inLanguage":"hr"},{"@type":"Organization","@id":"https:\/\/radioljubuski.ba\/#organization","name":"Radio Ljubu\u0161ki","url":"https:\/\/radioljubuski.ba\/","logo":{"@type":"ImageObject","inLanguage":"hr","@id":"https:\/\/radioljubuski.ba\/#\/schema\/logo\/image\/","url":"https:\/\/radioljubuski.ba\/wp-content\/uploads\/2021\/02\/cropped-Radio_Ljubuski_logo1.jpg","contentUrl":"https:\/\/radioljubuski.ba\/wp-content\/uploads\/2021\/02\/cropped-Radio_Ljubuski_logo1.jpg","width":512,"height":512,"caption":"Radio Ljubu\u0161ki"},"image":{"@id":"https:\/\/radioljubuski.ba\/#\/schema\/logo\/image\/"},"sameAs":["https:\/\/www.facebook.com\/Radiio-Ljubuski-1490835324566332","https:\/\/x.com\/radioljubuski","https:\/\/hr.linkedin.com\/company\/radio-ljubuski","https:\/\/www.youtube.com\/channel\/UCHYaeO_n0Db3tjNGudGpXyw"]},{"@type":"Person","@id":"https:\/\/radioljubuski.ba\/#\/schema\/person\/19fc700381a780f69665d7956c469e3b","name":"Radio Ljubu\u0161ki"}]}},"_links":{"self":[{"href":"https:\/\/radioljubuski.ba\/index.php\/wp-json\/wp\/v2\/posts\/144239","targetHints":{"allow":["GET"]}}],"collection":[{"href":"https:\/\/radioljubuski.ba\/index.php\/wp-json\/wp\/v2\/posts"}],"about":[{"href":"https:\/\/radioljubuski.ba\/index.php\/wp-json\/wp\/v2\/types\/post"}],"author":[{"embeddable":true,"href":"https:\/\/radioljubuski.ba\/index.php\/wp-json\/wp\/v2\/users\/2"}],"replies":[{"embeddable":true,"href":"https:\/\/radioljubuski.ba\/index.php\/wp-json\/wp\/v2\/comments?post=144239"}],"version-history":[{"count":1,"href":"https:\/\/radioljubuski.ba\/index.php\/wp-json\/wp\/v2\/posts\/144239\/revisions"}],"predecessor-version":[{"id":144241,"href":"https:\/\/radioljubuski.ba\/index.php\/wp-json\/wp\/v2\/posts\/144239\/revisions\/144241"}],"wp:featuredmedia":[{"embeddable":true,"href":"https:\/\/radioljubuski.ba\/index.php\/wp-json\/wp\/v2\/media\/144240"}],"wp:attachment":[{"href":"https:\/\/radioljubuski.ba\/index.php\/wp-json\/wp\/v2\/media?parent=144239"}],"wp:term":[{"taxonomy":"category","embeddable":true,"href":"https:\/\/radioljubuski.ba\/index.php\/wp-json\/wp\/v2\/categories?post=144239"},{"taxonomy":"post_tag","embeddable":true,"href":"https:\/\/radioljubuski.ba\/index.php\/wp-json\/wp\/v2\/tags?post=144239"}],"curies":[{"name":"wp","href":"https:\/\/api.w.org\/{rel}","templated":true}]}}