{"id":144245,"date":"2022-05-26T14:17:08","date_gmt":"2022-05-26T13:17:08","guid":{"rendered":"https:\/\/radioljubuski.ba\/?p=144245"},"modified":"2022-05-26T14:19:09","modified_gmt":"2022-05-26T13:19:09","slug":"pored-zemlje-ce-u-petak-proci-asteroid-promjera-17-kilometara","status":"publish","type":"post","link":"https:\/\/radioljubuski.ba\/index.php\/2022\/05\/26\/pored-zemlje-ce-u-petak-proci-asteroid-promjera-17-kilometara\/","title":{"rendered":"Pored Zemlje \u0107e u petak pro\u0107i asteroid promjera 1,7 kilometara"},"content":{"rendered":"\n<p>NASA najavljuje da \u0107e pored na\u0161eg planeta pro\u0107i asteroid &#8216;7335 (1989 JA)&#8217; na udaljenosti od oko 4.02 milijuna kilometara<\/p>\n\n\n\n<p>Premda postoje male \u0161anse da \u0107e neka velika stijena tijekom idu\u0107ih nekoliko stolje\u0107a udariti Zemlju, NASA i dalje budno promatra nebo i tra\u017ei objekte blizu Zemlje koji bi nas teoretski mogli ugroziti.<\/p>\n\n\n\n<p>Asteroidi, obi\u010dno mali, \u010desto prolaze pored Zemlje, \u0161to je u astronomskoj terminologiji nekoliko milijuna kilometara.<\/p>\n\n\n\n<p>U petak 27. \u0107e svibnja, NASA najavljuje, pored na\u0161eg planeta pro\u0107i 1.77 kilometara \u0161irok asteroid \u20187335 (1989 JA)\u2019 na udaljenosti od oko 4.02 milijuna kilometara, obja\u0161njava Mashable.<\/p>\n\n\n\n<p>Ukoliko bi asteroid predstavio prijetnju Zemlji, NASA bi izdala slu\u017ebeno upozorenje Bijeloj ku\u0107i i drugim ameri\u010dkim vladinim agencijama \u2013 ne\u0161to \u0161to agencija nikad do sad nije morala napraviti.<\/p>\n\n\n\n<p>Asteroid se trenutno mo\u017ee vidjeti pomo\u0107u teleskopa. Virtual Telescope Project, edukacijski i istra\u017eni pothvat snimio je (7335) 1989 JA dok putuje u blizini Zemlje. \u2018Potencijalno opasan asteroid (7335) 1989 JA nalazi se jako blizu sigurne minimalne udaljenosti od nas te je trenutno vrlo blistav\u2019, rekao je talijanski astronom Gianluca Masi, koji vodi projekt.<\/p>\n\n\n\n<p>Kao \u0161to je slu\u010daj sa ostalim objektima koji su dovoljno veliki da bi bili vidljivi, (7335) 1989 JA izgleda kao blistava to\u010dka. Na slici snimljenoj 23. svibnja, kamen se nalazi na udaljenosti od svega 5.8 milijuna kilometara od Zemlje.<\/p>\n\n\n\n<p>NASA nastavlja loviti asteroide koji su manji od ovog kapitalca, no koji uvijek mogu predstavljati prijetnju naseljenim podru\u010djima. Kongres je naredio NASA-i da prona\u0111e 90 posto objekata u Zemljinoj blizini koj su ve\u0107i od 140 metara, premda i stijena promjera od 52 metra mo\u017ee uni\u0161titi ve\u0107i grad. Upravo zato NASA pored zadanih tra\u017ei i asteroide manjih veli\u010dina.<\/p>\n\n\n\n<p>Ako ih astronomi prona\u0111u, mo\u017eemo se pripremiti i na vrijeme evakuirati podru\u010dje. \u2018Trebamo znati \u0161to dolazi, kad dolazi i kako \u0107e nas jako udariti\u2019, rekao je Eric Christensen, voditelj promatra\u010dnice Catalina.<\/p>\n\n\n\n<blockquote class=\"twitter-tweet\"><p dir=\"ltr\" lang=\"en\">Run, baby, run.<br><br>Potentially hazardous asteroid (7335) 1998 JA. Gianluca Masi &#8211; Virtual Telescope Project. <a href=\"https:\/\/t.co\/lzbYZPP3zA\">pic.twitter.com\/lzbYZPP3zA<\/a><\/p>\u2014 Virtual Telescope (@VirtualTelescop) <a href=\"https:\/\/twitter.com\/VirtualTelescop\/status\/1528043283028615168?ref_src=twsrc%5Etfw\">May 21, 2022<\/a><\/blockquote> <script async=\"\" src=\"https:\/\/platform.twitter.com\/widgets.js\" charset=\"utf-8\"><\/script>\n\n\n\n<p>Izvor:pogled.ba<\/p>\n","protected":false},"excerpt":{"rendered":"<p>NASA najavljuje da \u0107e pored na\u0161eg planeta pro\u0107i asteroid &#8216;7335 (1989 JA)&#8217; na udaljenosti od oko 4.02 milijuna kilometara Premda postoje male \u0161anse da \u0107e neka velika stijena tijekom idu\u0107ih nekoliko stolje\u0107a udariti Zemlju, NASA i dalje budno promatra nebo i tra\u017ei objekte blizu Zemlje koji bi nas teoretski mogli ugroziti. Asteroidi, obi\u010dno mali, \u010desto [&hellip;]<\/p>\n","protected":false},"author":2,"featured_media":144249,"comment_status":"closed","ping_status":"closed","sticky":false,"template":"","format":"standard","meta":{"h5ap_radio_sources":[],"footnotes":""},"categories":[1],"tags":[],"class_list":["post-144245","post","type-post","status-publish","format-standard","has-post-thumbnail","hentry","category-bihiregija"],"yoast_head":"<!-- This site is optimized with the Yoast SEO plugin v27.5 - https:\/\/yoast.com\/product\/yoast-seo-wordpress\/ -->\n<title>Pored Zemlje \u0107e u petak pro\u0107i asteroid promjera 1,7 kilometara - RADIO LJUBU\u0160KI<\/title>\n<meta name=\"robots\" content=\"index, follow, max-snippet:-1, max-image-preview:large, max-video-preview:-1\" \/>\n<link rel=\"canonical\" href=\"https:\/\/radioljubuski.ba\/index.php\/2022\/05\/26\/pored-zemlje-ce-u-petak-proci-asteroid-promjera-17-kilometara\/\" \/>\n<meta property=\"og:locale\" content=\"hr_HR\" \/>\n<meta property=\"og:type\" content=\"article\" \/>\n<meta property=\"og:title\" content=\"Pored Zemlje \u0107e u petak pro\u0107i asteroid promjera 1,7 kilometara - RADIO LJUBU\u0160KI\" \/>\n<meta property=\"og:description\" content=\"NASA najavljuje da \u0107e pored na\u0161eg planeta pro\u0107i asteroid &#8216;7335 (1989 JA)&#8217; na udaljenosti od oko 4.02 milijuna kilometara Premda postoje male \u0161anse da \u0107e neka velika stijena tijekom idu\u0107ih nekoliko stolje\u0107a udariti Zemlju, NASA i dalje budno promatra nebo i tra\u017ei objekte blizu Zemlje koji bi nas teoretski mogli ugroziti. Asteroidi, obi\u010dno mali, \u010desto [&hellip;]\" \/>\n<meta property=\"og:url\" content=\"https:\/\/radioljubuski.ba\/index.php\/2022\/05\/26\/pored-zemlje-ce-u-petak-proci-asteroid-promjera-17-kilometara\/\" \/>\n<meta property=\"og:site_name\" content=\"RADIO LJUBU\u0160KI\" \/>\n<meta property=\"article:publisher\" content=\"https:\/\/www.facebook.com\/Radiio-Ljubuski-1490835324566332\" \/>\n<meta property=\"article:published_time\" content=\"2022-05-26T13:17:08+00:00\" \/>\n<meta property=\"article:modified_time\" content=\"2022-05-26T13:19:09+00:00\" \/>\n<meta property=\"og:image\" content=\"https:\/\/radioljubuski.ba\/wp-content\/uploads\/2022\/05\/8-2022-05-26-12-50-46-asteroid-3642332_1920-1024x576-1.jpg\" \/>\n\t<meta property=\"og:image:width\" content=\"1000\" \/>\n\t<meta property=\"og:image:height\" content=\"625\" \/>\n\t<meta property=\"og:image:type\" content=\"image\/jpeg\" \/>\n<meta name=\"author\" content=\"Radio Ljubu\u0161ki\" \/>\n<meta name=\"twitter:card\" content=\"summary_large_image\" \/>\n<meta name=\"twitter:creator\" content=\"@radioljubuski\" \/>\n<meta name=\"twitter:site\" content=\"@radioljubuski\" \/>\n<meta name=\"twitter:label1\" content=\"Napisao\/la\" \/>\n\t<meta name=\"twitter:data1\" content=\"Radio Ljubu\u0161ki\" \/>\n\t<meta name=\"twitter:label2\" content=\"Procijenjeno vrijeme \u010ditanja\" \/>\n\t<meta name=\"twitter:data2\" content=\"2 minute\" \/>\n<script type=\"application\/ld+json\" class=\"yoast-schema-graph\">{\"@context\":\"https:\\\/\\\/schema.org\",\"@graph\":[{\"@type\":\"Article\",\"@id\":\"https:\\\/\\\/radioljubuski.ba\\\/index.php\\\/2022\\\/05\\\/26\\\/pored-zemlje-ce-u-petak-proci-asteroid-promjera-17-kilometara\\\/#article\",\"isPartOf\":{\"@id\":\"https:\\\/\\\/radioljubuski.ba\\\/index.php\\\/2022\\\/05\\\/26\\\/pored-zemlje-ce-u-petak-proci-asteroid-promjera-17-kilometara\\\/\"},\"author\":{\"name\":\"Radio Ljubu\u0161ki\",\"@id\":\"https:\\\/\\\/radioljubuski.ba\\\/#\\\/schema\\\/person\\\/19fc700381a780f69665d7956c469e3b\"},\"headline\":\"Pored Zemlje \u0107e u petak pro\u0107i asteroid promjera 1,7 kilometara\",\"datePublished\":\"2022-05-26T13:17:08+00:00\",\"dateModified\":\"2022-05-26T13:19:09+00:00\",\"mainEntityOfPage\":{\"@id\":\"https:\\\/\\\/radioljubuski.ba\\\/index.php\\\/2022\\\/05\\\/26\\\/pored-zemlje-ce-u-petak-proci-asteroid-promjera-17-kilometara\\\/\"},\"wordCount\":346,\"publisher\":{\"@id\":\"https:\\\/\\\/radioljubuski.ba\\\/#organization\"},\"image\":{\"@id\":\"https:\\\/\\\/radioljubuski.ba\\\/index.php\\\/2022\\\/05\\\/26\\\/pored-zemlje-ce-u-petak-proci-asteroid-promjera-17-kilometara\\\/#primaryimage\"},\"thumbnailUrl\":\"https:\\\/\\\/radioljubuski.ba\\\/wp-content\\\/uploads\\\/2022\\\/05\\\/8-2022-05-26-12-50-46-asteroid-3642332_1920-1024x576-1.jpg\",\"articleSection\":[\"BIH i regija\"],\"inLanguage\":\"hr\"},{\"@type\":\"WebPage\",\"@id\":\"https:\\\/\\\/radioljubuski.ba\\\/index.php\\\/2022\\\/05\\\/26\\\/pored-zemlje-ce-u-petak-proci-asteroid-promjera-17-kilometara\\\/\",\"url\":\"https:\\\/\\\/radioljubuski.ba\\\/index.php\\\/2022\\\/05\\\/26\\\/pored-zemlje-ce-u-petak-proci-asteroid-promjera-17-kilometara\\\/\",\"name\":\"Pored Zemlje \u0107e u petak pro\u0107i asteroid promjera 1,7 kilometara - RADIO LJUBU\u0160KI\",\"isPartOf\":{\"@id\":\"https:\\\/\\\/radioljubuski.ba\\\/#website\"},\"primaryImageOfPage\":{\"@id\":\"https:\\\/\\\/radioljubuski.ba\\\/index.php\\\/2022\\\/05\\\/26\\\/pored-zemlje-ce-u-petak-proci-asteroid-promjera-17-kilometara\\\/#primaryimage\"},\"image\":{\"@id\":\"https:\\\/\\\/radioljubuski.ba\\\/index.php\\\/2022\\\/05\\\/26\\\/pored-zemlje-ce-u-petak-proci-asteroid-promjera-17-kilometara\\\/#primaryimage\"},\"thumbnailUrl\":\"https:\\\/\\\/radioljubuski.ba\\\/wp-content\\\/uploads\\\/2022\\\/05\\\/8-2022-05-26-12-50-46-asteroid-3642332_1920-1024x576-1.jpg\",\"datePublished\":\"2022-05-26T13:17:08+00:00\",\"dateModified\":\"2022-05-26T13:19:09+00:00\",\"breadcrumb\":{\"@id\":\"https:\\\/\\\/radioljubuski.ba\\\/index.php\\\/2022\\\/05\\\/26\\\/pored-zemlje-ce-u-petak-proci-asteroid-promjera-17-kilometara\\\/#breadcrumb\"},\"inLanguage\":\"hr\",\"potentialAction\":[{\"@type\":\"ReadAction\",\"target\":[\"https:\\\/\\\/radioljubuski.ba\\\/index.php\\\/2022\\\/05\\\/26\\\/pored-zemlje-ce-u-petak-proci-asteroid-promjera-17-kilometara\\\/\"]}]},{\"@type\":\"ImageObject\",\"inLanguage\":\"hr\",\"@id\":\"https:\\\/\\\/radioljubuski.ba\\\/index.php\\\/2022\\\/05\\\/26\\\/pored-zemlje-ce-u-petak-proci-asteroid-promjera-17-kilometara\\\/#primaryimage\",\"url\":\"https:\\\/\\\/radioljubuski.ba\\\/wp-content\\\/uploads\\\/2022\\\/05\\\/8-2022-05-26-12-50-46-asteroid-3642332_1920-1024x576-1.jpg\",\"contentUrl\":\"https:\\\/\\\/radioljubuski.ba\\\/wp-content\\\/uploads\\\/2022\\\/05\\\/8-2022-05-26-12-50-46-asteroid-3642332_1920-1024x576-1.jpg\",\"width\":1000,\"height\":625},{\"@type\":\"BreadcrumbList\",\"@id\":\"https:\\\/\\\/radioljubuski.ba\\\/index.php\\\/2022\\\/05\\\/26\\\/pored-zemlje-ce-u-petak-proci-asteroid-promjera-17-kilometara\\\/#breadcrumb\",\"itemListElement\":[{\"@type\":\"ListItem\",\"position\":1,\"name\":\"Po\u010detna stranica\",\"item\":\"https:\\\/\\\/radioljubuski.ba\\\/\"},{\"@type\":\"ListItem\",\"position\":2,\"name\":\"Pored Zemlje \u0107e u petak pro\u0107i asteroid promjera 1,7 kilometara\"}]},{\"@type\":\"WebSite\",\"@id\":\"https:\\\/\\\/radioljubuski.ba\\\/#website\",\"url\":\"https:\\\/\\\/radioljubuski.ba\\\/\",\"name\":\"Radio Ljubu\u0161ki\",\"description\":\"Sun\u010dana frekvencija Hercegovine\",\"publisher\":{\"@id\":\"https:\\\/\\\/radioljubuski.ba\\\/#organization\"},\"potentialAction\":[{\"@type\":\"SearchAction\",\"target\":{\"@type\":\"EntryPoint\",\"urlTemplate\":\"https:\\\/\\\/radioljubuski.ba\\\/?s={search_term_string}\"},\"query-input\":{\"@type\":\"PropertyValueSpecification\",\"valueRequired\":true,\"valueName\":\"search_term_string\"}}],\"inLanguage\":\"hr\"},{\"@type\":\"Organization\",\"@id\":\"https:\\\/\\\/radioljubuski.ba\\\/#organization\",\"name\":\"Radio Ljubu\u0161ki\",\"url\":\"https:\\\/\\\/radioljubuski.ba\\\/\",\"logo\":{\"@type\":\"ImageObject\",\"inLanguage\":\"hr\",\"@id\":\"https:\\\/\\\/radioljubuski.ba\\\/#\\\/schema\\\/logo\\\/image\\\/\",\"url\":\"https:\\\/\\\/radioljubuski.ba\\\/wp-content\\\/uploads\\\/2021\\\/02\\\/cropped-Radio_Ljubuski_logo1.jpg\",\"contentUrl\":\"https:\\\/\\\/radioljubuski.ba\\\/wp-content\\\/uploads\\\/2021\\\/02\\\/cropped-Radio_Ljubuski_logo1.jpg\",\"width\":512,\"height\":512,\"caption\":\"Radio Ljubu\u0161ki\"},\"image\":{\"@id\":\"https:\\\/\\\/radioljubuski.ba\\\/#\\\/schema\\\/logo\\\/image\\\/\"},\"sameAs\":[\"https:\\\/\\\/www.facebook.com\\\/Radiio-Ljubuski-1490835324566332\",\"https:\\\/\\\/x.com\\\/radioljubuski\",\"https:\\\/\\\/hr.linkedin.com\\\/company\\\/radio-ljubuski\",\"https:\\\/\\\/www.youtube.com\\\/channel\\\/UCHYaeO_n0Db3tjNGudGpXyw\"]},{\"@type\":\"Person\",\"@id\":\"https:\\\/\\\/radioljubuski.ba\\\/#\\\/schema\\\/person\\\/19fc700381a780f69665d7956c469e3b\",\"name\":\"Radio Ljubu\u0161ki\"}]}<\/script>\n<!-- \/ Yoast SEO plugin. -->","yoast_head_json":{"title":"Pored Zemlje \u0107e u petak pro\u0107i asteroid promjera 1,7 kilometara - RADIO LJUBU\u0160KI","robots":{"index":"index","follow":"follow","max-snippet":"max-snippet:-1","max-image-preview":"max-image-preview:large","max-video-preview":"max-video-preview:-1"},"canonical":"https:\/\/radioljubuski.ba\/index.php\/2022\/05\/26\/pored-zemlje-ce-u-petak-proci-asteroid-promjera-17-kilometara\/","og_locale":"hr_HR","og_type":"article","og_title":"Pored Zemlje \u0107e u petak pro\u0107i asteroid promjera 1,7 kilometara - RADIO LJUBU\u0160KI","og_description":"NASA najavljuje da \u0107e pored na\u0161eg planeta pro\u0107i asteroid &#8216;7335 (1989 JA)&#8217; na udaljenosti od oko 4.02 milijuna kilometara Premda postoje male \u0161anse da \u0107e neka velika stijena tijekom idu\u0107ih nekoliko stolje\u0107a udariti Zemlju, NASA i dalje budno promatra nebo i tra\u017ei objekte blizu Zemlje koji bi nas teoretski mogli ugroziti. Asteroidi, obi\u010dno mali, \u010desto [&hellip;]","og_url":"https:\/\/radioljubuski.ba\/index.php\/2022\/05\/26\/pored-zemlje-ce-u-petak-proci-asteroid-promjera-17-kilometara\/","og_site_name":"RADIO LJUBU\u0160KI","article_publisher":"https:\/\/www.facebook.com\/Radiio-Ljubuski-1490835324566332","article_published_time":"2022-05-26T13:17:08+00:00","article_modified_time":"2022-05-26T13:19:09+00:00","og_image":[{"width":1000,"height":625,"url":"https:\/\/radioljubuski.ba\/wp-content\/uploads\/2022\/05\/8-2022-05-26-12-50-46-asteroid-3642332_1920-1024x576-1.jpg","type":"image\/jpeg"}],"author":"Radio Ljubu\u0161ki","twitter_card":"summary_large_image","twitter_creator":"@radioljubuski","twitter_site":"@radioljubuski","twitter_misc":{"Napisao\/la":"Radio Ljubu\u0161ki","Procijenjeno vrijeme \u010ditanja":"2 minute"},"schema":{"@context":"https:\/\/schema.org","@graph":[{"@type":"Article","@id":"https:\/\/radioljubuski.ba\/index.php\/2022\/05\/26\/pored-zemlje-ce-u-petak-proci-asteroid-promjera-17-kilometara\/#article","isPartOf":{"@id":"https:\/\/radioljubuski.ba\/index.php\/2022\/05\/26\/pored-zemlje-ce-u-petak-proci-asteroid-promjera-17-kilometara\/"},"author":{"name":"Radio Ljubu\u0161ki","@id":"https:\/\/radioljubuski.ba\/#\/schema\/person\/19fc700381a780f69665d7956c469e3b"},"headline":"Pored Zemlje \u0107e u petak pro\u0107i asteroid promjera 1,7 kilometara","datePublished":"2022-05-26T13:17:08+00:00","dateModified":"2022-05-26T13:19:09+00:00","mainEntityOfPage":{"@id":"https:\/\/radioljubuski.ba\/index.php\/2022\/05\/26\/pored-zemlje-ce-u-petak-proci-asteroid-promjera-17-kilometara\/"},"wordCount":346,"publisher":{"@id":"https:\/\/radioljubuski.ba\/#organization"},"image":{"@id":"https:\/\/radioljubuski.ba\/index.php\/2022\/05\/26\/pored-zemlje-ce-u-petak-proci-asteroid-promjera-17-kilometara\/#primaryimage"},"thumbnailUrl":"https:\/\/radioljubuski.ba\/wp-content\/uploads\/2022\/05\/8-2022-05-26-12-50-46-asteroid-3642332_1920-1024x576-1.jpg","articleSection":["BIH i regija"],"inLanguage":"hr"},{"@type":"WebPage","@id":"https:\/\/radioljubuski.ba\/index.php\/2022\/05\/26\/pored-zemlje-ce-u-petak-proci-asteroid-promjera-17-kilometara\/","url":"https:\/\/radioljubuski.ba\/index.php\/2022\/05\/26\/pored-zemlje-ce-u-petak-proci-asteroid-promjera-17-kilometara\/","name":"Pored Zemlje \u0107e u petak pro\u0107i asteroid promjera 1,7 kilometara - RADIO LJUBU\u0160KI","isPartOf":{"@id":"https:\/\/radioljubuski.ba\/#website"},"primaryImageOfPage":{"@id":"https:\/\/radioljubuski.ba\/index.php\/2022\/05\/26\/pored-zemlje-ce-u-petak-proci-asteroid-promjera-17-kilometara\/#primaryimage"},"image":{"@id":"https:\/\/radioljubuski.ba\/index.php\/2022\/05\/26\/pored-zemlje-ce-u-petak-proci-asteroid-promjera-17-kilometara\/#primaryimage"},"thumbnailUrl":"https:\/\/radioljubuski.ba\/wp-content\/uploads\/2022\/05\/8-2022-05-26-12-50-46-asteroid-3642332_1920-1024x576-1.jpg","datePublished":"2022-05-26T13:17:08+00:00","dateModified":"2022-05-26T13:19:09+00:00","breadcrumb":{"@id":"https:\/\/radioljubuski.ba\/index.php\/2022\/05\/26\/pored-zemlje-ce-u-petak-proci-asteroid-promjera-17-kilometara\/#breadcrumb"},"inLanguage":"hr","potentialAction":[{"@type":"ReadAction","target":["https:\/\/radioljubuski.ba\/index.php\/2022\/05\/26\/pored-zemlje-ce-u-petak-proci-asteroid-promjera-17-kilometara\/"]}]},{"@type":"ImageObject","inLanguage":"hr","@id":"https:\/\/radioljubuski.ba\/index.php\/2022\/05\/26\/pored-zemlje-ce-u-petak-proci-asteroid-promjera-17-kilometara\/#primaryimage","url":"https:\/\/radioljubuski.ba\/wp-content\/uploads\/2022\/05\/8-2022-05-26-12-50-46-asteroid-3642332_1920-1024x576-1.jpg","contentUrl":"https:\/\/radioljubuski.ba\/wp-content\/uploads\/2022\/05\/8-2022-05-26-12-50-46-asteroid-3642332_1920-1024x576-1.jpg","width":1000,"height":625},{"@type":"BreadcrumbList","@id":"https:\/\/radioljubuski.ba\/index.php\/2022\/05\/26\/pored-zemlje-ce-u-petak-proci-asteroid-promjera-17-kilometara\/#breadcrumb","itemListElement":[{"@type":"ListItem","position":1,"name":"Po\u010detna stranica","item":"https:\/\/radioljubuski.ba\/"},{"@type":"ListItem","position":2,"name":"Pored Zemlje \u0107e u petak pro\u0107i asteroid promjera 1,7 kilometara"}]},{"@type":"WebSite","@id":"https:\/\/radioljubuski.ba\/#website","url":"https:\/\/radioljubuski.ba\/","name":"Radio Ljubu\u0161ki","description":"Sun\u010dana frekvencija Hercegovine","publisher":{"@id":"https:\/\/radioljubuski.ba\/#organization"},"potentialAction":[{"@type":"SearchAction","target":{"@type":"EntryPoint","urlTemplate":"https:\/\/radioljubuski.ba\/?s={search_term_string}"},"query-input":{"@type":"PropertyValueSpecification","valueRequired":true,"valueName":"search_term_string"}}],"inLanguage":"hr"},{"@type":"Organization","@id":"https:\/\/radioljubuski.ba\/#organization","name":"Radio Ljubu\u0161ki","url":"https:\/\/radioljubuski.ba\/","logo":{"@type":"ImageObject","inLanguage":"hr","@id":"https:\/\/radioljubuski.ba\/#\/schema\/logo\/image\/","url":"https:\/\/radioljubuski.ba\/wp-content\/uploads\/2021\/02\/cropped-Radio_Ljubuski_logo1.jpg","contentUrl":"https:\/\/radioljubuski.ba\/wp-content\/uploads\/2021\/02\/cropped-Radio_Ljubuski_logo1.jpg","width":512,"height":512,"caption":"Radio Ljubu\u0161ki"},"image":{"@id":"https:\/\/radioljubuski.ba\/#\/schema\/logo\/image\/"},"sameAs":["https:\/\/www.facebook.com\/Radiio-Ljubuski-1490835324566332","https:\/\/x.com\/radioljubuski","https:\/\/hr.linkedin.com\/company\/radio-ljubuski","https:\/\/www.youtube.com\/channel\/UCHYaeO_n0Db3tjNGudGpXyw"]},{"@type":"Person","@id":"https:\/\/radioljubuski.ba\/#\/schema\/person\/19fc700381a780f69665d7956c469e3b","name":"Radio Ljubu\u0161ki"}]}},"_links":{"self":[{"href":"https:\/\/radioljubuski.ba\/index.php\/wp-json\/wp\/v2\/posts\/144245","targetHints":{"allow":["GET"]}}],"collection":[{"href":"https:\/\/radioljubuski.ba\/index.php\/wp-json\/wp\/v2\/posts"}],"about":[{"href":"https:\/\/radioljubuski.ba\/index.php\/wp-json\/wp\/v2\/types\/post"}],"author":[{"embeddable":true,"href":"https:\/\/radioljubuski.ba\/index.php\/wp-json\/wp\/v2\/users\/2"}],"replies":[{"embeddable":true,"href":"https:\/\/radioljubuski.ba\/index.php\/wp-json\/wp\/v2\/comments?post=144245"}],"version-history":[{"count":2,"href":"https:\/\/radioljubuski.ba\/index.php\/wp-json\/wp\/v2\/posts\/144245\/revisions"}],"predecessor-version":[{"id":144250,"href":"https:\/\/radioljubuski.ba\/index.php\/wp-json\/wp\/v2\/posts\/144245\/revisions\/144250"}],"wp:featuredmedia":[{"embeddable":true,"href":"https:\/\/radioljubuski.ba\/index.php\/wp-json\/wp\/v2\/media\/144249"}],"wp:attachment":[{"href":"https:\/\/radioljubuski.ba\/index.php\/wp-json\/wp\/v2\/media?parent=144245"}],"wp:term":[{"taxonomy":"category","embeddable":true,"href":"https:\/\/radioljubuski.ba\/index.php\/wp-json\/wp\/v2\/categories?post=144245"},{"taxonomy":"post_tag","embeddable":true,"href":"https:\/\/radioljubuski.ba\/index.php\/wp-json\/wp\/v2\/tags?post=144245"}],"curies":[{"name":"wp","href":"https:\/\/api.w.org\/{rel}","templated":true}]}}