{"id":144251,"date":"2022-05-26T14:20:31","date_gmt":"2022-05-26T13:20:31","guid":{"rendered":"https:\/\/radioljubuski.ba\/?p=144251"},"modified":"2022-05-26T14:20:32","modified_gmt":"2022-05-26T13:20:32","slug":"od-danas-ce-stranci-u-bih-moci-ulaziti-bez-ikakvih-ogranicenja","status":"publish","type":"post","link":"https:\/\/radioljubuski.ba\/index.php\/2022\/05\/26\/od-danas-ce-stranci-u-bih-moci-ulaziti-bez-ikakvih-ogranicenja\/","title":{"rendered":"Od danas \u0107e stranci u BiH mo\u0107i ulaziti bez ikakvih ograni\u010denja"},"content":{"rendered":"\n<p>Vije\u0107e ministara Bosne i Hercegovine, na prijedlog Ministarstva sigurnosti, donijelo je Odluku o prestanku va\u017eenja Odluke o propisivanju dodatnih uvjeta za ulazak stranaca u Bosnu i Hercegovinu, \u010dime se ukidaju ranije donesene Covid restriktivne mjere za ulazak u BiH.<\/p>\n\n\n\n<p>Odluka je donesena na osnovu podataka nadle\u017enih zdravstvenih institucija o povoljnoj epidemiolo\u0161koj situaciji u BiH ve\u0107 du\u017ei period, te zbog \u010dinjenice da je ve\u0107ina zemalja regije i svijeta ukinula sve mjere stranim dr\u017eavljanima za ulazak u njihove zemlje.<\/p>\n\n\n\n<p>Na ovaj na\u010din prestaje da va\u017ei ranija odluka o propisivanju dodatnih uvjeta za ulazak stranaca u Bosnu i Hercegovinu i njene izmjene objavljene u &#8220;Slu\u017ebenom glasniku BiH&#8221;.<\/p>\n\n\n\n<p>Na sjednici je donesena i Odluka o prestanku va\u017eenja Odluke o ograni\u010denju kretanja i boravka stranaca u Bosni i Hercegovini, donijeta radi za\u0161tite zdravlja gra\u0111ana nakon \u0161to je Svjetska zdravstvena organizacija u o\u017eujku 2020. godine proglasila pandemiju prouzrokovanu koronavirusom.<\/p>\n\n\n\n<p>Dono\u0161enjem ove odluke prestaju se primjenjivati mjere kojim se zabranjuju &nbsp;kretanje i boravak stranaca izvan centara u koje su smje\u0161teni, priop\u0107eno je iz Vije\u0107a ministara BiH.<\/p>\n\n\n\n<p>Mnogi stru\u010dnjaci za sezonu pred nama ka\u017eu da bi mogla poru\u0161iti sve rekorde.<\/p>\n\n\n\n<p>U BiH danas je ne\u0161to manje od 30 zara\u017eenih koronavirusom.<\/p>\n\n\n\n<p>I neke europske zemlje, poput Njema\u010dke ukinule su covid mjere za prelazak granice. U Njema\u010dku \u0107e se od 1. lipnja mo\u0107i ulaziti bez ikakvih ograni\u010denja.<\/p>\n\n\n\n<p>Izvor.N1<\/p>\n","protected":false},"excerpt":{"rendered":"<p>Vije\u0107e ministara Bosne i Hercegovine, na prijedlog Ministarstva sigurnosti, donijelo je Odluku o prestanku va\u017eenja Odluke o propisivanju dodatnih uvjeta za ulazak stranaca u Bosnu i Hercegovinu, \u010dime se ukidaju ranije donesene Covid restriktivne mjere za ulazak u BiH. Odluka je donesena na osnovu podataka nadle\u017enih zdravstvenih institucija o povoljnoj epidemiolo\u0161koj situaciji u BiH ve\u0107 [&hellip;]<\/p>\n","protected":false},"author":2,"featured_media":115797,"comment_status":"closed","ping_status":"closed","sticky":false,"template":"","format":"standard","meta":{"h5ap_radio_sources":[],"footnotes":""},"categories":[1],"tags":[],"class_list":["post-144251","post","type-post","status-publish","format-standard","has-post-thumbnail","hentry","category-bihiregija"],"yoast_head":"<!-- This site is optimized with the Yoast SEO plugin v27.5 - https:\/\/yoast.com\/product\/yoast-seo-wordpress\/ -->\n<title>Od danas \u0107e stranci u BiH mo\u0107i ulaziti bez ikakvih ograni\u010denja - RADIO LJUBU\u0160KI<\/title>\n<meta name=\"robots\" content=\"index, follow, max-snippet:-1, max-image-preview:large, max-video-preview:-1\" \/>\n<link rel=\"canonical\" href=\"https:\/\/radioljubuski.ba\/index.php\/2022\/05\/26\/od-danas-ce-stranci-u-bih-moci-ulaziti-bez-ikakvih-ogranicenja\/\" \/>\n<meta property=\"og:locale\" content=\"hr_HR\" \/>\n<meta property=\"og:type\" content=\"article\" \/>\n<meta property=\"og:title\" content=\"Od danas \u0107e stranci u BiH mo\u0107i ulaziti bez ikakvih ograni\u010denja - RADIO LJUBU\u0160KI\" \/>\n<meta property=\"og:description\" content=\"Vije\u0107e ministara Bosne i Hercegovine, na prijedlog Ministarstva sigurnosti, donijelo je Odluku o prestanku va\u017eenja Odluke o propisivanju dodatnih uvjeta za ulazak stranaca u Bosnu i Hercegovinu, \u010dime se ukidaju ranije donesene Covid restriktivne mjere za ulazak u BiH. Odluka je donesena na osnovu podataka nadle\u017enih zdravstvenih institucija o povoljnoj epidemiolo\u0161koj situaciji u BiH ve\u0107 [&hellip;]\" \/>\n<meta property=\"og:url\" content=\"https:\/\/radioljubuski.ba\/index.php\/2022\/05\/26\/od-danas-ce-stranci-u-bih-moci-ulaziti-bez-ikakvih-ogranicenja\/\" \/>\n<meta property=\"og:site_name\" content=\"RADIO LJUBU\u0160KI\" \/>\n<meta property=\"article:publisher\" content=\"https:\/\/www.facebook.com\/Radiio-Ljubuski-1490835324566332\" \/>\n<meta property=\"article:published_time\" content=\"2022-05-26T13:20:31+00:00\" \/>\n<meta property=\"article:modified_time\" content=\"2022-05-26T13:20:32+00:00\" \/>\n<meta property=\"og:image\" content=\"https:\/\/radioljubuski.ba\/wp-content\/uploads\/2022\/02\/8-2022-02-23-11-52-15-granica-bih.jpg\" \/>\n\t<meta property=\"og:image:width\" content=\"1000\" \/>\n\t<meta property=\"og:image:height\" content=\"625\" \/>\n\t<meta property=\"og:image:type\" content=\"image\/jpeg\" \/>\n<meta name=\"author\" content=\"Radio Ljubu\u0161ki\" \/>\n<meta name=\"twitter:card\" content=\"summary_large_image\" \/>\n<meta name=\"twitter:creator\" content=\"@radioljubuski\" \/>\n<meta name=\"twitter:site\" content=\"@radioljubuski\" \/>\n<meta name=\"twitter:label1\" content=\"Napisao\/la\" \/>\n\t<meta name=\"twitter:data1\" content=\"Radio Ljubu\u0161ki\" \/>\n\t<meta name=\"twitter:label2\" content=\"Procijenjeno vrijeme \u010ditanja\" \/>\n\t<meta name=\"twitter:data2\" content=\"1 minuta\" \/>\n<script type=\"application\/ld+json\" class=\"yoast-schema-graph\">{\"@context\":\"https:\\\/\\\/schema.org\",\"@graph\":[{\"@type\":\"Article\",\"@id\":\"https:\\\/\\\/radioljubuski.ba\\\/index.php\\\/2022\\\/05\\\/26\\\/od-danas-ce-stranci-u-bih-moci-ulaziti-bez-ikakvih-ogranicenja\\\/#article\",\"isPartOf\":{\"@id\":\"https:\\\/\\\/radioljubuski.ba\\\/index.php\\\/2022\\\/05\\\/26\\\/od-danas-ce-stranci-u-bih-moci-ulaziti-bez-ikakvih-ogranicenja\\\/\"},\"author\":{\"name\":\"Radio Ljubu\u0161ki\",\"@id\":\"https:\\\/\\\/radioljubuski.ba\\\/#\\\/schema\\\/person\\\/19fc700381a780f69665d7956c469e3b\"},\"headline\":\"Od danas \u0107e stranci u BiH mo\u0107i ulaziti bez ikakvih ograni\u010denja\",\"datePublished\":\"2022-05-26T13:20:31+00:00\",\"dateModified\":\"2022-05-26T13:20:32+00:00\",\"mainEntityOfPage\":{\"@id\":\"https:\\\/\\\/radioljubuski.ba\\\/index.php\\\/2022\\\/05\\\/26\\\/od-danas-ce-stranci-u-bih-moci-ulaziti-bez-ikakvih-ogranicenja\\\/\"},\"wordCount\":258,\"publisher\":{\"@id\":\"https:\\\/\\\/radioljubuski.ba\\\/#organization\"},\"image\":{\"@id\":\"https:\\\/\\\/radioljubuski.ba\\\/index.php\\\/2022\\\/05\\\/26\\\/od-danas-ce-stranci-u-bih-moci-ulaziti-bez-ikakvih-ogranicenja\\\/#primaryimage\"},\"thumbnailUrl\":\"https:\\\/\\\/radioljubuski.ba\\\/wp-content\\\/uploads\\\/2022\\\/02\\\/8-2022-02-23-11-52-15-granica-bih.jpg\",\"articleSection\":[\"BIH i regija\"],\"inLanguage\":\"hr\"},{\"@type\":\"WebPage\",\"@id\":\"https:\\\/\\\/radioljubuski.ba\\\/index.php\\\/2022\\\/05\\\/26\\\/od-danas-ce-stranci-u-bih-moci-ulaziti-bez-ikakvih-ogranicenja\\\/\",\"url\":\"https:\\\/\\\/radioljubuski.ba\\\/index.php\\\/2022\\\/05\\\/26\\\/od-danas-ce-stranci-u-bih-moci-ulaziti-bez-ikakvih-ogranicenja\\\/\",\"name\":\"Od danas \u0107e stranci u BiH mo\u0107i ulaziti bez ikakvih ograni\u010denja - RADIO LJUBU\u0160KI\",\"isPartOf\":{\"@id\":\"https:\\\/\\\/radioljubuski.ba\\\/#website\"},\"primaryImageOfPage\":{\"@id\":\"https:\\\/\\\/radioljubuski.ba\\\/index.php\\\/2022\\\/05\\\/26\\\/od-danas-ce-stranci-u-bih-moci-ulaziti-bez-ikakvih-ogranicenja\\\/#primaryimage\"},\"image\":{\"@id\":\"https:\\\/\\\/radioljubuski.ba\\\/index.php\\\/2022\\\/05\\\/26\\\/od-danas-ce-stranci-u-bih-moci-ulaziti-bez-ikakvih-ogranicenja\\\/#primaryimage\"},\"thumbnailUrl\":\"https:\\\/\\\/radioljubuski.ba\\\/wp-content\\\/uploads\\\/2022\\\/02\\\/8-2022-02-23-11-52-15-granica-bih.jpg\",\"datePublished\":\"2022-05-26T13:20:31+00:00\",\"dateModified\":\"2022-05-26T13:20:32+00:00\",\"breadcrumb\":{\"@id\":\"https:\\\/\\\/radioljubuski.ba\\\/index.php\\\/2022\\\/05\\\/26\\\/od-danas-ce-stranci-u-bih-moci-ulaziti-bez-ikakvih-ogranicenja\\\/#breadcrumb\"},\"inLanguage\":\"hr\",\"potentialAction\":[{\"@type\":\"ReadAction\",\"target\":[\"https:\\\/\\\/radioljubuski.ba\\\/index.php\\\/2022\\\/05\\\/26\\\/od-danas-ce-stranci-u-bih-moci-ulaziti-bez-ikakvih-ogranicenja\\\/\"]}]},{\"@type\":\"ImageObject\",\"inLanguage\":\"hr\",\"@id\":\"https:\\\/\\\/radioljubuski.ba\\\/index.php\\\/2022\\\/05\\\/26\\\/od-danas-ce-stranci-u-bih-moci-ulaziti-bez-ikakvih-ogranicenja\\\/#primaryimage\",\"url\":\"https:\\\/\\\/radioljubuski.ba\\\/wp-content\\\/uploads\\\/2022\\\/02\\\/8-2022-02-23-11-52-15-granica-bih.jpg\",\"contentUrl\":\"https:\\\/\\\/radioljubuski.ba\\\/wp-content\\\/uploads\\\/2022\\\/02\\\/8-2022-02-23-11-52-15-granica-bih.jpg\",\"width\":1000,\"height\":625},{\"@type\":\"BreadcrumbList\",\"@id\":\"https:\\\/\\\/radioljubuski.ba\\\/index.php\\\/2022\\\/05\\\/26\\\/od-danas-ce-stranci-u-bih-moci-ulaziti-bez-ikakvih-ogranicenja\\\/#breadcrumb\",\"itemListElement\":[{\"@type\":\"ListItem\",\"position\":1,\"name\":\"Po\u010detna stranica\",\"item\":\"https:\\\/\\\/radioljubuski.ba\\\/\"},{\"@type\":\"ListItem\",\"position\":2,\"name\":\"Od danas \u0107e stranci u BiH mo\u0107i ulaziti bez ikakvih ograni\u010denja\"}]},{\"@type\":\"WebSite\",\"@id\":\"https:\\\/\\\/radioljubuski.ba\\\/#website\",\"url\":\"https:\\\/\\\/radioljubuski.ba\\\/\",\"name\":\"Radio Ljubu\u0161ki\",\"description\":\"Sun\u010dana frekvencija Hercegovine\",\"publisher\":{\"@id\":\"https:\\\/\\\/radioljubuski.ba\\\/#organization\"},\"potentialAction\":[{\"@type\":\"SearchAction\",\"target\":{\"@type\":\"EntryPoint\",\"urlTemplate\":\"https:\\\/\\\/radioljubuski.ba\\\/?s={search_term_string}\"},\"query-input\":{\"@type\":\"PropertyValueSpecification\",\"valueRequired\":true,\"valueName\":\"search_term_string\"}}],\"inLanguage\":\"hr\"},{\"@type\":\"Organization\",\"@id\":\"https:\\\/\\\/radioljubuski.ba\\\/#organization\",\"name\":\"Radio Ljubu\u0161ki\",\"url\":\"https:\\\/\\\/radioljubuski.ba\\\/\",\"logo\":{\"@type\":\"ImageObject\",\"inLanguage\":\"hr\",\"@id\":\"https:\\\/\\\/radioljubuski.ba\\\/#\\\/schema\\\/logo\\\/image\\\/\",\"url\":\"https:\\\/\\\/radioljubuski.ba\\\/wp-content\\\/uploads\\\/2021\\\/02\\\/cropped-Radio_Ljubuski_logo1.jpg\",\"contentUrl\":\"https:\\\/\\\/radioljubuski.ba\\\/wp-content\\\/uploads\\\/2021\\\/02\\\/cropped-Radio_Ljubuski_logo1.jpg\",\"width\":512,\"height\":512,\"caption\":\"Radio Ljubu\u0161ki\"},\"image\":{\"@id\":\"https:\\\/\\\/radioljubuski.ba\\\/#\\\/schema\\\/logo\\\/image\\\/\"},\"sameAs\":[\"https:\\\/\\\/www.facebook.com\\\/Radiio-Ljubuski-1490835324566332\",\"https:\\\/\\\/x.com\\\/radioljubuski\",\"https:\\\/\\\/hr.linkedin.com\\\/company\\\/radio-ljubuski\",\"https:\\\/\\\/www.youtube.com\\\/channel\\\/UCHYaeO_n0Db3tjNGudGpXyw\"]},{\"@type\":\"Person\",\"@id\":\"https:\\\/\\\/radioljubuski.ba\\\/#\\\/schema\\\/person\\\/19fc700381a780f69665d7956c469e3b\",\"name\":\"Radio Ljubu\u0161ki\"}]}<\/script>\n<!-- \/ Yoast SEO plugin. -->","yoast_head_json":{"title":"Od danas \u0107e stranci u BiH mo\u0107i ulaziti bez ikakvih ograni\u010denja - RADIO LJUBU\u0160KI","robots":{"index":"index","follow":"follow","max-snippet":"max-snippet:-1","max-image-preview":"max-image-preview:large","max-video-preview":"max-video-preview:-1"},"canonical":"https:\/\/radioljubuski.ba\/index.php\/2022\/05\/26\/od-danas-ce-stranci-u-bih-moci-ulaziti-bez-ikakvih-ogranicenja\/","og_locale":"hr_HR","og_type":"article","og_title":"Od danas \u0107e stranci u BiH mo\u0107i ulaziti bez ikakvih ograni\u010denja - RADIO LJUBU\u0160KI","og_description":"Vije\u0107e ministara Bosne i Hercegovine, na prijedlog Ministarstva sigurnosti, donijelo je Odluku o prestanku va\u017eenja Odluke o propisivanju dodatnih uvjeta za ulazak stranaca u Bosnu i Hercegovinu, \u010dime se ukidaju ranije donesene Covid restriktivne mjere za ulazak u BiH. Odluka je donesena na osnovu podataka nadle\u017enih zdravstvenih institucija o povoljnoj epidemiolo\u0161koj situaciji u BiH ve\u0107 [&hellip;]","og_url":"https:\/\/radioljubuski.ba\/index.php\/2022\/05\/26\/od-danas-ce-stranci-u-bih-moci-ulaziti-bez-ikakvih-ogranicenja\/","og_site_name":"RADIO LJUBU\u0160KI","article_publisher":"https:\/\/www.facebook.com\/Radiio-Ljubuski-1490835324566332","article_published_time":"2022-05-26T13:20:31+00:00","article_modified_time":"2022-05-26T13:20:32+00:00","og_image":[{"width":1000,"height":625,"url":"https:\/\/radioljubuski.ba\/wp-content\/uploads\/2022\/02\/8-2022-02-23-11-52-15-granica-bih.jpg","type":"image\/jpeg"}],"author":"Radio Ljubu\u0161ki","twitter_card":"summary_large_image","twitter_creator":"@radioljubuski","twitter_site":"@radioljubuski","twitter_misc":{"Napisao\/la":"Radio Ljubu\u0161ki","Procijenjeno vrijeme \u010ditanja":"1 minuta"},"schema":{"@context":"https:\/\/schema.org","@graph":[{"@type":"Article","@id":"https:\/\/radioljubuski.ba\/index.php\/2022\/05\/26\/od-danas-ce-stranci-u-bih-moci-ulaziti-bez-ikakvih-ogranicenja\/#article","isPartOf":{"@id":"https:\/\/radioljubuski.ba\/index.php\/2022\/05\/26\/od-danas-ce-stranci-u-bih-moci-ulaziti-bez-ikakvih-ogranicenja\/"},"author":{"name":"Radio Ljubu\u0161ki","@id":"https:\/\/radioljubuski.ba\/#\/schema\/person\/19fc700381a780f69665d7956c469e3b"},"headline":"Od danas \u0107e stranci u BiH mo\u0107i ulaziti bez ikakvih ograni\u010denja","datePublished":"2022-05-26T13:20:31+00:00","dateModified":"2022-05-26T13:20:32+00:00","mainEntityOfPage":{"@id":"https:\/\/radioljubuski.ba\/index.php\/2022\/05\/26\/od-danas-ce-stranci-u-bih-moci-ulaziti-bez-ikakvih-ogranicenja\/"},"wordCount":258,"publisher":{"@id":"https:\/\/radioljubuski.ba\/#organization"},"image":{"@id":"https:\/\/radioljubuski.ba\/index.php\/2022\/05\/26\/od-danas-ce-stranci-u-bih-moci-ulaziti-bez-ikakvih-ogranicenja\/#primaryimage"},"thumbnailUrl":"https:\/\/radioljubuski.ba\/wp-content\/uploads\/2022\/02\/8-2022-02-23-11-52-15-granica-bih.jpg","articleSection":["BIH i regija"],"inLanguage":"hr"},{"@type":"WebPage","@id":"https:\/\/radioljubuski.ba\/index.php\/2022\/05\/26\/od-danas-ce-stranci-u-bih-moci-ulaziti-bez-ikakvih-ogranicenja\/","url":"https:\/\/radioljubuski.ba\/index.php\/2022\/05\/26\/od-danas-ce-stranci-u-bih-moci-ulaziti-bez-ikakvih-ogranicenja\/","name":"Od danas \u0107e stranci u BiH mo\u0107i ulaziti bez ikakvih ograni\u010denja - RADIO LJUBU\u0160KI","isPartOf":{"@id":"https:\/\/radioljubuski.ba\/#website"},"primaryImageOfPage":{"@id":"https:\/\/radioljubuski.ba\/index.php\/2022\/05\/26\/od-danas-ce-stranci-u-bih-moci-ulaziti-bez-ikakvih-ogranicenja\/#primaryimage"},"image":{"@id":"https:\/\/radioljubuski.ba\/index.php\/2022\/05\/26\/od-danas-ce-stranci-u-bih-moci-ulaziti-bez-ikakvih-ogranicenja\/#primaryimage"},"thumbnailUrl":"https:\/\/radioljubuski.ba\/wp-content\/uploads\/2022\/02\/8-2022-02-23-11-52-15-granica-bih.jpg","datePublished":"2022-05-26T13:20:31+00:00","dateModified":"2022-05-26T13:20:32+00:00","breadcrumb":{"@id":"https:\/\/radioljubuski.ba\/index.php\/2022\/05\/26\/od-danas-ce-stranci-u-bih-moci-ulaziti-bez-ikakvih-ogranicenja\/#breadcrumb"},"inLanguage":"hr","potentialAction":[{"@type":"ReadAction","target":["https:\/\/radioljubuski.ba\/index.php\/2022\/05\/26\/od-danas-ce-stranci-u-bih-moci-ulaziti-bez-ikakvih-ogranicenja\/"]}]},{"@type":"ImageObject","inLanguage":"hr","@id":"https:\/\/radioljubuski.ba\/index.php\/2022\/05\/26\/od-danas-ce-stranci-u-bih-moci-ulaziti-bez-ikakvih-ogranicenja\/#primaryimage","url":"https:\/\/radioljubuski.ba\/wp-content\/uploads\/2022\/02\/8-2022-02-23-11-52-15-granica-bih.jpg","contentUrl":"https:\/\/radioljubuski.ba\/wp-content\/uploads\/2022\/02\/8-2022-02-23-11-52-15-granica-bih.jpg","width":1000,"height":625},{"@type":"BreadcrumbList","@id":"https:\/\/radioljubuski.ba\/index.php\/2022\/05\/26\/od-danas-ce-stranci-u-bih-moci-ulaziti-bez-ikakvih-ogranicenja\/#breadcrumb","itemListElement":[{"@type":"ListItem","position":1,"name":"Po\u010detna stranica","item":"https:\/\/radioljubuski.ba\/"},{"@type":"ListItem","position":2,"name":"Od danas \u0107e stranci u BiH mo\u0107i ulaziti bez ikakvih ograni\u010denja"}]},{"@type":"WebSite","@id":"https:\/\/radioljubuski.ba\/#website","url":"https:\/\/radioljubuski.ba\/","name":"Radio Ljubu\u0161ki","description":"Sun\u010dana frekvencija Hercegovine","publisher":{"@id":"https:\/\/radioljubuski.ba\/#organization"},"potentialAction":[{"@type":"SearchAction","target":{"@type":"EntryPoint","urlTemplate":"https:\/\/radioljubuski.ba\/?s={search_term_string}"},"query-input":{"@type":"PropertyValueSpecification","valueRequired":true,"valueName":"search_term_string"}}],"inLanguage":"hr"},{"@type":"Organization","@id":"https:\/\/radioljubuski.ba\/#organization","name":"Radio Ljubu\u0161ki","url":"https:\/\/radioljubuski.ba\/","logo":{"@type":"ImageObject","inLanguage":"hr","@id":"https:\/\/radioljubuski.ba\/#\/schema\/logo\/image\/","url":"https:\/\/radioljubuski.ba\/wp-content\/uploads\/2021\/02\/cropped-Radio_Ljubuski_logo1.jpg","contentUrl":"https:\/\/radioljubuski.ba\/wp-content\/uploads\/2021\/02\/cropped-Radio_Ljubuski_logo1.jpg","width":512,"height":512,"caption":"Radio Ljubu\u0161ki"},"image":{"@id":"https:\/\/radioljubuski.ba\/#\/schema\/logo\/image\/"},"sameAs":["https:\/\/www.facebook.com\/Radiio-Ljubuski-1490835324566332","https:\/\/x.com\/radioljubuski","https:\/\/hr.linkedin.com\/company\/radio-ljubuski","https:\/\/www.youtube.com\/channel\/UCHYaeO_n0Db3tjNGudGpXyw"]},{"@type":"Person","@id":"https:\/\/radioljubuski.ba\/#\/schema\/person\/19fc700381a780f69665d7956c469e3b","name":"Radio Ljubu\u0161ki"}]}},"_links":{"self":[{"href":"https:\/\/radioljubuski.ba\/index.php\/wp-json\/wp\/v2\/posts\/144251","targetHints":{"allow":["GET"]}}],"collection":[{"href":"https:\/\/radioljubuski.ba\/index.php\/wp-json\/wp\/v2\/posts"}],"about":[{"href":"https:\/\/radioljubuski.ba\/index.php\/wp-json\/wp\/v2\/types\/post"}],"author":[{"embeddable":true,"href":"https:\/\/radioljubuski.ba\/index.php\/wp-json\/wp\/v2\/users\/2"}],"replies":[{"embeddable":true,"href":"https:\/\/radioljubuski.ba\/index.php\/wp-json\/wp\/v2\/comments?post=144251"}],"version-history":[{"count":1,"href":"https:\/\/radioljubuski.ba\/index.php\/wp-json\/wp\/v2\/posts\/144251\/revisions"}],"predecessor-version":[{"id":144252,"href":"https:\/\/radioljubuski.ba\/index.php\/wp-json\/wp\/v2\/posts\/144251\/revisions\/144252"}],"wp:featuredmedia":[{"embeddable":true,"href":"https:\/\/radioljubuski.ba\/index.php\/wp-json\/wp\/v2\/media\/115797"}],"wp:attachment":[{"href":"https:\/\/radioljubuski.ba\/index.php\/wp-json\/wp\/v2\/media?parent=144251"}],"wp:term":[{"taxonomy":"category","embeddable":true,"href":"https:\/\/radioljubuski.ba\/index.php\/wp-json\/wp\/v2\/categories?post=144251"},{"taxonomy":"post_tag","embeddable":true,"href":"https:\/\/radioljubuski.ba\/index.php\/wp-json\/wp\/v2\/tags?post=144251"}],"curies":[{"name":"wp","href":"https:\/\/api.w.org\/{rel}","templated":true}]}}