{"id":144253,"date":"2022-05-26T14:21:32","date_gmt":"2022-05-26T13:21:32","guid":{"rendered":"https:\/\/radioljubuski.ba\/?p=144253"},"modified":"2022-05-26T14:21:33","modified_gmt":"2022-05-26T13:21:33","slug":"slovacki-premijer-tvrdi-mi-smo-sljedeci-ako-ukrajinci-ne-uspiju-znamo-da-ce-rusija-ici-dalje","status":"publish","type":"post","link":"https:\/\/radioljubuski.ba\/index.php\/2022\/05\/26\/slovacki-premijer-tvrdi-mi-smo-sljedeci-ako-ukrajinci-ne-uspiju-znamo-da-ce-rusija-ici-dalje\/","title":{"rendered":"Slova\u010dki premijer tvrdi: \u2018Mi smo sljede\u0107i! Ako Ukrajinci ne uspiju, znamo da \u0107e Rusija i\u0107i dalje\u2018"},"content":{"rendered":"\n<p>Slova\u010dki premijer Eduard Heger upozorio je da bi njegova zemlja mogla biti sljede\u0107a ako Rusija uspje\u0161no okupira Ukrajinu.<\/p>\n\n\n\n<p>\u201cMi smo sljede\u0107i. Ako Ukrajinci ne uspiju, znamo da \u0107e Rusija i\u0107i dalje. Ovo se mora shvatiti ozbiljno, posebno u Europskoj uniji&#8221;, rekao je Sky Newsu Heger, prenosi Jutarnji list.<\/p>\n\n\n\n<p>Izvor:jutarnji.hr<\/p>\n","protected":false},"excerpt":{"rendered":"<p>Slova\u010dki premijer Eduard Heger upozorio je da bi njegova zemlja mogla biti sljede\u0107a ako Rusija uspje\u0161no okupira Ukrajinu. \u201cMi smo sljede\u0107i. Ako Ukrajinci ne uspiju, znamo da \u0107e Rusija i\u0107i dalje. Ovo se mora shvatiti ozbiljno, posebno u Europskoj uniji&#8221;, rekao je Sky Newsu Heger, prenosi Jutarnji list. Izvor:jutarnji.hr<\/p>\n","protected":false},"author":2,"featured_media":144254,"comment_status":"closed","ping_status":"closed","sticky":false,"template":"","format":"standard","meta":{"h5ap_radio_sources":[],"footnotes":""},"categories":[1],"tags":[],"class_list":["post-144253","post","type-post","status-publish","format-standard","has-post-thumbnail","hentry","category-bihiregija"],"yoast_head":"<!-- This site is optimized with the Yoast SEO plugin v27.5 - https:\/\/yoast.com\/product\/yoast-seo-wordpress\/ -->\n<title>Slova\u010dki premijer tvrdi: \u2018Mi smo sljede\u0107i! Ako Ukrajinci ne uspiju, znamo da \u0107e Rusija i\u0107i dalje\u2018 - RADIO LJUBU\u0160KI<\/title>\n<meta name=\"robots\" content=\"index, follow, max-snippet:-1, max-image-preview:large, max-video-preview:-1\" \/>\n<link rel=\"canonical\" href=\"https:\/\/radioljubuski.ba\/index.php\/2022\/05\/26\/slovacki-premijer-tvrdi-mi-smo-sljedeci-ako-ukrajinci-ne-uspiju-znamo-da-ce-rusija-ici-dalje\/\" \/>\n<meta property=\"og:locale\" content=\"hr_HR\" \/>\n<meta property=\"og:type\" content=\"article\" \/>\n<meta property=\"og:title\" content=\"Slova\u010dki premijer tvrdi: \u2018Mi smo sljede\u0107i! Ako Ukrajinci ne uspiju, znamo da \u0107e Rusija i\u0107i dalje\u2018 - RADIO LJUBU\u0160KI\" \/>\n<meta property=\"og:description\" content=\"Slova\u010dki premijer Eduard Heger upozorio je da bi njegova zemlja mogla biti sljede\u0107a ako Rusija uspje\u0161no okupira Ukrajinu. \u201cMi smo sljede\u0107i. Ako Ukrajinci ne uspiju, znamo da \u0107e Rusija i\u0107i dalje. Ovo se mora shvatiti ozbiljno, posebno u Europskoj uniji&#8221;, rekao je Sky Newsu Heger, prenosi Jutarnji list. Izvor:jutarnji.hr\" \/>\n<meta property=\"og:url\" content=\"https:\/\/radioljubuski.ba\/index.php\/2022\/05\/26\/slovacki-premijer-tvrdi-mi-smo-sljedeci-ako-ukrajinci-ne-uspiju-znamo-da-ce-rusija-ici-dalje\/\" \/>\n<meta property=\"og:site_name\" content=\"RADIO LJUBU\u0160KI\" \/>\n<meta property=\"article:publisher\" content=\"https:\/\/www.facebook.com\/Radiio-Ljubuski-1490835324566332\" \/>\n<meta property=\"article:published_time\" content=\"2022-05-26T13:21:32+00:00\" \/>\n<meta property=\"article:modified_time\" content=\"2022-05-26T13:21:33+00:00\" \/>\n<meta property=\"og:image\" content=\"https:\/\/radioljubuski.ba\/wp-content\/uploads\/2022\/05\/8-2022-05-26-13-28-46-UKRAJINA.jpg\" \/>\n\t<meta property=\"og:image:width\" content=\"1000\" \/>\n\t<meta property=\"og:image:height\" content=\"625\" \/>\n\t<meta property=\"og:image:type\" content=\"image\/jpeg\" \/>\n<meta name=\"author\" content=\"Radio Ljubu\u0161ki\" \/>\n<meta name=\"twitter:card\" content=\"summary_large_image\" \/>\n<meta name=\"twitter:creator\" content=\"@radioljubuski\" \/>\n<meta name=\"twitter:site\" content=\"@radioljubuski\" \/>\n<meta name=\"twitter:label1\" content=\"Napisao\/la\" \/>\n\t<meta name=\"twitter:data1\" content=\"Radio Ljubu\u0161ki\" \/>\n\t<meta name=\"twitter:label2\" content=\"Procijenjeno vrijeme \u010ditanja\" \/>\n\t<meta name=\"twitter:data2\" content=\"1 minuta\" \/>\n<script type=\"application\/ld+json\" class=\"yoast-schema-graph\">{\"@context\":\"https:\\\/\\\/schema.org\",\"@graph\":[{\"@type\":\"Article\",\"@id\":\"https:\\\/\\\/radioljubuski.ba\\\/index.php\\\/2022\\\/05\\\/26\\\/slovacki-premijer-tvrdi-mi-smo-sljedeci-ako-ukrajinci-ne-uspiju-znamo-da-ce-rusija-ici-dalje\\\/#article\",\"isPartOf\":{\"@id\":\"https:\\\/\\\/radioljubuski.ba\\\/index.php\\\/2022\\\/05\\\/26\\\/slovacki-premijer-tvrdi-mi-smo-sljedeci-ako-ukrajinci-ne-uspiju-znamo-da-ce-rusija-ici-dalje\\\/\"},\"author\":{\"name\":\"Radio Ljubu\u0161ki\",\"@id\":\"https:\\\/\\\/radioljubuski.ba\\\/#\\\/schema\\\/person\\\/19fc700381a780f69665d7956c469e3b\"},\"headline\":\"Slova\u010dki premijer tvrdi: \u2018Mi smo sljede\u0107i! Ako Ukrajinci ne uspiju, znamo da \u0107e Rusija i\u0107i dalje\u2018\",\"datePublished\":\"2022-05-26T13:21:32+00:00\",\"dateModified\":\"2022-05-26T13:21:33+00:00\",\"mainEntityOfPage\":{\"@id\":\"https:\\\/\\\/radioljubuski.ba\\\/index.php\\\/2022\\\/05\\\/26\\\/slovacki-premijer-tvrdi-mi-smo-sljedeci-ako-ukrajinci-ne-uspiju-znamo-da-ce-rusija-ici-dalje\\\/\"},\"wordCount\":75,\"publisher\":{\"@id\":\"https:\\\/\\\/radioljubuski.ba\\\/#organization\"},\"image\":{\"@id\":\"https:\\\/\\\/radioljubuski.ba\\\/index.php\\\/2022\\\/05\\\/26\\\/slovacki-premijer-tvrdi-mi-smo-sljedeci-ako-ukrajinci-ne-uspiju-znamo-da-ce-rusija-ici-dalje\\\/#primaryimage\"},\"thumbnailUrl\":\"https:\\\/\\\/radioljubuski.ba\\\/wp-content\\\/uploads\\\/2022\\\/05\\\/8-2022-05-26-13-28-46-UKRAJINA.jpg\",\"articleSection\":[\"BIH i regija\"],\"inLanguage\":\"hr\"},{\"@type\":\"WebPage\",\"@id\":\"https:\\\/\\\/radioljubuski.ba\\\/index.php\\\/2022\\\/05\\\/26\\\/slovacki-premijer-tvrdi-mi-smo-sljedeci-ako-ukrajinci-ne-uspiju-znamo-da-ce-rusija-ici-dalje\\\/\",\"url\":\"https:\\\/\\\/radioljubuski.ba\\\/index.php\\\/2022\\\/05\\\/26\\\/slovacki-premijer-tvrdi-mi-smo-sljedeci-ako-ukrajinci-ne-uspiju-znamo-da-ce-rusija-ici-dalje\\\/\",\"name\":\"Slova\u010dki premijer tvrdi: \u2018Mi smo sljede\u0107i! Ako Ukrajinci ne uspiju, znamo da \u0107e Rusija i\u0107i dalje\u2018 - RADIO LJUBU\u0160KI\",\"isPartOf\":{\"@id\":\"https:\\\/\\\/radioljubuski.ba\\\/#website\"},\"primaryImageOfPage\":{\"@id\":\"https:\\\/\\\/radioljubuski.ba\\\/index.php\\\/2022\\\/05\\\/26\\\/slovacki-premijer-tvrdi-mi-smo-sljedeci-ako-ukrajinci-ne-uspiju-znamo-da-ce-rusija-ici-dalje\\\/#primaryimage\"},\"image\":{\"@id\":\"https:\\\/\\\/radioljubuski.ba\\\/index.php\\\/2022\\\/05\\\/26\\\/slovacki-premijer-tvrdi-mi-smo-sljedeci-ako-ukrajinci-ne-uspiju-znamo-da-ce-rusija-ici-dalje\\\/#primaryimage\"},\"thumbnailUrl\":\"https:\\\/\\\/radioljubuski.ba\\\/wp-content\\\/uploads\\\/2022\\\/05\\\/8-2022-05-26-13-28-46-UKRAJINA.jpg\",\"datePublished\":\"2022-05-26T13:21:32+00:00\",\"dateModified\":\"2022-05-26T13:21:33+00:00\",\"breadcrumb\":{\"@id\":\"https:\\\/\\\/radioljubuski.ba\\\/index.php\\\/2022\\\/05\\\/26\\\/slovacki-premijer-tvrdi-mi-smo-sljedeci-ako-ukrajinci-ne-uspiju-znamo-da-ce-rusija-ici-dalje\\\/#breadcrumb\"},\"inLanguage\":\"hr\",\"potentialAction\":[{\"@type\":\"ReadAction\",\"target\":[\"https:\\\/\\\/radioljubuski.ba\\\/index.php\\\/2022\\\/05\\\/26\\\/slovacki-premijer-tvrdi-mi-smo-sljedeci-ako-ukrajinci-ne-uspiju-znamo-da-ce-rusija-ici-dalje\\\/\"]}]},{\"@type\":\"ImageObject\",\"inLanguage\":\"hr\",\"@id\":\"https:\\\/\\\/radioljubuski.ba\\\/index.php\\\/2022\\\/05\\\/26\\\/slovacki-premijer-tvrdi-mi-smo-sljedeci-ako-ukrajinci-ne-uspiju-znamo-da-ce-rusija-ici-dalje\\\/#primaryimage\",\"url\":\"https:\\\/\\\/radioljubuski.ba\\\/wp-content\\\/uploads\\\/2022\\\/05\\\/8-2022-05-26-13-28-46-UKRAJINA.jpg\",\"contentUrl\":\"https:\\\/\\\/radioljubuski.ba\\\/wp-content\\\/uploads\\\/2022\\\/05\\\/8-2022-05-26-13-28-46-UKRAJINA.jpg\",\"width\":1000,\"height\":625},{\"@type\":\"BreadcrumbList\",\"@id\":\"https:\\\/\\\/radioljubuski.ba\\\/index.php\\\/2022\\\/05\\\/26\\\/slovacki-premijer-tvrdi-mi-smo-sljedeci-ako-ukrajinci-ne-uspiju-znamo-da-ce-rusija-ici-dalje\\\/#breadcrumb\",\"itemListElement\":[{\"@type\":\"ListItem\",\"position\":1,\"name\":\"Po\u010detna stranica\",\"item\":\"https:\\\/\\\/radioljubuski.ba\\\/\"},{\"@type\":\"ListItem\",\"position\":2,\"name\":\"Slova\u010dki premijer tvrdi: \u2018Mi smo sljede\u0107i! Ako Ukrajinci ne uspiju, znamo da \u0107e Rusija i\u0107i dalje\u2018\"}]},{\"@type\":\"WebSite\",\"@id\":\"https:\\\/\\\/radioljubuski.ba\\\/#website\",\"url\":\"https:\\\/\\\/radioljubuski.ba\\\/\",\"name\":\"Radio Ljubu\u0161ki\",\"description\":\"Sun\u010dana frekvencija Hercegovine\",\"publisher\":{\"@id\":\"https:\\\/\\\/radioljubuski.ba\\\/#organization\"},\"potentialAction\":[{\"@type\":\"SearchAction\",\"target\":{\"@type\":\"EntryPoint\",\"urlTemplate\":\"https:\\\/\\\/radioljubuski.ba\\\/?s={search_term_string}\"},\"query-input\":{\"@type\":\"PropertyValueSpecification\",\"valueRequired\":true,\"valueName\":\"search_term_string\"}}],\"inLanguage\":\"hr\"},{\"@type\":\"Organization\",\"@id\":\"https:\\\/\\\/radioljubuski.ba\\\/#organization\",\"name\":\"Radio Ljubu\u0161ki\",\"url\":\"https:\\\/\\\/radioljubuski.ba\\\/\",\"logo\":{\"@type\":\"ImageObject\",\"inLanguage\":\"hr\",\"@id\":\"https:\\\/\\\/radioljubuski.ba\\\/#\\\/schema\\\/logo\\\/image\\\/\",\"url\":\"https:\\\/\\\/radioljubuski.ba\\\/wp-content\\\/uploads\\\/2021\\\/02\\\/cropped-Radio_Ljubuski_logo1.jpg\",\"contentUrl\":\"https:\\\/\\\/radioljubuski.ba\\\/wp-content\\\/uploads\\\/2021\\\/02\\\/cropped-Radio_Ljubuski_logo1.jpg\",\"width\":512,\"height\":512,\"caption\":\"Radio Ljubu\u0161ki\"},\"image\":{\"@id\":\"https:\\\/\\\/radioljubuski.ba\\\/#\\\/schema\\\/logo\\\/image\\\/\"},\"sameAs\":[\"https:\\\/\\\/www.facebook.com\\\/Radiio-Ljubuski-1490835324566332\",\"https:\\\/\\\/x.com\\\/radioljubuski\",\"https:\\\/\\\/hr.linkedin.com\\\/company\\\/radio-ljubuski\",\"https:\\\/\\\/www.youtube.com\\\/channel\\\/UCHYaeO_n0Db3tjNGudGpXyw\"]},{\"@type\":\"Person\",\"@id\":\"https:\\\/\\\/radioljubuski.ba\\\/#\\\/schema\\\/person\\\/19fc700381a780f69665d7956c469e3b\",\"name\":\"Radio Ljubu\u0161ki\"}]}<\/script>\n<!-- \/ Yoast SEO plugin. -->","yoast_head_json":{"title":"Slova\u010dki premijer tvrdi: \u2018Mi smo sljede\u0107i! Ako Ukrajinci ne uspiju, znamo da \u0107e Rusija i\u0107i dalje\u2018 - RADIO LJUBU\u0160KI","robots":{"index":"index","follow":"follow","max-snippet":"max-snippet:-1","max-image-preview":"max-image-preview:large","max-video-preview":"max-video-preview:-1"},"canonical":"https:\/\/radioljubuski.ba\/index.php\/2022\/05\/26\/slovacki-premijer-tvrdi-mi-smo-sljedeci-ako-ukrajinci-ne-uspiju-znamo-da-ce-rusija-ici-dalje\/","og_locale":"hr_HR","og_type":"article","og_title":"Slova\u010dki premijer tvrdi: \u2018Mi smo sljede\u0107i! Ako Ukrajinci ne uspiju, znamo da \u0107e Rusija i\u0107i dalje\u2018 - RADIO LJUBU\u0160KI","og_description":"Slova\u010dki premijer Eduard Heger upozorio je da bi njegova zemlja mogla biti sljede\u0107a ako Rusija uspje\u0161no okupira Ukrajinu. \u201cMi smo sljede\u0107i. Ako Ukrajinci ne uspiju, znamo da \u0107e Rusija i\u0107i dalje. Ovo se mora shvatiti ozbiljno, posebno u Europskoj uniji&#8221;, rekao je Sky Newsu Heger, prenosi Jutarnji list. Izvor:jutarnji.hr","og_url":"https:\/\/radioljubuski.ba\/index.php\/2022\/05\/26\/slovacki-premijer-tvrdi-mi-smo-sljedeci-ako-ukrajinci-ne-uspiju-znamo-da-ce-rusija-ici-dalje\/","og_site_name":"RADIO LJUBU\u0160KI","article_publisher":"https:\/\/www.facebook.com\/Radiio-Ljubuski-1490835324566332","article_published_time":"2022-05-26T13:21:32+00:00","article_modified_time":"2022-05-26T13:21:33+00:00","og_image":[{"width":1000,"height":625,"url":"https:\/\/radioljubuski.ba\/wp-content\/uploads\/2022\/05\/8-2022-05-26-13-28-46-UKRAJINA.jpg","type":"image\/jpeg"}],"author":"Radio Ljubu\u0161ki","twitter_card":"summary_large_image","twitter_creator":"@radioljubuski","twitter_site":"@radioljubuski","twitter_misc":{"Napisao\/la":"Radio Ljubu\u0161ki","Procijenjeno vrijeme \u010ditanja":"1 minuta"},"schema":{"@context":"https:\/\/schema.org","@graph":[{"@type":"Article","@id":"https:\/\/radioljubuski.ba\/index.php\/2022\/05\/26\/slovacki-premijer-tvrdi-mi-smo-sljedeci-ako-ukrajinci-ne-uspiju-znamo-da-ce-rusija-ici-dalje\/#article","isPartOf":{"@id":"https:\/\/radioljubuski.ba\/index.php\/2022\/05\/26\/slovacki-premijer-tvrdi-mi-smo-sljedeci-ako-ukrajinci-ne-uspiju-znamo-da-ce-rusija-ici-dalje\/"},"author":{"name":"Radio Ljubu\u0161ki","@id":"https:\/\/radioljubuski.ba\/#\/schema\/person\/19fc700381a780f69665d7956c469e3b"},"headline":"Slova\u010dki premijer tvrdi: \u2018Mi smo sljede\u0107i! Ako Ukrajinci ne uspiju, znamo da \u0107e Rusija i\u0107i dalje\u2018","datePublished":"2022-05-26T13:21:32+00:00","dateModified":"2022-05-26T13:21:33+00:00","mainEntityOfPage":{"@id":"https:\/\/radioljubuski.ba\/index.php\/2022\/05\/26\/slovacki-premijer-tvrdi-mi-smo-sljedeci-ako-ukrajinci-ne-uspiju-znamo-da-ce-rusija-ici-dalje\/"},"wordCount":75,"publisher":{"@id":"https:\/\/radioljubuski.ba\/#organization"},"image":{"@id":"https:\/\/radioljubuski.ba\/index.php\/2022\/05\/26\/slovacki-premijer-tvrdi-mi-smo-sljedeci-ako-ukrajinci-ne-uspiju-znamo-da-ce-rusija-ici-dalje\/#primaryimage"},"thumbnailUrl":"https:\/\/radioljubuski.ba\/wp-content\/uploads\/2022\/05\/8-2022-05-26-13-28-46-UKRAJINA.jpg","articleSection":["BIH i regija"],"inLanguage":"hr"},{"@type":"WebPage","@id":"https:\/\/radioljubuski.ba\/index.php\/2022\/05\/26\/slovacki-premijer-tvrdi-mi-smo-sljedeci-ako-ukrajinci-ne-uspiju-znamo-da-ce-rusija-ici-dalje\/","url":"https:\/\/radioljubuski.ba\/index.php\/2022\/05\/26\/slovacki-premijer-tvrdi-mi-smo-sljedeci-ako-ukrajinci-ne-uspiju-znamo-da-ce-rusija-ici-dalje\/","name":"Slova\u010dki premijer tvrdi: \u2018Mi smo sljede\u0107i! Ako Ukrajinci ne uspiju, znamo da \u0107e Rusija i\u0107i dalje\u2018 - RADIO LJUBU\u0160KI","isPartOf":{"@id":"https:\/\/radioljubuski.ba\/#website"},"primaryImageOfPage":{"@id":"https:\/\/radioljubuski.ba\/index.php\/2022\/05\/26\/slovacki-premijer-tvrdi-mi-smo-sljedeci-ako-ukrajinci-ne-uspiju-znamo-da-ce-rusija-ici-dalje\/#primaryimage"},"image":{"@id":"https:\/\/radioljubuski.ba\/index.php\/2022\/05\/26\/slovacki-premijer-tvrdi-mi-smo-sljedeci-ako-ukrajinci-ne-uspiju-znamo-da-ce-rusija-ici-dalje\/#primaryimage"},"thumbnailUrl":"https:\/\/radioljubuski.ba\/wp-content\/uploads\/2022\/05\/8-2022-05-26-13-28-46-UKRAJINA.jpg","datePublished":"2022-05-26T13:21:32+00:00","dateModified":"2022-05-26T13:21:33+00:00","breadcrumb":{"@id":"https:\/\/radioljubuski.ba\/index.php\/2022\/05\/26\/slovacki-premijer-tvrdi-mi-smo-sljedeci-ako-ukrajinci-ne-uspiju-znamo-da-ce-rusija-ici-dalje\/#breadcrumb"},"inLanguage":"hr","potentialAction":[{"@type":"ReadAction","target":["https:\/\/radioljubuski.ba\/index.php\/2022\/05\/26\/slovacki-premijer-tvrdi-mi-smo-sljedeci-ako-ukrajinci-ne-uspiju-znamo-da-ce-rusija-ici-dalje\/"]}]},{"@type":"ImageObject","inLanguage":"hr","@id":"https:\/\/radioljubuski.ba\/index.php\/2022\/05\/26\/slovacki-premijer-tvrdi-mi-smo-sljedeci-ako-ukrajinci-ne-uspiju-znamo-da-ce-rusija-ici-dalje\/#primaryimage","url":"https:\/\/radioljubuski.ba\/wp-content\/uploads\/2022\/05\/8-2022-05-26-13-28-46-UKRAJINA.jpg","contentUrl":"https:\/\/radioljubuski.ba\/wp-content\/uploads\/2022\/05\/8-2022-05-26-13-28-46-UKRAJINA.jpg","width":1000,"height":625},{"@type":"BreadcrumbList","@id":"https:\/\/radioljubuski.ba\/index.php\/2022\/05\/26\/slovacki-premijer-tvrdi-mi-smo-sljedeci-ako-ukrajinci-ne-uspiju-znamo-da-ce-rusija-ici-dalje\/#breadcrumb","itemListElement":[{"@type":"ListItem","position":1,"name":"Po\u010detna stranica","item":"https:\/\/radioljubuski.ba\/"},{"@type":"ListItem","position":2,"name":"Slova\u010dki premijer tvrdi: \u2018Mi smo sljede\u0107i! Ako Ukrajinci ne uspiju, znamo da \u0107e Rusija i\u0107i dalje\u2018"}]},{"@type":"WebSite","@id":"https:\/\/radioljubuski.ba\/#website","url":"https:\/\/radioljubuski.ba\/","name":"Radio Ljubu\u0161ki","description":"Sun\u010dana frekvencija Hercegovine","publisher":{"@id":"https:\/\/radioljubuski.ba\/#organization"},"potentialAction":[{"@type":"SearchAction","target":{"@type":"EntryPoint","urlTemplate":"https:\/\/radioljubuski.ba\/?s={search_term_string}"},"query-input":{"@type":"PropertyValueSpecification","valueRequired":true,"valueName":"search_term_string"}}],"inLanguage":"hr"},{"@type":"Organization","@id":"https:\/\/radioljubuski.ba\/#organization","name":"Radio Ljubu\u0161ki","url":"https:\/\/radioljubuski.ba\/","logo":{"@type":"ImageObject","inLanguage":"hr","@id":"https:\/\/radioljubuski.ba\/#\/schema\/logo\/image\/","url":"https:\/\/radioljubuski.ba\/wp-content\/uploads\/2021\/02\/cropped-Radio_Ljubuski_logo1.jpg","contentUrl":"https:\/\/radioljubuski.ba\/wp-content\/uploads\/2021\/02\/cropped-Radio_Ljubuski_logo1.jpg","width":512,"height":512,"caption":"Radio Ljubu\u0161ki"},"image":{"@id":"https:\/\/radioljubuski.ba\/#\/schema\/logo\/image\/"},"sameAs":["https:\/\/www.facebook.com\/Radiio-Ljubuski-1490835324566332","https:\/\/x.com\/radioljubuski","https:\/\/hr.linkedin.com\/company\/radio-ljubuski","https:\/\/www.youtube.com\/channel\/UCHYaeO_n0Db3tjNGudGpXyw"]},{"@type":"Person","@id":"https:\/\/radioljubuski.ba\/#\/schema\/person\/19fc700381a780f69665d7956c469e3b","name":"Radio Ljubu\u0161ki"}]}},"_links":{"self":[{"href":"https:\/\/radioljubuski.ba\/index.php\/wp-json\/wp\/v2\/posts\/144253","targetHints":{"allow":["GET"]}}],"collection":[{"href":"https:\/\/radioljubuski.ba\/index.php\/wp-json\/wp\/v2\/posts"}],"about":[{"href":"https:\/\/radioljubuski.ba\/index.php\/wp-json\/wp\/v2\/types\/post"}],"author":[{"embeddable":true,"href":"https:\/\/radioljubuski.ba\/index.php\/wp-json\/wp\/v2\/users\/2"}],"replies":[{"embeddable":true,"href":"https:\/\/radioljubuski.ba\/index.php\/wp-json\/wp\/v2\/comments?post=144253"}],"version-history":[{"count":1,"href":"https:\/\/radioljubuski.ba\/index.php\/wp-json\/wp\/v2\/posts\/144253\/revisions"}],"predecessor-version":[{"id":144255,"href":"https:\/\/radioljubuski.ba\/index.php\/wp-json\/wp\/v2\/posts\/144253\/revisions\/144255"}],"wp:featuredmedia":[{"embeddable":true,"href":"https:\/\/radioljubuski.ba\/index.php\/wp-json\/wp\/v2\/media\/144254"}],"wp:attachment":[{"href":"https:\/\/radioljubuski.ba\/index.php\/wp-json\/wp\/v2\/media?parent=144253"}],"wp:term":[{"taxonomy":"category","embeddable":true,"href":"https:\/\/radioljubuski.ba\/index.php\/wp-json\/wp\/v2\/categories?post=144253"},{"taxonomy":"post_tag","embeddable":true,"href":"https:\/\/radioljubuski.ba\/index.php\/wp-json\/wp\/v2\/tags?post=144253"}],"curies":[{"name":"wp","href":"https:\/\/api.w.org\/{rel}","templated":true}]}}