{"id":144256,"date":"2022-05-26T14:22:38","date_gmt":"2022-05-26T13:22:38","guid":{"rendered":"https:\/\/radioljubuski.ba\/?p=144256"},"modified":"2022-05-26T14:22:39","modified_gmt":"2022-05-26T13:22:39","slug":"ekonomska-predvidanja-za-bih-sto-ce-biti-s-cijenama-placama-zaposlenoscu","status":"publish","type":"post","link":"https:\/\/radioljubuski.ba\/index.php\/2022\/05\/26\/ekonomska-predvidanja-za-bih-sto-ce-biti-s-cijenama-placama-zaposlenoscu\/","title":{"rendered":"Ekonomska predvi\u0111anja za BiH: \u0160to \u0107e biti s cijenama, pla\u0107ama, zaposleno\u0161\u0107u&#8230;?"},"content":{"rendered":"\n<p>Direkcija za ekonomsko planiranje Bosne i Hercegovine sa\u010dinila je, na osnovu analiza, informaciju o ekonomskim perspektivama na\u0161e dr\u017eave do 2025, po kojoj se o\u010dekuje da \u0107e rast cijena hrane ostati na vi\u0161em nivou tokom ove godine. U idu\u0107oj se o\u010dekuje smanjenje, ali to ovisi i o vanjskim faktorima kao \u0161to je ruska agresija na Ukrajinu.<\/p>\n\n\n\n<p>Ekonomisti napominju i da su ekonomske analize i prognoze uvijek malo optimisti\u010dnije nego \u0161to je realno stanje i da je to u prirodi ekonomskih nauka.<\/p>\n\n\n\n<p>Ekonomista Admir \u010cavali\u0107 istakao je da cjenovne \u0161okove o\u010dekujemo i dalje, ali ne i drasti\u010dna poskupljenja kakva su bila krajem pro\u0161le i po\u010detkom ove godine.<\/p>\n\n\n\n<p>Kazao je da je ina\u010de te\u0161ko donositi bilo kakve analiti\u010dke dokumente, \u0161to su pokazale i ove dvije godine neizvjesnosti. Prvo se dogodila pandemija koronavirusa, a kada smo se po\u010deli malo oporavljati, dogodila se ruska agresija na Ukrajinu.<\/p>\n\n\n\n<p>&#8211; Kada se predvi\u0111aju stope rasta, one se precjenjuju. I svaka naredna godina je neizvjesnija. Drugi kvartal ove godine \u0107e pokazati ho\u0107e li biti stabilizacije cijena idu\u0107e godine. Ono \u0161to je dugoro\u010dno najve\u0107i izazov je funkcionalnost na\u0161eg tr\u017ei\u0161ta rada jer odlazi radno sposobno stanovni\u0161tvo, a ne uvozimo dodatnu radnu snagu \u2013 ocijenio je \u010cavali\u0107.<\/p>\n\n\n\n<p>Prema informaciji Direkcije za ekonomsko planiranje BiH, inflacija je u sije\u010dnju iznosila sedam posto, a najzna\u010dajniji rast cijena je zabilje\u017een u odjeljcima hrane, bezalkoholnih pi\u0107a, prijevoza, energenata.<\/p>\n\n\n\n<p>&#8211; Projekcije su da \u0107e se inflacija u eurozoni zna\u010dajno pove\u0107ati i iznositi 5,1 posto u ovoj godini u usporedbi sa istim periodom pro\u0161le godine. Cijena sirove nafte bi mogla iznositi 92,6 dolara po barelu \u0161to je rast oko 30 posto. O\u010dekuje se i da \u0107e rast cijena hrane ostati na vi\u0161em nivou tokom 2022. Na osnovu svega u BiH se mo\u017ee o\u010dekivati inflacija od oko \u0161est posto.<\/p>\n\n\n\n<p>U 2023. se o\u010dekuje stabilniji rast cijena u BiH koji je vezan za smanjenje vanjskih pritisaka na cijene. Cijene sirove nafte bi u 2023. mogle imati silazni trend i mogla bi biti ni\u017ea za 11,7 posto. O\u010dekuje se i smanjenje cijena hrane pa se u BiH mo\u017ee o\u010dekivati inflacija od 1,8 posto \u2013 pi\u0161e u ovoj informaciji.<\/p>\n\n\n\n<p>No osnovni rizici za ostvarenje ove projekcije su, kako se navodi, &#8220;doga\u0111anja izme\u0111u Rusije i Ukrajine&#8221;.<\/p>\n\n\n\n<p>&#8211; Europska centralna banka je predstavila dva scenarija. Oba predvi\u0111aju prestanak isporuke ruskog plina Europi, \u0161to se mo\u017ee samo djelimi\u010dno nadoknaditi kori\u0161tenjem drugih izvora energije uz rast cijena nafte i plina. Me\u0111u doma\u0107im faktorima koji bi mogli utjecati na nivo inflacije je nepredvi\u0111en rast cijene komunalija \u2013 stoji u dokumentu koji je zasnovan na slu\u017ebenim podacima statisti\u010dkih sistema i agencija.<\/p>\n\n\n\n<p>Navedeno je da je nakon pandemije koronavirusa, 2021. po\u010dela oporavkom gospodarstva, ali se po\u010detkom 2022. sve uslo\u017enilo zbog agresije Rusije na Ukrajinu.<\/p>\n\n\n\n<p>&#8211; Negativne ekonomske posljedice manifestiraju se kroz trgovinske, financijske, cjenovne \u0161okove. Zato su projekcije da \u0107e do kraja godine realan ekonomski rast biti 2,1 posto u odnosu na pro\u0161lu godinu dok o\u010dekivana nominalna stopa rasta iznosi 5,4 posto \u2013 pi\u0161e u dokumentu.<\/p>\n\n\n\n<p>Od idu\u0107e godine do 2025, ali pod uvjetom da bude stabilizacija eksternog okru\u017eenja i unutra\u0161njih dinamika u BiH, mo\u017ee se o\u010dekivati nastavak trenda pozitivnog ekonomskog rasta po prosje\u010dnim stopama rasta od oko 3,2 posto na godi\u0161njem nivou.<\/p>\n\n\n\n<p>&#8211; O\u010dekuje se da doma\u0107a tra\u017enja kroz privatnu potro\u0161nju i investicije bude glavni oslonac ekonomskog rasta. S druge strane, o\u010dekuje se stagnacija javne potro\u0161nje \u2013 navedeno je.<\/p>\n\n\n\n<p>\u010cavali\u0107 poja\u0161njava da je sada javna potro\u0161nja temelj ekonomskog rasta, \u0161to nije zdravo.<\/p>\n\n\n\n<p>&#8211; Ako se dogode ovakve prognoze, zna\u010dilo bi da smo napravili iskorak. Me\u0111utim, sve je to malo optimisti\u010dno \u2013 dodao je \u010cavali\u0107.<\/p>\n\n\n\n<p>Direkcija za ekonomsko planiranje je predvidjela i umjeren rast broja zaposlenih u ovoj godini i to od 1,1 posto u odnosu na pro\u0161lu. U idu\u0107oj se predvi\u0111a pove\u0107anje broja zaposlenih za 1,5 posto i rast pla\u0107a za 3,1 posto. Me\u0111utim, ako se desi sporiji ekonomski rast i smanjen obim investicija i trgovine, izme\u0111u ostalog, rast broja zaposlenih i pla\u0107a bit \u0107e manji.<\/p>\n\n\n\n<p>&#8211; Na tr\u017ei\u0161te rada i kupovnu mo\u0107 gra\u0111ana mogli bi utjecati i smanjenje radne snage (migracije), i stupanj&nbsp; provedbe strukturnih reformi \u2013 zaklju\u010deno je u dokumentu, prenosi <a href=\"https:\/\/faktor.ba\/vijest\/uradena-ekonomska-predvidanja-za-bih-sta-ce-biti-s-cijenama-placama-zaposlenoscu\/164374\" target=\"_blank\" rel=\"noreferrer noopener\">Faktor<\/a>.<\/p>\n\n\n\n<p>Izvor:faktor.ba<\/p>\n","protected":false},"excerpt":{"rendered":"<p>Direkcija za ekonomsko planiranje Bosne i Hercegovine sa\u010dinila je, na osnovu analiza, informaciju o ekonomskim perspektivama na\u0161e dr\u017eave do 2025, po kojoj se o\u010dekuje da \u0107e rast cijena hrane ostati na vi\u0161em nivou tokom ove godine. U idu\u0107oj se o\u010dekuje smanjenje, ali to ovisi i o vanjskim faktorima kao \u0161to je ruska agresija na Ukrajinu. [&hellip;]<\/p>\n","protected":false},"author":2,"featured_media":56789,"comment_status":"closed","ping_status":"closed","sticky":false,"template":"","format":"standard","meta":{"h5ap_radio_sources":[],"footnotes":""},"categories":[1],"tags":[],"class_list":["post-144256","post","type-post","status-publish","format-standard","has-post-thumbnail","hentry","category-bihiregija"],"yoast_head":"<!-- This site is optimized with the Yoast SEO plugin v27.5 - https:\/\/yoast.com\/product\/yoast-seo-wordpress\/ -->\n<title>Ekonomska predvi\u0111anja za BiH: \u0160to \u0107e biti s cijenama, pla\u0107ama, zaposleno\u0161\u0107u...? - RADIO LJUBU\u0160KI<\/title>\n<meta name=\"robots\" content=\"index, follow, max-snippet:-1, max-image-preview:large, max-video-preview:-1\" \/>\n<link rel=\"canonical\" href=\"https:\/\/radioljubuski.ba\/index.php\/2022\/05\/26\/ekonomska-predvidanja-za-bih-sto-ce-biti-s-cijenama-placama-zaposlenoscu\/\" \/>\n<meta property=\"og:locale\" content=\"hr_HR\" \/>\n<meta property=\"og:type\" content=\"article\" \/>\n<meta property=\"og:title\" content=\"Ekonomska predvi\u0111anja za BiH: \u0160to \u0107e biti s cijenama, pla\u0107ama, zaposleno\u0161\u0107u...? - RADIO LJUBU\u0160KI\" \/>\n<meta property=\"og:description\" content=\"Direkcija za ekonomsko planiranje Bosne i Hercegovine sa\u010dinila je, na osnovu analiza, informaciju o ekonomskim perspektivama na\u0161e dr\u017eave do 2025, po kojoj se o\u010dekuje da \u0107e rast cijena hrane ostati na vi\u0161em nivou tokom ove godine. U idu\u0107oj se o\u010dekuje smanjenje, ali to ovisi i o vanjskim faktorima kao \u0161to je ruska agresija na Ukrajinu. [&hellip;]\" \/>\n<meta property=\"og:url\" content=\"https:\/\/radioljubuski.ba\/index.php\/2022\/05\/26\/ekonomska-predvidanja-za-bih-sto-ce-biti-s-cijenama-placama-zaposlenoscu\/\" \/>\n<meta property=\"og:site_name\" content=\"RADIO LJUBU\u0160KI\" \/>\n<meta property=\"article:publisher\" content=\"https:\/\/www.facebook.com\/Radiio-Ljubuski-1490835324566332\" \/>\n<meta property=\"article:published_time\" content=\"2022-05-26T13:22:38+00:00\" \/>\n<meta property=\"article:modified_time\" content=\"2022-05-26T13:22:39+00:00\" \/>\n<meta property=\"og:image\" content=\"https:\/\/radioljubuski.ba\/wp-content\/uploads\/2021\/08\/prodavnica.jpg\" \/>\n\t<meta property=\"og:image:width\" content=\"1000\" \/>\n\t<meta property=\"og:image:height\" content=\"625\" \/>\n\t<meta property=\"og:image:type\" content=\"image\/jpeg\" \/>\n<meta name=\"author\" content=\"Radio Ljubu\u0161ki\" \/>\n<meta name=\"twitter:card\" content=\"summary_large_image\" \/>\n<meta name=\"twitter:creator\" content=\"@radioljubuski\" \/>\n<meta name=\"twitter:site\" content=\"@radioljubuski\" \/>\n<meta name=\"twitter:label1\" content=\"Napisao\/la\" \/>\n\t<meta name=\"twitter:data1\" content=\"Radio Ljubu\u0161ki\" \/>\n\t<meta name=\"twitter:label2\" content=\"Procijenjeno vrijeme \u010ditanja\" \/>\n\t<meta name=\"twitter:data2\" content=\"3 minute\" \/>\n<script type=\"application\/ld+json\" class=\"yoast-schema-graph\">{\"@context\":\"https:\\\/\\\/schema.org\",\"@graph\":[{\"@type\":\"Article\",\"@id\":\"https:\\\/\\\/radioljubuski.ba\\\/index.php\\\/2022\\\/05\\\/26\\\/ekonomska-predvidanja-za-bih-sto-ce-biti-s-cijenama-placama-zaposlenoscu\\\/#article\",\"isPartOf\":{\"@id\":\"https:\\\/\\\/radioljubuski.ba\\\/index.php\\\/2022\\\/05\\\/26\\\/ekonomska-predvidanja-za-bih-sto-ce-biti-s-cijenama-placama-zaposlenoscu\\\/\"},\"author\":{\"name\":\"Radio Ljubu\u0161ki\",\"@id\":\"https:\\\/\\\/radioljubuski.ba\\\/#\\\/schema\\\/person\\\/19fc700381a780f69665d7956c469e3b\"},\"headline\":\"Ekonomska predvi\u0111anja za BiH: \u0160to \u0107e biti s cijenama, pla\u0107ama, zaposleno\u0161\u0107u&#8230;?\",\"datePublished\":\"2022-05-26T13:22:38+00:00\",\"dateModified\":\"2022-05-26T13:22:39+00:00\",\"mainEntityOfPage\":{\"@id\":\"https:\\\/\\\/radioljubuski.ba\\\/index.php\\\/2022\\\/05\\\/26\\\/ekonomska-predvidanja-za-bih-sto-ce-biti-s-cijenama-placama-zaposlenoscu\\\/\"},\"wordCount\":759,\"publisher\":{\"@id\":\"https:\\\/\\\/radioljubuski.ba\\\/#organization\"},\"image\":{\"@id\":\"https:\\\/\\\/radioljubuski.ba\\\/index.php\\\/2022\\\/05\\\/26\\\/ekonomska-predvidanja-za-bih-sto-ce-biti-s-cijenama-placama-zaposlenoscu\\\/#primaryimage\"},\"thumbnailUrl\":\"https:\\\/\\\/radioljubuski.ba\\\/wp-content\\\/uploads\\\/2021\\\/08\\\/prodavnica.jpg\",\"articleSection\":[\"BIH i regija\"],\"inLanguage\":\"hr\"},{\"@type\":\"WebPage\",\"@id\":\"https:\\\/\\\/radioljubuski.ba\\\/index.php\\\/2022\\\/05\\\/26\\\/ekonomska-predvidanja-za-bih-sto-ce-biti-s-cijenama-placama-zaposlenoscu\\\/\",\"url\":\"https:\\\/\\\/radioljubuski.ba\\\/index.php\\\/2022\\\/05\\\/26\\\/ekonomska-predvidanja-za-bih-sto-ce-biti-s-cijenama-placama-zaposlenoscu\\\/\",\"name\":\"Ekonomska predvi\u0111anja za BiH: \u0160to \u0107e biti s cijenama, pla\u0107ama, zaposleno\u0161\u0107u...? - RADIO LJUBU\u0160KI\",\"isPartOf\":{\"@id\":\"https:\\\/\\\/radioljubuski.ba\\\/#website\"},\"primaryImageOfPage\":{\"@id\":\"https:\\\/\\\/radioljubuski.ba\\\/index.php\\\/2022\\\/05\\\/26\\\/ekonomska-predvidanja-za-bih-sto-ce-biti-s-cijenama-placama-zaposlenoscu\\\/#primaryimage\"},\"image\":{\"@id\":\"https:\\\/\\\/radioljubuski.ba\\\/index.php\\\/2022\\\/05\\\/26\\\/ekonomska-predvidanja-za-bih-sto-ce-biti-s-cijenama-placama-zaposlenoscu\\\/#primaryimage\"},\"thumbnailUrl\":\"https:\\\/\\\/radioljubuski.ba\\\/wp-content\\\/uploads\\\/2021\\\/08\\\/prodavnica.jpg\",\"datePublished\":\"2022-05-26T13:22:38+00:00\",\"dateModified\":\"2022-05-26T13:22:39+00:00\",\"breadcrumb\":{\"@id\":\"https:\\\/\\\/radioljubuski.ba\\\/index.php\\\/2022\\\/05\\\/26\\\/ekonomska-predvidanja-za-bih-sto-ce-biti-s-cijenama-placama-zaposlenoscu\\\/#breadcrumb\"},\"inLanguage\":\"hr\",\"potentialAction\":[{\"@type\":\"ReadAction\",\"target\":[\"https:\\\/\\\/radioljubuski.ba\\\/index.php\\\/2022\\\/05\\\/26\\\/ekonomska-predvidanja-za-bih-sto-ce-biti-s-cijenama-placama-zaposlenoscu\\\/\"]}]},{\"@type\":\"ImageObject\",\"inLanguage\":\"hr\",\"@id\":\"https:\\\/\\\/radioljubuski.ba\\\/index.php\\\/2022\\\/05\\\/26\\\/ekonomska-predvidanja-za-bih-sto-ce-biti-s-cijenama-placama-zaposlenoscu\\\/#primaryimage\",\"url\":\"https:\\\/\\\/radioljubuski.ba\\\/wp-content\\\/uploads\\\/2021\\\/08\\\/prodavnica.jpg\",\"contentUrl\":\"https:\\\/\\\/radioljubuski.ba\\\/wp-content\\\/uploads\\\/2021\\\/08\\\/prodavnica.jpg\",\"width\":1000,\"height\":625},{\"@type\":\"BreadcrumbList\",\"@id\":\"https:\\\/\\\/radioljubuski.ba\\\/index.php\\\/2022\\\/05\\\/26\\\/ekonomska-predvidanja-za-bih-sto-ce-biti-s-cijenama-placama-zaposlenoscu\\\/#breadcrumb\",\"itemListElement\":[{\"@type\":\"ListItem\",\"position\":1,\"name\":\"Po\u010detna stranica\",\"item\":\"https:\\\/\\\/radioljubuski.ba\\\/\"},{\"@type\":\"ListItem\",\"position\":2,\"name\":\"Ekonomska predvi\u0111anja za BiH: \u0160to \u0107e biti s cijenama, pla\u0107ama, zaposleno\u0161\u0107u&#8230;?\"}]},{\"@type\":\"WebSite\",\"@id\":\"https:\\\/\\\/radioljubuski.ba\\\/#website\",\"url\":\"https:\\\/\\\/radioljubuski.ba\\\/\",\"name\":\"Radio Ljubu\u0161ki\",\"description\":\"Sun\u010dana frekvencija Hercegovine\",\"publisher\":{\"@id\":\"https:\\\/\\\/radioljubuski.ba\\\/#organization\"},\"potentialAction\":[{\"@type\":\"SearchAction\",\"target\":{\"@type\":\"EntryPoint\",\"urlTemplate\":\"https:\\\/\\\/radioljubuski.ba\\\/?s={search_term_string}\"},\"query-input\":{\"@type\":\"PropertyValueSpecification\",\"valueRequired\":true,\"valueName\":\"search_term_string\"}}],\"inLanguage\":\"hr\"},{\"@type\":\"Organization\",\"@id\":\"https:\\\/\\\/radioljubuski.ba\\\/#organization\",\"name\":\"Radio Ljubu\u0161ki\",\"url\":\"https:\\\/\\\/radioljubuski.ba\\\/\",\"logo\":{\"@type\":\"ImageObject\",\"inLanguage\":\"hr\",\"@id\":\"https:\\\/\\\/radioljubuski.ba\\\/#\\\/schema\\\/logo\\\/image\\\/\",\"url\":\"https:\\\/\\\/radioljubuski.ba\\\/wp-content\\\/uploads\\\/2021\\\/02\\\/cropped-Radio_Ljubuski_logo1.jpg\",\"contentUrl\":\"https:\\\/\\\/radioljubuski.ba\\\/wp-content\\\/uploads\\\/2021\\\/02\\\/cropped-Radio_Ljubuski_logo1.jpg\",\"width\":512,\"height\":512,\"caption\":\"Radio Ljubu\u0161ki\"},\"image\":{\"@id\":\"https:\\\/\\\/radioljubuski.ba\\\/#\\\/schema\\\/logo\\\/image\\\/\"},\"sameAs\":[\"https:\\\/\\\/www.facebook.com\\\/Radiio-Ljubuski-1490835324566332\",\"https:\\\/\\\/x.com\\\/radioljubuski\",\"https:\\\/\\\/hr.linkedin.com\\\/company\\\/radio-ljubuski\",\"https:\\\/\\\/www.youtube.com\\\/channel\\\/UCHYaeO_n0Db3tjNGudGpXyw\"]},{\"@type\":\"Person\",\"@id\":\"https:\\\/\\\/radioljubuski.ba\\\/#\\\/schema\\\/person\\\/19fc700381a780f69665d7956c469e3b\",\"name\":\"Radio Ljubu\u0161ki\"}]}<\/script>\n<!-- \/ Yoast SEO plugin. -->","yoast_head_json":{"title":"Ekonomska predvi\u0111anja za BiH: \u0160to \u0107e biti s cijenama, pla\u0107ama, zaposleno\u0161\u0107u...? - RADIO LJUBU\u0160KI","robots":{"index":"index","follow":"follow","max-snippet":"max-snippet:-1","max-image-preview":"max-image-preview:large","max-video-preview":"max-video-preview:-1"},"canonical":"https:\/\/radioljubuski.ba\/index.php\/2022\/05\/26\/ekonomska-predvidanja-za-bih-sto-ce-biti-s-cijenama-placama-zaposlenoscu\/","og_locale":"hr_HR","og_type":"article","og_title":"Ekonomska predvi\u0111anja za BiH: \u0160to \u0107e biti s cijenama, pla\u0107ama, zaposleno\u0161\u0107u...? - RADIO LJUBU\u0160KI","og_description":"Direkcija za ekonomsko planiranje Bosne i Hercegovine sa\u010dinila je, na osnovu analiza, informaciju o ekonomskim perspektivama na\u0161e dr\u017eave do 2025, po kojoj se o\u010dekuje da \u0107e rast cijena hrane ostati na vi\u0161em nivou tokom ove godine. U idu\u0107oj se o\u010dekuje smanjenje, ali to ovisi i o vanjskim faktorima kao \u0161to je ruska agresija na Ukrajinu. [&hellip;]","og_url":"https:\/\/radioljubuski.ba\/index.php\/2022\/05\/26\/ekonomska-predvidanja-za-bih-sto-ce-biti-s-cijenama-placama-zaposlenoscu\/","og_site_name":"RADIO LJUBU\u0160KI","article_publisher":"https:\/\/www.facebook.com\/Radiio-Ljubuski-1490835324566332","article_published_time":"2022-05-26T13:22:38+00:00","article_modified_time":"2022-05-26T13:22:39+00:00","og_image":[{"width":1000,"height":625,"url":"https:\/\/radioljubuski.ba\/wp-content\/uploads\/2021\/08\/prodavnica.jpg","type":"image\/jpeg"}],"author":"Radio Ljubu\u0161ki","twitter_card":"summary_large_image","twitter_creator":"@radioljubuski","twitter_site":"@radioljubuski","twitter_misc":{"Napisao\/la":"Radio Ljubu\u0161ki","Procijenjeno vrijeme \u010ditanja":"3 minute"},"schema":{"@context":"https:\/\/schema.org","@graph":[{"@type":"Article","@id":"https:\/\/radioljubuski.ba\/index.php\/2022\/05\/26\/ekonomska-predvidanja-za-bih-sto-ce-biti-s-cijenama-placama-zaposlenoscu\/#article","isPartOf":{"@id":"https:\/\/radioljubuski.ba\/index.php\/2022\/05\/26\/ekonomska-predvidanja-za-bih-sto-ce-biti-s-cijenama-placama-zaposlenoscu\/"},"author":{"name":"Radio Ljubu\u0161ki","@id":"https:\/\/radioljubuski.ba\/#\/schema\/person\/19fc700381a780f69665d7956c469e3b"},"headline":"Ekonomska predvi\u0111anja za BiH: \u0160to \u0107e biti s cijenama, pla\u0107ama, zaposleno\u0161\u0107u&#8230;?","datePublished":"2022-05-26T13:22:38+00:00","dateModified":"2022-05-26T13:22:39+00:00","mainEntityOfPage":{"@id":"https:\/\/radioljubuski.ba\/index.php\/2022\/05\/26\/ekonomska-predvidanja-za-bih-sto-ce-biti-s-cijenama-placama-zaposlenoscu\/"},"wordCount":759,"publisher":{"@id":"https:\/\/radioljubuski.ba\/#organization"},"image":{"@id":"https:\/\/radioljubuski.ba\/index.php\/2022\/05\/26\/ekonomska-predvidanja-za-bih-sto-ce-biti-s-cijenama-placama-zaposlenoscu\/#primaryimage"},"thumbnailUrl":"https:\/\/radioljubuski.ba\/wp-content\/uploads\/2021\/08\/prodavnica.jpg","articleSection":["BIH i regija"],"inLanguage":"hr"},{"@type":"WebPage","@id":"https:\/\/radioljubuski.ba\/index.php\/2022\/05\/26\/ekonomska-predvidanja-za-bih-sto-ce-biti-s-cijenama-placama-zaposlenoscu\/","url":"https:\/\/radioljubuski.ba\/index.php\/2022\/05\/26\/ekonomska-predvidanja-za-bih-sto-ce-biti-s-cijenama-placama-zaposlenoscu\/","name":"Ekonomska predvi\u0111anja za BiH: \u0160to \u0107e biti s cijenama, pla\u0107ama, zaposleno\u0161\u0107u...? - RADIO LJUBU\u0160KI","isPartOf":{"@id":"https:\/\/radioljubuski.ba\/#website"},"primaryImageOfPage":{"@id":"https:\/\/radioljubuski.ba\/index.php\/2022\/05\/26\/ekonomska-predvidanja-za-bih-sto-ce-biti-s-cijenama-placama-zaposlenoscu\/#primaryimage"},"image":{"@id":"https:\/\/radioljubuski.ba\/index.php\/2022\/05\/26\/ekonomska-predvidanja-za-bih-sto-ce-biti-s-cijenama-placama-zaposlenoscu\/#primaryimage"},"thumbnailUrl":"https:\/\/radioljubuski.ba\/wp-content\/uploads\/2021\/08\/prodavnica.jpg","datePublished":"2022-05-26T13:22:38+00:00","dateModified":"2022-05-26T13:22:39+00:00","breadcrumb":{"@id":"https:\/\/radioljubuski.ba\/index.php\/2022\/05\/26\/ekonomska-predvidanja-za-bih-sto-ce-biti-s-cijenama-placama-zaposlenoscu\/#breadcrumb"},"inLanguage":"hr","potentialAction":[{"@type":"ReadAction","target":["https:\/\/radioljubuski.ba\/index.php\/2022\/05\/26\/ekonomska-predvidanja-za-bih-sto-ce-biti-s-cijenama-placama-zaposlenoscu\/"]}]},{"@type":"ImageObject","inLanguage":"hr","@id":"https:\/\/radioljubuski.ba\/index.php\/2022\/05\/26\/ekonomska-predvidanja-za-bih-sto-ce-biti-s-cijenama-placama-zaposlenoscu\/#primaryimage","url":"https:\/\/radioljubuski.ba\/wp-content\/uploads\/2021\/08\/prodavnica.jpg","contentUrl":"https:\/\/radioljubuski.ba\/wp-content\/uploads\/2021\/08\/prodavnica.jpg","width":1000,"height":625},{"@type":"BreadcrumbList","@id":"https:\/\/radioljubuski.ba\/index.php\/2022\/05\/26\/ekonomska-predvidanja-za-bih-sto-ce-biti-s-cijenama-placama-zaposlenoscu\/#breadcrumb","itemListElement":[{"@type":"ListItem","position":1,"name":"Po\u010detna stranica","item":"https:\/\/radioljubuski.ba\/"},{"@type":"ListItem","position":2,"name":"Ekonomska predvi\u0111anja za BiH: \u0160to \u0107e biti s cijenama, pla\u0107ama, zaposleno\u0161\u0107u&#8230;?"}]},{"@type":"WebSite","@id":"https:\/\/radioljubuski.ba\/#website","url":"https:\/\/radioljubuski.ba\/","name":"Radio Ljubu\u0161ki","description":"Sun\u010dana frekvencija Hercegovine","publisher":{"@id":"https:\/\/radioljubuski.ba\/#organization"},"potentialAction":[{"@type":"SearchAction","target":{"@type":"EntryPoint","urlTemplate":"https:\/\/radioljubuski.ba\/?s={search_term_string}"},"query-input":{"@type":"PropertyValueSpecification","valueRequired":true,"valueName":"search_term_string"}}],"inLanguage":"hr"},{"@type":"Organization","@id":"https:\/\/radioljubuski.ba\/#organization","name":"Radio Ljubu\u0161ki","url":"https:\/\/radioljubuski.ba\/","logo":{"@type":"ImageObject","inLanguage":"hr","@id":"https:\/\/radioljubuski.ba\/#\/schema\/logo\/image\/","url":"https:\/\/radioljubuski.ba\/wp-content\/uploads\/2021\/02\/cropped-Radio_Ljubuski_logo1.jpg","contentUrl":"https:\/\/radioljubuski.ba\/wp-content\/uploads\/2021\/02\/cropped-Radio_Ljubuski_logo1.jpg","width":512,"height":512,"caption":"Radio Ljubu\u0161ki"},"image":{"@id":"https:\/\/radioljubuski.ba\/#\/schema\/logo\/image\/"},"sameAs":["https:\/\/www.facebook.com\/Radiio-Ljubuski-1490835324566332","https:\/\/x.com\/radioljubuski","https:\/\/hr.linkedin.com\/company\/radio-ljubuski","https:\/\/www.youtube.com\/channel\/UCHYaeO_n0Db3tjNGudGpXyw"]},{"@type":"Person","@id":"https:\/\/radioljubuski.ba\/#\/schema\/person\/19fc700381a780f69665d7956c469e3b","name":"Radio Ljubu\u0161ki"}]}},"_links":{"self":[{"href":"https:\/\/radioljubuski.ba\/index.php\/wp-json\/wp\/v2\/posts\/144256","targetHints":{"allow":["GET"]}}],"collection":[{"href":"https:\/\/radioljubuski.ba\/index.php\/wp-json\/wp\/v2\/posts"}],"about":[{"href":"https:\/\/radioljubuski.ba\/index.php\/wp-json\/wp\/v2\/types\/post"}],"author":[{"embeddable":true,"href":"https:\/\/radioljubuski.ba\/index.php\/wp-json\/wp\/v2\/users\/2"}],"replies":[{"embeddable":true,"href":"https:\/\/radioljubuski.ba\/index.php\/wp-json\/wp\/v2\/comments?post=144256"}],"version-history":[{"count":1,"href":"https:\/\/radioljubuski.ba\/index.php\/wp-json\/wp\/v2\/posts\/144256\/revisions"}],"predecessor-version":[{"id":144257,"href":"https:\/\/radioljubuski.ba\/index.php\/wp-json\/wp\/v2\/posts\/144256\/revisions\/144257"}],"wp:featuredmedia":[{"embeddable":true,"href":"https:\/\/radioljubuski.ba\/index.php\/wp-json\/wp\/v2\/media\/56789"}],"wp:attachment":[{"href":"https:\/\/radioljubuski.ba\/index.php\/wp-json\/wp\/v2\/media?parent=144256"}],"wp:term":[{"taxonomy":"category","embeddable":true,"href":"https:\/\/radioljubuski.ba\/index.php\/wp-json\/wp\/v2\/categories?post=144256"},{"taxonomy":"post_tag","embeddable":true,"href":"https:\/\/radioljubuski.ba\/index.php\/wp-json\/wp\/v2\/tags?post=144256"}],"curies":[{"name":"wp","href":"https:\/\/api.w.org\/{rel}","templated":true}]}}