{"id":144258,"date":"2022-05-26T14:24:03","date_gmt":"2022-05-26T13:24:03","guid":{"rendered":"https:\/\/radioljubuski.ba\/?p=144258"},"modified":"2022-05-26T14:24:04","modified_gmt":"2022-05-26T13:24:04","slug":"dodik-nakon-sastanka-s-truss-kaze-da-je-ovdje-kako-bi-branila-bih-i-da-postoji-opasnost-ja-sam-vrhovni-zapovjednik-i-rekao-sam-da-je-sve-mirno-nema-koga-braniti","status":"publish","type":"post","link":"https:\/\/radioljubuski.ba\/index.php\/2022\/05\/26\/dodik-nakon-sastanka-s-truss-kaze-da-je-ovdje-kako-bi-branila-bih-i-da-postoji-opasnost-ja-sam-vrhovni-zapovjednik-i-rekao-sam-da-je-sve-mirno-nema-koga-braniti\/","title":{"rendered":"Dodik nakon sastanka s Truss: &#8216;Ka\u017ee da je ovdje kako bi branila BiH i da postoji opasnost. Ja sam vrhovni zapovjednik i rekao sam da je sve mirno, nema koga braniti&#8217;"},"content":{"rendered":"\n<p>\u0160efica britanske diplomacije Liz Truss sastala se sa \u010dlanovima Predsjedni\u0161tva BiH. Milorad Dodik ka\u017ee da je, \u0161to se njega ti\u010de, sastanak bio puka formalnost i da joj je rekao da imaju jednostrane stavove kada je u pitanju situacija u BiH.<\/p>\n\n\n\n<p>\u201cSastanak za ministricom vanjskih poslova? Mogla je primijetiti potpuno podijeljeno Predsjedni\u0161tvo gdje D\u017eaferovi\u0107 poku\u0161ava svoj govor predstaviti kao zajedni\u010dko mi\u0161ljenje. Mogu da ka\u017eem \u0161to sam rekao. Rekao sam da je BiH propala dr\u017eava jer postoji mije\u0161anje i Vlade Velike Britanije. Ka\u017ee da je ovdje kako bi branila Gruziju i BiH i da postoji opasnost. Ja sam vrhovni zapovjednik i rekao sam da je sve mirno i uredu i NATO je rekao da nema sigurnosnih&nbsp; prijetnji i ne mo\u017ee tvrditi da nekoga brani. Visoki predstavnik ne postoji, gospo\u0111a je govorila da on postoji, da je to Schmidt. Dao sam joj Aneks Daytonskog sporazuma da pro\u010dita.\u201d<\/p>\n\n\n\n<p>Dodik ka\u017ee da je odbacio upilitanje Velike Britanije u unutra\u0161nja pitanja BiH i da zna da su ih i oni bombardirali kao dio NATO snaga.<\/p>\n\n\n\n<p>Istakao je da da oni \u017eele samo jednostrana rje\u0161enja u BiH i da to ne\u0107e mo\u0107i da se ostvari.<\/p>\n\n\n\n<p>Izvor:N1<\/p>\n","protected":false},"excerpt":{"rendered":"<p>\u0160efica britanske diplomacije Liz Truss sastala se sa \u010dlanovima Predsjedni\u0161tva BiH. Milorad Dodik ka\u017ee da je, \u0161to se njega ti\u010de, sastanak bio puka formalnost i da joj je rekao da imaju jednostrane stavove kada je u pitanju situacija u BiH. \u201cSastanak za ministricom vanjskih poslova? Mogla je primijetiti potpuno podijeljeno Predsjedni\u0161tvo gdje D\u017eaferovi\u0107 poku\u0161ava svoj [&hellip;]<\/p>\n","protected":false},"author":2,"featured_media":144259,"comment_status":"closed","ping_status":"closed","sticky":false,"template":"","format":"standard","meta":{"h5ap_radio_sources":[],"footnotes":""},"categories":[1],"tags":[],"class_list":["post-144258","post","type-post","status-publish","format-standard","has-post-thumbnail","hentry","category-bihiregija"],"yoast_head":"<!-- This site is optimized with the Yoast SEO plugin v27.5 - https:\/\/yoast.com\/product\/yoast-seo-wordpress\/ -->\n<title>Dodik nakon sastanka s Truss: &#039;Ka\u017ee da je ovdje kako bi branila BiH i da postoji opasnost. Ja sam vrhovni zapovjednik i rekao sam da je sve mirno, nema koga braniti&#039; - RADIO LJUBU\u0160KI<\/title>\n<meta name=\"robots\" content=\"index, follow, max-snippet:-1, max-image-preview:large, max-video-preview:-1\" \/>\n<link rel=\"canonical\" href=\"https:\/\/radioljubuski.ba\/index.php\/2022\/05\/26\/dodik-nakon-sastanka-s-truss-kaze-da-je-ovdje-kako-bi-branila-bih-i-da-postoji-opasnost-ja-sam-vrhovni-zapovjednik-i-rekao-sam-da-je-sve-mirno-nema-koga-braniti\/\" \/>\n<meta property=\"og:locale\" content=\"hr_HR\" \/>\n<meta property=\"og:type\" content=\"article\" \/>\n<meta property=\"og:title\" content=\"Dodik nakon sastanka s Truss: &#039;Ka\u017ee da je ovdje kako bi branila BiH i da postoji opasnost. Ja sam vrhovni zapovjednik i rekao sam da je sve mirno, nema koga braniti&#039; - RADIO LJUBU\u0160KI\" \/>\n<meta property=\"og:description\" content=\"\u0160efica britanske diplomacije Liz Truss sastala se sa \u010dlanovima Predsjedni\u0161tva BiH. Milorad Dodik ka\u017ee da je, \u0161to se njega ti\u010de, sastanak bio puka formalnost i da joj je rekao da imaju jednostrane stavove kada je u pitanju situacija u BiH. \u201cSastanak za ministricom vanjskih poslova? Mogla je primijetiti potpuno podijeljeno Predsjedni\u0161tvo gdje D\u017eaferovi\u0107 poku\u0161ava svoj [&hellip;]\" \/>\n<meta property=\"og:url\" content=\"https:\/\/radioljubuski.ba\/index.php\/2022\/05\/26\/dodik-nakon-sastanka-s-truss-kaze-da-je-ovdje-kako-bi-branila-bih-i-da-postoji-opasnost-ja-sam-vrhovni-zapovjednik-i-rekao-sam-da-je-sve-mirno-nema-koga-braniti\/\" \/>\n<meta property=\"og:site_name\" content=\"RADIO LJUBU\u0160KI\" \/>\n<meta property=\"article:publisher\" content=\"https:\/\/www.facebook.com\/Radiio-Ljubuski-1490835324566332\" \/>\n<meta property=\"article:published_time\" content=\"2022-05-26T13:24:03+00:00\" \/>\n<meta property=\"article:modified_time\" content=\"2022-05-26T13:24:04+00:00\" \/>\n<meta property=\"og:image\" content=\"https:\/\/radioljubuski.ba\/wp-content\/uploads\/2022\/05\/dodik.jpg\" \/>\n\t<meta property=\"og:image:width\" content=\"1000\" \/>\n\t<meta property=\"og:image:height\" content=\"625\" \/>\n\t<meta property=\"og:image:type\" content=\"image\/jpeg\" \/>\n<meta name=\"author\" content=\"Radio Ljubu\u0161ki\" \/>\n<meta name=\"twitter:card\" content=\"summary_large_image\" \/>\n<meta name=\"twitter:creator\" content=\"@radioljubuski\" \/>\n<meta name=\"twitter:site\" content=\"@radioljubuski\" \/>\n<meta name=\"twitter:label1\" content=\"Napisao\/la\" \/>\n\t<meta name=\"twitter:data1\" content=\"Radio Ljubu\u0161ki\" \/>\n\t<meta name=\"twitter:label2\" content=\"Procijenjeno vrijeme \u010ditanja\" \/>\n\t<meta name=\"twitter:data2\" content=\"1 minuta\" \/>\n<script type=\"application\/ld+json\" class=\"yoast-schema-graph\">{\"@context\":\"https:\\\/\\\/schema.org\",\"@graph\":[{\"@type\":\"Article\",\"@id\":\"https:\\\/\\\/radioljubuski.ba\\\/index.php\\\/2022\\\/05\\\/26\\\/dodik-nakon-sastanka-s-truss-kaze-da-je-ovdje-kako-bi-branila-bih-i-da-postoji-opasnost-ja-sam-vrhovni-zapovjednik-i-rekao-sam-da-je-sve-mirno-nema-koga-braniti\\\/#article\",\"isPartOf\":{\"@id\":\"https:\\\/\\\/radioljubuski.ba\\\/index.php\\\/2022\\\/05\\\/26\\\/dodik-nakon-sastanka-s-truss-kaze-da-je-ovdje-kako-bi-branila-bih-i-da-postoji-opasnost-ja-sam-vrhovni-zapovjednik-i-rekao-sam-da-je-sve-mirno-nema-koga-braniti\\\/\"},\"author\":{\"name\":\"Radio Ljubu\u0161ki\",\"@id\":\"https:\\\/\\\/radioljubuski.ba\\\/#\\\/schema\\\/person\\\/19fc700381a780f69665d7956c469e3b\"},\"headline\":\"Dodik nakon sastanka s Truss: &#8216;Ka\u017ee da je ovdje kako bi branila BiH i da postoji opasnost. Ja sam vrhovni zapovjednik i rekao sam da je sve mirno, nema koga braniti&#8217;\",\"datePublished\":\"2022-05-26T13:24:03+00:00\",\"dateModified\":\"2022-05-26T13:24:04+00:00\",\"mainEntityOfPage\":{\"@id\":\"https:\\\/\\\/radioljubuski.ba\\\/index.php\\\/2022\\\/05\\\/26\\\/dodik-nakon-sastanka-s-truss-kaze-da-je-ovdje-kako-bi-branila-bih-i-da-postoji-opasnost-ja-sam-vrhovni-zapovjednik-i-rekao-sam-da-je-sve-mirno-nema-koga-braniti\\\/\"},\"wordCount\":243,\"publisher\":{\"@id\":\"https:\\\/\\\/radioljubuski.ba\\\/#organization\"},\"image\":{\"@id\":\"https:\\\/\\\/radioljubuski.ba\\\/index.php\\\/2022\\\/05\\\/26\\\/dodik-nakon-sastanka-s-truss-kaze-da-je-ovdje-kako-bi-branila-bih-i-da-postoji-opasnost-ja-sam-vrhovni-zapovjednik-i-rekao-sam-da-je-sve-mirno-nema-koga-braniti\\\/#primaryimage\"},\"thumbnailUrl\":\"https:\\\/\\\/radioljubuski.ba\\\/wp-content\\\/uploads\\\/2022\\\/05\\\/dodik.jpg\",\"articleSection\":[\"BIH i regija\"],\"inLanguage\":\"hr\"},{\"@type\":\"WebPage\",\"@id\":\"https:\\\/\\\/radioljubuski.ba\\\/index.php\\\/2022\\\/05\\\/26\\\/dodik-nakon-sastanka-s-truss-kaze-da-je-ovdje-kako-bi-branila-bih-i-da-postoji-opasnost-ja-sam-vrhovni-zapovjednik-i-rekao-sam-da-je-sve-mirno-nema-koga-braniti\\\/\",\"url\":\"https:\\\/\\\/radioljubuski.ba\\\/index.php\\\/2022\\\/05\\\/26\\\/dodik-nakon-sastanka-s-truss-kaze-da-je-ovdje-kako-bi-branila-bih-i-da-postoji-opasnost-ja-sam-vrhovni-zapovjednik-i-rekao-sam-da-je-sve-mirno-nema-koga-braniti\\\/\",\"name\":\"Dodik nakon sastanka s Truss: 'Ka\u017ee da je ovdje kako bi branila BiH i da postoji opasnost. Ja sam vrhovni zapovjednik i rekao sam da je sve mirno, nema koga braniti' - RADIO LJUBU\u0160KI\",\"isPartOf\":{\"@id\":\"https:\\\/\\\/radioljubuski.ba\\\/#website\"},\"primaryImageOfPage\":{\"@id\":\"https:\\\/\\\/radioljubuski.ba\\\/index.php\\\/2022\\\/05\\\/26\\\/dodik-nakon-sastanka-s-truss-kaze-da-je-ovdje-kako-bi-branila-bih-i-da-postoji-opasnost-ja-sam-vrhovni-zapovjednik-i-rekao-sam-da-je-sve-mirno-nema-koga-braniti\\\/#primaryimage\"},\"image\":{\"@id\":\"https:\\\/\\\/radioljubuski.ba\\\/index.php\\\/2022\\\/05\\\/26\\\/dodik-nakon-sastanka-s-truss-kaze-da-je-ovdje-kako-bi-branila-bih-i-da-postoji-opasnost-ja-sam-vrhovni-zapovjednik-i-rekao-sam-da-je-sve-mirno-nema-koga-braniti\\\/#primaryimage\"},\"thumbnailUrl\":\"https:\\\/\\\/radioljubuski.ba\\\/wp-content\\\/uploads\\\/2022\\\/05\\\/dodik.jpg\",\"datePublished\":\"2022-05-26T13:24:03+00:00\",\"dateModified\":\"2022-05-26T13:24:04+00:00\",\"breadcrumb\":{\"@id\":\"https:\\\/\\\/radioljubuski.ba\\\/index.php\\\/2022\\\/05\\\/26\\\/dodik-nakon-sastanka-s-truss-kaze-da-je-ovdje-kako-bi-branila-bih-i-da-postoji-opasnost-ja-sam-vrhovni-zapovjednik-i-rekao-sam-da-je-sve-mirno-nema-koga-braniti\\\/#breadcrumb\"},\"inLanguage\":\"hr\",\"potentialAction\":[{\"@type\":\"ReadAction\",\"target\":[\"https:\\\/\\\/radioljubuski.ba\\\/index.php\\\/2022\\\/05\\\/26\\\/dodik-nakon-sastanka-s-truss-kaze-da-je-ovdje-kako-bi-branila-bih-i-da-postoji-opasnost-ja-sam-vrhovni-zapovjednik-i-rekao-sam-da-je-sve-mirno-nema-koga-braniti\\\/\"]}]},{\"@type\":\"ImageObject\",\"inLanguage\":\"hr\",\"@id\":\"https:\\\/\\\/radioljubuski.ba\\\/index.php\\\/2022\\\/05\\\/26\\\/dodik-nakon-sastanka-s-truss-kaze-da-je-ovdje-kako-bi-branila-bih-i-da-postoji-opasnost-ja-sam-vrhovni-zapovjednik-i-rekao-sam-da-je-sve-mirno-nema-koga-braniti\\\/#primaryimage\",\"url\":\"https:\\\/\\\/radioljubuski.ba\\\/wp-content\\\/uploads\\\/2022\\\/05\\\/dodik.jpg\",\"contentUrl\":\"https:\\\/\\\/radioljubuski.ba\\\/wp-content\\\/uploads\\\/2022\\\/05\\\/dodik.jpg\",\"width\":1000,\"height\":625},{\"@type\":\"BreadcrumbList\",\"@id\":\"https:\\\/\\\/radioljubuski.ba\\\/index.php\\\/2022\\\/05\\\/26\\\/dodik-nakon-sastanka-s-truss-kaze-da-je-ovdje-kako-bi-branila-bih-i-da-postoji-opasnost-ja-sam-vrhovni-zapovjednik-i-rekao-sam-da-je-sve-mirno-nema-koga-braniti\\\/#breadcrumb\",\"itemListElement\":[{\"@type\":\"ListItem\",\"position\":1,\"name\":\"Po\u010detna stranica\",\"item\":\"https:\\\/\\\/radioljubuski.ba\\\/\"},{\"@type\":\"ListItem\",\"position\":2,\"name\":\"Dodik nakon sastanka s Truss: &#8216;Ka\u017ee da je ovdje kako bi branila BiH i da postoji opasnost. Ja sam vrhovni zapovjednik i rekao sam da je sve mirno, nema koga braniti&#8217;\"}]},{\"@type\":\"WebSite\",\"@id\":\"https:\\\/\\\/radioljubuski.ba\\\/#website\",\"url\":\"https:\\\/\\\/radioljubuski.ba\\\/\",\"name\":\"Radio Ljubu\u0161ki\",\"description\":\"Sun\u010dana frekvencija Hercegovine\",\"publisher\":{\"@id\":\"https:\\\/\\\/radioljubuski.ba\\\/#organization\"},\"potentialAction\":[{\"@type\":\"SearchAction\",\"target\":{\"@type\":\"EntryPoint\",\"urlTemplate\":\"https:\\\/\\\/radioljubuski.ba\\\/?s={search_term_string}\"},\"query-input\":{\"@type\":\"PropertyValueSpecification\",\"valueRequired\":true,\"valueName\":\"search_term_string\"}}],\"inLanguage\":\"hr\"},{\"@type\":\"Organization\",\"@id\":\"https:\\\/\\\/radioljubuski.ba\\\/#organization\",\"name\":\"Radio Ljubu\u0161ki\",\"url\":\"https:\\\/\\\/radioljubuski.ba\\\/\",\"logo\":{\"@type\":\"ImageObject\",\"inLanguage\":\"hr\",\"@id\":\"https:\\\/\\\/radioljubuski.ba\\\/#\\\/schema\\\/logo\\\/image\\\/\",\"url\":\"https:\\\/\\\/radioljubuski.ba\\\/wp-content\\\/uploads\\\/2021\\\/02\\\/cropped-Radio_Ljubuski_logo1.jpg\",\"contentUrl\":\"https:\\\/\\\/radioljubuski.ba\\\/wp-content\\\/uploads\\\/2021\\\/02\\\/cropped-Radio_Ljubuski_logo1.jpg\",\"width\":512,\"height\":512,\"caption\":\"Radio Ljubu\u0161ki\"},\"image\":{\"@id\":\"https:\\\/\\\/radioljubuski.ba\\\/#\\\/schema\\\/logo\\\/image\\\/\"},\"sameAs\":[\"https:\\\/\\\/www.facebook.com\\\/Radiio-Ljubuski-1490835324566332\",\"https:\\\/\\\/x.com\\\/radioljubuski\",\"https:\\\/\\\/hr.linkedin.com\\\/company\\\/radio-ljubuski\",\"https:\\\/\\\/www.youtube.com\\\/channel\\\/UCHYaeO_n0Db3tjNGudGpXyw\"]},{\"@type\":\"Person\",\"@id\":\"https:\\\/\\\/radioljubuski.ba\\\/#\\\/schema\\\/person\\\/19fc700381a780f69665d7956c469e3b\",\"name\":\"Radio Ljubu\u0161ki\"}]}<\/script>\n<!-- \/ Yoast SEO plugin. -->","yoast_head_json":{"title":"Dodik nakon sastanka s Truss: 'Ka\u017ee da je ovdje kako bi branila BiH i da postoji opasnost. Ja sam vrhovni zapovjednik i rekao sam da je sve mirno, nema koga braniti' - RADIO LJUBU\u0160KI","robots":{"index":"index","follow":"follow","max-snippet":"max-snippet:-1","max-image-preview":"max-image-preview:large","max-video-preview":"max-video-preview:-1"},"canonical":"https:\/\/radioljubuski.ba\/index.php\/2022\/05\/26\/dodik-nakon-sastanka-s-truss-kaze-da-je-ovdje-kako-bi-branila-bih-i-da-postoji-opasnost-ja-sam-vrhovni-zapovjednik-i-rekao-sam-da-je-sve-mirno-nema-koga-braniti\/","og_locale":"hr_HR","og_type":"article","og_title":"Dodik nakon sastanka s Truss: 'Ka\u017ee da je ovdje kako bi branila BiH i da postoji opasnost. Ja sam vrhovni zapovjednik i rekao sam da je sve mirno, nema koga braniti' - RADIO LJUBU\u0160KI","og_description":"\u0160efica britanske diplomacije Liz Truss sastala se sa \u010dlanovima Predsjedni\u0161tva BiH. Milorad Dodik ka\u017ee da je, \u0161to se njega ti\u010de, sastanak bio puka formalnost i da joj je rekao da imaju jednostrane stavove kada je u pitanju situacija u BiH. \u201cSastanak za ministricom vanjskih poslova? Mogla je primijetiti potpuno podijeljeno Predsjedni\u0161tvo gdje D\u017eaferovi\u0107 poku\u0161ava svoj [&hellip;]","og_url":"https:\/\/radioljubuski.ba\/index.php\/2022\/05\/26\/dodik-nakon-sastanka-s-truss-kaze-da-je-ovdje-kako-bi-branila-bih-i-da-postoji-opasnost-ja-sam-vrhovni-zapovjednik-i-rekao-sam-da-je-sve-mirno-nema-koga-braniti\/","og_site_name":"RADIO LJUBU\u0160KI","article_publisher":"https:\/\/www.facebook.com\/Radiio-Ljubuski-1490835324566332","article_published_time":"2022-05-26T13:24:03+00:00","article_modified_time":"2022-05-26T13:24:04+00:00","og_image":[{"width":1000,"height":625,"url":"https:\/\/radioljubuski.ba\/wp-content\/uploads\/2022\/05\/dodik.jpg","type":"image\/jpeg"}],"author":"Radio Ljubu\u0161ki","twitter_card":"summary_large_image","twitter_creator":"@radioljubuski","twitter_site":"@radioljubuski","twitter_misc":{"Napisao\/la":"Radio Ljubu\u0161ki","Procijenjeno vrijeme \u010ditanja":"1 minuta"},"schema":{"@context":"https:\/\/schema.org","@graph":[{"@type":"Article","@id":"https:\/\/radioljubuski.ba\/index.php\/2022\/05\/26\/dodik-nakon-sastanka-s-truss-kaze-da-je-ovdje-kako-bi-branila-bih-i-da-postoji-opasnost-ja-sam-vrhovni-zapovjednik-i-rekao-sam-da-je-sve-mirno-nema-koga-braniti\/#article","isPartOf":{"@id":"https:\/\/radioljubuski.ba\/index.php\/2022\/05\/26\/dodik-nakon-sastanka-s-truss-kaze-da-je-ovdje-kako-bi-branila-bih-i-da-postoji-opasnost-ja-sam-vrhovni-zapovjednik-i-rekao-sam-da-je-sve-mirno-nema-koga-braniti\/"},"author":{"name":"Radio Ljubu\u0161ki","@id":"https:\/\/radioljubuski.ba\/#\/schema\/person\/19fc700381a780f69665d7956c469e3b"},"headline":"Dodik nakon sastanka s Truss: &#8216;Ka\u017ee da je ovdje kako bi branila BiH i da postoji opasnost. Ja sam vrhovni zapovjednik i rekao sam da je sve mirno, nema koga braniti&#8217;","datePublished":"2022-05-26T13:24:03+00:00","dateModified":"2022-05-26T13:24:04+00:00","mainEntityOfPage":{"@id":"https:\/\/radioljubuski.ba\/index.php\/2022\/05\/26\/dodik-nakon-sastanka-s-truss-kaze-da-je-ovdje-kako-bi-branila-bih-i-da-postoji-opasnost-ja-sam-vrhovni-zapovjednik-i-rekao-sam-da-je-sve-mirno-nema-koga-braniti\/"},"wordCount":243,"publisher":{"@id":"https:\/\/radioljubuski.ba\/#organization"},"image":{"@id":"https:\/\/radioljubuski.ba\/index.php\/2022\/05\/26\/dodik-nakon-sastanka-s-truss-kaze-da-je-ovdje-kako-bi-branila-bih-i-da-postoji-opasnost-ja-sam-vrhovni-zapovjednik-i-rekao-sam-da-je-sve-mirno-nema-koga-braniti\/#primaryimage"},"thumbnailUrl":"https:\/\/radioljubuski.ba\/wp-content\/uploads\/2022\/05\/dodik.jpg","articleSection":["BIH i regija"],"inLanguage":"hr"},{"@type":"WebPage","@id":"https:\/\/radioljubuski.ba\/index.php\/2022\/05\/26\/dodik-nakon-sastanka-s-truss-kaze-da-je-ovdje-kako-bi-branila-bih-i-da-postoji-opasnost-ja-sam-vrhovni-zapovjednik-i-rekao-sam-da-je-sve-mirno-nema-koga-braniti\/","url":"https:\/\/radioljubuski.ba\/index.php\/2022\/05\/26\/dodik-nakon-sastanka-s-truss-kaze-da-je-ovdje-kako-bi-branila-bih-i-da-postoji-opasnost-ja-sam-vrhovni-zapovjednik-i-rekao-sam-da-je-sve-mirno-nema-koga-braniti\/","name":"Dodik nakon sastanka s Truss: 'Ka\u017ee da je ovdje kako bi branila BiH i da postoji opasnost. Ja sam vrhovni zapovjednik i rekao sam da je sve mirno, nema koga braniti' - RADIO LJUBU\u0160KI","isPartOf":{"@id":"https:\/\/radioljubuski.ba\/#website"},"primaryImageOfPage":{"@id":"https:\/\/radioljubuski.ba\/index.php\/2022\/05\/26\/dodik-nakon-sastanka-s-truss-kaze-da-je-ovdje-kako-bi-branila-bih-i-da-postoji-opasnost-ja-sam-vrhovni-zapovjednik-i-rekao-sam-da-je-sve-mirno-nema-koga-braniti\/#primaryimage"},"image":{"@id":"https:\/\/radioljubuski.ba\/index.php\/2022\/05\/26\/dodik-nakon-sastanka-s-truss-kaze-da-je-ovdje-kako-bi-branila-bih-i-da-postoji-opasnost-ja-sam-vrhovni-zapovjednik-i-rekao-sam-da-je-sve-mirno-nema-koga-braniti\/#primaryimage"},"thumbnailUrl":"https:\/\/radioljubuski.ba\/wp-content\/uploads\/2022\/05\/dodik.jpg","datePublished":"2022-05-26T13:24:03+00:00","dateModified":"2022-05-26T13:24:04+00:00","breadcrumb":{"@id":"https:\/\/radioljubuski.ba\/index.php\/2022\/05\/26\/dodik-nakon-sastanka-s-truss-kaze-da-je-ovdje-kako-bi-branila-bih-i-da-postoji-opasnost-ja-sam-vrhovni-zapovjednik-i-rekao-sam-da-je-sve-mirno-nema-koga-braniti\/#breadcrumb"},"inLanguage":"hr","potentialAction":[{"@type":"ReadAction","target":["https:\/\/radioljubuski.ba\/index.php\/2022\/05\/26\/dodik-nakon-sastanka-s-truss-kaze-da-je-ovdje-kako-bi-branila-bih-i-da-postoji-opasnost-ja-sam-vrhovni-zapovjednik-i-rekao-sam-da-je-sve-mirno-nema-koga-braniti\/"]}]},{"@type":"ImageObject","inLanguage":"hr","@id":"https:\/\/radioljubuski.ba\/index.php\/2022\/05\/26\/dodik-nakon-sastanka-s-truss-kaze-da-je-ovdje-kako-bi-branila-bih-i-da-postoji-opasnost-ja-sam-vrhovni-zapovjednik-i-rekao-sam-da-je-sve-mirno-nema-koga-braniti\/#primaryimage","url":"https:\/\/radioljubuski.ba\/wp-content\/uploads\/2022\/05\/dodik.jpg","contentUrl":"https:\/\/radioljubuski.ba\/wp-content\/uploads\/2022\/05\/dodik.jpg","width":1000,"height":625},{"@type":"BreadcrumbList","@id":"https:\/\/radioljubuski.ba\/index.php\/2022\/05\/26\/dodik-nakon-sastanka-s-truss-kaze-da-je-ovdje-kako-bi-branila-bih-i-da-postoji-opasnost-ja-sam-vrhovni-zapovjednik-i-rekao-sam-da-je-sve-mirno-nema-koga-braniti\/#breadcrumb","itemListElement":[{"@type":"ListItem","position":1,"name":"Po\u010detna stranica","item":"https:\/\/radioljubuski.ba\/"},{"@type":"ListItem","position":2,"name":"Dodik nakon sastanka s Truss: &#8216;Ka\u017ee da je ovdje kako bi branila BiH i da postoji opasnost. Ja sam vrhovni zapovjednik i rekao sam da je sve mirno, nema koga braniti&#8217;"}]},{"@type":"WebSite","@id":"https:\/\/radioljubuski.ba\/#website","url":"https:\/\/radioljubuski.ba\/","name":"Radio Ljubu\u0161ki","description":"Sun\u010dana frekvencija Hercegovine","publisher":{"@id":"https:\/\/radioljubuski.ba\/#organization"},"potentialAction":[{"@type":"SearchAction","target":{"@type":"EntryPoint","urlTemplate":"https:\/\/radioljubuski.ba\/?s={search_term_string}"},"query-input":{"@type":"PropertyValueSpecification","valueRequired":true,"valueName":"search_term_string"}}],"inLanguage":"hr"},{"@type":"Organization","@id":"https:\/\/radioljubuski.ba\/#organization","name":"Radio Ljubu\u0161ki","url":"https:\/\/radioljubuski.ba\/","logo":{"@type":"ImageObject","inLanguage":"hr","@id":"https:\/\/radioljubuski.ba\/#\/schema\/logo\/image\/","url":"https:\/\/radioljubuski.ba\/wp-content\/uploads\/2021\/02\/cropped-Radio_Ljubuski_logo1.jpg","contentUrl":"https:\/\/radioljubuski.ba\/wp-content\/uploads\/2021\/02\/cropped-Radio_Ljubuski_logo1.jpg","width":512,"height":512,"caption":"Radio Ljubu\u0161ki"},"image":{"@id":"https:\/\/radioljubuski.ba\/#\/schema\/logo\/image\/"},"sameAs":["https:\/\/www.facebook.com\/Radiio-Ljubuski-1490835324566332","https:\/\/x.com\/radioljubuski","https:\/\/hr.linkedin.com\/company\/radio-ljubuski","https:\/\/www.youtube.com\/channel\/UCHYaeO_n0Db3tjNGudGpXyw"]},{"@type":"Person","@id":"https:\/\/radioljubuski.ba\/#\/schema\/person\/19fc700381a780f69665d7956c469e3b","name":"Radio Ljubu\u0161ki"}]}},"_links":{"self":[{"href":"https:\/\/radioljubuski.ba\/index.php\/wp-json\/wp\/v2\/posts\/144258","targetHints":{"allow":["GET"]}}],"collection":[{"href":"https:\/\/radioljubuski.ba\/index.php\/wp-json\/wp\/v2\/posts"}],"about":[{"href":"https:\/\/radioljubuski.ba\/index.php\/wp-json\/wp\/v2\/types\/post"}],"author":[{"embeddable":true,"href":"https:\/\/radioljubuski.ba\/index.php\/wp-json\/wp\/v2\/users\/2"}],"replies":[{"embeddable":true,"href":"https:\/\/radioljubuski.ba\/index.php\/wp-json\/wp\/v2\/comments?post=144258"}],"version-history":[{"count":1,"href":"https:\/\/radioljubuski.ba\/index.php\/wp-json\/wp\/v2\/posts\/144258\/revisions"}],"predecessor-version":[{"id":144260,"href":"https:\/\/radioljubuski.ba\/index.php\/wp-json\/wp\/v2\/posts\/144258\/revisions\/144260"}],"wp:featuredmedia":[{"embeddable":true,"href":"https:\/\/radioljubuski.ba\/index.php\/wp-json\/wp\/v2\/media\/144259"}],"wp:attachment":[{"href":"https:\/\/radioljubuski.ba\/index.php\/wp-json\/wp\/v2\/media?parent=144258"}],"wp:term":[{"taxonomy":"category","embeddable":true,"href":"https:\/\/radioljubuski.ba\/index.php\/wp-json\/wp\/v2\/categories?post=144258"},{"taxonomy":"post_tag","embeddable":true,"href":"https:\/\/radioljubuski.ba\/index.php\/wp-json\/wp\/v2\/tags?post=144258"}],"curies":[{"name":"wp","href":"https:\/\/api.w.org\/{rel}","templated":true}]}}