{"id":144261,"date":"2022-05-26T14:25:07","date_gmt":"2022-05-26T13:25:07","guid":{"rendered":"https:\/\/radioljubuski.ba\/?p=144261"},"modified":"2022-05-26T14:25:08","modified_gmt":"2022-05-26T13:25:08","slug":"u-hrvatskoj-odsad-i-istospolni-parovi-smiju-posvajati-djecu","status":"publish","type":"post","link":"https:\/\/radioljubuski.ba\/index.php\/2022\/05\/26\/u-hrvatskoj-odsad-i-istospolni-parovi-smiju-posvajati-djecu\/","title":{"rendered":"U Hrvatskoj odsad i istospolni parovi smiju posvajati djecu"},"content":{"rendered":"\n<p>Udruga Dugine boje obznanila je u \u010detvrtak, kako isti\u010du, presedansku presudu Visokog upravnog suda prema kojoj svi \u017eivotni partneri mogu pristupiti procjeni o podobnosti i prikladnosti za posvojenje te ne smiju biti diskriminirani temeljem svoje seksualne orijentacije.<\/p>\n\n\n\n<p>&#8221;Vi\u0161e vas ne mogu diskriminirati na temelju seksualne diskriminacije, mogu vas odbiti na temelju nekih kriterija&#8221;, kazao je predsjednik udruge Dugine boje Daniel Martinovi\u0107 dodaju\u0107i da je presuda presedan.<\/p>\n\n\n\n<p>Martinovi\u0107 je nadodao kako bi moglo biti pote\u0161ko\u0107a na temelju diskriminacija, ali se nada da ih ne\u0107e biti te je pozvao sve koji nai\u0111u na prepreke da se obrate Duginim bojama.<\/p>\n\n\n\n<p>Precizirao je kako je sud odbio argumentaciju nadle\u017enog ministarstva kojom istospolni parovi ne bi smjeli pristupiti procjeni za posvojitelje zbog cilja &#8221;za\u0161tite interesa djeteta&#8221; te da se ministarstvo vi\u0161e ne mo\u017ee \u017ealiti na odluku suda.<\/p>\n\n\n\n<p>Udruga isti\u010de da presuda ima dalekose\u017ene posljedice za prava LGBTIQ osoba i istospolnih parova, budu\u0107i da su njom \u017eivotni partneri u Hrvatskoj prakti\u010dki izjedna\u010deni po pravima kao i bra\u010dni drugovi. &nbsp;<\/p>\n\n\n\n<p>Dugine boje nagla\u0161avaju i da presuda uvelike mijenja sustav procjene za posvojitelje i otvara vrata svim istospolnim parovima koji se u Hrvatskoj odlu\u010de na osnivanje obitelji putem posvojenja kojim se ostvaruju trajan odnos roditelja i djeteta.<\/p>\n\n\n\n<p>&#8221;Veseli nas potvrda Visokog upravnog suda da nas na\u0161 sustav mora provesti kroz postupak procjene za posvojitelje i da \u0107e na\u0161u obitelj institucije ove dr\u017eave nakon \u0161est godina po\u010deti tretirati ravnopravno, kao i sve ostale obitelji&#8221;, poru\u010dili su \u017eivotni partneri Mladen Ko\u017ei\u0107 i Ivo \u0160egota kojima je tada\u0161nje ministarstvo za demografiju, obitelj, mlade i socijalnu politiku odbilo 2016. posvojenje djeteta jer su sklopili \u017eivotni partnerstvo.<\/p>\n\n\n\n<p>Krajem travnja 2021. Upravni sud u Zagrebu presudio je pozitivno za Ko\u017ei\u0107a i \u0160egotu u ovom slu\u010daju, na \u0161to se nadle\u017eno ministarstvo \u017ealilo. Nakon godinu dana, Visoki upravni sud donio je presudu i odluku o \u017ealbi ministarstva.<\/p>\n\n\n\n<p>Izvor:pogled.ba<\/p>\n","protected":false},"excerpt":{"rendered":"<p>Udruga Dugine boje obznanila je u \u010detvrtak, kako isti\u010du, presedansku presudu Visokog upravnog suda prema kojoj svi \u017eivotni partneri mogu pristupiti procjeni o podobnosti i prikladnosti za posvojenje te ne smiju biti diskriminirani temeljem svoje seksualne orijentacije. &#8221;Vi\u0161e vas ne mogu diskriminirati na temelju seksualne diskriminacije, mogu vas odbiti na temelju nekih kriterija&#8221;, kazao je [&hellip;]<\/p>\n","protected":false},"author":2,"featured_media":2401,"comment_status":"closed","ping_status":"closed","sticky":false,"template":"","format":"standard","meta":{"h5ap_radio_sources":[],"footnotes":""},"categories":[1],"tags":[],"class_list":["post-144261","post","type-post","status-publish","format-standard","has-post-thumbnail","hentry","category-bihiregija"],"yoast_head":"<!-- This site is optimized with the Yoast SEO plugin v27.5 - https:\/\/yoast.com\/product\/yoast-seo-wordpress\/ -->\n<title>U Hrvatskoj odsad i istospolni parovi smiju posvajati djecu - RADIO LJUBU\u0160KI<\/title>\n<meta name=\"robots\" content=\"index, follow, max-snippet:-1, max-image-preview:large, max-video-preview:-1\" \/>\n<link rel=\"canonical\" href=\"https:\/\/radioljubuski.ba\/index.php\/2022\/05\/26\/u-hrvatskoj-odsad-i-istospolni-parovi-smiju-posvajati-djecu\/\" \/>\n<meta property=\"og:locale\" content=\"hr_HR\" \/>\n<meta property=\"og:type\" content=\"article\" \/>\n<meta property=\"og:title\" content=\"U Hrvatskoj odsad i istospolni parovi smiju posvajati djecu - RADIO LJUBU\u0160KI\" \/>\n<meta property=\"og:description\" content=\"Udruga Dugine boje obznanila je u \u010detvrtak, kako isti\u010du, presedansku presudu Visokog upravnog suda prema kojoj svi \u017eivotni partneri mogu pristupiti procjeni o podobnosti i prikladnosti za posvojenje te ne smiju biti diskriminirani temeljem svoje seksualne orijentacije. &#8221;Vi\u0161e vas ne mogu diskriminirati na temelju seksualne diskriminacije, mogu vas odbiti na temelju nekih kriterija&#8221;, kazao je [&hellip;]\" \/>\n<meta property=\"og:url\" content=\"https:\/\/radioljubuski.ba\/index.php\/2022\/05\/26\/u-hrvatskoj-odsad-i-istospolni-parovi-smiju-posvajati-djecu\/\" \/>\n<meta property=\"og:site_name\" content=\"RADIO LJUBU\u0160KI\" \/>\n<meta property=\"article:publisher\" content=\"https:\/\/www.facebook.com\/Radiio-Ljubuski-1490835324566332\" \/>\n<meta property=\"article:published_time\" content=\"2022-05-26T13:25:07+00:00\" \/>\n<meta property=\"article:modified_time\" content=\"2022-05-26T13:25:08+00:00\" \/>\n<meta property=\"og:image\" content=\"https:\/\/radioljubuski.ba\/wp-content\/uploads\/2021\/03\/sudjenje.jpg\" \/>\n\t<meta property=\"og:image:width\" content=\"1024\" \/>\n\t<meta property=\"og:image:height\" content=\"576\" \/>\n\t<meta property=\"og:image:type\" content=\"image\/jpeg\" \/>\n<meta name=\"author\" content=\"Radio Ljubu\u0161ki\" \/>\n<meta name=\"twitter:card\" content=\"summary_large_image\" \/>\n<meta name=\"twitter:creator\" content=\"@radioljubuski\" \/>\n<meta name=\"twitter:site\" content=\"@radioljubuski\" \/>\n<meta name=\"twitter:label1\" content=\"Napisao\/la\" \/>\n\t<meta name=\"twitter:data1\" content=\"Radio Ljubu\u0161ki\" \/>\n\t<meta name=\"twitter:label2\" content=\"Procijenjeno vrijeme \u010ditanja\" \/>\n\t<meta name=\"twitter:data2\" content=\"2 minute\" \/>\n<script type=\"application\/ld+json\" class=\"yoast-schema-graph\">{\"@context\":\"https:\\\/\\\/schema.org\",\"@graph\":[{\"@type\":\"Article\",\"@id\":\"https:\\\/\\\/radioljubuski.ba\\\/index.php\\\/2022\\\/05\\\/26\\\/u-hrvatskoj-odsad-i-istospolni-parovi-smiju-posvajati-djecu\\\/#article\",\"isPartOf\":{\"@id\":\"https:\\\/\\\/radioljubuski.ba\\\/index.php\\\/2022\\\/05\\\/26\\\/u-hrvatskoj-odsad-i-istospolni-parovi-smiju-posvajati-djecu\\\/\"},\"author\":{\"name\":\"Radio Ljubu\u0161ki\",\"@id\":\"https:\\\/\\\/radioljubuski.ba\\\/#\\\/schema\\\/person\\\/19fc700381a780f69665d7956c469e3b\"},\"headline\":\"U Hrvatskoj odsad i istospolni parovi smiju posvajati djecu\",\"datePublished\":\"2022-05-26T13:25:07+00:00\",\"dateModified\":\"2022-05-26T13:25:08+00:00\",\"mainEntityOfPage\":{\"@id\":\"https:\\\/\\\/radioljubuski.ba\\\/index.php\\\/2022\\\/05\\\/26\\\/u-hrvatskoj-odsad-i-istospolni-parovi-smiju-posvajati-djecu\\\/\"},\"wordCount\":340,\"publisher\":{\"@id\":\"https:\\\/\\\/radioljubuski.ba\\\/#organization\"},\"image\":{\"@id\":\"https:\\\/\\\/radioljubuski.ba\\\/index.php\\\/2022\\\/05\\\/26\\\/u-hrvatskoj-odsad-i-istospolni-parovi-smiju-posvajati-djecu\\\/#primaryimage\"},\"thumbnailUrl\":\"https:\\\/\\\/radioljubuski.ba\\\/wp-content\\\/uploads\\\/2021\\\/03\\\/sudjenje.jpg\",\"articleSection\":[\"BIH i regija\"],\"inLanguage\":\"hr\"},{\"@type\":\"WebPage\",\"@id\":\"https:\\\/\\\/radioljubuski.ba\\\/index.php\\\/2022\\\/05\\\/26\\\/u-hrvatskoj-odsad-i-istospolni-parovi-smiju-posvajati-djecu\\\/\",\"url\":\"https:\\\/\\\/radioljubuski.ba\\\/index.php\\\/2022\\\/05\\\/26\\\/u-hrvatskoj-odsad-i-istospolni-parovi-smiju-posvajati-djecu\\\/\",\"name\":\"U Hrvatskoj odsad i istospolni parovi smiju posvajati djecu - RADIO LJUBU\u0160KI\",\"isPartOf\":{\"@id\":\"https:\\\/\\\/radioljubuski.ba\\\/#website\"},\"primaryImageOfPage\":{\"@id\":\"https:\\\/\\\/radioljubuski.ba\\\/index.php\\\/2022\\\/05\\\/26\\\/u-hrvatskoj-odsad-i-istospolni-parovi-smiju-posvajati-djecu\\\/#primaryimage\"},\"image\":{\"@id\":\"https:\\\/\\\/radioljubuski.ba\\\/index.php\\\/2022\\\/05\\\/26\\\/u-hrvatskoj-odsad-i-istospolni-parovi-smiju-posvajati-djecu\\\/#primaryimage\"},\"thumbnailUrl\":\"https:\\\/\\\/radioljubuski.ba\\\/wp-content\\\/uploads\\\/2021\\\/03\\\/sudjenje.jpg\",\"datePublished\":\"2022-05-26T13:25:07+00:00\",\"dateModified\":\"2022-05-26T13:25:08+00:00\",\"breadcrumb\":{\"@id\":\"https:\\\/\\\/radioljubuski.ba\\\/index.php\\\/2022\\\/05\\\/26\\\/u-hrvatskoj-odsad-i-istospolni-parovi-smiju-posvajati-djecu\\\/#breadcrumb\"},\"inLanguage\":\"hr\",\"potentialAction\":[{\"@type\":\"ReadAction\",\"target\":[\"https:\\\/\\\/radioljubuski.ba\\\/index.php\\\/2022\\\/05\\\/26\\\/u-hrvatskoj-odsad-i-istospolni-parovi-smiju-posvajati-djecu\\\/\"]}]},{\"@type\":\"ImageObject\",\"inLanguage\":\"hr\",\"@id\":\"https:\\\/\\\/radioljubuski.ba\\\/index.php\\\/2022\\\/05\\\/26\\\/u-hrvatskoj-odsad-i-istospolni-parovi-smiju-posvajati-djecu\\\/#primaryimage\",\"url\":\"https:\\\/\\\/radioljubuski.ba\\\/wp-content\\\/uploads\\\/2021\\\/03\\\/sudjenje.jpg\",\"contentUrl\":\"https:\\\/\\\/radioljubuski.ba\\\/wp-content\\\/uploads\\\/2021\\\/03\\\/sudjenje.jpg\",\"width\":1024,\"height\":576},{\"@type\":\"BreadcrumbList\",\"@id\":\"https:\\\/\\\/radioljubuski.ba\\\/index.php\\\/2022\\\/05\\\/26\\\/u-hrvatskoj-odsad-i-istospolni-parovi-smiju-posvajati-djecu\\\/#breadcrumb\",\"itemListElement\":[{\"@type\":\"ListItem\",\"position\":1,\"name\":\"Po\u010detna stranica\",\"item\":\"https:\\\/\\\/radioljubuski.ba\\\/\"},{\"@type\":\"ListItem\",\"position\":2,\"name\":\"U Hrvatskoj odsad i istospolni parovi smiju posvajati djecu\"}]},{\"@type\":\"WebSite\",\"@id\":\"https:\\\/\\\/radioljubuski.ba\\\/#website\",\"url\":\"https:\\\/\\\/radioljubuski.ba\\\/\",\"name\":\"Radio Ljubu\u0161ki\",\"description\":\"Sun\u010dana frekvencija Hercegovine\",\"publisher\":{\"@id\":\"https:\\\/\\\/radioljubuski.ba\\\/#organization\"},\"potentialAction\":[{\"@type\":\"SearchAction\",\"target\":{\"@type\":\"EntryPoint\",\"urlTemplate\":\"https:\\\/\\\/radioljubuski.ba\\\/?s={search_term_string}\"},\"query-input\":{\"@type\":\"PropertyValueSpecification\",\"valueRequired\":true,\"valueName\":\"search_term_string\"}}],\"inLanguage\":\"hr\"},{\"@type\":\"Organization\",\"@id\":\"https:\\\/\\\/radioljubuski.ba\\\/#organization\",\"name\":\"Radio Ljubu\u0161ki\",\"url\":\"https:\\\/\\\/radioljubuski.ba\\\/\",\"logo\":{\"@type\":\"ImageObject\",\"inLanguage\":\"hr\",\"@id\":\"https:\\\/\\\/radioljubuski.ba\\\/#\\\/schema\\\/logo\\\/image\\\/\",\"url\":\"https:\\\/\\\/radioljubuski.ba\\\/wp-content\\\/uploads\\\/2021\\\/02\\\/cropped-Radio_Ljubuski_logo1.jpg\",\"contentUrl\":\"https:\\\/\\\/radioljubuski.ba\\\/wp-content\\\/uploads\\\/2021\\\/02\\\/cropped-Radio_Ljubuski_logo1.jpg\",\"width\":512,\"height\":512,\"caption\":\"Radio Ljubu\u0161ki\"},\"image\":{\"@id\":\"https:\\\/\\\/radioljubuski.ba\\\/#\\\/schema\\\/logo\\\/image\\\/\"},\"sameAs\":[\"https:\\\/\\\/www.facebook.com\\\/Radiio-Ljubuski-1490835324566332\",\"https:\\\/\\\/x.com\\\/radioljubuski\",\"https:\\\/\\\/hr.linkedin.com\\\/company\\\/radio-ljubuski\",\"https:\\\/\\\/www.youtube.com\\\/channel\\\/UCHYaeO_n0Db3tjNGudGpXyw\"]},{\"@type\":\"Person\",\"@id\":\"https:\\\/\\\/radioljubuski.ba\\\/#\\\/schema\\\/person\\\/19fc700381a780f69665d7956c469e3b\",\"name\":\"Radio Ljubu\u0161ki\"}]}<\/script>\n<!-- \/ Yoast SEO plugin. -->","yoast_head_json":{"title":"U Hrvatskoj odsad i istospolni parovi smiju posvajati djecu - RADIO LJUBU\u0160KI","robots":{"index":"index","follow":"follow","max-snippet":"max-snippet:-1","max-image-preview":"max-image-preview:large","max-video-preview":"max-video-preview:-1"},"canonical":"https:\/\/radioljubuski.ba\/index.php\/2022\/05\/26\/u-hrvatskoj-odsad-i-istospolni-parovi-smiju-posvajati-djecu\/","og_locale":"hr_HR","og_type":"article","og_title":"U Hrvatskoj odsad i istospolni parovi smiju posvajati djecu - RADIO LJUBU\u0160KI","og_description":"Udruga Dugine boje obznanila je u \u010detvrtak, kako isti\u010du, presedansku presudu Visokog upravnog suda prema kojoj svi \u017eivotni partneri mogu pristupiti procjeni o podobnosti i prikladnosti za posvojenje te ne smiju biti diskriminirani temeljem svoje seksualne orijentacije. &#8221;Vi\u0161e vas ne mogu diskriminirati na temelju seksualne diskriminacije, mogu vas odbiti na temelju nekih kriterija&#8221;, kazao je [&hellip;]","og_url":"https:\/\/radioljubuski.ba\/index.php\/2022\/05\/26\/u-hrvatskoj-odsad-i-istospolni-parovi-smiju-posvajati-djecu\/","og_site_name":"RADIO LJUBU\u0160KI","article_publisher":"https:\/\/www.facebook.com\/Radiio-Ljubuski-1490835324566332","article_published_time":"2022-05-26T13:25:07+00:00","article_modified_time":"2022-05-26T13:25:08+00:00","og_image":[{"width":1024,"height":576,"url":"https:\/\/radioljubuski.ba\/wp-content\/uploads\/2021\/03\/sudjenje.jpg","type":"image\/jpeg"}],"author":"Radio Ljubu\u0161ki","twitter_card":"summary_large_image","twitter_creator":"@radioljubuski","twitter_site":"@radioljubuski","twitter_misc":{"Napisao\/la":"Radio Ljubu\u0161ki","Procijenjeno vrijeme \u010ditanja":"2 minute"},"schema":{"@context":"https:\/\/schema.org","@graph":[{"@type":"Article","@id":"https:\/\/radioljubuski.ba\/index.php\/2022\/05\/26\/u-hrvatskoj-odsad-i-istospolni-parovi-smiju-posvajati-djecu\/#article","isPartOf":{"@id":"https:\/\/radioljubuski.ba\/index.php\/2022\/05\/26\/u-hrvatskoj-odsad-i-istospolni-parovi-smiju-posvajati-djecu\/"},"author":{"name":"Radio Ljubu\u0161ki","@id":"https:\/\/radioljubuski.ba\/#\/schema\/person\/19fc700381a780f69665d7956c469e3b"},"headline":"U Hrvatskoj odsad i istospolni parovi smiju posvajati djecu","datePublished":"2022-05-26T13:25:07+00:00","dateModified":"2022-05-26T13:25:08+00:00","mainEntityOfPage":{"@id":"https:\/\/radioljubuski.ba\/index.php\/2022\/05\/26\/u-hrvatskoj-odsad-i-istospolni-parovi-smiju-posvajati-djecu\/"},"wordCount":340,"publisher":{"@id":"https:\/\/radioljubuski.ba\/#organization"},"image":{"@id":"https:\/\/radioljubuski.ba\/index.php\/2022\/05\/26\/u-hrvatskoj-odsad-i-istospolni-parovi-smiju-posvajati-djecu\/#primaryimage"},"thumbnailUrl":"https:\/\/radioljubuski.ba\/wp-content\/uploads\/2021\/03\/sudjenje.jpg","articleSection":["BIH i regija"],"inLanguage":"hr"},{"@type":"WebPage","@id":"https:\/\/radioljubuski.ba\/index.php\/2022\/05\/26\/u-hrvatskoj-odsad-i-istospolni-parovi-smiju-posvajati-djecu\/","url":"https:\/\/radioljubuski.ba\/index.php\/2022\/05\/26\/u-hrvatskoj-odsad-i-istospolni-parovi-smiju-posvajati-djecu\/","name":"U Hrvatskoj odsad i istospolni parovi smiju posvajati djecu - RADIO LJUBU\u0160KI","isPartOf":{"@id":"https:\/\/radioljubuski.ba\/#website"},"primaryImageOfPage":{"@id":"https:\/\/radioljubuski.ba\/index.php\/2022\/05\/26\/u-hrvatskoj-odsad-i-istospolni-parovi-smiju-posvajati-djecu\/#primaryimage"},"image":{"@id":"https:\/\/radioljubuski.ba\/index.php\/2022\/05\/26\/u-hrvatskoj-odsad-i-istospolni-parovi-smiju-posvajati-djecu\/#primaryimage"},"thumbnailUrl":"https:\/\/radioljubuski.ba\/wp-content\/uploads\/2021\/03\/sudjenje.jpg","datePublished":"2022-05-26T13:25:07+00:00","dateModified":"2022-05-26T13:25:08+00:00","breadcrumb":{"@id":"https:\/\/radioljubuski.ba\/index.php\/2022\/05\/26\/u-hrvatskoj-odsad-i-istospolni-parovi-smiju-posvajati-djecu\/#breadcrumb"},"inLanguage":"hr","potentialAction":[{"@type":"ReadAction","target":["https:\/\/radioljubuski.ba\/index.php\/2022\/05\/26\/u-hrvatskoj-odsad-i-istospolni-parovi-smiju-posvajati-djecu\/"]}]},{"@type":"ImageObject","inLanguage":"hr","@id":"https:\/\/radioljubuski.ba\/index.php\/2022\/05\/26\/u-hrvatskoj-odsad-i-istospolni-parovi-smiju-posvajati-djecu\/#primaryimage","url":"https:\/\/radioljubuski.ba\/wp-content\/uploads\/2021\/03\/sudjenje.jpg","contentUrl":"https:\/\/radioljubuski.ba\/wp-content\/uploads\/2021\/03\/sudjenje.jpg","width":1024,"height":576},{"@type":"BreadcrumbList","@id":"https:\/\/radioljubuski.ba\/index.php\/2022\/05\/26\/u-hrvatskoj-odsad-i-istospolni-parovi-smiju-posvajati-djecu\/#breadcrumb","itemListElement":[{"@type":"ListItem","position":1,"name":"Po\u010detna stranica","item":"https:\/\/radioljubuski.ba\/"},{"@type":"ListItem","position":2,"name":"U Hrvatskoj odsad i istospolni parovi smiju posvajati djecu"}]},{"@type":"WebSite","@id":"https:\/\/radioljubuski.ba\/#website","url":"https:\/\/radioljubuski.ba\/","name":"Radio Ljubu\u0161ki","description":"Sun\u010dana frekvencija Hercegovine","publisher":{"@id":"https:\/\/radioljubuski.ba\/#organization"},"potentialAction":[{"@type":"SearchAction","target":{"@type":"EntryPoint","urlTemplate":"https:\/\/radioljubuski.ba\/?s={search_term_string}"},"query-input":{"@type":"PropertyValueSpecification","valueRequired":true,"valueName":"search_term_string"}}],"inLanguage":"hr"},{"@type":"Organization","@id":"https:\/\/radioljubuski.ba\/#organization","name":"Radio Ljubu\u0161ki","url":"https:\/\/radioljubuski.ba\/","logo":{"@type":"ImageObject","inLanguage":"hr","@id":"https:\/\/radioljubuski.ba\/#\/schema\/logo\/image\/","url":"https:\/\/radioljubuski.ba\/wp-content\/uploads\/2021\/02\/cropped-Radio_Ljubuski_logo1.jpg","contentUrl":"https:\/\/radioljubuski.ba\/wp-content\/uploads\/2021\/02\/cropped-Radio_Ljubuski_logo1.jpg","width":512,"height":512,"caption":"Radio Ljubu\u0161ki"},"image":{"@id":"https:\/\/radioljubuski.ba\/#\/schema\/logo\/image\/"},"sameAs":["https:\/\/www.facebook.com\/Radiio-Ljubuski-1490835324566332","https:\/\/x.com\/radioljubuski","https:\/\/hr.linkedin.com\/company\/radio-ljubuski","https:\/\/www.youtube.com\/channel\/UCHYaeO_n0Db3tjNGudGpXyw"]},{"@type":"Person","@id":"https:\/\/radioljubuski.ba\/#\/schema\/person\/19fc700381a780f69665d7956c469e3b","name":"Radio Ljubu\u0161ki"}]}},"_links":{"self":[{"href":"https:\/\/radioljubuski.ba\/index.php\/wp-json\/wp\/v2\/posts\/144261","targetHints":{"allow":["GET"]}}],"collection":[{"href":"https:\/\/radioljubuski.ba\/index.php\/wp-json\/wp\/v2\/posts"}],"about":[{"href":"https:\/\/radioljubuski.ba\/index.php\/wp-json\/wp\/v2\/types\/post"}],"author":[{"embeddable":true,"href":"https:\/\/radioljubuski.ba\/index.php\/wp-json\/wp\/v2\/users\/2"}],"replies":[{"embeddable":true,"href":"https:\/\/radioljubuski.ba\/index.php\/wp-json\/wp\/v2\/comments?post=144261"}],"version-history":[{"count":1,"href":"https:\/\/radioljubuski.ba\/index.php\/wp-json\/wp\/v2\/posts\/144261\/revisions"}],"predecessor-version":[{"id":144262,"href":"https:\/\/radioljubuski.ba\/index.php\/wp-json\/wp\/v2\/posts\/144261\/revisions\/144262"}],"wp:featuredmedia":[{"embeddable":true,"href":"https:\/\/radioljubuski.ba\/index.php\/wp-json\/wp\/v2\/media\/2401"}],"wp:attachment":[{"href":"https:\/\/radioljubuski.ba\/index.php\/wp-json\/wp\/v2\/media?parent=144261"}],"wp:term":[{"taxonomy":"category","embeddable":true,"href":"https:\/\/radioljubuski.ba\/index.php\/wp-json\/wp\/v2\/categories?post=144261"},{"taxonomy":"post_tag","embeddable":true,"href":"https:\/\/radioljubuski.ba\/index.php\/wp-json\/wp\/v2\/tags?post=144261"}],"curies":[{"name":"wp","href":"https:\/\/api.w.org\/{rel}","templated":true}]}}