{"id":144270,"date":"2022-05-26T14:29:17","date_gmt":"2022-05-26T13:29:17","guid":{"rendered":"https:\/\/radioljubuski.ba\/?p=144270"},"modified":"2022-05-26T14:29:18","modified_gmt":"2022-05-26T13:29:18","slug":"portugalska-vlada-donijela-konacnu-odluku-o-sudbini-chelseaja","status":"publish","type":"post","link":"https:\/\/radioljubuski.ba\/index.php\/2022\/05\/26\/portugalska-vlada-donijela-konacnu-odluku-o-sudbini-chelseaja\/","title":{"rendered":"Portugalska vlada donijela kona\u010dnu odluku o sudbini Chelseaja"},"content":{"rendered":"\n<p>Portugalska vlada u \u010detvrtak je odobrila prodaju nogometnog kluba Chelsea u vlasni\u0161tvu Romana Abramovi\u010da, koji ima i portugalsku putovnicu.<\/p>\n\n\n\n<p>Odobrenje za prodaju su prethodno dali Premijer liga i britanska vlada, no isto je to, zbog sankcija Rusiji, morala u\u010diniti i portugalska vlada. Godine 2021., Abramovi\u010d je dobio portugalsko dr\u017eavljanstvo.<\/p>\n\n\n\n<p>\u201cDva tijela, Ministarstvo vanjskih poslova i Ministarstvo financija, dali su zeleno svjetlo na zahtjev Romana Abramovi\u010da za prodaju u humanitarne svrhe, omogu\u0107iv\u0161i engleskom klubu da izvr\u0161i transakciju\u201d, navodi se u priop\u0107enju portugalske vlade. U priop\u0107enju se dodaje da je odluka donesena nakon jamstava britanskih vlasti da \u0107e sav prihod biti upla\u0107en u humanitarne svrhe te da Abramovi\u0107 ne\u0107e imati izravnu ili neizravnu korist, budu\u0107i da je pod sankcijama Europske unije.<\/p>\n\n\n\n<p>Konzorcij predvo\u0111en ameri\u010dkim milijarderom Toddom Bolijem kupit \u0107e Chelsea za 4.25 milijardi funti. Prihod od prodaje ide na zamrznuti ra\u010dun koji kontrolira britanska vlada i bit \u0107e doniran za humanitarnu pomo\u0107 Ukrajini.<\/p>\n\n\n\n<p>Abramovi\u010d je morao prodati klub zbog navodnih veza s ruskim predsjednikom Vladimirom Putinom i vojne intervencije u Ukrajini. Nekoliko dana nakon po\u010detka rata, 24. velja\u010de, Abramovi\u010d je klub najavio prodaju.<\/p>\n\n\n\n<p>Britanska vlada uvela mu je sankcije 10. o\u017eujka, ali je Chelseaju dala posebnu radnu dozvolu za nastup koja istje\u010de 31. svibnja. Abramovi\u010d \u0107e tako nakon 19 godina prestati biti vlasnik londonskog kluba koji je za to vrijeme osvojio 21 trofej, uklju\u010duju\u0107i pet naslova Premier lige i dvije Lige prvaka.<\/p>\n\n\n\n<p>Izvor:pogled.ba<\/p>\n","protected":false},"excerpt":{"rendered":"<p>Portugalska vlada u \u010detvrtak je odobrila prodaju nogometnog kluba Chelsea u vlasni\u0161tvu Romana Abramovi\u010da, koji ima i portugalsku putovnicu. Odobrenje za prodaju su prethodno dali Premijer liga i britanska vlada, no isto je to, zbog sankcija Rusiji, morala u\u010diniti i portugalska vlada. Godine 2021., Abramovi\u010d je dobio portugalsko dr\u017eavljanstvo. \u201cDva tijela, Ministarstvo vanjskih poslova i [&hellip;]<\/p>\n","protected":false},"author":2,"featured_media":122528,"comment_status":"closed","ping_status":"closed","sticky":false,"template":"","format":"standard","meta":{"h5ap_radio_sources":[],"footnotes":""},"categories":[7],"tags":[],"class_list":["post-144270","post","type-post","status-publish","format-standard","has-post-thumbnail","hentry","category-sport"],"yoast_head":"<!-- This site is optimized with the Yoast SEO plugin v27.5 - https:\/\/yoast.com\/product\/yoast-seo-wordpress\/ -->\n<title>Portugalska vlada donijela kona\u010dnu odluku o sudbini Chelseaja - RADIO LJUBU\u0160KI<\/title>\n<meta name=\"robots\" content=\"index, follow, max-snippet:-1, max-image-preview:large, max-video-preview:-1\" \/>\n<link rel=\"canonical\" href=\"https:\/\/radioljubuski.ba\/index.php\/2022\/05\/26\/portugalska-vlada-donijela-konacnu-odluku-o-sudbini-chelseaja\/\" \/>\n<meta property=\"og:locale\" content=\"hr_HR\" \/>\n<meta property=\"og:type\" content=\"article\" \/>\n<meta property=\"og:title\" content=\"Portugalska vlada donijela kona\u010dnu odluku o sudbini Chelseaja - RADIO LJUBU\u0160KI\" \/>\n<meta property=\"og:description\" content=\"Portugalska vlada u \u010detvrtak je odobrila prodaju nogometnog kluba Chelsea u vlasni\u0161tvu Romana Abramovi\u010da, koji ima i portugalsku putovnicu. Odobrenje za prodaju su prethodno dali Premijer liga i britanska vlada, no isto je to, zbog sankcija Rusiji, morala u\u010diniti i portugalska vlada. Godine 2021., Abramovi\u010d je dobio portugalsko dr\u017eavljanstvo. \u201cDva tijela, Ministarstvo vanjskih poslova i [&hellip;]\" \/>\n<meta property=\"og:url\" content=\"https:\/\/radioljubuski.ba\/index.php\/2022\/05\/26\/portugalska-vlada-donijela-konacnu-odluku-o-sudbini-chelseaja\/\" \/>\n<meta property=\"og:site_name\" content=\"RADIO LJUBU\u0160KI\" \/>\n<meta property=\"article:publisher\" content=\"https:\/\/www.facebook.com\/Radiio-Ljubuski-1490835324566332\" \/>\n<meta property=\"article:published_time\" content=\"2022-05-26T13:29:17+00:00\" \/>\n<meta property=\"article:modified_time\" content=\"2022-05-26T13:29:18+00:00\" \/>\n<meta property=\"og:image\" content=\"https:\/\/radioljubuski.ba\/wp-content\/uploads\/2022\/03\/chelsae.jpg\" \/>\n\t<meta property=\"og:image:width\" content=\"730\" \/>\n\t<meta property=\"og:image:height\" content=\"487\" \/>\n\t<meta property=\"og:image:type\" content=\"image\/jpeg\" \/>\n<meta name=\"author\" content=\"Radio Ljubu\u0161ki\" \/>\n<meta name=\"twitter:card\" content=\"summary_large_image\" \/>\n<meta name=\"twitter:creator\" content=\"@radioljubuski\" \/>\n<meta name=\"twitter:site\" content=\"@radioljubuski\" \/>\n<meta name=\"twitter:label1\" content=\"Napisao\/la\" \/>\n\t<meta name=\"twitter:data1\" content=\"Radio Ljubu\u0161ki\" \/>\n\t<meta name=\"twitter:label2\" content=\"Procijenjeno vrijeme \u010ditanja\" \/>\n\t<meta name=\"twitter:data2\" content=\"2 minute\" \/>\n<script type=\"application\/ld+json\" class=\"yoast-schema-graph\">{\"@context\":\"https:\\\/\\\/schema.org\",\"@graph\":[{\"@type\":\"Article\",\"@id\":\"https:\\\/\\\/radioljubuski.ba\\\/index.php\\\/2022\\\/05\\\/26\\\/portugalska-vlada-donijela-konacnu-odluku-o-sudbini-chelseaja\\\/#article\",\"isPartOf\":{\"@id\":\"https:\\\/\\\/radioljubuski.ba\\\/index.php\\\/2022\\\/05\\\/26\\\/portugalska-vlada-donijela-konacnu-odluku-o-sudbini-chelseaja\\\/\"},\"author\":{\"name\":\"Radio Ljubu\u0161ki\",\"@id\":\"https:\\\/\\\/radioljubuski.ba\\\/#\\\/schema\\\/person\\\/19fc700381a780f69665d7956c469e3b\"},\"headline\":\"Portugalska vlada donijela kona\u010dnu odluku o sudbini Chelseaja\",\"datePublished\":\"2022-05-26T13:29:17+00:00\",\"dateModified\":\"2022-05-26T13:29:18+00:00\",\"mainEntityOfPage\":{\"@id\":\"https:\\\/\\\/radioljubuski.ba\\\/index.php\\\/2022\\\/05\\\/26\\\/portugalska-vlada-donijela-konacnu-odluku-o-sudbini-chelseaja\\\/\"},\"wordCount\":257,\"publisher\":{\"@id\":\"https:\\\/\\\/radioljubuski.ba\\\/#organization\"},\"image\":{\"@id\":\"https:\\\/\\\/radioljubuski.ba\\\/index.php\\\/2022\\\/05\\\/26\\\/portugalska-vlada-donijela-konacnu-odluku-o-sudbini-chelseaja\\\/#primaryimage\"},\"thumbnailUrl\":\"https:\\\/\\\/radioljubuski.ba\\\/wp-content\\\/uploads\\\/2022\\\/03\\\/chelsae.jpg\",\"articleSection\":[\"\u0160port\"],\"inLanguage\":\"hr\"},{\"@type\":\"WebPage\",\"@id\":\"https:\\\/\\\/radioljubuski.ba\\\/index.php\\\/2022\\\/05\\\/26\\\/portugalska-vlada-donijela-konacnu-odluku-o-sudbini-chelseaja\\\/\",\"url\":\"https:\\\/\\\/radioljubuski.ba\\\/index.php\\\/2022\\\/05\\\/26\\\/portugalska-vlada-donijela-konacnu-odluku-o-sudbini-chelseaja\\\/\",\"name\":\"Portugalska vlada donijela kona\u010dnu odluku o sudbini Chelseaja - RADIO LJUBU\u0160KI\",\"isPartOf\":{\"@id\":\"https:\\\/\\\/radioljubuski.ba\\\/#website\"},\"primaryImageOfPage\":{\"@id\":\"https:\\\/\\\/radioljubuski.ba\\\/index.php\\\/2022\\\/05\\\/26\\\/portugalska-vlada-donijela-konacnu-odluku-o-sudbini-chelseaja\\\/#primaryimage\"},\"image\":{\"@id\":\"https:\\\/\\\/radioljubuski.ba\\\/index.php\\\/2022\\\/05\\\/26\\\/portugalska-vlada-donijela-konacnu-odluku-o-sudbini-chelseaja\\\/#primaryimage\"},\"thumbnailUrl\":\"https:\\\/\\\/radioljubuski.ba\\\/wp-content\\\/uploads\\\/2022\\\/03\\\/chelsae.jpg\",\"datePublished\":\"2022-05-26T13:29:17+00:00\",\"dateModified\":\"2022-05-26T13:29:18+00:00\",\"breadcrumb\":{\"@id\":\"https:\\\/\\\/radioljubuski.ba\\\/index.php\\\/2022\\\/05\\\/26\\\/portugalska-vlada-donijela-konacnu-odluku-o-sudbini-chelseaja\\\/#breadcrumb\"},\"inLanguage\":\"hr\",\"potentialAction\":[{\"@type\":\"ReadAction\",\"target\":[\"https:\\\/\\\/radioljubuski.ba\\\/index.php\\\/2022\\\/05\\\/26\\\/portugalska-vlada-donijela-konacnu-odluku-o-sudbini-chelseaja\\\/\"]}]},{\"@type\":\"ImageObject\",\"inLanguage\":\"hr\",\"@id\":\"https:\\\/\\\/radioljubuski.ba\\\/index.php\\\/2022\\\/05\\\/26\\\/portugalska-vlada-donijela-konacnu-odluku-o-sudbini-chelseaja\\\/#primaryimage\",\"url\":\"https:\\\/\\\/radioljubuski.ba\\\/wp-content\\\/uploads\\\/2022\\\/03\\\/chelsae.jpg\",\"contentUrl\":\"https:\\\/\\\/radioljubuski.ba\\\/wp-content\\\/uploads\\\/2022\\\/03\\\/chelsae.jpg\",\"width\":730,\"height\":487},{\"@type\":\"BreadcrumbList\",\"@id\":\"https:\\\/\\\/radioljubuski.ba\\\/index.php\\\/2022\\\/05\\\/26\\\/portugalska-vlada-donijela-konacnu-odluku-o-sudbini-chelseaja\\\/#breadcrumb\",\"itemListElement\":[{\"@type\":\"ListItem\",\"position\":1,\"name\":\"Po\u010detna stranica\",\"item\":\"https:\\\/\\\/radioljubuski.ba\\\/\"},{\"@type\":\"ListItem\",\"position\":2,\"name\":\"Portugalska vlada donijela kona\u010dnu odluku o sudbini Chelseaja\"}]},{\"@type\":\"WebSite\",\"@id\":\"https:\\\/\\\/radioljubuski.ba\\\/#website\",\"url\":\"https:\\\/\\\/radioljubuski.ba\\\/\",\"name\":\"Radio Ljubu\u0161ki\",\"description\":\"Sun\u010dana frekvencija Hercegovine\",\"publisher\":{\"@id\":\"https:\\\/\\\/radioljubuski.ba\\\/#organization\"},\"potentialAction\":[{\"@type\":\"SearchAction\",\"target\":{\"@type\":\"EntryPoint\",\"urlTemplate\":\"https:\\\/\\\/radioljubuski.ba\\\/?s={search_term_string}\"},\"query-input\":{\"@type\":\"PropertyValueSpecification\",\"valueRequired\":true,\"valueName\":\"search_term_string\"}}],\"inLanguage\":\"hr\"},{\"@type\":\"Organization\",\"@id\":\"https:\\\/\\\/radioljubuski.ba\\\/#organization\",\"name\":\"Radio Ljubu\u0161ki\",\"url\":\"https:\\\/\\\/radioljubuski.ba\\\/\",\"logo\":{\"@type\":\"ImageObject\",\"inLanguage\":\"hr\",\"@id\":\"https:\\\/\\\/radioljubuski.ba\\\/#\\\/schema\\\/logo\\\/image\\\/\",\"url\":\"https:\\\/\\\/radioljubuski.ba\\\/wp-content\\\/uploads\\\/2021\\\/02\\\/cropped-Radio_Ljubuski_logo1.jpg\",\"contentUrl\":\"https:\\\/\\\/radioljubuski.ba\\\/wp-content\\\/uploads\\\/2021\\\/02\\\/cropped-Radio_Ljubuski_logo1.jpg\",\"width\":512,\"height\":512,\"caption\":\"Radio Ljubu\u0161ki\"},\"image\":{\"@id\":\"https:\\\/\\\/radioljubuski.ba\\\/#\\\/schema\\\/logo\\\/image\\\/\"},\"sameAs\":[\"https:\\\/\\\/www.facebook.com\\\/Radiio-Ljubuski-1490835324566332\",\"https:\\\/\\\/x.com\\\/radioljubuski\",\"https:\\\/\\\/hr.linkedin.com\\\/company\\\/radio-ljubuski\",\"https:\\\/\\\/www.youtube.com\\\/channel\\\/UCHYaeO_n0Db3tjNGudGpXyw\"]},{\"@type\":\"Person\",\"@id\":\"https:\\\/\\\/radioljubuski.ba\\\/#\\\/schema\\\/person\\\/19fc700381a780f69665d7956c469e3b\",\"name\":\"Radio Ljubu\u0161ki\"}]}<\/script>\n<!-- \/ Yoast SEO plugin. -->","yoast_head_json":{"title":"Portugalska vlada donijela kona\u010dnu odluku o sudbini Chelseaja - RADIO LJUBU\u0160KI","robots":{"index":"index","follow":"follow","max-snippet":"max-snippet:-1","max-image-preview":"max-image-preview:large","max-video-preview":"max-video-preview:-1"},"canonical":"https:\/\/radioljubuski.ba\/index.php\/2022\/05\/26\/portugalska-vlada-donijela-konacnu-odluku-o-sudbini-chelseaja\/","og_locale":"hr_HR","og_type":"article","og_title":"Portugalska vlada donijela kona\u010dnu odluku o sudbini Chelseaja - RADIO LJUBU\u0160KI","og_description":"Portugalska vlada u \u010detvrtak je odobrila prodaju nogometnog kluba Chelsea u vlasni\u0161tvu Romana Abramovi\u010da, koji ima i portugalsku putovnicu. Odobrenje za prodaju su prethodno dali Premijer liga i britanska vlada, no isto je to, zbog sankcija Rusiji, morala u\u010diniti i portugalska vlada. Godine 2021., Abramovi\u010d je dobio portugalsko dr\u017eavljanstvo. \u201cDva tijela, Ministarstvo vanjskih poslova i [&hellip;]","og_url":"https:\/\/radioljubuski.ba\/index.php\/2022\/05\/26\/portugalska-vlada-donijela-konacnu-odluku-o-sudbini-chelseaja\/","og_site_name":"RADIO LJUBU\u0160KI","article_publisher":"https:\/\/www.facebook.com\/Radiio-Ljubuski-1490835324566332","article_published_time":"2022-05-26T13:29:17+00:00","article_modified_time":"2022-05-26T13:29:18+00:00","og_image":[{"width":730,"height":487,"url":"https:\/\/radioljubuski.ba\/wp-content\/uploads\/2022\/03\/chelsae.jpg","type":"image\/jpeg"}],"author":"Radio Ljubu\u0161ki","twitter_card":"summary_large_image","twitter_creator":"@radioljubuski","twitter_site":"@radioljubuski","twitter_misc":{"Napisao\/la":"Radio Ljubu\u0161ki","Procijenjeno vrijeme \u010ditanja":"2 minute"},"schema":{"@context":"https:\/\/schema.org","@graph":[{"@type":"Article","@id":"https:\/\/radioljubuski.ba\/index.php\/2022\/05\/26\/portugalska-vlada-donijela-konacnu-odluku-o-sudbini-chelseaja\/#article","isPartOf":{"@id":"https:\/\/radioljubuski.ba\/index.php\/2022\/05\/26\/portugalska-vlada-donijela-konacnu-odluku-o-sudbini-chelseaja\/"},"author":{"name":"Radio Ljubu\u0161ki","@id":"https:\/\/radioljubuski.ba\/#\/schema\/person\/19fc700381a780f69665d7956c469e3b"},"headline":"Portugalska vlada donijela kona\u010dnu odluku o sudbini Chelseaja","datePublished":"2022-05-26T13:29:17+00:00","dateModified":"2022-05-26T13:29:18+00:00","mainEntityOfPage":{"@id":"https:\/\/radioljubuski.ba\/index.php\/2022\/05\/26\/portugalska-vlada-donijela-konacnu-odluku-o-sudbini-chelseaja\/"},"wordCount":257,"publisher":{"@id":"https:\/\/radioljubuski.ba\/#organization"},"image":{"@id":"https:\/\/radioljubuski.ba\/index.php\/2022\/05\/26\/portugalska-vlada-donijela-konacnu-odluku-o-sudbini-chelseaja\/#primaryimage"},"thumbnailUrl":"https:\/\/radioljubuski.ba\/wp-content\/uploads\/2022\/03\/chelsae.jpg","articleSection":["\u0160port"],"inLanguage":"hr"},{"@type":"WebPage","@id":"https:\/\/radioljubuski.ba\/index.php\/2022\/05\/26\/portugalska-vlada-donijela-konacnu-odluku-o-sudbini-chelseaja\/","url":"https:\/\/radioljubuski.ba\/index.php\/2022\/05\/26\/portugalska-vlada-donijela-konacnu-odluku-o-sudbini-chelseaja\/","name":"Portugalska vlada donijela kona\u010dnu odluku o sudbini Chelseaja - RADIO LJUBU\u0160KI","isPartOf":{"@id":"https:\/\/radioljubuski.ba\/#website"},"primaryImageOfPage":{"@id":"https:\/\/radioljubuski.ba\/index.php\/2022\/05\/26\/portugalska-vlada-donijela-konacnu-odluku-o-sudbini-chelseaja\/#primaryimage"},"image":{"@id":"https:\/\/radioljubuski.ba\/index.php\/2022\/05\/26\/portugalska-vlada-donijela-konacnu-odluku-o-sudbini-chelseaja\/#primaryimage"},"thumbnailUrl":"https:\/\/radioljubuski.ba\/wp-content\/uploads\/2022\/03\/chelsae.jpg","datePublished":"2022-05-26T13:29:17+00:00","dateModified":"2022-05-26T13:29:18+00:00","breadcrumb":{"@id":"https:\/\/radioljubuski.ba\/index.php\/2022\/05\/26\/portugalska-vlada-donijela-konacnu-odluku-o-sudbini-chelseaja\/#breadcrumb"},"inLanguage":"hr","potentialAction":[{"@type":"ReadAction","target":["https:\/\/radioljubuski.ba\/index.php\/2022\/05\/26\/portugalska-vlada-donijela-konacnu-odluku-o-sudbini-chelseaja\/"]}]},{"@type":"ImageObject","inLanguage":"hr","@id":"https:\/\/radioljubuski.ba\/index.php\/2022\/05\/26\/portugalska-vlada-donijela-konacnu-odluku-o-sudbini-chelseaja\/#primaryimage","url":"https:\/\/radioljubuski.ba\/wp-content\/uploads\/2022\/03\/chelsae.jpg","contentUrl":"https:\/\/radioljubuski.ba\/wp-content\/uploads\/2022\/03\/chelsae.jpg","width":730,"height":487},{"@type":"BreadcrumbList","@id":"https:\/\/radioljubuski.ba\/index.php\/2022\/05\/26\/portugalska-vlada-donijela-konacnu-odluku-o-sudbini-chelseaja\/#breadcrumb","itemListElement":[{"@type":"ListItem","position":1,"name":"Po\u010detna stranica","item":"https:\/\/radioljubuski.ba\/"},{"@type":"ListItem","position":2,"name":"Portugalska vlada donijela kona\u010dnu odluku o sudbini Chelseaja"}]},{"@type":"WebSite","@id":"https:\/\/radioljubuski.ba\/#website","url":"https:\/\/radioljubuski.ba\/","name":"Radio Ljubu\u0161ki","description":"Sun\u010dana frekvencija Hercegovine","publisher":{"@id":"https:\/\/radioljubuski.ba\/#organization"},"potentialAction":[{"@type":"SearchAction","target":{"@type":"EntryPoint","urlTemplate":"https:\/\/radioljubuski.ba\/?s={search_term_string}"},"query-input":{"@type":"PropertyValueSpecification","valueRequired":true,"valueName":"search_term_string"}}],"inLanguage":"hr"},{"@type":"Organization","@id":"https:\/\/radioljubuski.ba\/#organization","name":"Radio Ljubu\u0161ki","url":"https:\/\/radioljubuski.ba\/","logo":{"@type":"ImageObject","inLanguage":"hr","@id":"https:\/\/radioljubuski.ba\/#\/schema\/logo\/image\/","url":"https:\/\/radioljubuski.ba\/wp-content\/uploads\/2021\/02\/cropped-Radio_Ljubuski_logo1.jpg","contentUrl":"https:\/\/radioljubuski.ba\/wp-content\/uploads\/2021\/02\/cropped-Radio_Ljubuski_logo1.jpg","width":512,"height":512,"caption":"Radio Ljubu\u0161ki"},"image":{"@id":"https:\/\/radioljubuski.ba\/#\/schema\/logo\/image\/"},"sameAs":["https:\/\/www.facebook.com\/Radiio-Ljubuski-1490835324566332","https:\/\/x.com\/radioljubuski","https:\/\/hr.linkedin.com\/company\/radio-ljubuski","https:\/\/www.youtube.com\/channel\/UCHYaeO_n0Db3tjNGudGpXyw"]},{"@type":"Person","@id":"https:\/\/radioljubuski.ba\/#\/schema\/person\/19fc700381a780f69665d7956c469e3b","name":"Radio Ljubu\u0161ki"}]}},"_links":{"self":[{"href":"https:\/\/radioljubuski.ba\/index.php\/wp-json\/wp\/v2\/posts\/144270","targetHints":{"allow":["GET"]}}],"collection":[{"href":"https:\/\/radioljubuski.ba\/index.php\/wp-json\/wp\/v2\/posts"}],"about":[{"href":"https:\/\/radioljubuski.ba\/index.php\/wp-json\/wp\/v2\/types\/post"}],"author":[{"embeddable":true,"href":"https:\/\/radioljubuski.ba\/index.php\/wp-json\/wp\/v2\/users\/2"}],"replies":[{"embeddable":true,"href":"https:\/\/radioljubuski.ba\/index.php\/wp-json\/wp\/v2\/comments?post=144270"}],"version-history":[{"count":1,"href":"https:\/\/radioljubuski.ba\/index.php\/wp-json\/wp\/v2\/posts\/144270\/revisions"}],"predecessor-version":[{"id":144271,"href":"https:\/\/radioljubuski.ba\/index.php\/wp-json\/wp\/v2\/posts\/144270\/revisions\/144271"}],"wp:featuredmedia":[{"embeddable":true,"href":"https:\/\/radioljubuski.ba\/index.php\/wp-json\/wp\/v2\/media\/122528"}],"wp:attachment":[{"href":"https:\/\/radioljubuski.ba\/index.php\/wp-json\/wp\/v2\/media?parent=144270"}],"wp:term":[{"taxonomy":"category","embeddable":true,"href":"https:\/\/radioljubuski.ba\/index.php\/wp-json\/wp\/v2\/categories?post=144270"},{"taxonomy":"post_tag","embeddable":true,"href":"https:\/\/radioljubuski.ba\/index.php\/wp-json\/wp\/v2\/tags?post=144270"}],"curies":[{"name":"wp","href":"https:\/\/api.w.org\/{rel}","templated":true}]}}