{"id":144272,"date":"2022-05-26T14:32:08","date_gmt":"2022-05-26T13:32:08","guid":{"rendered":"https:\/\/radioljubuski.ba\/?p=144272"},"modified":"2022-05-26T14:32:27","modified_gmt":"2022-05-26T13:32:27","slug":"fotka-s-plaze-iz-70-ih-podigla-buru-lijecnica-objasnila-sto-se-promijenilo","status":"publish","type":"post","link":"https:\/\/radioljubuski.ba\/index.php\/2022\/05\/26\/fotka-s-plaze-iz-70-ih-podigla-buru-lijecnica-objasnila-sto-se-promijenilo\/","title":{"rendered":"Fotka s pla\u017ee iz 70-ih podigla buru: Lije\u010dnica objasnila \u0161to se promijenilo"},"content":{"rendered":"\n<p>Prizor na pla\u017ei danas i prije 50-ak godina dvije su dijametralne suprotnosti.<\/p>\n\n\n\n<p>1970-ih godina pro\u0161log stolje\u0107a na pla\u017eama su svi bili vitki, bez kilograma vi\u0161ka. Lijepi, zgodni i preplanuli. Danas su svi nekako &#8216;nabujali&#8217;.<\/p>\n\n\n\n<p>Fotografija ljudi koji hodaju u kupa\u0107im kostimima i ljetnim haljinama, sa samo dvojicom &#8220;odjevenih&#8221; mu\u0161karaca, koji su o\u010dito bili prisiljeni nositi poslovne hla\u010de i ko\u0161ulju, bila je predmet rasprave na Twitteru koja je pokrenula pitanje &#8211; \u0160to se dogodilo u posljednjih 50 godina? Ili kako se netko okrutno na\u0161alio: &#8220;Debeli nisu i\u0161li na more 70-ih&#8221;, pi\u0161e <a href=\"https:\/\/zena.blic.rs\/zdravlje\/na-fotki-iz-70-ih-niko-nije-debeo-ili-oni-nisu-isli-na-more-surova-istina-iza-kadra\/fpqg9k8\" target=\"_blank\" rel=\"noreferrer noopener\">\u017eena.rs.<\/a><\/p>\n\n\n\n<p>Pro\u0161le godine doktorica medicine i klini\u010dka nutricionistica dr. Olga Li\u010dina ispri\u010dala je \u0161to je uzrokovalo promjenu \u017eivotnih navika i je li istina da se danas puno vi\u0161e ljudi bori s kilogramima.<\/p>\n\n\n\n<blockquote class=\"twitter-tweet\"><p dir=\"ltr\" lang=\"und\">Zanimljiva fotka iz 70ih na kojoj niko nije debeo! <a href=\"https:\/\/t.co\/AbxCFy46KB\">pic.twitter.com\/AbxCFy46KB<\/a><\/p>\u2014 Ivana (@Ivana38626826) <a href=\"https:\/\/twitter.com\/Ivana38626826\/status\/1416329556852678656?ref_src=twsrc%5Etfw\">July 17, 2021<\/a><\/blockquote> <script async=\"\" src=\"https:\/\/platform.twitter.com\/widgets.js\" charset=\"utf-8\"><\/script>\n\n\n\n<p>&#8211; Prema istra\u017eivanju Svjetske zdravstvene organizacije svaka peta osoba bori se s pretilo\u0161\u0107u, a svaka tre\u0107a ima problema s prekomjernom tjelesnom te\u017einom. Vidljiv je trend pove\u0107anja broja ljudi koji se bore s vi\u0161kom kilograma. Razlog za\u0161to nema pretilih ljudi na fotografiji je dostupnost hrane jer 1970-ih nije bilo toliko lanaca brze hrane. Danas je svaka vrsta hrane dostupna na svakom koraku &#8211; od restorana, preko pekarnica, do brze hrane, obja\u0161njava nutricionistica.<\/p>\n\n\n\n<p>Doktorica Li\u010dina navodi kako je pora\u017eavaju\u0107e \u0161to sve vi\u0161e djece boluje od pretilosti.<\/p>\n\n\n\n<p>&#8211; Problem po\u010dinje ve\u0107 u trudno\u0107i, a nastavlja se i nakon ro\u0111enja djeteta. Istra\u017eivanja su pokazala da od pretilosti naj\u010de\u0161\u0107e pate majke koje ne doje svoju djecu. Tako\u0111er, potrebno je voditi ra\u010duna o redoslijedu uvo\u0111enja hrane kod djece te izbjegavati dodavanje \u0161e\u0107era i soli u najranijoj dobi, dodaje Olga Li\u010dina.<\/p>\n\n\n\n<p>Jedna od tema koju su pokrenuli u komentarima na Twitteru je &#8211; je li promocija plus-size modela i oblina, ujedno dala legitimitet da se ve\u0107a te\u017eina smatra zdravim stilom \u017eivota.<\/p>\n\n\n\n<p>&#8211; Prihva\u0107anje sebe na stranu, ne mo\u017eemo svi izgledati isto, zbog razli\u010dite gra\u0111e tijela i konstitucije. Ali ako te\u017eina dovodi do zdravstvenih problema, onda je to problem. Postoji jo\u0161 jedna krajnost, ljudi koji pretjerano idu u teretanu i koriste proteine \u200b\u200bu prahu koji u ovom trenutku mogu djelovati kao dobro rje\u0161enje, no pitanje je \u0161to \u0107e biti s bubrezima i jetrom u budu\u0107nosti.<\/p>\n\n\n\n<p>Dobra stvar je \u0161to je u posljednjih desetak godina sve ve\u0107i broj ljudi zainteresiran za zdraviju prehranu i tra\u017ei alternativu nezdravim navikama, zaklju\u010duje za portal \u017eena.rs dr. Olga Li\u010dina.<\/p>\n\n\n\n<blockquote class=\"twitter-tweet\"><p dir=\"ltr\" lang=\"en\">Everyone was hot and healthy before the 1970s. WTF happened? <a href=\"https:\/\/t.co\/J76AjDPr9c\">pic.twitter.com\/J76AjDPr9c<\/a><\/p>\u2014 Carnivore Aurelius \u00a9\ud83e\udd69 \u2600\ufe0f\ud83e\udd99 (@AlpacaAurelius) <a href=\"https:\/\/twitter.com\/AlpacaAurelius\/status\/1528832995846762496?ref_src=twsrc%5Etfw\">May 23, 2022<\/a><\/blockquote> <script async=\"\" src=\"https:\/\/platform.twitter.com\/widgets.js\" charset=\"utf-8\"><\/script>\n\n\n\n<p>Izvor:pogled.ba<\/p>\n","protected":false},"excerpt":{"rendered":"<p>Prizor na pla\u017ei danas i prije 50-ak godina dvije su dijametralne suprotnosti. 1970-ih godina pro\u0161log stolje\u0107a na pla\u017eama su svi bili vitki, bez kilograma vi\u0161ka. Lijepi, zgodni i preplanuli. Danas su svi nekako &#8216;nabujali&#8217;. Fotografija ljudi koji hodaju u kupa\u0107im kostimima i ljetnim haljinama, sa samo dvojicom &#8220;odjevenih&#8221; mu\u0161karaca, koji su o\u010dito bili prisiljeni nositi [&hellip;]<\/p>\n","protected":false},"author":2,"featured_media":144273,"comment_status":"closed","ping_status":"closed","sticky":false,"template":"","format":"standard","meta":{"h5ap_radio_sources":[],"footnotes":""},"categories":[1],"tags":[],"class_list":["post-144272","post","type-post","status-publish","format-standard","has-post-thumbnail","hentry","category-bihiregija"],"yoast_head":"<!-- This site is optimized with the Yoast SEO plugin v27.5 - https:\/\/yoast.com\/product\/yoast-seo-wordpress\/ -->\n<title>Fotka s pla\u017ee iz 70-ih podigla buru: Lije\u010dnica objasnila \u0161to se promijenilo - RADIO LJUBU\u0160KI<\/title>\n<meta name=\"robots\" content=\"index, follow, max-snippet:-1, max-image-preview:large, max-video-preview:-1\" \/>\n<link rel=\"canonical\" href=\"https:\/\/radioljubuski.ba\/index.php\/2022\/05\/26\/fotka-s-plaze-iz-70-ih-podigla-buru-lijecnica-objasnila-sto-se-promijenilo\/\" \/>\n<meta property=\"og:locale\" content=\"hr_HR\" \/>\n<meta property=\"og:type\" content=\"article\" \/>\n<meta property=\"og:title\" content=\"Fotka s pla\u017ee iz 70-ih podigla buru: Lije\u010dnica objasnila \u0161to se promijenilo - RADIO LJUBU\u0160KI\" \/>\n<meta property=\"og:description\" content=\"Prizor na pla\u017ei danas i prije 50-ak godina dvije su dijametralne suprotnosti. 1970-ih godina pro\u0161log stolje\u0107a na pla\u017eama su svi bili vitki, bez kilograma vi\u0161ka. Lijepi, zgodni i preplanuli. Danas su svi nekako &#8216;nabujali&#8217;. Fotografija ljudi koji hodaju u kupa\u0107im kostimima i ljetnim haljinama, sa samo dvojicom &#8220;odjevenih&#8221; mu\u0161karaca, koji su o\u010dito bili prisiljeni nositi [&hellip;]\" \/>\n<meta property=\"og:url\" content=\"https:\/\/radioljubuski.ba\/index.php\/2022\/05\/26\/fotka-s-plaze-iz-70-ih-podigla-buru-lijecnica-objasnila-sto-se-promijenilo\/\" \/>\n<meta property=\"og:site_name\" content=\"RADIO LJUBU\u0160KI\" \/>\n<meta property=\"article:publisher\" content=\"https:\/\/www.facebook.com\/Radiio-Ljubuski-1490835324566332\" \/>\n<meta property=\"article:published_time\" content=\"2022-05-26T13:32:08+00:00\" \/>\n<meta property=\"article:modified_time\" content=\"2022-05-26T13:32:27+00:00\" \/>\n<meta property=\"og:image\" content=\"https:\/\/radioljubuski.ba\/wp-content\/uploads\/2022\/05\/123.png\" \/>\n\t<meta property=\"og:image:width\" content=\"837\" \/>\n\t<meta property=\"og:image:height\" content=\"526\" \/>\n\t<meta property=\"og:image:type\" content=\"image\/png\" \/>\n<meta name=\"author\" content=\"Radio Ljubu\u0161ki\" \/>\n<meta name=\"twitter:card\" content=\"summary_large_image\" \/>\n<meta name=\"twitter:creator\" content=\"@radioljubuski\" \/>\n<meta name=\"twitter:site\" content=\"@radioljubuski\" \/>\n<meta name=\"twitter:label1\" content=\"Napisao\/la\" \/>\n\t<meta name=\"twitter:data1\" content=\"Radio Ljubu\u0161ki\" \/>\n\t<meta name=\"twitter:label2\" content=\"Procijenjeno vrijeme \u010ditanja\" \/>\n\t<meta name=\"twitter:data2\" content=\"2 minute\" \/>\n<script type=\"application\/ld+json\" class=\"yoast-schema-graph\">{\"@context\":\"https:\\\/\\\/schema.org\",\"@graph\":[{\"@type\":\"Article\",\"@id\":\"https:\\\/\\\/radioljubuski.ba\\\/index.php\\\/2022\\\/05\\\/26\\\/fotka-s-plaze-iz-70-ih-podigla-buru-lijecnica-objasnila-sto-se-promijenilo\\\/#article\",\"isPartOf\":{\"@id\":\"https:\\\/\\\/radioljubuski.ba\\\/index.php\\\/2022\\\/05\\\/26\\\/fotka-s-plaze-iz-70-ih-podigla-buru-lijecnica-objasnila-sto-se-promijenilo\\\/\"},\"author\":{\"name\":\"Radio Ljubu\u0161ki\",\"@id\":\"https:\\\/\\\/radioljubuski.ba\\\/#\\\/schema\\\/person\\\/19fc700381a780f69665d7956c469e3b\"},\"headline\":\"Fotka s pla\u017ee iz 70-ih podigla buru: Lije\u010dnica objasnila \u0161to se promijenilo\",\"datePublished\":\"2022-05-26T13:32:08+00:00\",\"dateModified\":\"2022-05-26T13:32:27+00:00\",\"mainEntityOfPage\":{\"@id\":\"https:\\\/\\\/radioljubuski.ba\\\/index.php\\\/2022\\\/05\\\/26\\\/fotka-s-plaze-iz-70-ih-podigla-buru-lijecnica-objasnila-sto-se-promijenilo\\\/\"},\"wordCount\":487,\"publisher\":{\"@id\":\"https:\\\/\\\/radioljubuski.ba\\\/#organization\"},\"image\":{\"@id\":\"https:\\\/\\\/radioljubuski.ba\\\/index.php\\\/2022\\\/05\\\/26\\\/fotka-s-plaze-iz-70-ih-podigla-buru-lijecnica-objasnila-sto-se-promijenilo\\\/#primaryimage\"},\"thumbnailUrl\":\"https:\\\/\\\/radioljubuski.ba\\\/wp-content\\\/uploads\\\/2022\\\/05\\\/123.png\",\"articleSection\":[\"BIH i regija\"],\"inLanguage\":\"hr\"},{\"@type\":\"WebPage\",\"@id\":\"https:\\\/\\\/radioljubuski.ba\\\/index.php\\\/2022\\\/05\\\/26\\\/fotka-s-plaze-iz-70-ih-podigla-buru-lijecnica-objasnila-sto-se-promijenilo\\\/\",\"url\":\"https:\\\/\\\/radioljubuski.ba\\\/index.php\\\/2022\\\/05\\\/26\\\/fotka-s-plaze-iz-70-ih-podigla-buru-lijecnica-objasnila-sto-se-promijenilo\\\/\",\"name\":\"Fotka s pla\u017ee iz 70-ih podigla buru: Lije\u010dnica objasnila \u0161to se promijenilo - RADIO LJUBU\u0160KI\",\"isPartOf\":{\"@id\":\"https:\\\/\\\/radioljubuski.ba\\\/#website\"},\"primaryImageOfPage\":{\"@id\":\"https:\\\/\\\/radioljubuski.ba\\\/index.php\\\/2022\\\/05\\\/26\\\/fotka-s-plaze-iz-70-ih-podigla-buru-lijecnica-objasnila-sto-se-promijenilo\\\/#primaryimage\"},\"image\":{\"@id\":\"https:\\\/\\\/radioljubuski.ba\\\/index.php\\\/2022\\\/05\\\/26\\\/fotka-s-plaze-iz-70-ih-podigla-buru-lijecnica-objasnila-sto-se-promijenilo\\\/#primaryimage\"},\"thumbnailUrl\":\"https:\\\/\\\/radioljubuski.ba\\\/wp-content\\\/uploads\\\/2022\\\/05\\\/123.png\",\"datePublished\":\"2022-05-26T13:32:08+00:00\",\"dateModified\":\"2022-05-26T13:32:27+00:00\",\"breadcrumb\":{\"@id\":\"https:\\\/\\\/radioljubuski.ba\\\/index.php\\\/2022\\\/05\\\/26\\\/fotka-s-plaze-iz-70-ih-podigla-buru-lijecnica-objasnila-sto-se-promijenilo\\\/#breadcrumb\"},\"inLanguage\":\"hr\",\"potentialAction\":[{\"@type\":\"ReadAction\",\"target\":[\"https:\\\/\\\/radioljubuski.ba\\\/index.php\\\/2022\\\/05\\\/26\\\/fotka-s-plaze-iz-70-ih-podigla-buru-lijecnica-objasnila-sto-se-promijenilo\\\/\"]}]},{\"@type\":\"ImageObject\",\"inLanguage\":\"hr\",\"@id\":\"https:\\\/\\\/radioljubuski.ba\\\/index.php\\\/2022\\\/05\\\/26\\\/fotka-s-plaze-iz-70-ih-podigla-buru-lijecnica-objasnila-sto-se-promijenilo\\\/#primaryimage\",\"url\":\"https:\\\/\\\/radioljubuski.ba\\\/wp-content\\\/uploads\\\/2022\\\/05\\\/123.png\",\"contentUrl\":\"https:\\\/\\\/radioljubuski.ba\\\/wp-content\\\/uploads\\\/2022\\\/05\\\/123.png\",\"width\":837,\"height\":526},{\"@type\":\"BreadcrumbList\",\"@id\":\"https:\\\/\\\/radioljubuski.ba\\\/index.php\\\/2022\\\/05\\\/26\\\/fotka-s-plaze-iz-70-ih-podigla-buru-lijecnica-objasnila-sto-se-promijenilo\\\/#breadcrumb\",\"itemListElement\":[{\"@type\":\"ListItem\",\"position\":1,\"name\":\"Po\u010detna stranica\",\"item\":\"https:\\\/\\\/radioljubuski.ba\\\/\"},{\"@type\":\"ListItem\",\"position\":2,\"name\":\"Fotka s pla\u017ee iz 70-ih podigla buru: Lije\u010dnica objasnila \u0161to se promijenilo\"}]},{\"@type\":\"WebSite\",\"@id\":\"https:\\\/\\\/radioljubuski.ba\\\/#website\",\"url\":\"https:\\\/\\\/radioljubuski.ba\\\/\",\"name\":\"Radio Ljubu\u0161ki\",\"description\":\"Sun\u010dana frekvencija Hercegovine\",\"publisher\":{\"@id\":\"https:\\\/\\\/radioljubuski.ba\\\/#organization\"},\"potentialAction\":[{\"@type\":\"SearchAction\",\"target\":{\"@type\":\"EntryPoint\",\"urlTemplate\":\"https:\\\/\\\/radioljubuski.ba\\\/?s={search_term_string}\"},\"query-input\":{\"@type\":\"PropertyValueSpecification\",\"valueRequired\":true,\"valueName\":\"search_term_string\"}}],\"inLanguage\":\"hr\"},{\"@type\":\"Organization\",\"@id\":\"https:\\\/\\\/radioljubuski.ba\\\/#organization\",\"name\":\"Radio Ljubu\u0161ki\",\"url\":\"https:\\\/\\\/radioljubuski.ba\\\/\",\"logo\":{\"@type\":\"ImageObject\",\"inLanguage\":\"hr\",\"@id\":\"https:\\\/\\\/radioljubuski.ba\\\/#\\\/schema\\\/logo\\\/image\\\/\",\"url\":\"https:\\\/\\\/radioljubuski.ba\\\/wp-content\\\/uploads\\\/2021\\\/02\\\/cropped-Radio_Ljubuski_logo1.jpg\",\"contentUrl\":\"https:\\\/\\\/radioljubuski.ba\\\/wp-content\\\/uploads\\\/2021\\\/02\\\/cropped-Radio_Ljubuski_logo1.jpg\",\"width\":512,\"height\":512,\"caption\":\"Radio Ljubu\u0161ki\"},\"image\":{\"@id\":\"https:\\\/\\\/radioljubuski.ba\\\/#\\\/schema\\\/logo\\\/image\\\/\"},\"sameAs\":[\"https:\\\/\\\/www.facebook.com\\\/Radiio-Ljubuski-1490835324566332\",\"https:\\\/\\\/x.com\\\/radioljubuski\",\"https:\\\/\\\/hr.linkedin.com\\\/company\\\/radio-ljubuski\",\"https:\\\/\\\/www.youtube.com\\\/channel\\\/UCHYaeO_n0Db3tjNGudGpXyw\"]},{\"@type\":\"Person\",\"@id\":\"https:\\\/\\\/radioljubuski.ba\\\/#\\\/schema\\\/person\\\/19fc700381a780f69665d7956c469e3b\",\"name\":\"Radio Ljubu\u0161ki\"}]}<\/script>\n<!-- \/ Yoast SEO plugin. -->","yoast_head_json":{"title":"Fotka s pla\u017ee iz 70-ih podigla buru: Lije\u010dnica objasnila \u0161to se promijenilo - RADIO LJUBU\u0160KI","robots":{"index":"index","follow":"follow","max-snippet":"max-snippet:-1","max-image-preview":"max-image-preview:large","max-video-preview":"max-video-preview:-1"},"canonical":"https:\/\/radioljubuski.ba\/index.php\/2022\/05\/26\/fotka-s-plaze-iz-70-ih-podigla-buru-lijecnica-objasnila-sto-se-promijenilo\/","og_locale":"hr_HR","og_type":"article","og_title":"Fotka s pla\u017ee iz 70-ih podigla buru: Lije\u010dnica objasnila \u0161to se promijenilo - RADIO LJUBU\u0160KI","og_description":"Prizor na pla\u017ei danas i prije 50-ak godina dvije su dijametralne suprotnosti. 1970-ih godina pro\u0161log stolje\u0107a na pla\u017eama su svi bili vitki, bez kilograma vi\u0161ka. Lijepi, zgodni i preplanuli. Danas su svi nekako &#8216;nabujali&#8217;. Fotografija ljudi koji hodaju u kupa\u0107im kostimima i ljetnim haljinama, sa samo dvojicom &#8220;odjevenih&#8221; mu\u0161karaca, koji su o\u010dito bili prisiljeni nositi [&hellip;]","og_url":"https:\/\/radioljubuski.ba\/index.php\/2022\/05\/26\/fotka-s-plaze-iz-70-ih-podigla-buru-lijecnica-objasnila-sto-se-promijenilo\/","og_site_name":"RADIO LJUBU\u0160KI","article_publisher":"https:\/\/www.facebook.com\/Radiio-Ljubuski-1490835324566332","article_published_time":"2022-05-26T13:32:08+00:00","article_modified_time":"2022-05-26T13:32:27+00:00","og_image":[{"width":837,"height":526,"url":"https:\/\/radioljubuski.ba\/wp-content\/uploads\/2022\/05\/123.png","type":"image\/png"}],"author":"Radio Ljubu\u0161ki","twitter_card":"summary_large_image","twitter_creator":"@radioljubuski","twitter_site":"@radioljubuski","twitter_misc":{"Napisao\/la":"Radio Ljubu\u0161ki","Procijenjeno vrijeme \u010ditanja":"2 minute"},"schema":{"@context":"https:\/\/schema.org","@graph":[{"@type":"Article","@id":"https:\/\/radioljubuski.ba\/index.php\/2022\/05\/26\/fotka-s-plaze-iz-70-ih-podigla-buru-lijecnica-objasnila-sto-se-promijenilo\/#article","isPartOf":{"@id":"https:\/\/radioljubuski.ba\/index.php\/2022\/05\/26\/fotka-s-plaze-iz-70-ih-podigla-buru-lijecnica-objasnila-sto-se-promijenilo\/"},"author":{"name":"Radio Ljubu\u0161ki","@id":"https:\/\/radioljubuski.ba\/#\/schema\/person\/19fc700381a780f69665d7956c469e3b"},"headline":"Fotka s pla\u017ee iz 70-ih podigla buru: Lije\u010dnica objasnila \u0161to se promijenilo","datePublished":"2022-05-26T13:32:08+00:00","dateModified":"2022-05-26T13:32:27+00:00","mainEntityOfPage":{"@id":"https:\/\/radioljubuski.ba\/index.php\/2022\/05\/26\/fotka-s-plaze-iz-70-ih-podigla-buru-lijecnica-objasnila-sto-se-promijenilo\/"},"wordCount":487,"publisher":{"@id":"https:\/\/radioljubuski.ba\/#organization"},"image":{"@id":"https:\/\/radioljubuski.ba\/index.php\/2022\/05\/26\/fotka-s-plaze-iz-70-ih-podigla-buru-lijecnica-objasnila-sto-se-promijenilo\/#primaryimage"},"thumbnailUrl":"https:\/\/radioljubuski.ba\/wp-content\/uploads\/2022\/05\/123.png","articleSection":["BIH i regija"],"inLanguage":"hr"},{"@type":"WebPage","@id":"https:\/\/radioljubuski.ba\/index.php\/2022\/05\/26\/fotka-s-plaze-iz-70-ih-podigla-buru-lijecnica-objasnila-sto-se-promijenilo\/","url":"https:\/\/radioljubuski.ba\/index.php\/2022\/05\/26\/fotka-s-plaze-iz-70-ih-podigla-buru-lijecnica-objasnila-sto-se-promijenilo\/","name":"Fotka s pla\u017ee iz 70-ih podigla buru: Lije\u010dnica objasnila \u0161to se promijenilo - RADIO LJUBU\u0160KI","isPartOf":{"@id":"https:\/\/radioljubuski.ba\/#website"},"primaryImageOfPage":{"@id":"https:\/\/radioljubuski.ba\/index.php\/2022\/05\/26\/fotka-s-plaze-iz-70-ih-podigla-buru-lijecnica-objasnila-sto-se-promijenilo\/#primaryimage"},"image":{"@id":"https:\/\/radioljubuski.ba\/index.php\/2022\/05\/26\/fotka-s-plaze-iz-70-ih-podigla-buru-lijecnica-objasnila-sto-se-promijenilo\/#primaryimage"},"thumbnailUrl":"https:\/\/radioljubuski.ba\/wp-content\/uploads\/2022\/05\/123.png","datePublished":"2022-05-26T13:32:08+00:00","dateModified":"2022-05-26T13:32:27+00:00","breadcrumb":{"@id":"https:\/\/radioljubuski.ba\/index.php\/2022\/05\/26\/fotka-s-plaze-iz-70-ih-podigla-buru-lijecnica-objasnila-sto-se-promijenilo\/#breadcrumb"},"inLanguage":"hr","potentialAction":[{"@type":"ReadAction","target":["https:\/\/radioljubuski.ba\/index.php\/2022\/05\/26\/fotka-s-plaze-iz-70-ih-podigla-buru-lijecnica-objasnila-sto-se-promijenilo\/"]}]},{"@type":"ImageObject","inLanguage":"hr","@id":"https:\/\/radioljubuski.ba\/index.php\/2022\/05\/26\/fotka-s-plaze-iz-70-ih-podigla-buru-lijecnica-objasnila-sto-se-promijenilo\/#primaryimage","url":"https:\/\/radioljubuski.ba\/wp-content\/uploads\/2022\/05\/123.png","contentUrl":"https:\/\/radioljubuski.ba\/wp-content\/uploads\/2022\/05\/123.png","width":837,"height":526},{"@type":"BreadcrumbList","@id":"https:\/\/radioljubuski.ba\/index.php\/2022\/05\/26\/fotka-s-plaze-iz-70-ih-podigla-buru-lijecnica-objasnila-sto-se-promijenilo\/#breadcrumb","itemListElement":[{"@type":"ListItem","position":1,"name":"Po\u010detna stranica","item":"https:\/\/radioljubuski.ba\/"},{"@type":"ListItem","position":2,"name":"Fotka s pla\u017ee iz 70-ih podigla buru: Lije\u010dnica objasnila \u0161to se promijenilo"}]},{"@type":"WebSite","@id":"https:\/\/radioljubuski.ba\/#website","url":"https:\/\/radioljubuski.ba\/","name":"Radio Ljubu\u0161ki","description":"Sun\u010dana frekvencija Hercegovine","publisher":{"@id":"https:\/\/radioljubuski.ba\/#organization"},"potentialAction":[{"@type":"SearchAction","target":{"@type":"EntryPoint","urlTemplate":"https:\/\/radioljubuski.ba\/?s={search_term_string}"},"query-input":{"@type":"PropertyValueSpecification","valueRequired":true,"valueName":"search_term_string"}}],"inLanguage":"hr"},{"@type":"Organization","@id":"https:\/\/radioljubuski.ba\/#organization","name":"Radio Ljubu\u0161ki","url":"https:\/\/radioljubuski.ba\/","logo":{"@type":"ImageObject","inLanguage":"hr","@id":"https:\/\/radioljubuski.ba\/#\/schema\/logo\/image\/","url":"https:\/\/radioljubuski.ba\/wp-content\/uploads\/2021\/02\/cropped-Radio_Ljubuski_logo1.jpg","contentUrl":"https:\/\/radioljubuski.ba\/wp-content\/uploads\/2021\/02\/cropped-Radio_Ljubuski_logo1.jpg","width":512,"height":512,"caption":"Radio Ljubu\u0161ki"},"image":{"@id":"https:\/\/radioljubuski.ba\/#\/schema\/logo\/image\/"},"sameAs":["https:\/\/www.facebook.com\/Radiio-Ljubuski-1490835324566332","https:\/\/x.com\/radioljubuski","https:\/\/hr.linkedin.com\/company\/radio-ljubuski","https:\/\/www.youtube.com\/channel\/UCHYaeO_n0Db3tjNGudGpXyw"]},{"@type":"Person","@id":"https:\/\/radioljubuski.ba\/#\/schema\/person\/19fc700381a780f69665d7956c469e3b","name":"Radio Ljubu\u0161ki"}]}},"_links":{"self":[{"href":"https:\/\/radioljubuski.ba\/index.php\/wp-json\/wp\/v2\/posts\/144272","targetHints":{"allow":["GET"]}}],"collection":[{"href":"https:\/\/radioljubuski.ba\/index.php\/wp-json\/wp\/v2\/posts"}],"about":[{"href":"https:\/\/radioljubuski.ba\/index.php\/wp-json\/wp\/v2\/types\/post"}],"author":[{"embeddable":true,"href":"https:\/\/radioljubuski.ba\/index.php\/wp-json\/wp\/v2\/users\/2"}],"replies":[{"embeddable":true,"href":"https:\/\/radioljubuski.ba\/index.php\/wp-json\/wp\/v2\/comments?post=144272"}],"version-history":[{"count":2,"href":"https:\/\/radioljubuski.ba\/index.php\/wp-json\/wp\/v2\/posts\/144272\/revisions"}],"predecessor-version":[{"id":144275,"href":"https:\/\/radioljubuski.ba\/index.php\/wp-json\/wp\/v2\/posts\/144272\/revisions\/144275"}],"wp:featuredmedia":[{"embeddable":true,"href":"https:\/\/radioljubuski.ba\/index.php\/wp-json\/wp\/v2\/media\/144273"}],"wp:attachment":[{"href":"https:\/\/radioljubuski.ba\/index.php\/wp-json\/wp\/v2\/media?parent=144272"}],"wp:term":[{"taxonomy":"category","embeddable":true,"href":"https:\/\/radioljubuski.ba\/index.php\/wp-json\/wp\/v2\/categories?post=144272"},{"taxonomy":"post_tag","embeddable":true,"href":"https:\/\/radioljubuski.ba\/index.php\/wp-json\/wp\/v2\/tags?post=144272"}],"curies":[{"name":"wp","href":"https:\/\/api.w.org\/{rel}","templated":true}]}}