{"id":144276,"date":"2022-05-26T19:46:52","date_gmt":"2022-05-26T18:46:52","guid":{"rendered":"https:\/\/radioljubuski.ba\/?p=144276"},"modified":"2022-05-29T22:14:47","modified_gmt":"2022-05-29T21:14:47","slug":"svecano-otvoren-drugi-ljubuski-outdoor-festival","status":"publish","type":"post","link":"https:\/\/radioljubuski.ba\/index.php\/2022\/05\/26\/svecano-otvoren-drugi-ljubuski-outdoor-festival\/","title":{"rendered":"Sve\u010dano otvoren drugi Ljubu\u0161ki Outdoor Festival &#8211; audio i foto"},"content":{"rendered":"\n<p>Drugi Ljubu\u0161ki Outdoor Festival danas je sve\u010dano otvoren u Kulturnom centru u Ljubu\u0161kom.<\/p>\n\n\n\n<p>Pred velikim brojem posjetitelja, uglavnom zaljubljenika u razne sportske aktivnosti na otvorenom, prvi se nazo\u010dnima obratio gradona\u010delnik Vedran Markoti\u0107 koji je istaknuo kako nas o\u010dekuju \u010detiri prekrasna dana u Ljubu\u0161kom.<\/p>\n\n\n\n<p>Na platou vodopada Kravica biti \u0107e postavljeni razni \u0161tandovi, kao i pro\u0161le godine posjetitelji \u0107e se mo\u0107i pobli\u017ee upoznati sa raznim aktivnostima koje se nude u Ljubu\u0161kom, spremaju se sjajne svirke, a natjecatelji koji pristi\u017eu iz \u010ditave regije testirat \u0107e svoje sportske granice u tr\u010danju, bicikliranju i pilotiranju paragliderom i pritom se odli\u010dno zabaviti.<\/p>\n\n\n\n<p>\u201e<em>Zahvaljujem svima na dolasku, u\u017eivajte u Ljubu\u0161kom! Ovo polako postaje tradicija, krenuli smo u lo\u0161e vrijeme &#8211; vrijeme pandemije. Sada se polako vra\u0107amo u normalu, \u010dekaju nas \u010detiri prekrasna dana u Ljubu\u0161kom, \u017eelim vam dobrodo\u0161licu od srca\u201c, <\/em>poru\u010dio je Markoti\u0107 okupljenima u Kulturnom centru, me\u0111u kojima je bilo i natjecatelja sa svih strana. Posebnu pa\u017enju plijenila je grupa \u010ceha, koji su ve\u0107 ve\u010deras pokazali svoj sportski duh. Kako je istaknula voditeljica programa Bjanka Medi\u0107, stigli su biciklima iz Mostara u Ljubu\u0161ki.<\/p>\n\n\n\n<figure class=\"wp-block-image\"><img decoding=\"async\" src=\"https:\/\/scontent-vie1-1.xx.fbcdn.net\/v\/t39.30808-6\/283686414_10160441072625101_5930940110103275314_n.jpg?_nc_cat=108&amp;ccb=1-7&amp;_nc_sid=730e14&amp;_nc_eui2=AeH59kmo87jEduRu6U3comkhysokxzKz7HfKyiTHMrPsd7nWfJYC3l8Z7LfguljPMPoDEmu20H-6z7Qg-zu3Lpr6&amp;_nc_ohc=lyMSw09e4pIAX-89PjN&amp;_nc_oc=AQl4gMkWccPY3ZYNsXGqxSg8rSft43VuHY9JkAtSvA-u1lu9TdYzyfwFSGPJ7FJEK1U&amp;tn=1vYcS18zQsk1jGN2&amp;_nc_ht=scontent-vie1-1.xx&amp;oh=00_AT9G79P5PPO0xL8VAUWZlG-G_XNyQ11Q7ZAWIBWzIfDnJg&amp;oe=6293F0B7\" alt=\"Mo\u017ee biti slika sljede\u0107eg: 11 ljudi, ljudi stoje i u zatvorenom\"\/><\/figure>\n\n\n\n<iframe src=\"https:\/\/drive.google.com\/file\/d\/1ovzC-DXFTz77S3F372M9Gj5ny4AzFU42\/preview\" style=\"width: 100%; height: 100px;\"><\/iframe>\n\n\n\n<p>Nakon govora gradona\u010delnika Markoti\u0107a, rije\u010d je za pozornicom preuzeo direktor JP Parkovi Nikica Vu\u010di\u0107, koji je istaknuo kako LJOF okuplja i promovira sve ono najbolje \u0161to imamo.<\/p>\n\n\n\n<p>\u201e<em>Ljubu\u0161ki outdoor festival okuplja mnoge aktiviste iz svijeta \u0161porta i rekreacije i najbolja je mogu\u0107a promocija aktivnog turizma u Ljubu\u0161kom\u201c, <\/em>istaknuo je Vu\u010di\u0107 koji je ujedno i zahvalio mnogobrojnim sponzorima, a \u010dije su se reklame danas mogle vidjeti u Kulturnom centru.<\/p>\n\n\n\n<figure class=\"wp-block-image\"><img decoding=\"async\" src=\"https:\/\/scontent-vie1-1.xx.fbcdn.net\/v\/t39.30808-6\/281474702_10160441072905101_8330036271239005671_n.jpg?_nc_cat=108&amp;ccb=1-7&amp;_nc_sid=730e14&amp;_nc_eui2=AeE4Uj26qz3oflz5tk92fjPAvsgXR9yVrra-yBdH3JWutqpyev93rMU9TwJniSSbrQ9nGtQUmqLidXESoff0QWI3&amp;_nc_ohc=0-92fGQvO1gAX96vjAZ&amp;tn=1vYcS18zQsk1jGN2&amp;_nc_ht=scontent-vie1-1.xx&amp;oh=00_AT-grBDvrdsMuJKVBXixZhpQekQ1srgLWfgKt48bpNUkvQ&amp;oe=6295928E\" alt=\"Mo\u017ee biti slika sljede\u0107eg: 9 ljudi, ljudi stoje i u zatvorenom\"\/><\/figure>\n\n\n\n<iframe src=\"https:\/\/drive.google.com\/file\/d\/19VtdSf7ByPEMqoe9CASBSGNg18W9-zKI\/preview\" style=\"width: 100%; height: 100px;\"><\/iframe>\n\n\n\n<p>Voditeljica Bjanka Medi\u0107 potom je predstavila i ostale organizatore, a nakon \u0161to je Ante Ili\u0107 iz &#8220;Parkova&#8221; ukratko predstavio program, rije\u010d su preuzeli predstavnici klubova, ljubu\u0161ki biciklisti, trka\u010di, paraglideri. &nbsp;<\/p>\n\n\n\n<figure class=\"wp-block-image\"><img decoding=\"async\" src=\"https:\/\/scontent-vie1-1.xx.fbcdn.net\/v\/t39.30808-6\/281580992_10160441073535101_5510273074273504838_n.jpg?_nc_cat=106&amp;ccb=1-7&amp;_nc_sid=730e14&amp;_nc_eui2=AeHeIfGu67T8hcqUlSfzMWz8utY0FiLrhka61jQWIuuGRr8F8b6MoXs5LQ_xS5zr-336cOZmXVdyipMvqH4NEdt6&amp;_nc_ohc=T8AEjtgpsBcAX_j1xy-&amp;_nc_ht=scontent-vie1-1.xx&amp;oh=00_AT_Sbl5hQpYVaSoTfy2q8ptr3UoO4M1Q20MjBUJKYuNAsQ&amp;oe=6293F674\" alt=\"Mo\u017ee biti slika sljede\u0107eg: 2 ljudi, ljudi stoje i u zatvorenom\"\/><\/figure>\n\n\n\n<iframe src=\"https:\/\/drive.google.com\/file\/d\/1E9W4e4dGTuMY-U-7tDw29R2F3xv75hzR\/preview\" style=\"width: 100%; height: 100px;\"><\/iframe>\n\n\n\n<p>Mirko Luburi\u0107 je u ime Biciklisti\u010dkog kluba Ljubu\u0161ki rekao par rije\u010di o njihovim disciplinama.<\/p>\n\n\n\n<p>\u201e<em>Biciklisti\u010dke utrke se boduju za Premier ligu BiH. Utrke po\u010dinju u nedjelju u 11 sati. Biciklisti\u010dka utrka &#8220;Stipe&#8221; je malo te\u017eeg karaktera i ona je za malo hrabrije voza\u010de. Ide preko brda Butorovice i obilazi sve biciklisti\u010dke staze koje smo radili zadnjih par godina. Prolazi pokraj kule herceg Stjepana i spu\u0161ta se na Humac i susre\u0107e se s Trebi\u017eatom i logorom na Gra\u010dinama nakon \u010dega se ide za Kravicu. Utrk &#8220;Mara&#8221; je vi\u0161e rekreativnog karaktera. Duga je 21 kilometar i svatko je mo\u017ee odvoziti\u201c, <\/em>objasnio je Luburi\u0107.<\/p>\n\n\n\n<figure class=\"wp-block-image\"><img decoding=\"async\" src=\"https:\/\/scontent-vie1-1.xx.fbcdn.net\/v\/t39.30808-6\/283625610_10160441074325101_7467582573858091227_n.jpg?_nc_cat=103&amp;ccb=1-7&amp;_nc_sid=730e14&amp;_nc_eui2=AeGzSnUoyU7cR0eXZzSylSvGDf6gqSHyyhEN_qCpIfLKEYgCR-0sjiCoLrMqxalt9Y2MUlQK4JNArQBoqOCQH322&amp;_nc_ohc=9A63-utTd3UAX_Apkpb&amp;_nc_ht=scontent-vie1-1.xx&amp;oh=00_AT8FThT8ba2RguhPS9jB5jvQtDEds5oQegfh3a5Ekx2qtw&amp;oe=629497F1\" alt=\"Mo\u017ee biti slika sljede\u0107eg: 3 ljudi, ljudi stoje i u zatvorenom\"\/><\/figure>\n\n\n\n<iframe src=\"https:\/\/drive.google.com\/file\/d\/1cRUKh2U6NYgcH1ycT3vXp0d0k3S6zyaO\/preview\" style=\"width: 100%; height: 100px;\"><\/iframe>\n\n\n\n<p>Koliko se naporno radi na organizaciji pokazuje i to kako je Luburi\u0107 na sve\u010danost otvaranja stigao u zadnji tren, sve do ve\u010deras \u010dlanovi BK Ljubu\u0161ki su radili na ozna\u010davanju staza kako bi biciklisti u Ljubu\u0161kom imali \u0161to bolje uvjete za vo\u017enju.<\/p>\n\n\n\n<p>Ivan \u0160iljeg, tajnik Paragliding kluba Ljubu\u0161ki je istaknuo kako pomno prate prognoze, a trenuta\u010dne najave su da \u0107e ih vrijeme poslu\u017eiti te \u0107emo mo\u0107i u\u017eivati u prizorima paraglidera na ljubu\u0161kom nebu.<\/p>\n\n\n\n<p>\u201e<em>Lete\u0107i program starta u subotu. Zasad vremenska prognoza izgleda jako dobro i nadam se da \u0107emo imati super dan i super spektakl. Molim vas da vas \u0161to vi\u0161e do\u0111e i isprati &nbsp;natjecanje u preciznom slijetanju. Kre\u0107emo u subotu u 8.30 ujutro sa brifingom gdje se okupljamo s pilotima i upoznajemo ih s planom, vozimo se Pinzgauerima na poleti\u0161te \u0161to nam je omogu\u0107ila \u201eHercegovina GO\u201c, potom kre\u0107e serija sletova. Piloti \u0107e polijetati jedan za drugim, a ve\u0107 u 10 do 11 ujutro mogu se o\u010dekivati prva slijetanja. Do\u0111ite, napominjem da \u0107e na sleti\u0161tu bili hrane i pi\u0107a \u0161to nam je omogu\u0107io \u201eOhio\u201c, tako da ne\u0107ete biti ni gladni ni \u017eedni, a mo\u0107i \u0107ete u\u017eivati u gledanju slijetanja paraglidera&#8230;\u201c,<\/em> istaknuo je \u0160iljeg.<\/p>\n\n\n\n<figure class=\"wp-block-image\"><img decoding=\"async\" src=\"https:\/\/scontent-vie1-1.xx.fbcdn.net\/v\/t39.30808-6\/281640735_10160441075080101_8744168429255779031_n.jpg?_nc_cat=105&amp;ccb=1-7&amp;_nc_sid=730e14&amp;_nc_eui2=AeEuRNUBRukI2qdl0Ff6e-h2L8EsesGNhKMvwSx6wY2Eo8jhtw5HfGXgdDid-MeagPXNHHlIOJF3p-YkLVNpeuXe&amp;_nc_ohc=CozDklsB61QAX_ZjcrK&amp;_nc_ht=scontent-vie1-1.xx&amp;oh=00_AT8rKAw22Fm-umvLIA3uLH7NqKGaZiYOKbrCf75d2r5NyA&amp;oe=62948922\" alt=\"Mo\u017ee biti slika sljede\u0107eg: 3 ljudi, ljudi stoje i u zatvorenom\"\/><\/figure>\n\n\n\n<iframe src=\"https:\/\/drive.google.com\/file\/d\/1lr8L8xdlVz4RQCInCkzdmww42v4qLp0D\/preview\" style=\"width: 100%; height: 100px;\"><\/iframe>\n\n\n\n<p>Vladimir Pokraj\u010di\u0107 iz Hrvatskog atletskog kluba Ljubu\u0161ki je predstavio trka\u010dki dio programa te je istaknuo kako su imali puno pohvala za trka\u010dki dio programa pro\u0161le godine. Truditi \u0107e se ove godine to podignuti za ljestvicu vi\u0161e. &nbsp;<\/p>\n\n\n\n<p>\u201e<em>Imamo osam dje\u010djih utrka u mu\u0161koj i \u017eenskoj konkurenciji, od pred\u0161kolskog uzrasta do devetog razreda osnovne \u0161kole i ovaj dio \u0107e se odr\u017eati u petak na platou vodopada Kravica,&nbsp; a u subotu kre\u0107e glavni dio trka\u010dkog programa, utrke na 10,6 kilometara i utrka od 21,1 kilometara&#8221;,<\/em> rekao je Pokraj\u010di\u0107 koji je istaknuo kako su i ove godine svoj dolazak u Ljubu\u0161ki najavila brojna zvu\u010dna trka\u010dka imena.<\/p>\n\n\n\n<p><em>\u201ePro\u0161le godine smo imali jednu solidnu konkurenciju, ove godine to ide nabolje, konkurencija raste i ja\u010da. Bit \u0107e dogodine jo\u0161 bolje, broj natjecatelja \u0107e samo rasti\u201c,<\/em> optimisti\u010dan je Pokraj\u010di\u0107.<\/p>\n\n\n\n<figure class=\"wp-block-image\"><img decoding=\"async\" src=\"https:\/\/scontent-vie1-1.xx.fbcdn.net\/v\/t39.30808-6\/281749435_10160441074045101_3665558451167660143_n.jpg?_nc_cat=103&amp;ccb=1-7&amp;_nc_sid=730e14&amp;_nc_eui2=AeH6G4Z1mT-kFGs94aHecLlqLOg2fMWx0mIs6DZ8xbHSYjzHDT73JNK9zw1N1Xe35vc0bI847asr66_V6TMYlPLN&amp;_nc_ohc=a2VsAts1ebgAX8QLM7z&amp;_nc_ht=scontent-vie1-1.xx&amp;oh=00_AT9EKnUiR85Q4e0YfYpmSAUCazRLvDg-H5BEzn71Y-AAQw&amp;oe=6293F9B6\" alt=\"Mo\u017ee biti slika sljede\u0107eg: 3 ljudi, ljudi stoje i u zatvorenom\"\/><\/figure>\n\n\n\n<iframe src=\"https:\/\/drive.google.com\/file\/d\/1KQHG37aVdW2mkUZYsSA5g0k16FnmlqKg\/preview\" style=\"width: 100%; height: 100px;\"><\/iframe>\n\n\n\n<p>Nakon pozdravnih govora uslijedila je Outdoor tribina na temu \u201eSigurno kretanje u prirodi\u201c koju je vodila Nives Batista iz GSS-a Ljubu\u0161ki, a govorili su poznati planinari iz Ljubu\u0161kog i regije, a za sve posjetitelje bio je organiziran i prigodni domjenak.<\/p>\n\n\n\n<p>Fotogaleriju s otvaranja pogledajte <a href=\"https:\/\/www.facebook.com\/permalink.php?story_fbid=pfbid0ZssSY5JNCQQFqK8FdSKZYC5KYLUN9YFAkGURgvCdTkb1Q65SK6X73j3KSLB8qVBMl&amp;id=168112865100\">OVDJE<\/a><\/p>\n\n\n\n<iframe loading=\"lazy\" src=\"https:\/\/www.facebook.com\/plugins\/post.php?href=https%3A%2F%2Fwww.facebook.com%2F168112865100%2Fphotos%2Fa.10150643838265101%2F10160441071685101%2F%3Ftype%3D3%26av%3D168112865100%26eav%3DAfahETq53h_eGIaVeN6T8-ObNG3cuT_KJPB3-8DmSP3a4_8DHi-vdx5ARI0J2r_BcUo&amp;show_text=true&amp;width=500\" width=\"500\" height=\"333\" style=\"border:none;overflow:hidden\" scrolling=\"no\" frameborder=\"0\" allowfullscreen=\"true\" allow=\"autoplay; clipboard-write; encrypted-media; picture-in-picture; web-share\"><\/iframe>\n\n\n\n<iframe loading=\"lazy\" src=\"https:\/\/www.facebook.com\/plugins\/post.php?href=https%3A%2F%2Fwww.facebook.com%2Fljubuskioutdoor%2Fphotos%2Fa.151103416450575%2F551237289770517%2F%3Ftype%3D3&amp;show_text=true&amp;width=500\" width=\"500\" height=\"375\" style=\"border:none;overflow:hidden\" scrolling=\"no\" frameborder=\"0\" allowfullscreen=\"true\" allow=\"autoplay; clipboard-write; encrypted-media; picture-in-picture; web-share\"><\/iframe>\n\n\n\n<iframe loading=\"lazy\" src=\"https:\/\/www.facebook.com\/plugins\/video.php?height=315&#038;href=https%3A%2F%2Fwww.facebook.com%2Fljubuskioutdoor%2Fvideos%2F5086037918170179%2F&#038;show_text=false&#038;width=560&#038;t=0\" width=\"560\" height=\"315\" style=\"border:none;overflow:hidden\" scrolling=\"no\" frameborder=\"0\" allowfullscreen=\"true\" allow=\"autoplay; clipboard-write; encrypted-media; picture-in-picture; web-share\" allowFullScreen=\"true\"><\/iframe>\n\n\n\n<p>PROGRAM<\/p>\n\n\n\n<p><strong>PETAK 27. SVIBNJA 2022 \u2013 Grad Ljubu\u0161ki \/ Vodopad Kravica<\/strong><\/p>\n\n\n\n<p>\u2013 12:00 h \u2013 Memorijalna utrka kanuima \u017darko Bili\u0107 \/ Po\u010detak Outdoor sajma<\/p>\n\n\n\n<p>\u2013 16:00 h \u2013 Dje\u010dje utrke u biciklizmu i tr\u010danju<\/p>\n\n\n\n<p>\u2013 20:00 h \u2013 Glazbeni program: Bendovi glazbene \u0161kole Ljubu\u0161ki i Jazz Kvartet Birdland<\/p>\n\n\n\n<p><strong>Subota 28. SVIBNJA 2022 \u2013 Grad Ljubu\u0161ki \/ Vodopad Kravica<\/strong><\/p>\n\n\n\n<p>\u2013 12:00 h \u2013 Po\u010detak outdoor sajma<\/p>\n\n\n\n<p>\u2013 09:00 h \u2013 Natjecanje u paragliding preciznom slijetanju \u201cKosa\u010da\u201d<\/p>\n\n\n\n<p>\u2013 17:30 h \u2013 Polumaraton Dva Slapa<\/p>\n\n\n\n<p>\u2013 18:30 h \u2013 Ljubu\u0161ka desetka \u201cScunasticus\u201d<\/p>\n\n\n\n<p>\u2013 21:00 h \u2013 Glazbeni program: Bend ZOSTER i bend NOA&amp;Funkblasters<\/p>\n\n\n\n<p><strong>Nedjelja 29. SVIBNJA 2022 \u2013 Grad Ljubu\u0161ki \/ Vodopad Kravica<\/strong><\/p>\n\n\n\n<p>\u2013 10:00 h \u2013 Biciklisti\u010dke utrke \u201cSTIPE\u201d i \u201cMARA\u201d<\/p>\n\n\n\n<p>\u2013 12:00 h \u2013 Po\u010detak outdoor sajma<\/p>\n\n\n\n<p>\u2013 19:00h \u2013 \u201cVINYL NIGHT \u201d<\/p>\n\n\n\n<p><\/p>\n\n\n\n<p><strong>Ivan Herceg \/ Radio Ljubu\u0161ki  <\/strong><\/p>\n","protected":false},"excerpt":{"rendered":"<p>Drugi Ljubu\u0161ki Outdoor Festival danas je sve\u010dano otvoren u Kulturnom centru u Ljubu\u0161kom. Pred velikim brojem posjetitelja, uglavnom zaljubljenika u razne sportske aktivnosti na otvorenom, prvi se nazo\u010dnima obratio gradona\u010delnik Vedran Markoti\u0107 koji je istaknuo kako nas o\u010dekuju \u010detiri prekrasna dana u Ljubu\u0161kom. Na platou vodopada Kravica biti \u0107e postavljeni razni \u0161tandovi, kao i pro\u0161le [&hellip;]<\/p>\n","protected":false},"author":2,"featured_media":144277,"comment_status":"closed","ping_status":"closed","sticky":false,"template":"","format":"standard","meta":{"h5ap_radio_sources":[],"footnotes":""},"categories":[8],"tags":[],"class_list":["post-144276","post","type-post","status-publish","format-standard","has-post-thumbnail","hentry","category-rlj-audio"],"yoast_head":"<!-- This site is optimized with the Yoast SEO plugin v27.5 - https:\/\/yoast.com\/product\/yoast-seo-wordpress\/ -->\n<title>Sve\u010dano otvoren drugi Ljubu\u0161ki Outdoor Festival - audio i foto - RADIO LJUBU\u0160KI<\/title>\n<meta name=\"robots\" content=\"index, follow, max-snippet:-1, max-image-preview:large, max-video-preview:-1\" \/>\n<link rel=\"canonical\" href=\"https:\/\/radioljubuski.ba\/index.php\/2022\/05\/26\/svecano-otvoren-drugi-ljubuski-outdoor-festival\/\" \/>\n<meta property=\"og:locale\" content=\"hr_HR\" \/>\n<meta property=\"og:type\" content=\"article\" \/>\n<meta property=\"og:title\" content=\"Sve\u010dano otvoren drugi Ljubu\u0161ki Outdoor Festival - audio i foto - RADIO LJUBU\u0160KI\" \/>\n<meta property=\"og:description\" content=\"Drugi Ljubu\u0161ki Outdoor Festival danas je sve\u010dano otvoren u Kulturnom centru u Ljubu\u0161kom. Pred velikim brojem posjetitelja, uglavnom zaljubljenika u razne sportske aktivnosti na otvorenom, prvi se nazo\u010dnima obratio gradona\u010delnik Vedran Markoti\u0107 koji je istaknuo kako nas o\u010dekuju \u010detiri prekrasna dana u Ljubu\u0161kom. Na platou vodopada Kravica biti \u0107e postavljeni razni \u0161tandovi, kao i pro\u0161le [&hellip;]\" \/>\n<meta property=\"og:url\" content=\"https:\/\/radioljubuski.ba\/index.php\/2022\/05\/26\/svecano-otvoren-drugi-ljubuski-outdoor-festival\/\" \/>\n<meta property=\"og:site_name\" content=\"RADIO LJUBU\u0160KI\" \/>\n<meta property=\"article:publisher\" content=\"https:\/\/www.facebook.com\/Radiio-Ljubuski-1490835324566332\" \/>\n<meta property=\"article:published_time\" content=\"2022-05-26T18:46:52+00:00\" \/>\n<meta property=\"article:modified_time\" content=\"2022-05-29T21:14:47+00:00\" \/>\n<meta property=\"og:image\" content=\"https:\/\/radioljubuski.ba\/wp-content\/uploads\/2022\/05\/ljof-tiribina.jpg\" \/>\n\t<meta property=\"og:image:width\" content=\"2048\" \/>\n\t<meta property=\"og:image:height\" content=\"1367\" \/>\n\t<meta property=\"og:image:type\" content=\"image\/jpeg\" \/>\n<meta name=\"author\" content=\"Radio Ljubu\u0161ki\" \/>\n<meta name=\"twitter:card\" content=\"summary_large_image\" \/>\n<meta name=\"twitter:creator\" content=\"@radioljubuski\" \/>\n<meta name=\"twitter:site\" content=\"@radioljubuski\" \/>\n<meta name=\"twitter:label1\" content=\"Napisao\/la\" \/>\n\t<meta name=\"twitter:data1\" content=\"Radio Ljubu\u0161ki\" \/>\n\t<meta name=\"twitter:label2\" content=\"Procijenjeno vrijeme \u010ditanja\" \/>\n\t<meta name=\"twitter:data2\" content=\"5 minuta\" \/>\n<script type=\"application\/ld+json\" class=\"yoast-schema-graph\">{\"@context\":\"https:\\\/\\\/schema.org\",\"@graph\":[{\"@type\":\"Article\",\"@id\":\"https:\\\/\\\/radioljubuski.ba\\\/index.php\\\/2022\\\/05\\\/26\\\/svecano-otvoren-drugi-ljubuski-outdoor-festival\\\/#article\",\"isPartOf\":{\"@id\":\"https:\\\/\\\/radioljubuski.ba\\\/index.php\\\/2022\\\/05\\\/26\\\/svecano-otvoren-drugi-ljubuski-outdoor-festival\\\/\"},\"author\":{\"name\":\"Radio Ljubu\u0161ki\",\"@id\":\"https:\\\/\\\/radioljubuski.ba\\\/#\\\/schema\\\/person\\\/19fc700381a780f69665d7956c469e3b\"},\"headline\":\"Sve\u010dano otvoren drugi Ljubu\u0161ki Outdoor Festival &#8211; audio i foto\",\"datePublished\":\"2022-05-26T18:46:52+00:00\",\"dateModified\":\"2022-05-29T21:14:47+00:00\",\"mainEntityOfPage\":{\"@id\":\"https:\\\/\\\/radioljubuski.ba\\\/index.php\\\/2022\\\/05\\\/26\\\/svecano-otvoren-drugi-ljubuski-outdoor-festival\\\/\"},\"wordCount\":956,\"publisher\":{\"@id\":\"https:\\\/\\\/radioljubuski.ba\\\/#organization\"},\"image\":{\"@id\":\"https:\\\/\\\/radioljubuski.ba\\\/index.php\\\/2022\\\/05\\\/26\\\/svecano-otvoren-drugi-ljubuski-outdoor-festival\\\/#primaryimage\"},\"thumbnailUrl\":\"https:\\\/\\\/radioljubuski.ba\\\/wp-content\\\/uploads\\\/2022\\\/05\\\/ljof-tiribina.jpg\",\"articleSection\":[\"RLJ Audio\"],\"inLanguage\":\"hr\"},{\"@type\":\"WebPage\",\"@id\":\"https:\\\/\\\/radioljubuski.ba\\\/index.php\\\/2022\\\/05\\\/26\\\/svecano-otvoren-drugi-ljubuski-outdoor-festival\\\/\",\"url\":\"https:\\\/\\\/radioljubuski.ba\\\/index.php\\\/2022\\\/05\\\/26\\\/svecano-otvoren-drugi-ljubuski-outdoor-festival\\\/\",\"name\":\"Sve\u010dano otvoren drugi Ljubu\u0161ki Outdoor Festival - audio i foto - RADIO LJUBU\u0160KI\",\"isPartOf\":{\"@id\":\"https:\\\/\\\/radioljubuski.ba\\\/#website\"},\"primaryImageOfPage\":{\"@id\":\"https:\\\/\\\/radioljubuski.ba\\\/index.php\\\/2022\\\/05\\\/26\\\/svecano-otvoren-drugi-ljubuski-outdoor-festival\\\/#primaryimage\"},\"image\":{\"@id\":\"https:\\\/\\\/radioljubuski.ba\\\/index.php\\\/2022\\\/05\\\/26\\\/svecano-otvoren-drugi-ljubuski-outdoor-festival\\\/#primaryimage\"},\"thumbnailUrl\":\"https:\\\/\\\/radioljubuski.ba\\\/wp-content\\\/uploads\\\/2022\\\/05\\\/ljof-tiribina.jpg\",\"datePublished\":\"2022-05-26T18:46:52+00:00\",\"dateModified\":\"2022-05-29T21:14:47+00:00\",\"breadcrumb\":{\"@id\":\"https:\\\/\\\/radioljubuski.ba\\\/index.php\\\/2022\\\/05\\\/26\\\/svecano-otvoren-drugi-ljubuski-outdoor-festival\\\/#breadcrumb\"},\"inLanguage\":\"hr\",\"potentialAction\":[{\"@type\":\"ReadAction\",\"target\":[\"https:\\\/\\\/radioljubuski.ba\\\/index.php\\\/2022\\\/05\\\/26\\\/svecano-otvoren-drugi-ljubuski-outdoor-festival\\\/\"]}]},{\"@type\":\"ImageObject\",\"inLanguage\":\"hr\",\"@id\":\"https:\\\/\\\/radioljubuski.ba\\\/index.php\\\/2022\\\/05\\\/26\\\/svecano-otvoren-drugi-ljubuski-outdoor-festival\\\/#primaryimage\",\"url\":\"https:\\\/\\\/radioljubuski.ba\\\/wp-content\\\/uploads\\\/2022\\\/05\\\/ljof-tiribina.jpg\",\"contentUrl\":\"https:\\\/\\\/radioljubuski.ba\\\/wp-content\\\/uploads\\\/2022\\\/05\\\/ljof-tiribina.jpg\",\"width\":2048,\"height\":1367},{\"@type\":\"BreadcrumbList\",\"@id\":\"https:\\\/\\\/radioljubuski.ba\\\/index.php\\\/2022\\\/05\\\/26\\\/svecano-otvoren-drugi-ljubuski-outdoor-festival\\\/#breadcrumb\",\"itemListElement\":[{\"@type\":\"ListItem\",\"position\":1,\"name\":\"Po\u010detna stranica\",\"item\":\"https:\\\/\\\/radioljubuski.ba\\\/\"},{\"@type\":\"ListItem\",\"position\":2,\"name\":\"Sve\u010dano otvoren drugi Ljubu\u0161ki Outdoor Festival &#8211; audio i foto\"}]},{\"@type\":\"WebSite\",\"@id\":\"https:\\\/\\\/radioljubuski.ba\\\/#website\",\"url\":\"https:\\\/\\\/radioljubuski.ba\\\/\",\"name\":\"Radio Ljubu\u0161ki\",\"description\":\"Sun\u010dana frekvencija Hercegovine\",\"publisher\":{\"@id\":\"https:\\\/\\\/radioljubuski.ba\\\/#organization\"},\"potentialAction\":[{\"@type\":\"SearchAction\",\"target\":{\"@type\":\"EntryPoint\",\"urlTemplate\":\"https:\\\/\\\/radioljubuski.ba\\\/?s={search_term_string}\"},\"query-input\":{\"@type\":\"PropertyValueSpecification\",\"valueRequired\":true,\"valueName\":\"search_term_string\"}}],\"inLanguage\":\"hr\"},{\"@type\":\"Organization\",\"@id\":\"https:\\\/\\\/radioljubuski.ba\\\/#organization\",\"name\":\"Radio Ljubu\u0161ki\",\"url\":\"https:\\\/\\\/radioljubuski.ba\\\/\",\"logo\":{\"@type\":\"ImageObject\",\"inLanguage\":\"hr\",\"@id\":\"https:\\\/\\\/radioljubuski.ba\\\/#\\\/schema\\\/logo\\\/image\\\/\",\"url\":\"https:\\\/\\\/radioljubuski.ba\\\/wp-content\\\/uploads\\\/2021\\\/02\\\/cropped-Radio_Ljubuski_logo1.jpg\",\"contentUrl\":\"https:\\\/\\\/radioljubuski.ba\\\/wp-content\\\/uploads\\\/2021\\\/02\\\/cropped-Radio_Ljubuski_logo1.jpg\",\"width\":512,\"height\":512,\"caption\":\"Radio Ljubu\u0161ki\"},\"image\":{\"@id\":\"https:\\\/\\\/radioljubuski.ba\\\/#\\\/schema\\\/logo\\\/image\\\/\"},\"sameAs\":[\"https:\\\/\\\/www.facebook.com\\\/Radiio-Ljubuski-1490835324566332\",\"https:\\\/\\\/x.com\\\/radioljubuski\",\"https:\\\/\\\/hr.linkedin.com\\\/company\\\/radio-ljubuski\",\"https:\\\/\\\/www.youtube.com\\\/channel\\\/UCHYaeO_n0Db3tjNGudGpXyw\"]},{\"@type\":\"Person\",\"@id\":\"https:\\\/\\\/radioljubuski.ba\\\/#\\\/schema\\\/person\\\/19fc700381a780f69665d7956c469e3b\",\"name\":\"Radio Ljubu\u0161ki\"}]}<\/script>\n<!-- \/ Yoast SEO plugin. -->","yoast_head_json":{"title":"Sve\u010dano otvoren drugi Ljubu\u0161ki Outdoor Festival - audio i foto - RADIO LJUBU\u0160KI","robots":{"index":"index","follow":"follow","max-snippet":"max-snippet:-1","max-image-preview":"max-image-preview:large","max-video-preview":"max-video-preview:-1"},"canonical":"https:\/\/radioljubuski.ba\/index.php\/2022\/05\/26\/svecano-otvoren-drugi-ljubuski-outdoor-festival\/","og_locale":"hr_HR","og_type":"article","og_title":"Sve\u010dano otvoren drugi Ljubu\u0161ki Outdoor Festival - audio i foto - RADIO LJUBU\u0160KI","og_description":"Drugi Ljubu\u0161ki Outdoor Festival danas je sve\u010dano otvoren u Kulturnom centru u Ljubu\u0161kom. Pred velikim brojem posjetitelja, uglavnom zaljubljenika u razne sportske aktivnosti na otvorenom, prvi se nazo\u010dnima obratio gradona\u010delnik Vedran Markoti\u0107 koji je istaknuo kako nas o\u010dekuju \u010detiri prekrasna dana u Ljubu\u0161kom. Na platou vodopada Kravica biti \u0107e postavljeni razni \u0161tandovi, kao i pro\u0161le [&hellip;]","og_url":"https:\/\/radioljubuski.ba\/index.php\/2022\/05\/26\/svecano-otvoren-drugi-ljubuski-outdoor-festival\/","og_site_name":"RADIO LJUBU\u0160KI","article_publisher":"https:\/\/www.facebook.com\/Radiio-Ljubuski-1490835324566332","article_published_time":"2022-05-26T18:46:52+00:00","article_modified_time":"2022-05-29T21:14:47+00:00","og_image":[{"width":2048,"height":1367,"url":"https:\/\/radioljubuski.ba\/wp-content\/uploads\/2022\/05\/ljof-tiribina.jpg","type":"image\/jpeg"}],"author":"Radio Ljubu\u0161ki","twitter_card":"summary_large_image","twitter_creator":"@radioljubuski","twitter_site":"@radioljubuski","twitter_misc":{"Napisao\/la":"Radio Ljubu\u0161ki","Procijenjeno vrijeme \u010ditanja":"5 minuta"},"schema":{"@context":"https:\/\/schema.org","@graph":[{"@type":"Article","@id":"https:\/\/radioljubuski.ba\/index.php\/2022\/05\/26\/svecano-otvoren-drugi-ljubuski-outdoor-festival\/#article","isPartOf":{"@id":"https:\/\/radioljubuski.ba\/index.php\/2022\/05\/26\/svecano-otvoren-drugi-ljubuski-outdoor-festival\/"},"author":{"name":"Radio Ljubu\u0161ki","@id":"https:\/\/radioljubuski.ba\/#\/schema\/person\/19fc700381a780f69665d7956c469e3b"},"headline":"Sve\u010dano otvoren drugi Ljubu\u0161ki Outdoor Festival &#8211; audio i foto","datePublished":"2022-05-26T18:46:52+00:00","dateModified":"2022-05-29T21:14:47+00:00","mainEntityOfPage":{"@id":"https:\/\/radioljubuski.ba\/index.php\/2022\/05\/26\/svecano-otvoren-drugi-ljubuski-outdoor-festival\/"},"wordCount":956,"publisher":{"@id":"https:\/\/radioljubuski.ba\/#organization"},"image":{"@id":"https:\/\/radioljubuski.ba\/index.php\/2022\/05\/26\/svecano-otvoren-drugi-ljubuski-outdoor-festival\/#primaryimage"},"thumbnailUrl":"https:\/\/radioljubuski.ba\/wp-content\/uploads\/2022\/05\/ljof-tiribina.jpg","articleSection":["RLJ Audio"],"inLanguage":"hr"},{"@type":"WebPage","@id":"https:\/\/radioljubuski.ba\/index.php\/2022\/05\/26\/svecano-otvoren-drugi-ljubuski-outdoor-festival\/","url":"https:\/\/radioljubuski.ba\/index.php\/2022\/05\/26\/svecano-otvoren-drugi-ljubuski-outdoor-festival\/","name":"Sve\u010dano otvoren drugi Ljubu\u0161ki Outdoor Festival - audio i foto - RADIO LJUBU\u0160KI","isPartOf":{"@id":"https:\/\/radioljubuski.ba\/#website"},"primaryImageOfPage":{"@id":"https:\/\/radioljubuski.ba\/index.php\/2022\/05\/26\/svecano-otvoren-drugi-ljubuski-outdoor-festival\/#primaryimage"},"image":{"@id":"https:\/\/radioljubuski.ba\/index.php\/2022\/05\/26\/svecano-otvoren-drugi-ljubuski-outdoor-festival\/#primaryimage"},"thumbnailUrl":"https:\/\/radioljubuski.ba\/wp-content\/uploads\/2022\/05\/ljof-tiribina.jpg","datePublished":"2022-05-26T18:46:52+00:00","dateModified":"2022-05-29T21:14:47+00:00","breadcrumb":{"@id":"https:\/\/radioljubuski.ba\/index.php\/2022\/05\/26\/svecano-otvoren-drugi-ljubuski-outdoor-festival\/#breadcrumb"},"inLanguage":"hr","potentialAction":[{"@type":"ReadAction","target":["https:\/\/radioljubuski.ba\/index.php\/2022\/05\/26\/svecano-otvoren-drugi-ljubuski-outdoor-festival\/"]}]},{"@type":"ImageObject","inLanguage":"hr","@id":"https:\/\/radioljubuski.ba\/index.php\/2022\/05\/26\/svecano-otvoren-drugi-ljubuski-outdoor-festival\/#primaryimage","url":"https:\/\/radioljubuski.ba\/wp-content\/uploads\/2022\/05\/ljof-tiribina.jpg","contentUrl":"https:\/\/radioljubuski.ba\/wp-content\/uploads\/2022\/05\/ljof-tiribina.jpg","width":2048,"height":1367},{"@type":"BreadcrumbList","@id":"https:\/\/radioljubuski.ba\/index.php\/2022\/05\/26\/svecano-otvoren-drugi-ljubuski-outdoor-festival\/#breadcrumb","itemListElement":[{"@type":"ListItem","position":1,"name":"Po\u010detna stranica","item":"https:\/\/radioljubuski.ba\/"},{"@type":"ListItem","position":2,"name":"Sve\u010dano otvoren drugi Ljubu\u0161ki Outdoor Festival &#8211; audio i foto"}]},{"@type":"WebSite","@id":"https:\/\/radioljubuski.ba\/#website","url":"https:\/\/radioljubuski.ba\/","name":"Radio Ljubu\u0161ki","description":"Sun\u010dana frekvencija Hercegovine","publisher":{"@id":"https:\/\/radioljubuski.ba\/#organization"},"potentialAction":[{"@type":"SearchAction","target":{"@type":"EntryPoint","urlTemplate":"https:\/\/radioljubuski.ba\/?s={search_term_string}"},"query-input":{"@type":"PropertyValueSpecification","valueRequired":true,"valueName":"search_term_string"}}],"inLanguage":"hr"},{"@type":"Organization","@id":"https:\/\/radioljubuski.ba\/#organization","name":"Radio Ljubu\u0161ki","url":"https:\/\/radioljubuski.ba\/","logo":{"@type":"ImageObject","inLanguage":"hr","@id":"https:\/\/radioljubuski.ba\/#\/schema\/logo\/image\/","url":"https:\/\/radioljubuski.ba\/wp-content\/uploads\/2021\/02\/cropped-Radio_Ljubuski_logo1.jpg","contentUrl":"https:\/\/radioljubuski.ba\/wp-content\/uploads\/2021\/02\/cropped-Radio_Ljubuski_logo1.jpg","width":512,"height":512,"caption":"Radio Ljubu\u0161ki"},"image":{"@id":"https:\/\/radioljubuski.ba\/#\/schema\/logo\/image\/"},"sameAs":["https:\/\/www.facebook.com\/Radiio-Ljubuski-1490835324566332","https:\/\/x.com\/radioljubuski","https:\/\/hr.linkedin.com\/company\/radio-ljubuski","https:\/\/www.youtube.com\/channel\/UCHYaeO_n0Db3tjNGudGpXyw"]},{"@type":"Person","@id":"https:\/\/radioljubuski.ba\/#\/schema\/person\/19fc700381a780f69665d7956c469e3b","name":"Radio Ljubu\u0161ki"}]}},"_links":{"self":[{"href":"https:\/\/radioljubuski.ba\/index.php\/wp-json\/wp\/v2\/posts\/144276","targetHints":{"allow":["GET"]}}],"collection":[{"href":"https:\/\/radioljubuski.ba\/index.php\/wp-json\/wp\/v2\/posts"}],"about":[{"href":"https:\/\/radioljubuski.ba\/index.php\/wp-json\/wp\/v2\/types\/post"}],"author":[{"embeddable":true,"href":"https:\/\/radioljubuski.ba\/index.php\/wp-json\/wp\/v2\/users\/2"}],"replies":[{"embeddable":true,"href":"https:\/\/radioljubuski.ba\/index.php\/wp-json\/wp\/v2\/comments?post=144276"}],"version-history":[{"count":13,"href":"https:\/\/radioljubuski.ba\/index.php\/wp-json\/wp\/v2\/posts\/144276\/revisions"}],"predecessor-version":[{"id":144700,"href":"https:\/\/radioljubuski.ba\/index.php\/wp-json\/wp\/v2\/posts\/144276\/revisions\/144700"}],"wp:featuredmedia":[{"embeddable":true,"href":"https:\/\/radioljubuski.ba\/index.php\/wp-json\/wp\/v2\/media\/144277"}],"wp:attachment":[{"href":"https:\/\/radioljubuski.ba\/index.php\/wp-json\/wp\/v2\/media?parent=144276"}],"wp:term":[{"taxonomy":"category","embeddable":true,"href":"https:\/\/radioljubuski.ba\/index.php\/wp-json\/wp\/v2\/categories?post=144276"},{"taxonomy":"post_tag","embeddable":true,"href":"https:\/\/radioljubuski.ba\/index.php\/wp-json\/wp\/v2\/tags?post=144276"}],"curies":[{"name":"wp","href":"https:\/\/api.w.org\/{rel}","templated":true}]}}