{"id":144303,"date":"2022-05-26T23:18:51","date_gmt":"2022-05-26T22:18:51","guid":{"rendered":"https:\/\/radioljubuski.ba\/?p=144303"},"modified":"2022-05-26T23:18:52","modified_gmt":"2022-05-26T22:18:52","slug":"bevanda-netocne-su-i-zlonamjerne-informacije-da-sam-blokirao-donosenje-odluke-o-financiranju-izbora","status":"publish","type":"post","link":"https:\/\/radioljubuski.ba\/index.php\/2022\/05\/26\/bevanda-netocne-su-i-zlonamjerne-informacije-da-sam-blokirao-donosenje-odluke-o-financiranju-izbora\/","title":{"rendered":"Bevanda: Neto\u010dne su i zlonamjerne informacije da sam blokirao dono\u0161enje odluke o financiranju izbora"},"content":{"rendered":"\n<p><strong>Tijekom trajanja dana\u0161nje sjednice Vije\u0107a ministara BiH u pojedinim medijima pojavila se informacija kako je zamjenik predsjedatelja Vije\u0107a ministara BiH i ministar financija i trezora Vjekoslav Bevanda blokirao dono\u0161enje odluke o financiranju op\u0107ih izbora. Bevanda, u izjavi dostavljenoj Hrvatskom Medijskom Servisu, ka\u017ee kako je objavljena neto\u010dna, neprovjerena i zlonamjerna informacija.<\/strong><\/p>\n\n\n\n<p>-Naime, na dana\u0161njim sjednicama odbora, koji su stalna tijela Vije\u0107a ministara i u \u010dijem radu sudjelujem, kao ni na samoj sjednici Vije\u0107a ministara nije bilo ni rije\u010di o financiranju izbora niti je takva odluka bila tema rasprave, nagla\u0161ava Bevanda. Podsje\u0107a kako tempirano objavljivanje informacija koje se odnose na njega i njegov rad traje u kontinuitetu i nije slu\u010dajnost, ali, nagla\u0161ava, jo\u0161 je va\u017enije da se na ovaj na\u010din derogira i Vije\u0107e ministara BiH kao institucija koja donosi va\u017ene odluke i stvara atmosfera koja ometa normalan rad.<\/p>\n\n\n\n<p>-Zbog svega toga izra\u017eavam posebno zadovoljstvo \u0161to je danas jednoglasno usvojen Dokument okvirnog prora\u010duna za razdoblje 2022\u20142024. godinu \u010dime je ispunjen zakonski preduvjet da Vije\u0107u ministara vrlo brzo iz Ministarstva financija i trezora BiH dostavimo Prora\u010dun institucija BiH i me\u0111unarodnih obveza BiH za 2022. godinu kako bi zapo\u010dela prcedura njegova usvajanja, ka\u017ee Bevanda.<\/p>\n\n\n\n<p>Ministarstvo financija i trezora i ja osobno, isti\u010de, nastavljamo raditi sukladno Ustavu i zakonu u vjeri da samo tim putem mo\u017eemo doprinijeti boljitku u BiH i neometanom funkciniranju svih institucija.<\/p>\n\n\n\n<p>\/HMS\/<\/p>\n","protected":false},"excerpt":{"rendered":"<p>Tijekom trajanja dana\u0161nje sjednice Vije\u0107a ministara BiH u pojedinim medijima pojavila se informacija kako je zamjenik predsjedatelja Vije\u0107a ministara BiH i ministar financija i trezora Vjekoslav Bevanda blokirao dono\u0161enje odluke o financiranju op\u0107ih izbora. Bevanda, u izjavi dostavljenoj Hrvatskom Medijskom Servisu, ka\u017ee kako je objavljena neto\u010dna, neprovjerena i zlonamjerna informacija. -Naime, na dana\u0161njim sjednicama odbora, [&hellip;]<\/p>\n","protected":false},"author":2,"featured_media":120526,"comment_status":"closed","ping_status":"closed","sticky":false,"template":"","format":"standard","meta":{"h5ap_radio_sources":[],"footnotes":""},"categories":[1],"tags":[],"class_list":["post-144303","post","type-post","status-publish","format-standard","has-post-thumbnail","hentry","category-bihiregija"],"yoast_head":"<!-- This site is optimized with the Yoast SEO plugin v27.5 - https:\/\/yoast.com\/product\/yoast-seo-wordpress\/ -->\n<title>Bevanda: Neto\u010dne su i zlonamjerne informacije da sam blokirao dono\u0161enje odluke o financiranju izbora - RADIO LJUBU\u0160KI<\/title>\n<meta name=\"robots\" content=\"index, follow, max-snippet:-1, max-image-preview:large, max-video-preview:-1\" \/>\n<link rel=\"canonical\" href=\"https:\/\/radioljubuski.ba\/index.php\/2022\/05\/26\/bevanda-netocne-su-i-zlonamjerne-informacije-da-sam-blokirao-donosenje-odluke-o-financiranju-izbora\/\" \/>\n<meta property=\"og:locale\" content=\"hr_HR\" \/>\n<meta property=\"og:type\" content=\"article\" \/>\n<meta property=\"og:title\" content=\"Bevanda: Neto\u010dne su i zlonamjerne informacije da sam blokirao dono\u0161enje odluke o financiranju izbora - RADIO LJUBU\u0160KI\" \/>\n<meta property=\"og:description\" content=\"Tijekom trajanja dana\u0161nje sjednice Vije\u0107a ministara BiH u pojedinim medijima pojavila se informacija kako je zamjenik predsjedatelja Vije\u0107a ministara BiH i ministar financija i trezora Vjekoslav Bevanda blokirao dono\u0161enje odluke o financiranju op\u0107ih izbora. Bevanda, u izjavi dostavljenoj Hrvatskom Medijskom Servisu, ka\u017ee kako je objavljena neto\u010dna, neprovjerena i zlonamjerna informacija. -Naime, na dana\u0161njim sjednicama odbora, [&hellip;]\" \/>\n<meta property=\"og:url\" content=\"https:\/\/radioljubuski.ba\/index.php\/2022\/05\/26\/bevanda-netocne-su-i-zlonamjerne-informacije-da-sam-blokirao-donosenje-odluke-o-financiranju-izbora\/\" \/>\n<meta property=\"og:site_name\" content=\"RADIO LJUBU\u0160KI\" \/>\n<meta property=\"article:publisher\" content=\"https:\/\/www.facebook.com\/Radiio-Ljubuski-1490835324566332\" \/>\n<meta property=\"article:published_time\" content=\"2022-05-26T22:18:51+00:00\" \/>\n<meta property=\"article:modified_time\" content=\"2022-05-26T22:18:52+00:00\" \/>\n<meta property=\"og:image\" content=\"https:\/\/radioljubuski.ba\/wp-content\/uploads\/2022\/03\/bevanda.jpg\" \/>\n\t<meta property=\"og:image:width\" content=\"1000\" \/>\n\t<meta property=\"og:image:height\" content=\"625\" \/>\n\t<meta property=\"og:image:type\" content=\"image\/jpeg\" \/>\n<meta name=\"author\" content=\"Radio Ljubu\u0161ki\" \/>\n<meta name=\"twitter:card\" content=\"summary_large_image\" \/>\n<meta name=\"twitter:creator\" content=\"@radioljubuski\" \/>\n<meta name=\"twitter:site\" content=\"@radioljubuski\" \/>\n<meta name=\"twitter:label1\" content=\"Napisao\/la\" \/>\n\t<meta name=\"twitter:data1\" content=\"Radio Ljubu\u0161ki\" \/>\n\t<meta name=\"twitter:label2\" content=\"Procijenjeno vrijeme \u010ditanja\" \/>\n\t<meta name=\"twitter:data2\" content=\"1 minuta\" \/>\n<script type=\"application\/ld+json\" class=\"yoast-schema-graph\">{\"@context\":\"https:\\\/\\\/schema.org\",\"@graph\":[{\"@type\":\"Article\",\"@id\":\"https:\\\/\\\/radioljubuski.ba\\\/index.php\\\/2022\\\/05\\\/26\\\/bevanda-netocne-su-i-zlonamjerne-informacije-da-sam-blokirao-donosenje-odluke-o-financiranju-izbora\\\/#article\",\"isPartOf\":{\"@id\":\"https:\\\/\\\/radioljubuski.ba\\\/index.php\\\/2022\\\/05\\\/26\\\/bevanda-netocne-su-i-zlonamjerne-informacije-da-sam-blokirao-donosenje-odluke-o-financiranju-izbora\\\/\"},\"author\":{\"name\":\"Radio Ljubu\u0161ki\",\"@id\":\"https:\\\/\\\/radioljubuski.ba\\\/#\\\/schema\\\/person\\\/19fc700381a780f69665d7956c469e3b\"},\"headline\":\"Bevanda: Neto\u010dne su i zlonamjerne informacije da sam blokirao dono\u0161enje odluke o financiranju izbora\",\"datePublished\":\"2022-05-26T22:18:51+00:00\",\"dateModified\":\"2022-05-26T22:18:52+00:00\",\"mainEntityOfPage\":{\"@id\":\"https:\\\/\\\/radioljubuski.ba\\\/index.php\\\/2022\\\/05\\\/26\\\/bevanda-netocne-su-i-zlonamjerne-informacije-da-sam-blokirao-donosenje-odluke-o-financiranju-izbora\\\/\"},\"wordCount\":262,\"publisher\":{\"@id\":\"https:\\\/\\\/radioljubuski.ba\\\/#organization\"},\"image\":{\"@id\":\"https:\\\/\\\/radioljubuski.ba\\\/index.php\\\/2022\\\/05\\\/26\\\/bevanda-netocne-su-i-zlonamjerne-informacije-da-sam-blokirao-donosenje-odluke-o-financiranju-izbora\\\/#primaryimage\"},\"thumbnailUrl\":\"https:\\\/\\\/radioljubuski.ba\\\/wp-content\\\/uploads\\\/2022\\\/03\\\/bevanda.jpg\",\"articleSection\":[\"BIH i regija\"],\"inLanguage\":\"hr\"},{\"@type\":\"WebPage\",\"@id\":\"https:\\\/\\\/radioljubuski.ba\\\/index.php\\\/2022\\\/05\\\/26\\\/bevanda-netocne-su-i-zlonamjerne-informacije-da-sam-blokirao-donosenje-odluke-o-financiranju-izbora\\\/\",\"url\":\"https:\\\/\\\/radioljubuski.ba\\\/index.php\\\/2022\\\/05\\\/26\\\/bevanda-netocne-su-i-zlonamjerne-informacije-da-sam-blokirao-donosenje-odluke-o-financiranju-izbora\\\/\",\"name\":\"Bevanda: Neto\u010dne su i zlonamjerne informacije da sam blokirao dono\u0161enje odluke o financiranju izbora - RADIO LJUBU\u0160KI\",\"isPartOf\":{\"@id\":\"https:\\\/\\\/radioljubuski.ba\\\/#website\"},\"primaryImageOfPage\":{\"@id\":\"https:\\\/\\\/radioljubuski.ba\\\/index.php\\\/2022\\\/05\\\/26\\\/bevanda-netocne-su-i-zlonamjerne-informacije-da-sam-blokirao-donosenje-odluke-o-financiranju-izbora\\\/#primaryimage\"},\"image\":{\"@id\":\"https:\\\/\\\/radioljubuski.ba\\\/index.php\\\/2022\\\/05\\\/26\\\/bevanda-netocne-su-i-zlonamjerne-informacije-da-sam-blokirao-donosenje-odluke-o-financiranju-izbora\\\/#primaryimage\"},\"thumbnailUrl\":\"https:\\\/\\\/radioljubuski.ba\\\/wp-content\\\/uploads\\\/2022\\\/03\\\/bevanda.jpg\",\"datePublished\":\"2022-05-26T22:18:51+00:00\",\"dateModified\":\"2022-05-26T22:18:52+00:00\",\"breadcrumb\":{\"@id\":\"https:\\\/\\\/radioljubuski.ba\\\/index.php\\\/2022\\\/05\\\/26\\\/bevanda-netocne-su-i-zlonamjerne-informacije-da-sam-blokirao-donosenje-odluke-o-financiranju-izbora\\\/#breadcrumb\"},\"inLanguage\":\"hr\",\"potentialAction\":[{\"@type\":\"ReadAction\",\"target\":[\"https:\\\/\\\/radioljubuski.ba\\\/index.php\\\/2022\\\/05\\\/26\\\/bevanda-netocne-su-i-zlonamjerne-informacije-da-sam-blokirao-donosenje-odluke-o-financiranju-izbora\\\/\"]}]},{\"@type\":\"ImageObject\",\"inLanguage\":\"hr\",\"@id\":\"https:\\\/\\\/radioljubuski.ba\\\/index.php\\\/2022\\\/05\\\/26\\\/bevanda-netocne-su-i-zlonamjerne-informacije-da-sam-blokirao-donosenje-odluke-o-financiranju-izbora\\\/#primaryimage\",\"url\":\"https:\\\/\\\/radioljubuski.ba\\\/wp-content\\\/uploads\\\/2022\\\/03\\\/bevanda.jpg\",\"contentUrl\":\"https:\\\/\\\/radioljubuski.ba\\\/wp-content\\\/uploads\\\/2022\\\/03\\\/bevanda.jpg\",\"width\":1000,\"height\":625},{\"@type\":\"BreadcrumbList\",\"@id\":\"https:\\\/\\\/radioljubuski.ba\\\/index.php\\\/2022\\\/05\\\/26\\\/bevanda-netocne-su-i-zlonamjerne-informacije-da-sam-blokirao-donosenje-odluke-o-financiranju-izbora\\\/#breadcrumb\",\"itemListElement\":[{\"@type\":\"ListItem\",\"position\":1,\"name\":\"Po\u010detna stranica\",\"item\":\"https:\\\/\\\/radioljubuski.ba\\\/\"},{\"@type\":\"ListItem\",\"position\":2,\"name\":\"Bevanda: Neto\u010dne su i zlonamjerne informacije da sam blokirao dono\u0161enje odluke o financiranju izbora\"}]},{\"@type\":\"WebSite\",\"@id\":\"https:\\\/\\\/radioljubuski.ba\\\/#website\",\"url\":\"https:\\\/\\\/radioljubuski.ba\\\/\",\"name\":\"Radio Ljubu\u0161ki\",\"description\":\"Sun\u010dana frekvencija Hercegovine\",\"publisher\":{\"@id\":\"https:\\\/\\\/radioljubuski.ba\\\/#organization\"},\"potentialAction\":[{\"@type\":\"SearchAction\",\"target\":{\"@type\":\"EntryPoint\",\"urlTemplate\":\"https:\\\/\\\/radioljubuski.ba\\\/?s={search_term_string}\"},\"query-input\":{\"@type\":\"PropertyValueSpecification\",\"valueRequired\":true,\"valueName\":\"search_term_string\"}}],\"inLanguage\":\"hr\"},{\"@type\":\"Organization\",\"@id\":\"https:\\\/\\\/radioljubuski.ba\\\/#organization\",\"name\":\"Radio Ljubu\u0161ki\",\"url\":\"https:\\\/\\\/radioljubuski.ba\\\/\",\"logo\":{\"@type\":\"ImageObject\",\"inLanguage\":\"hr\",\"@id\":\"https:\\\/\\\/radioljubuski.ba\\\/#\\\/schema\\\/logo\\\/image\\\/\",\"url\":\"https:\\\/\\\/radioljubuski.ba\\\/wp-content\\\/uploads\\\/2021\\\/02\\\/cropped-Radio_Ljubuski_logo1.jpg\",\"contentUrl\":\"https:\\\/\\\/radioljubuski.ba\\\/wp-content\\\/uploads\\\/2021\\\/02\\\/cropped-Radio_Ljubuski_logo1.jpg\",\"width\":512,\"height\":512,\"caption\":\"Radio Ljubu\u0161ki\"},\"image\":{\"@id\":\"https:\\\/\\\/radioljubuski.ba\\\/#\\\/schema\\\/logo\\\/image\\\/\"},\"sameAs\":[\"https:\\\/\\\/www.facebook.com\\\/Radiio-Ljubuski-1490835324566332\",\"https:\\\/\\\/x.com\\\/radioljubuski\",\"https:\\\/\\\/hr.linkedin.com\\\/company\\\/radio-ljubuski\",\"https:\\\/\\\/www.youtube.com\\\/channel\\\/UCHYaeO_n0Db3tjNGudGpXyw\"]},{\"@type\":\"Person\",\"@id\":\"https:\\\/\\\/radioljubuski.ba\\\/#\\\/schema\\\/person\\\/19fc700381a780f69665d7956c469e3b\",\"name\":\"Radio Ljubu\u0161ki\"}]}<\/script>\n<!-- \/ Yoast SEO plugin. -->","yoast_head_json":{"title":"Bevanda: Neto\u010dne su i zlonamjerne informacije da sam blokirao dono\u0161enje odluke o financiranju izbora - RADIO LJUBU\u0160KI","robots":{"index":"index","follow":"follow","max-snippet":"max-snippet:-1","max-image-preview":"max-image-preview:large","max-video-preview":"max-video-preview:-1"},"canonical":"https:\/\/radioljubuski.ba\/index.php\/2022\/05\/26\/bevanda-netocne-su-i-zlonamjerne-informacije-da-sam-blokirao-donosenje-odluke-o-financiranju-izbora\/","og_locale":"hr_HR","og_type":"article","og_title":"Bevanda: Neto\u010dne su i zlonamjerne informacije da sam blokirao dono\u0161enje odluke o financiranju izbora - RADIO LJUBU\u0160KI","og_description":"Tijekom trajanja dana\u0161nje sjednice Vije\u0107a ministara BiH u pojedinim medijima pojavila se informacija kako je zamjenik predsjedatelja Vije\u0107a ministara BiH i ministar financija i trezora Vjekoslav Bevanda blokirao dono\u0161enje odluke o financiranju op\u0107ih izbora. Bevanda, u izjavi dostavljenoj Hrvatskom Medijskom Servisu, ka\u017ee kako je objavljena neto\u010dna, neprovjerena i zlonamjerna informacija. -Naime, na dana\u0161njim sjednicama odbora, [&hellip;]","og_url":"https:\/\/radioljubuski.ba\/index.php\/2022\/05\/26\/bevanda-netocne-su-i-zlonamjerne-informacije-da-sam-blokirao-donosenje-odluke-o-financiranju-izbora\/","og_site_name":"RADIO LJUBU\u0160KI","article_publisher":"https:\/\/www.facebook.com\/Radiio-Ljubuski-1490835324566332","article_published_time":"2022-05-26T22:18:51+00:00","article_modified_time":"2022-05-26T22:18:52+00:00","og_image":[{"width":1000,"height":625,"url":"https:\/\/radioljubuski.ba\/wp-content\/uploads\/2022\/03\/bevanda.jpg","type":"image\/jpeg"}],"author":"Radio Ljubu\u0161ki","twitter_card":"summary_large_image","twitter_creator":"@radioljubuski","twitter_site":"@radioljubuski","twitter_misc":{"Napisao\/la":"Radio Ljubu\u0161ki","Procijenjeno vrijeme \u010ditanja":"1 minuta"},"schema":{"@context":"https:\/\/schema.org","@graph":[{"@type":"Article","@id":"https:\/\/radioljubuski.ba\/index.php\/2022\/05\/26\/bevanda-netocne-su-i-zlonamjerne-informacije-da-sam-blokirao-donosenje-odluke-o-financiranju-izbora\/#article","isPartOf":{"@id":"https:\/\/radioljubuski.ba\/index.php\/2022\/05\/26\/bevanda-netocne-su-i-zlonamjerne-informacije-da-sam-blokirao-donosenje-odluke-o-financiranju-izbora\/"},"author":{"name":"Radio Ljubu\u0161ki","@id":"https:\/\/radioljubuski.ba\/#\/schema\/person\/19fc700381a780f69665d7956c469e3b"},"headline":"Bevanda: Neto\u010dne su i zlonamjerne informacije da sam blokirao dono\u0161enje odluke o financiranju izbora","datePublished":"2022-05-26T22:18:51+00:00","dateModified":"2022-05-26T22:18:52+00:00","mainEntityOfPage":{"@id":"https:\/\/radioljubuski.ba\/index.php\/2022\/05\/26\/bevanda-netocne-su-i-zlonamjerne-informacije-da-sam-blokirao-donosenje-odluke-o-financiranju-izbora\/"},"wordCount":262,"publisher":{"@id":"https:\/\/radioljubuski.ba\/#organization"},"image":{"@id":"https:\/\/radioljubuski.ba\/index.php\/2022\/05\/26\/bevanda-netocne-su-i-zlonamjerne-informacije-da-sam-blokirao-donosenje-odluke-o-financiranju-izbora\/#primaryimage"},"thumbnailUrl":"https:\/\/radioljubuski.ba\/wp-content\/uploads\/2022\/03\/bevanda.jpg","articleSection":["BIH i regija"],"inLanguage":"hr"},{"@type":"WebPage","@id":"https:\/\/radioljubuski.ba\/index.php\/2022\/05\/26\/bevanda-netocne-su-i-zlonamjerne-informacije-da-sam-blokirao-donosenje-odluke-o-financiranju-izbora\/","url":"https:\/\/radioljubuski.ba\/index.php\/2022\/05\/26\/bevanda-netocne-su-i-zlonamjerne-informacije-da-sam-blokirao-donosenje-odluke-o-financiranju-izbora\/","name":"Bevanda: Neto\u010dne su i zlonamjerne informacije da sam blokirao dono\u0161enje odluke o financiranju izbora - RADIO LJUBU\u0160KI","isPartOf":{"@id":"https:\/\/radioljubuski.ba\/#website"},"primaryImageOfPage":{"@id":"https:\/\/radioljubuski.ba\/index.php\/2022\/05\/26\/bevanda-netocne-su-i-zlonamjerne-informacije-da-sam-blokirao-donosenje-odluke-o-financiranju-izbora\/#primaryimage"},"image":{"@id":"https:\/\/radioljubuski.ba\/index.php\/2022\/05\/26\/bevanda-netocne-su-i-zlonamjerne-informacije-da-sam-blokirao-donosenje-odluke-o-financiranju-izbora\/#primaryimage"},"thumbnailUrl":"https:\/\/radioljubuski.ba\/wp-content\/uploads\/2022\/03\/bevanda.jpg","datePublished":"2022-05-26T22:18:51+00:00","dateModified":"2022-05-26T22:18:52+00:00","breadcrumb":{"@id":"https:\/\/radioljubuski.ba\/index.php\/2022\/05\/26\/bevanda-netocne-su-i-zlonamjerne-informacije-da-sam-blokirao-donosenje-odluke-o-financiranju-izbora\/#breadcrumb"},"inLanguage":"hr","potentialAction":[{"@type":"ReadAction","target":["https:\/\/radioljubuski.ba\/index.php\/2022\/05\/26\/bevanda-netocne-su-i-zlonamjerne-informacije-da-sam-blokirao-donosenje-odluke-o-financiranju-izbora\/"]}]},{"@type":"ImageObject","inLanguage":"hr","@id":"https:\/\/radioljubuski.ba\/index.php\/2022\/05\/26\/bevanda-netocne-su-i-zlonamjerne-informacije-da-sam-blokirao-donosenje-odluke-o-financiranju-izbora\/#primaryimage","url":"https:\/\/radioljubuski.ba\/wp-content\/uploads\/2022\/03\/bevanda.jpg","contentUrl":"https:\/\/radioljubuski.ba\/wp-content\/uploads\/2022\/03\/bevanda.jpg","width":1000,"height":625},{"@type":"BreadcrumbList","@id":"https:\/\/radioljubuski.ba\/index.php\/2022\/05\/26\/bevanda-netocne-su-i-zlonamjerne-informacije-da-sam-blokirao-donosenje-odluke-o-financiranju-izbora\/#breadcrumb","itemListElement":[{"@type":"ListItem","position":1,"name":"Po\u010detna stranica","item":"https:\/\/radioljubuski.ba\/"},{"@type":"ListItem","position":2,"name":"Bevanda: Neto\u010dne su i zlonamjerne informacije da sam blokirao dono\u0161enje odluke o financiranju izbora"}]},{"@type":"WebSite","@id":"https:\/\/radioljubuski.ba\/#website","url":"https:\/\/radioljubuski.ba\/","name":"Radio Ljubu\u0161ki","description":"Sun\u010dana frekvencija Hercegovine","publisher":{"@id":"https:\/\/radioljubuski.ba\/#organization"},"potentialAction":[{"@type":"SearchAction","target":{"@type":"EntryPoint","urlTemplate":"https:\/\/radioljubuski.ba\/?s={search_term_string}"},"query-input":{"@type":"PropertyValueSpecification","valueRequired":true,"valueName":"search_term_string"}}],"inLanguage":"hr"},{"@type":"Organization","@id":"https:\/\/radioljubuski.ba\/#organization","name":"Radio Ljubu\u0161ki","url":"https:\/\/radioljubuski.ba\/","logo":{"@type":"ImageObject","inLanguage":"hr","@id":"https:\/\/radioljubuski.ba\/#\/schema\/logo\/image\/","url":"https:\/\/radioljubuski.ba\/wp-content\/uploads\/2021\/02\/cropped-Radio_Ljubuski_logo1.jpg","contentUrl":"https:\/\/radioljubuski.ba\/wp-content\/uploads\/2021\/02\/cropped-Radio_Ljubuski_logo1.jpg","width":512,"height":512,"caption":"Radio Ljubu\u0161ki"},"image":{"@id":"https:\/\/radioljubuski.ba\/#\/schema\/logo\/image\/"},"sameAs":["https:\/\/www.facebook.com\/Radiio-Ljubuski-1490835324566332","https:\/\/x.com\/radioljubuski","https:\/\/hr.linkedin.com\/company\/radio-ljubuski","https:\/\/www.youtube.com\/channel\/UCHYaeO_n0Db3tjNGudGpXyw"]},{"@type":"Person","@id":"https:\/\/radioljubuski.ba\/#\/schema\/person\/19fc700381a780f69665d7956c469e3b","name":"Radio Ljubu\u0161ki"}]}},"_links":{"self":[{"href":"https:\/\/radioljubuski.ba\/index.php\/wp-json\/wp\/v2\/posts\/144303","targetHints":{"allow":["GET"]}}],"collection":[{"href":"https:\/\/radioljubuski.ba\/index.php\/wp-json\/wp\/v2\/posts"}],"about":[{"href":"https:\/\/radioljubuski.ba\/index.php\/wp-json\/wp\/v2\/types\/post"}],"author":[{"embeddable":true,"href":"https:\/\/radioljubuski.ba\/index.php\/wp-json\/wp\/v2\/users\/2"}],"replies":[{"embeddable":true,"href":"https:\/\/radioljubuski.ba\/index.php\/wp-json\/wp\/v2\/comments?post=144303"}],"version-history":[{"count":1,"href":"https:\/\/radioljubuski.ba\/index.php\/wp-json\/wp\/v2\/posts\/144303\/revisions"}],"predecessor-version":[{"id":144304,"href":"https:\/\/radioljubuski.ba\/index.php\/wp-json\/wp\/v2\/posts\/144303\/revisions\/144304"}],"wp:featuredmedia":[{"embeddable":true,"href":"https:\/\/radioljubuski.ba\/index.php\/wp-json\/wp\/v2\/media\/120526"}],"wp:attachment":[{"href":"https:\/\/radioljubuski.ba\/index.php\/wp-json\/wp\/v2\/media?parent=144303"}],"wp:term":[{"taxonomy":"category","embeddable":true,"href":"https:\/\/radioljubuski.ba\/index.php\/wp-json\/wp\/v2\/categories?post=144303"},{"taxonomy":"post_tag","embeddable":true,"href":"https:\/\/radioljubuski.ba\/index.php\/wp-json\/wp\/v2\/tags?post=144303"}],"curies":[{"name":"wp","href":"https:\/\/api.w.org\/{rel}","templated":true}]}}