{"id":144308,"date":"2022-05-26T23:22:02","date_gmt":"2022-05-26T22:22:02","guid":{"rendered":"https:\/\/radioljubuski.ba\/?p=144308"},"modified":"2022-05-26T23:22:05","modified_gmt":"2022-05-26T22:22:05","slug":"herceg-odrzivi-razvitak-turizma-jedan-je-od-najvaznijih-ciljeva-strategije-razvitka-hnz-a","status":"publish","type":"post","link":"https:\/\/radioljubuski.ba\/index.php\/2022\/05\/26\/herceg-odrzivi-razvitak-turizma-jedan-je-od-najvaznijih-ciljeva-strategije-razvitka-hnz-a\/","title":{"rendered":"Herceg: Odr\u017eivi razvitak turizma jedan je od najva\u017enijih ciljeva strategije razvitka HN\u017d-a"},"content":{"rendered":"\n<p><strong>U Mostaru je danas otvorena me\u0111unarodna stru\u010dna konferencija \u201cMostar \u2013 neotkriveni turisti\u010dki potencijali\u201d, a prisutnima se prigodno obratio Nevenko Herceg, predsjednik Vlade Hercegova\u010dko-neretvanske \u017eupanije.<\/strong><\/p>\n\n\n\n<p>\u201dPotencijal Mostara i HN\u017d-a, pa i cijele BiH je zaista izniman, ali tra\u017ei jo\u0161 ve\u0107u ozbiljnost i poduzetnost u pona\u0161anju i radu svih odgovornih u turisti\u010dkom sektoru, na svim razinama. Turizam se ne \u201ddoga\u0111a\u201d tek tako, pukim slu\u010dajem, sam od sebe. Bog nam je podario blagodati i rijetko vi\u0111ene prirodne i svake druge ljepote. Ali, ono \u0161to \u0107emo plasirati svijetu i na\u010din na koji \u0107emo postati globalno vidljiviji, na nama je samima, na na\u0161emu radu, na razmjeni iskustava i stvaranju novih vrijednosti, nove ponude i njihova jasno koordiniranog plasmana na tr\u017ei\u0161te. Ukoliko svi zajedno budemo na tomu tragu \u2013 o\u010dekivani rezultat zasigurno ne\u0107e izostati!\u201d, kazao je Nevenko Herceg, predsjednik Vlade Hercegova\u010dko-neretvanske \u017eupanije na danas odr\u017eanoj Me\u0111unarodnoj stru\u010dnoj konferenciji iz oblasti turizma i za\u0161tite okoli\u0161a.<\/p>\n\n\n\n<p>U svom obra\u0107anju, Herceg zahvalio je svim \u010dlanovima Organizacijskoga odbora koji su omogu\u0107ili uvid u jo\u0161 nepredstavljene, pa i neotkrivene bisere, atraktivne i sna\u017ene turisti\u010dke potencijale koji \u010dekaju na procvat, onaj procvat koji \u0107e polu\u010diti novi turisti\u010dki zamah i na\u0161ega grada i na\u0161e \u017eupanije.<\/p>\n\n\n\n<p>\u201dNo, prije svega, od srca i s neskrivenom rado\u0161\u0107u \u010destitam dana\u0161nje potpisivanje dokumenta kojim je osvjedo\u010deno prijateljstvo Mostara i Osijeka podignuto na razinu bratskih odnosa. Osobite rije\u010di zahvale upu\u0107ujem \u017eupanu Ivanu Anu\u0161i\u0107u i na\u0161im prijateljima iz Osje\u010dko-baranjske \u017eupanije koji su, u nebrojeno navrata, posvjedo\u010dili svoju iskrenu emociju prema Mostaru i HN\u017d-u, premo\u0161\u0107uju\u0107i administrativno-tehni\u010dke barijere me\u0111u nama.<\/p>\n\n\n\n<p>Dragi Osje\u010dani, ali ni\u0161ta manje i na\u0161i prijatelji Zadrani i Solinjani, hvala Vam na tomu!\u201d, kazao je Herceg.<\/p>\n\n\n\n<p>Tako\u0111er je istaknuo kako je Vlada HN\u017d pouzdan i predan partner turisti\u010dkom sektoru, te kako kontinuirano pru\u017ea sna\u017ean poticaj razvitku turizma kao strate\u0161ke gospodarske grane u na\u0161oj \u017eupaniji.<\/p>\n\n\n\n<p>\u201dOdr\u017eivi razvitak turizma, uz za\u0161titu okoli\u0161a, jedan je od najbitnijih ciljeva sadr\u017eanih u multisektorskoj integriranoj Strategiji razvitka HN\u017d za razdoblje 2021. \u2013 2027. godine, kao i nedavno usvojenoj Strategiji ruralnoga razvitka za isto razdoblje.<\/p>\n\n\n\n<p>Na\u0161a je misija osna\u017eiti proces kojim \u0107emo \u017dupaniju pretvoriti u jo\u0161 privla\u010dniju i gospodarski konkurentniju regiju uravnote\u017eenog i odr\u017eivog razvitka, privla\u010dne prirodne i kulturne ba\u0161tine i visoke kvalitete \u017eivota.<\/p>\n\n\n\n<p>One koji kontinuirano prate rad Vlade HN\u017d, na\u0161e stalno pru\u017eanje maksimalne mogu\u0107e potpore projektima koji razvijaju turizam, na\u0161e davanje vjetra u jedra projektima koji podi\u017eu razinu svijesti o nu\u017enosti jo\u0161 sna\u017enijega i jo\u0161 organiziranijega promoviranja na\u0161e prekrasne sredine te na\u0161 neumoran rad na sna\u017enomu pozicioniranju ovoga podneblja na europskoj i svjetskoj turisti\u010dkoj mapi, njih ne\u0107e \u010duditi to \u0161to smo zdu\u0161no podr\u017eali i ovu ideju koja je potekla od \u010detiri mostarske udruge odnosno iz nevladina sektora, \u0161to me posebno raduje\u201d, zaklju\u010dio je Herceg naglasiv\u0161i kako ne dvoji da \u0107e dana\u0161nja Konferencija ispuniti postavljena o\u010dekivanja, te kako \u0107e se prona\u0107i najbolja rje\u0161enja za aktiviranje i odr\u017eivi razvitak turisti\u010dkih potencijala Mostara i cijele na\u0161e \u017eupanije.<\/p>\n\n\n\n<p>Ina\u010de, jedan od glavnih ciljeva odr\u017eavanja Konferencije je da Mostar predstavi neotkrivene prirodne ljepote, pomalo zaboravljenu bogatu kulturnu ba\u0161tinu, povijesna i arheolo\u0161ka nalazi\u0161ta te raznolikost gastro i eno ponude. Me\u0111u dugoro\u010dnim ciljevima Konferencije je uspostaviti stalni dijalog za razmjenu informacija i ideja koji \u0107e poslu\u017eiti kreatorima i donositeljima odluka kao vodi\u010d za razvoj i primjenu.<\/p>\n\n\n\n<p>U sklopu Konferencije odr\u017eana je i panel diskusija o temi \u201dNeiskori\u0161teni turisti\u010dki potencijali \u2013 mogu\u0107nosti i realizacija\u201d.<\/p>\n\n\n\n<p>\/HMS\/<\/p>\n","protected":false},"excerpt":{"rendered":"<p>U Mostaru je danas otvorena me\u0111unarodna stru\u010dna konferencija \u201cMostar \u2013 neotkriveni turisti\u010dki potencijali\u201d, a prisutnima se prigodno obratio Nevenko Herceg, predsjednik Vlade Hercegova\u010dko-neretvanske \u017eupanije. \u201dPotencijal Mostara i HN\u017d-a, pa i cijele BiH je zaista izniman, ali tra\u017ei jo\u0161 ve\u0107u ozbiljnost i poduzetnost u pona\u0161anju i radu svih odgovornih u turisti\u010dkom sektoru, na svim razinama. Turizam [&hellip;]<\/p>\n","protected":false},"author":2,"featured_media":144309,"comment_status":"closed","ping_status":"closed","sticky":false,"template":"","format":"standard","meta":{"h5ap_radio_sources":[],"footnotes":""},"categories":[1],"tags":[],"class_list":["post-144308","post","type-post","status-publish","format-standard","has-post-thumbnail","hentry","category-bihiregija"],"yoast_head":"<!-- This site is optimized with the Yoast SEO plugin v27.5 - https:\/\/yoast.com\/product\/yoast-seo-wordpress\/ -->\n<title>Herceg: Odr\u017eivi razvitak turizma jedan je od najva\u017enijih ciljeva strategije razvitka HN\u017d-a - RADIO LJUBU\u0160KI<\/title>\n<meta name=\"robots\" content=\"index, follow, max-snippet:-1, max-image-preview:large, max-video-preview:-1\" \/>\n<link rel=\"canonical\" href=\"https:\/\/radioljubuski.ba\/index.php\/2022\/05\/26\/herceg-odrzivi-razvitak-turizma-jedan-je-od-najvaznijih-ciljeva-strategije-razvitka-hnz-a\/\" \/>\n<meta property=\"og:locale\" content=\"hr_HR\" \/>\n<meta property=\"og:type\" content=\"article\" \/>\n<meta property=\"og:title\" content=\"Herceg: Odr\u017eivi razvitak turizma jedan je od najva\u017enijih ciljeva strategije razvitka HN\u017d-a - RADIO LJUBU\u0160KI\" \/>\n<meta property=\"og:description\" content=\"U Mostaru je danas otvorena me\u0111unarodna stru\u010dna konferencija \u201cMostar \u2013 neotkriveni turisti\u010dki potencijali\u201d, a prisutnima se prigodno obratio Nevenko Herceg, predsjednik Vlade Hercegova\u010dko-neretvanske \u017eupanije. \u201dPotencijal Mostara i HN\u017d-a, pa i cijele BiH je zaista izniman, ali tra\u017ei jo\u0161 ve\u0107u ozbiljnost i poduzetnost u pona\u0161anju i radu svih odgovornih u turisti\u010dkom sektoru, na svim razinama. Turizam [&hellip;]\" \/>\n<meta property=\"og:url\" content=\"https:\/\/radioljubuski.ba\/index.php\/2022\/05\/26\/herceg-odrzivi-razvitak-turizma-jedan-je-od-najvaznijih-ciljeva-strategije-razvitka-hnz-a\/\" \/>\n<meta property=\"og:site_name\" content=\"RADIO LJUBU\u0160KI\" \/>\n<meta property=\"article:publisher\" content=\"https:\/\/www.facebook.com\/Radiio-Ljubuski-1490835324566332\" \/>\n<meta property=\"article:published_time\" content=\"2022-05-26T22:22:02+00:00\" \/>\n<meta property=\"article:modified_time\" content=\"2022-05-26T22:22:05+00:00\" \/>\n<meta property=\"og:image\" content=\"https:\/\/radioljubuski.ba\/wp-content\/uploads\/2022\/05\/283472916_715378166365377_3463036610012042354_n.jpg\" \/>\n\t<meta property=\"og:image:width\" content=\"960\" \/>\n\t<meta property=\"og:image:height\" content=\"640\" \/>\n\t<meta property=\"og:image:type\" content=\"image\/jpeg\" \/>\n<meta name=\"author\" content=\"Radio Ljubu\u0161ki\" \/>\n<meta name=\"twitter:card\" content=\"summary_large_image\" \/>\n<meta name=\"twitter:creator\" content=\"@radioljubuski\" \/>\n<meta name=\"twitter:site\" content=\"@radioljubuski\" \/>\n<meta name=\"twitter:label1\" content=\"Napisao\/la\" \/>\n\t<meta name=\"twitter:data1\" content=\"Radio Ljubu\u0161ki\" \/>\n\t<meta name=\"twitter:label2\" content=\"Procijenjeno vrijeme \u010ditanja\" \/>\n\t<meta name=\"twitter:data2\" content=\"3 minute\" \/>\n<script type=\"application\/ld+json\" class=\"yoast-schema-graph\">{\"@context\":\"https:\\\/\\\/schema.org\",\"@graph\":[{\"@type\":\"Article\",\"@id\":\"https:\\\/\\\/radioljubuski.ba\\\/index.php\\\/2022\\\/05\\\/26\\\/herceg-odrzivi-razvitak-turizma-jedan-je-od-najvaznijih-ciljeva-strategije-razvitka-hnz-a\\\/#article\",\"isPartOf\":{\"@id\":\"https:\\\/\\\/radioljubuski.ba\\\/index.php\\\/2022\\\/05\\\/26\\\/herceg-odrzivi-razvitak-turizma-jedan-je-od-najvaznijih-ciljeva-strategije-razvitka-hnz-a\\\/\"},\"author\":{\"name\":\"Radio Ljubu\u0161ki\",\"@id\":\"https:\\\/\\\/radioljubuski.ba\\\/#\\\/schema\\\/person\\\/19fc700381a780f69665d7956c469e3b\"},\"headline\":\"Herceg: Odr\u017eivi razvitak turizma jedan je od najva\u017enijih ciljeva strategije razvitka HN\u017d-a\",\"datePublished\":\"2022-05-26T22:22:02+00:00\",\"dateModified\":\"2022-05-26T22:22:05+00:00\",\"mainEntityOfPage\":{\"@id\":\"https:\\\/\\\/radioljubuski.ba\\\/index.php\\\/2022\\\/05\\\/26\\\/herceg-odrzivi-razvitak-turizma-jedan-je-od-najvaznijih-ciljeva-strategije-razvitka-hnz-a\\\/\"},\"wordCount\":652,\"publisher\":{\"@id\":\"https:\\\/\\\/radioljubuski.ba\\\/#organization\"},\"image\":{\"@id\":\"https:\\\/\\\/radioljubuski.ba\\\/index.php\\\/2022\\\/05\\\/26\\\/herceg-odrzivi-razvitak-turizma-jedan-je-od-najvaznijih-ciljeva-strategije-razvitka-hnz-a\\\/#primaryimage\"},\"thumbnailUrl\":\"https:\\\/\\\/radioljubuski.ba\\\/wp-content\\\/uploads\\\/2022\\\/05\\\/283472916_715378166365377_3463036610012042354_n.jpg\",\"articleSection\":[\"BIH i regija\"],\"inLanguage\":\"hr\"},{\"@type\":\"WebPage\",\"@id\":\"https:\\\/\\\/radioljubuski.ba\\\/index.php\\\/2022\\\/05\\\/26\\\/herceg-odrzivi-razvitak-turizma-jedan-je-od-najvaznijih-ciljeva-strategije-razvitka-hnz-a\\\/\",\"url\":\"https:\\\/\\\/radioljubuski.ba\\\/index.php\\\/2022\\\/05\\\/26\\\/herceg-odrzivi-razvitak-turizma-jedan-je-od-najvaznijih-ciljeva-strategije-razvitka-hnz-a\\\/\",\"name\":\"Herceg: Odr\u017eivi razvitak turizma jedan je od najva\u017enijih ciljeva strategije razvitka HN\u017d-a - RADIO LJUBU\u0160KI\",\"isPartOf\":{\"@id\":\"https:\\\/\\\/radioljubuski.ba\\\/#website\"},\"primaryImageOfPage\":{\"@id\":\"https:\\\/\\\/radioljubuski.ba\\\/index.php\\\/2022\\\/05\\\/26\\\/herceg-odrzivi-razvitak-turizma-jedan-je-od-najvaznijih-ciljeva-strategije-razvitka-hnz-a\\\/#primaryimage\"},\"image\":{\"@id\":\"https:\\\/\\\/radioljubuski.ba\\\/index.php\\\/2022\\\/05\\\/26\\\/herceg-odrzivi-razvitak-turizma-jedan-je-od-najvaznijih-ciljeva-strategije-razvitka-hnz-a\\\/#primaryimage\"},\"thumbnailUrl\":\"https:\\\/\\\/radioljubuski.ba\\\/wp-content\\\/uploads\\\/2022\\\/05\\\/283472916_715378166365377_3463036610012042354_n.jpg\",\"datePublished\":\"2022-05-26T22:22:02+00:00\",\"dateModified\":\"2022-05-26T22:22:05+00:00\",\"breadcrumb\":{\"@id\":\"https:\\\/\\\/radioljubuski.ba\\\/index.php\\\/2022\\\/05\\\/26\\\/herceg-odrzivi-razvitak-turizma-jedan-je-od-najvaznijih-ciljeva-strategije-razvitka-hnz-a\\\/#breadcrumb\"},\"inLanguage\":\"hr\",\"potentialAction\":[{\"@type\":\"ReadAction\",\"target\":[\"https:\\\/\\\/radioljubuski.ba\\\/index.php\\\/2022\\\/05\\\/26\\\/herceg-odrzivi-razvitak-turizma-jedan-je-od-najvaznijih-ciljeva-strategije-razvitka-hnz-a\\\/\"]}]},{\"@type\":\"ImageObject\",\"inLanguage\":\"hr\",\"@id\":\"https:\\\/\\\/radioljubuski.ba\\\/index.php\\\/2022\\\/05\\\/26\\\/herceg-odrzivi-razvitak-turizma-jedan-je-od-najvaznijih-ciljeva-strategije-razvitka-hnz-a\\\/#primaryimage\",\"url\":\"https:\\\/\\\/radioljubuski.ba\\\/wp-content\\\/uploads\\\/2022\\\/05\\\/283472916_715378166365377_3463036610012042354_n.jpg\",\"contentUrl\":\"https:\\\/\\\/radioljubuski.ba\\\/wp-content\\\/uploads\\\/2022\\\/05\\\/283472916_715378166365377_3463036610012042354_n.jpg\",\"width\":960,\"height\":640},{\"@type\":\"BreadcrumbList\",\"@id\":\"https:\\\/\\\/radioljubuski.ba\\\/index.php\\\/2022\\\/05\\\/26\\\/herceg-odrzivi-razvitak-turizma-jedan-je-od-najvaznijih-ciljeva-strategije-razvitka-hnz-a\\\/#breadcrumb\",\"itemListElement\":[{\"@type\":\"ListItem\",\"position\":1,\"name\":\"Po\u010detna stranica\",\"item\":\"https:\\\/\\\/radioljubuski.ba\\\/\"},{\"@type\":\"ListItem\",\"position\":2,\"name\":\"Herceg: Odr\u017eivi razvitak turizma jedan je od najva\u017enijih ciljeva strategije razvitka HN\u017d-a\"}]},{\"@type\":\"WebSite\",\"@id\":\"https:\\\/\\\/radioljubuski.ba\\\/#website\",\"url\":\"https:\\\/\\\/radioljubuski.ba\\\/\",\"name\":\"Radio Ljubu\u0161ki\",\"description\":\"Sun\u010dana frekvencija Hercegovine\",\"publisher\":{\"@id\":\"https:\\\/\\\/radioljubuski.ba\\\/#organization\"},\"potentialAction\":[{\"@type\":\"SearchAction\",\"target\":{\"@type\":\"EntryPoint\",\"urlTemplate\":\"https:\\\/\\\/radioljubuski.ba\\\/?s={search_term_string}\"},\"query-input\":{\"@type\":\"PropertyValueSpecification\",\"valueRequired\":true,\"valueName\":\"search_term_string\"}}],\"inLanguage\":\"hr\"},{\"@type\":\"Organization\",\"@id\":\"https:\\\/\\\/radioljubuski.ba\\\/#organization\",\"name\":\"Radio Ljubu\u0161ki\",\"url\":\"https:\\\/\\\/radioljubuski.ba\\\/\",\"logo\":{\"@type\":\"ImageObject\",\"inLanguage\":\"hr\",\"@id\":\"https:\\\/\\\/radioljubuski.ba\\\/#\\\/schema\\\/logo\\\/image\\\/\",\"url\":\"https:\\\/\\\/radioljubuski.ba\\\/wp-content\\\/uploads\\\/2021\\\/02\\\/cropped-Radio_Ljubuski_logo1.jpg\",\"contentUrl\":\"https:\\\/\\\/radioljubuski.ba\\\/wp-content\\\/uploads\\\/2021\\\/02\\\/cropped-Radio_Ljubuski_logo1.jpg\",\"width\":512,\"height\":512,\"caption\":\"Radio Ljubu\u0161ki\"},\"image\":{\"@id\":\"https:\\\/\\\/radioljubuski.ba\\\/#\\\/schema\\\/logo\\\/image\\\/\"},\"sameAs\":[\"https:\\\/\\\/www.facebook.com\\\/Radiio-Ljubuski-1490835324566332\",\"https:\\\/\\\/x.com\\\/radioljubuski\",\"https:\\\/\\\/hr.linkedin.com\\\/company\\\/radio-ljubuski\",\"https:\\\/\\\/www.youtube.com\\\/channel\\\/UCHYaeO_n0Db3tjNGudGpXyw\"]},{\"@type\":\"Person\",\"@id\":\"https:\\\/\\\/radioljubuski.ba\\\/#\\\/schema\\\/person\\\/19fc700381a780f69665d7956c469e3b\",\"name\":\"Radio Ljubu\u0161ki\"}]}<\/script>\n<!-- \/ Yoast SEO plugin. -->","yoast_head_json":{"title":"Herceg: Odr\u017eivi razvitak turizma jedan je od najva\u017enijih ciljeva strategije razvitka HN\u017d-a - RADIO LJUBU\u0160KI","robots":{"index":"index","follow":"follow","max-snippet":"max-snippet:-1","max-image-preview":"max-image-preview:large","max-video-preview":"max-video-preview:-1"},"canonical":"https:\/\/radioljubuski.ba\/index.php\/2022\/05\/26\/herceg-odrzivi-razvitak-turizma-jedan-je-od-najvaznijih-ciljeva-strategije-razvitka-hnz-a\/","og_locale":"hr_HR","og_type":"article","og_title":"Herceg: Odr\u017eivi razvitak turizma jedan je od najva\u017enijih ciljeva strategije razvitka HN\u017d-a - RADIO LJUBU\u0160KI","og_description":"U Mostaru je danas otvorena me\u0111unarodna stru\u010dna konferencija \u201cMostar \u2013 neotkriveni turisti\u010dki potencijali\u201d, a prisutnima se prigodno obratio Nevenko Herceg, predsjednik Vlade Hercegova\u010dko-neretvanske \u017eupanije. \u201dPotencijal Mostara i HN\u017d-a, pa i cijele BiH je zaista izniman, ali tra\u017ei jo\u0161 ve\u0107u ozbiljnost i poduzetnost u pona\u0161anju i radu svih odgovornih u turisti\u010dkom sektoru, na svim razinama. Turizam [&hellip;]","og_url":"https:\/\/radioljubuski.ba\/index.php\/2022\/05\/26\/herceg-odrzivi-razvitak-turizma-jedan-je-od-najvaznijih-ciljeva-strategije-razvitka-hnz-a\/","og_site_name":"RADIO LJUBU\u0160KI","article_publisher":"https:\/\/www.facebook.com\/Radiio-Ljubuski-1490835324566332","article_published_time":"2022-05-26T22:22:02+00:00","article_modified_time":"2022-05-26T22:22:05+00:00","og_image":[{"width":960,"height":640,"url":"https:\/\/radioljubuski.ba\/wp-content\/uploads\/2022\/05\/283472916_715378166365377_3463036610012042354_n.jpg","type":"image\/jpeg"}],"author":"Radio Ljubu\u0161ki","twitter_card":"summary_large_image","twitter_creator":"@radioljubuski","twitter_site":"@radioljubuski","twitter_misc":{"Napisao\/la":"Radio Ljubu\u0161ki","Procijenjeno vrijeme \u010ditanja":"3 minute"},"schema":{"@context":"https:\/\/schema.org","@graph":[{"@type":"Article","@id":"https:\/\/radioljubuski.ba\/index.php\/2022\/05\/26\/herceg-odrzivi-razvitak-turizma-jedan-je-od-najvaznijih-ciljeva-strategije-razvitka-hnz-a\/#article","isPartOf":{"@id":"https:\/\/radioljubuski.ba\/index.php\/2022\/05\/26\/herceg-odrzivi-razvitak-turizma-jedan-je-od-najvaznijih-ciljeva-strategije-razvitka-hnz-a\/"},"author":{"name":"Radio Ljubu\u0161ki","@id":"https:\/\/radioljubuski.ba\/#\/schema\/person\/19fc700381a780f69665d7956c469e3b"},"headline":"Herceg: Odr\u017eivi razvitak turizma jedan je od najva\u017enijih ciljeva strategije razvitka HN\u017d-a","datePublished":"2022-05-26T22:22:02+00:00","dateModified":"2022-05-26T22:22:05+00:00","mainEntityOfPage":{"@id":"https:\/\/radioljubuski.ba\/index.php\/2022\/05\/26\/herceg-odrzivi-razvitak-turizma-jedan-je-od-najvaznijih-ciljeva-strategije-razvitka-hnz-a\/"},"wordCount":652,"publisher":{"@id":"https:\/\/radioljubuski.ba\/#organization"},"image":{"@id":"https:\/\/radioljubuski.ba\/index.php\/2022\/05\/26\/herceg-odrzivi-razvitak-turizma-jedan-je-od-najvaznijih-ciljeva-strategije-razvitka-hnz-a\/#primaryimage"},"thumbnailUrl":"https:\/\/radioljubuski.ba\/wp-content\/uploads\/2022\/05\/283472916_715378166365377_3463036610012042354_n.jpg","articleSection":["BIH i regija"],"inLanguage":"hr"},{"@type":"WebPage","@id":"https:\/\/radioljubuski.ba\/index.php\/2022\/05\/26\/herceg-odrzivi-razvitak-turizma-jedan-je-od-najvaznijih-ciljeva-strategije-razvitka-hnz-a\/","url":"https:\/\/radioljubuski.ba\/index.php\/2022\/05\/26\/herceg-odrzivi-razvitak-turizma-jedan-je-od-najvaznijih-ciljeva-strategije-razvitka-hnz-a\/","name":"Herceg: Odr\u017eivi razvitak turizma jedan je od najva\u017enijih ciljeva strategije razvitka HN\u017d-a - RADIO LJUBU\u0160KI","isPartOf":{"@id":"https:\/\/radioljubuski.ba\/#website"},"primaryImageOfPage":{"@id":"https:\/\/radioljubuski.ba\/index.php\/2022\/05\/26\/herceg-odrzivi-razvitak-turizma-jedan-je-od-najvaznijih-ciljeva-strategije-razvitka-hnz-a\/#primaryimage"},"image":{"@id":"https:\/\/radioljubuski.ba\/index.php\/2022\/05\/26\/herceg-odrzivi-razvitak-turizma-jedan-je-od-najvaznijih-ciljeva-strategije-razvitka-hnz-a\/#primaryimage"},"thumbnailUrl":"https:\/\/radioljubuski.ba\/wp-content\/uploads\/2022\/05\/283472916_715378166365377_3463036610012042354_n.jpg","datePublished":"2022-05-26T22:22:02+00:00","dateModified":"2022-05-26T22:22:05+00:00","breadcrumb":{"@id":"https:\/\/radioljubuski.ba\/index.php\/2022\/05\/26\/herceg-odrzivi-razvitak-turizma-jedan-je-od-najvaznijih-ciljeva-strategije-razvitka-hnz-a\/#breadcrumb"},"inLanguage":"hr","potentialAction":[{"@type":"ReadAction","target":["https:\/\/radioljubuski.ba\/index.php\/2022\/05\/26\/herceg-odrzivi-razvitak-turizma-jedan-je-od-najvaznijih-ciljeva-strategije-razvitka-hnz-a\/"]}]},{"@type":"ImageObject","inLanguage":"hr","@id":"https:\/\/radioljubuski.ba\/index.php\/2022\/05\/26\/herceg-odrzivi-razvitak-turizma-jedan-je-od-najvaznijih-ciljeva-strategije-razvitka-hnz-a\/#primaryimage","url":"https:\/\/radioljubuski.ba\/wp-content\/uploads\/2022\/05\/283472916_715378166365377_3463036610012042354_n.jpg","contentUrl":"https:\/\/radioljubuski.ba\/wp-content\/uploads\/2022\/05\/283472916_715378166365377_3463036610012042354_n.jpg","width":960,"height":640},{"@type":"BreadcrumbList","@id":"https:\/\/radioljubuski.ba\/index.php\/2022\/05\/26\/herceg-odrzivi-razvitak-turizma-jedan-je-od-najvaznijih-ciljeva-strategije-razvitka-hnz-a\/#breadcrumb","itemListElement":[{"@type":"ListItem","position":1,"name":"Po\u010detna stranica","item":"https:\/\/radioljubuski.ba\/"},{"@type":"ListItem","position":2,"name":"Herceg: Odr\u017eivi razvitak turizma jedan je od najva\u017enijih ciljeva strategije razvitka HN\u017d-a"}]},{"@type":"WebSite","@id":"https:\/\/radioljubuski.ba\/#website","url":"https:\/\/radioljubuski.ba\/","name":"Radio Ljubu\u0161ki","description":"Sun\u010dana frekvencija Hercegovine","publisher":{"@id":"https:\/\/radioljubuski.ba\/#organization"},"potentialAction":[{"@type":"SearchAction","target":{"@type":"EntryPoint","urlTemplate":"https:\/\/radioljubuski.ba\/?s={search_term_string}"},"query-input":{"@type":"PropertyValueSpecification","valueRequired":true,"valueName":"search_term_string"}}],"inLanguage":"hr"},{"@type":"Organization","@id":"https:\/\/radioljubuski.ba\/#organization","name":"Radio Ljubu\u0161ki","url":"https:\/\/radioljubuski.ba\/","logo":{"@type":"ImageObject","inLanguage":"hr","@id":"https:\/\/radioljubuski.ba\/#\/schema\/logo\/image\/","url":"https:\/\/radioljubuski.ba\/wp-content\/uploads\/2021\/02\/cropped-Radio_Ljubuski_logo1.jpg","contentUrl":"https:\/\/radioljubuski.ba\/wp-content\/uploads\/2021\/02\/cropped-Radio_Ljubuski_logo1.jpg","width":512,"height":512,"caption":"Radio Ljubu\u0161ki"},"image":{"@id":"https:\/\/radioljubuski.ba\/#\/schema\/logo\/image\/"},"sameAs":["https:\/\/www.facebook.com\/Radiio-Ljubuski-1490835324566332","https:\/\/x.com\/radioljubuski","https:\/\/hr.linkedin.com\/company\/radio-ljubuski","https:\/\/www.youtube.com\/channel\/UCHYaeO_n0Db3tjNGudGpXyw"]},{"@type":"Person","@id":"https:\/\/radioljubuski.ba\/#\/schema\/person\/19fc700381a780f69665d7956c469e3b","name":"Radio Ljubu\u0161ki"}]}},"_links":{"self":[{"href":"https:\/\/radioljubuski.ba\/index.php\/wp-json\/wp\/v2\/posts\/144308","targetHints":{"allow":["GET"]}}],"collection":[{"href":"https:\/\/radioljubuski.ba\/index.php\/wp-json\/wp\/v2\/posts"}],"about":[{"href":"https:\/\/radioljubuski.ba\/index.php\/wp-json\/wp\/v2\/types\/post"}],"author":[{"embeddable":true,"href":"https:\/\/radioljubuski.ba\/index.php\/wp-json\/wp\/v2\/users\/2"}],"replies":[{"embeddable":true,"href":"https:\/\/radioljubuski.ba\/index.php\/wp-json\/wp\/v2\/comments?post=144308"}],"version-history":[{"count":1,"href":"https:\/\/radioljubuski.ba\/index.php\/wp-json\/wp\/v2\/posts\/144308\/revisions"}],"predecessor-version":[{"id":144310,"href":"https:\/\/radioljubuski.ba\/index.php\/wp-json\/wp\/v2\/posts\/144308\/revisions\/144310"}],"wp:featuredmedia":[{"embeddable":true,"href":"https:\/\/radioljubuski.ba\/index.php\/wp-json\/wp\/v2\/media\/144309"}],"wp:attachment":[{"href":"https:\/\/radioljubuski.ba\/index.php\/wp-json\/wp\/v2\/media?parent=144308"}],"wp:term":[{"taxonomy":"category","embeddable":true,"href":"https:\/\/radioljubuski.ba\/index.php\/wp-json\/wp\/v2\/categories?post=144308"},{"taxonomy":"post_tag","embeddable":true,"href":"https:\/\/radioljubuski.ba\/index.php\/wp-json\/wp\/v2\/tags?post=144308"}],"curies":[{"name":"wp","href":"https:\/\/api.w.org\/{rel}","templated":true}]}}