{"id":144313,"date":"2022-05-26T23:25:16","date_gmt":"2022-05-26T22:25:16","guid":{"rendered":"https:\/\/radioljubuski.ba\/?p=144313"},"modified":"2022-05-26T23:25:18","modified_gmt":"2022-05-26T22:25:18","slug":"kvesic-u-skb-u-godisnje-se-napravi-600-do-700-operacija-u-oblasti-djecje-kirurgije","status":"publish","type":"post","link":"https:\/\/radioljubuski.ba\/index.php\/2022\/05\/26\/kvesic-u-skb-u-godisnje-se-napravi-600-do-700-operacija-u-oblasti-djecje-kirurgije\/","title":{"rendered":"Kvesi\u0107: U SKB-u godi\u0161nje se napravi 600 do 700 operacija u oblasti dje\u010dje kirurgije"},"content":{"rendered":"\n<p><strong>Simpozij iz dje\u010dje kirurgije i urologije, na kojemu \u0107e osim predavanja eminentni stru\u010dnjaci izvesti 14 zahtjevnih operativnih zahvata, po\u010deo je u \u010detvrtak na Medicinskom fakultetu Sveu\u010dili\u0161ta u Mostaru (SUM).<\/strong><\/p>\n\n\n\n<iframe loading=\"lazy\" title=\"Na Simpoziju iz dje\u010dje kirurgije i urologije u Mostaru eminentni stru\u010dnjaci iz cijelog svijeta\" width=\"640\" height=\"360\" src=\"https:\/\/www.youtube.com\/embed\/-_1TbLAYxMA?feature=oembed\" frameborder=\"0\" allow=\"accelerometer; autoplay; clipboard-write; encrypted-media; gyroscope; picture-in-picture; web-share\" referrerpolicy=\"strict-origin-when-cross-origin\" allowfullscreen><\/iframe>\n\n\n\n<p>Ovaj, 17. po redu simpozij organizira se nakon dvije godine pauze, a na njemu \u0107e u sljede\u0107a dva dana sudjelovati dje\u010dji kirurzi i urolozi iz Njema\u010dke, Engleske, Katara, \u0160vicarske, Austrije, Italije, Hrvatske, Srbije, Kosova, Albanije, te iz vi\u0161e bh. klini\u010dkih centara.<\/p>\n\n\n\n<p>Ravnatelj Sveu\u010dili\u0161ne klini\u010dke bolnice (SKB) Mostar Ante Kvesi\u0107 kazao je kako se u SKB-u godi\u0161nje napravi 600 do 700 operacija u oblasti dje\u010dje kirurgije.<\/p>\n\n\n\n<p>\u2013 Nekada ranije operacijske sale nam nisu bile ba\u0161 dobre, ali sada su i one i oprema kojom raspola\u017eemo, me\u0111u najboljima. Svake godine radimo na tisu\u0107e operacija, negdje oko 700 iz dje\u010dje kirurgije, a samo kroz simpozije iz dje\u010dje kirurgije i urologije napravili smo 150 kompliciranih operacija zahvaljuju\u0107i na\u0161im gostima koji su dijelom postali Mostarci i hvala im \u0161to ve\u0107 godinama dolaze i u\u010de na\u0161e mlade doktore \u2013 kazao je Kvesi\u0107.<\/p>\n\n\n\n<p>Dodao je kako \u0107e se operacije, kao i do sada, video linkom prenositi u amfiteatru Medicinskog fakulteta.<\/p>\n\n\n\n<p>\u2013 Operacije se prenose toliko \u017eivo i direktno kao da ste tu. Ove godine, za ovaj simpozij pripremili smo 15 djece, jedno se prehladilo pa ga ne\u0107emo operirati, tako da \u0107emo ih imati ukupno 14. Dana\u0161nji dio dobro je pro\u0161ao i za sada je sve u redu \u2013 kazao je Kvesi\u0107.<\/p>\n\n\n\n<p>Stru\u010dnjak iz podru\u010dja dje\u010dje kirurgije i urologije Darko Kropfl iz Essena naglasio je kako je ovaj simpozij velik i va\u017ean doga\u0111aj.<\/p>\n\n\n\n<p>\u2013 Ovo je simpozij na koji dolaze doktori koji su svjetski promijenili lije\u010denje ove malformacije kod djece. Za sve nas koji dolazimo ovdje to je fantasti\u010dna situacija, da mo\u017eemo s tim ljudima raditi te operacije i u\u010diti, te nositi to znanje u zemlje u kojima djelujemo na lije\u010denju te vrlo \u010deste malformacije kod djece \u2013 istaknuo je Kropfl.<\/p>\n\n\n\n<p>Dodaje kako na jedno od 300 poro\u0111aja na svijet dolazi takvo dijete, s manje ili vi\u0161e izra\u017eenom hipospadijom.<\/p>\n\n\n\n<p>\u2013 One mogu biti sudbonosno neugodne za nositelje te bolesti i komplicirane operacije koje se ovdje izvode su bile i ostat \u0107e vrijednost ovog simpozija \u2013 kazao je Kropfl.<\/p>\n\n\n\n<p>Dekan Medicinskog fakulteta SUM-a Ivan \u0106avar istaknuo je kako je ovaj fakultet ponosan \u0161to mo\u017ee biti suorganizator ovakvog doga\u0111aja.<\/p>\n\n\n\n<p>\u2013 Simpozij iz dje\u010dje kirurgije i urologije u Mostaru postao je brend SKB-a, ali i Medicinskog fakulteta. Mi sura\u0111ujemo na svim velikim projektima i jedni bez drugih ne mo\u017eemo. Drago mi je na ovaj simpozij ve\u0107 dugi niz godina dolaze vrhunski predava\u010di i stru\u010dnjaci od kojih se doista ima \u0161to nau\u010diti \u2013 poru\u010dio je \u0106avar.<\/p>\n\n\n\n<p>Po njegovim rije\u010dima, mostarski simpozij je jedan od najja\u010dih simpozija iz podru\u010dja dje\u010dje kirurgije i urologije u jugoisto\u010dnoj Europi, ali i \u0161ire.<\/p>\n\n\n\n<p>\u2013 Iako traje ve\u0107 dugih 17 godina, entuzijazam i radost oko njegove organizacije jo\u0161 uvijek ne spla\u0161njavaju, odnosno na visokoj su razini. Uime Medicinskog fakulteta, ali i u svoje ime, mogu kazati kako \u0107e ovaj fakultet uvijek stajati uz Simpozij i uvijek \u0107e podr\u017eavati ovakve projekte \u2013 kazao je \u0106avar.<\/p>\n\n\n\n<p>Predsjednik Klinike za urologiju SKB-a Mostar Davor Tomi\u0107 mi\u0161ljenja je kako \u0107e Simpozij dati dobre rezultate i pru\u017eiti veliku pomo\u0107 u daljnjem radu SKB-a, te lije\u010denju pacijenata.<\/p>\n\n\n\n<p>Organizator Simpozija je Sveu\u010dili\u0161na klini\u010dka bolnica Mostar u suradnji s Medicinskim fakultetom SUM-a, a doga\u0111aj se boduje Lije\u010dni\u010dka komora Hercegova\u010dko-neretvanske \u017eupanije.<\/p>\n\n\n\n<p>\/HMS\/<\/p>\n","protected":false},"excerpt":{"rendered":"<p>Simpozij iz dje\u010dje kirurgije i urologije, na kojemu \u0107e osim predavanja eminentni stru\u010dnjaci izvesti 14 zahtjevnih operativnih zahvata, po\u010deo je u \u010detvrtak na Medicinskom fakultetu Sveu\u010dili\u0161ta u Mostaru (SUM). Ovaj, 17. po redu simpozij organizira se nakon dvije godine pauze, a na njemu \u0107e u sljede\u0107a dva dana sudjelovati dje\u010dji kirurzi i urolozi iz Njema\u010dke, [&hellip;]<\/p>\n","protected":false},"author":2,"featured_media":144314,"comment_status":"closed","ping_status":"closed","sticky":false,"template":"","format":"standard","meta":{"h5ap_radio_sources":[],"footnotes":""},"categories":[1],"tags":[],"class_list":["post-144313","post","type-post","status-publish","format-standard","has-post-thumbnail","hentry","category-bihiregija"],"yoast_head":"<!-- This site is optimized with the Yoast SEO plugin v27.5 - https:\/\/yoast.com\/product\/yoast-seo-wordpress\/ -->\n<title>Kvesi\u0107: U SKB-u godi\u0161nje se napravi 600 do 700 operacija u oblasti dje\u010dje kirurgije - RADIO LJUBU\u0160KI<\/title>\n<meta name=\"robots\" content=\"index, follow, max-snippet:-1, max-image-preview:large, max-video-preview:-1\" \/>\n<link rel=\"canonical\" href=\"https:\/\/radioljubuski.ba\/index.php\/2022\/05\/26\/kvesic-u-skb-u-godisnje-se-napravi-600-do-700-operacija-u-oblasti-djecje-kirurgije\/\" \/>\n<meta property=\"og:locale\" content=\"hr_HR\" \/>\n<meta property=\"og:type\" content=\"article\" \/>\n<meta property=\"og:title\" content=\"Kvesi\u0107: U SKB-u godi\u0161nje se napravi 600 do 700 operacija u oblasti dje\u010dje kirurgije - RADIO LJUBU\u0160KI\" \/>\n<meta property=\"og:description\" content=\"Simpozij iz dje\u010dje kirurgije i urologije, na kojemu \u0107e osim predavanja eminentni stru\u010dnjaci izvesti 14 zahtjevnih operativnih zahvata, po\u010deo je u \u010detvrtak na Medicinskom fakultetu Sveu\u010dili\u0161ta u Mostaru (SUM). Ovaj, 17. po redu simpozij organizira se nakon dvije godine pauze, a na njemu \u0107e u sljede\u0107a dva dana sudjelovati dje\u010dji kirurzi i urolozi iz Njema\u010dke, [&hellip;]\" \/>\n<meta property=\"og:url\" content=\"https:\/\/radioljubuski.ba\/index.php\/2022\/05\/26\/kvesic-u-skb-u-godisnje-se-napravi-600-do-700-operacija-u-oblasti-djecje-kirurgije\/\" \/>\n<meta property=\"og:site_name\" content=\"RADIO LJUBU\u0160KI\" \/>\n<meta property=\"article:publisher\" content=\"https:\/\/www.facebook.com\/Radiio-Ljubuski-1490835324566332\" \/>\n<meta property=\"article:published_time\" content=\"2022-05-26T22:25:16+00:00\" \/>\n<meta property=\"article:modified_time\" content=\"2022-05-26T22:25:18+00:00\" \/>\n<meta property=\"og:image\" content=\"https:\/\/radioljubuski.ba\/wp-content\/uploads\/2022\/05\/mqdefault-1.jpg\" \/>\n\t<meta property=\"og:image:width\" content=\"320\" \/>\n\t<meta property=\"og:image:height\" content=\"180\" \/>\n\t<meta property=\"og:image:type\" content=\"image\/jpeg\" \/>\n<meta name=\"author\" content=\"Radio Ljubu\u0161ki\" \/>\n<meta name=\"twitter:card\" content=\"summary_large_image\" \/>\n<meta name=\"twitter:creator\" content=\"@radioljubuski\" \/>\n<meta name=\"twitter:site\" content=\"@radioljubuski\" \/>\n<meta name=\"twitter:label1\" content=\"Napisao\/la\" \/>\n\t<meta name=\"twitter:data1\" content=\"Radio Ljubu\u0161ki\" \/>\n\t<meta name=\"twitter:label2\" content=\"Procijenjeno vrijeme \u010ditanja\" \/>\n\t<meta name=\"twitter:data2\" content=\"3 minute\" \/>\n<script type=\"application\/ld+json\" class=\"yoast-schema-graph\">{\"@context\":\"https:\\\/\\\/schema.org\",\"@graph\":[{\"@type\":\"Article\",\"@id\":\"https:\\\/\\\/radioljubuski.ba\\\/index.php\\\/2022\\\/05\\\/26\\\/kvesic-u-skb-u-godisnje-se-napravi-600-do-700-operacija-u-oblasti-djecje-kirurgije\\\/#article\",\"isPartOf\":{\"@id\":\"https:\\\/\\\/radioljubuski.ba\\\/index.php\\\/2022\\\/05\\\/26\\\/kvesic-u-skb-u-godisnje-se-napravi-600-do-700-operacija-u-oblasti-djecje-kirurgije\\\/\"},\"author\":{\"name\":\"Radio Ljubu\u0161ki\",\"@id\":\"https:\\\/\\\/radioljubuski.ba\\\/#\\\/schema\\\/person\\\/19fc700381a780f69665d7956c469e3b\"},\"headline\":\"Kvesi\u0107: U SKB-u godi\u0161nje se napravi 600 do 700 operacija u oblasti dje\u010dje kirurgije\",\"datePublished\":\"2022-05-26T22:25:16+00:00\",\"dateModified\":\"2022-05-26T22:25:18+00:00\",\"mainEntityOfPage\":{\"@id\":\"https:\\\/\\\/radioljubuski.ba\\\/index.php\\\/2022\\\/05\\\/26\\\/kvesic-u-skb-u-godisnje-se-napravi-600-do-700-operacija-u-oblasti-djecje-kirurgije\\\/\"},\"wordCount\":620,\"publisher\":{\"@id\":\"https:\\\/\\\/radioljubuski.ba\\\/#organization\"},\"image\":{\"@id\":\"https:\\\/\\\/radioljubuski.ba\\\/index.php\\\/2022\\\/05\\\/26\\\/kvesic-u-skb-u-godisnje-se-napravi-600-do-700-operacija-u-oblasti-djecje-kirurgije\\\/#primaryimage\"},\"thumbnailUrl\":\"https:\\\/\\\/radioljubuski.ba\\\/wp-content\\\/uploads\\\/2022\\\/05\\\/mqdefault-1.jpg\",\"articleSection\":[\"BIH i regija\"],\"inLanguage\":\"hr\"},{\"@type\":\"WebPage\",\"@id\":\"https:\\\/\\\/radioljubuski.ba\\\/index.php\\\/2022\\\/05\\\/26\\\/kvesic-u-skb-u-godisnje-se-napravi-600-do-700-operacija-u-oblasti-djecje-kirurgije\\\/\",\"url\":\"https:\\\/\\\/radioljubuski.ba\\\/index.php\\\/2022\\\/05\\\/26\\\/kvesic-u-skb-u-godisnje-se-napravi-600-do-700-operacija-u-oblasti-djecje-kirurgije\\\/\",\"name\":\"Kvesi\u0107: U SKB-u godi\u0161nje se napravi 600 do 700 operacija u oblasti dje\u010dje kirurgije - RADIO LJUBU\u0160KI\",\"isPartOf\":{\"@id\":\"https:\\\/\\\/radioljubuski.ba\\\/#website\"},\"primaryImageOfPage\":{\"@id\":\"https:\\\/\\\/radioljubuski.ba\\\/index.php\\\/2022\\\/05\\\/26\\\/kvesic-u-skb-u-godisnje-se-napravi-600-do-700-operacija-u-oblasti-djecje-kirurgije\\\/#primaryimage\"},\"image\":{\"@id\":\"https:\\\/\\\/radioljubuski.ba\\\/index.php\\\/2022\\\/05\\\/26\\\/kvesic-u-skb-u-godisnje-se-napravi-600-do-700-operacija-u-oblasti-djecje-kirurgije\\\/#primaryimage\"},\"thumbnailUrl\":\"https:\\\/\\\/radioljubuski.ba\\\/wp-content\\\/uploads\\\/2022\\\/05\\\/mqdefault-1.jpg\",\"datePublished\":\"2022-05-26T22:25:16+00:00\",\"dateModified\":\"2022-05-26T22:25:18+00:00\",\"breadcrumb\":{\"@id\":\"https:\\\/\\\/radioljubuski.ba\\\/index.php\\\/2022\\\/05\\\/26\\\/kvesic-u-skb-u-godisnje-se-napravi-600-do-700-operacija-u-oblasti-djecje-kirurgije\\\/#breadcrumb\"},\"inLanguage\":\"hr\",\"potentialAction\":[{\"@type\":\"ReadAction\",\"target\":[\"https:\\\/\\\/radioljubuski.ba\\\/index.php\\\/2022\\\/05\\\/26\\\/kvesic-u-skb-u-godisnje-se-napravi-600-do-700-operacija-u-oblasti-djecje-kirurgije\\\/\"]}]},{\"@type\":\"ImageObject\",\"inLanguage\":\"hr\",\"@id\":\"https:\\\/\\\/radioljubuski.ba\\\/index.php\\\/2022\\\/05\\\/26\\\/kvesic-u-skb-u-godisnje-se-napravi-600-do-700-operacija-u-oblasti-djecje-kirurgije\\\/#primaryimage\",\"url\":\"https:\\\/\\\/radioljubuski.ba\\\/wp-content\\\/uploads\\\/2022\\\/05\\\/mqdefault-1.jpg\",\"contentUrl\":\"https:\\\/\\\/radioljubuski.ba\\\/wp-content\\\/uploads\\\/2022\\\/05\\\/mqdefault-1.jpg\",\"width\":320,\"height\":180},{\"@type\":\"BreadcrumbList\",\"@id\":\"https:\\\/\\\/radioljubuski.ba\\\/index.php\\\/2022\\\/05\\\/26\\\/kvesic-u-skb-u-godisnje-se-napravi-600-do-700-operacija-u-oblasti-djecje-kirurgije\\\/#breadcrumb\",\"itemListElement\":[{\"@type\":\"ListItem\",\"position\":1,\"name\":\"Po\u010detna stranica\",\"item\":\"https:\\\/\\\/radioljubuski.ba\\\/\"},{\"@type\":\"ListItem\",\"position\":2,\"name\":\"Kvesi\u0107: U SKB-u godi\u0161nje se napravi 600 do 700 operacija u oblasti dje\u010dje kirurgije\"}]},{\"@type\":\"WebSite\",\"@id\":\"https:\\\/\\\/radioljubuski.ba\\\/#website\",\"url\":\"https:\\\/\\\/radioljubuski.ba\\\/\",\"name\":\"Radio Ljubu\u0161ki\",\"description\":\"Sun\u010dana frekvencija Hercegovine\",\"publisher\":{\"@id\":\"https:\\\/\\\/radioljubuski.ba\\\/#organization\"},\"potentialAction\":[{\"@type\":\"SearchAction\",\"target\":{\"@type\":\"EntryPoint\",\"urlTemplate\":\"https:\\\/\\\/radioljubuski.ba\\\/?s={search_term_string}\"},\"query-input\":{\"@type\":\"PropertyValueSpecification\",\"valueRequired\":true,\"valueName\":\"search_term_string\"}}],\"inLanguage\":\"hr\"},{\"@type\":\"Organization\",\"@id\":\"https:\\\/\\\/radioljubuski.ba\\\/#organization\",\"name\":\"Radio Ljubu\u0161ki\",\"url\":\"https:\\\/\\\/radioljubuski.ba\\\/\",\"logo\":{\"@type\":\"ImageObject\",\"inLanguage\":\"hr\",\"@id\":\"https:\\\/\\\/radioljubuski.ba\\\/#\\\/schema\\\/logo\\\/image\\\/\",\"url\":\"https:\\\/\\\/radioljubuski.ba\\\/wp-content\\\/uploads\\\/2021\\\/02\\\/cropped-Radio_Ljubuski_logo1.jpg\",\"contentUrl\":\"https:\\\/\\\/radioljubuski.ba\\\/wp-content\\\/uploads\\\/2021\\\/02\\\/cropped-Radio_Ljubuski_logo1.jpg\",\"width\":512,\"height\":512,\"caption\":\"Radio Ljubu\u0161ki\"},\"image\":{\"@id\":\"https:\\\/\\\/radioljubuski.ba\\\/#\\\/schema\\\/logo\\\/image\\\/\"},\"sameAs\":[\"https:\\\/\\\/www.facebook.com\\\/Radiio-Ljubuski-1490835324566332\",\"https:\\\/\\\/x.com\\\/radioljubuski\",\"https:\\\/\\\/hr.linkedin.com\\\/company\\\/radio-ljubuski\",\"https:\\\/\\\/www.youtube.com\\\/channel\\\/UCHYaeO_n0Db3tjNGudGpXyw\"]},{\"@type\":\"Person\",\"@id\":\"https:\\\/\\\/radioljubuski.ba\\\/#\\\/schema\\\/person\\\/19fc700381a780f69665d7956c469e3b\",\"name\":\"Radio Ljubu\u0161ki\"}]}<\/script>\n<!-- \/ Yoast SEO plugin. -->","yoast_head_json":{"title":"Kvesi\u0107: U SKB-u godi\u0161nje se napravi 600 do 700 operacija u oblasti dje\u010dje kirurgije - RADIO LJUBU\u0160KI","robots":{"index":"index","follow":"follow","max-snippet":"max-snippet:-1","max-image-preview":"max-image-preview:large","max-video-preview":"max-video-preview:-1"},"canonical":"https:\/\/radioljubuski.ba\/index.php\/2022\/05\/26\/kvesic-u-skb-u-godisnje-se-napravi-600-do-700-operacija-u-oblasti-djecje-kirurgije\/","og_locale":"hr_HR","og_type":"article","og_title":"Kvesi\u0107: U SKB-u godi\u0161nje se napravi 600 do 700 operacija u oblasti dje\u010dje kirurgije - RADIO LJUBU\u0160KI","og_description":"Simpozij iz dje\u010dje kirurgije i urologije, na kojemu \u0107e osim predavanja eminentni stru\u010dnjaci izvesti 14 zahtjevnih operativnih zahvata, po\u010deo je u \u010detvrtak na Medicinskom fakultetu Sveu\u010dili\u0161ta u Mostaru (SUM). Ovaj, 17. po redu simpozij organizira se nakon dvije godine pauze, a na njemu \u0107e u sljede\u0107a dva dana sudjelovati dje\u010dji kirurzi i urolozi iz Njema\u010dke, [&hellip;]","og_url":"https:\/\/radioljubuski.ba\/index.php\/2022\/05\/26\/kvesic-u-skb-u-godisnje-se-napravi-600-do-700-operacija-u-oblasti-djecje-kirurgije\/","og_site_name":"RADIO LJUBU\u0160KI","article_publisher":"https:\/\/www.facebook.com\/Radiio-Ljubuski-1490835324566332","article_published_time":"2022-05-26T22:25:16+00:00","article_modified_time":"2022-05-26T22:25:18+00:00","og_image":[{"width":320,"height":180,"url":"https:\/\/radioljubuski.ba\/wp-content\/uploads\/2022\/05\/mqdefault-1.jpg","type":"image\/jpeg"}],"author":"Radio Ljubu\u0161ki","twitter_card":"summary_large_image","twitter_creator":"@radioljubuski","twitter_site":"@radioljubuski","twitter_misc":{"Napisao\/la":"Radio Ljubu\u0161ki","Procijenjeno vrijeme \u010ditanja":"3 minute"},"schema":{"@context":"https:\/\/schema.org","@graph":[{"@type":"Article","@id":"https:\/\/radioljubuski.ba\/index.php\/2022\/05\/26\/kvesic-u-skb-u-godisnje-se-napravi-600-do-700-operacija-u-oblasti-djecje-kirurgije\/#article","isPartOf":{"@id":"https:\/\/radioljubuski.ba\/index.php\/2022\/05\/26\/kvesic-u-skb-u-godisnje-se-napravi-600-do-700-operacija-u-oblasti-djecje-kirurgije\/"},"author":{"name":"Radio Ljubu\u0161ki","@id":"https:\/\/radioljubuski.ba\/#\/schema\/person\/19fc700381a780f69665d7956c469e3b"},"headline":"Kvesi\u0107: U SKB-u godi\u0161nje se napravi 600 do 700 operacija u oblasti dje\u010dje kirurgije","datePublished":"2022-05-26T22:25:16+00:00","dateModified":"2022-05-26T22:25:18+00:00","mainEntityOfPage":{"@id":"https:\/\/radioljubuski.ba\/index.php\/2022\/05\/26\/kvesic-u-skb-u-godisnje-se-napravi-600-do-700-operacija-u-oblasti-djecje-kirurgije\/"},"wordCount":620,"publisher":{"@id":"https:\/\/radioljubuski.ba\/#organization"},"image":{"@id":"https:\/\/radioljubuski.ba\/index.php\/2022\/05\/26\/kvesic-u-skb-u-godisnje-se-napravi-600-do-700-operacija-u-oblasti-djecje-kirurgije\/#primaryimage"},"thumbnailUrl":"https:\/\/radioljubuski.ba\/wp-content\/uploads\/2022\/05\/mqdefault-1.jpg","articleSection":["BIH i regija"],"inLanguage":"hr"},{"@type":"WebPage","@id":"https:\/\/radioljubuski.ba\/index.php\/2022\/05\/26\/kvesic-u-skb-u-godisnje-se-napravi-600-do-700-operacija-u-oblasti-djecje-kirurgije\/","url":"https:\/\/radioljubuski.ba\/index.php\/2022\/05\/26\/kvesic-u-skb-u-godisnje-se-napravi-600-do-700-operacija-u-oblasti-djecje-kirurgije\/","name":"Kvesi\u0107: U SKB-u godi\u0161nje se napravi 600 do 700 operacija u oblasti dje\u010dje kirurgije - RADIO LJUBU\u0160KI","isPartOf":{"@id":"https:\/\/radioljubuski.ba\/#website"},"primaryImageOfPage":{"@id":"https:\/\/radioljubuski.ba\/index.php\/2022\/05\/26\/kvesic-u-skb-u-godisnje-se-napravi-600-do-700-operacija-u-oblasti-djecje-kirurgije\/#primaryimage"},"image":{"@id":"https:\/\/radioljubuski.ba\/index.php\/2022\/05\/26\/kvesic-u-skb-u-godisnje-se-napravi-600-do-700-operacija-u-oblasti-djecje-kirurgije\/#primaryimage"},"thumbnailUrl":"https:\/\/radioljubuski.ba\/wp-content\/uploads\/2022\/05\/mqdefault-1.jpg","datePublished":"2022-05-26T22:25:16+00:00","dateModified":"2022-05-26T22:25:18+00:00","breadcrumb":{"@id":"https:\/\/radioljubuski.ba\/index.php\/2022\/05\/26\/kvesic-u-skb-u-godisnje-se-napravi-600-do-700-operacija-u-oblasti-djecje-kirurgije\/#breadcrumb"},"inLanguage":"hr","potentialAction":[{"@type":"ReadAction","target":["https:\/\/radioljubuski.ba\/index.php\/2022\/05\/26\/kvesic-u-skb-u-godisnje-se-napravi-600-do-700-operacija-u-oblasti-djecje-kirurgije\/"]}]},{"@type":"ImageObject","inLanguage":"hr","@id":"https:\/\/radioljubuski.ba\/index.php\/2022\/05\/26\/kvesic-u-skb-u-godisnje-se-napravi-600-do-700-operacija-u-oblasti-djecje-kirurgije\/#primaryimage","url":"https:\/\/radioljubuski.ba\/wp-content\/uploads\/2022\/05\/mqdefault-1.jpg","contentUrl":"https:\/\/radioljubuski.ba\/wp-content\/uploads\/2022\/05\/mqdefault-1.jpg","width":320,"height":180},{"@type":"BreadcrumbList","@id":"https:\/\/radioljubuski.ba\/index.php\/2022\/05\/26\/kvesic-u-skb-u-godisnje-se-napravi-600-do-700-operacija-u-oblasti-djecje-kirurgije\/#breadcrumb","itemListElement":[{"@type":"ListItem","position":1,"name":"Po\u010detna stranica","item":"https:\/\/radioljubuski.ba\/"},{"@type":"ListItem","position":2,"name":"Kvesi\u0107: U SKB-u godi\u0161nje se napravi 600 do 700 operacija u oblasti dje\u010dje kirurgije"}]},{"@type":"WebSite","@id":"https:\/\/radioljubuski.ba\/#website","url":"https:\/\/radioljubuski.ba\/","name":"Radio Ljubu\u0161ki","description":"Sun\u010dana frekvencija Hercegovine","publisher":{"@id":"https:\/\/radioljubuski.ba\/#organization"},"potentialAction":[{"@type":"SearchAction","target":{"@type":"EntryPoint","urlTemplate":"https:\/\/radioljubuski.ba\/?s={search_term_string}"},"query-input":{"@type":"PropertyValueSpecification","valueRequired":true,"valueName":"search_term_string"}}],"inLanguage":"hr"},{"@type":"Organization","@id":"https:\/\/radioljubuski.ba\/#organization","name":"Radio Ljubu\u0161ki","url":"https:\/\/radioljubuski.ba\/","logo":{"@type":"ImageObject","inLanguage":"hr","@id":"https:\/\/radioljubuski.ba\/#\/schema\/logo\/image\/","url":"https:\/\/radioljubuski.ba\/wp-content\/uploads\/2021\/02\/cropped-Radio_Ljubuski_logo1.jpg","contentUrl":"https:\/\/radioljubuski.ba\/wp-content\/uploads\/2021\/02\/cropped-Radio_Ljubuski_logo1.jpg","width":512,"height":512,"caption":"Radio Ljubu\u0161ki"},"image":{"@id":"https:\/\/radioljubuski.ba\/#\/schema\/logo\/image\/"},"sameAs":["https:\/\/www.facebook.com\/Radiio-Ljubuski-1490835324566332","https:\/\/x.com\/radioljubuski","https:\/\/hr.linkedin.com\/company\/radio-ljubuski","https:\/\/www.youtube.com\/channel\/UCHYaeO_n0Db3tjNGudGpXyw"]},{"@type":"Person","@id":"https:\/\/radioljubuski.ba\/#\/schema\/person\/19fc700381a780f69665d7956c469e3b","name":"Radio Ljubu\u0161ki"}]}},"_links":{"self":[{"href":"https:\/\/radioljubuski.ba\/index.php\/wp-json\/wp\/v2\/posts\/144313","targetHints":{"allow":["GET"]}}],"collection":[{"href":"https:\/\/radioljubuski.ba\/index.php\/wp-json\/wp\/v2\/posts"}],"about":[{"href":"https:\/\/radioljubuski.ba\/index.php\/wp-json\/wp\/v2\/types\/post"}],"author":[{"embeddable":true,"href":"https:\/\/radioljubuski.ba\/index.php\/wp-json\/wp\/v2\/users\/2"}],"replies":[{"embeddable":true,"href":"https:\/\/radioljubuski.ba\/index.php\/wp-json\/wp\/v2\/comments?post=144313"}],"version-history":[{"count":1,"href":"https:\/\/radioljubuski.ba\/index.php\/wp-json\/wp\/v2\/posts\/144313\/revisions"}],"predecessor-version":[{"id":144315,"href":"https:\/\/radioljubuski.ba\/index.php\/wp-json\/wp\/v2\/posts\/144313\/revisions\/144315"}],"wp:featuredmedia":[{"embeddable":true,"href":"https:\/\/radioljubuski.ba\/index.php\/wp-json\/wp\/v2\/media\/144314"}],"wp:attachment":[{"href":"https:\/\/radioljubuski.ba\/index.php\/wp-json\/wp\/v2\/media?parent=144313"}],"wp:term":[{"taxonomy":"category","embeddable":true,"href":"https:\/\/radioljubuski.ba\/index.php\/wp-json\/wp\/v2\/categories?post=144313"},{"taxonomy":"post_tag","embeddable":true,"href":"https:\/\/radioljubuski.ba\/index.php\/wp-json\/wp\/v2\/tags?post=144313"}],"curies":[{"name":"wp","href":"https:\/\/api.w.org\/{rel}","templated":true}]}}