{"id":144316,"date":"2022-05-26T23:28:03","date_gmt":"2022-05-26T22:28:03","guid":{"rendered":"https:\/\/radioljubuski.ba\/?p=144316"},"modified":"2022-05-26T23:28:04","modified_gmt":"2022-05-26T22:28:04","slug":"kordic-cilj-nam-je-brendirati-hercegovinu-kao-turisticku-regiju","status":"publish","type":"post","link":"https:\/\/radioljubuski.ba\/index.php\/2022\/05\/26\/kordic-cilj-nam-je-brendirati-hercegovinu-kao-turisticku-regiju\/","title":{"rendered":"Kordi\u0107: Cilj nam je brendirati Hercegovinu kao turisti\u010dku regiju"},"content":{"rendered":"\n<p><strong>Prva Me\u0111unarodna stru\u010dna konferencija iz oblasti turizma i za\u0161tite okoli\u0161a, \u010dija je tema bila turisti\u010dki potencijali Mostara i Hercegovine, odr\u017eana je u \u010detvrtak u Mostaru.<\/strong><\/p>\n\n\n\n<p>Konferencija je odr\u017eana pod pokroviteljstvom Grada Mostara, u organizaciji udruga \u201eNa\u0161 Rodo\u010d\u201d, \u201eNa\u0161a Radobolja\u201d, \u201eEko Kop\u201d i \u201eZvonigrad\u201d. Okupila je stru\u010dnjake, profesore i turisti\u010dke djelatnike te gradona\u010delnike paneliste iz Solina, Zadra, Osijeka i Ljubu\u0161kog.<\/p>\n\n\n\n<p>Gradona\u010delnik Mostara Mario Kordi\u0107 podsjetio je kako je upravo turizam strate\u0161ka grana razvoja Mostara.<\/p>\n\n\n\n<p>\u2013 Interesantna je pri\u010da da su ovu konferenciju inicirale na\u0161e \u010detiri udruge, aktivne po pitanju turizma. Bit \u0107e prezentirano vi\u0161e projekata i onda \u0107emo istra\u017eiti na\u0161e mogu\u0107nosti kako bi to ostvarili \u2013 izjavio je Kordi\u0107.<\/p>\n\n\n\n<p>Gradona\u010delnik je naglasio kako Mostar je koncept nove gradske uprave brendiranje i povezivanje Hercegovine kroz turizam, s primarnim ciljem da Mostar postane prepoznatljiva turisti\u010dka destinacija u kojoj bi se gosti iz cijeloga svijeta zadr\u017eavali tri, pet ili vi\u0161e dana.<\/p>\n\n\n\n<p>\u2013 Mostar je sjedi\u0161te HN\u017d-a te gravitacijsko sredi\u0161te Zapadnohercegova\u010dke \u017eupanije i cilj nam je da mi kao sredi\u0161te budemo lideri i poguramo tu pri\u010du turisti\u010dkog brendiranja. Ne treba nam se doga\u0111ati ono \u0161to sada imamo, a to je da ljudi dolaze u posjetu Me\u0111ugorju, Mostaru i Kravici i onda s tim ta turisti\u010dka pri\u010da zavr\u0161i. To je nama neprihvatljiv koncept \u2013 zaklju\u010dio je Kordi\u0107.<\/p>\n\n\n\n<p>Gradona\u010delnik Osijeka Ivan Radi\u0107 je rekao kako su Mostar i Osijek dva sli\u010dna grada te kako se raduje suradnji.<\/p>\n\n\n\n<p>\u2013 Po pitanju turizma, mislim da imamo puno stvari gdje jo\u0161 mo\u017eemo produbiti suradnju. Mostar i Osijek su sveu\u010dili\u0161ni centri, gospodarska, kulturna, zdravstvena sredi\u0161ta svojih regija. Mislim da kroz odre\u0111ena iskustva ta suradnja mo\u017ee biti bolja i plodonosnija. Zato i jesmo postali gradovi prijatelji i siguran sam da \u0107e se to u budu\u0107nosti vidjeti \u2013 ustvrdio je osje\u010dki gradona\u010delnik.<\/p>\n\n\n\n<p>Zamjenik solinskog gradona\u010delnika Ivica Raku\u0161i\u0107 ukazao je na sli\u010dnosti Solina i Mostara.<\/p>\n\n\n\n<p>\u2013 Solin i Mostar imaju veliki broj poveznica. Naime, oba grada imaju bogatu kulturno-povijesnu i prirodnu ba\u0161tinu, a ono \u0161to je meni zanimljivo je industrijska ba\u0161tina. I Solin i Mostar imaju naslije\u0111enu te\u0161ku baznu industriju. Mislim da \u0107e biti zanimljivo vidjeti na koji na\u010din mo\u017eemo reinterpretirati taj prostor i prilagoditi ga za drugi sadr\u017eaj \u2013 izjavio je Raku\u0161i\u0107.<\/p>\n\n\n\n<p>Po njegovim rije\u010dima, uz pomo\u0107 europskih sredstava mogu\u0107e je taj napu\u0161teni industrijski prostor ponovno staviti u funkciju.<\/p>\n\n\n\n<p>\u2013 Veselim se konkretizaciji suradnje izme\u0111u Mostara i Solina. Mostar je prekrasan i bogat grad, dodir istoka i zapada daje mu posebnu dra\u017e te, po meni, i dalje ima neotkriveni turisti\u010dki potencijal \u2013 kazao je Raku\u0161i\u0107.<\/p>\n\n\n\n<p>Na konferenciji o turizmu sudjelovao je i gradona\u010delnik Zadra Branko Duki\u0107, koji je govorio o iskustvima tog jadranskog grada.<\/p>\n\n\n\n<p>\u2013 \u017delimo unaprijediti postoje\u0107e dobre odnose izme\u0111u Mostara i Zadra. Uvijek je dobro \u010duti i druga\u010dija razmi\u0161ljanja jer svaki grad koji se razvija mora obilaziti druge gradove, kako bi podijelio i dobio iskustva \u2013 kazao je zadarski gradona\u010delnik.<\/p>\n\n\n\n<p>Mostar i Hercegovine imaju ogroman turisti\u010dkih potencijal, izjavio je \u017eupan Osje\u010dko-baranjske \u017eupanije Ivan Anu\u0161i\u0107.<\/p>\n\n\n\n<p>\u2013 Morate turizam brendirati i marketin\u0161ki dobro predstaviti kako bi otvorili novu gospodarsku granu koja \u0107e odmah pove\u0107ati broj zaposlenih te pove\u0107ati prihode. Mislim da su Mostar i Hercegovina na jako dobrom putu \u2013 poru\u010dio je Anu\u0161i\u0107.<\/p>\n\n\n\n<p>\/HMS\/<\/p>\n","protected":false},"excerpt":{"rendered":"<p>Prva Me\u0111unarodna stru\u010dna konferencija iz oblasti turizma i za\u0161tite okoli\u0161a, \u010dija je tema bila turisti\u010dki potencijali Mostara i Hercegovine, odr\u017eana je u \u010detvrtak u Mostaru. Konferencija je odr\u017eana pod pokroviteljstvom Grada Mostara, u organizaciji udruga \u201eNa\u0161 Rodo\u010d\u201d, \u201eNa\u0161a Radobolja\u201d, \u201eEko Kop\u201d i \u201eZvonigrad\u201d. Okupila je stru\u010dnjake, profesore i turisti\u010dke djelatnike te gradona\u010delnike paneliste iz Solina, [&hellip;]<\/p>\n","protected":false},"author":2,"featured_media":144317,"comment_status":"closed","ping_status":"closed","sticky":false,"template":"","format":"standard","meta":{"h5ap_radio_sources":[],"footnotes":""},"categories":[1],"tags":[],"class_list":["post-144316","post","type-post","status-publish","format-standard","has-post-thumbnail","hentry","category-bihiregija"],"yoast_head":"<!-- This site is optimized with the Yoast SEO plugin v27.5 - https:\/\/yoast.com\/product\/yoast-seo-wordpress\/ -->\n<title>Kordi\u0107: Cilj nam je brendirati Hercegovinu kao turisti\u010dku regiju - RADIO LJUBU\u0160KI<\/title>\n<meta name=\"robots\" content=\"index, follow, max-snippet:-1, max-image-preview:large, max-video-preview:-1\" \/>\n<link rel=\"canonical\" href=\"https:\/\/radioljubuski.ba\/index.php\/2022\/05\/26\/kordic-cilj-nam-je-brendirati-hercegovinu-kao-turisticku-regiju\/\" \/>\n<meta property=\"og:locale\" content=\"hr_HR\" \/>\n<meta property=\"og:type\" content=\"article\" \/>\n<meta property=\"og:title\" content=\"Kordi\u0107: Cilj nam je brendirati Hercegovinu kao turisti\u010dku regiju - RADIO LJUBU\u0160KI\" \/>\n<meta property=\"og:description\" content=\"Prva Me\u0111unarodna stru\u010dna konferencija iz oblasti turizma i za\u0161tite okoli\u0161a, \u010dija je tema bila turisti\u010dki potencijali Mostara i Hercegovine, odr\u017eana je u \u010detvrtak u Mostaru. Konferencija je odr\u017eana pod pokroviteljstvom Grada Mostara, u organizaciji udruga \u201eNa\u0161 Rodo\u010d\u201d, \u201eNa\u0161a Radobolja\u201d, \u201eEko Kop\u201d i \u201eZvonigrad\u201d. Okupila je stru\u010dnjake, profesore i turisti\u010dke djelatnike te gradona\u010delnike paneliste iz Solina, [&hellip;]\" \/>\n<meta property=\"og:url\" content=\"https:\/\/radioljubuski.ba\/index.php\/2022\/05\/26\/kordic-cilj-nam-je-brendirati-hercegovinu-kao-turisticku-regiju\/\" \/>\n<meta property=\"og:site_name\" content=\"RADIO LJUBU\u0160KI\" \/>\n<meta property=\"article:publisher\" content=\"https:\/\/www.facebook.com\/Radiio-Ljubuski-1490835324566332\" \/>\n<meta property=\"article:published_time\" content=\"2022-05-26T22:28:03+00:00\" \/>\n<meta property=\"article:modified_time\" content=\"2022-05-26T22:28:04+00:00\" \/>\n<meta property=\"og:image\" content=\"https:\/\/radioljubuski.ba\/wp-content\/uploads\/2022\/05\/kordic.jpg\" \/>\n\t<meta property=\"og:image:width\" content=\"1000\" \/>\n\t<meta property=\"og:image:height\" content=\"625\" \/>\n\t<meta property=\"og:image:type\" content=\"image\/jpeg\" \/>\n<meta name=\"author\" content=\"Radio Ljubu\u0161ki\" \/>\n<meta name=\"twitter:card\" content=\"summary_large_image\" \/>\n<meta name=\"twitter:creator\" content=\"@radioljubuski\" \/>\n<meta name=\"twitter:site\" content=\"@radioljubuski\" \/>\n<meta name=\"twitter:label1\" content=\"Napisao\/la\" \/>\n\t<meta name=\"twitter:data1\" content=\"Radio Ljubu\u0161ki\" \/>\n\t<meta name=\"twitter:label2\" content=\"Procijenjeno vrijeme \u010ditanja\" \/>\n\t<meta name=\"twitter:data2\" content=\"3 minute\" \/>\n<script type=\"application\/ld+json\" class=\"yoast-schema-graph\">{\"@context\":\"https:\\\/\\\/schema.org\",\"@graph\":[{\"@type\":\"Article\",\"@id\":\"https:\\\/\\\/radioljubuski.ba\\\/index.php\\\/2022\\\/05\\\/26\\\/kordic-cilj-nam-je-brendirati-hercegovinu-kao-turisticku-regiju\\\/#article\",\"isPartOf\":{\"@id\":\"https:\\\/\\\/radioljubuski.ba\\\/index.php\\\/2022\\\/05\\\/26\\\/kordic-cilj-nam-je-brendirati-hercegovinu-kao-turisticku-regiju\\\/\"},\"author\":{\"name\":\"Radio Ljubu\u0161ki\",\"@id\":\"https:\\\/\\\/radioljubuski.ba\\\/#\\\/schema\\\/person\\\/19fc700381a780f69665d7956c469e3b\"},\"headline\":\"Kordi\u0107: Cilj nam je brendirati Hercegovinu kao turisti\u010dku regiju\",\"datePublished\":\"2022-05-26T22:28:03+00:00\",\"dateModified\":\"2022-05-26T22:28:04+00:00\",\"mainEntityOfPage\":{\"@id\":\"https:\\\/\\\/radioljubuski.ba\\\/index.php\\\/2022\\\/05\\\/26\\\/kordic-cilj-nam-je-brendirati-hercegovinu-kao-turisticku-regiju\\\/\"},\"wordCount\":596,\"publisher\":{\"@id\":\"https:\\\/\\\/radioljubuski.ba\\\/#organization\"},\"image\":{\"@id\":\"https:\\\/\\\/radioljubuski.ba\\\/index.php\\\/2022\\\/05\\\/26\\\/kordic-cilj-nam-je-brendirati-hercegovinu-kao-turisticku-regiju\\\/#primaryimage\"},\"thumbnailUrl\":\"https:\\\/\\\/radioljubuski.ba\\\/wp-content\\\/uploads\\\/2022\\\/05\\\/kordic.jpg\",\"articleSection\":[\"BIH i regija\"],\"inLanguage\":\"hr\"},{\"@type\":\"WebPage\",\"@id\":\"https:\\\/\\\/radioljubuski.ba\\\/index.php\\\/2022\\\/05\\\/26\\\/kordic-cilj-nam-je-brendirati-hercegovinu-kao-turisticku-regiju\\\/\",\"url\":\"https:\\\/\\\/radioljubuski.ba\\\/index.php\\\/2022\\\/05\\\/26\\\/kordic-cilj-nam-je-brendirati-hercegovinu-kao-turisticku-regiju\\\/\",\"name\":\"Kordi\u0107: Cilj nam je brendirati Hercegovinu kao turisti\u010dku regiju - RADIO LJUBU\u0160KI\",\"isPartOf\":{\"@id\":\"https:\\\/\\\/radioljubuski.ba\\\/#website\"},\"primaryImageOfPage\":{\"@id\":\"https:\\\/\\\/radioljubuski.ba\\\/index.php\\\/2022\\\/05\\\/26\\\/kordic-cilj-nam-je-brendirati-hercegovinu-kao-turisticku-regiju\\\/#primaryimage\"},\"image\":{\"@id\":\"https:\\\/\\\/radioljubuski.ba\\\/index.php\\\/2022\\\/05\\\/26\\\/kordic-cilj-nam-je-brendirati-hercegovinu-kao-turisticku-regiju\\\/#primaryimage\"},\"thumbnailUrl\":\"https:\\\/\\\/radioljubuski.ba\\\/wp-content\\\/uploads\\\/2022\\\/05\\\/kordic.jpg\",\"datePublished\":\"2022-05-26T22:28:03+00:00\",\"dateModified\":\"2022-05-26T22:28:04+00:00\",\"breadcrumb\":{\"@id\":\"https:\\\/\\\/radioljubuski.ba\\\/index.php\\\/2022\\\/05\\\/26\\\/kordic-cilj-nam-je-brendirati-hercegovinu-kao-turisticku-regiju\\\/#breadcrumb\"},\"inLanguage\":\"hr\",\"potentialAction\":[{\"@type\":\"ReadAction\",\"target\":[\"https:\\\/\\\/radioljubuski.ba\\\/index.php\\\/2022\\\/05\\\/26\\\/kordic-cilj-nam-je-brendirati-hercegovinu-kao-turisticku-regiju\\\/\"]}]},{\"@type\":\"ImageObject\",\"inLanguage\":\"hr\",\"@id\":\"https:\\\/\\\/radioljubuski.ba\\\/index.php\\\/2022\\\/05\\\/26\\\/kordic-cilj-nam-je-brendirati-hercegovinu-kao-turisticku-regiju\\\/#primaryimage\",\"url\":\"https:\\\/\\\/radioljubuski.ba\\\/wp-content\\\/uploads\\\/2022\\\/05\\\/kordic.jpg\",\"contentUrl\":\"https:\\\/\\\/radioljubuski.ba\\\/wp-content\\\/uploads\\\/2022\\\/05\\\/kordic.jpg\",\"width\":1000,\"height\":625},{\"@type\":\"BreadcrumbList\",\"@id\":\"https:\\\/\\\/radioljubuski.ba\\\/index.php\\\/2022\\\/05\\\/26\\\/kordic-cilj-nam-je-brendirati-hercegovinu-kao-turisticku-regiju\\\/#breadcrumb\",\"itemListElement\":[{\"@type\":\"ListItem\",\"position\":1,\"name\":\"Po\u010detna stranica\",\"item\":\"https:\\\/\\\/radioljubuski.ba\\\/\"},{\"@type\":\"ListItem\",\"position\":2,\"name\":\"Kordi\u0107: Cilj nam je brendirati Hercegovinu kao turisti\u010dku regiju\"}]},{\"@type\":\"WebSite\",\"@id\":\"https:\\\/\\\/radioljubuski.ba\\\/#website\",\"url\":\"https:\\\/\\\/radioljubuski.ba\\\/\",\"name\":\"Radio Ljubu\u0161ki\",\"description\":\"Sun\u010dana frekvencija Hercegovine\",\"publisher\":{\"@id\":\"https:\\\/\\\/radioljubuski.ba\\\/#organization\"},\"potentialAction\":[{\"@type\":\"SearchAction\",\"target\":{\"@type\":\"EntryPoint\",\"urlTemplate\":\"https:\\\/\\\/radioljubuski.ba\\\/?s={search_term_string}\"},\"query-input\":{\"@type\":\"PropertyValueSpecification\",\"valueRequired\":true,\"valueName\":\"search_term_string\"}}],\"inLanguage\":\"hr\"},{\"@type\":\"Organization\",\"@id\":\"https:\\\/\\\/radioljubuski.ba\\\/#organization\",\"name\":\"Radio Ljubu\u0161ki\",\"url\":\"https:\\\/\\\/radioljubuski.ba\\\/\",\"logo\":{\"@type\":\"ImageObject\",\"inLanguage\":\"hr\",\"@id\":\"https:\\\/\\\/radioljubuski.ba\\\/#\\\/schema\\\/logo\\\/image\\\/\",\"url\":\"https:\\\/\\\/radioljubuski.ba\\\/wp-content\\\/uploads\\\/2021\\\/02\\\/cropped-Radio_Ljubuski_logo1.jpg\",\"contentUrl\":\"https:\\\/\\\/radioljubuski.ba\\\/wp-content\\\/uploads\\\/2021\\\/02\\\/cropped-Radio_Ljubuski_logo1.jpg\",\"width\":512,\"height\":512,\"caption\":\"Radio Ljubu\u0161ki\"},\"image\":{\"@id\":\"https:\\\/\\\/radioljubuski.ba\\\/#\\\/schema\\\/logo\\\/image\\\/\"},\"sameAs\":[\"https:\\\/\\\/www.facebook.com\\\/Radiio-Ljubuski-1490835324566332\",\"https:\\\/\\\/x.com\\\/radioljubuski\",\"https:\\\/\\\/hr.linkedin.com\\\/company\\\/radio-ljubuski\",\"https:\\\/\\\/www.youtube.com\\\/channel\\\/UCHYaeO_n0Db3tjNGudGpXyw\"]},{\"@type\":\"Person\",\"@id\":\"https:\\\/\\\/radioljubuski.ba\\\/#\\\/schema\\\/person\\\/19fc700381a780f69665d7956c469e3b\",\"name\":\"Radio Ljubu\u0161ki\"}]}<\/script>\n<!-- \/ Yoast SEO plugin. -->","yoast_head_json":{"title":"Kordi\u0107: Cilj nam je brendirati Hercegovinu kao turisti\u010dku regiju - RADIO LJUBU\u0160KI","robots":{"index":"index","follow":"follow","max-snippet":"max-snippet:-1","max-image-preview":"max-image-preview:large","max-video-preview":"max-video-preview:-1"},"canonical":"https:\/\/radioljubuski.ba\/index.php\/2022\/05\/26\/kordic-cilj-nam-je-brendirati-hercegovinu-kao-turisticku-regiju\/","og_locale":"hr_HR","og_type":"article","og_title":"Kordi\u0107: Cilj nam je brendirati Hercegovinu kao turisti\u010dku regiju - RADIO LJUBU\u0160KI","og_description":"Prva Me\u0111unarodna stru\u010dna konferencija iz oblasti turizma i za\u0161tite okoli\u0161a, \u010dija je tema bila turisti\u010dki potencijali Mostara i Hercegovine, odr\u017eana je u \u010detvrtak u Mostaru. Konferencija je odr\u017eana pod pokroviteljstvom Grada Mostara, u organizaciji udruga \u201eNa\u0161 Rodo\u010d\u201d, \u201eNa\u0161a Radobolja\u201d, \u201eEko Kop\u201d i \u201eZvonigrad\u201d. Okupila je stru\u010dnjake, profesore i turisti\u010dke djelatnike te gradona\u010delnike paneliste iz Solina, [&hellip;]","og_url":"https:\/\/radioljubuski.ba\/index.php\/2022\/05\/26\/kordic-cilj-nam-je-brendirati-hercegovinu-kao-turisticku-regiju\/","og_site_name":"RADIO LJUBU\u0160KI","article_publisher":"https:\/\/www.facebook.com\/Radiio-Ljubuski-1490835324566332","article_published_time":"2022-05-26T22:28:03+00:00","article_modified_time":"2022-05-26T22:28:04+00:00","og_image":[{"width":1000,"height":625,"url":"https:\/\/radioljubuski.ba\/wp-content\/uploads\/2022\/05\/kordic.jpg","type":"image\/jpeg"}],"author":"Radio Ljubu\u0161ki","twitter_card":"summary_large_image","twitter_creator":"@radioljubuski","twitter_site":"@radioljubuski","twitter_misc":{"Napisao\/la":"Radio Ljubu\u0161ki","Procijenjeno vrijeme \u010ditanja":"3 minute"},"schema":{"@context":"https:\/\/schema.org","@graph":[{"@type":"Article","@id":"https:\/\/radioljubuski.ba\/index.php\/2022\/05\/26\/kordic-cilj-nam-je-brendirati-hercegovinu-kao-turisticku-regiju\/#article","isPartOf":{"@id":"https:\/\/radioljubuski.ba\/index.php\/2022\/05\/26\/kordic-cilj-nam-je-brendirati-hercegovinu-kao-turisticku-regiju\/"},"author":{"name":"Radio Ljubu\u0161ki","@id":"https:\/\/radioljubuski.ba\/#\/schema\/person\/19fc700381a780f69665d7956c469e3b"},"headline":"Kordi\u0107: Cilj nam je brendirati Hercegovinu kao turisti\u010dku regiju","datePublished":"2022-05-26T22:28:03+00:00","dateModified":"2022-05-26T22:28:04+00:00","mainEntityOfPage":{"@id":"https:\/\/radioljubuski.ba\/index.php\/2022\/05\/26\/kordic-cilj-nam-je-brendirati-hercegovinu-kao-turisticku-regiju\/"},"wordCount":596,"publisher":{"@id":"https:\/\/radioljubuski.ba\/#organization"},"image":{"@id":"https:\/\/radioljubuski.ba\/index.php\/2022\/05\/26\/kordic-cilj-nam-je-brendirati-hercegovinu-kao-turisticku-regiju\/#primaryimage"},"thumbnailUrl":"https:\/\/radioljubuski.ba\/wp-content\/uploads\/2022\/05\/kordic.jpg","articleSection":["BIH i regija"],"inLanguage":"hr"},{"@type":"WebPage","@id":"https:\/\/radioljubuski.ba\/index.php\/2022\/05\/26\/kordic-cilj-nam-je-brendirati-hercegovinu-kao-turisticku-regiju\/","url":"https:\/\/radioljubuski.ba\/index.php\/2022\/05\/26\/kordic-cilj-nam-je-brendirati-hercegovinu-kao-turisticku-regiju\/","name":"Kordi\u0107: Cilj nam je brendirati Hercegovinu kao turisti\u010dku regiju - RADIO LJUBU\u0160KI","isPartOf":{"@id":"https:\/\/radioljubuski.ba\/#website"},"primaryImageOfPage":{"@id":"https:\/\/radioljubuski.ba\/index.php\/2022\/05\/26\/kordic-cilj-nam-je-brendirati-hercegovinu-kao-turisticku-regiju\/#primaryimage"},"image":{"@id":"https:\/\/radioljubuski.ba\/index.php\/2022\/05\/26\/kordic-cilj-nam-je-brendirati-hercegovinu-kao-turisticku-regiju\/#primaryimage"},"thumbnailUrl":"https:\/\/radioljubuski.ba\/wp-content\/uploads\/2022\/05\/kordic.jpg","datePublished":"2022-05-26T22:28:03+00:00","dateModified":"2022-05-26T22:28:04+00:00","breadcrumb":{"@id":"https:\/\/radioljubuski.ba\/index.php\/2022\/05\/26\/kordic-cilj-nam-je-brendirati-hercegovinu-kao-turisticku-regiju\/#breadcrumb"},"inLanguage":"hr","potentialAction":[{"@type":"ReadAction","target":["https:\/\/radioljubuski.ba\/index.php\/2022\/05\/26\/kordic-cilj-nam-je-brendirati-hercegovinu-kao-turisticku-regiju\/"]}]},{"@type":"ImageObject","inLanguage":"hr","@id":"https:\/\/radioljubuski.ba\/index.php\/2022\/05\/26\/kordic-cilj-nam-je-brendirati-hercegovinu-kao-turisticku-regiju\/#primaryimage","url":"https:\/\/radioljubuski.ba\/wp-content\/uploads\/2022\/05\/kordic.jpg","contentUrl":"https:\/\/radioljubuski.ba\/wp-content\/uploads\/2022\/05\/kordic.jpg","width":1000,"height":625},{"@type":"BreadcrumbList","@id":"https:\/\/radioljubuski.ba\/index.php\/2022\/05\/26\/kordic-cilj-nam-je-brendirati-hercegovinu-kao-turisticku-regiju\/#breadcrumb","itemListElement":[{"@type":"ListItem","position":1,"name":"Po\u010detna stranica","item":"https:\/\/radioljubuski.ba\/"},{"@type":"ListItem","position":2,"name":"Kordi\u0107: Cilj nam je brendirati Hercegovinu kao turisti\u010dku regiju"}]},{"@type":"WebSite","@id":"https:\/\/radioljubuski.ba\/#website","url":"https:\/\/radioljubuski.ba\/","name":"Radio Ljubu\u0161ki","description":"Sun\u010dana frekvencija Hercegovine","publisher":{"@id":"https:\/\/radioljubuski.ba\/#organization"},"potentialAction":[{"@type":"SearchAction","target":{"@type":"EntryPoint","urlTemplate":"https:\/\/radioljubuski.ba\/?s={search_term_string}"},"query-input":{"@type":"PropertyValueSpecification","valueRequired":true,"valueName":"search_term_string"}}],"inLanguage":"hr"},{"@type":"Organization","@id":"https:\/\/radioljubuski.ba\/#organization","name":"Radio Ljubu\u0161ki","url":"https:\/\/radioljubuski.ba\/","logo":{"@type":"ImageObject","inLanguage":"hr","@id":"https:\/\/radioljubuski.ba\/#\/schema\/logo\/image\/","url":"https:\/\/radioljubuski.ba\/wp-content\/uploads\/2021\/02\/cropped-Radio_Ljubuski_logo1.jpg","contentUrl":"https:\/\/radioljubuski.ba\/wp-content\/uploads\/2021\/02\/cropped-Radio_Ljubuski_logo1.jpg","width":512,"height":512,"caption":"Radio Ljubu\u0161ki"},"image":{"@id":"https:\/\/radioljubuski.ba\/#\/schema\/logo\/image\/"},"sameAs":["https:\/\/www.facebook.com\/Radiio-Ljubuski-1490835324566332","https:\/\/x.com\/radioljubuski","https:\/\/hr.linkedin.com\/company\/radio-ljubuski","https:\/\/www.youtube.com\/channel\/UCHYaeO_n0Db3tjNGudGpXyw"]},{"@type":"Person","@id":"https:\/\/radioljubuski.ba\/#\/schema\/person\/19fc700381a780f69665d7956c469e3b","name":"Radio Ljubu\u0161ki"}]}},"_links":{"self":[{"href":"https:\/\/radioljubuski.ba\/index.php\/wp-json\/wp\/v2\/posts\/144316","targetHints":{"allow":["GET"]}}],"collection":[{"href":"https:\/\/radioljubuski.ba\/index.php\/wp-json\/wp\/v2\/posts"}],"about":[{"href":"https:\/\/radioljubuski.ba\/index.php\/wp-json\/wp\/v2\/types\/post"}],"author":[{"embeddable":true,"href":"https:\/\/radioljubuski.ba\/index.php\/wp-json\/wp\/v2\/users\/2"}],"replies":[{"embeddable":true,"href":"https:\/\/radioljubuski.ba\/index.php\/wp-json\/wp\/v2\/comments?post=144316"}],"version-history":[{"count":1,"href":"https:\/\/radioljubuski.ba\/index.php\/wp-json\/wp\/v2\/posts\/144316\/revisions"}],"predecessor-version":[{"id":144318,"href":"https:\/\/radioljubuski.ba\/index.php\/wp-json\/wp\/v2\/posts\/144316\/revisions\/144318"}],"wp:featuredmedia":[{"embeddable":true,"href":"https:\/\/radioljubuski.ba\/index.php\/wp-json\/wp\/v2\/media\/144317"}],"wp:attachment":[{"href":"https:\/\/radioljubuski.ba\/index.php\/wp-json\/wp\/v2\/media?parent=144316"}],"wp:term":[{"taxonomy":"category","embeddable":true,"href":"https:\/\/radioljubuski.ba\/index.php\/wp-json\/wp\/v2\/categories?post=144316"},{"taxonomy":"post_tag","embeddable":true,"href":"https:\/\/radioljubuski.ba\/index.php\/wp-json\/wp\/v2\/tags?post=144316"}],"curies":[{"name":"wp","href":"https:\/\/api.w.org\/{rel}","templated":true}]}}