{"id":144324,"date":"2022-05-26T23:32:58","date_gmt":"2022-05-26T22:32:58","guid":{"rendered":"https:\/\/radioljubuski.ba\/?p=144324"},"modified":"2022-05-26T23:32:59","modified_gmt":"2022-05-26T22:32:59","slug":"izetbegovic-schmidt-me-je-zvao-mislim-da-je-vec-donio-odluke-samo-ih-nije-obznanio","status":"publish","type":"post","link":"https:\/\/radioljubuski.ba\/index.php\/2022\/05\/26\/izetbegovic-schmidt-me-je-zvao-mislim-da-je-vec-donio-odluke-samo-ih-nije-obznanio\/","title":{"rendered":"Izetbegovi\u0107: Schmidt me je zvao, mislim da je ve\u0107 donio odluke, samo ih nije obznanio"},"content":{"rendered":"\n<p><strong>Predsjednik Stranke demokratske akcije (SDA) Bakir Izetbegovi\u0107 je danas u Sarajevu, upitan u vezi s osiguranjem sredstava za financiranje izbora, izjavio novinarima da je krajnje vrijeme da visoki predstavnik povu\u010de potez.<\/strong><\/p>\n\n\n\n<p>\u2013 Vrijeme je da me\u0111unarodna zajednica radi svoj posao precizno, visoki predstavnik da omogu\u0107i bira\u010dima da izaberu novu vlast \u2013 kazao je Izetbegovi\u0107.<\/p>\n\n\n\n<p>Upitan ima li komunikaciju s visokim predstavkom u vezi s tim, Izetbegovi\u0107 je odgovorio: \u201ePrije petnaestak dana on je mene zvao i pitao kakve su moje procjene u vezi s tim da \u0107e biti donesen prora\u010dun\u201c.<\/p>\n\n\n\n<p>\u2013 Ja sam kazao da ima nekih pomaka, ali da nisam optimista, da mislim da \u0107e se, ipak, dalje razvla\u010diti. On je odgovorio na to da \u0107e izbora biti i da se sredstva moraju na\u0107i. Prema tome, mislim da je on ve\u0107 donio svoje odluke, samo ih jo\u0161 njen obznanio \u2013 kazao je Izetbegovi\u0107.<\/p>\n\n\n\n<p>Mi smo, naveo je on, pozvali Tu\u017eiteljstvo i sve nadle\u017ene da se pozabave ovom situacijom.<\/p>\n\n\n\n<p>Istaknuo je kako se radi o kr\u0161enju Ustava, udaru na Daytonski mirovni sporazum, kr\u0161enju Europske konvencije o osnovnim ljudskim pravima i slobodama, koja je dio Ustava BiH, radi se o kr\u0161enju zakona.<\/p>\n\n\n\n<p>\u2013 Tako da mislim da ima prostora da se Tu\u017eiteljstvo time pozabavi \u2013 kazao je Izetbegovi\u0107.<\/p>\n\n\n\n<p>\/Fena\/HMS\/<\/p>\n","protected":false},"excerpt":{"rendered":"<p>Predsjednik Stranke demokratske akcije (SDA) Bakir Izetbegovi\u0107 je danas u Sarajevu, upitan u vezi s osiguranjem sredstava za financiranje izbora, izjavio novinarima da je krajnje vrijeme da visoki predstavnik povu\u010de potez. \u2013 Vrijeme je da me\u0111unarodna zajednica radi svoj posao precizno, visoki predstavnik da omogu\u0107i bira\u010dima da izaberu novu vlast \u2013 kazao je Izetbegovi\u0107. Upitan [&hellip;]<\/p>\n","protected":false},"author":2,"featured_media":86817,"comment_status":"closed","ping_status":"closed","sticky":false,"template":"","format":"standard","meta":{"h5ap_radio_sources":[],"footnotes":""},"categories":[1],"tags":[],"class_list":["post-144324","post","type-post","status-publish","format-standard","has-post-thumbnail","hentry","category-bihiregija"],"yoast_head":"<!-- This site is optimized with the Yoast SEO plugin v27.5 - https:\/\/yoast.com\/product\/yoast-seo-wordpress\/ -->\n<title>Izetbegovi\u0107: Schmidt me je zvao, mislim da je ve\u0107 donio odluke, samo ih nije obznanio - RADIO LJUBU\u0160KI<\/title>\n<meta name=\"robots\" content=\"index, follow, max-snippet:-1, max-image-preview:large, max-video-preview:-1\" \/>\n<link rel=\"canonical\" href=\"https:\/\/radioljubuski.ba\/index.php\/2022\/05\/26\/izetbegovic-schmidt-me-je-zvao-mislim-da-je-vec-donio-odluke-samo-ih-nije-obznanio\/\" \/>\n<meta property=\"og:locale\" content=\"hr_HR\" \/>\n<meta property=\"og:type\" content=\"article\" \/>\n<meta property=\"og:title\" content=\"Izetbegovi\u0107: Schmidt me je zvao, mislim da je ve\u0107 donio odluke, samo ih nije obznanio - RADIO LJUBU\u0160KI\" \/>\n<meta property=\"og:description\" content=\"Predsjednik Stranke demokratske akcije (SDA) Bakir Izetbegovi\u0107 je danas u Sarajevu, upitan u vezi s osiguranjem sredstava za financiranje izbora, izjavio novinarima da je krajnje vrijeme da visoki predstavnik povu\u010de potez. \u2013 Vrijeme je da me\u0111unarodna zajednica radi svoj posao precizno, visoki predstavnik da omogu\u0107i bira\u010dima da izaberu novu vlast \u2013 kazao je Izetbegovi\u0107. Upitan [&hellip;]\" \/>\n<meta property=\"og:url\" content=\"https:\/\/radioljubuski.ba\/index.php\/2022\/05\/26\/izetbegovic-schmidt-me-je-zvao-mislim-da-je-vec-donio-odluke-samo-ih-nije-obznanio\/\" \/>\n<meta property=\"og:site_name\" content=\"RADIO LJUBU\u0160KI\" \/>\n<meta property=\"article:publisher\" content=\"https:\/\/www.facebook.com\/Radiio-Ljubuski-1490835324566332\" \/>\n<meta property=\"article:published_time\" content=\"2022-05-26T22:32:58+00:00\" \/>\n<meta property=\"article:modified_time\" content=\"2022-05-26T22:32:59+00:00\" \/>\n<meta property=\"og:image\" content=\"https:\/\/radioljubuski.ba\/wp-content\/uploads\/2021\/11\/izetbegovic-rtl.jpg\" \/>\n\t<meta property=\"og:image:width\" content=\"1024\" \/>\n\t<meta property=\"og:image:height\" content=\"683\" \/>\n\t<meta property=\"og:image:type\" content=\"image\/jpeg\" \/>\n<meta name=\"author\" content=\"Radio Ljubu\u0161ki\" \/>\n<meta name=\"twitter:card\" content=\"summary_large_image\" \/>\n<meta name=\"twitter:creator\" content=\"@radioljubuski\" \/>\n<meta name=\"twitter:site\" content=\"@radioljubuski\" \/>\n<meta name=\"twitter:label1\" content=\"Napisao\/la\" \/>\n\t<meta name=\"twitter:data1\" content=\"Radio Ljubu\u0161ki\" \/>\n\t<meta name=\"twitter:label2\" content=\"Procijenjeno vrijeme \u010ditanja\" \/>\n\t<meta name=\"twitter:data2\" content=\"1 minuta\" \/>\n<script type=\"application\/ld+json\" class=\"yoast-schema-graph\">{\"@context\":\"https:\\\/\\\/schema.org\",\"@graph\":[{\"@type\":\"Article\",\"@id\":\"https:\\\/\\\/radioljubuski.ba\\\/index.php\\\/2022\\\/05\\\/26\\\/izetbegovic-schmidt-me-je-zvao-mislim-da-je-vec-donio-odluke-samo-ih-nije-obznanio\\\/#article\",\"isPartOf\":{\"@id\":\"https:\\\/\\\/radioljubuski.ba\\\/index.php\\\/2022\\\/05\\\/26\\\/izetbegovic-schmidt-me-je-zvao-mislim-da-je-vec-donio-odluke-samo-ih-nije-obznanio\\\/\"},\"author\":{\"name\":\"Radio Ljubu\u0161ki\",\"@id\":\"https:\\\/\\\/radioljubuski.ba\\\/#\\\/schema\\\/person\\\/19fc700381a780f69665d7956c469e3b\"},\"headline\":\"Izetbegovi\u0107: Schmidt me je zvao, mislim da je ve\u0107 donio odluke, samo ih nije obznanio\",\"datePublished\":\"2022-05-26T22:32:58+00:00\",\"dateModified\":\"2022-05-26T22:32:59+00:00\",\"mainEntityOfPage\":{\"@id\":\"https:\\\/\\\/radioljubuski.ba\\\/index.php\\\/2022\\\/05\\\/26\\\/izetbegovic-schmidt-me-je-zvao-mislim-da-je-vec-donio-odluke-samo-ih-nije-obznanio\\\/\"},\"wordCount\":231,\"publisher\":{\"@id\":\"https:\\\/\\\/radioljubuski.ba\\\/#organization\"},\"image\":{\"@id\":\"https:\\\/\\\/radioljubuski.ba\\\/index.php\\\/2022\\\/05\\\/26\\\/izetbegovic-schmidt-me-je-zvao-mislim-da-je-vec-donio-odluke-samo-ih-nije-obznanio\\\/#primaryimage\"},\"thumbnailUrl\":\"https:\\\/\\\/radioljubuski.ba\\\/wp-content\\\/uploads\\\/2021\\\/11\\\/izetbegovic-rtl.jpg\",\"articleSection\":[\"BIH i regija\"],\"inLanguage\":\"hr\"},{\"@type\":\"WebPage\",\"@id\":\"https:\\\/\\\/radioljubuski.ba\\\/index.php\\\/2022\\\/05\\\/26\\\/izetbegovic-schmidt-me-je-zvao-mislim-da-je-vec-donio-odluke-samo-ih-nije-obznanio\\\/\",\"url\":\"https:\\\/\\\/radioljubuski.ba\\\/index.php\\\/2022\\\/05\\\/26\\\/izetbegovic-schmidt-me-je-zvao-mislim-da-je-vec-donio-odluke-samo-ih-nije-obznanio\\\/\",\"name\":\"Izetbegovi\u0107: Schmidt me je zvao, mislim da je ve\u0107 donio odluke, samo ih nije obznanio - RADIO LJUBU\u0160KI\",\"isPartOf\":{\"@id\":\"https:\\\/\\\/radioljubuski.ba\\\/#website\"},\"primaryImageOfPage\":{\"@id\":\"https:\\\/\\\/radioljubuski.ba\\\/index.php\\\/2022\\\/05\\\/26\\\/izetbegovic-schmidt-me-je-zvao-mislim-da-je-vec-donio-odluke-samo-ih-nije-obznanio\\\/#primaryimage\"},\"image\":{\"@id\":\"https:\\\/\\\/radioljubuski.ba\\\/index.php\\\/2022\\\/05\\\/26\\\/izetbegovic-schmidt-me-je-zvao-mislim-da-je-vec-donio-odluke-samo-ih-nije-obznanio\\\/#primaryimage\"},\"thumbnailUrl\":\"https:\\\/\\\/radioljubuski.ba\\\/wp-content\\\/uploads\\\/2021\\\/11\\\/izetbegovic-rtl.jpg\",\"datePublished\":\"2022-05-26T22:32:58+00:00\",\"dateModified\":\"2022-05-26T22:32:59+00:00\",\"breadcrumb\":{\"@id\":\"https:\\\/\\\/radioljubuski.ba\\\/index.php\\\/2022\\\/05\\\/26\\\/izetbegovic-schmidt-me-je-zvao-mislim-da-je-vec-donio-odluke-samo-ih-nije-obznanio\\\/#breadcrumb\"},\"inLanguage\":\"hr\",\"potentialAction\":[{\"@type\":\"ReadAction\",\"target\":[\"https:\\\/\\\/radioljubuski.ba\\\/index.php\\\/2022\\\/05\\\/26\\\/izetbegovic-schmidt-me-je-zvao-mislim-da-je-vec-donio-odluke-samo-ih-nije-obznanio\\\/\"]}]},{\"@type\":\"ImageObject\",\"inLanguage\":\"hr\",\"@id\":\"https:\\\/\\\/radioljubuski.ba\\\/index.php\\\/2022\\\/05\\\/26\\\/izetbegovic-schmidt-me-je-zvao-mislim-da-je-vec-donio-odluke-samo-ih-nije-obznanio\\\/#primaryimage\",\"url\":\"https:\\\/\\\/radioljubuski.ba\\\/wp-content\\\/uploads\\\/2021\\\/11\\\/izetbegovic-rtl.jpg\",\"contentUrl\":\"https:\\\/\\\/radioljubuski.ba\\\/wp-content\\\/uploads\\\/2021\\\/11\\\/izetbegovic-rtl.jpg\",\"width\":1024,\"height\":683},{\"@type\":\"BreadcrumbList\",\"@id\":\"https:\\\/\\\/radioljubuski.ba\\\/index.php\\\/2022\\\/05\\\/26\\\/izetbegovic-schmidt-me-je-zvao-mislim-da-je-vec-donio-odluke-samo-ih-nije-obznanio\\\/#breadcrumb\",\"itemListElement\":[{\"@type\":\"ListItem\",\"position\":1,\"name\":\"Po\u010detna stranica\",\"item\":\"https:\\\/\\\/radioljubuski.ba\\\/\"},{\"@type\":\"ListItem\",\"position\":2,\"name\":\"Izetbegovi\u0107: Schmidt me je zvao, mislim da je ve\u0107 donio odluke, samo ih nije obznanio\"}]},{\"@type\":\"WebSite\",\"@id\":\"https:\\\/\\\/radioljubuski.ba\\\/#website\",\"url\":\"https:\\\/\\\/radioljubuski.ba\\\/\",\"name\":\"Radio Ljubu\u0161ki\",\"description\":\"Sun\u010dana frekvencija Hercegovine\",\"publisher\":{\"@id\":\"https:\\\/\\\/radioljubuski.ba\\\/#organization\"},\"potentialAction\":[{\"@type\":\"SearchAction\",\"target\":{\"@type\":\"EntryPoint\",\"urlTemplate\":\"https:\\\/\\\/radioljubuski.ba\\\/?s={search_term_string}\"},\"query-input\":{\"@type\":\"PropertyValueSpecification\",\"valueRequired\":true,\"valueName\":\"search_term_string\"}}],\"inLanguage\":\"hr\"},{\"@type\":\"Organization\",\"@id\":\"https:\\\/\\\/radioljubuski.ba\\\/#organization\",\"name\":\"Radio Ljubu\u0161ki\",\"url\":\"https:\\\/\\\/radioljubuski.ba\\\/\",\"logo\":{\"@type\":\"ImageObject\",\"inLanguage\":\"hr\",\"@id\":\"https:\\\/\\\/radioljubuski.ba\\\/#\\\/schema\\\/logo\\\/image\\\/\",\"url\":\"https:\\\/\\\/radioljubuski.ba\\\/wp-content\\\/uploads\\\/2021\\\/02\\\/cropped-Radio_Ljubuski_logo1.jpg\",\"contentUrl\":\"https:\\\/\\\/radioljubuski.ba\\\/wp-content\\\/uploads\\\/2021\\\/02\\\/cropped-Radio_Ljubuski_logo1.jpg\",\"width\":512,\"height\":512,\"caption\":\"Radio Ljubu\u0161ki\"},\"image\":{\"@id\":\"https:\\\/\\\/radioljubuski.ba\\\/#\\\/schema\\\/logo\\\/image\\\/\"},\"sameAs\":[\"https:\\\/\\\/www.facebook.com\\\/Radiio-Ljubuski-1490835324566332\",\"https:\\\/\\\/x.com\\\/radioljubuski\",\"https:\\\/\\\/hr.linkedin.com\\\/company\\\/radio-ljubuski\",\"https:\\\/\\\/www.youtube.com\\\/channel\\\/UCHYaeO_n0Db3tjNGudGpXyw\"]},{\"@type\":\"Person\",\"@id\":\"https:\\\/\\\/radioljubuski.ba\\\/#\\\/schema\\\/person\\\/19fc700381a780f69665d7956c469e3b\",\"name\":\"Radio Ljubu\u0161ki\"}]}<\/script>\n<!-- \/ Yoast SEO plugin. -->","yoast_head_json":{"title":"Izetbegovi\u0107: Schmidt me je zvao, mislim da je ve\u0107 donio odluke, samo ih nije obznanio - RADIO LJUBU\u0160KI","robots":{"index":"index","follow":"follow","max-snippet":"max-snippet:-1","max-image-preview":"max-image-preview:large","max-video-preview":"max-video-preview:-1"},"canonical":"https:\/\/radioljubuski.ba\/index.php\/2022\/05\/26\/izetbegovic-schmidt-me-je-zvao-mislim-da-je-vec-donio-odluke-samo-ih-nije-obznanio\/","og_locale":"hr_HR","og_type":"article","og_title":"Izetbegovi\u0107: Schmidt me je zvao, mislim da je ve\u0107 donio odluke, samo ih nije obznanio - RADIO LJUBU\u0160KI","og_description":"Predsjednik Stranke demokratske akcije (SDA) Bakir Izetbegovi\u0107 je danas u Sarajevu, upitan u vezi s osiguranjem sredstava za financiranje izbora, izjavio novinarima da je krajnje vrijeme da visoki predstavnik povu\u010de potez. \u2013 Vrijeme je da me\u0111unarodna zajednica radi svoj posao precizno, visoki predstavnik da omogu\u0107i bira\u010dima da izaberu novu vlast \u2013 kazao je Izetbegovi\u0107. Upitan [&hellip;]","og_url":"https:\/\/radioljubuski.ba\/index.php\/2022\/05\/26\/izetbegovic-schmidt-me-je-zvao-mislim-da-je-vec-donio-odluke-samo-ih-nije-obznanio\/","og_site_name":"RADIO LJUBU\u0160KI","article_publisher":"https:\/\/www.facebook.com\/Radiio-Ljubuski-1490835324566332","article_published_time":"2022-05-26T22:32:58+00:00","article_modified_time":"2022-05-26T22:32:59+00:00","og_image":[{"width":1024,"height":683,"url":"https:\/\/radioljubuski.ba\/wp-content\/uploads\/2021\/11\/izetbegovic-rtl.jpg","type":"image\/jpeg"}],"author":"Radio Ljubu\u0161ki","twitter_card":"summary_large_image","twitter_creator":"@radioljubuski","twitter_site":"@radioljubuski","twitter_misc":{"Napisao\/la":"Radio Ljubu\u0161ki","Procijenjeno vrijeme \u010ditanja":"1 minuta"},"schema":{"@context":"https:\/\/schema.org","@graph":[{"@type":"Article","@id":"https:\/\/radioljubuski.ba\/index.php\/2022\/05\/26\/izetbegovic-schmidt-me-je-zvao-mislim-da-je-vec-donio-odluke-samo-ih-nije-obznanio\/#article","isPartOf":{"@id":"https:\/\/radioljubuski.ba\/index.php\/2022\/05\/26\/izetbegovic-schmidt-me-je-zvao-mislim-da-je-vec-donio-odluke-samo-ih-nije-obznanio\/"},"author":{"name":"Radio Ljubu\u0161ki","@id":"https:\/\/radioljubuski.ba\/#\/schema\/person\/19fc700381a780f69665d7956c469e3b"},"headline":"Izetbegovi\u0107: Schmidt me je zvao, mislim da je ve\u0107 donio odluke, samo ih nije obznanio","datePublished":"2022-05-26T22:32:58+00:00","dateModified":"2022-05-26T22:32:59+00:00","mainEntityOfPage":{"@id":"https:\/\/radioljubuski.ba\/index.php\/2022\/05\/26\/izetbegovic-schmidt-me-je-zvao-mislim-da-je-vec-donio-odluke-samo-ih-nije-obznanio\/"},"wordCount":231,"publisher":{"@id":"https:\/\/radioljubuski.ba\/#organization"},"image":{"@id":"https:\/\/radioljubuski.ba\/index.php\/2022\/05\/26\/izetbegovic-schmidt-me-je-zvao-mislim-da-je-vec-donio-odluke-samo-ih-nije-obznanio\/#primaryimage"},"thumbnailUrl":"https:\/\/radioljubuski.ba\/wp-content\/uploads\/2021\/11\/izetbegovic-rtl.jpg","articleSection":["BIH i regija"],"inLanguage":"hr"},{"@type":"WebPage","@id":"https:\/\/radioljubuski.ba\/index.php\/2022\/05\/26\/izetbegovic-schmidt-me-je-zvao-mislim-da-je-vec-donio-odluke-samo-ih-nije-obznanio\/","url":"https:\/\/radioljubuski.ba\/index.php\/2022\/05\/26\/izetbegovic-schmidt-me-je-zvao-mislim-da-je-vec-donio-odluke-samo-ih-nije-obznanio\/","name":"Izetbegovi\u0107: Schmidt me je zvao, mislim da je ve\u0107 donio odluke, samo ih nije obznanio - RADIO LJUBU\u0160KI","isPartOf":{"@id":"https:\/\/radioljubuski.ba\/#website"},"primaryImageOfPage":{"@id":"https:\/\/radioljubuski.ba\/index.php\/2022\/05\/26\/izetbegovic-schmidt-me-je-zvao-mislim-da-je-vec-donio-odluke-samo-ih-nije-obznanio\/#primaryimage"},"image":{"@id":"https:\/\/radioljubuski.ba\/index.php\/2022\/05\/26\/izetbegovic-schmidt-me-je-zvao-mislim-da-je-vec-donio-odluke-samo-ih-nije-obznanio\/#primaryimage"},"thumbnailUrl":"https:\/\/radioljubuski.ba\/wp-content\/uploads\/2021\/11\/izetbegovic-rtl.jpg","datePublished":"2022-05-26T22:32:58+00:00","dateModified":"2022-05-26T22:32:59+00:00","breadcrumb":{"@id":"https:\/\/radioljubuski.ba\/index.php\/2022\/05\/26\/izetbegovic-schmidt-me-je-zvao-mislim-da-je-vec-donio-odluke-samo-ih-nije-obznanio\/#breadcrumb"},"inLanguage":"hr","potentialAction":[{"@type":"ReadAction","target":["https:\/\/radioljubuski.ba\/index.php\/2022\/05\/26\/izetbegovic-schmidt-me-je-zvao-mislim-da-je-vec-donio-odluke-samo-ih-nije-obznanio\/"]}]},{"@type":"ImageObject","inLanguage":"hr","@id":"https:\/\/radioljubuski.ba\/index.php\/2022\/05\/26\/izetbegovic-schmidt-me-je-zvao-mislim-da-je-vec-donio-odluke-samo-ih-nije-obznanio\/#primaryimage","url":"https:\/\/radioljubuski.ba\/wp-content\/uploads\/2021\/11\/izetbegovic-rtl.jpg","contentUrl":"https:\/\/radioljubuski.ba\/wp-content\/uploads\/2021\/11\/izetbegovic-rtl.jpg","width":1024,"height":683},{"@type":"BreadcrumbList","@id":"https:\/\/radioljubuski.ba\/index.php\/2022\/05\/26\/izetbegovic-schmidt-me-je-zvao-mislim-da-je-vec-donio-odluke-samo-ih-nije-obznanio\/#breadcrumb","itemListElement":[{"@type":"ListItem","position":1,"name":"Po\u010detna stranica","item":"https:\/\/radioljubuski.ba\/"},{"@type":"ListItem","position":2,"name":"Izetbegovi\u0107: Schmidt me je zvao, mislim da je ve\u0107 donio odluke, samo ih nije obznanio"}]},{"@type":"WebSite","@id":"https:\/\/radioljubuski.ba\/#website","url":"https:\/\/radioljubuski.ba\/","name":"Radio Ljubu\u0161ki","description":"Sun\u010dana frekvencija Hercegovine","publisher":{"@id":"https:\/\/radioljubuski.ba\/#organization"},"potentialAction":[{"@type":"SearchAction","target":{"@type":"EntryPoint","urlTemplate":"https:\/\/radioljubuski.ba\/?s={search_term_string}"},"query-input":{"@type":"PropertyValueSpecification","valueRequired":true,"valueName":"search_term_string"}}],"inLanguage":"hr"},{"@type":"Organization","@id":"https:\/\/radioljubuski.ba\/#organization","name":"Radio Ljubu\u0161ki","url":"https:\/\/radioljubuski.ba\/","logo":{"@type":"ImageObject","inLanguage":"hr","@id":"https:\/\/radioljubuski.ba\/#\/schema\/logo\/image\/","url":"https:\/\/radioljubuski.ba\/wp-content\/uploads\/2021\/02\/cropped-Radio_Ljubuski_logo1.jpg","contentUrl":"https:\/\/radioljubuski.ba\/wp-content\/uploads\/2021\/02\/cropped-Radio_Ljubuski_logo1.jpg","width":512,"height":512,"caption":"Radio Ljubu\u0161ki"},"image":{"@id":"https:\/\/radioljubuski.ba\/#\/schema\/logo\/image\/"},"sameAs":["https:\/\/www.facebook.com\/Radiio-Ljubuski-1490835324566332","https:\/\/x.com\/radioljubuski","https:\/\/hr.linkedin.com\/company\/radio-ljubuski","https:\/\/www.youtube.com\/channel\/UCHYaeO_n0Db3tjNGudGpXyw"]},{"@type":"Person","@id":"https:\/\/radioljubuski.ba\/#\/schema\/person\/19fc700381a780f69665d7956c469e3b","name":"Radio Ljubu\u0161ki"}]}},"_links":{"self":[{"href":"https:\/\/radioljubuski.ba\/index.php\/wp-json\/wp\/v2\/posts\/144324","targetHints":{"allow":["GET"]}}],"collection":[{"href":"https:\/\/radioljubuski.ba\/index.php\/wp-json\/wp\/v2\/posts"}],"about":[{"href":"https:\/\/radioljubuski.ba\/index.php\/wp-json\/wp\/v2\/types\/post"}],"author":[{"embeddable":true,"href":"https:\/\/radioljubuski.ba\/index.php\/wp-json\/wp\/v2\/users\/2"}],"replies":[{"embeddable":true,"href":"https:\/\/radioljubuski.ba\/index.php\/wp-json\/wp\/v2\/comments?post=144324"}],"version-history":[{"count":1,"href":"https:\/\/radioljubuski.ba\/index.php\/wp-json\/wp\/v2\/posts\/144324\/revisions"}],"predecessor-version":[{"id":144325,"href":"https:\/\/radioljubuski.ba\/index.php\/wp-json\/wp\/v2\/posts\/144324\/revisions\/144325"}],"wp:featuredmedia":[{"embeddable":true,"href":"https:\/\/radioljubuski.ba\/index.php\/wp-json\/wp\/v2\/media\/86817"}],"wp:attachment":[{"href":"https:\/\/radioljubuski.ba\/index.php\/wp-json\/wp\/v2\/media?parent=144324"}],"wp:term":[{"taxonomy":"category","embeddable":true,"href":"https:\/\/radioljubuski.ba\/index.php\/wp-json\/wp\/v2\/categories?post=144324"},{"taxonomy":"post_tag","embeddable":true,"href":"https:\/\/radioljubuski.ba\/index.php\/wp-json\/wp\/v2\/tags?post=144324"}],"curies":[{"name":"wp","href":"https:\/\/api.w.org\/{rel}","templated":true}]}}