{"id":144326,"date":"2022-05-26T23:33:52","date_gmt":"2022-05-26T22:33:52","guid":{"rendered":"https:\/\/radioljubuski.ba\/?p=144326"},"modified":"2022-05-26T23:33:53","modified_gmt":"2022-05-26T22:33:53","slug":"hrana-u-bih-poskupjela-za-oko-20-a-u-eu-9-posto","status":"publish","type":"post","link":"https:\/\/radioljubuski.ba\/index.php\/2022\/05\/26\/hrana-u-bih-poskupjela-za-oko-20-a-u-eu-9-posto\/","title":{"rendered":"Hrana u BiH poskupjela za oko 20%, a u EU 9 posto"},"content":{"rendered":"\n<p><strong>Zbog neprekidnog rasta cijena goriva i drugih roba \u0161iroke potro\u0161nje, brojni bh. gra\u0111ani ne mogu podmiriti ni osnovne \u017eivotne potrebe, pi\u0161e Ve\u010dernji list BiH.<\/strong><\/p>\n\n\n\n<p>Za osnovne \u017eivotne namirnice, pi\u0107e, usluge, gorivo\u2026 danas se izdvaja znatno vi\u0161e novca u odnosu na pro\u0161lu godinu. Pokazuju to i statistike prema kojima bh. gra\u0111ani samo za hranu ove, u odnosu na pro\u0161lu godinu, izdvajaju 20,6% novca vi\u0161e, dok oni u Europskoj uniji istodobno, prema podacima Eurostata, izdvajaju samo 8,9% novca vi\u0161e.<\/p>\n\n\n\n<p><strong>Mala proizvodnja<\/strong><\/p>\n\n\n\n<p>Prema rije\u010dima stru\u010dnjaka, cijene hrane rastu jer je BiH ovisna o uvozu. \u2013 Rije\u010d je o proizvodima u \u010dijoj cijeni veliki udio ima prijevoz. Po robu i hranu ide se tisu\u0107e kilometara daleko i to je jedno od obja\u0161njenja zbog \u010dega cijene hrane kod nas rastu mnogo vi\u0161e nego u Europskoj uniji \u2013 rekao je za Nezavisne \u017deljko Va\u0161ko, profesor Poljoprivrednog fakulteta u Banjoj Luci na katedrama za ruralni razvoj i ekonomiku poljoprivrede.<\/p>\n\n\n\n<p>Kao jedan od razloga navodi i ni\u017eu proizvodnju hrane, zbog \u010dega je BiH prinu\u0111ena uvoziti, i to u situaciji kada su cijene najvi\u0161e, ali i \u0161to trgovine u ovom trenutku ostvaruju dodatni profit te di\u017eu cijene zbog psiholo\u0161kog trenutka potro\u0161a\u010da koji gomilaju namirnice.<\/p>\n\n\n\n<p>Isti\u010de se kako su veletrgovci ti koji doprinose problemima s kojima se susre\u0107u i potro\u0161a\u010di, ali i proizvo\u0111a\u010di. Nemanja Vasi\u0107, potpredsjednik Vanjskotrgovinske komore BiH i vlasnik Mesne industrije, ka\u017ee za Nezavisne kako je RS ovisan o sirovinama iz EU-a te, kada se na te cijene sirovina dodaju tro\u0161kovi prijevoza, ali i uzme u obzir \u201cme\u0161etarenje\u201d trgovaca, do\u0111emo do velikog rasta. \u2013 Ima i bezrazlo\u017enog podizanja cijena. Trgovci nas dr\u017ee u \u201ckand\u017eama\u201d i nemamo izbora. Ako \u017eelimo raditi, moramo prihvatiti te cijene, a onda oni odre\u0111uju uvjete. Ni jedan trgovac jo\u0161 nije skinuo mar\u017eu ili povlastice koje uzima za pozicioniranje robe \u2013 obja\u0161njava Vasi\u0107.<\/p>\n\n\n\n<p>Osim poskupljenja koja su ve\u0107 sada evidentna u BiH, iz Udruga za za\u0161titu potro\u0161a\u010da upozoravaju kako bh. gra\u0111ane \u010deka jako izazovno vrijeme. \u2013 Ne smijemo biti pesimisti, ali \u010dinjenica je da nas o\u010dekuje jako te\u0161ko razdoblje. Prognoze i ekonomske analize upu\u0107uju na to i ve\u0107 se naglas govori kako nas sve o\u010dekuje jako te\u0161ka zima. Vlasti se moraju probuditi i uvesti mjere, nema druge. Naime, kako rastu cijene, raste i prihod, a potro\u0161nja osnovnih \u017eivotnih namirnica ostaje ista jer ljudi moraju jesti. Taj \u201cvi\u0161ak\u201d sredstava trebao bi se usmjeriti na gra\u0111ane, ne samo pove\u0107anjem pla\u0107a i mirovina nego i zna\u010dajnijom pomo\u0107i, zatim ukidanjem tro\u0161arina pa onda poku\u0161ati i s usporavanjem rasta cijena, barem osnovnih \u017eivotnih namirnica. Isti\u010dem, ovdje ne govorimo ni o kakvom luksuzu, nego samo o robama bez kojih se ne mo\u017ee \u017eivjeti \u2013 kazao je Zoran Peto\u0161 iz Udruge za za\u0161titu potro\u0161a\u010da \u201cDon\u201d, dodaju\u0107i kako je va\u017eno ne stvarati umjetnu krizu.<\/p>\n\n\n\n<p><strong>Rast cijena<\/strong><\/p>\n\n\n\n<p>Iz Agencije za statistiku BiH navode kako je na godi\u0161njoj razini u prosjeku zabilje\u017een rast cijena od 13,2%. Prosje\u010dni rast cijena zabilje\u017een je u odjeljcima hrane i bezalkoholnih napitaka za 20,6%, zatim alkoholnih pi\u0107a i duhana za 0,6%, stanovanja i re\u017eijskih izdataka za 9,9%, a namje\u0161taja, ku\u0107anskih ure\u0111aja i redovitog odr\u017eavanja ku\u0107anstva za 6,8 posto, ka\u017eu iz Agencije.<\/p>\n\n\n\n<p>Dalje isti\u010du i rast cijena u zdravstvu za 1,1%, prijevozu za 28,9%, komunikacijama za 0,8, rekreaciji i kulturi za 6,1, obrazovanju za 0,5, restoranima i hotelima za 7,8% te ostalim dobrima i uslugama za 4,5%. Jedino je prosje\u010dni pad cijena zabilje\u017een u odjeljcima odje\u0107e i obu\u0107e za 4,8%.<\/p>\n\n\n\n<p>\/HMS\/<\/p>\n","protected":false},"excerpt":{"rendered":"<p>Zbog neprekidnog rasta cijena goriva i drugih roba \u0161iroke potro\u0161nje, brojni bh. gra\u0111ani ne mogu podmiriti ni osnovne \u017eivotne potrebe, pi\u0161e Ve\u010dernji list BiH. Za osnovne \u017eivotne namirnice, pi\u0107e, usluge, gorivo\u2026 danas se izdvaja znatno vi\u0161e novca u odnosu na pro\u0161lu godinu. Pokazuju to i statistike prema kojima bh. gra\u0111ani samo za hranu ove, u [&hellip;]<\/p>\n","protected":false},"author":2,"featured_media":39002,"comment_status":"closed","ping_status":"closed","sticky":false,"template":"","format":"standard","meta":{"h5ap_radio_sources":[],"footnotes":""},"categories":[1],"tags":[],"class_list":["post-144326","post","type-post","status-publish","format-standard","has-post-thumbnail","hentry","category-bihiregija"],"yoast_head":"<!-- This site is optimized with the Yoast SEO plugin v27.5 - https:\/\/yoast.com\/product\/yoast-seo-wordpress\/ -->\n<title>Hrana u BiH poskupjela za oko 20%, a u EU 9 posto - RADIO LJUBU\u0160KI<\/title>\n<meta name=\"robots\" content=\"index, follow, max-snippet:-1, max-image-preview:large, max-video-preview:-1\" \/>\n<link rel=\"canonical\" href=\"https:\/\/radioljubuski.ba\/index.php\/2022\/05\/26\/hrana-u-bih-poskupjela-za-oko-20-a-u-eu-9-posto\/\" \/>\n<meta property=\"og:locale\" content=\"hr_HR\" \/>\n<meta property=\"og:type\" content=\"article\" \/>\n<meta property=\"og:title\" content=\"Hrana u BiH poskupjela za oko 20%, a u EU 9 posto - RADIO LJUBU\u0160KI\" \/>\n<meta property=\"og:description\" content=\"Zbog neprekidnog rasta cijena goriva i drugih roba \u0161iroke potro\u0161nje, brojni bh. gra\u0111ani ne mogu podmiriti ni osnovne \u017eivotne potrebe, pi\u0161e Ve\u010dernji list BiH. Za osnovne \u017eivotne namirnice, pi\u0107e, usluge, gorivo\u2026 danas se izdvaja znatno vi\u0161e novca u odnosu na pro\u0161lu godinu. Pokazuju to i statistike prema kojima bh. gra\u0111ani samo za hranu ove, u [&hellip;]\" \/>\n<meta property=\"og:url\" content=\"https:\/\/radioljubuski.ba\/index.php\/2022\/05\/26\/hrana-u-bih-poskupjela-za-oko-20-a-u-eu-9-posto\/\" \/>\n<meta property=\"og:site_name\" content=\"RADIO LJUBU\u0160KI\" \/>\n<meta property=\"article:publisher\" content=\"https:\/\/www.facebook.com\/Radiio-Ljubuski-1490835324566332\" \/>\n<meta property=\"article:published_time\" content=\"2022-05-26T22:33:52+00:00\" \/>\n<meta property=\"article:modified_time\" content=\"2022-05-26T22:33:53+00:00\" \/>\n<meta property=\"og:image\" content=\"https:\/\/radioljubuski.ba\/wp-content\/uploads\/2021\/07\/prodavnica.jpg\" \/>\n\t<meta property=\"og:image:width\" content=\"1000\" \/>\n\t<meta property=\"og:image:height\" content=\"625\" \/>\n\t<meta property=\"og:image:type\" content=\"image\/jpeg\" \/>\n<meta name=\"author\" content=\"Radio Ljubu\u0161ki\" \/>\n<meta name=\"twitter:card\" content=\"summary_large_image\" \/>\n<meta name=\"twitter:creator\" content=\"@radioljubuski\" \/>\n<meta name=\"twitter:site\" content=\"@radioljubuski\" \/>\n<meta name=\"twitter:label1\" content=\"Napisao\/la\" \/>\n\t<meta name=\"twitter:data1\" content=\"Radio Ljubu\u0161ki\" \/>\n\t<meta name=\"twitter:label2\" content=\"Procijenjeno vrijeme \u010ditanja\" \/>\n\t<meta name=\"twitter:data2\" content=\"3 minute\" \/>\n<script type=\"application\/ld+json\" class=\"yoast-schema-graph\">{\"@context\":\"https:\\\/\\\/schema.org\",\"@graph\":[{\"@type\":\"Article\",\"@id\":\"https:\\\/\\\/radioljubuski.ba\\\/index.php\\\/2022\\\/05\\\/26\\\/hrana-u-bih-poskupjela-za-oko-20-a-u-eu-9-posto\\\/#article\",\"isPartOf\":{\"@id\":\"https:\\\/\\\/radioljubuski.ba\\\/index.php\\\/2022\\\/05\\\/26\\\/hrana-u-bih-poskupjela-za-oko-20-a-u-eu-9-posto\\\/\"},\"author\":{\"name\":\"Radio Ljubu\u0161ki\",\"@id\":\"https:\\\/\\\/radioljubuski.ba\\\/#\\\/schema\\\/person\\\/19fc700381a780f69665d7956c469e3b\"},\"headline\":\"Hrana u BiH poskupjela za oko 20%, a u EU 9 posto\",\"datePublished\":\"2022-05-26T22:33:52+00:00\",\"dateModified\":\"2022-05-26T22:33:53+00:00\",\"mainEntityOfPage\":{\"@id\":\"https:\\\/\\\/radioljubuski.ba\\\/index.php\\\/2022\\\/05\\\/26\\\/hrana-u-bih-poskupjela-za-oko-20-a-u-eu-9-posto\\\/\"},\"wordCount\":631,\"publisher\":{\"@id\":\"https:\\\/\\\/radioljubuski.ba\\\/#organization\"},\"image\":{\"@id\":\"https:\\\/\\\/radioljubuski.ba\\\/index.php\\\/2022\\\/05\\\/26\\\/hrana-u-bih-poskupjela-za-oko-20-a-u-eu-9-posto\\\/#primaryimage\"},\"thumbnailUrl\":\"https:\\\/\\\/radioljubuski.ba\\\/wp-content\\\/uploads\\\/2021\\\/07\\\/prodavnica.jpg\",\"articleSection\":[\"BIH i regija\"],\"inLanguage\":\"hr\"},{\"@type\":\"WebPage\",\"@id\":\"https:\\\/\\\/radioljubuski.ba\\\/index.php\\\/2022\\\/05\\\/26\\\/hrana-u-bih-poskupjela-za-oko-20-a-u-eu-9-posto\\\/\",\"url\":\"https:\\\/\\\/radioljubuski.ba\\\/index.php\\\/2022\\\/05\\\/26\\\/hrana-u-bih-poskupjela-za-oko-20-a-u-eu-9-posto\\\/\",\"name\":\"Hrana u BiH poskupjela za oko 20%, a u EU 9 posto - RADIO LJUBU\u0160KI\",\"isPartOf\":{\"@id\":\"https:\\\/\\\/radioljubuski.ba\\\/#website\"},\"primaryImageOfPage\":{\"@id\":\"https:\\\/\\\/radioljubuski.ba\\\/index.php\\\/2022\\\/05\\\/26\\\/hrana-u-bih-poskupjela-za-oko-20-a-u-eu-9-posto\\\/#primaryimage\"},\"image\":{\"@id\":\"https:\\\/\\\/radioljubuski.ba\\\/index.php\\\/2022\\\/05\\\/26\\\/hrana-u-bih-poskupjela-za-oko-20-a-u-eu-9-posto\\\/#primaryimage\"},\"thumbnailUrl\":\"https:\\\/\\\/radioljubuski.ba\\\/wp-content\\\/uploads\\\/2021\\\/07\\\/prodavnica.jpg\",\"datePublished\":\"2022-05-26T22:33:52+00:00\",\"dateModified\":\"2022-05-26T22:33:53+00:00\",\"breadcrumb\":{\"@id\":\"https:\\\/\\\/radioljubuski.ba\\\/index.php\\\/2022\\\/05\\\/26\\\/hrana-u-bih-poskupjela-za-oko-20-a-u-eu-9-posto\\\/#breadcrumb\"},\"inLanguage\":\"hr\",\"potentialAction\":[{\"@type\":\"ReadAction\",\"target\":[\"https:\\\/\\\/radioljubuski.ba\\\/index.php\\\/2022\\\/05\\\/26\\\/hrana-u-bih-poskupjela-za-oko-20-a-u-eu-9-posto\\\/\"]}]},{\"@type\":\"ImageObject\",\"inLanguage\":\"hr\",\"@id\":\"https:\\\/\\\/radioljubuski.ba\\\/index.php\\\/2022\\\/05\\\/26\\\/hrana-u-bih-poskupjela-za-oko-20-a-u-eu-9-posto\\\/#primaryimage\",\"url\":\"https:\\\/\\\/radioljubuski.ba\\\/wp-content\\\/uploads\\\/2021\\\/07\\\/prodavnica.jpg\",\"contentUrl\":\"https:\\\/\\\/radioljubuski.ba\\\/wp-content\\\/uploads\\\/2021\\\/07\\\/prodavnica.jpg\",\"width\":1000,\"height\":625},{\"@type\":\"BreadcrumbList\",\"@id\":\"https:\\\/\\\/radioljubuski.ba\\\/index.php\\\/2022\\\/05\\\/26\\\/hrana-u-bih-poskupjela-za-oko-20-a-u-eu-9-posto\\\/#breadcrumb\",\"itemListElement\":[{\"@type\":\"ListItem\",\"position\":1,\"name\":\"Po\u010detna stranica\",\"item\":\"https:\\\/\\\/radioljubuski.ba\\\/\"},{\"@type\":\"ListItem\",\"position\":2,\"name\":\"Hrana u BiH poskupjela za oko 20%, a u EU 9 posto\"}]},{\"@type\":\"WebSite\",\"@id\":\"https:\\\/\\\/radioljubuski.ba\\\/#website\",\"url\":\"https:\\\/\\\/radioljubuski.ba\\\/\",\"name\":\"Radio Ljubu\u0161ki\",\"description\":\"Sun\u010dana frekvencija Hercegovine\",\"publisher\":{\"@id\":\"https:\\\/\\\/radioljubuski.ba\\\/#organization\"},\"potentialAction\":[{\"@type\":\"SearchAction\",\"target\":{\"@type\":\"EntryPoint\",\"urlTemplate\":\"https:\\\/\\\/radioljubuski.ba\\\/?s={search_term_string}\"},\"query-input\":{\"@type\":\"PropertyValueSpecification\",\"valueRequired\":true,\"valueName\":\"search_term_string\"}}],\"inLanguage\":\"hr\"},{\"@type\":\"Organization\",\"@id\":\"https:\\\/\\\/radioljubuski.ba\\\/#organization\",\"name\":\"Radio Ljubu\u0161ki\",\"url\":\"https:\\\/\\\/radioljubuski.ba\\\/\",\"logo\":{\"@type\":\"ImageObject\",\"inLanguage\":\"hr\",\"@id\":\"https:\\\/\\\/radioljubuski.ba\\\/#\\\/schema\\\/logo\\\/image\\\/\",\"url\":\"https:\\\/\\\/radioljubuski.ba\\\/wp-content\\\/uploads\\\/2021\\\/02\\\/cropped-Radio_Ljubuski_logo1.jpg\",\"contentUrl\":\"https:\\\/\\\/radioljubuski.ba\\\/wp-content\\\/uploads\\\/2021\\\/02\\\/cropped-Radio_Ljubuski_logo1.jpg\",\"width\":512,\"height\":512,\"caption\":\"Radio Ljubu\u0161ki\"},\"image\":{\"@id\":\"https:\\\/\\\/radioljubuski.ba\\\/#\\\/schema\\\/logo\\\/image\\\/\"},\"sameAs\":[\"https:\\\/\\\/www.facebook.com\\\/Radiio-Ljubuski-1490835324566332\",\"https:\\\/\\\/x.com\\\/radioljubuski\",\"https:\\\/\\\/hr.linkedin.com\\\/company\\\/radio-ljubuski\",\"https:\\\/\\\/www.youtube.com\\\/channel\\\/UCHYaeO_n0Db3tjNGudGpXyw\"]},{\"@type\":\"Person\",\"@id\":\"https:\\\/\\\/radioljubuski.ba\\\/#\\\/schema\\\/person\\\/19fc700381a780f69665d7956c469e3b\",\"name\":\"Radio Ljubu\u0161ki\"}]}<\/script>\n<!-- \/ Yoast SEO plugin. -->","yoast_head_json":{"title":"Hrana u BiH poskupjela za oko 20%, a u EU 9 posto - RADIO LJUBU\u0160KI","robots":{"index":"index","follow":"follow","max-snippet":"max-snippet:-1","max-image-preview":"max-image-preview:large","max-video-preview":"max-video-preview:-1"},"canonical":"https:\/\/radioljubuski.ba\/index.php\/2022\/05\/26\/hrana-u-bih-poskupjela-za-oko-20-a-u-eu-9-posto\/","og_locale":"hr_HR","og_type":"article","og_title":"Hrana u BiH poskupjela za oko 20%, a u EU 9 posto - RADIO LJUBU\u0160KI","og_description":"Zbog neprekidnog rasta cijena goriva i drugih roba \u0161iroke potro\u0161nje, brojni bh. gra\u0111ani ne mogu podmiriti ni osnovne \u017eivotne potrebe, pi\u0161e Ve\u010dernji list BiH. Za osnovne \u017eivotne namirnice, pi\u0107e, usluge, gorivo\u2026 danas se izdvaja znatno vi\u0161e novca u odnosu na pro\u0161lu godinu. Pokazuju to i statistike prema kojima bh. gra\u0111ani samo za hranu ove, u [&hellip;]","og_url":"https:\/\/radioljubuski.ba\/index.php\/2022\/05\/26\/hrana-u-bih-poskupjela-za-oko-20-a-u-eu-9-posto\/","og_site_name":"RADIO LJUBU\u0160KI","article_publisher":"https:\/\/www.facebook.com\/Radiio-Ljubuski-1490835324566332","article_published_time":"2022-05-26T22:33:52+00:00","article_modified_time":"2022-05-26T22:33:53+00:00","og_image":[{"width":1000,"height":625,"url":"https:\/\/radioljubuski.ba\/wp-content\/uploads\/2021\/07\/prodavnica.jpg","type":"image\/jpeg"}],"author":"Radio Ljubu\u0161ki","twitter_card":"summary_large_image","twitter_creator":"@radioljubuski","twitter_site":"@radioljubuski","twitter_misc":{"Napisao\/la":"Radio Ljubu\u0161ki","Procijenjeno vrijeme \u010ditanja":"3 minute"},"schema":{"@context":"https:\/\/schema.org","@graph":[{"@type":"Article","@id":"https:\/\/radioljubuski.ba\/index.php\/2022\/05\/26\/hrana-u-bih-poskupjela-za-oko-20-a-u-eu-9-posto\/#article","isPartOf":{"@id":"https:\/\/radioljubuski.ba\/index.php\/2022\/05\/26\/hrana-u-bih-poskupjela-za-oko-20-a-u-eu-9-posto\/"},"author":{"name":"Radio Ljubu\u0161ki","@id":"https:\/\/radioljubuski.ba\/#\/schema\/person\/19fc700381a780f69665d7956c469e3b"},"headline":"Hrana u BiH poskupjela za oko 20%, a u EU 9 posto","datePublished":"2022-05-26T22:33:52+00:00","dateModified":"2022-05-26T22:33:53+00:00","mainEntityOfPage":{"@id":"https:\/\/radioljubuski.ba\/index.php\/2022\/05\/26\/hrana-u-bih-poskupjela-za-oko-20-a-u-eu-9-posto\/"},"wordCount":631,"publisher":{"@id":"https:\/\/radioljubuski.ba\/#organization"},"image":{"@id":"https:\/\/radioljubuski.ba\/index.php\/2022\/05\/26\/hrana-u-bih-poskupjela-za-oko-20-a-u-eu-9-posto\/#primaryimage"},"thumbnailUrl":"https:\/\/radioljubuski.ba\/wp-content\/uploads\/2021\/07\/prodavnica.jpg","articleSection":["BIH i regija"],"inLanguage":"hr"},{"@type":"WebPage","@id":"https:\/\/radioljubuski.ba\/index.php\/2022\/05\/26\/hrana-u-bih-poskupjela-za-oko-20-a-u-eu-9-posto\/","url":"https:\/\/radioljubuski.ba\/index.php\/2022\/05\/26\/hrana-u-bih-poskupjela-za-oko-20-a-u-eu-9-posto\/","name":"Hrana u BiH poskupjela za oko 20%, a u EU 9 posto - RADIO LJUBU\u0160KI","isPartOf":{"@id":"https:\/\/radioljubuski.ba\/#website"},"primaryImageOfPage":{"@id":"https:\/\/radioljubuski.ba\/index.php\/2022\/05\/26\/hrana-u-bih-poskupjela-za-oko-20-a-u-eu-9-posto\/#primaryimage"},"image":{"@id":"https:\/\/radioljubuski.ba\/index.php\/2022\/05\/26\/hrana-u-bih-poskupjela-za-oko-20-a-u-eu-9-posto\/#primaryimage"},"thumbnailUrl":"https:\/\/radioljubuski.ba\/wp-content\/uploads\/2021\/07\/prodavnica.jpg","datePublished":"2022-05-26T22:33:52+00:00","dateModified":"2022-05-26T22:33:53+00:00","breadcrumb":{"@id":"https:\/\/radioljubuski.ba\/index.php\/2022\/05\/26\/hrana-u-bih-poskupjela-za-oko-20-a-u-eu-9-posto\/#breadcrumb"},"inLanguage":"hr","potentialAction":[{"@type":"ReadAction","target":["https:\/\/radioljubuski.ba\/index.php\/2022\/05\/26\/hrana-u-bih-poskupjela-za-oko-20-a-u-eu-9-posto\/"]}]},{"@type":"ImageObject","inLanguage":"hr","@id":"https:\/\/radioljubuski.ba\/index.php\/2022\/05\/26\/hrana-u-bih-poskupjela-za-oko-20-a-u-eu-9-posto\/#primaryimage","url":"https:\/\/radioljubuski.ba\/wp-content\/uploads\/2021\/07\/prodavnica.jpg","contentUrl":"https:\/\/radioljubuski.ba\/wp-content\/uploads\/2021\/07\/prodavnica.jpg","width":1000,"height":625},{"@type":"BreadcrumbList","@id":"https:\/\/radioljubuski.ba\/index.php\/2022\/05\/26\/hrana-u-bih-poskupjela-za-oko-20-a-u-eu-9-posto\/#breadcrumb","itemListElement":[{"@type":"ListItem","position":1,"name":"Po\u010detna stranica","item":"https:\/\/radioljubuski.ba\/"},{"@type":"ListItem","position":2,"name":"Hrana u BiH poskupjela za oko 20%, a u EU 9 posto"}]},{"@type":"WebSite","@id":"https:\/\/radioljubuski.ba\/#website","url":"https:\/\/radioljubuski.ba\/","name":"Radio Ljubu\u0161ki","description":"Sun\u010dana frekvencija Hercegovine","publisher":{"@id":"https:\/\/radioljubuski.ba\/#organization"},"potentialAction":[{"@type":"SearchAction","target":{"@type":"EntryPoint","urlTemplate":"https:\/\/radioljubuski.ba\/?s={search_term_string}"},"query-input":{"@type":"PropertyValueSpecification","valueRequired":true,"valueName":"search_term_string"}}],"inLanguage":"hr"},{"@type":"Organization","@id":"https:\/\/radioljubuski.ba\/#organization","name":"Radio Ljubu\u0161ki","url":"https:\/\/radioljubuski.ba\/","logo":{"@type":"ImageObject","inLanguage":"hr","@id":"https:\/\/radioljubuski.ba\/#\/schema\/logo\/image\/","url":"https:\/\/radioljubuski.ba\/wp-content\/uploads\/2021\/02\/cropped-Radio_Ljubuski_logo1.jpg","contentUrl":"https:\/\/radioljubuski.ba\/wp-content\/uploads\/2021\/02\/cropped-Radio_Ljubuski_logo1.jpg","width":512,"height":512,"caption":"Radio Ljubu\u0161ki"},"image":{"@id":"https:\/\/radioljubuski.ba\/#\/schema\/logo\/image\/"},"sameAs":["https:\/\/www.facebook.com\/Radiio-Ljubuski-1490835324566332","https:\/\/x.com\/radioljubuski","https:\/\/hr.linkedin.com\/company\/radio-ljubuski","https:\/\/www.youtube.com\/channel\/UCHYaeO_n0Db3tjNGudGpXyw"]},{"@type":"Person","@id":"https:\/\/radioljubuski.ba\/#\/schema\/person\/19fc700381a780f69665d7956c469e3b","name":"Radio Ljubu\u0161ki"}]}},"_links":{"self":[{"href":"https:\/\/radioljubuski.ba\/index.php\/wp-json\/wp\/v2\/posts\/144326","targetHints":{"allow":["GET"]}}],"collection":[{"href":"https:\/\/radioljubuski.ba\/index.php\/wp-json\/wp\/v2\/posts"}],"about":[{"href":"https:\/\/radioljubuski.ba\/index.php\/wp-json\/wp\/v2\/types\/post"}],"author":[{"embeddable":true,"href":"https:\/\/radioljubuski.ba\/index.php\/wp-json\/wp\/v2\/users\/2"}],"replies":[{"embeddable":true,"href":"https:\/\/radioljubuski.ba\/index.php\/wp-json\/wp\/v2\/comments?post=144326"}],"version-history":[{"count":1,"href":"https:\/\/radioljubuski.ba\/index.php\/wp-json\/wp\/v2\/posts\/144326\/revisions"}],"predecessor-version":[{"id":144327,"href":"https:\/\/radioljubuski.ba\/index.php\/wp-json\/wp\/v2\/posts\/144326\/revisions\/144327"}],"wp:featuredmedia":[{"embeddable":true,"href":"https:\/\/radioljubuski.ba\/index.php\/wp-json\/wp\/v2\/media\/39002"}],"wp:attachment":[{"href":"https:\/\/radioljubuski.ba\/index.php\/wp-json\/wp\/v2\/media?parent=144326"}],"wp:term":[{"taxonomy":"category","embeddable":true,"href":"https:\/\/radioljubuski.ba\/index.php\/wp-json\/wp\/v2\/categories?post=144326"},{"taxonomy":"post_tag","embeddable":true,"href":"https:\/\/radioljubuski.ba\/index.php\/wp-json\/wp\/v2\/tags?post=144326"}],"curies":[{"name":"wp","href":"https:\/\/api.w.org\/{rel}","templated":true}]}}