{"id":144337,"date":"2022-05-26T23:40:15","date_gmt":"2022-05-26T22:40:15","guid":{"rendered":"https:\/\/radioljubuski.ba\/?p=144337"},"modified":"2022-05-26T23:40:16","modified_gmt":"2022-05-26T22:40:16","slug":"putin-spreman-sam-pomoci-rijesiti-svjetsku-krizu-uz-jedan-uvjet","status":"publish","type":"post","link":"https:\/\/radioljubuski.ba\/index.php\/2022\/05\/26\/putin-spreman-sam-pomoci-rijesiti-svjetsku-krizu-uz-jedan-uvjet\/","title":{"rendered":"Putin: Spreman sam pomo\u0107i rije\u0161iti svjetsku krizu, uz jedan uvjet"},"content":{"rendered":"\n<p><strong>Ruski predsjednik Vladimir Putin poru\u010dio je talijanskom premijeru Mariju Draghiju u telefonskom razgovoru da je Rusija spremna pomo\u0107i umanjiti problem me\u0111unarodne prehrambene krize samo u slu\u010daju da Zapad ukloni sankcije, ka\u017ee Kremlj.<\/strong><\/p>\n\n\n\n<p>\u201cVladimir Putin naglasio je da je Ruska Federacija spremna uvelike doprinijeti rje\u0161avanju prehrambene krize putem izvoza \u017eitarica i gnojiva, ako se politi\u010dki motivirana ograni\u010denja koje je Zapad nametnuo uklone\u201d, ka\u017ee se u izjavi Kremlja.<\/p>\n\n\n\n<p>Ukrajina je ruski zahtjev nazvala \u201cucjenom\u201d, a britanska ministrica vanjskih poslova Liz Truss u \u010detvrtak je kazala da Putin \u201cpoku\u0161ava ucijeniti svijet\u201d koriste\u0107i prehrambenu krizu, nastalu zbog njegova rata u Ukrajini, kao oru\u017eje.<\/p>\n\n\n\n<p>Italija ima za cilj omogu\u0107iti izvoz \u017eitarica blokiran u crnomorskim lukama, rekao je premijer Mario Draghi novinarima u \u010detvrtak nakon telefonskog razgovora s ruskim predsjednikom.<\/p>\n\n\n\n<p>\u201cPrva inicijativa koju bi se moglo po\u010deti istra\u017eivati \u200b\u200bjest vidjeti mo\u017ee li se izgraditi suradnja izme\u0111u Rusije i Ukrajine za deblokiranje crnomorskih luka\u201d, rekao je Draghi.<\/p>\n\n\n\n<p>Draghi najavio razgovor sa Zelenskim<\/p>\n\n\n\n<p>Draghi je rekao da \u0107e o ovom pitanju uskoro razgovarati s ukrajinskim predsjednikom Volodimirom Zelenskim.<\/p>\n\n\n\n<p>Ruska blokada ukrajinskih luka onemogu\u0107ila je da se izvoze \u017eitarice, glavna izvozna sirovina obiju zemalja. Rusija je optu\u017eila Ukrajinu za miniranje luka.<\/p>\n\n\n\n<p>Zbog sukoba pove\u0107ava se globalna prehrambena kriza i ska\u010du cijene \u017eitarica, jestivih ulja, goriva i gnojiva.<\/p>\n\n\n\n<p>Osim toga, rusko ministarstvo obrane kazalo je da civilna plovila sada mogu sigurno koristiti luku Mariupolj na Azovskom moru, nad kojom su ruske snage pro\u0161li tjedan preuzele potpunu kontrolu nakon \u0161to su se ukrajinski borci predali u \u010deli\u010dani Azovstal.<\/p>\n\n\n\n<p>Rusko ministarstvo je reklo da je opasnost od mina oko Mariupolja uklonjena.<\/p>\n\n\n\n<p>Ministarstvo je kazalo da \u0161est stranih plovila sa suhim teretom u luci sada slobodno mo\u017ee oti\u0107i. Reklo je da su plovila iz Bugarske, Dominike, Liberije, Paname, Turske i Jamajke te potaklo vlade tih zemalja da pozovu vlasnike plovila kako bi ih sami uklonili.<\/p>\n\n\n\n<p>\/Hina\/HMS\/<\/p>\n","protected":false},"excerpt":{"rendered":"<p>Ruski predsjednik Vladimir Putin poru\u010dio je talijanskom premijeru Mariju Draghiju u telefonskom razgovoru da je Rusija spremna pomo\u0107i umanjiti problem me\u0111unarodne prehrambene krize samo u slu\u010daju da Zapad ukloni sankcije, ka\u017ee Kremlj. \u201cVladimir Putin naglasio je da je Ruska Federacija spremna uvelike doprinijeti rje\u0161avanju prehrambene krize putem izvoza \u017eitarica i gnojiva, ako se politi\u010dki motivirana [&hellip;]<\/p>\n","protected":false},"author":2,"featured_media":0,"comment_status":"closed","ping_status":"closed","sticky":false,"template":"","format":"standard","meta":{"h5ap_radio_sources":[],"footnotes":""},"categories":[1],"tags":[],"class_list":["post-144337","post","type-post","status-publish","format-standard","hentry","category-bihiregija"],"yoast_head":"<!-- This site is optimized with the Yoast SEO plugin v27.5 - https:\/\/yoast.com\/product\/yoast-seo-wordpress\/ -->\n<title>Putin: Spreman sam pomo\u0107i rije\u0161iti svjetsku krizu, uz jedan uvjet - RADIO LJUBU\u0160KI<\/title>\n<meta name=\"robots\" content=\"index, follow, max-snippet:-1, max-image-preview:large, max-video-preview:-1\" \/>\n<link rel=\"canonical\" href=\"https:\/\/radioljubuski.ba\/index.php\/2022\/05\/26\/putin-spreman-sam-pomoci-rijesiti-svjetsku-krizu-uz-jedan-uvjet\/\" \/>\n<meta property=\"og:locale\" content=\"hr_HR\" \/>\n<meta property=\"og:type\" content=\"article\" \/>\n<meta property=\"og:title\" content=\"Putin: Spreman sam pomo\u0107i rije\u0161iti svjetsku krizu, uz jedan uvjet - RADIO LJUBU\u0160KI\" \/>\n<meta property=\"og:description\" content=\"Ruski predsjednik Vladimir Putin poru\u010dio je talijanskom premijeru Mariju Draghiju u telefonskom razgovoru da je Rusija spremna pomo\u0107i umanjiti problem me\u0111unarodne prehrambene krize samo u slu\u010daju da Zapad ukloni sankcije, ka\u017ee Kremlj. \u201cVladimir Putin naglasio je da je Ruska Federacija spremna uvelike doprinijeti rje\u0161avanju prehrambene krize putem izvoza \u017eitarica i gnojiva, ako se politi\u010dki motivirana [&hellip;]\" \/>\n<meta property=\"og:url\" content=\"https:\/\/radioljubuski.ba\/index.php\/2022\/05\/26\/putin-spreman-sam-pomoci-rijesiti-svjetsku-krizu-uz-jedan-uvjet\/\" \/>\n<meta property=\"og:site_name\" content=\"RADIO LJUBU\u0160KI\" \/>\n<meta property=\"article:publisher\" content=\"https:\/\/www.facebook.com\/Radiio-Ljubuski-1490835324566332\" \/>\n<meta property=\"article:published_time\" content=\"2022-05-26T22:40:15+00:00\" \/>\n<meta property=\"article:modified_time\" content=\"2022-05-26T22:40:16+00:00\" \/>\n<meta property=\"og:image\" content=\"https:\/\/radioljubuski.ba\/wp-content\/uploads\/2021\/05\/RUSSIA-PUTIN.jpg\" \/>\n\t<meta property=\"og:image:width\" content=\"770\" \/>\n\t<meta property=\"og:image:height\" content=\"513\" \/>\n\t<meta property=\"og:image:type\" content=\"image\/jpeg\" \/>\n<meta name=\"author\" content=\"Radio Ljubu\u0161ki\" \/>\n<meta name=\"twitter:card\" content=\"summary_large_image\" \/>\n<meta name=\"twitter:creator\" content=\"@radioljubuski\" \/>\n<meta name=\"twitter:site\" content=\"@radioljubuski\" \/>\n<meta name=\"twitter:label1\" content=\"Napisao\/la\" \/>\n\t<meta name=\"twitter:data1\" content=\"Radio Ljubu\u0161ki\" \/>\n\t<meta name=\"twitter:label2\" content=\"Procijenjeno vrijeme \u010ditanja\" \/>\n\t<meta name=\"twitter:data2\" content=\"2 minute\" \/>\n<script type=\"application\/ld+json\" class=\"yoast-schema-graph\">{\"@context\":\"https:\\\/\\\/schema.org\",\"@graph\":[{\"@type\":\"Article\",\"@id\":\"https:\\\/\\\/radioljubuski.ba\\\/index.php\\\/2022\\\/05\\\/26\\\/putin-spreman-sam-pomoci-rijesiti-svjetsku-krizu-uz-jedan-uvjet\\\/#article\",\"isPartOf\":{\"@id\":\"https:\\\/\\\/radioljubuski.ba\\\/index.php\\\/2022\\\/05\\\/26\\\/putin-spreman-sam-pomoci-rijesiti-svjetsku-krizu-uz-jedan-uvjet\\\/\"},\"author\":{\"name\":\"Radio Ljubu\u0161ki\",\"@id\":\"https:\\\/\\\/radioljubuski.ba\\\/#\\\/schema\\\/person\\\/19fc700381a780f69665d7956c469e3b\"},\"headline\":\"Putin: Spreman sam pomo\u0107i rije\u0161iti svjetsku krizu, uz jedan uvjet\",\"datePublished\":\"2022-05-26T22:40:15+00:00\",\"dateModified\":\"2022-05-26T22:40:16+00:00\",\"mainEntityOfPage\":{\"@id\":\"https:\\\/\\\/radioljubuski.ba\\\/index.php\\\/2022\\\/05\\\/26\\\/putin-spreman-sam-pomoci-rijesiti-svjetsku-krizu-uz-jedan-uvjet\\\/\"},\"wordCount\":341,\"publisher\":{\"@id\":\"https:\\\/\\\/radioljubuski.ba\\\/#organization\"},\"articleSection\":[\"BIH i regija\"],\"inLanguage\":\"hr\"},{\"@type\":\"WebPage\",\"@id\":\"https:\\\/\\\/radioljubuski.ba\\\/index.php\\\/2022\\\/05\\\/26\\\/putin-spreman-sam-pomoci-rijesiti-svjetsku-krizu-uz-jedan-uvjet\\\/\",\"url\":\"https:\\\/\\\/radioljubuski.ba\\\/index.php\\\/2022\\\/05\\\/26\\\/putin-spreman-sam-pomoci-rijesiti-svjetsku-krizu-uz-jedan-uvjet\\\/\",\"name\":\"Putin: Spreman sam pomo\u0107i rije\u0161iti svjetsku krizu, uz jedan uvjet - RADIO LJUBU\u0160KI\",\"isPartOf\":{\"@id\":\"https:\\\/\\\/radioljubuski.ba\\\/#website\"},\"datePublished\":\"2022-05-26T22:40:15+00:00\",\"dateModified\":\"2022-05-26T22:40:16+00:00\",\"breadcrumb\":{\"@id\":\"https:\\\/\\\/radioljubuski.ba\\\/index.php\\\/2022\\\/05\\\/26\\\/putin-spreman-sam-pomoci-rijesiti-svjetsku-krizu-uz-jedan-uvjet\\\/#breadcrumb\"},\"inLanguage\":\"hr\",\"potentialAction\":[{\"@type\":\"ReadAction\",\"target\":[\"https:\\\/\\\/radioljubuski.ba\\\/index.php\\\/2022\\\/05\\\/26\\\/putin-spreman-sam-pomoci-rijesiti-svjetsku-krizu-uz-jedan-uvjet\\\/\"]}]},{\"@type\":\"BreadcrumbList\",\"@id\":\"https:\\\/\\\/radioljubuski.ba\\\/index.php\\\/2022\\\/05\\\/26\\\/putin-spreman-sam-pomoci-rijesiti-svjetsku-krizu-uz-jedan-uvjet\\\/#breadcrumb\",\"itemListElement\":[{\"@type\":\"ListItem\",\"position\":1,\"name\":\"Po\u010detna stranica\",\"item\":\"https:\\\/\\\/radioljubuski.ba\\\/\"},{\"@type\":\"ListItem\",\"position\":2,\"name\":\"Putin: Spreman sam pomo\u0107i rije\u0161iti svjetsku krizu, uz jedan uvjet\"}]},{\"@type\":\"WebSite\",\"@id\":\"https:\\\/\\\/radioljubuski.ba\\\/#website\",\"url\":\"https:\\\/\\\/radioljubuski.ba\\\/\",\"name\":\"Radio Ljubu\u0161ki\",\"description\":\"Sun\u010dana frekvencija Hercegovine\",\"publisher\":{\"@id\":\"https:\\\/\\\/radioljubuski.ba\\\/#organization\"},\"potentialAction\":[{\"@type\":\"SearchAction\",\"target\":{\"@type\":\"EntryPoint\",\"urlTemplate\":\"https:\\\/\\\/radioljubuski.ba\\\/?s={search_term_string}\"},\"query-input\":{\"@type\":\"PropertyValueSpecification\",\"valueRequired\":true,\"valueName\":\"search_term_string\"}}],\"inLanguage\":\"hr\"},{\"@type\":\"Organization\",\"@id\":\"https:\\\/\\\/radioljubuski.ba\\\/#organization\",\"name\":\"Radio Ljubu\u0161ki\",\"url\":\"https:\\\/\\\/radioljubuski.ba\\\/\",\"logo\":{\"@type\":\"ImageObject\",\"inLanguage\":\"hr\",\"@id\":\"https:\\\/\\\/radioljubuski.ba\\\/#\\\/schema\\\/logo\\\/image\\\/\",\"url\":\"https:\\\/\\\/radioljubuski.ba\\\/wp-content\\\/uploads\\\/2021\\\/02\\\/cropped-Radio_Ljubuski_logo1.jpg\",\"contentUrl\":\"https:\\\/\\\/radioljubuski.ba\\\/wp-content\\\/uploads\\\/2021\\\/02\\\/cropped-Radio_Ljubuski_logo1.jpg\",\"width\":512,\"height\":512,\"caption\":\"Radio Ljubu\u0161ki\"},\"image\":{\"@id\":\"https:\\\/\\\/radioljubuski.ba\\\/#\\\/schema\\\/logo\\\/image\\\/\"},\"sameAs\":[\"https:\\\/\\\/www.facebook.com\\\/Radiio-Ljubuski-1490835324566332\",\"https:\\\/\\\/x.com\\\/radioljubuski\",\"https:\\\/\\\/hr.linkedin.com\\\/company\\\/radio-ljubuski\",\"https:\\\/\\\/www.youtube.com\\\/channel\\\/UCHYaeO_n0Db3tjNGudGpXyw\"]},{\"@type\":\"Person\",\"@id\":\"https:\\\/\\\/radioljubuski.ba\\\/#\\\/schema\\\/person\\\/19fc700381a780f69665d7956c469e3b\",\"name\":\"Radio Ljubu\u0161ki\"}]}<\/script>\n<!-- \/ Yoast SEO plugin. -->","yoast_head_json":{"title":"Putin: Spreman sam pomo\u0107i rije\u0161iti svjetsku krizu, uz jedan uvjet - RADIO LJUBU\u0160KI","robots":{"index":"index","follow":"follow","max-snippet":"max-snippet:-1","max-image-preview":"max-image-preview:large","max-video-preview":"max-video-preview:-1"},"canonical":"https:\/\/radioljubuski.ba\/index.php\/2022\/05\/26\/putin-spreman-sam-pomoci-rijesiti-svjetsku-krizu-uz-jedan-uvjet\/","og_locale":"hr_HR","og_type":"article","og_title":"Putin: Spreman sam pomo\u0107i rije\u0161iti svjetsku krizu, uz jedan uvjet - RADIO LJUBU\u0160KI","og_description":"Ruski predsjednik Vladimir Putin poru\u010dio je talijanskom premijeru Mariju Draghiju u telefonskom razgovoru da je Rusija spremna pomo\u0107i umanjiti problem me\u0111unarodne prehrambene krize samo u slu\u010daju da Zapad ukloni sankcije, ka\u017ee Kremlj. \u201cVladimir Putin naglasio je da je Ruska Federacija spremna uvelike doprinijeti rje\u0161avanju prehrambene krize putem izvoza \u017eitarica i gnojiva, ako se politi\u010dki motivirana [&hellip;]","og_url":"https:\/\/radioljubuski.ba\/index.php\/2022\/05\/26\/putin-spreman-sam-pomoci-rijesiti-svjetsku-krizu-uz-jedan-uvjet\/","og_site_name":"RADIO LJUBU\u0160KI","article_publisher":"https:\/\/www.facebook.com\/Radiio-Ljubuski-1490835324566332","article_published_time":"2022-05-26T22:40:15+00:00","article_modified_time":"2022-05-26T22:40:16+00:00","og_image":[{"width":770,"height":513,"url":"https:\/\/radioljubuski.ba\/wp-content\/uploads\/2021\/05\/RUSSIA-PUTIN.jpg","type":"image\/jpeg"}],"author":"Radio Ljubu\u0161ki","twitter_card":"summary_large_image","twitter_creator":"@radioljubuski","twitter_site":"@radioljubuski","twitter_misc":{"Napisao\/la":"Radio Ljubu\u0161ki","Procijenjeno vrijeme \u010ditanja":"2 minute"},"schema":{"@context":"https:\/\/schema.org","@graph":[{"@type":"Article","@id":"https:\/\/radioljubuski.ba\/index.php\/2022\/05\/26\/putin-spreman-sam-pomoci-rijesiti-svjetsku-krizu-uz-jedan-uvjet\/#article","isPartOf":{"@id":"https:\/\/radioljubuski.ba\/index.php\/2022\/05\/26\/putin-spreman-sam-pomoci-rijesiti-svjetsku-krizu-uz-jedan-uvjet\/"},"author":{"name":"Radio Ljubu\u0161ki","@id":"https:\/\/radioljubuski.ba\/#\/schema\/person\/19fc700381a780f69665d7956c469e3b"},"headline":"Putin: Spreman sam pomo\u0107i rije\u0161iti svjetsku krizu, uz jedan uvjet","datePublished":"2022-05-26T22:40:15+00:00","dateModified":"2022-05-26T22:40:16+00:00","mainEntityOfPage":{"@id":"https:\/\/radioljubuski.ba\/index.php\/2022\/05\/26\/putin-spreman-sam-pomoci-rijesiti-svjetsku-krizu-uz-jedan-uvjet\/"},"wordCount":341,"publisher":{"@id":"https:\/\/radioljubuski.ba\/#organization"},"articleSection":["BIH i regija"],"inLanguage":"hr"},{"@type":"WebPage","@id":"https:\/\/radioljubuski.ba\/index.php\/2022\/05\/26\/putin-spreman-sam-pomoci-rijesiti-svjetsku-krizu-uz-jedan-uvjet\/","url":"https:\/\/radioljubuski.ba\/index.php\/2022\/05\/26\/putin-spreman-sam-pomoci-rijesiti-svjetsku-krizu-uz-jedan-uvjet\/","name":"Putin: Spreman sam pomo\u0107i rije\u0161iti svjetsku krizu, uz jedan uvjet - RADIO LJUBU\u0160KI","isPartOf":{"@id":"https:\/\/radioljubuski.ba\/#website"},"datePublished":"2022-05-26T22:40:15+00:00","dateModified":"2022-05-26T22:40:16+00:00","breadcrumb":{"@id":"https:\/\/radioljubuski.ba\/index.php\/2022\/05\/26\/putin-spreman-sam-pomoci-rijesiti-svjetsku-krizu-uz-jedan-uvjet\/#breadcrumb"},"inLanguage":"hr","potentialAction":[{"@type":"ReadAction","target":["https:\/\/radioljubuski.ba\/index.php\/2022\/05\/26\/putin-spreman-sam-pomoci-rijesiti-svjetsku-krizu-uz-jedan-uvjet\/"]}]},{"@type":"BreadcrumbList","@id":"https:\/\/radioljubuski.ba\/index.php\/2022\/05\/26\/putin-spreman-sam-pomoci-rijesiti-svjetsku-krizu-uz-jedan-uvjet\/#breadcrumb","itemListElement":[{"@type":"ListItem","position":1,"name":"Po\u010detna stranica","item":"https:\/\/radioljubuski.ba\/"},{"@type":"ListItem","position":2,"name":"Putin: Spreman sam pomo\u0107i rije\u0161iti svjetsku krizu, uz jedan uvjet"}]},{"@type":"WebSite","@id":"https:\/\/radioljubuski.ba\/#website","url":"https:\/\/radioljubuski.ba\/","name":"Radio Ljubu\u0161ki","description":"Sun\u010dana frekvencija Hercegovine","publisher":{"@id":"https:\/\/radioljubuski.ba\/#organization"},"potentialAction":[{"@type":"SearchAction","target":{"@type":"EntryPoint","urlTemplate":"https:\/\/radioljubuski.ba\/?s={search_term_string}"},"query-input":{"@type":"PropertyValueSpecification","valueRequired":true,"valueName":"search_term_string"}}],"inLanguage":"hr"},{"@type":"Organization","@id":"https:\/\/radioljubuski.ba\/#organization","name":"Radio Ljubu\u0161ki","url":"https:\/\/radioljubuski.ba\/","logo":{"@type":"ImageObject","inLanguage":"hr","@id":"https:\/\/radioljubuski.ba\/#\/schema\/logo\/image\/","url":"https:\/\/radioljubuski.ba\/wp-content\/uploads\/2021\/02\/cropped-Radio_Ljubuski_logo1.jpg","contentUrl":"https:\/\/radioljubuski.ba\/wp-content\/uploads\/2021\/02\/cropped-Radio_Ljubuski_logo1.jpg","width":512,"height":512,"caption":"Radio Ljubu\u0161ki"},"image":{"@id":"https:\/\/radioljubuski.ba\/#\/schema\/logo\/image\/"},"sameAs":["https:\/\/www.facebook.com\/Radiio-Ljubuski-1490835324566332","https:\/\/x.com\/radioljubuski","https:\/\/hr.linkedin.com\/company\/radio-ljubuski","https:\/\/www.youtube.com\/channel\/UCHYaeO_n0Db3tjNGudGpXyw"]},{"@type":"Person","@id":"https:\/\/radioljubuski.ba\/#\/schema\/person\/19fc700381a780f69665d7956c469e3b","name":"Radio Ljubu\u0161ki"}]}},"_links":{"self":[{"href":"https:\/\/radioljubuski.ba\/index.php\/wp-json\/wp\/v2\/posts\/144337","targetHints":{"allow":["GET"]}}],"collection":[{"href":"https:\/\/radioljubuski.ba\/index.php\/wp-json\/wp\/v2\/posts"}],"about":[{"href":"https:\/\/radioljubuski.ba\/index.php\/wp-json\/wp\/v2\/types\/post"}],"author":[{"embeddable":true,"href":"https:\/\/radioljubuski.ba\/index.php\/wp-json\/wp\/v2\/users\/2"}],"replies":[{"embeddable":true,"href":"https:\/\/radioljubuski.ba\/index.php\/wp-json\/wp\/v2\/comments?post=144337"}],"version-history":[{"count":1,"href":"https:\/\/radioljubuski.ba\/index.php\/wp-json\/wp\/v2\/posts\/144337\/revisions"}],"predecessor-version":[{"id":144338,"href":"https:\/\/radioljubuski.ba\/index.php\/wp-json\/wp\/v2\/posts\/144337\/revisions\/144338"}],"wp:attachment":[{"href":"https:\/\/radioljubuski.ba\/index.php\/wp-json\/wp\/v2\/media?parent=144337"}],"wp:term":[{"taxonomy":"category","embeddable":true,"href":"https:\/\/radioljubuski.ba\/index.php\/wp-json\/wp\/v2\/categories?post=144337"},{"taxonomy":"post_tag","embeddable":true,"href":"https:\/\/radioljubuski.ba\/index.php\/wp-json\/wp\/v2\/tags?post=144337"}],"curies":[{"name":"wp","href":"https:\/\/api.w.org\/{rel}","templated":true}]}}