{"id":144362,"date":"2022-05-27T08:42:56","date_gmt":"2022-05-27T07:42:56","guid":{"rendered":"https:\/\/radioljubuski.ba\/?p=144362"},"modified":"2022-05-27T08:42:58","modified_gmt":"2022-05-27T07:42:58","slug":"izabran-idealni-tim-premijer-lige-bih-bilbija-i-jakirovic-bez-konkurencije","status":"publish","type":"post","link":"https:\/\/radioljubuski.ba\/index.php\/2022\/05\/27\/izabran-idealni-tim-premijer-lige-bih-bilbija-i-jakirovic-bez-konkurencije\/","title":{"rendered":"Izabran idealni tim Premijer lige BiH: Bilbija i Jakirovi\u0107 bez konkurencije"},"content":{"rendered":"\n<p>Igra\u010di i igra\u010dice Premijer lige Bosne i Hercegovine izabrali su &#8220;Kristalnih 11&#8221;, a sino\u0107 je u sarajevskoj Vije\u0107nici odr\u017eana ceremonija progla\u0161ena najboljih, uz prisustvo velikog broja bh. nogometnih legendi, biv\u0161ih reprezentativaca i zaslu\u017enih sporta\u0161a.<\/p>\n\n\n\n<p>&#8220;Sindikat profesionalnih nogometa\u0161a u Bosni i Hercegovini u proteklim danima organizirao je glasanje me\u0111u igra\u010dima i trenerima Premijer lige BiH u sklopu tradicionalnog izbora najboljih pojedinaca \u2013 \u201eKristalnih 11\u201c. Ukupno 313 pojedinaca je glasalo za najbolje igra\u010de Premijer lige BiH za nogometa\u0161e. Bitno je istaknuti da je uvjet bio da najmanje dvadeset pojedinaca iz svakog premijerliga\u0161a uzme u\u010de\u0161\u0107e u glasanju&#8221;, kazali su iz Sindikata profesionalnih nogometa\u0161a BiH.<\/p>\n\n\n\n<p>Za najboljeg golmana Premijer lige BiH u sezoni 2021\/22 izabran je Belmin Dizdarevi\u0107 (106 glasova), prvotimac Fudbalskog kluba Sarajevo. Iza sebe je ostavio prvog pratioca, Josipa Bendera (FK \u017deljezni\u010dar \u2013 56 glasa).<\/p>\n\n\n\n<p>Idealnu obranu prvenstva \u010dine Josip \u0106orluka (H\u0160K Zrinjski \u2013 187 glasova), Selmir Pidro (FK Sarajevo \u2013 114 glasova), Slobodan Jakovljevi\u0107 (H\u0160K Zrinjski \u2013 138 glasova) i Hrvoje Bari\u0161i\u0107 (H\u0160K Zrinjski \u2013 191 glas).<\/p>\n\n\n\n<p>U najbolji vezni red izabrani su Samir Radovac (FK Vele\u017e \u2013 141 glasova), Ivan Ba\u0161i\u0107 (H\u0160K Zrinjski \u2013 101 glas) i Agustin Doffo (FK Tuzla City \u2013 158 glasova), a napad je sastavljen od trojke Asmir Sulji\u0107 (FK Sarajevo \u2013 109 glasova), Nemanja Bilbija (H\u0160K Zrinjski \u2013 213 glasova) i Adnan D\u017eafi\u0107 (FK Tuzla City \u2013 133 glasa).<\/p>\n\n\n\n<p><strong>&#8220;Kristalnih 11&#8221; za sezonu 2021\/22:&nbsp;<\/strong>Dizdarevi\u0107, \u0106orluka, Pidro, Jakovljevi\u0107, Bari\u0161i\u0107, Radovac, Doffo, Ba\u0161i\u0107, D\u017eafi\u0107, Sulji\u0107, Bilbija.<\/p>\n\n\n\n<p>Najbolji trener Premijer lige BiH je\u00a0<strong>Sergej Jakirovi\u0107<\/strong>\u00a0(H\u0160K Zrinjski \u2013 167 glasova). Najbolji bh. sudac,\u00a0<strong>Irfan Peljto<\/strong>, ponovo je izabran na prvo mjesto izbora u kategoriji sudaca, a dobio je \u010dak 211 glasova.<\/p>\n\n\n\n<p>Najbolji mladi igra\u010d Premijer lige BiH, u kategoriji najboljeg igra\u010da do 21 godine, je&nbsp;<strong>Ivan Ba\u0161i\u0107<\/strong>&nbsp;iz H\u0160K Zrinjski. On je dobio 124 glasa za ovu kategoriju<\/p>\n\n\n\n<p>Premijerliga\u0161ki igra\u010di i treneri izabrali su prvotimca Zrinjskog&nbsp;<strong>Nemanju Bilbiju<\/strong>&nbsp;(251 glas) za najboljeg igra\u010da ove sezone.<\/p>\n\n\n\n<p>&#8220;Veoma sam ponosan i hvala mojim suigra\u010dima \u0161to su mi omogu\u0107ili da me ostali izaberu. Ovo je veliko priznanje i motiv da jo\u0161 bolje radim naredne sezone. Stigao je i poziv u reprezentaciju i to je jo\u0161 ve\u0107a \u010dast. Hvala izborniku i spreman sam za izazove koji nas o\u010dekuju&#8221;, kazao je Bilbija\u00a0<strong>za Klix.ba.<\/strong><\/p>\n\n\n\n<p>S ciljem promocije \u017eenskog nogometa u na\u0161oj dr\u017eavi, Sindikat profesionalnih nogometa\u0161a u Bosni i Hercegovini uru\u010dio je i nagrade najboljim nogometa\u0161icama Premijer lige BiH za \u017eene. \u201cKristalnih 11\u201d \u010dine: Envera Hasanbegovi\u0107 (SFK 2000 Sarajevo), Ana Bojani\u0107 (\u017dNK Iskra), Amela Kr\u0161o (SFK 2000 Sarajevo), Gloria Sli\u0161kovi\u0107 (SFK 2000 Sarajevo), \u0110ula Velagi\u0107 (SFK 2000 Sarajevo), Alisa Spahi\u0107 (SFK 2000 Sarajevo), Marija Ana Milinkovi\u0107 (SFK 2000 Sarajevo), Maja Hrelja (\u017dFK\/NK Emina Mostar), Sofija Kraj\u0161umovi\u0107 (\u017dFK Radnik Bijeljina), Krstina Tanaskovi\u0107 (SFK 2000 Sarajevo), Maja Jel\u010di\u0107 (SFK 2000 Sarajevo).<\/p>\n\n\n\n<p>Najbolja trenerica Premijer lige BiH za nogometa\u0161ice je Samira Hurem (SFK 2000 Sarajevo), a najbolja igra\u010dica Marija Ana Milinkovi\u0107 (SFK 2000 Sarajevo).<\/p>\n\n\n\n<p>Dodajmo i to da je Sindikat profesionalnih nogometa\u0161a u Bosni i Hercegovini uru\u010dio nagradu najboljem igra\u010du futsal Premijer lige BiH \u2013 Nihad Kahved\u017ei\u0107u, a fair play nagrada je oti\u0161la u ruke H\u0160K Posu\u0161je, kao timu koji je ostavio najbolji dojam u sezoni, gdje su igra\u010di najvi\u0161e voljeli igrati.<\/p>\n\n\n\n<p>Bez pogovora, u Vije\u0107nici je odr\u017eana vrhunska promocija doma\u0107eg sporta, kakvu \u017eelimo puno vi\u0161e i \u010de\u0161\u0107e  gledati.<\/p>\n\n\n\n<p>izvor: klix.ba<\/p>\n","protected":false},"excerpt":{"rendered":"<p>Igra\u010di i igra\u010dice Premijer lige Bosne i Hercegovine izabrali su &#8220;Kristalnih 11&#8221;, a sino\u0107 je u sarajevskoj Vije\u0107nici odr\u017eana ceremonija progla\u0161ena najboljih, uz prisustvo velikog broja bh. nogometnih legendi, biv\u0161ih reprezentativaca i zaslu\u017enih sporta\u0161a. &#8220;Sindikat profesionalnih nogometa\u0161a u Bosni i Hercegovini u proteklim danima organizirao je glasanje me\u0111u igra\u010dima i trenerima Premijer lige BiH u [&hellip;]<\/p>\n","protected":false},"author":2,"featured_media":144363,"comment_status":"closed","ping_status":"closed","sticky":false,"template":"","format":"standard","meta":{"h5ap_radio_sources":[],"footnotes":""},"categories":[7],"tags":[],"class_list":["post-144362","post","type-post","status-publish","format-standard","has-post-thumbnail","hentry","category-sport"],"yoast_head":"<!-- This site is optimized with the Yoast SEO plugin v27.5 - https:\/\/yoast.com\/product\/yoast-seo-wordpress\/ -->\n<title>Izabran idealni tim Premijer lige BiH: Bilbija i Jakirovi\u0107 bez konkurencije - RADIO LJUBU\u0160KI<\/title>\n<meta name=\"robots\" content=\"index, follow, max-snippet:-1, max-image-preview:large, max-video-preview:-1\" \/>\n<link rel=\"canonical\" href=\"https:\/\/radioljubuski.ba\/index.php\/2022\/05\/27\/izabran-idealni-tim-premijer-lige-bih-bilbija-i-jakirovic-bez-konkurencije\/\" \/>\n<meta property=\"og:locale\" content=\"hr_HR\" \/>\n<meta property=\"og:type\" content=\"article\" \/>\n<meta property=\"og:title\" content=\"Izabran idealni tim Premijer lige BiH: Bilbija i Jakirovi\u0107 bez konkurencije - RADIO LJUBU\u0160KI\" \/>\n<meta property=\"og:description\" content=\"Igra\u010di i igra\u010dice Premijer lige Bosne i Hercegovine izabrali su &#8220;Kristalnih 11&#8221;, a sino\u0107 je u sarajevskoj Vije\u0107nici odr\u017eana ceremonija progla\u0161ena najboljih, uz prisustvo velikog broja bh. nogometnih legendi, biv\u0161ih reprezentativaca i zaslu\u017enih sporta\u0161a. &#8220;Sindikat profesionalnih nogometa\u0161a u Bosni i Hercegovini u proteklim danima organizirao je glasanje me\u0111u igra\u010dima i trenerima Premijer lige BiH u [&hellip;]\" \/>\n<meta property=\"og:url\" content=\"https:\/\/radioljubuski.ba\/index.php\/2022\/05\/27\/izabran-idealni-tim-premijer-lige-bih-bilbija-i-jakirovic-bez-konkurencije\/\" \/>\n<meta property=\"og:site_name\" content=\"RADIO LJUBU\u0160KI\" \/>\n<meta property=\"article:publisher\" content=\"https:\/\/www.facebook.com\/Radiio-Ljubuski-1490835324566332\" \/>\n<meta property=\"article:published_time\" content=\"2022-05-27T07:42:56+00:00\" \/>\n<meta property=\"article:modified_time\" content=\"2022-05-27T07:42:58+00:00\" \/>\n<meta property=\"og:image\" content=\"https:\/\/radioljubuski.ba\/wp-content\/uploads\/2022\/05\/sergej-1.jpg\" \/>\n\t<meta property=\"og:image:width\" content=\"275\" \/>\n\t<meta property=\"og:image:height\" content=\"183\" \/>\n\t<meta property=\"og:image:type\" content=\"image\/jpeg\" \/>\n<meta name=\"author\" content=\"Radio Ljubu\u0161ki\" \/>\n<meta name=\"twitter:card\" content=\"summary_large_image\" \/>\n<meta name=\"twitter:creator\" content=\"@radioljubuski\" \/>\n<meta name=\"twitter:site\" content=\"@radioljubuski\" \/>\n<meta name=\"twitter:label1\" content=\"Napisao\/la\" \/>\n\t<meta name=\"twitter:data1\" content=\"Radio Ljubu\u0161ki\" \/>\n\t<meta name=\"twitter:label2\" content=\"Procijenjeno vrijeme \u010ditanja\" \/>\n\t<meta name=\"twitter:data2\" content=\"3 minute\" \/>\n<script type=\"application\/ld+json\" class=\"yoast-schema-graph\">{\"@context\":\"https:\\\/\\\/schema.org\",\"@graph\":[{\"@type\":\"Article\",\"@id\":\"https:\\\/\\\/radioljubuski.ba\\\/index.php\\\/2022\\\/05\\\/27\\\/izabran-idealni-tim-premijer-lige-bih-bilbija-i-jakirovic-bez-konkurencije\\\/#article\",\"isPartOf\":{\"@id\":\"https:\\\/\\\/radioljubuski.ba\\\/index.php\\\/2022\\\/05\\\/27\\\/izabran-idealni-tim-premijer-lige-bih-bilbija-i-jakirovic-bez-konkurencije\\\/\"},\"author\":{\"name\":\"Radio Ljubu\u0161ki\",\"@id\":\"https:\\\/\\\/radioljubuski.ba\\\/#\\\/schema\\\/person\\\/19fc700381a780f69665d7956c469e3b\"},\"headline\":\"Izabran idealni tim Premijer lige BiH: Bilbija i Jakirovi\u0107 bez konkurencije\",\"datePublished\":\"2022-05-27T07:42:56+00:00\",\"dateModified\":\"2022-05-27T07:42:58+00:00\",\"mainEntityOfPage\":{\"@id\":\"https:\\\/\\\/radioljubuski.ba\\\/index.php\\\/2022\\\/05\\\/27\\\/izabran-idealni-tim-premijer-lige-bih-bilbija-i-jakirovic-bez-konkurencije\\\/\"},\"wordCount\":582,\"publisher\":{\"@id\":\"https:\\\/\\\/radioljubuski.ba\\\/#organization\"},\"image\":{\"@id\":\"https:\\\/\\\/radioljubuski.ba\\\/index.php\\\/2022\\\/05\\\/27\\\/izabran-idealni-tim-premijer-lige-bih-bilbija-i-jakirovic-bez-konkurencije\\\/#primaryimage\"},\"thumbnailUrl\":\"https:\\\/\\\/radioljubuski.ba\\\/wp-content\\\/uploads\\\/2022\\\/05\\\/sergej-1.jpg\",\"articleSection\":[\"\u0160port\"],\"inLanguage\":\"hr\"},{\"@type\":\"WebPage\",\"@id\":\"https:\\\/\\\/radioljubuski.ba\\\/index.php\\\/2022\\\/05\\\/27\\\/izabran-idealni-tim-premijer-lige-bih-bilbija-i-jakirovic-bez-konkurencije\\\/\",\"url\":\"https:\\\/\\\/radioljubuski.ba\\\/index.php\\\/2022\\\/05\\\/27\\\/izabran-idealni-tim-premijer-lige-bih-bilbija-i-jakirovic-bez-konkurencije\\\/\",\"name\":\"Izabran idealni tim Premijer lige BiH: Bilbija i Jakirovi\u0107 bez konkurencije - RADIO LJUBU\u0160KI\",\"isPartOf\":{\"@id\":\"https:\\\/\\\/radioljubuski.ba\\\/#website\"},\"primaryImageOfPage\":{\"@id\":\"https:\\\/\\\/radioljubuski.ba\\\/index.php\\\/2022\\\/05\\\/27\\\/izabran-idealni-tim-premijer-lige-bih-bilbija-i-jakirovic-bez-konkurencije\\\/#primaryimage\"},\"image\":{\"@id\":\"https:\\\/\\\/radioljubuski.ba\\\/index.php\\\/2022\\\/05\\\/27\\\/izabran-idealni-tim-premijer-lige-bih-bilbija-i-jakirovic-bez-konkurencije\\\/#primaryimage\"},\"thumbnailUrl\":\"https:\\\/\\\/radioljubuski.ba\\\/wp-content\\\/uploads\\\/2022\\\/05\\\/sergej-1.jpg\",\"datePublished\":\"2022-05-27T07:42:56+00:00\",\"dateModified\":\"2022-05-27T07:42:58+00:00\",\"breadcrumb\":{\"@id\":\"https:\\\/\\\/radioljubuski.ba\\\/index.php\\\/2022\\\/05\\\/27\\\/izabran-idealni-tim-premijer-lige-bih-bilbija-i-jakirovic-bez-konkurencije\\\/#breadcrumb\"},\"inLanguage\":\"hr\",\"potentialAction\":[{\"@type\":\"ReadAction\",\"target\":[\"https:\\\/\\\/radioljubuski.ba\\\/index.php\\\/2022\\\/05\\\/27\\\/izabran-idealni-tim-premijer-lige-bih-bilbija-i-jakirovic-bez-konkurencije\\\/\"]}]},{\"@type\":\"ImageObject\",\"inLanguage\":\"hr\",\"@id\":\"https:\\\/\\\/radioljubuski.ba\\\/index.php\\\/2022\\\/05\\\/27\\\/izabran-idealni-tim-premijer-lige-bih-bilbija-i-jakirovic-bez-konkurencije\\\/#primaryimage\",\"url\":\"https:\\\/\\\/radioljubuski.ba\\\/wp-content\\\/uploads\\\/2022\\\/05\\\/sergej-1.jpg\",\"contentUrl\":\"https:\\\/\\\/radioljubuski.ba\\\/wp-content\\\/uploads\\\/2022\\\/05\\\/sergej-1.jpg\",\"width\":275,\"height\":183},{\"@type\":\"BreadcrumbList\",\"@id\":\"https:\\\/\\\/radioljubuski.ba\\\/index.php\\\/2022\\\/05\\\/27\\\/izabran-idealni-tim-premijer-lige-bih-bilbija-i-jakirovic-bez-konkurencije\\\/#breadcrumb\",\"itemListElement\":[{\"@type\":\"ListItem\",\"position\":1,\"name\":\"Po\u010detna stranica\",\"item\":\"https:\\\/\\\/radioljubuski.ba\\\/\"},{\"@type\":\"ListItem\",\"position\":2,\"name\":\"Izabran idealni tim Premijer lige BiH: Bilbija i Jakirovi\u0107 bez konkurencije\"}]},{\"@type\":\"WebSite\",\"@id\":\"https:\\\/\\\/radioljubuski.ba\\\/#website\",\"url\":\"https:\\\/\\\/radioljubuski.ba\\\/\",\"name\":\"Radio Ljubu\u0161ki\",\"description\":\"Sun\u010dana frekvencija Hercegovine\",\"publisher\":{\"@id\":\"https:\\\/\\\/radioljubuski.ba\\\/#organization\"},\"potentialAction\":[{\"@type\":\"SearchAction\",\"target\":{\"@type\":\"EntryPoint\",\"urlTemplate\":\"https:\\\/\\\/radioljubuski.ba\\\/?s={search_term_string}\"},\"query-input\":{\"@type\":\"PropertyValueSpecification\",\"valueRequired\":true,\"valueName\":\"search_term_string\"}}],\"inLanguage\":\"hr\"},{\"@type\":\"Organization\",\"@id\":\"https:\\\/\\\/radioljubuski.ba\\\/#organization\",\"name\":\"Radio Ljubu\u0161ki\",\"url\":\"https:\\\/\\\/radioljubuski.ba\\\/\",\"logo\":{\"@type\":\"ImageObject\",\"inLanguage\":\"hr\",\"@id\":\"https:\\\/\\\/radioljubuski.ba\\\/#\\\/schema\\\/logo\\\/image\\\/\",\"url\":\"https:\\\/\\\/radioljubuski.ba\\\/wp-content\\\/uploads\\\/2021\\\/02\\\/cropped-Radio_Ljubuski_logo1.jpg\",\"contentUrl\":\"https:\\\/\\\/radioljubuski.ba\\\/wp-content\\\/uploads\\\/2021\\\/02\\\/cropped-Radio_Ljubuski_logo1.jpg\",\"width\":512,\"height\":512,\"caption\":\"Radio Ljubu\u0161ki\"},\"image\":{\"@id\":\"https:\\\/\\\/radioljubuski.ba\\\/#\\\/schema\\\/logo\\\/image\\\/\"},\"sameAs\":[\"https:\\\/\\\/www.facebook.com\\\/Radiio-Ljubuski-1490835324566332\",\"https:\\\/\\\/x.com\\\/radioljubuski\",\"https:\\\/\\\/hr.linkedin.com\\\/company\\\/radio-ljubuski\",\"https:\\\/\\\/www.youtube.com\\\/channel\\\/UCHYaeO_n0Db3tjNGudGpXyw\"]},{\"@type\":\"Person\",\"@id\":\"https:\\\/\\\/radioljubuski.ba\\\/#\\\/schema\\\/person\\\/19fc700381a780f69665d7956c469e3b\",\"name\":\"Radio Ljubu\u0161ki\"}]}<\/script>\n<!-- \/ Yoast SEO plugin. -->","yoast_head_json":{"title":"Izabran idealni tim Premijer lige BiH: Bilbija i Jakirovi\u0107 bez konkurencije - RADIO LJUBU\u0160KI","robots":{"index":"index","follow":"follow","max-snippet":"max-snippet:-1","max-image-preview":"max-image-preview:large","max-video-preview":"max-video-preview:-1"},"canonical":"https:\/\/radioljubuski.ba\/index.php\/2022\/05\/27\/izabran-idealni-tim-premijer-lige-bih-bilbija-i-jakirovic-bez-konkurencije\/","og_locale":"hr_HR","og_type":"article","og_title":"Izabran idealni tim Premijer lige BiH: Bilbija i Jakirovi\u0107 bez konkurencije - RADIO LJUBU\u0160KI","og_description":"Igra\u010di i igra\u010dice Premijer lige Bosne i Hercegovine izabrali su &#8220;Kristalnih 11&#8221;, a sino\u0107 je u sarajevskoj Vije\u0107nici odr\u017eana ceremonija progla\u0161ena najboljih, uz prisustvo velikog broja bh. nogometnih legendi, biv\u0161ih reprezentativaca i zaslu\u017enih sporta\u0161a. &#8220;Sindikat profesionalnih nogometa\u0161a u Bosni i Hercegovini u proteklim danima organizirao je glasanje me\u0111u igra\u010dima i trenerima Premijer lige BiH u [&hellip;]","og_url":"https:\/\/radioljubuski.ba\/index.php\/2022\/05\/27\/izabran-idealni-tim-premijer-lige-bih-bilbija-i-jakirovic-bez-konkurencije\/","og_site_name":"RADIO LJUBU\u0160KI","article_publisher":"https:\/\/www.facebook.com\/Radiio-Ljubuski-1490835324566332","article_published_time":"2022-05-27T07:42:56+00:00","article_modified_time":"2022-05-27T07:42:58+00:00","og_image":[{"width":275,"height":183,"url":"https:\/\/radioljubuski.ba\/wp-content\/uploads\/2022\/05\/sergej-1.jpg","type":"image\/jpeg"}],"author":"Radio Ljubu\u0161ki","twitter_card":"summary_large_image","twitter_creator":"@radioljubuski","twitter_site":"@radioljubuski","twitter_misc":{"Napisao\/la":"Radio Ljubu\u0161ki","Procijenjeno vrijeme \u010ditanja":"3 minute"},"schema":{"@context":"https:\/\/schema.org","@graph":[{"@type":"Article","@id":"https:\/\/radioljubuski.ba\/index.php\/2022\/05\/27\/izabran-idealni-tim-premijer-lige-bih-bilbija-i-jakirovic-bez-konkurencije\/#article","isPartOf":{"@id":"https:\/\/radioljubuski.ba\/index.php\/2022\/05\/27\/izabran-idealni-tim-premijer-lige-bih-bilbija-i-jakirovic-bez-konkurencije\/"},"author":{"name":"Radio Ljubu\u0161ki","@id":"https:\/\/radioljubuski.ba\/#\/schema\/person\/19fc700381a780f69665d7956c469e3b"},"headline":"Izabran idealni tim Premijer lige BiH: Bilbija i Jakirovi\u0107 bez konkurencije","datePublished":"2022-05-27T07:42:56+00:00","dateModified":"2022-05-27T07:42:58+00:00","mainEntityOfPage":{"@id":"https:\/\/radioljubuski.ba\/index.php\/2022\/05\/27\/izabran-idealni-tim-premijer-lige-bih-bilbija-i-jakirovic-bez-konkurencije\/"},"wordCount":582,"publisher":{"@id":"https:\/\/radioljubuski.ba\/#organization"},"image":{"@id":"https:\/\/radioljubuski.ba\/index.php\/2022\/05\/27\/izabran-idealni-tim-premijer-lige-bih-bilbija-i-jakirovic-bez-konkurencije\/#primaryimage"},"thumbnailUrl":"https:\/\/radioljubuski.ba\/wp-content\/uploads\/2022\/05\/sergej-1.jpg","articleSection":["\u0160port"],"inLanguage":"hr"},{"@type":"WebPage","@id":"https:\/\/radioljubuski.ba\/index.php\/2022\/05\/27\/izabran-idealni-tim-premijer-lige-bih-bilbija-i-jakirovic-bez-konkurencije\/","url":"https:\/\/radioljubuski.ba\/index.php\/2022\/05\/27\/izabran-idealni-tim-premijer-lige-bih-bilbija-i-jakirovic-bez-konkurencije\/","name":"Izabran idealni tim Premijer lige BiH: Bilbija i Jakirovi\u0107 bez konkurencije - RADIO LJUBU\u0160KI","isPartOf":{"@id":"https:\/\/radioljubuski.ba\/#website"},"primaryImageOfPage":{"@id":"https:\/\/radioljubuski.ba\/index.php\/2022\/05\/27\/izabran-idealni-tim-premijer-lige-bih-bilbija-i-jakirovic-bez-konkurencije\/#primaryimage"},"image":{"@id":"https:\/\/radioljubuski.ba\/index.php\/2022\/05\/27\/izabran-idealni-tim-premijer-lige-bih-bilbija-i-jakirovic-bez-konkurencije\/#primaryimage"},"thumbnailUrl":"https:\/\/radioljubuski.ba\/wp-content\/uploads\/2022\/05\/sergej-1.jpg","datePublished":"2022-05-27T07:42:56+00:00","dateModified":"2022-05-27T07:42:58+00:00","breadcrumb":{"@id":"https:\/\/radioljubuski.ba\/index.php\/2022\/05\/27\/izabran-idealni-tim-premijer-lige-bih-bilbija-i-jakirovic-bez-konkurencije\/#breadcrumb"},"inLanguage":"hr","potentialAction":[{"@type":"ReadAction","target":["https:\/\/radioljubuski.ba\/index.php\/2022\/05\/27\/izabran-idealni-tim-premijer-lige-bih-bilbija-i-jakirovic-bez-konkurencije\/"]}]},{"@type":"ImageObject","inLanguage":"hr","@id":"https:\/\/radioljubuski.ba\/index.php\/2022\/05\/27\/izabran-idealni-tim-premijer-lige-bih-bilbija-i-jakirovic-bez-konkurencije\/#primaryimage","url":"https:\/\/radioljubuski.ba\/wp-content\/uploads\/2022\/05\/sergej-1.jpg","contentUrl":"https:\/\/radioljubuski.ba\/wp-content\/uploads\/2022\/05\/sergej-1.jpg","width":275,"height":183},{"@type":"BreadcrumbList","@id":"https:\/\/radioljubuski.ba\/index.php\/2022\/05\/27\/izabran-idealni-tim-premijer-lige-bih-bilbija-i-jakirovic-bez-konkurencije\/#breadcrumb","itemListElement":[{"@type":"ListItem","position":1,"name":"Po\u010detna stranica","item":"https:\/\/radioljubuski.ba\/"},{"@type":"ListItem","position":2,"name":"Izabran idealni tim Premijer lige BiH: Bilbija i Jakirovi\u0107 bez konkurencije"}]},{"@type":"WebSite","@id":"https:\/\/radioljubuski.ba\/#website","url":"https:\/\/radioljubuski.ba\/","name":"Radio Ljubu\u0161ki","description":"Sun\u010dana frekvencija Hercegovine","publisher":{"@id":"https:\/\/radioljubuski.ba\/#organization"},"potentialAction":[{"@type":"SearchAction","target":{"@type":"EntryPoint","urlTemplate":"https:\/\/radioljubuski.ba\/?s={search_term_string}"},"query-input":{"@type":"PropertyValueSpecification","valueRequired":true,"valueName":"search_term_string"}}],"inLanguage":"hr"},{"@type":"Organization","@id":"https:\/\/radioljubuski.ba\/#organization","name":"Radio Ljubu\u0161ki","url":"https:\/\/radioljubuski.ba\/","logo":{"@type":"ImageObject","inLanguage":"hr","@id":"https:\/\/radioljubuski.ba\/#\/schema\/logo\/image\/","url":"https:\/\/radioljubuski.ba\/wp-content\/uploads\/2021\/02\/cropped-Radio_Ljubuski_logo1.jpg","contentUrl":"https:\/\/radioljubuski.ba\/wp-content\/uploads\/2021\/02\/cropped-Radio_Ljubuski_logo1.jpg","width":512,"height":512,"caption":"Radio Ljubu\u0161ki"},"image":{"@id":"https:\/\/radioljubuski.ba\/#\/schema\/logo\/image\/"},"sameAs":["https:\/\/www.facebook.com\/Radiio-Ljubuski-1490835324566332","https:\/\/x.com\/radioljubuski","https:\/\/hr.linkedin.com\/company\/radio-ljubuski","https:\/\/www.youtube.com\/channel\/UCHYaeO_n0Db3tjNGudGpXyw"]},{"@type":"Person","@id":"https:\/\/radioljubuski.ba\/#\/schema\/person\/19fc700381a780f69665d7956c469e3b","name":"Radio Ljubu\u0161ki"}]}},"_links":{"self":[{"href":"https:\/\/radioljubuski.ba\/index.php\/wp-json\/wp\/v2\/posts\/144362","targetHints":{"allow":["GET"]}}],"collection":[{"href":"https:\/\/radioljubuski.ba\/index.php\/wp-json\/wp\/v2\/posts"}],"about":[{"href":"https:\/\/radioljubuski.ba\/index.php\/wp-json\/wp\/v2\/types\/post"}],"author":[{"embeddable":true,"href":"https:\/\/radioljubuski.ba\/index.php\/wp-json\/wp\/v2\/users\/2"}],"replies":[{"embeddable":true,"href":"https:\/\/radioljubuski.ba\/index.php\/wp-json\/wp\/v2\/comments?post=144362"}],"version-history":[{"count":1,"href":"https:\/\/radioljubuski.ba\/index.php\/wp-json\/wp\/v2\/posts\/144362\/revisions"}],"predecessor-version":[{"id":144364,"href":"https:\/\/radioljubuski.ba\/index.php\/wp-json\/wp\/v2\/posts\/144362\/revisions\/144364"}],"wp:featuredmedia":[{"embeddable":true,"href":"https:\/\/radioljubuski.ba\/index.php\/wp-json\/wp\/v2\/media\/144363"}],"wp:attachment":[{"href":"https:\/\/radioljubuski.ba\/index.php\/wp-json\/wp\/v2\/media?parent=144362"}],"wp:term":[{"taxonomy":"category","embeddable":true,"href":"https:\/\/radioljubuski.ba\/index.php\/wp-json\/wp\/v2\/categories?post=144362"},{"taxonomy":"post_tag","embeddable":true,"href":"https:\/\/radioljubuski.ba\/index.php\/wp-json\/wp\/v2\/tags?post=144362"}],"curies":[{"name":"wp","href":"https:\/\/api.w.org\/{rel}","templated":true}]}}