{"id":144391,"date":"2022-05-27T13:24:23","date_gmt":"2022-05-27T12:24:23","guid":{"rendered":"https:\/\/radioljubuski.ba\/?p=144391"},"modified":"2022-05-27T13:24:24","modified_gmt":"2022-05-27T12:24:24","slug":"ucenici-u-mariupolju-ostali-bez-praznika-jer-moraju-svladati-ruski-program","status":"publish","type":"post","link":"https:\/\/radioljubuski.ba\/index.php\/2022\/05\/27\/ucenici-u-mariupolju-ostali-bez-praznika-jer-moraju-svladati-ruski-program\/","title":{"rendered":"U\u010denici u Mariupolju ostali bez praznika jer moraju svladati ruski program"},"content":{"rendered":"\n<p><strong>Ruske snage koje su zauzele Mariupolj odlu\u010dile su ukinuti ljetne praznike kako bi u\u010denici mogli svladati ruski program, rekao je u \u010detvrtak ukrajinski gradski \u010delnik.<\/strong><\/p>\n\n\n\n<p>Po rije\u010dima Petra Andrju\u0161\u010denka, savjetnika gradona\u010delnika te luke, gdje su se ovih dana predali posljednji ukrajinski branitelji, \u201cokupatori su rekli da se \u0161kolska godina produljuje do 1. rujna\u201d.<\/p>\n\n\n\n<p>\u201cCijelo ljeto djeca \u0107e imati nastavu ruskog jezika i knji\u017eevnosti, ruske povijesti i matematike na ruskom\u201d, rekao je.<\/p>\n\n\n\n<p>\u201cGlavni zada\u0107a je deukrajinizacija i priprema nove \u0161kolske godine po ruskom kurikulu\u201d, dodao je.<\/p>\n\n\n\n<p>No ruski okupatori zasad nisu uspjeli prona\u0107i dovoljan broj profesora, \u201ctek 53 nastavnika za devet \u0161kola\u201d, rekao je. Nije naveo koliko je u\u010denika obuhva\u0107eno odlukom.<\/p>\n\n\n\n<p>Nakon gotovo tromjese\u010dne opsade u kojoj je razoren grad koji je prije rata imao pola milijuna stanovnika, ruske snage su 20. svibnja nagnale borce koji su jo\u0161 pru\u017eali otpor u velikoj \u010deli\u010dani Azovstalju da polo\u017ee oru\u017eje.<\/p>\n\n\n\n<p>Kako navodi rusko ministarstvo obrane, oko 2500 ukrajinskih vojnika bojne Azov koje Moskva naziva \u201cnacistima\u201d, predali su se. Kijev nije potvrdio taj broj.<\/p>\n\n\n\n<p>\/Hina\/HMS\/<\/p>\n","protected":false},"excerpt":{"rendered":"<p>Ruske snage koje su zauzele Mariupolj odlu\u010dile su ukinuti ljetne praznike kako bi u\u010denici mogli svladati ruski program, rekao je u \u010detvrtak ukrajinski gradski \u010delnik. Po rije\u010dima Petra Andrju\u0161\u010denka, savjetnika gradona\u010delnika te luke, gdje su se ovih dana predali posljednji ukrajinski branitelji, \u201cokupatori su rekli da se \u0161kolska godina produljuje do 1. rujna\u201d. \u201cCijelo ljeto [&hellip;]<\/p>\n","protected":false},"author":2,"featured_media":144392,"comment_status":"closed","ping_status":"closed","sticky":false,"template":"","format":"standard","meta":{"h5ap_radio_sources":[],"footnotes":""},"categories":[1],"tags":[],"class_list":["post-144391","post","type-post","status-publish","format-standard","has-post-thumbnail","hentry","category-bihiregija"],"yoast_head":"<!-- This site is optimized with the Yoast SEO plugin v27.5 - https:\/\/yoast.com\/product\/yoast-seo-wordpress\/ -->\n<title>U\u010denici u Mariupolju ostali bez praznika jer moraju svladati ruski program - RADIO LJUBU\u0160KI<\/title>\n<meta name=\"robots\" content=\"index, follow, max-snippet:-1, max-image-preview:large, max-video-preview:-1\" \/>\n<link rel=\"canonical\" href=\"https:\/\/radioljubuski.ba\/index.php\/2022\/05\/27\/ucenici-u-mariupolju-ostali-bez-praznika-jer-moraju-svladati-ruski-program\/\" \/>\n<meta property=\"og:locale\" content=\"hr_HR\" \/>\n<meta property=\"og:type\" content=\"article\" \/>\n<meta property=\"og:title\" content=\"U\u010denici u Mariupolju ostali bez praznika jer moraju svladati ruski program - RADIO LJUBU\u0160KI\" \/>\n<meta property=\"og:description\" content=\"Ruske snage koje su zauzele Mariupolj odlu\u010dile su ukinuti ljetne praznike kako bi u\u010denici mogli svladati ruski program, rekao je u \u010detvrtak ukrajinski gradski \u010delnik. Po rije\u010dima Petra Andrju\u0161\u010denka, savjetnika gradona\u010delnika te luke, gdje su se ovih dana predali posljednji ukrajinski branitelji, \u201cokupatori su rekli da se \u0161kolska godina produljuje do 1. rujna\u201d. \u201cCijelo ljeto [&hellip;]\" \/>\n<meta property=\"og:url\" content=\"https:\/\/radioljubuski.ba\/index.php\/2022\/05\/27\/ucenici-u-mariupolju-ostali-bez-praznika-jer-moraju-svladati-ruski-program\/\" \/>\n<meta property=\"og:site_name\" content=\"RADIO LJUBU\u0160KI\" \/>\n<meta property=\"article:publisher\" content=\"https:\/\/www.facebook.com\/Radiio-Ljubuski-1490835324566332\" \/>\n<meta property=\"article:published_time\" content=\"2022-05-27T12:24:23+00:00\" \/>\n<meta property=\"article:modified_time\" content=\"2022-05-27T12:24:24+00:00\" \/>\n<meta property=\"og:image\" content=\"https:\/\/radioljubuski.ba\/wp-content\/uploads\/2022\/05\/2dcaf21245736be623cd.jpeg\" \/>\n\t<meta property=\"og:image:width\" content=\"960\" \/>\n\t<meta property=\"og:image:height\" content=\"539\" \/>\n\t<meta property=\"og:image:type\" content=\"image\/jpeg\" \/>\n<meta name=\"author\" content=\"Radio Ljubu\u0161ki\" \/>\n<meta name=\"twitter:card\" content=\"summary_large_image\" \/>\n<meta name=\"twitter:creator\" content=\"@radioljubuski\" \/>\n<meta name=\"twitter:site\" content=\"@radioljubuski\" \/>\n<meta name=\"twitter:label1\" content=\"Napisao\/la\" \/>\n\t<meta name=\"twitter:data1\" content=\"Radio Ljubu\u0161ki\" \/>\n\t<meta name=\"twitter:label2\" content=\"Procijenjeno vrijeme \u010ditanja\" \/>\n\t<meta name=\"twitter:data2\" content=\"1 minuta\" \/>\n<script type=\"application\/ld+json\" class=\"yoast-schema-graph\">{\"@context\":\"https:\\\/\\\/schema.org\",\"@graph\":[{\"@type\":\"Article\",\"@id\":\"https:\\\/\\\/radioljubuski.ba\\\/index.php\\\/2022\\\/05\\\/27\\\/ucenici-u-mariupolju-ostali-bez-praznika-jer-moraju-svladati-ruski-program\\\/#article\",\"isPartOf\":{\"@id\":\"https:\\\/\\\/radioljubuski.ba\\\/index.php\\\/2022\\\/05\\\/27\\\/ucenici-u-mariupolju-ostali-bez-praznika-jer-moraju-svladati-ruski-program\\\/\"},\"author\":{\"name\":\"Radio Ljubu\u0161ki\",\"@id\":\"https:\\\/\\\/radioljubuski.ba\\\/#\\\/schema\\\/person\\\/19fc700381a780f69665d7956c469e3b\"},\"headline\":\"U\u010denici u Mariupolju ostali bez praznika jer moraju svladati ruski program\",\"datePublished\":\"2022-05-27T12:24:23+00:00\",\"dateModified\":\"2022-05-27T12:24:24+00:00\",\"mainEntityOfPage\":{\"@id\":\"https:\\\/\\\/radioljubuski.ba\\\/index.php\\\/2022\\\/05\\\/27\\\/ucenici-u-mariupolju-ostali-bez-praznika-jer-moraju-svladati-ruski-program\\\/\"},\"wordCount\":194,\"publisher\":{\"@id\":\"https:\\\/\\\/radioljubuski.ba\\\/#organization\"},\"image\":{\"@id\":\"https:\\\/\\\/radioljubuski.ba\\\/index.php\\\/2022\\\/05\\\/27\\\/ucenici-u-mariupolju-ostali-bez-praznika-jer-moraju-svladati-ruski-program\\\/#primaryimage\"},\"thumbnailUrl\":\"https:\\\/\\\/radioljubuski.ba\\\/wp-content\\\/uploads\\\/2022\\\/05\\\/2dcaf21245736be623cd.jpeg\",\"articleSection\":[\"BIH i regija\"],\"inLanguage\":\"hr\"},{\"@type\":\"WebPage\",\"@id\":\"https:\\\/\\\/radioljubuski.ba\\\/index.php\\\/2022\\\/05\\\/27\\\/ucenici-u-mariupolju-ostali-bez-praznika-jer-moraju-svladati-ruski-program\\\/\",\"url\":\"https:\\\/\\\/radioljubuski.ba\\\/index.php\\\/2022\\\/05\\\/27\\\/ucenici-u-mariupolju-ostali-bez-praznika-jer-moraju-svladati-ruski-program\\\/\",\"name\":\"U\u010denici u Mariupolju ostali bez praznika jer moraju svladati ruski program - RADIO LJUBU\u0160KI\",\"isPartOf\":{\"@id\":\"https:\\\/\\\/radioljubuski.ba\\\/#website\"},\"primaryImageOfPage\":{\"@id\":\"https:\\\/\\\/radioljubuski.ba\\\/index.php\\\/2022\\\/05\\\/27\\\/ucenici-u-mariupolju-ostali-bez-praznika-jer-moraju-svladati-ruski-program\\\/#primaryimage\"},\"image\":{\"@id\":\"https:\\\/\\\/radioljubuski.ba\\\/index.php\\\/2022\\\/05\\\/27\\\/ucenici-u-mariupolju-ostali-bez-praznika-jer-moraju-svladati-ruski-program\\\/#primaryimage\"},\"thumbnailUrl\":\"https:\\\/\\\/radioljubuski.ba\\\/wp-content\\\/uploads\\\/2022\\\/05\\\/2dcaf21245736be623cd.jpeg\",\"datePublished\":\"2022-05-27T12:24:23+00:00\",\"dateModified\":\"2022-05-27T12:24:24+00:00\",\"breadcrumb\":{\"@id\":\"https:\\\/\\\/radioljubuski.ba\\\/index.php\\\/2022\\\/05\\\/27\\\/ucenici-u-mariupolju-ostali-bez-praznika-jer-moraju-svladati-ruski-program\\\/#breadcrumb\"},\"inLanguage\":\"hr\",\"potentialAction\":[{\"@type\":\"ReadAction\",\"target\":[\"https:\\\/\\\/radioljubuski.ba\\\/index.php\\\/2022\\\/05\\\/27\\\/ucenici-u-mariupolju-ostali-bez-praznika-jer-moraju-svladati-ruski-program\\\/\"]}]},{\"@type\":\"ImageObject\",\"inLanguage\":\"hr\",\"@id\":\"https:\\\/\\\/radioljubuski.ba\\\/index.php\\\/2022\\\/05\\\/27\\\/ucenici-u-mariupolju-ostali-bez-praznika-jer-moraju-svladati-ruski-program\\\/#primaryimage\",\"url\":\"https:\\\/\\\/radioljubuski.ba\\\/wp-content\\\/uploads\\\/2022\\\/05\\\/2dcaf21245736be623cd.jpeg\",\"contentUrl\":\"https:\\\/\\\/radioljubuski.ba\\\/wp-content\\\/uploads\\\/2022\\\/05\\\/2dcaf21245736be623cd.jpeg\",\"width\":960,\"height\":539},{\"@type\":\"BreadcrumbList\",\"@id\":\"https:\\\/\\\/radioljubuski.ba\\\/index.php\\\/2022\\\/05\\\/27\\\/ucenici-u-mariupolju-ostali-bez-praznika-jer-moraju-svladati-ruski-program\\\/#breadcrumb\",\"itemListElement\":[{\"@type\":\"ListItem\",\"position\":1,\"name\":\"Po\u010detna stranica\",\"item\":\"https:\\\/\\\/radioljubuski.ba\\\/\"},{\"@type\":\"ListItem\",\"position\":2,\"name\":\"U\u010denici u Mariupolju ostali bez praznika jer moraju svladati ruski program\"}]},{\"@type\":\"WebSite\",\"@id\":\"https:\\\/\\\/radioljubuski.ba\\\/#website\",\"url\":\"https:\\\/\\\/radioljubuski.ba\\\/\",\"name\":\"Radio Ljubu\u0161ki\",\"description\":\"Sun\u010dana frekvencija Hercegovine\",\"publisher\":{\"@id\":\"https:\\\/\\\/radioljubuski.ba\\\/#organization\"},\"potentialAction\":[{\"@type\":\"SearchAction\",\"target\":{\"@type\":\"EntryPoint\",\"urlTemplate\":\"https:\\\/\\\/radioljubuski.ba\\\/?s={search_term_string}\"},\"query-input\":{\"@type\":\"PropertyValueSpecification\",\"valueRequired\":true,\"valueName\":\"search_term_string\"}}],\"inLanguage\":\"hr\"},{\"@type\":\"Organization\",\"@id\":\"https:\\\/\\\/radioljubuski.ba\\\/#organization\",\"name\":\"Radio Ljubu\u0161ki\",\"url\":\"https:\\\/\\\/radioljubuski.ba\\\/\",\"logo\":{\"@type\":\"ImageObject\",\"inLanguage\":\"hr\",\"@id\":\"https:\\\/\\\/radioljubuski.ba\\\/#\\\/schema\\\/logo\\\/image\\\/\",\"url\":\"https:\\\/\\\/radioljubuski.ba\\\/wp-content\\\/uploads\\\/2021\\\/02\\\/cropped-Radio_Ljubuski_logo1.jpg\",\"contentUrl\":\"https:\\\/\\\/radioljubuski.ba\\\/wp-content\\\/uploads\\\/2021\\\/02\\\/cropped-Radio_Ljubuski_logo1.jpg\",\"width\":512,\"height\":512,\"caption\":\"Radio Ljubu\u0161ki\"},\"image\":{\"@id\":\"https:\\\/\\\/radioljubuski.ba\\\/#\\\/schema\\\/logo\\\/image\\\/\"},\"sameAs\":[\"https:\\\/\\\/www.facebook.com\\\/Radiio-Ljubuski-1490835324566332\",\"https:\\\/\\\/x.com\\\/radioljubuski\",\"https:\\\/\\\/hr.linkedin.com\\\/company\\\/radio-ljubuski\",\"https:\\\/\\\/www.youtube.com\\\/channel\\\/UCHYaeO_n0Db3tjNGudGpXyw\"]},{\"@type\":\"Person\",\"@id\":\"https:\\\/\\\/radioljubuski.ba\\\/#\\\/schema\\\/person\\\/19fc700381a780f69665d7956c469e3b\",\"name\":\"Radio Ljubu\u0161ki\"}]}<\/script>\n<!-- \/ Yoast SEO plugin. -->","yoast_head_json":{"title":"U\u010denici u Mariupolju ostali bez praznika jer moraju svladati ruski program - RADIO LJUBU\u0160KI","robots":{"index":"index","follow":"follow","max-snippet":"max-snippet:-1","max-image-preview":"max-image-preview:large","max-video-preview":"max-video-preview:-1"},"canonical":"https:\/\/radioljubuski.ba\/index.php\/2022\/05\/27\/ucenici-u-mariupolju-ostali-bez-praznika-jer-moraju-svladati-ruski-program\/","og_locale":"hr_HR","og_type":"article","og_title":"U\u010denici u Mariupolju ostali bez praznika jer moraju svladati ruski program - RADIO LJUBU\u0160KI","og_description":"Ruske snage koje su zauzele Mariupolj odlu\u010dile su ukinuti ljetne praznike kako bi u\u010denici mogli svladati ruski program, rekao je u \u010detvrtak ukrajinski gradski \u010delnik. Po rije\u010dima Petra Andrju\u0161\u010denka, savjetnika gradona\u010delnika te luke, gdje su se ovih dana predali posljednji ukrajinski branitelji, \u201cokupatori su rekli da se \u0161kolska godina produljuje do 1. rujna\u201d. \u201cCijelo ljeto [&hellip;]","og_url":"https:\/\/radioljubuski.ba\/index.php\/2022\/05\/27\/ucenici-u-mariupolju-ostali-bez-praznika-jer-moraju-svladati-ruski-program\/","og_site_name":"RADIO LJUBU\u0160KI","article_publisher":"https:\/\/www.facebook.com\/Radiio-Ljubuski-1490835324566332","article_published_time":"2022-05-27T12:24:23+00:00","article_modified_time":"2022-05-27T12:24:24+00:00","og_image":[{"width":960,"height":539,"url":"https:\/\/radioljubuski.ba\/wp-content\/uploads\/2022\/05\/2dcaf21245736be623cd.jpeg","type":"image\/jpeg"}],"author":"Radio Ljubu\u0161ki","twitter_card":"summary_large_image","twitter_creator":"@radioljubuski","twitter_site":"@radioljubuski","twitter_misc":{"Napisao\/la":"Radio Ljubu\u0161ki","Procijenjeno vrijeme \u010ditanja":"1 minuta"},"schema":{"@context":"https:\/\/schema.org","@graph":[{"@type":"Article","@id":"https:\/\/radioljubuski.ba\/index.php\/2022\/05\/27\/ucenici-u-mariupolju-ostali-bez-praznika-jer-moraju-svladati-ruski-program\/#article","isPartOf":{"@id":"https:\/\/radioljubuski.ba\/index.php\/2022\/05\/27\/ucenici-u-mariupolju-ostali-bez-praznika-jer-moraju-svladati-ruski-program\/"},"author":{"name":"Radio Ljubu\u0161ki","@id":"https:\/\/radioljubuski.ba\/#\/schema\/person\/19fc700381a780f69665d7956c469e3b"},"headline":"U\u010denici u Mariupolju ostali bez praznika jer moraju svladati ruski program","datePublished":"2022-05-27T12:24:23+00:00","dateModified":"2022-05-27T12:24:24+00:00","mainEntityOfPage":{"@id":"https:\/\/radioljubuski.ba\/index.php\/2022\/05\/27\/ucenici-u-mariupolju-ostali-bez-praznika-jer-moraju-svladati-ruski-program\/"},"wordCount":194,"publisher":{"@id":"https:\/\/radioljubuski.ba\/#organization"},"image":{"@id":"https:\/\/radioljubuski.ba\/index.php\/2022\/05\/27\/ucenici-u-mariupolju-ostali-bez-praznika-jer-moraju-svladati-ruski-program\/#primaryimage"},"thumbnailUrl":"https:\/\/radioljubuski.ba\/wp-content\/uploads\/2022\/05\/2dcaf21245736be623cd.jpeg","articleSection":["BIH i regija"],"inLanguage":"hr"},{"@type":"WebPage","@id":"https:\/\/radioljubuski.ba\/index.php\/2022\/05\/27\/ucenici-u-mariupolju-ostali-bez-praznika-jer-moraju-svladati-ruski-program\/","url":"https:\/\/radioljubuski.ba\/index.php\/2022\/05\/27\/ucenici-u-mariupolju-ostali-bez-praznika-jer-moraju-svladati-ruski-program\/","name":"U\u010denici u Mariupolju ostali bez praznika jer moraju svladati ruski program - RADIO LJUBU\u0160KI","isPartOf":{"@id":"https:\/\/radioljubuski.ba\/#website"},"primaryImageOfPage":{"@id":"https:\/\/radioljubuski.ba\/index.php\/2022\/05\/27\/ucenici-u-mariupolju-ostali-bez-praznika-jer-moraju-svladati-ruski-program\/#primaryimage"},"image":{"@id":"https:\/\/radioljubuski.ba\/index.php\/2022\/05\/27\/ucenici-u-mariupolju-ostali-bez-praznika-jer-moraju-svladati-ruski-program\/#primaryimage"},"thumbnailUrl":"https:\/\/radioljubuski.ba\/wp-content\/uploads\/2022\/05\/2dcaf21245736be623cd.jpeg","datePublished":"2022-05-27T12:24:23+00:00","dateModified":"2022-05-27T12:24:24+00:00","breadcrumb":{"@id":"https:\/\/radioljubuski.ba\/index.php\/2022\/05\/27\/ucenici-u-mariupolju-ostali-bez-praznika-jer-moraju-svladati-ruski-program\/#breadcrumb"},"inLanguage":"hr","potentialAction":[{"@type":"ReadAction","target":["https:\/\/radioljubuski.ba\/index.php\/2022\/05\/27\/ucenici-u-mariupolju-ostali-bez-praznika-jer-moraju-svladati-ruski-program\/"]}]},{"@type":"ImageObject","inLanguage":"hr","@id":"https:\/\/radioljubuski.ba\/index.php\/2022\/05\/27\/ucenici-u-mariupolju-ostali-bez-praznika-jer-moraju-svladati-ruski-program\/#primaryimage","url":"https:\/\/radioljubuski.ba\/wp-content\/uploads\/2022\/05\/2dcaf21245736be623cd.jpeg","contentUrl":"https:\/\/radioljubuski.ba\/wp-content\/uploads\/2022\/05\/2dcaf21245736be623cd.jpeg","width":960,"height":539},{"@type":"BreadcrumbList","@id":"https:\/\/radioljubuski.ba\/index.php\/2022\/05\/27\/ucenici-u-mariupolju-ostali-bez-praznika-jer-moraju-svladati-ruski-program\/#breadcrumb","itemListElement":[{"@type":"ListItem","position":1,"name":"Po\u010detna stranica","item":"https:\/\/radioljubuski.ba\/"},{"@type":"ListItem","position":2,"name":"U\u010denici u Mariupolju ostali bez praznika jer moraju svladati ruski program"}]},{"@type":"WebSite","@id":"https:\/\/radioljubuski.ba\/#website","url":"https:\/\/radioljubuski.ba\/","name":"Radio Ljubu\u0161ki","description":"Sun\u010dana frekvencija Hercegovine","publisher":{"@id":"https:\/\/radioljubuski.ba\/#organization"},"potentialAction":[{"@type":"SearchAction","target":{"@type":"EntryPoint","urlTemplate":"https:\/\/radioljubuski.ba\/?s={search_term_string}"},"query-input":{"@type":"PropertyValueSpecification","valueRequired":true,"valueName":"search_term_string"}}],"inLanguage":"hr"},{"@type":"Organization","@id":"https:\/\/radioljubuski.ba\/#organization","name":"Radio Ljubu\u0161ki","url":"https:\/\/radioljubuski.ba\/","logo":{"@type":"ImageObject","inLanguage":"hr","@id":"https:\/\/radioljubuski.ba\/#\/schema\/logo\/image\/","url":"https:\/\/radioljubuski.ba\/wp-content\/uploads\/2021\/02\/cropped-Radio_Ljubuski_logo1.jpg","contentUrl":"https:\/\/radioljubuski.ba\/wp-content\/uploads\/2021\/02\/cropped-Radio_Ljubuski_logo1.jpg","width":512,"height":512,"caption":"Radio Ljubu\u0161ki"},"image":{"@id":"https:\/\/radioljubuski.ba\/#\/schema\/logo\/image\/"},"sameAs":["https:\/\/www.facebook.com\/Radiio-Ljubuski-1490835324566332","https:\/\/x.com\/radioljubuski","https:\/\/hr.linkedin.com\/company\/radio-ljubuski","https:\/\/www.youtube.com\/channel\/UCHYaeO_n0Db3tjNGudGpXyw"]},{"@type":"Person","@id":"https:\/\/radioljubuski.ba\/#\/schema\/person\/19fc700381a780f69665d7956c469e3b","name":"Radio Ljubu\u0161ki"}]}},"_links":{"self":[{"href":"https:\/\/radioljubuski.ba\/index.php\/wp-json\/wp\/v2\/posts\/144391","targetHints":{"allow":["GET"]}}],"collection":[{"href":"https:\/\/radioljubuski.ba\/index.php\/wp-json\/wp\/v2\/posts"}],"about":[{"href":"https:\/\/radioljubuski.ba\/index.php\/wp-json\/wp\/v2\/types\/post"}],"author":[{"embeddable":true,"href":"https:\/\/radioljubuski.ba\/index.php\/wp-json\/wp\/v2\/users\/2"}],"replies":[{"embeddable":true,"href":"https:\/\/radioljubuski.ba\/index.php\/wp-json\/wp\/v2\/comments?post=144391"}],"version-history":[{"count":1,"href":"https:\/\/radioljubuski.ba\/index.php\/wp-json\/wp\/v2\/posts\/144391\/revisions"}],"predecessor-version":[{"id":144393,"href":"https:\/\/radioljubuski.ba\/index.php\/wp-json\/wp\/v2\/posts\/144391\/revisions\/144393"}],"wp:featuredmedia":[{"embeddable":true,"href":"https:\/\/radioljubuski.ba\/index.php\/wp-json\/wp\/v2\/media\/144392"}],"wp:attachment":[{"href":"https:\/\/radioljubuski.ba\/index.php\/wp-json\/wp\/v2\/media?parent=144391"}],"wp:term":[{"taxonomy":"category","embeddable":true,"href":"https:\/\/radioljubuski.ba\/index.php\/wp-json\/wp\/v2\/categories?post=144391"},{"taxonomy":"post_tag","embeddable":true,"href":"https:\/\/radioljubuski.ba\/index.php\/wp-json\/wp\/v2\/tags?post=144391"}],"curies":[{"name":"wp","href":"https:\/\/api.w.org\/{rel}","templated":true}]}}