{"id":144405,"date":"2022-05-27T13:33:21","date_gmt":"2022-05-27T12:33:21","guid":{"rendered":"https:\/\/radioljubuski.ba\/?p=144405"},"modified":"2022-05-27T13:33:22","modified_gmt":"2022-05-27T12:33:22","slug":"arnautovic-pokusava-provoditi-samovolju-rogic-nece-nam-pomoci-sve-pare-ovog-svijeta-da-provedemo-izbore","status":"publish","type":"post","link":"https:\/\/radioljubuski.ba\/index.php\/2022\/05\/27\/arnautovic-pokusava-provoditi-samovolju-rogic-nece-nam-pomoci-sve-pare-ovog-svijeta-da-provedemo-izbore\/","title":{"rendered":"Arnautovi\u0107 poku\u0161ava provoditi samovolju; Rogi\u0107: Ne\u0107e nam pomo\u0107i sve pare ovog svijeta da provedemo izbore"},"content":{"rendered":"\n<p><strong>Sjednica Sredi\u0161njeg izbornog povjerenstva BiH prekinuta je nakratko zbog \u201csva\u0111e\u201d \u010dlanova tog tijela, pi\u0161u Nezavisne.com.<\/strong><\/p>\n\n\n\n<p>Naime, Suad Arnautovi\u0107, predsjednik SIP-a, mimo znanja ostalih \u010dlanova SIP-a, na sjednici je predlo\u017eio da se za sudjelovanje na izborima ne ovjeri Srpska radikalna stranka dr Vojislav \u0160e\u0161elj pod tim imenom.<\/p>\n\n\n\n<p>\u201cPredlo\u017eio bih SIP-u da ovu stranku obavijesti da korigira naziv u svom imenu tako \u0161to \u0107e u izborne svrhe neovisno od toga kako je sud rije\u0161io ovaj dio naziva dr. Vojislav \u0160e\u0161elj izostaviti\u201d, rekao je Arnautovi\u0107.<\/p>\n\n\n\n<p>Obja\u0161njavaju\u0107i ovaj prijedlog, Arnautovi\u0107 je iznio niz politi\u010dkih stavova, pozivaju\u0107i se na izmjene Kaznenog zakona BiH koji je nametnuo Valentin Inzko, biv\u0161i visoki predstavnik u BiH.<\/p>\n\n\n\n<p>Arnautovi\u0107 je naveo da je dr Vojislav \u0160e\u0161elj presu\u0111eni ratni zlo\u010dinac, navode\u0107i da se ta stranka zala\u017ee za veliku Srbiju, da ta stranka ba\u0161tini borbu za ujedinjenje svih srpskih zemalja, a to zna\u010di borba za propagiranje velikosrpske ideologije.<\/p>\n\n\n\n<p>Nakon ovih Arnautovi\u0107evih rije\u010di reagirali su Vanja Bjelica Prutina i Vlado Rogi\u0107, \u010dlanovi SIP-a BiH, koji su nakon kra\u0107e prepirke zatra\u017eili pauzu.<\/p>\n\n\n\n<p>\u201cBilo bi korektno da ste pitanje iznijeli na kolegiju. Nemam ni\u0161ta protiv va\u0161eg mi\u0161ljenja, ali kao \u010dlanovi SIP-a trebamo znati o \u010demu \u0107e se raspravljati na sjednici, a ne kad se upale kamere\u201d, rekla je Prutina.<\/p>\n\n\n\n<p>I Vlado Rogi\u0107 rekao je da se radi o krupnom pitanju i da Srpska radikalna stranka dr. Vojislav \u0160e\u0161elj ima vije\u0107nike te da je na\u010din na koji Arnautovi\u0107 vodi sjednicu iznena\u0111uju\u0107i.<\/p>\n\n\n\n<p>\u201cNije vam to korektno. Ovo su politi\u010dka pitanja i ne sla\u017eem se s uvo\u0111enjem politi\u010dkih pitanja za ovaj stol. Vidite da nije dobar na\u010din da uop\u0107e krenemo u izborni proces. Ako \u0107emo ovako dalje raditi, ne\u0107e nam pomo\u0107i sve pare ovog svijeta da provedemo izbore\u201d, rekao je Rogi\u0107.<\/p>\n\n\n\n<p>Usprkos protivljenju ve\u0107ine \u010dlanova, Arnautovi\u0107 je inzistirao da se o njegovom prijedlogu glasuje, me\u0111utim ni samim \u010dlanovima SIP-a nije bilo jasno kako i na koji na\u010din, a nakon svega uslijedila je pauza.<\/p>\n\n\n\n<p>Nakon pauze \u010dlanovi SIP-a izja\u0161njavali su se pojedina\u010dno o registraciji svake politi\u010dke stranke, a u slu\u010daju Srpske radikalne stranke dr. Vojislav \u0160e\u0161elj \u010detiri \u010dlana SIP-a bila su za registraciju ove stranke, a Arnautovi\u0107 i Ahmet \u0160anti\u0107 bili su protiv, tako da \u0107e zbog ovog slu\u010daja morati biti odr\u017eana nova sjednica SIP-a.<\/p>\n\n\n\n<p>\/HMS\/<\/p>\n","protected":false},"excerpt":{"rendered":"<p>Sjednica Sredi\u0161njeg izbornog povjerenstva BiH prekinuta je nakratko zbog \u201csva\u0111e\u201d \u010dlanova tog tijela, pi\u0161u Nezavisne.com. Naime, Suad Arnautovi\u0107, predsjednik SIP-a, mimo znanja ostalih \u010dlanova SIP-a, na sjednici je predlo\u017eio da se za sudjelovanje na izborima ne ovjeri Srpska radikalna stranka dr Vojislav \u0160e\u0161elj pod tim imenom. \u201cPredlo\u017eio bih SIP-u da ovu stranku obavijesti da korigira [&hellip;]<\/p>\n","protected":false},"author":2,"featured_media":144406,"comment_status":"closed","ping_status":"closed","sticky":false,"template":"","format":"standard","meta":{"h5ap_radio_sources":[],"footnotes":""},"categories":[1],"tags":[],"class_list":["post-144405","post","type-post","status-publish","format-standard","has-post-thumbnail","hentry","category-bihiregija"],"yoast_head":"<!-- This site is optimized with the Yoast SEO plugin v27.5 - https:\/\/yoast.com\/product\/yoast-seo-wordpress\/ -->\n<title>Arnautovi\u0107 poku\u0161ava provoditi samovolju; Rogi\u0107: Ne\u0107e nam pomo\u0107i sve pare ovog svijeta da provedemo izbore - RADIO LJUBU\u0160KI<\/title>\n<meta name=\"robots\" content=\"index, follow, max-snippet:-1, max-image-preview:large, max-video-preview:-1\" \/>\n<link rel=\"canonical\" href=\"https:\/\/radioljubuski.ba\/index.php\/2022\/05\/27\/arnautovic-pokusava-provoditi-samovolju-rogic-nece-nam-pomoci-sve-pare-ovog-svijeta-da-provedemo-izbore\/\" \/>\n<meta property=\"og:locale\" content=\"hr_HR\" \/>\n<meta property=\"og:type\" content=\"article\" \/>\n<meta property=\"og:title\" content=\"Arnautovi\u0107 poku\u0161ava provoditi samovolju; Rogi\u0107: Ne\u0107e nam pomo\u0107i sve pare ovog svijeta da provedemo izbore - RADIO LJUBU\u0160KI\" \/>\n<meta property=\"og:description\" content=\"Sjednica Sredi\u0161njeg izbornog povjerenstva BiH prekinuta je nakratko zbog \u201csva\u0111e\u201d \u010dlanova tog tijela, pi\u0161u Nezavisne.com. Naime, Suad Arnautovi\u0107, predsjednik SIP-a, mimo znanja ostalih \u010dlanova SIP-a, na sjednici je predlo\u017eio da se za sudjelovanje na izborima ne ovjeri Srpska radikalna stranka dr Vojislav \u0160e\u0161elj pod tim imenom. \u201cPredlo\u017eio bih SIP-u da ovu stranku obavijesti da korigira [&hellip;]\" \/>\n<meta property=\"og:url\" content=\"https:\/\/radioljubuski.ba\/index.php\/2022\/05\/27\/arnautovic-pokusava-provoditi-samovolju-rogic-nece-nam-pomoci-sve-pare-ovog-svijeta-da-provedemo-izbore\/\" \/>\n<meta property=\"og:site_name\" content=\"RADIO LJUBU\u0160KI\" \/>\n<meta property=\"article:publisher\" content=\"https:\/\/www.facebook.com\/Radiio-Ljubuski-1490835324566332\" \/>\n<meta property=\"article:published_time\" content=\"2022-05-27T12:33:21+00:00\" \/>\n<meta property=\"article:modified_time\" content=\"2022-05-27T12:33:22+00:00\" \/>\n<meta property=\"og:image\" content=\"https:\/\/radioljubuski.ba\/wp-content\/uploads\/2022\/05\/o_111760_1024.jpg\" \/>\n\t<meta property=\"og:image:width\" content=\"1024\" \/>\n\t<meta property=\"og:image:height\" content=\"683\" \/>\n\t<meta property=\"og:image:type\" content=\"image\/jpeg\" \/>\n<meta name=\"author\" content=\"Radio Ljubu\u0161ki\" \/>\n<meta name=\"twitter:card\" content=\"summary_large_image\" \/>\n<meta name=\"twitter:creator\" content=\"@radioljubuski\" \/>\n<meta name=\"twitter:site\" content=\"@radioljubuski\" \/>\n<meta name=\"twitter:label1\" content=\"Napisao\/la\" \/>\n\t<meta name=\"twitter:data1\" content=\"Radio Ljubu\u0161ki\" \/>\n\t<meta name=\"twitter:label2\" content=\"Procijenjeno vrijeme \u010ditanja\" \/>\n\t<meta name=\"twitter:data2\" content=\"2 minute\" \/>\n<script type=\"application\/ld+json\" class=\"yoast-schema-graph\">{\"@context\":\"https:\\\/\\\/schema.org\",\"@graph\":[{\"@type\":\"Article\",\"@id\":\"https:\\\/\\\/radioljubuski.ba\\\/index.php\\\/2022\\\/05\\\/27\\\/arnautovic-pokusava-provoditi-samovolju-rogic-nece-nam-pomoci-sve-pare-ovog-svijeta-da-provedemo-izbore\\\/#article\",\"isPartOf\":{\"@id\":\"https:\\\/\\\/radioljubuski.ba\\\/index.php\\\/2022\\\/05\\\/27\\\/arnautovic-pokusava-provoditi-samovolju-rogic-nece-nam-pomoci-sve-pare-ovog-svijeta-da-provedemo-izbore\\\/\"},\"author\":{\"name\":\"Radio Ljubu\u0161ki\",\"@id\":\"https:\\\/\\\/radioljubuski.ba\\\/#\\\/schema\\\/person\\\/19fc700381a780f69665d7956c469e3b\"},\"headline\":\"Arnautovi\u0107 poku\u0161ava provoditi samovolju; Rogi\u0107: Ne\u0107e nam pomo\u0107i sve pare ovog svijeta da provedemo izbore\",\"datePublished\":\"2022-05-27T12:33:21+00:00\",\"dateModified\":\"2022-05-27T12:33:22+00:00\",\"mainEntityOfPage\":{\"@id\":\"https:\\\/\\\/radioljubuski.ba\\\/index.php\\\/2022\\\/05\\\/27\\\/arnautovic-pokusava-provoditi-samovolju-rogic-nece-nam-pomoci-sve-pare-ovog-svijeta-da-provedemo-izbore\\\/\"},\"wordCount\":436,\"publisher\":{\"@id\":\"https:\\\/\\\/radioljubuski.ba\\\/#organization\"},\"image\":{\"@id\":\"https:\\\/\\\/radioljubuski.ba\\\/index.php\\\/2022\\\/05\\\/27\\\/arnautovic-pokusava-provoditi-samovolju-rogic-nece-nam-pomoci-sve-pare-ovog-svijeta-da-provedemo-izbore\\\/#primaryimage\"},\"thumbnailUrl\":\"https:\\\/\\\/radioljubuski.ba\\\/wp-content\\\/uploads\\\/2022\\\/05\\\/o_111760_1024.jpg\",\"articleSection\":[\"BIH i regija\"],\"inLanguage\":\"hr\"},{\"@type\":\"WebPage\",\"@id\":\"https:\\\/\\\/radioljubuski.ba\\\/index.php\\\/2022\\\/05\\\/27\\\/arnautovic-pokusava-provoditi-samovolju-rogic-nece-nam-pomoci-sve-pare-ovog-svijeta-da-provedemo-izbore\\\/\",\"url\":\"https:\\\/\\\/radioljubuski.ba\\\/index.php\\\/2022\\\/05\\\/27\\\/arnautovic-pokusava-provoditi-samovolju-rogic-nece-nam-pomoci-sve-pare-ovog-svijeta-da-provedemo-izbore\\\/\",\"name\":\"Arnautovi\u0107 poku\u0161ava provoditi samovolju; Rogi\u0107: Ne\u0107e nam pomo\u0107i sve pare ovog svijeta da provedemo izbore - RADIO LJUBU\u0160KI\",\"isPartOf\":{\"@id\":\"https:\\\/\\\/radioljubuski.ba\\\/#website\"},\"primaryImageOfPage\":{\"@id\":\"https:\\\/\\\/radioljubuski.ba\\\/index.php\\\/2022\\\/05\\\/27\\\/arnautovic-pokusava-provoditi-samovolju-rogic-nece-nam-pomoci-sve-pare-ovog-svijeta-da-provedemo-izbore\\\/#primaryimage\"},\"image\":{\"@id\":\"https:\\\/\\\/radioljubuski.ba\\\/index.php\\\/2022\\\/05\\\/27\\\/arnautovic-pokusava-provoditi-samovolju-rogic-nece-nam-pomoci-sve-pare-ovog-svijeta-da-provedemo-izbore\\\/#primaryimage\"},\"thumbnailUrl\":\"https:\\\/\\\/radioljubuski.ba\\\/wp-content\\\/uploads\\\/2022\\\/05\\\/o_111760_1024.jpg\",\"datePublished\":\"2022-05-27T12:33:21+00:00\",\"dateModified\":\"2022-05-27T12:33:22+00:00\",\"breadcrumb\":{\"@id\":\"https:\\\/\\\/radioljubuski.ba\\\/index.php\\\/2022\\\/05\\\/27\\\/arnautovic-pokusava-provoditi-samovolju-rogic-nece-nam-pomoci-sve-pare-ovog-svijeta-da-provedemo-izbore\\\/#breadcrumb\"},\"inLanguage\":\"hr\",\"potentialAction\":[{\"@type\":\"ReadAction\",\"target\":[\"https:\\\/\\\/radioljubuski.ba\\\/index.php\\\/2022\\\/05\\\/27\\\/arnautovic-pokusava-provoditi-samovolju-rogic-nece-nam-pomoci-sve-pare-ovog-svijeta-da-provedemo-izbore\\\/\"]}]},{\"@type\":\"ImageObject\",\"inLanguage\":\"hr\",\"@id\":\"https:\\\/\\\/radioljubuski.ba\\\/index.php\\\/2022\\\/05\\\/27\\\/arnautovic-pokusava-provoditi-samovolju-rogic-nece-nam-pomoci-sve-pare-ovog-svijeta-da-provedemo-izbore\\\/#primaryimage\",\"url\":\"https:\\\/\\\/radioljubuski.ba\\\/wp-content\\\/uploads\\\/2022\\\/05\\\/o_111760_1024.jpg\",\"contentUrl\":\"https:\\\/\\\/radioljubuski.ba\\\/wp-content\\\/uploads\\\/2022\\\/05\\\/o_111760_1024.jpg\",\"width\":1024,\"height\":683},{\"@type\":\"BreadcrumbList\",\"@id\":\"https:\\\/\\\/radioljubuski.ba\\\/index.php\\\/2022\\\/05\\\/27\\\/arnautovic-pokusava-provoditi-samovolju-rogic-nece-nam-pomoci-sve-pare-ovog-svijeta-da-provedemo-izbore\\\/#breadcrumb\",\"itemListElement\":[{\"@type\":\"ListItem\",\"position\":1,\"name\":\"Po\u010detna stranica\",\"item\":\"https:\\\/\\\/radioljubuski.ba\\\/\"},{\"@type\":\"ListItem\",\"position\":2,\"name\":\"Arnautovi\u0107 poku\u0161ava provoditi samovolju; Rogi\u0107: Ne\u0107e nam pomo\u0107i sve pare ovog svijeta da provedemo izbore\"}]},{\"@type\":\"WebSite\",\"@id\":\"https:\\\/\\\/radioljubuski.ba\\\/#website\",\"url\":\"https:\\\/\\\/radioljubuski.ba\\\/\",\"name\":\"Radio Ljubu\u0161ki\",\"description\":\"Sun\u010dana frekvencija Hercegovine\",\"publisher\":{\"@id\":\"https:\\\/\\\/radioljubuski.ba\\\/#organization\"},\"potentialAction\":[{\"@type\":\"SearchAction\",\"target\":{\"@type\":\"EntryPoint\",\"urlTemplate\":\"https:\\\/\\\/radioljubuski.ba\\\/?s={search_term_string}\"},\"query-input\":{\"@type\":\"PropertyValueSpecification\",\"valueRequired\":true,\"valueName\":\"search_term_string\"}}],\"inLanguage\":\"hr\"},{\"@type\":\"Organization\",\"@id\":\"https:\\\/\\\/radioljubuski.ba\\\/#organization\",\"name\":\"Radio Ljubu\u0161ki\",\"url\":\"https:\\\/\\\/radioljubuski.ba\\\/\",\"logo\":{\"@type\":\"ImageObject\",\"inLanguage\":\"hr\",\"@id\":\"https:\\\/\\\/radioljubuski.ba\\\/#\\\/schema\\\/logo\\\/image\\\/\",\"url\":\"https:\\\/\\\/radioljubuski.ba\\\/wp-content\\\/uploads\\\/2021\\\/02\\\/cropped-Radio_Ljubuski_logo1.jpg\",\"contentUrl\":\"https:\\\/\\\/radioljubuski.ba\\\/wp-content\\\/uploads\\\/2021\\\/02\\\/cropped-Radio_Ljubuski_logo1.jpg\",\"width\":512,\"height\":512,\"caption\":\"Radio Ljubu\u0161ki\"},\"image\":{\"@id\":\"https:\\\/\\\/radioljubuski.ba\\\/#\\\/schema\\\/logo\\\/image\\\/\"},\"sameAs\":[\"https:\\\/\\\/www.facebook.com\\\/Radiio-Ljubuski-1490835324566332\",\"https:\\\/\\\/x.com\\\/radioljubuski\",\"https:\\\/\\\/hr.linkedin.com\\\/company\\\/radio-ljubuski\",\"https:\\\/\\\/www.youtube.com\\\/channel\\\/UCHYaeO_n0Db3tjNGudGpXyw\"]},{\"@type\":\"Person\",\"@id\":\"https:\\\/\\\/radioljubuski.ba\\\/#\\\/schema\\\/person\\\/19fc700381a780f69665d7956c469e3b\",\"name\":\"Radio Ljubu\u0161ki\"}]}<\/script>\n<!-- \/ Yoast SEO plugin. -->","yoast_head_json":{"title":"Arnautovi\u0107 poku\u0161ava provoditi samovolju; Rogi\u0107: Ne\u0107e nam pomo\u0107i sve pare ovog svijeta da provedemo izbore - RADIO LJUBU\u0160KI","robots":{"index":"index","follow":"follow","max-snippet":"max-snippet:-1","max-image-preview":"max-image-preview:large","max-video-preview":"max-video-preview:-1"},"canonical":"https:\/\/radioljubuski.ba\/index.php\/2022\/05\/27\/arnautovic-pokusava-provoditi-samovolju-rogic-nece-nam-pomoci-sve-pare-ovog-svijeta-da-provedemo-izbore\/","og_locale":"hr_HR","og_type":"article","og_title":"Arnautovi\u0107 poku\u0161ava provoditi samovolju; Rogi\u0107: Ne\u0107e nam pomo\u0107i sve pare ovog svijeta da provedemo izbore - RADIO LJUBU\u0160KI","og_description":"Sjednica Sredi\u0161njeg izbornog povjerenstva BiH prekinuta je nakratko zbog \u201csva\u0111e\u201d \u010dlanova tog tijela, pi\u0161u Nezavisne.com. Naime, Suad Arnautovi\u0107, predsjednik SIP-a, mimo znanja ostalih \u010dlanova SIP-a, na sjednici je predlo\u017eio da se za sudjelovanje na izborima ne ovjeri Srpska radikalna stranka dr Vojislav \u0160e\u0161elj pod tim imenom. \u201cPredlo\u017eio bih SIP-u da ovu stranku obavijesti da korigira [&hellip;]","og_url":"https:\/\/radioljubuski.ba\/index.php\/2022\/05\/27\/arnautovic-pokusava-provoditi-samovolju-rogic-nece-nam-pomoci-sve-pare-ovog-svijeta-da-provedemo-izbore\/","og_site_name":"RADIO LJUBU\u0160KI","article_publisher":"https:\/\/www.facebook.com\/Radiio-Ljubuski-1490835324566332","article_published_time":"2022-05-27T12:33:21+00:00","article_modified_time":"2022-05-27T12:33:22+00:00","og_image":[{"width":1024,"height":683,"url":"https:\/\/radioljubuski.ba\/wp-content\/uploads\/2022\/05\/o_111760_1024.jpg","type":"image\/jpeg"}],"author":"Radio Ljubu\u0161ki","twitter_card":"summary_large_image","twitter_creator":"@radioljubuski","twitter_site":"@radioljubuski","twitter_misc":{"Napisao\/la":"Radio Ljubu\u0161ki","Procijenjeno vrijeme \u010ditanja":"2 minute"},"schema":{"@context":"https:\/\/schema.org","@graph":[{"@type":"Article","@id":"https:\/\/radioljubuski.ba\/index.php\/2022\/05\/27\/arnautovic-pokusava-provoditi-samovolju-rogic-nece-nam-pomoci-sve-pare-ovog-svijeta-da-provedemo-izbore\/#article","isPartOf":{"@id":"https:\/\/radioljubuski.ba\/index.php\/2022\/05\/27\/arnautovic-pokusava-provoditi-samovolju-rogic-nece-nam-pomoci-sve-pare-ovog-svijeta-da-provedemo-izbore\/"},"author":{"name":"Radio Ljubu\u0161ki","@id":"https:\/\/radioljubuski.ba\/#\/schema\/person\/19fc700381a780f69665d7956c469e3b"},"headline":"Arnautovi\u0107 poku\u0161ava provoditi samovolju; Rogi\u0107: Ne\u0107e nam pomo\u0107i sve pare ovog svijeta da provedemo izbore","datePublished":"2022-05-27T12:33:21+00:00","dateModified":"2022-05-27T12:33:22+00:00","mainEntityOfPage":{"@id":"https:\/\/radioljubuski.ba\/index.php\/2022\/05\/27\/arnautovic-pokusava-provoditi-samovolju-rogic-nece-nam-pomoci-sve-pare-ovog-svijeta-da-provedemo-izbore\/"},"wordCount":436,"publisher":{"@id":"https:\/\/radioljubuski.ba\/#organization"},"image":{"@id":"https:\/\/radioljubuski.ba\/index.php\/2022\/05\/27\/arnautovic-pokusava-provoditi-samovolju-rogic-nece-nam-pomoci-sve-pare-ovog-svijeta-da-provedemo-izbore\/#primaryimage"},"thumbnailUrl":"https:\/\/radioljubuski.ba\/wp-content\/uploads\/2022\/05\/o_111760_1024.jpg","articleSection":["BIH i regija"],"inLanguage":"hr"},{"@type":"WebPage","@id":"https:\/\/radioljubuski.ba\/index.php\/2022\/05\/27\/arnautovic-pokusava-provoditi-samovolju-rogic-nece-nam-pomoci-sve-pare-ovog-svijeta-da-provedemo-izbore\/","url":"https:\/\/radioljubuski.ba\/index.php\/2022\/05\/27\/arnautovic-pokusava-provoditi-samovolju-rogic-nece-nam-pomoci-sve-pare-ovog-svijeta-da-provedemo-izbore\/","name":"Arnautovi\u0107 poku\u0161ava provoditi samovolju; Rogi\u0107: Ne\u0107e nam pomo\u0107i sve pare ovog svijeta da provedemo izbore - RADIO LJUBU\u0160KI","isPartOf":{"@id":"https:\/\/radioljubuski.ba\/#website"},"primaryImageOfPage":{"@id":"https:\/\/radioljubuski.ba\/index.php\/2022\/05\/27\/arnautovic-pokusava-provoditi-samovolju-rogic-nece-nam-pomoci-sve-pare-ovog-svijeta-da-provedemo-izbore\/#primaryimage"},"image":{"@id":"https:\/\/radioljubuski.ba\/index.php\/2022\/05\/27\/arnautovic-pokusava-provoditi-samovolju-rogic-nece-nam-pomoci-sve-pare-ovog-svijeta-da-provedemo-izbore\/#primaryimage"},"thumbnailUrl":"https:\/\/radioljubuski.ba\/wp-content\/uploads\/2022\/05\/o_111760_1024.jpg","datePublished":"2022-05-27T12:33:21+00:00","dateModified":"2022-05-27T12:33:22+00:00","breadcrumb":{"@id":"https:\/\/radioljubuski.ba\/index.php\/2022\/05\/27\/arnautovic-pokusava-provoditi-samovolju-rogic-nece-nam-pomoci-sve-pare-ovog-svijeta-da-provedemo-izbore\/#breadcrumb"},"inLanguage":"hr","potentialAction":[{"@type":"ReadAction","target":["https:\/\/radioljubuski.ba\/index.php\/2022\/05\/27\/arnautovic-pokusava-provoditi-samovolju-rogic-nece-nam-pomoci-sve-pare-ovog-svijeta-da-provedemo-izbore\/"]}]},{"@type":"ImageObject","inLanguage":"hr","@id":"https:\/\/radioljubuski.ba\/index.php\/2022\/05\/27\/arnautovic-pokusava-provoditi-samovolju-rogic-nece-nam-pomoci-sve-pare-ovog-svijeta-da-provedemo-izbore\/#primaryimage","url":"https:\/\/radioljubuski.ba\/wp-content\/uploads\/2022\/05\/o_111760_1024.jpg","contentUrl":"https:\/\/radioljubuski.ba\/wp-content\/uploads\/2022\/05\/o_111760_1024.jpg","width":1024,"height":683},{"@type":"BreadcrumbList","@id":"https:\/\/radioljubuski.ba\/index.php\/2022\/05\/27\/arnautovic-pokusava-provoditi-samovolju-rogic-nece-nam-pomoci-sve-pare-ovog-svijeta-da-provedemo-izbore\/#breadcrumb","itemListElement":[{"@type":"ListItem","position":1,"name":"Po\u010detna stranica","item":"https:\/\/radioljubuski.ba\/"},{"@type":"ListItem","position":2,"name":"Arnautovi\u0107 poku\u0161ava provoditi samovolju; Rogi\u0107: Ne\u0107e nam pomo\u0107i sve pare ovog svijeta da provedemo izbore"}]},{"@type":"WebSite","@id":"https:\/\/radioljubuski.ba\/#website","url":"https:\/\/radioljubuski.ba\/","name":"Radio Ljubu\u0161ki","description":"Sun\u010dana frekvencija Hercegovine","publisher":{"@id":"https:\/\/radioljubuski.ba\/#organization"},"potentialAction":[{"@type":"SearchAction","target":{"@type":"EntryPoint","urlTemplate":"https:\/\/radioljubuski.ba\/?s={search_term_string}"},"query-input":{"@type":"PropertyValueSpecification","valueRequired":true,"valueName":"search_term_string"}}],"inLanguage":"hr"},{"@type":"Organization","@id":"https:\/\/radioljubuski.ba\/#organization","name":"Radio Ljubu\u0161ki","url":"https:\/\/radioljubuski.ba\/","logo":{"@type":"ImageObject","inLanguage":"hr","@id":"https:\/\/radioljubuski.ba\/#\/schema\/logo\/image\/","url":"https:\/\/radioljubuski.ba\/wp-content\/uploads\/2021\/02\/cropped-Radio_Ljubuski_logo1.jpg","contentUrl":"https:\/\/radioljubuski.ba\/wp-content\/uploads\/2021\/02\/cropped-Radio_Ljubuski_logo1.jpg","width":512,"height":512,"caption":"Radio Ljubu\u0161ki"},"image":{"@id":"https:\/\/radioljubuski.ba\/#\/schema\/logo\/image\/"},"sameAs":["https:\/\/www.facebook.com\/Radiio-Ljubuski-1490835324566332","https:\/\/x.com\/radioljubuski","https:\/\/hr.linkedin.com\/company\/radio-ljubuski","https:\/\/www.youtube.com\/channel\/UCHYaeO_n0Db3tjNGudGpXyw"]},{"@type":"Person","@id":"https:\/\/radioljubuski.ba\/#\/schema\/person\/19fc700381a780f69665d7956c469e3b","name":"Radio Ljubu\u0161ki"}]}},"_links":{"self":[{"href":"https:\/\/radioljubuski.ba\/index.php\/wp-json\/wp\/v2\/posts\/144405","targetHints":{"allow":["GET"]}}],"collection":[{"href":"https:\/\/radioljubuski.ba\/index.php\/wp-json\/wp\/v2\/posts"}],"about":[{"href":"https:\/\/radioljubuski.ba\/index.php\/wp-json\/wp\/v2\/types\/post"}],"author":[{"embeddable":true,"href":"https:\/\/radioljubuski.ba\/index.php\/wp-json\/wp\/v2\/users\/2"}],"replies":[{"embeddable":true,"href":"https:\/\/radioljubuski.ba\/index.php\/wp-json\/wp\/v2\/comments?post=144405"}],"version-history":[{"count":1,"href":"https:\/\/radioljubuski.ba\/index.php\/wp-json\/wp\/v2\/posts\/144405\/revisions"}],"predecessor-version":[{"id":144407,"href":"https:\/\/radioljubuski.ba\/index.php\/wp-json\/wp\/v2\/posts\/144405\/revisions\/144407"}],"wp:featuredmedia":[{"embeddable":true,"href":"https:\/\/radioljubuski.ba\/index.php\/wp-json\/wp\/v2\/media\/144406"}],"wp:attachment":[{"href":"https:\/\/radioljubuski.ba\/index.php\/wp-json\/wp\/v2\/media?parent=144405"}],"wp:term":[{"taxonomy":"category","embeddable":true,"href":"https:\/\/radioljubuski.ba\/index.php\/wp-json\/wp\/v2\/categories?post=144405"},{"taxonomy":"post_tag","embeddable":true,"href":"https:\/\/radioljubuski.ba\/index.php\/wp-json\/wp\/v2\/tags?post=144405"}],"curies":[{"name":"wp","href":"https:\/\/api.w.org\/{rel}","templated":true}]}}