{"id":144408,"date":"2022-05-27T13:34:31","date_gmt":"2022-05-27T12:34:31","guid":{"rendered":"https:\/\/radioljubuski.ba\/?p=144408"},"modified":"2022-05-27T13:34:32","modified_gmt":"2022-05-27T12:34:32","slug":"kresic-hrvati-se-trebaju-vratiti-na-herceg-bosnu-i-postaviti-spomenik-bakiru-izetbegovicu","status":"publish","type":"post","link":"https:\/\/radioljubuski.ba\/index.php\/2022\/05\/27\/kresic-hrvati-se-trebaju-vratiti-na-herceg-bosnu-i-postaviti-spomenik-bakiru-izetbegovicu\/","title":{"rendered":"Kre\u0161i\u0107: Hrvati se trebaju vratiti na Herceg-Bosnu i postaviti spomenik Bakiru Izetbegovi\u0107u"},"content":{"rendered":"\n<p><strong>Bakir Izetbegovi\u0107, predsjednik SDA, na sve na\u010dine poku\u0161ava eskivirati provedbu drugog dijela Mostarskog sporazuma koji nala\u017ee izmjenu Izbornog zakona BiH kako bi se osiguralo legitimno politi\u010dko predstavljanje konstitutivnih naroda na svim administrativno-politi\u010dkim razinama, u Predsjedni\u0161tvu BiH i Domovima naroda. Ili jednostavnije, bo\u0161nja\u010dka politika predvo\u0111ena SDA ne \u017eeli odustati od nametanja politi\u010dkih predstavnika Hrvata u Predsjedni\u0161tvu BiH i domovima naroda te Srba i Ostalih (odnosno nacionalnih manjina) u Domu naroda Parlamenta Federacije BiH, iako su se to obvezali sporazumom.<\/strong><\/p>\n\n\n\n<p>U tome svjetlu treba promatrati i ju\u010dera\u0161nju zapaljivu i hu\u0161ka\u010dku Izetbegovi\u0107evu izjavu u kojoj je, izme\u0111u ostaloga, optu\u017eio HNS da \u201c\u017eeli sputati snagu probosanskog bloka\u201d, ma \u0161to god to zna\u010dilo.<\/p>\n\n\n\n<p>\u201cKroz teze o \u2018legitimnim predstavnicima\u2019 unutar konstitutivnih naroda poku\u0161ava se ukloniti konkurencija Hrvata koji nisu pod kontrolom HNS, sputati snaga vi\u0161estruko ja\u010deg probosanskog bloka koji \u010dine Bo\u0161njaci, ali i multietni\u010dnog politi\u010dkog faktora koji je sam brojniji od HNS\u201d, naveo je Izetbegovi\u0107.<\/p>\n\n\n\n<p>Novinar i politi\u010dki analiti\u010dar Zoran Kre\u0161i\u0107, Hrvatskom Medijskom Servisu ka\u017ee da su jasni ciljevi koje Bakir Izetbegovi\u0107 i zna\u010dajan dio bo\u0161nja\u010dke politike nastoji ostvariti.<\/p>\n\n\n\n<p>-Bo\u0161nja\u010dka nacionalna dr\u017eava s Hrvatima kao manjinom kojoj \u0107e se dodijeliti onoliko prava koliko ova muslimansko-bo\u0161nja\u010dka ve\u0107ina smatra ispravnim. I tako uspostaviti pandan Republici Srpskoj, odnosno \u2018srpskom svetu\u2019 s kojim pla\u0161i javnost u BiH, a istodobno se sprema za zavr\u0161ni obra\u010dun s Hrvatima, rekao je Kre\u0161i\u0107.<\/p>\n\n\n\n<p>Najve\u0107a zapreka za stvaranje takve, kako ju Kre\u0161i\u0107 zove \u201cBo\u0161njakoslavije\u201d, je sami Daytonski mirovni sporazum koji je jasno utvrdio dr\u017eavni okvir te balans izme\u0111u triju nacionalnih zajednica.<\/p>\n\n\n\n<p>\u201cPonajprije s jasnim mehanizmima koji su danas vidljivi u institucijama Predsjedni\u0161tvu BiH, Domovima naroda, entitetima, pa \u010dak i \u017eupanijama kao jednome od oblika za\u0161tite prava i interesa naroda\u201d, kazao je Kre\u0161i\u0107.<\/p>\n\n\n\n<p>Sugovornik HMS-a podsje\u0107a da je Ustavni sud BiH u presudama po apelaciji Bo\u017ee Ljubi\u0107a, ali i Alije Izetbegovi\u0107a, jasno kazao da su konstitutivni narodi \u2018natkrovljuju\u0107i temelj dr\u017eave.\u2019 jasno je rekao Ustavni sud BiH u presudi Bo\u017ee Ljubi\u0107a, ali i Alije Izetbegovi\u0107a.<\/p>\n\n\n\n<p>-Sve \u0161to Bakir Izetbegovi\u0107 planira \u2018raskinuti\u2019 zapravo vodi raskidu Daytonskog mirovnog sporazuma. Kojega je da podsjetimo potpisao njegov \u2018babo\u2019, istaknuo je Kre\u0161i\u0107.<\/p>\n\n\n\n<p>Kre\u0161i\u0107 poja\u0161njava i \u0161to bi trebali biti potezi hrvatske politike ako bo\u0161nja\u010dka politika na \u010delu s Izetbegovi\u0107em \u017eeli dokinuto Daytonski mirovni sporazum.<\/p>\n\n\n\n<p>\u201cAko Bakir i bo\u0161nja\u010dka politika \u017eeli dokinuti Dayton, bilo da se radi o preglasavanju i izbacivanju Hrvata iz vlasti (Predsjedni\u0161tva, Vije\u0107a ministara, Vlade Federacije BiH..), a legitimno politi\u010dko predstavljanje je Ustavni sud u presudi Ljubi\u0107 naveo \u010dak 12 puta, onda Hrvati s punim pravom moraju odgovoriti na jedino ispravan na\u010din. Povratku na stanje prije Daytonskog i Washingtonskog mirovnog sporazuma. Na Herceg-Bosnu. I me\u0111u prvim potezima nakon toga postaviti spomenik Bakiru Izetbegovi\u0107u, ne za ustrajavanje na nasilju nad Hrvatima, nego jer ih je probudio u cilju vlastite za\u0161tite! Ba\u0161 kao su to bili Beograd i JNA 90-ih godina\u201d, rekao je Kre\u0161i\u0107.<\/p>\n\n\n\n<p>\/B. G.\/HMS\/<\/p>\n","protected":false},"excerpt":{"rendered":"<p>Bakir Izetbegovi\u0107, predsjednik SDA, na sve na\u010dine poku\u0161ava eskivirati provedbu drugog dijela Mostarskog sporazuma koji nala\u017ee izmjenu Izbornog zakona BiH kako bi se osiguralo legitimno politi\u010dko predstavljanje konstitutivnih naroda na svim administrativno-politi\u010dkim razinama, u Predsjedni\u0161tvu BiH i Domovima naroda. Ili jednostavnije, bo\u0161nja\u010dka politika predvo\u0111ena SDA ne \u017eeli odustati od nametanja politi\u010dkih predstavnika Hrvata u Predsjedni\u0161tvu [&hellip;]<\/p>\n","protected":false},"author":2,"featured_media":144409,"comment_status":"closed","ping_status":"closed","sticky":false,"template":"","format":"standard","meta":{"h5ap_radio_sources":[],"footnotes":""},"categories":[1],"tags":[],"class_list":["post-144408","post","type-post","status-publish","format-standard","has-post-thumbnail","hentry","category-bihiregija"],"yoast_head":"<!-- This site is optimized with the Yoast SEO plugin v27.5 - https:\/\/yoast.com\/product\/yoast-seo-wordpress\/ -->\n<title>Kre\u0161i\u0107: Hrvati se trebaju vratiti na Herceg-Bosnu i postaviti spomenik Bakiru Izetbegovi\u0107u - RADIO LJUBU\u0160KI<\/title>\n<meta name=\"robots\" content=\"index, follow, max-snippet:-1, max-image-preview:large, max-video-preview:-1\" \/>\n<link rel=\"canonical\" href=\"https:\/\/radioljubuski.ba\/index.php\/2022\/05\/27\/kresic-hrvati-se-trebaju-vratiti-na-herceg-bosnu-i-postaviti-spomenik-bakiru-izetbegovicu\/\" \/>\n<meta property=\"og:locale\" content=\"hr_HR\" \/>\n<meta property=\"og:type\" content=\"article\" \/>\n<meta property=\"og:title\" content=\"Kre\u0161i\u0107: Hrvati se trebaju vratiti na Herceg-Bosnu i postaviti spomenik Bakiru Izetbegovi\u0107u - RADIO LJUBU\u0160KI\" \/>\n<meta property=\"og:description\" content=\"Bakir Izetbegovi\u0107, predsjednik SDA, na sve na\u010dine poku\u0161ava eskivirati provedbu drugog dijela Mostarskog sporazuma koji nala\u017ee izmjenu Izbornog zakona BiH kako bi se osiguralo legitimno politi\u010dko predstavljanje konstitutivnih naroda na svim administrativno-politi\u010dkim razinama, u Predsjedni\u0161tvu BiH i Domovima naroda. Ili jednostavnije, bo\u0161nja\u010dka politika predvo\u0111ena SDA ne \u017eeli odustati od nametanja politi\u010dkih predstavnika Hrvata u Predsjedni\u0161tvu [&hellip;]\" \/>\n<meta property=\"og:url\" content=\"https:\/\/radioljubuski.ba\/index.php\/2022\/05\/27\/kresic-hrvati-se-trebaju-vratiti-na-herceg-bosnu-i-postaviti-spomenik-bakiru-izetbegovicu\/\" \/>\n<meta property=\"og:site_name\" content=\"RADIO LJUBU\u0160KI\" \/>\n<meta property=\"article:publisher\" content=\"https:\/\/www.facebook.com\/Radiio-Ljubuski-1490835324566332\" \/>\n<meta property=\"article:published_time\" content=\"2022-05-27T12:34:31+00:00\" \/>\n<meta property=\"article:modified_time\" content=\"2022-05-27T12:34:32+00:00\" \/>\n<meta property=\"og:image\" content=\"https:\/\/radioljubuski.ba\/wp-content\/uploads\/2022\/05\/kresic-1.jpg\" \/>\n\t<meta property=\"og:image:width\" content=\"683\" \/>\n\t<meta property=\"og:image:height\" content=\"368\" \/>\n\t<meta property=\"og:image:type\" content=\"image\/jpeg\" \/>\n<meta name=\"author\" content=\"Radio Ljubu\u0161ki\" \/>\n<meta name=\"twitter:card\" content=\"summary_large_image\" \/>\n<meta name=\"twitter:creator\" content=\"@radioljubuski\" \/>\n<meta name=\"twitter:site\" content=\"@radioljubuski\" \/>\n<meta name=\"twitter:label1\" content=\"Napisao\/la\" \/>\n\t<meta name=\"twitter:data1\" content=\"Radio Ljubu\u0161ki\" \/>\n\t<meta name=\"twitter:label2\" content=\"Procijenjeno vrijeme \u010ditanja\" \/>\n\t<meta name=\"twitter:data2\" content=\"3 minute\" \/>\n<script type=\"application\/ld+json\" class=\"yoast-schema-graph\">{\"@context\":\"https:\\\/\\\/schema.org\",\"@graph\":[{\"@type\":\"Article\",\"@id\":\"https:\\\/\\\/radioljubuski.ba\\\/index.php\\\/2022\\\/05\\\/27\\\/kresic-hrvati-se-trebaju-vratiti-na-herceg-bosnu-i-postaviti-spomenik-bakiru-izetbegovicu\\\/#article\",\"isPartOf\":{\"@id\":\"https:\\\/\\\/radioljubuski.ba\\\/index.php\\\/2022\\\/05\\\/27\\\/kresic-hrvati-se-trebaju-vratiti-na-herceg-bosnu-i-postaviti-spomenik-bakiru-izetbegovicu\\\/\"},\"author\":{\"name\":\"Radio Ljubu\u0161ki\",\"@id\":\"https:\\\/\\\/radioljubuski.ba\\\/#\\\/schema\\\/person\\\/19fc700381a780f69665d7956c469e3b\"},\"headline\":\"Kre\u0161i\u0107: Hrvati se trebaju vratiti na Herceg-Bosnu i postaviti spomenik Bakiru Izetbegovi\u0107u\",\"datePublished\":\"2022-05-27T12:34:31+00:00\",\"dateModified\":\"2022-05-27T12:34:32+00:00\",\"mainEntityOfPage\":{\"@id\":\"https:\\\/\\\/radioljubuski.ba\\\/index.php\\\/2022\\\/05\\\/27\\\/kresic-hrvati-se-trebaju-vratiti-na-herceg-bosnu-i-postaviti-spomenik-bakiru-izetbegovicu\\\/\"},\"wordCount\":553,\"publisher\":{\"@id\":\"https:\\\/\\\/radioljubuski.ba\\\/#organization\"},\"image\":{\"@id\":\"https:\\\/\\\/radioljubuski.ba\\\/index.php\\\/2022\\\/05\\\/27\\\/kresic-hrvati-se-trebaju-vratiti-na-herceg-bosnu-i-postaviti-spomenik-bakiru-izetbegovicu\\\/#primaryimage\"},\"thumbnailUrl\":\"https:\\\/\\\/radioljubuski.ba\\\/wp-content\\\/uploads\\\/2022\\\/05\\\/kresic-1.jpg\",\"articleSection\":[\"BIH i regija\"],\"inLanguage\":\"hr\"},{\"@type\":\"WebPage\",\"@id\":\"https:\\\/\\\/radioljubuski.ba\\\/index.php\\\/2022\\\/05\\\/27\\\/kresic-hrvati-se-trebaju-vratiti-na-herceg-bosnu-i-postaviti-spomenik-bakiru-izetbegovicu\\\/\",\"url\":\"https:\\\/\\\/radioljubuski.ba\\\/index.php\\\/2022\\\/05\\\/27\\\/kresic-hrvati-se-trebaju-vratiti-na-herceg-bosnu-i-postaviti-spomenik-bakiru-izetbegovicu\\\/\",\"name\":\"Kre\u0161i\u0107: Hrvati se trebaju vratiti na Herceg-Bosnu i postaviti spomenik Bakiru Izetbegovi\u0107u - RADIO LJUBU\u0160KI\",\"isPartOf\":{\"@id\":\"https:\\\/\\\/radioljubuski.ba\\\/#website\"},\"primaryImageOfPage\":{\"@id\":\"https:\\\/\\\/radioljubuski.ba\\\/index.php\\\/2022\\\/05\\\/27\\\/kresic-hrvati-se-trebaju-vratiti-na-herceg-bosnu-i-postaviti-spomenik-bakiru-izetbegovicu\\\/#primaryimage\"},\"image\":{\"@id\":\"https:\\\/\\\/radioljubuski.ba\\\/index.php\\\/2022\\\/05\\\/27\\\/kresic-hrvati-se-trebaju-vratiti-na-herceg-bosnu-i-postaviti-spomenik-bakiru-izetbegovicu\\\/#primaryimage\"},\"thumbnailUrl\":\"https:\\\/\\\/radioljubuski.ba\\\/wp-content\\\/uploads\\\/2022\\\/05\\\/kresic-1.jpg\",\"datePublished\":\"2022-05-27T12:34:31+00:00\",\"dateModified\":\"2022-05-27T12:34:32+00:00\",\"breadcrumb\":{\"@id\":\"https:\\\/\\\/radioljubuski.ba\\\/index.php\\\/2022\\\/05\\\/27\\\/kresic-hrvati-se-trebaju-vratiti-na-herceg-bosnu-i-postaviti-spomenik-bakiru-izetbegovicu\\\/#breadcrumb\"},\"inLanguage\":\"hr\",\"potentialAction\":[{\"@type\":\"ReadAction\",\"target\":[\"https:\\\/\\\/radioljubuski.ba\\\/index.php\\\/2022\\\/05\\\/27\\\/kresic-hrvati-se-trebaju-vratiti-na-herceg-bosnu-i-postaviti-spomenik-bakiru-izetbegovicu\\\/\"]}]},{\"@type\":\"ImageObject\",\"inLanguage\":\"hr\",\"@id\":\"https:\\\/\\\/radioljubuski.ba\\\/index.php\\\/2022\\\/05\\\/27\\\/kresic-hrvati-se-trebaju-vratiti-na-herceg-bosnu-i-postaviti-spomenik-bakiru-izetbegovicu\\\/#primaryimage\",\"url\":\"https:\\\/\\\/radioljubuski.ba\\\/wp-content\\\/uploads\\\/2022\\\/05\\\/kresic-1.jpg\",\"contentUrl\":\"https:\\\/\\\/radioljubuski.ba\\\/wp-content\\\/uploads\\\/2022\\\/05\\\/kresic-1.jpg\",\"width\":683,\"height\":368},{\"@type\":\"BreadcrumbList\",\"@id\":\"https:\\\/\\\/radioljubuski.ba\\\/index.php\\\/2022\\\/05\\\/27\\\/kresic-hrvati-se-trebaju-vratiti-na-herceg-bosnu-i-postaviti-spomenik-bakiru-izetbegovicu\\\/#breadcrumb\",\"itemListElement\":[{\"@type\":\"ListItem\",\"position\":1,\"name\":\"Po\u010detna stranica\",\"item\":\"https:\\\/\\\/radioljubuski.ba\\\/\"},{\"@type\":\"ListItem\",\"position\":2,\"name\":\"Kre\u0161i\u0107: Hrvati se trebaju vratiti na Herceg-Bosnu i postaviti spomenik Bakiru Izetbegovi\u0107u\"}]},{\"@type\":\"WebSite\",\"@id\":\"https:\\\/\\\/radioljubuski.ba\\\/#website\",\"url\":\"https:\\\/\\\/radioljubuski.ba\\\/\",\"name\":\"Radio Ljubu\u0161ki\",\"description\":\"Sun\u010dana frekvencija Hercegovine\",\"publisher\":{\"@id\":\"https:\\\/\\\/radioljubuski.ba\\\/#organization\"},\"potentialAction\":[{\"@type\":\"SearchAction\",\"target\":{\"@type\":\"EntryPoint\",\"urlTemplate\":\"https:\\\/\\\/radioljubuski.ba\\\/?s={search_term_string}\"},\"query-input\":{\"@type\":\"PropertyValueSpecification\",\"valueRequired\":true,\"valueName\":\"search_term_string\"}}],\"inLanguage\":\"hr\"},{\"@type\":\"Organization\",\"@id\":\"https:\\\/\\\/radioljubuski.ba\\\/#organization\",\"name\":\"Radio Ljubu\u0161ki\",\"url\":\"https:\\\/\\\/radioljubuski.ba\\\/\",\"logo\":{\"@type\":\"ImageObject\",\"inLanguage\":\"hr\",\"@id\":\"https:\\\/\\\/radioljubuski.ba\\\/#\\\/schema\\\/logo\\\/image\\\/\",\"url\":\"https:\\\/\\\/radioljubuski.ba\\\/wp-content\\\/uploads\\\/2021\\\/02\\\/cropped-Radio_Ljubuski_logo1.jpg\",\"contentUrl\":\"https:\\\/\\\/radioljubuski.ba\\\/wp-content\\\/uploads\\\/2021\\\/02\\\/cropped-Radio_Ljubuski_logo1.jpg\",\"width\":512,\"height\":512,\"caption\":\"Radio Ljubu\u0161ki\"},\"image\":{\"@id\":\"https:\\\/\\\/radioljubuski.ba\\\/#\\\/schema\\\/logo\\\/image\\\/\"},\"sameAs\":[\"https:\\\/\\\/www.facebook.com\\\/Radiio-Ljubuski-1490835324566332\",\"https:\\\/\\\/x.com\\\/radioljubuski\",\"https:\\\/\\\/hr.linkedin.com\\\/company\\\/radio-ljubuski\",\"https:\\\/\\\/www.youtube.com\\\/channel\\\/UCHYaeO_n0Db3tjNGudGpXyw\"]},{\"@type\":\"Person\",\"@id\":\"https:\\\/\\\/radioljubuski.ba\\\/#\\\/schema\\\/person\\\/19fc700381a780f69665d7956c469e3b\",\"name\":\"Radio Ljubu\u0161ki\"}]}<\/script>\n<!-- \/ Yoast SEO plugin. -->","yoast_head_json":{"title":"Kre\u0161i\u0107: Hrvati se trebaju vratiti na Herceg-Bosnu i postaviti spomenik Bakiru Izetbegovi\u0107u - RADIO LJUBU\u0160KI","robots":{"index":"index","follow":"follow","max-snippet":"max-snippet:-1","max-image-preview":"max-image-preview:large","max-video-preview":"max-video-preview:-1"},"canonical":"https:\/\/radioljubuski.ba\/index.php\/2022\/05\/27\/kresic-hrvati-se-trebaju-vratiti-na-herceg-bosnu-i-postaviti-spomenik-bakiru-izetbegovicu\/","og_locale":"hr_HR","og_type":"article","og_title":"Kre\u0161i\u0107: Hrvati se trebaju vratiti na Herceg-Bosnu i postaviti spomenik Bakiru Izetbegovi\u0107u - RADIO LJUBU\u0160KI","og_description":"Bakir Izetbegovi\u0107, predsjednik SDA, na sve na\u010dine poku\u0161ava eskivirati provedbu drugog dijela Mostarskog sporazuma koji nala\u017ee izmjenu Izbornog zakona BiH kako bi se osiguralo legitimno politi\u010dko predstavljanje konstitutivnih naroda na svim administrativno-politi\u010dkim razinama, u Predsjedni\u0161tvu BiH i Domovima naroda. Ili jednostavnije, bo\u0161nja\u010dka politika predvo\u0111ena SDA ne \u017eeli odustati od nametanja politi\u010dkih predstavnika Hrvata u Predsjedni\u0161tvu [&hellip;]","og_url":"https:\/\/radioljubuski.ba\/index.php\/2022\/05\/27\/kresic-hrvati-se-trebaju-vratiti-na-herceg-bosnu-i-postaviti-spomenik-bakiru-izetbegovicu\/","og_site_name":"RADIO LJUBU\u0160KI","article_publisher":"https:\/\/www.facebook.com\/Radiio-Ljubuski-1490835324566332","article_published_time":"2022-05-27T12:34:31+00:00","article_modified_time":"2022-05-27T12:34:32+00:00","og_image":[{"width":683,"height":368,"url":"https:\/\/radioljubuski.ba\/wp-content\/uploads\/2022\/05\/kresic-1.jpg","type":"image\/jpeg"}],"author":"Radio Ljubu\u0161ki","twitter_card":"summary_large_image","twitter_creator":"@radioljubuski","twitter_site":"@radioljubuski","twitter_misc":{"Napisao\/la":"Radio Ljubu\u0161ki","Procijenjeno vrijeme \u010ditanja":"3 minute"},"schema":{"@context":"https:\/\/schema.org","@graph":[{"@type":"Article","@id":"https:\/\/radioljubuski.ba\/index.php\/2022\/05\/27\/kresic-hrvati-se-trebaju-vratiti-na-herceg-bosnu-i-postaviti-spomenik-bakiru-izetbegovicu\/#article","isPartOf":{"@id":"https:\/\/radioljubuski.ba\/index.php\/2022\/05\/27\/kresic-hrvati-se-trebaju-vratiti-na-herceg-bosnu-i-postaviti-spomenik-bakiru-izetbegovicu\/"},"author":{"name":"Radio Ljubu\u0161ki","@id":"https:\/\/radioljubuski.ba\/#\/schema\/person\/19fc700381a780f69665d7956c469e3b"},"headline":"Kre\u0161i\u0107: Hrvati se trebaju vratiti na Herceg-Bosnu i postaviti spomenik Bakiru Izetbegovi\u0107u","datePublished":"2022-05-27T12:34:31+00:00","dateModified":"2022-05-27T12:34:32+00:00","mainEntityOfPage":{"@id":"https:\/\/radioljubuski.ba\/index.php\/2022\/05\/27\/kresic-hrvati-se-trebaju-vratiti-na-herceg-bosnu-i-postaviti-spomenik-bakiru-izetbegovicu\/"},"wordCount":553,"publisher":{"@id":"https:\/\/radioljubuski.ba\/#organization"},"image":{"@id":"https:\/\/radioljubuski.ba\/index.php\/2022\/05\/27\/kresic-hrvati-se-trebaju-vratiti-na-herceg-bosnu-i-postaviti-spomenik-bakiru-izetbegovicu\/#primaryimage"},"thumbnailUrl":"https:\/\/radioljubuski.ba\/wp-content\/uploads\/2022\/05\/kresic-1.jpg","articleSection":["BIH i regija"],"inLanguage":"hr"},{"@type":"WebPage","@id":"https:\/\/radioljubuski.ba\/index.php\/2022\/05\/27\/kresic-hrvati-se-trebaju-vratiti-na-herceg-bosnu-i-postaviti-spomenik-bakiru-izetbegovicu\/","url":"https:\/\/radioljubuski.ba\/index.php\/2022\/05\/27\/kresic-hrvati-se-trebaju-vratiti-na-herceg-bosnu-i-postaviti-spomenik-bakiru-izetbegovicu\/","name":"Kre\u0161i\u0107: Hrvati se trebaju vratiti na Herceg-Bosnu i postaviti spomenik Bakiru Izetbegovi\u0107u - RADIO LJUBU\u0160KI","isPartOf":{"@id":"https:\/\/radioljubuski.ba\/#website"},"primaryImageOfPage":{"@id":"https:\/\/radioljubuski.ba\/index.php\/2022\/05\/27\/kresic-hrvati-se-trebaju-vratiti-na-herceg-bosnu-i-postaviti-spomenik-bakiru-izetbegovicu\/#primaryimage"},"image":{"@id":"https:\/\/radioljubuski.ba\/index.php\/2022\/05\/27\/kresic-hrvati-se-trebaju-vratiti-na-herceg-bosnu-i-postaviti-spomenik-bakiru-izetbegovicu\/#primaryimage"},"thumbnailUrl":"https:\/\/radioljubuski.ba\/wp-content\/uploads\/2022\/05\/kresic-1.jpg","datePublished":"2022-05-27T12:34:31+00:00","dateModified":"2022-05-27T12:34:32+00:00","breadcrumb":{"@id":"https:\/\/radioljubuski.ba\/index.php\/2022\/05\/27\/kresic-hrvati-se-trebaju-vratiti-na-herceg-bosnu-i-postaviti-spomenik-bakiru-izetbegovicu\/#breadcrumb"},"inLanguage":"hr","potentialAction":[{"@type":"ReadAction","target":["https:\/\/radioljubuski.ba\/index.php\/2022\/05\/27\/kresic-hrvati-se-trebaju-vratiti-na-herceg-bosnu-i-postaviti-spomenik-bakiru-izetbegovicu\/"]}]},{"@type":"ImageObject","inLanguage":"hr","@id":"https:\/\/radioljubuski.ba\/index.php\/2022\/05\/27\/kresic-hrvati-se-trebaju-vratiti-na-herceg-bosnu-i-postaviti-spomenik-bakiru-izetbegovicu\/#primaryimage","url":"https:\/\/radioljubuski.ba\/wp-content\/uploads\/2022\/05\/kresic-1.jpg","contentUrl":"https:\/\/radioljubuski.ba\/wp-content\/uploads\/2022\/05\/kresic-1.jpg","width":683,"height":368},{"@type":"BreadcrumbList","@id":"https:\/\/radioljubuski.ba\/index.php\/2022\/05\/27\/kresic-hrvati-se-trebaju-vratiti-na-herceg-bosnu-i-postaviti-spomenik-bakiru-izetbegovicu\/#breadcrumb","itemListElement":[{"@type":"ListItem","position":1,"name":"Po\u010detna stranica","item":"https:\/\/radioljubuski.ba\/"},{"@type":"ListItem","position":2,"name":"Kre\u0161i\u0107: Hrvati se trebaju vratiti na Herceg-Bosnu i postaviti spomenik Bakiru Izetbegovi\u0107u"}]},{"@type":"WebSite","@id":"https:\/\/radioljubuski.ba\/#website","url":"https:\/\/radioljubuski.ba\/","name":"Radio Ljubu\u0161ki","description":"Sun\u010dana frekvencija Hercegovine","publisher":{"@id":"https:\/\/radioljubuski.ba\/#organization"},"potentialAction":[{"@type":"SearchAction","target":{"@type":"EntryPoint","urlTemplate":"https:\/\/radioljubuski.ba\/?s={search_term_string}"},"query-input":{"@type":"PropertyValueSpecification","valueRequired":true,"valueName":"search_term_string"}}],"inLanguage":"hr"},{"@type":"Organization","@id":"https:\/\/radioljubuski.ba\/#organization","name":"Radio Ljubu\u0161ki","url":"https:\/\/radioljubuski.ba\/","logo":{"@type":"ImageObject","inLanguage":"hr","@id":"https:\/\/radioljubuski.ba\/#\/schema\/logo\/image\/","url":"https:\/\/radioljubuski.ba\/wp-content\/uploads\/2021\/02\/cropped-Radio_Ljubuski_logo1.jpg","contentUrl":"https:\/\/radioljubuski.ba\/wp-content\/uploads\/2021\/02\/cropped-Radio_Ljubuski_logo1.jpg","width":512,"height":512,"caption":"Radio Ljubu\u0161ki"},"image":{"@id":"https:\/\/radioljubuski.ba\/#\/schema\/logo\/image\/"},"sameAs":["https:\/\/www.facebook.com\/Radiio-Ljubuski-1490835324566332","https:\/\/x.com\/radioljubuski","https:\/\/hr.linkedin.com\/company\/radio-ljubuski","https:\/\/www.youtube.com\/channel\/UCHYaeO_n0Db3tjNGudGpXyw"]},{"@type":"Person","@id":"https:\/\/radioljubuski.ba\/#\/schema\/person\/19fc700381a780f69665d7956c469e3b","name":"Radio Ljubu\u0161ki"}]}},"_links":{"self":[{"href":"https:\/\/radioljubuski.ba\/index.php\/wp-json\/wp\/v2\/posts\/144408","targetHints":{"allow":["GET"]}}],"collection":[{"href":"https:\/\/radioljubuski.ba\/index.php\/wp-json\/wp\/v2\/posts"}],"about":[{"href":"https:\/\/radioljubuski.ba\/index.php\/wp-json\/wp\/v2\/types\/post"}],"author":[{"embeddable":true,"href":"https:\/\/radioljubuski.ba\/index.php\/wp-json\/wp\/v2\/users\/2"}],"replies":[{"embeddable":true,"href":"https:\/\/radioljubuski.ba\/index.php\/wp-json\/wp\/v2\/comments?post=144408"}],"version-history":[{"count":1,"href":"https:\/\/radioljubuski.ba\/index.php\/wp-json\/wp\/v2\/posts\/144408\/revisions"}],"predecessor-version":[{"id":144410,"href":"https:\/\/radioljubuski.ba\/index.php\/wp-json\/wp\/v2\/posts\/144408\/revisions\/144410"}],"wp:featuredmedia":[{"embeddable":true,"href":"https:\/\/radioljubuski.ba\/index.php\/wp-json\/wp\/v2\/media\/144409"}],"wp:attachment":[{"href":"https:\/\/radioljubuski.ba\/index.php\/wp-json\/wp\/v2\/media?parent=144408"}],"wp:term":[{"taxonomy":"category","embeddable":true,"href":"https:\/\/radioljubuski.ba\/index.php\/wp-json\/wp\/v2\/categories?post=144408"},{"taxonomy":"post_tag","embeddable":true,"href":"https:\/\/radioljubuski.ba\/index.php\/wp-json\/wp\/v2\/tags?post=144408"}],"curies":[{"name":"wp","href":"https:\/\/api.w.org\/{rel}","templated":true}]}}