{"id":144411,"date":"2022-05-27T13:35:37","date_gmt":"2022-05-27T12:35:37","guid":{"rendered":"https:\/\/radioljubuski.ba\/?p=144411"},"modified":"2022-05-27T13:35:38","modified_gmt":"2022-05-27T12:35:38","slug":"hrs-federalna-vlada-baca-blato-u-lice-zdravom-razumu","status":"publish","type":"post","link":"https:\/\/radioljubuski.ba\/index.php\/2022\/05\/27\/hrs-federalna-vlada-baca-blato-u-lice-zdravom-razumu\/","title":{"rendered":"HRS: Federalna vlada baca blato u lice zdravom razumu"},"content":{"rendered":"\n<p><strong>Hrvatska republikanska stranka reagirala je na odluku Vlade FBiH o formiranju zra\u010dnih snaga za ga\u0161enje po\u017eara. HRS u priop\u0107enju za javnost isti\u010de kako, tobo\u017enja \u201enabavka letjelica i formiranje zra\u010dnih snaga (jedinice) za ga\u0161enje po\u017eara otvorenog prostora i obavljanje drugih zadataka za\u0161tite i spa\u0161avanja\u201c, za \u0161to je imenovana posebna radna grupa na \u010delu s Marinom Raspudi\u0107em pokazuje kako aktualna HDZ\/SDA\/DF koalicija, bez imalo skrupula, ne samo da nastavlja netransparentnim tro\u0161enjem sredstava poreznih obveznika, nego doslovno baca blato u lice zdravom razumu, smatraju\u0107i privatnim vlasni\u0161tvom javno dobro.<\/strong><\/p>\n\n\n\n<p>Vlada Federacije \u201enala\u017eila je\u201c radnoj grupi da \u201eu roku od sedam dana dostavi prijedlog modela najma letjelica i posada za 2022. godinu\u201c.<\/p>\n\n\n\n<p>Iz HRS-a podsje\u0107aju kako je jo\u0161 2009. ura\u0111ena stru\u010dna studija, financirana tako\u0111er od Vlade Federacije, gdje je predlo\u017eena nabavka dva tipa zrakoplova (Air tractora) za ga\u0161enje po\u017eara i nabavka eskadrile od 4 aparata, pojedina\u010dnih vrijednosti 2,3 milijuna dolara za AT-802F-kopnena varijanta i 3,1 milijun dolara za AT-802F Fire Boss-amfibijska varijanta. Isto je, ka\u017eu, ponovljeno, ponovljenom Studijom ura\u0111enom 2013. g., tako\u0111er financirano od strane Vlade Federacije u suradnji Ministarstvov sigurnosti BiH.<\/p>\n\n\n\n<p>-Dakle, aktualna Vlada Federacija 2022. po tre\u0107i put nala\u017ee izradu prijedloga koji je ve\u0107 ura\u0111en dva puta i za to imenuje radnu grupu, iako su ne samo dva puta utro\u0161eni novci za izradu uvijek iste Studije, nego su utro\u0161eni novci namijenjeni za nabavku letjelica koje \u201eradna grupa\u201c mora predlo\u017eiti. Radi se o milijunima KM!, upozorava HRS.<\/p>\n\n\n\n<p>Dalje, napominju kako su zrakoplovne aktivnosti definirane isklju\u010divo Zakonom o zrakoplovstvu BiH, za \u0161to je nadle\u017eno Ministarstvo prometa i komunikacija BiH. Budu\u0107i da vatrogasne flote spadaju pod vojno zrakoplovstvo, sukladno Zakonu o tome je nadle\u017eno Ministarstvo obrane BiH.<\/p>\n\n\n\n<p>-Prema tome, da se iskreno, ozbiljno i zakonski sukladno razmi\u0161lja o uspostavi vatrogasne zra\u010dne flote, sve bi se radilo na dr\u017eavnoj razini gdje za to i jeste mjesto, ka\u017eu Hrvatski republikanci.<\/p>\n\n\n\n<p>Ponajbolji dokaz, isti\u010du, kako je Vladi Federacije u interesu isklju\u010divo netransparentan utro\u0161ak namjenskih sredstava za za\u0161titu i spa\u0161avanje le\u017ei u \u010dinjenici da su oni na sebe preuzeli ulogu voditelja ovog projekta, a ne Vije\u0107e ministara. Uostalom, dodaju, kako je to vrlo jasno definirano u spomenutim stru\u010dnim Studijama.<\/p>\n\n\n\n<p>HRS od Vlade Federacije tra\u017ei odgovore na pitanja:\u201dGdje je zavr\u0161io novac za opremanje vatrogasnih snaga utvr\u0111en zakonom jo\u0161 iz 2009. nakon prve Studije? Gdje su zavr\u0161ili novci s federalnog podra\u010duna namijenjeni za kupovinu Air Tractor letjelica? Gdje je zavr\u0161io novac koji je utro\u0161en za \u201estvaranje specijalnih snaga civilne za\u0161tite\u201c? Za\u0161to se javnosti ne objave financijska izvje\u0161\u0107a utro\u0161ka namjenskih sredstava za Za\u0161titu i spa\u0161avanje, po\u010dev od federalne razine, pa do \u017eupanijskih, \u0161to smo tra\u017eili zadnjih godina sigurno na desetine puta? Ponavljamo, radi se o milijunima KM!!!\u201d<\/p>\n\n\n\n<p>HRS je, podsje\u0107aju iz ove stranke, u vi\u0161e navrata pisao prijave zbog netransparentnog i nenamjenskog tro\u0161enja sredstava za za\u0161titu i spa\u0161avanje, koje le\u017ee u ladicama pravosudnih institucija. Tako\u0111er, u tijelima \u017eupanijskih Skup\u0161tina su, ka\u017eu, tra\u017eili financijska izvje\u0161\u0107a o utro\u0161cima ovih sredstava na razini \u017eupanija, kao i definiranja inspekcijskog nadzora istog, \u0161to se tako\u0111er ignorira, iako je i to protuzakonito. Prvu stvar koju \u0107emo uraditi ulaskom u Federalni parlament biti \u0107e pokretanje inicijative za inspekcijski nadzor i financijsku reviziju utro\u0161ka namjenskih sredstava za za\u0161titu i spa\u0161avanje, isti\u010du iz HRS-a.<\/p>\n\n\n\n<p>\/HMS\/<\/p>\n","protected":false},"excerpt":{"rendered":"<p>Hrvatska republikanska stranka reagirala je na odluku Vlade FBiH o formiranju zra\u010dnih snaga za ga\u0161enje po\u017eara. HRS u priop\u0107enju za javnost isti\u010de kako, tobo\u017enja \u201enabavka letjelica i formiranje zra\u010dnih snaga (jedinice) za ga\u0161enje po\u017eara otvorenog prostora i obavljanje drugih zadataka za\u0161tite i spa\u0161avanja\u201c, za \u0161to je imenovana posebna radna grupa na \u010delu s Marinom Raspudi\u0107em [&hellip;]<\/p>\n","protected":false},"author":2,"featured_media":0,"comment_status":"closed","ping_status":"closed","sticky":false,"template":"","format":"standard","meta":{"h5ap_radio_sources":[],"footnotes":""},"categories":[1],"tags":[],"class_list":["post-144411","post","type-post","status-publish","format-standard","hentry","category-bihiregija"],"yoast_head":"<!-- This site is optimized with the Yoast SEO plugin v27.5 - https:\/\/yoast.com\/product\/yoast-seo-wordpress\/ -->\n<title>HRS: Federalna vlada baca blato u lice zdravom razumu - RADIO LJUBU\u0160KI<\/title>\n<meta name=\"robots\" content=\"index, follow, max-snippet:-1, max-image-preview:large, max-video-preview:-1\" \/>\n<link rel=\"canonical\" href=\"https:\/\/radioljubuski.ba\/index.php\/2022\/05\/27\/hrs-federalna-vlada-baca-blato-u-lice-zdravom-razumu\/\" \/>\n<meta property=\"og:locale\" content=\"hr_HR\" \/>\n<meta property=\"og:type\" content=\"article\" \/>\n<meta property=\"og:title\" content=\"HRS: Federalna vlada baca blato u lice zdravom razumu - RADIO LJUBU\u0160KI\" \/>\n<meta property=\"og:description\" content=\"Hrvatska republikanska stranka reagirala je na odluku Vlade FBiH o formiranju zra\u010dnih snaga za ga\u0161enje po\u017eara. HRS u priop\u0107enju za javnost isti\u010de kako, tobo\u017enja \u201enabavka letjelica i formiranje zra\u010dnih snaga (jedinice) za ga\u0161enje po\u017eara otvorenog prostora i obavljanje drugih zadataka za\u0161tite i spa\u0161avanja\u201c, za \u0161to je imenovana posebna radna grupa na \u010delu s Marinom Raspudi\u0107em [&hellip;]\" \/>\n<meta property=\"og:url\" content=\"https:\/\/radioljubuski.ba\/index.php\/2022\/05\/27\/hrs-federalna-vlada-baca-blato-u-lice-zdravom-razumu\/\" \/>\n<meta property=\"og:site_name\" content=\"RADIO LJUBU\u0160KI\" \/>\n<meta property=\"article:publisher\" content=\"https:\/\/www.facebook.com\/Radiio-Ljubuski-1490835324566332\" \/>\n<meta property=\"article:published_time\" content=\"2022-05-27T12:35:37+00:00\" \/>\n<meta property=\"article:modified_time\" content=\"2022-05-27T12:35:38+00:00\" \/>\n<meta property=\"og:image\" content=\"https:\/\/radioljubuski.ba\/wp-content\/uploads\/2022\/05\/kanader-1-696x454-1.jpg\" \/>\n\t<meta property=\"og:image:width\" content=\"696\" \/>\n\t<meta property=\"og:image:height\" content=\"454\" \/>\n\t<meta property=\"og:image:type\" content=\"image\/jpeg\" \/>\n<meta name=\"author\" content=\"Radio Ljubu\u0161ki\" \/>\n<meta name=\"twitter:card\" content=\"summary_large_image\" \/>\n<meta name=\"twitter:creator\" content=\"@radioljubuski\" \/>\n<meta name=\"twitter:site\" content=\"@radioljubuski\" \/>\n<meta name=\"twitter:label1\" content=\"Napisao\/la\" \/>\n\t<meta name=\"twitter:data1\" content=\"Radio Ljubu\u0161ki\" \/>\n\t<meta name=\"twitter:label2\" content=\"Procijenjeno vrijeme \u010ditanja\" \/>\n\t<meta name=\"twitter:data2\" content=\"3 minute\" \/>\n<script type=\"application\/ld+json\" class=\"yoast-schema-graph\">{\"@context\":\"https:\\\/\\\/schema.org\",\"@graph\":[{\"@type\":\"Article\",\"@id\":\"https:\\\/\\\/radioljubuski.ba\\\/index.php\\\/2022\\\/05\\\/27\\\/hrs-federalna-vlada-baca-blato-u-lice-zdravom-razumu\\\/#article\",\"isPartOf\":{\"@id\":\"https:\\\/\\\/radioljubuski.ba\\\/index.php\\\/2022\\\/05\\\/27\\\/hrs-federalna-vlada-baca-blato-u-lice-zdravom-razumu\\\/\"},\"author\":{\"name\":\"Radio Ljubu\u0161ki\",\"@id\":\"https:\\\/\\\/radioljubuski.ba\\\/#\\\/schema\\\/person\\\/19fc700381a780f69665d7956c469e3b\"},\"headline\":\"HRS: Federalna vlada baca blato u lice zdravom razumu\",\"datePublished\":\"2022-05-27T12:35:37+00:00\",\"dateModified\":\"2022-05-27T12:35:38+00:00\",\"mainEntityOfPage\":{\"@id\":\"https:\\\/\\\/radioljubuski.ba\\\/index.php\\\/2022\\\/05\\\/27\\\/hrs-federalna-vlada-baca-blato-u-lice-zdravom-razumu\\\/\"},\"wordCount\":610,\"publisher\":{\"@id\":\"https:\\\/\\\/radioljubuski.ba\\\/#organization\"},\"articleSection\":[\"BIH i regija\"],\"inLanguage\":\"hr\"},{\"@type\":\"WebPage\",\"@id\":\"https:\\\/\\\/radioljubuski.ba\\\/index.php\\\/2022\\\/05\\\/27\\\/hrs-federalna-vlada-baca-blato-u-lice-zdravom-razumu\\\/\",\"url\":\"https:\\\/\\\/radioljubuski.ba\\\/index.php\\\/2022\\\/05\\\/27\\\/hrs-federalna-vlada-baca-blato-u-lice-zdravom-razumu\\\/\",\"name\":\"HRS: Federalna vlada baca blato u lice zdravom razumu - RADIO LJUBU\u0160KI\",\"isPartOf\":{\"@id\":\"https:\\\/\\\/radioljubuski.ba\\\/#website\"},\"datePublished\":\"2022-05-27T12:35:37+00:00\",\"dateModified\":\"2022-05-27T12:35:38+00:00\",\"breadcrumb\":{\"@id\":\"https:\\\/\\\/radioljubuski.ba\\\/index.php\\\/2022\\\/05\\\/27\\\/hrs-federalna-vlada-baca-blato-u-lice-zdravom-razumu\\\/#breadcrumb\"},\"inLanguage\":\"hr\",\"potentialAction\":[{\"@type\":\"ReadAction\",\"target\":[\"https:\\\/\\\/radioljubuski.ba\\\/index.php\\\/2022\\\/05\\\/27\\\/hrs-federalna-vlada-baca-blato-u-lice-zdravom-razumu\\\/\"]}]},{\"@type\":\"BreadcrumbList\",\"@id\":\"https:\\\/\\\/radioljubuski.ba\\\/index.php\\\/2022\\\/05\\\/27\\\/hrs-federalna-vlada-baca-blato-u-lice-zdravom-razumu\\\/#breadcrumb\",\"itemListElement\":[{\"@type\":\"ListItem\",\"position\":1,\"name\":\"Po\u010detna stranica\",\"item\":\"https:\\\/\\\/radioljubuski.ba\\\/\"},{\"@type\":\"ListItem\",\"position\":2,\"name\":\"HRS: Federalna vlada baca blato u lice zdravom razumu\"}]},{\"@type\":\"WebSite\",\"@id\":\"https:\\\/\\\/radioljubuski.ba\\\/#website\",\"url\":\"https:\\\/\\\/radioljubuski.ba\\\/\",\"name\":\"Radio Ljubu\u0161ki\",\"description\":\"Sun\u010dana frekvencija Hercegovine\",\"publisher\":{\"@id\":\"https:\\\/\\\/radioljubuski.ba\\\/#organization\"},\"potentialAction\":[{\"@type\":\"SearchAction\",\"target\":{\"@type\":\"EntryPoint\",\"urlTemplate\":\"https:\\\/\\\/radioljubuski.ba\\\/?s={search_term_string}\"},\"query-input\":{\"@type\":\"PropertyValueSpecification\",\"valueRequired\":true,\"valueName\":\"search_term_string\"}}],\"inLanguage\":\"hr\"},{\"@type\":\"Organization\",\"@id\":\"https:\\\/\\\/radioljubuski.ba\\\/#organization\",\"name\":\"Radio Ljubu\u0161ki\",\"url\":\"https:\\\/\\\/radioljubuski.ba\\\/\",\"logo\":{\"@type\":\"ImageObject\",\"inLanguage\":\"hr\",\"@id\":\"https:\\\/\\\/radioljubuski.ba\\\/#\\\/schema\\\/logo\\\/image\\\/\",\"url\":\"https:\\\/\\\/radioljubuski.ba\\\/wp-content\\\/uploads\\\/2021\\\/02\\\/cropped-Radio_Ljubuski_logo1.jpg\",\"contentUrl\":\"https:\\\/\\\/radioljubuski.ba\\\/wp-content\\\/uploads\\\/2021\\\/02\\\/cropped-Radio_Ljubuski_logo1.jpg\",\"width\":512,\"height\":512,\"caption\":\"Radio Ljubu\u0161ki\"},\"image\":{\"@id\":\"https:\\\/\\\/radioljubuski.ba\\\/#\\\/schema\\\/logo\\\/image\\\/\"},\"sameAs\":[\"https:\\\/\\\/www.facebook.com\\\/Radiio-Ljubuski-1490835324566332\",\"https:\\\/\\\/x.com\\\/radioljubuski\",\"https:\\\/\\\/hr.linkedin.com\\\/company\\\/radio-ljubuski\",\"https:\\\/\\\/www.youtube.com\\\/channel\\\/UCHYaeO_n0Db3tjNGudGpXyw\"]},{\"@type\":\"Person\",\"@id\":\"https:\\\/\\\/radioljubuski.ba\\\/#\\\/schema\\\/person\\\/19fc700381a780f69665d7956c469e3b\",\"name\":\"Radio Ljubu\u0161ki\"}]}<\/script>\n<!-- \/ Yoast SEO plugin. -->","yoast_head_json":{"title":"HRS: Federalna vlada baca blato u lice zdravom razumu - RADIO LJUBU\u0160KI","robots":{"index":"index","follow":"follow","max-snippet":"max-snippet:-1","max-image-preview":"max-image-preview:large","max-video-preview":"max-video-preview:-1"},"canonical":"https:\/\/radioljubuski.ba\/index.php\/2022\/05\/27\/hrs-federalna-vlada-baca-blato-u-lice-zdravom-razumu\/","og_locale":"hr_HR","og_type":"article","og_title":"HRS: Federalna vlada baca blato u lice zdravom razumu - RADIO LJUBU\u0160KI","og_description":"Hrvatska republikanska stranka reagirala je na odluku Vlade FBiH o formiranju zra\u010dnih snaga za ga\u0161enje po\u017eara. HRS u priop\u0107enju za javnost isti\u010de kako, tobo\u017enja \u201enabavka letjelica i formiranje zra\u010dnih snaga (jedinice) za ga\u0161enje po\u017eara otvorenog prostora i obavljanje drugih zadataka za\u0161tite i spa\u0161avanja\u201c, za \u0161to je imenovana posebna radna grupa na \u010delu s Marinom Raspudi\u0107em [&hellip;]","og_url":"https:\/\/radioljubuski.ba\/index.php\/2022\/05\/27\/hrs-federalna-vlada-baca-blato-u-lice-zdravom-razumu\/","og_site_name":"RADIO LJUBU\u0160KI","article_publisher":"https:\/\/www.facebook.com\/Radiio-Ljubuski-1490835324566332","article_published_time":"2022-05-27T12:35:37+00:00","article_modified_time":"2022-05-27T12:35:38+00:00","og_image":[{"width":696,"height":454,"url":"https:\/\/radioljubuski.ba\/wp-content\/uploads\/2022\/05\/kanader-1-696x454-1.jpg","type":"image\/jpeg"}],"author":"Radio Ljubu\u0161ki","twitter_card":"summary_large_image","twitter_creator":"@radioljubuski","twitter_site":"@radioljubuski","twitter_misc":{"Napisao\/la":"Radio Ljubu\u0161ki","Procijenjeno vrijeme \u010ditanja":"3 minute"},"schema":{"@context":"https:\/\/schema.org","@graph":[{"@type":"Article","@id":"https:\/\/radioljubuski.ba\/index.php\/2022\/05\/27\/hrs-federalna-vlada-baca-blato-u-lice-zdravom-razumu\/#article","isPartOf":{"@id":"https:\/\/radioljubuski.ba\/index.php\/2022\/05\/27\/hrs-federalna-vlada-baca-blato-u-lice-zdravom-razumu\/"},"author":{"name":"Radio Ljubu\u0161ki","@id":"https:\/\/radioljubuski.ba\/#\/schema\/person\/19fc700381a780f69665d7956c469e3b"},"headline":"HRS: Federalna vlada baca blato u lice zdravom razumu","datePublished":"2022-05-27T12:35:37+00:00","dateModified":"2022-05-27T12:35:38+00:00","mainEntityOfPage":{"@id":"https:\/\/radioljubuski.ba\/index.php\/2022\/05\/27\/hrs-federalna-vlada-baca-blato-u-lice-zdravom-razumu\/"},"wordCount":610,"publisher":{"@id":"https:\/\/radioljubuski.ba\/#organization"},"articleSection":["BIH i regija"],"inLanguage":"hr"},{"@type":"WebPage","@id":"https:\/\/radioljubuski.ba\/index.php\/2022\/05\/27\/hrs-federalna-vlada-baca-blato-u-lice-zdravom-razumu\/","url":"https:\/\/radioljubuski.ba\/index.php\/2022\/05\/27\/hrs-federalna-vlada-baca-blato-u-lice-zdravom-razumu\/","name":"HRS: Federalna vlada baca blato u lice zdravom razumu - RADIO LJUBU\u0160KI","isPartOf":{"@id":"https:\/\/radioljubuski.ba\/#website"},"datePublished":"2022-05-27T12:35:37+00:00","dateModified":"2022-05-27T12:35:38+00:00","breadcrumb":{"@id":"https:\/\/radioljubuski.ba\/index.php\/2022\/05\/27\/hrs-federalna-vlada-baca-blato-u-lice-zdravom-razumu\/#breadcrumb"},"inLanguage":"hr","potentialAction":[{"@type":"ReadAction","target":["https:\/\/radioljubuski.ba\/index.php\/2022\/05\/27\/hrs-federalna-vlada-baca-blato-u-lice-zdravom-razumu\/"]}]},{"@type":"BreadcrumbList","@id":"https:\/\/radioljubuski.ba\/index.php\/2022\/05\/27\/hrs-federalna-vlada-baca-blato-u-lice-zdravom-razumu\/#breadcrumb","itemListElement":[{"@type":"ListItem","position":1,"name":"Po\u010detna stranica","item":"https:\/\/radioljubuski.ba\/"},{"@type":"ListItem","position":2,"name":"HRS: Federalna vlada baca blato u lice zdravom razumu"}]},{"@type":"WebSite","@id":"https:\/\/radioljubuski.ba\/#website","url":"https:\/\/radioljubuski.ba\/","name":"Radio Ljubu\u0161ki","description":"Sun\u010dana frekvencija Hercegovine","publisher":{"@id":"https:\/\/radioljubuski.ba\/#organization"},"potentialAction":[{"@type":"SearchAction","target":{"@type":"EntryPoint","urlTemplate":"https:\/\/radioljubuski.ba\/?s={search_term_string}"},"query-input":{"@type":"PropertyValueSpecification","valueRequired":true,"valueName":"search_term_string"}}],"inLanguage":"hr"},{"@type":"Organization","@id":"https:\/\/radioljubuski.ba\/#organization","name":"Radio Ljubu\u0161ki","url":"https:\/\/radioljubuski.ba\/","logo":{"@type":"ImageObject","inLanguage":"hr","@id":"https:\/\/radioljubuski.ba\/#\/schema\/logo\/image\/","url":"https:\/\/radioljubuski.ba\/wp-content\/uploads\/2021\/02\/cropped-Radio_Ljubuski_logo1.jpg","contentUrl":"https:\/\/radioljubuski.ba\/wp-content\/uploads\/2021\/02\/cropped-Radio_Ljubuski_logo1.jpg","width":512,"height":512,"caption":"Radio Ljubu\u0161ki"},"image":{"@id":"https:\/\/radioljubuski.ba\/#\/schema\/logo\/image\/"},"sameAs":["https:\/\/www.facebook.com\/Radiio-Ljubuski-1490835324566332","https:\/\/x.com\/radioljubuski","https:\/\/hr.linkedin.com\/company\/radio-ljubuski","https:\/\/www.youtube.com\/channel\/UCHYaeO_n0Db3tjNGudGpXyw"]},{"@type":"Person","@id":"https:\/\/radioljubuski.ba\/#\/schema\/person\/19fc700381a780f69665d7956c469e3b","name":"Radio Ljubu\u0161ki"}]}},"_links":{"self":[{"href":"https:\/\/radioljubuski.ba\/index.php\/wp-json\/wp\/v2\/posts\/144411","targetHints":{"allow":["GET"]}}],"collection":[{"href":"https:\/\/radioljubuski.ba\/index.php\/wp-json\/wp\/v2\/posts"}],"about":[{"href":"https:\/\/radioljubuski.ba\/index.php\/wp-json\/wp\/v2\/types\/post"}],"author":[{"embeddable":true,"href":"https:\/\/radioljubuski.ba\/index.php\/wp-json\/wp\/v2\/users\/2"}],"replies":[{"embeddable":true,"href":"https:\/\/radioljubuski.ba\/index.php\/wp-json\/wp\/v2\/comments?post=144411"}],"version-history":[{"count":1,"href":"https:\/\/radioljubuski.ba\/index.php\/wp-json\/wp\/v2\/posts\/144411\/revisions"}],"predecessor-version":[{"id":144413,"href":"https:\/\/radioljubuski.ba\/index.php\/wp-json\/wp\/v2\/posts\/144411\/revisions\/144413"}],"wp:attachment":[{"href":"https:\/\/radioljubuski.ba\/index.php\/wp-json\/wp\/v2\/media?parent=144411"}],"wp:term":[{"taxonomy":"category","embeddable":true,"href":"https:\/\/radioljubuski.ba\/index.php\/wp-json\/wp\/v2\/categories?post=144411"},{"taxonomy":"post_tag","embeddable":true,"href":"https:\/\/radioljubuski.ba\/index.php\/wp-json\/wp\/v2\/tags?post=144411"}],"curies":[{"name":"wp","href":"https:\/\/api.w.org\/{rel}","templated":true}]}}