{"id":144414,"date":"2022-05-27T13:37:07","date_gmt":"2022-05-27T12:37:07","guid":{"rendered":"https:\/\/radioljubuski.ba\/?p=144414"},"modified":"2022-05-27T13:37:09","modified_gmt":"2022-05-27T12:37:09","slug":"objavljeni-detalji-stravicnog-ubojstva-prvo-ga-upucao-u-ruku-a-kada-je-krenuo-bjezati-pucao-mu-u-leda","status":"publish","type":"post","link":"https:\/\/radioljubuski.ba\/index.php\/2022\/05\/27\/objavljeni-detalji-stravicnog-ubojstva-prvo-ga-upucao-u-ruku-a-kada-je-krenuo-bjezati-pucao-mu-u-leda\/","title":{"rendered":"Objavljeni detalji stravi\u010dnog ubojstva: Prvo ga upucao u ruku, a kada je krenuo bje\u017eati pucao mu u le\u0111a"},"content":{"rendered":"\n<p>Tu\u017eiteljstvo Br\u010dko distrikta BiH podiglo je optu\u017enicu protiv Mula Elezovi\u0107a (86) zbog sumnje da je 22. velja\u010de ove godine u Islamovcu kod Br\u010dkog li\u0161io \u017eivota Sabriju Fazlovi\u0107a.<\/p>\n\n\n\n<p>Pred Osnovnim sudom Distrikta koji je potvrdio optu\u017enicu, Elezovi\u0107 je optu\u017een da je hicima iz pi\u0161tolja nanio vi\u0161e povreda Fazlovi\u0107u, uslijed kojih je o\u0161te\u0107eni ubrzo preminuo.<\/p>\n\n\n\n<p>Nakon brze istrage, koju je okon\u010dalo za tri mjeseca, Tu\u017eiteljstvo Distrikta podiglo je optu\u017enicu za ubojstvo, kojem su du\u017ee vremena prethodili lo\u0161i me\u0111usobni odnosi Fazlovi\u0107a i Elezovi\u0107a. Optu\u017eenom je stavljeno na teret da je 22. velja\u010de, oko 10 sati, u blizini njegove vikendice u Islamovcu, nakon kra\u0107e rasprave zbog pu\u0161tanja stoke na njegovo zemlji\u0161te, hicima iz pi\u0161tolja \u010cZ M83 vi\u0161e puta pogodio Fazlovi\u0107a u predjelu gornjeg dijela tijela.<\/p>\n\n\n\n<p>Kako se navodi u optu\u017enici, on je hicima s manje udaljenosti, u namjeri da ga li\u0161i \u017eivota, Fazlovi\u0107a najprije pogodio u ruku, a kad je o\u0161te\u0107eni krenuo u bijeg, s jo\u0161 dva hica ga je pogodio u predjelu le\u0111a. Zadobiv\u0161i ustrelnu i postrijelnu ranu grudnog ko\u0161a i gornjeg dijela trbuha Fazlovi\u0107 je pao, te preminuo zbog unutra\u0161njeg krvarenja. Elezovi\u0107 se ubrzo predao, a tri dana kasnije izvr\u0161en je pretres njegove vikendice i pomo\u0107nih prostorija u Islamovcu, gdje je prona\u0111ena i privremeno oduzeta ve\u0107a koli\u010dina municije i minsko-eksplozivnih sredstava, navode iz Tu\u017eiteljstva Br\u010dkog.<\/p>\n\n\n\n<p>Da bi se osiguralo njegovo daljnje prisustvo i uspje\u0161no vo\u0111enje krivi\u010dnog postupka, Elezovi\u0107u je na prijedlog Tu\u017eiteljstva odmah odre\u0111en jednomjese\u010dni pritvor, koji je po isteku produ\u017een za jo\u0161 dva mjeseca. Sud je u oba navrata utvrdio da postoji opasnost od bijega osumnji\u010denog, kao i bojazan da bi uni\u0161tavanjem dokaza ili tragova krivi\u010dnog djela mogao ometati krivi\u010dni postupak.<\/p>\n\n\n\n<p>Produ\u017eenje ove mjere Tu\u017eiteljstvo je zatra\u017eilo i nakon podizanja optu\u017enice kojom Elezovi\u0107a tereti za krivi\u010dna djela ubojstva i nedozvoljenog dr\u017eanja oru\u017eja ili eksplozivnih tvari. Po\u0161to je u cijelosti potvrdio optu\u017enicu, sud je umjesto pritvora, kao najte\u017ee mjere za osiguranje njegove dostupnosti, optu\u017eenom odredio mjeru zabrane napu\u0161tanja adrese stanovanja, uz oduzimanje putnih isprava, navodi se u priop\u0107enju.<\/p>\n\n\n\n<p>Izvor:pogled.ba<\/p>\n","protected":false},"excerpt":{"rendered":"<p>Tu\u017eiteljstvo Br\u010dko distrikta BiH podiglo je optu\u017enicu protiv Mula Elezovi\u0107a (86) zbog sumnje da je 22. velja\u010de ove godine u Islamovcu kod Br\u010dkog li\u0161io \u017eivota Sabriju Fazlovi\u0107a. Pred Osnovnim sudom Distrikta koji je potvrdio optu\u017enicu, Elezovi\u0107 je optu\u017een da je hicima iz pi\u0161tolja nanio vi\u0161e povreda Fazlovi\u0107u, uslijed kojih je o\u0161te\u0107eni ubrzo preminuo. Nakon brze [&hellip;]<\/p>\n","protected":false},"author":2,"featured_media":141893,"comment_status":"closed","ping_status":"closed","sticky":false,"template":"","format":"standard","meta":{"h5ap_radio_sources":[],"footnotes":""},"categories":[1],"tags":[],"class_list":["post-144414","post","type-post","status-publish","format-standard","has-post-thumbnail","hentry","category-bihiregija"],"yoast_head":"<!-- This site is optimized with the Yoast SEO plugin v27.5 - https:\/\/yoast.com\/product\/yoast-seo-wordpress\/ -->\n<title>Objavljeni detalji stravi\u010dnog ubojstva: Prvo ga upucao u ruku, a kada je krenuo bje\u017eati pucao mu u le\u0111a - RADIO LJUBU\u0160KI<\/title>\n<meta name=\"robots\" content=\"index, follow, max-snippet:-1, max-image-preview:large, max-video-preview:-1\" \/>\n<link rel=\"canonical\" href=\"https:\/\/radioljubuski.ba\/index.php\/2022\/05\/27\/objavljeni-detalji-stravicnog-ubojstva-prvo-ga-upucao-u-ruku-a-kada-je-krenuo-bjezati-pucao-mu-u-leda\/\" \/>\n<meta property=\"og:locale\" content=\"hr_HR\" \/>\n<meta property=\"og:type\" content=\"article\" \/>\n<meta property=\"og:title\" content=\"Objavljeni detalji stravi\u010dnog ubojstva: Prvo ga upucao u ruku, a kada je krenuo bje\u017eati pucao mu u le\u0111a - RADIO LJUBU\u0160KI\" \/>\n<meta property=\"og:description\" content=\"Tu\u017eiteljstvo Br\u010dko distrikta BiH podiglo je optu\u017enicu protiv Mula Elezovi\u0107a (86) zbog sumnje da je 22. velja\u010de ove godine u Islamovcu kod Br\u010dkog li\u0161io \u017eivota Sabriju Fazlovi\u0107a. Pred Osnovnim sudom Distrikta koji je potvrdio optu\u017enicu, Elezovi\u0107 je optu\u017een da je hicima iz pi\u0161tolja nanio vi\u0161e povreda Fazlovi\u0107u, uslijed kojih je o\u0161te\u0107eni ubrzo preminuo. Nakon brze [&hellip;]\" \/>\n<meta property=\"og:url\" content=\"https:\/\/radioljubuski.ba\/index.php\/2022\/05\/27\/objavljeni-detalji-stravicnog-ubojstva-prvo-ga-upucao-u-ruku-a-kada-je-krenuo-bjezati-pucao-mu-u-leda\/\" \/>\n<meta property=\"og:site_name\" content=\"RADIO LJUBU\u0160KI\" \/>\n<meta property=\"article:publisher\" content=\"https:\/\/www.facebook.com\/Radiio-Ljubuski-1490835324566332\" \/>\n<meta property=\"article:published_time\" content=\"2022-05-27T12:37:07+00:00\" \/>\n<meta property=\"article:modified_time\" content=\"2022-05-27T12:37:09+00:00\" \/>\n<meta property=\"og:image\" content=\"https:\/\/radioljubuski.ba\/wp-content\/uploads\/2022\/05\/10-2022-05-13-20-26-15-policija-2.jpg\" \/>\n\t<meta property=\"og:image:width\" content=\"1000\" \/>\n\t<meta property=\"og:image:height\" content=\"625\" \/>\n\t<meta property=\"og:image:type\" content=\"image\/jpeg\" \/>\n<meta name=\"author\" content=\"Radio Ljubu\u0161ki\" \/>\n<meta name=\"twitter:card\" content=\"summary_large_image\" \/>\n<meta name=\"twitter:creator\" content=\"@radioljubuski\" \/>\n<meta name=\"twitter:site\" content=\"@radioljubuski\" \/>\n<meta name=\"twitter:label1\" content=\"Napisao\/la\" \/>\n\t<meta name=\"twitter:data1\" content=\"Radio Ljubu\u0161ki\" \/>\n\t<meta name=\"twitter:label2\" content=\"Procijenjeno vrijeme \u010ditanja\" \/>\n\t<meta name=\"twitter:data2\" content=\"2 minute\" \/>\n<script type=\"application\/ld+json\" class=\"yoast-schema-graph\">{\"@context\":\"https:\\\/\\\/schema.org\",\"@graph\":[{\"@type\":\"Article\",\"@id\":\"https:\\\/\\\/radioljubuski.ba\\\/index.php\\\/2022\\\/05\\\/27\\\/objavljeni-detalji-stravicnog-ubojstva-prvo-ga-upucao-u-ruku-a-kada-je-krenuo-bjezati-pucao-mu-u-leda\\\/#article\",\"isPartOf\":{\"@id\":\"https:\\\/\\\/radioljubuski.ba\\\/index.php\\\/2022\\\/05\\\/27\\\/objavljeni-detalji-stravicnog-ubojstva-prvo-ga-upucao-u-ruku-a-kada-je-krenuo-bjezati-pucao-mu-u-leda\\\/\"},\"author\":{\"name\":\"Radio Ljubu\u0161ki\",\"@id\":\"https:\\\/\\\/radioljubuski.ba\\\/#\\\/schema\\\/person\\\/19fc700381a780f69665d7956c469e3b\"},\"headline\":\"Objavljeni detalji stravi\u010dnog ubojstva: Prvo ga upucao u ruku, a kada je krenuo bje\u017eati pucao mu u le\u0111a\",\"datePublished\":\"2022-05-27T12:37:07+00:00\",\"dateModified\":\"2022-05-27T12:37:09+00:00\",\"mainEntityOfPage\":{\"@id\":\"https:\\\/\\\/radioljubuski.ba\\\/index.php\\\/2022\\\/05\\\/27\\\/objavljeni-detalji-stravicnog-ubojstva-prvo-ga-upucao-u-ruku-a-kada-je-krenuo-bjezati-pucao-mu-u-leda\\\/\"},\"wordCount\":419,\"publisher\":{\"@id\":\"https:\\\/\\\/radioljubuski.ba\\\/#organization\"},\"image\":{\"@id\":\"https:\\\/\\\/radioljubuski.ba\\\/index.php\\\/2022\\\/05\\\/27\\\/objavljeni-detalji-stravicnog-ubojstva-prvo-ga-upucao-u-ruku-a-kada-je-krenuo-bjezati-pucao-mu-u-leda\\\/#primaryimage\"},\"thumbnailUrl\":\"https:\\\/\\\/radioljubuski.ba\\\/wp-content\\\/uploads\\\/2022\\\/05\\\/10-2022-05-13-20-26-15-policija-2.jpg\",\"articleSection\":[\"BIH i regija\"],\"inLanguage\":\"hr\"},{\"@type\":\"WebPage\",\"@id\":\"https:\\\/\\\/radioljubuski.ba\\\/index.php\\\/2022\\\/05\\\/27\\\/objavljeni-detalji-stravicnog-ubojstva-prvo-ga-upucao-u-ruku-a-kada-je-krenuo-bjezati-pucao-mu-u-leda\\\/\",\"url\":\"https:\\\/\\\/radioljubuski.ba\\\/index.php\\\/2022\\\/05\\\/27\\\/objavljeni-detalji-stravicnog-ubojstva-prvo-ga-upucao-u-ruku-a-kada-je-krenuo-bjezati-pucao-mu-u-leda\\\/\",\"name\":\"Objavljeni detalji stravi\u010dnog ubojstva: Prvo ga upucao u ruku, a kada je krenuo bje\u017eati pucao mu u le\u0111a - RADIO LJUBU\u0160KI\",\"isPartOf\":{\"@id\":\"https:\\\/\\\/radioljubuski.ba\\\/#website\"},\"primaryImageOfPage\":{\"@id\":\"https:\\\/\\\/radioljubuski.ba\\\/index.php\\\/2022\\\/05\\\/27\\\/objavljeni-detalji-stravicnog-ubojstva-prvo-ga-upucao-u-ruku-a-kada-je-krenuo-bjezati-pucao-mu-u-leda\\\/#primaryimage\"},\"image\":{\"@id\":\"https:\\\/\\\/radioljubuski.ba\\\/index.php\\\/2022\\\/05\\\/27\\\/objavljeni-detalji-stravicnog-ubojstva-prvo-ga-upucao-u-ruku-a-kada-je-krenuo-bjezati-pucao-mu-u-leda\\\/#primaryimage\"},\"thumbnailUrl\":\"https:\\\/\\\/radioljubuski.ba\\\/wp-content\\\/uploads\\\/2022\\\/05\\\/10-2022-05-13-20-26-15-policija-2.jpg\",\"datePublished\":\"2022-05-27T12:37:07+00:00\",\"dateModified\":\"2022-05-27T12:37:09+00:00\",\"breadcrumb\":{\"@id\":\"https:\\\/\\\/radioljubuski.ba\\\/index.php\\\/2022\\\/05\\\/27\\\/objavljeni-detalji-stravicnog-ubojstva-prvo-ga-upucao-u-ruku-a-kada-je-krenuo-bjezati-pucao-mu-u-leda\\\/#breadcrumb\"},\"inLanguage\":\"hr\",\"potentialAction\":[{\"@type\":\"ReadAction\",\"target\":[\"https:\\\/\\\/radioljubuski.ba\\\/index.php\\\/2022\\\/05\\\/27\\\/objavljeni-detalji-stravicnog-ubojstva-prvo-ga-upucao-u-ruku-a-kada-je-krenuo-bjezati-pucao-mu-u-leda\\\/\"]}]},{\"@type\":\"ImageObject\",\"inLanguage\":\"hr\",\"@id\":\"https:\\\/\\\/radioljubuski.ba\\\/index.php\\\/2022\\\/05\\\/27\\\/objavljeni-detalji-stravicnog-ubojstva-prvo-ga-upucao-u-ruku-a-kada-je-krenuo-bjezati-pucao-mu-u-leda\\\/#primaryimage\",\"url\":\"https:\\\/\\\/radioljubuski.ba\\\/wp-content\\\/uploads\\\/2022\\\/05\\\/10-2022-05-13-20-26-15-policija-2.jpg\",\"contentUrl\":\"https:\\\/\\\/radioljubuski.ba\\\/wp-content\\\/uploads\\\/2022\\\/05\\\/10-2022-05-13-20-26-15-policija-2.jpg\",\"width\":1000,\"height\":625},{\"@type\":\"BreadcrumbList\",\"@id\":\"https:\\\/\\\/radioljubuski.ba\\\/index.php\\\/2022\\\/05\\\/27\\\/objavljeni-detalji-stravicnog-ubojstva-prvo-ga-upucao-u-ruku-a-kada-je-krenuo-bjezati-pucao-mu-u-leda\\\/#breadcrumb\",\"itemListElement\":[{\"@type\":\"ListItem\",\"position\":1,\"name\":\"Po\u010detna stranica\",\"item\":\"https:\\\/\\\/radioljubuski.ba\\\/\"},{\"@type\":\"ListItem\",\"position\":2,\"name\":\"Objavljeni detalji stravi\u010dnog ubojstva: Prvo ga upucao u ruku, a kada je krenuo bje\u017eati pucao mu u le\u0111a\"}]},{\"@type\":\"WebSite\",\"@id\":\"https:\\\/\\\/radioljubuski.ba\\\/#website\",\"url\":\"https:\\\/\\\/radioljubuski.ba\\\/\",\"name\":\"Radio Ljubu\u0161ki\",\"description\":\"Sun\u010dana frekvencija Hercegovine\",\"publisher\":{\"@id\":\"https:\\\/\\\/radioljubuski.ba\\\/#organization\"},\"potentialAction\":[{\"@type\":\"SearchAction\",\"target\":{\"@type\":\"EntryPoint\",\"urlTemplate\":\"https:\\\/\\\/radioljubuski.ba\\\/?s={search_term_string}\"},\"query-input\":{\"@type\":\"PropertyValueSpecification\",\"valueRequired\":true,\"valueName\":\"search_term_string\"}}],\"inLanguage\":\"hr\"},{\"@type\":\"Organization\",\"@id\":\"https:\\\/\\\/radioljubuski.ba\\\/#organization\",\"name\":\"Radio Ljubu\u0161ki\",\"url\":\"https:\\\/\\\/radioljubuski.ba\\\/\",\"logo\":{\"@type\":\"ImageObject\",\"inLanguage\":\"hr\",\"@id\":\"https:\\\/\\\/radioljubuski.ba\\\/#\\\/schema\\\/logo\\\/image\\\/\",\"url\":\"https:\\\/\\\/radioljubuski.ba\\\/wp-content\\\/uploads\\\/2021\\\/02\\\/cropped-Radio_Ljubuski_logo1.jpg\",\"contentUrl\":\"https:\\\/\\\/radioljubuski.ba\\\/wp-content\\\/uploads\\\/2021\\\/02\\\/cropped-Radio_Ljubuski_logo1.jpg\",\"width\":512,\"height\":512,\"caption\":\"Radio Ljubu\u0161ki\"},\"image\":{\"@id\":\"https:\\\/\\\/radioljubuski.ba\\\/#\\\/schema\\\/logo\\\/image\\\/\"},\"sameAs\":[\"https:\\\/\\\/www.facebook.com\\\/Radiio-Ljubuski-1490835324566332\",\"https:\\\/\\\/x.com\\\/radioljubuski\",\"https:\\\/\\\/hr.linkedin.com\\\/company\\\/radio-ljubuski\",\"https:\\\/\\\/www.youtube.com\\\/channel\\\/UCHYaeO_n0Db3tjNGudGpXyw\"]},{\"@type\":\"Person\",\"@id\":\"https:\\\/\\\/radioljubuski.ba\\\/#\\\/schema\\\/person\\\/19fc700381a780f69665d7956c469e3b\",\"name\":\"Radio Ljubu\u0161ki\"}]}<\/script>\n<!-- \/ Yoast SEO plugin. -->","yoast_head_json":{"title":"Objavljeni detalji stravi\u010dnog ubojstva: Prvo ga upucao u ruku, a kada je krenuo bje\u017eati pucao mu u le\u0111a - RADIO LJUBU\u0160KI","robots":{"index":"index","follow":"follow","max-snippet":"max-snippet:-1","max-image-preview":"max-image-preview:large","max-video-preview":"max-video-preview:-1"},"canonical":"https:\/\/radioljubuski.ba\/index.php\/2022\/05\/27\/objavljeni-detalji-stravicnog-ubojstva-prvo-ga-upucao-u-ruku-a-kada-je-krenuo-bjezati-pucao-mu-u-leda\/","og_locale":"hr_HR","og_type":"article","og_title":"Objavljeni detalji stravi\u010dnog ubojstva: Prvo ga upucao u ruku, a kada je krenuo bje\u017eati pucao mu u le\u0111a - RADIO LJUBU\u0160KI","og_description":"Tu\u017eiteljstvo Br\u010dko distrikta BiH podiglo je optu\u017enicu protiv Mula Elezovi\u0107a (86) zbog sumnje da je 22. velja\u010de ove godine u Islamovcu kod Br\u010dkog li\u0161io \u017eivota Sabriju Fazlovi\u0107a. Pred Osnovnim sudom Distrikta koji je potvrdio optu\u017enicu, Elezovi\u0107 je optu\u017een da je hicima iz pi\u0161tolja nanio vi\u0161e povreda Fazlovi\u0107u, uslijed kojih je o\u0161te\u0107eni ubrzo preminuo. Nakon brze [&hellip;]","og_url":"https:\/\/radioljubuski.ba\/index.php\/2022\/05\/27\/objavljeni-detalji-stravicnog-ubojstva-prvo-ga-upucao-u-ruku-a-kada-je-krenuo-bjezati-pucao-mu-u-leda\/","og_site_name":"RADIO LJUBU\u0160KI","article_publisher":"https:\/\/www.facebook.com\/Radiio-Ljubuski-1490835324566332","article_published_time":"2022-05-27T12:37:07+00:00","article_modified_time":"2022-05-27T12:37:09+00:00","og_image":[{"width":1000,"height":625,"url":"https:\/\/radioljubuski.ba\/wp-content\/uploads\/2022\/05\/10-2022-05-13-20-26-15-policija-2.jpg","type":"image\/jpeg"}],"author":"Radio Ljubu\u0161ki","twitter_card":"summary_large_image","twitter_creator":"@radioljubuski","twitter_site":"@radioljubuski","twitter_misc":{"Napisao\/la":"Radio Ljubu\u0161ki","Procijenjeno vrijeme \u010ditanja":"2 minute"},"schema":{"@context":"https:\/\/schema.org","@graph":[{"@type":"Article","@id":"https:\/\/radioljubuski.ba\/index.php\/2022\/05\/27\/objavljeni-detalji-stravicnog-ubojstva-prvo-ga-upucao-u-ruku-a-kada-je-krenuo-bjezati-pucao-mu-u-leda\/#article","isPartOf":{"@id":"https:\/\/radioljubuski.ba\/index.php\/2022\/05\/27\/objavljeni-detalji-stravicnog-ubojstva-prvo-ga-upucao-u-ruku-a-kada-je-krenuo-bjezati-pucao-mu-u-leda\/"},"author":{"name":"Radio Ljubu\u0161ki","@id":"https:\/\/radioljubuski.ba\/#\/schema\/person\/19fc700381a780f69665d7956c469e3b"},"headline":"Objavljeni detalji stravi\u010dnog ubojstva: Prvo ga upucao u ruku, a kada je krenuo bje\u017eati pucao mu u le\u0111a","datePublished":"2022-05-27T12:37:07+00:00","dateModified":"2022-05-27T12:37:09+00:00","mainEntityOfPage":{"@id":"https:\/\/radioljubuski.ba\/index.php\/2022\/05\/27\/objavljeni-detalji-stravicnog-ubojstva-prvo-ga-upucao-u-ruku-a-kada-je-krenuo-bjezati-pucao-mu-u-leda\/"},"wordCount":419,"publisher":{"@id":"https:\/\/radioljubuski.ba\/#organization"},"image":{"@id":"https:\/\/radioljubuski.ba\/index.php\/2022\/05\/27\/objavljeni-detalji-stravicnog-ubojstva-prvo-ga-upucao-u-ruku-a-kada-je-krenuo-bjezati-pucao-mu-u-leda\/#primaryimage"},"thumbnailUrl":"https:\/\/radioljubuski.ba\/wp-content\/uploads\/2022\/05\/10-2022-05-13-20-26-15-policija-2.jpg","articleSection":["BIH i regija"],"inLanguage":"hr"},{"@type":"WebPage","@id":"https:\/\/radioljubuski.ba\/index.php\/2022\/05\/27\/objavljeni-detalji-stravicnog-ubojstva-prvo-ga-upucao-u-ruku-a-kada-je-krenuo-bjezati-pucao-mu-u-leda\/","url":"https:\/\/radioljubuski.ba\/index.php\/2022\/05\/27\/objavljeni-detalji-stravicnog-ubojstva-prvo-ga-upucao-u-ruku-a-kada-je-krenuo-bjezati-pucao-mu-u-leda\/","name":"Objavljeni detalji stravi\u010dnog ubojstva: Prvo ga upucao u ruku, a kada je krenuo bje\u017eati pucao mu u le\u0111a - RADIO LJUBU\u0160KI","isPartOf":{"@id":"https:\/\/radioljubuski.ba\/#website"},"primaryImageOfPage":{"@id":"https:\/\/radioljubuski.ba\/index.php\/2022\/05\/27\/objavljeni-detalji-stravicnog-ubojstva-prvo-ga-upucao-u-ruku-a-kada-je-krenuo-bjezati-pucao-mu-u-leda\/#primaryimage"},"image":{"@id":"https:\/\/radioljubuski.ba\/index.php\/2022\/05\/27\/objavljeni-detalji-stravicnog-ubojstva-prvo-ga-upucao-u-ruku-a-kada-je-krenuo-bjezati-pucao-mu-u-leda\/#primaryimage"},"thumbnailUrl":"https:\/\/radioljubuski.ba\/wp-content\/uploads\/2022\/05\/10-2022-05-13-20-26-15-policija-2.jpg","datePublished":"2022-05-27T12:37:07+00:00","dateModified":"2022-05-27T12:37:09+00:00","breadcrumb":{"@id":"https:\/\/radioljubuski.ba\/index.php\/2022\/05\/27\/objavljeni-detalji-stravicnog-ubojstva-prvo-ga-upucao-u-ruku-a-kada-je-krenuo-bjezati-pucao-mu-u-leda\/#breadcrumb"},"inLanguage":"hr","potentialAction":[{"@type":"ReadAction","target":["https:\/\/radioljubuski.ba\/index.php\/2022\/05\/27\/objavljeni-detalji-stravicnog-ubojstva-prvo-ga-upucao-u-ruku-a-kada-je-krenuo-bjezati-pucao-mu-u-leda\/"]}]},{"@type":"ImageObject","inLanguage":"hr","@id":"https:\/\/radioljubuski.ba\/index.php\/2022\/05\/27\/objavljeni-detalji-stravicnog-ubojstva-prvo-ga-upucao-u-ruku-a-kada-je-krenuo-bjezati-pucao-mu-u-leda\/#primaryimage","url":"https:\/\/radioljubuski.ba\/wp-content\/uploads\/2022\/05\/10-2022-05-13-20-26-15-policija-2.jpg","contentUrl":"https:\/\/radioljubuski.ba\/wp-content\/uploads\/2022\/05\/10-2022-05-13-20-26-15-policija-2.jpg","width":1000,"height":625},{"@type":"BreadcrumbList","@id":"https:\/\/radioljubuski.ba\/index.php\/2022\/05\/27\/objavljeni-detalji-stravicnog-ubojstva-prvo-ga-upucao-u-ruku-a-kada-je-krenuo-bjezati-pucao-mu-u-leda\/#breadcrumb","itemListElement":[{"@type":"ListItem","position":1,"name":"Po\u010detna stranica","item":"https:\/\/radioljubuski.ba\/"},{"@type":"ListItem","position":2,"name":"Objavljeni detalji stravi\u010dnog ubojstva: Prvo ga upucao u ruku, a kada je krenuo bje\u017eati pucao mu u le\u0111a"}]},{"@type":"WebSite","@id":"https:\/\/radioljubuski.ba\/#website","url":"https:\/\/radioljubuski.ba\/","name":"Radio Ljubu\u0161ki","description":"Sun\u010dana frekvencija Hercegovine","publisher":{"@id":"https:\/\/radioljubuski.ba\/#organization"},"potentialAction":[{"@type":"SearchAction","target":{"@type":"EntryPoint","urlTemplate":"https:\/\/radioljubuski.ba\/?s={search_term_string}"},"query-input":{"@type":"PropertyValueSpecification","valueRequired":true,"valueName":"search_term_string"}}],"inLanguage":"hr"},{"@type":"Organization","@id":"https:\/\/radioljubuski.ba\/#organization","name":"Radio Ljubu\u0161ki","url":"https:\/\/radioljubuski.ba\/","logo":{"@type":"ImageObject","inLanguage":"hr","@id":"https:\/\/radioljubuski.ba\/#\/schema\/logo\/image\/","url":"https:\/\/radioljubuski.ba\/wp-content\/uploads\/2021\/02\/cropped-Radio_Ljubuski_logo1.jpg","contentUrl":"https:\/\/radioljubuski.ba\/wp-content\/uploads\/2021\/02\/cropped-Radio_Ljubuski_logo1.jpg","width":512,"height":512,"caption":"Radio Ljubu\u0161ki"},"image":{"@id":"https:\/\/radioljubuski.ba\/#\/schema\/logo\/image\/"},"sameAs":["https:\/\/www.facebook.com\/Radiio-Ljubuski-1490835324566332","https:\/\/x.com\/radioljubuski","https:\/\/hr.linkedin.com\/company\/radio-ljubuski","https:\/\/www.youtube.com\/channel\/UCHYaeO_n0Db3tjNGudGpXyw"]},{"@type":"Person","@id":"https:\/\/radioljubuski.ba\/#\/schema\/person\/19fc700381a780f69665d7956c469e3b","name":"Radio Ljubu\u0161ki"}]}},"_links":{"self":[{"href":"https:\/\/radioljubuski.ba\/index.php\/wp-json\/wp\/v2\/posts\/144414","targetHints":{"allow":["GET"]}}],"collection":[{"href":"https:\/\/radioljubuski.ba\/index.php\/wp-json\/wp\/v2\/posts"}],"about":[{"href":"https:\/\/radioljubuski.ba\/index.php\/wp-json\/wp\/v2\/types\/post"}],"author":[{"embeddable":true,"href":"https:\/\/radioljubuski.ba\/index.php\/wp-json\/wp\/v2\/users\/2"}],"replies":[{"embeddable":true,"href":"https:\/\/radioljubuski.ba\/index.php\/wp-json\/wp\/v2\/comments?post=144414"}],"version-history":[{"count":1,"href":"https:\/\/radioljubuski.ba\/index.php\/wp-json\/wp\/v2\/posts\/144414\/revisions"}],"predecessor-version":[{"id":144415,"href":"https:\/\/radioljubuski.ba\/index.php\/wp-json\/wp\/v2\/posts\/144414\/revisions\/144415"}],"wp:featuredmedia":[{"embeddable":true,"href":"https:\/\/radioljubuski.ba\/index.php\/wp-json\/wp\/v2\/media\/141893"}],"wp:attachment":[{"href":"https:\/\/radioljubuski.ba\/index.php\/wp-json\/wp\/v2\/media?parent=144414"}],"wp:term":[{"taxonomy":"category","embeddable":true,"href":"https:\/\/radioljubuski.ba\/index.php\/wp-json\/wp\/v2\/categories?post=144414"},{"taxonomy":"post_tag","embeddable":true,"href":"https:\/\/radioljubuski.ba\/index.php\/wp-json\/wp\/v2\/tags?post=144414"}],"curies":[{"name":"wp","href":"https:\/\/api.w.org\/{rel}","templated":true}]}}