{"id":144416,"date":"2022-05-27T13:38:51","date_gmt":"2022-05-27T12:38:51","guid":{"rendered":"https:\/\/radioljubuski.ba\/?p=144416"},"modified":"2022-05-27T13:38:53","modified_gmt":"2022-05-27T12:38:53","slug":"vozac-kamiona-dozivio-srcani-udar-zbog-neslane-sale-kolega-je-prisao-njegovom-prozoru-a-onda","status":"publish","type":"post","link":"https:\/\/radioljubuski.ba\/index.php\/2022\/05\/27\/vozac-kamiona-dozivio-srcani-udar-zbog-neslane-sale-kolega-je-prisao-njegovom-prozoru-a-onda\/","title":{"rendered":"Voza\u010d kamiona do\u017eivio sr\u010dani udar zbog neslane \u0161ale: Kolega je pri\u0161ao njegovom prozoru, a onda&#8230;"},"content":{"rendered":"\n<p>Sredovje\u010dni rumunjski voza\u010d na\u0161ao se na rubu tragedije nakon nedu\u017ene (iako neslane) \u0161ale svog kolege, prenosi <a href=\"https:\/\/kam-bus.info\/italija-vozac-kamiona-dozivio-srcani-udar-nakon-sto-ga-je-kolega-uplasio-pistoljem\/?fbclid=IwAR09wEwydWIcskYTiskmgvCl7zqCC6yW8Bin2jSasjvgvInaQ_Nzb1_CxMg\" target=\"_blank\" rel=\"noreferrer noopener\">Kam-Bus.&nbsp;<\/a><\/p>\n\n\n\n<p>Kako javljaju tamo\u0161nji mediji, 57-godi\u0161nji mu\u0161karac je dobio sr\u010dani udar, dok je njegov kolega, 48-godi\u0161nji Marokanac, pod istragom zbog te\u0161kih prijetnji.<\/p>\n\n\n\n<p>Dvojica voza\u010da bila su u ponedjeljak oko 17 sati parkirani na terminalu Darsena Toscana na ulici Via Mogadiscio u Livornu. Rumunj je iza\u0161ao iz svog kamiona i pitao marokanskog voza\u010da za trivijalne informacije, no umjesto odgovora, izvukao je pi\u0161tolj i uperio ga u Rumunja te mu zaprijetio smr\u0107u.<\/p>\n\n\n\n<p>Rumunju koji boluje od tahikardije (ubrzanog rada srca) od straha je pozlilo te mu je na licu mjesta trebala intervencija Hitne pomo\u0107i, koja ga je odmah prevezla u bolnicu. Lije\u010dnici su ustanovili da je Rumunj do\u017eivio bla\u017ei sr\u010dani udar.<\/p>\n\n\n\n<p>Na parkirali\u0161tu na kojem se dogodio incident kasnije su intervenirali slu\u017ebenici grani\u010dne pomorske policije Livorna, koji su po zavr\u0161etku provjera utvrdili da je pi\u0161tolj koji je koristio Marokanac igra\u010dka te da se samo poku\u0161ao na\u0161aliti s rumunjskim kolegom. Me\u0111utim, igra\u010dka je zaplijenjena, a njezin vlasnik optu\u017een je za te\u0161ku prijetnju smr\u0107u i prijeti mu kazneni progon zbog svoje \u0161ale, navodi Kam-Bus.<\/p>\n\n\n\n<p>Izvor:pogled.ba<\/p>\n","protected":false},"excerpt":{"rendered":"<p>Sredovje\u010dni rumunjski voza\u010d na\u0161ao se na rubu tragedije nakon nedu\u017ene (iako neslane) \u0161ale svog kolege, prenosi Kam-Bus.&nbsp; Kako javljaju tamo\u0161nji mediji, 57-godi\u0161nji mu\u0161karac je dobio sr\u010dani udar, dok je njegov kolega, 48-godi\u0161nji Marokanac, pod istragom zbog te\u0161kih prijetnji. Dvojica voza\u010da bila su u ponedjeljak oko 17 sati parkirani na terminalu Darsena Toscana na ulici Via [&hellip;]<\/p>\n","protected":false},"author":2,"featured_media":144417,"comment_status":"closed","ping_status":"closed","sticky":false,"template":"","format":"standard","meta":{"h5ap_radio_sources":[],"footnotes":""},"categories":[1],"tags":[],"class_list":["post-144416","post","type-post","status-publish","format-standard","has-post-thumbnail","hentry","category-bihiregija"],"yoast_head":"<!-- This site is optimized with the Yoast SEO plugin v27.5 - https:\/\/yoast.com\/product\/yoast-seo-wordpress\/ -->\n<title>Voza\u010d kamiona do\u017eivio sr\u010dani udar zbog neslane \u0161ale: Kolega je pri\u0161ao njegovom prozoru, a onda... - RADIO LJUBU\u0160KI<\/title>\n<meta name=\"robots\" content=\"index, follow, max-snippet:-1, max-image-preview:large, max-video-preview:-1\" \/>\n<link rel=\"canonical\" href=\"https:\/\/radioljubuski.ba\/index.php\/2022\/05\/27\/vozac-kamiona-dozivio-srcani-udar-zbog-neslane-sale-kolega-je-prisao-njegovom-prozoru-a-onda\/\" \/>\n<meta property=\"og:locale\" content=\"hr_HR\" \/>\n<meta property=\"og:type\" content=\"article\" \/>\n<meta property=\"og:title\" content=\"Voza\u010d kamiona do\u017eivio sr\u010dani udar zbog neslane \u0161ale: Kolega je pri\u0161ao njegovom prozoru, a onda... - RADIO LJUBU\u0160KI\" \/>\n<meta property=\"og:description\" content=\"Sredovje\u010dni rumunjski voza\u010d na\u0161ao se na rubu tragedije nakon nedu\u017ene (iako neslane) \u0161ale svog kolege, prenosi Kam-Bus.&nbsp; Kako javljaju tamo\u0161nji mediji, 57-godi\u0161nji mu\u0161karac je dobio sr\u010dani udar, dok je njegov kolega, 48-godi\u0161nji Marokanac, pod istragom zbog te\u0161kih prijetnji. Dvojica voza\u010da bila su u ponedjeljak oko 17 sati parkirani na terminalu Darsena Toscana na ulici Via [&hellip;]\" \/>\n<meta property=\"og:url\" content=\"https:\/\/radioljubuski.ba\/index.php\/2022\/05\/27\/vozac-kamiona-dozivio-srcani-udar-zbog-neslane-sale-kolega-je-prisao-njegovom-prozoru-a-onda\/\" \/>\n<meta property=\"og:site_name\" content=\"RADIO LJUBU\u0160KI\" \/>\n<meta property=\"article:publisher\" content=\"https:\/\/www.facebook.com\/Radiio-Ljubuski-1490835324566332\" \/>\n<meta property=\"article:published_time\" content=\"2022-05-27T12:38:51+00:00\" \/>\n<meta property=\"article:modified_time\" content=\"2022-05-27T12:38:53+00:00\" \/>\n<meta property=\"og:image\" content=\"https:\/\/radioljubuski.ba\/wp-content\/uploads\/2022\/05\/33-2.png\" \/>\n\t<meta property=\"og:image:width\" content=\"837\" \/>\n\t<meta property=\"og:image:height\" content=\"521\" \/>\n\t<meta property=\"og:image:type\" content=\"image\/png\" \/>\n<meta name=\"author\" content=\"Radio Ljubu\u0161ki\" \/>\n<meta name=\"twitter:card\" content=\"summary_large_image\" \/>\n<meta name=\"twitter:creator\" content=\"@radioljubuski\" \/>\n<meta name=\"twitter:site\" content=\"@radioljubuski\" \/>\n<meta name=\"twitter:label1\" content=\"Napisao\/la\" \/>\n\t<meta name=\"twitter:data1\" content=\"Radio Ljubu\u0161ki\" \/>\n\t<meta name=\"twitter:label2\" content=\"Procijenjeno vrijeme \u010ditanja\" \/>\n\t<meta name=\"twitter:data2\" content=\"1 minuta\" \/>\n<script type=\"application\/ld+json\" class=\"yoast-schema-graph\">{\"@context\":\"https:\\\/\\\/schema.org\",\"@graph\":[{\"@type\":\"Article\",\"@id\":\"https:\\\/\\\/radioljubuski.ba\\\/index.php\\\/2022\\\/05\\\/27\\\/vozac-kamiona-dozivio-srcani-udar-zbog-neslane-sale-kolega-je-prisao-njegovom-prozoru-a-onda\\\/#article\",\"isPartOf\":{\"@id\":\"https:\\\/\\\/radioljubuski.ba\\\/index.php\\\/2022\\\/05\\\/27\\\/vozac-kamiona-dozivio-srcani-udar-zbog-neslane-sale-kolega-je-prisao-njegovom-prozoru-a-onda\\\/\"},\"author\":{\"name\":\"Radio Ljubu\u0161ki\",\"@id\":\"https:\\\/\\\/radioljubuski.ba\\\/#\\\/schema\\\/person\\\/19fc700381a780f69665d7956c469e3b\"},\"headline\":\"Voza\u010d kamiona do\u017eivio sr\u010dani udar zbog neslane \u0161ale: Kolega je pri\u0161ao njegovom prozoru, a onda&#8230;\",\"datePublished\":\"2022-05-27T12:38:51+00:00\",\"dateModified\":\"2022-05-27T12:38:53+00:00\",\"mainEntityOfPage\":{\"@id\":\"https:\\\/\\\/radioljubuski.ba\\\/index.php\\\/2022\\\/05\\\/27\\\/vozac-kamiona-dozivio-srcani-udar-zbog-neslane-sale-kolega-je-prisao-njegovom-prozoru-a-onda\\\/\"},\"wordCount\":239,\"publisher\":{\"@id\":\"https:\\\/\\\/radioljubuski.ba\\\/#organization\"},\"image\":{\"@id\":\"https:\\\/\\\/radioljubuski.ba\\\/index.php\\\/2022\\\/05\\\/27\\\/vozac-kamiona-dozivio-srcani-udar-zbog-neslane-sale-kolega-je-prisao-njegovom-prozoru-a-onda\\\/#primaryimage\"},\"thumbnailUrl\":\"https:\\\/\\\/radioljubuski.ba\\\/wp-content\\\/uploads\\\/2022\\\/05\\\/33-2.png\",\"articleSection\":[\"BIH i regija\"],\"inLanguage\":\"hr\"},{\"@type\":\"WebPage\",\"@id\":\"https:\\\/\\\/radioljubuski.ba\\\/index.php\\\/2022\\\/05\\\/27\\\/vozac-kamiona-dozivio-srcani-udar-zbog-neslane-sale-kolega-je-prisao-njegovom-prozoru-a-onda\\\/\",\"url\":\"https:\\\/\\\/radioljubuski.ba\\\/index.php\\\/2022\\\/05\\\/27\\\/vozac-kamiona-dozivio-srcani-udar-zbog-neslane-sale-kolega-je-prisao-njegovom-prozoru-a-onda\\\/\",\"name\":\"Voza\u010d kamiona do\u017eivio sr\u010dani udar zbog neslane \u0161ale: Kolega je pri\u0161ao njegovom prozoru, a onda... - RADIO LJUBU\u0160KI\",\"isPartOf\":{\"@id\":\"https:\\\/\\\/radioljubuski.ba\\\/#website\"},\"primaryImageOfPage\":{\"@id\":\"https:\\\/\\\/radioljubuski.ba\\\/index.php\\\/2022\\\/05\\\/27\\\/vozac-kamiona-dozivio-srcani-udar-zbog-neslane-sale-kolega-je-prisao-njegovom-prozoru-a-onda\\\/#primaryimage\"},\"image\":{\"@id\":\"https:\\\/\\\/radioljubuski.ba\\\/index.php\\\/2022\\\/05\\\/27\\\/vozac-kamiona-dozivio-srcani-udar-zbog-neslane-sale-kolega-je-prisao-njegovom-prozoru-a-onda\\\/#primaryimage\"},\"thumbnailUrl\":\"https:\\\/\\\/radioljubuski.ba\\\/wp-content\\\/uploads\\\/2022\\\/05\\\/33-2.png\",\"datePublished\":\"2022-05-27T12:38:51+00:00\",\"dateModified\":\"2022-05-27T12:38:53+00:00\",\"breadcrumb\":{\"@id\":\"https:\\\/\\\/radioljubuski.ba\\\/index.php\\\/2022\\\/05\\\/27\\\/vozac-kamiona-dozivio-srcani-udar-zbog-neslane-sale-kolega-je-prisao-njegovom-prozoru-a-onda\\\/#breadcrumb\"},\"inLanguage\":\"hr\",\"potentialAction\":[{\"@type\":\"ReadAction\",\"target\":[\"https:\\\/\\\/radioljubuski.ba\\\/index.php\\\/2022\\\/05\\\/27\\\/vozac-kamiona-dozivio-srcani-udar-zbog-neslane-sale-kolega-je-prisao-njegovom-prozoru-a-onda\\\/\"]}]},{\"@type\":\"ImageObject\",\"inLanguage\":\"hr\",\"@id\":\"https:\\\/\\\/radioljubuski.ba\\\/index.php\\\/2022\\\/05\\\/27\\\/vozac-kamiona-dozivio-srcani-udar-zbog-neslane-sale-kolega-je-prisao-njegovom-prozoru-a-onda\\\/#primaryimage\",\"url\":\"https:\\\/\\\/radioljubuski.ba\\\/wp-content\\\/uploads\\\/2022\\\/05\\\/33-2.png\",\"contentUrl\":\"https:\\\/\\\/radioljubuski.ba\\\/wp-content\\\/uploads\\\/2022\\\/05\\\/33-2.png\",\"width\":837,\"height\":521},{\"@type\":\"BreadcrumbList\",\"@id\":\"https:\\\/\\\/radioljubuski.ba\\\/index.php\\\/2022\\\/05\\\/27\\\/vozac-kamiona-dozivio-srcani-udar-zbog-neslane-sale-kolega-je-prisao-njegovom-prozoru-a-onda\\\/#breadcrumb\",\"itemListElement\":[{\"@type\":\"ListItem\",\"position\":1,\"name\":\"Po\u010detna stranica\",\"item\":\"https:\\\/\\\/radioljubuski.ba\\\/\"},{\"@type\":\"ListItem\",\"position\":2,\"name\":\"Voza\u010d kamiona do\u017eivio sr\u010dani udar zbog neslane \u0161ale: Kolega je pri\u0161ao njegovom prozoru, a onda&#8230;\"}]},{\"@type\":\"WebSite\",\"@id\":\"https:\\\/\\\/radioljubuski.ba\\\/#website\",\"url\":\"https:\\\/\\\/radioljubuski.ba\\\/\",\"name\":\"Radio Ljubu\u0161ki\",\"description\":\"Sun\u010dana frekvencija Hercegovine\",\"publisher\":{\"@id\":\"https:\\\/\\\/radioljubuski.ba\\\/#organization\"},\"potentialAction\":[{\"@type\":\"SearchAction\",\"target\":{\"@type\":\"EntryPoint\",\"urlTemplate\":\"https:\\\/\\\/radioljubuski.ba\\\/?s={search_term_string}\"},\"query-input\":{\"@type\":\"PropertyValueSpecification\",\"valueRequired\":true,\"valueName\":\"search_term_string\"}}],\"inLanguage\":\"hr\"},{\"@type\":\"Organization\",\"@id\":\"https:\\\/\\\/radioljubuski.ba\\\/#organization\",\"name\":\"Radio Ljubu\u0161ki\",\"url\":\"https:\\\/\\\/radioljubuski.ba\\\/\",\"logo\":{\"@type\":\"ImageObject\",\"inLanguage\":\"hr\",\"@id\":\"https:\\\/\\\/radioljubuski.ba\\\/#\\\/schema\\\/logo\\\/image\\\/\",\"url\":\"https:\\\/\\\/radioljubuski.ba\\\/wp-content\\\/uploads\\\/2021\\\/02\\\/cropped-Radio_Ljubuski_logo1.jpg\",\"contentUrl\":\"https:\\\/\\\/radioljubuski.ba\\\/wp-content\\\/uploads\\\/2021\\\/02\\\/cropped-Radio_Ljubuski_logo1.jpg\",\"width\":512,\"height\":512,\"caption\":\"Radio Ljubu\u0161ki\"},\"image\":{\"@id\":\"https:\\\/\\\/radioljubuski.ba\\\/#\\\/schema\\\/logo\\\/image\\\/\"},\"sameAs\":[\"https:\\\/\\\/www.facebook.com\\\/Radiio-Ljubuski-1490835324566332\",\"https:\\\/\\\/x.com\\\/radioljubuski\",\"https:\\\/\\\/hr.linkedin.com\\\/company\\\/radio-ljubuski\",\"https:\\\/\\\/www.youtube.com\\\/channel\\\/UCHYaeO_n0Db3tjNGudGpXyw\"]},{\"@type\":\"Person\",\"@id\":\"https:\\\/\\\/radioljubuski.ba\\\/#\\\/schema\\\/person\\\/19fc700381a780f69665d7956c469e3b\",\"name\":\"Radio Ljubu\u0161ki\"}]}<\/script>\n<!-- \/ Yoast SEO plugin. -->","yoast_head_json":{"title":"Voza\u010d kamiona do\u017eivio sr\u010dani udar zbog neslane \u0161ale: Kolega je pri\u0161ao njegovom prozoru, a onda... - RADIO LJUBU\u0160KI","robots":{"index":"index","follow":"follow","max-snippet":"max-snippet:-1","max-image-preview":"max-image-preview:large","max-video-preview":"max-video-preview:-1"},"canonical":"https:\/\/radioljubuski.ba\/index.php\/2022\/05\/27\/vozac-kamiona-dozivio-srcani-udar-zbog-neslane-sale-kolega-je-prisao-njegovom-prozoru-a-onda\/","og_locale":"hr_HR","og_type":"article","og_title":"Voza\u010d kamiona do\u017eivio sr\u010dani udar zbog neslane \u0161ale: Kolega je pri\u0161ao njegovom prozoru, a onda... - RADIO LJUBU\u0160KI","og_description":"Sredovje\u010dni rumunjski voza\u010d na\u0161ao se na rubu tragedije nakon nedu\u017ene (iako neslane) \u0161ale svog kolege, prenosi Kam-Bus.&nbsp; Kako javljaju tamo\u0161nji mediji, 57-godi\u0161nji mu\u0161karac je dobio sr\u010dani udar, dok je njegov kolega, 48-godi\u0161nji Marokanac, pod istragom zbog te\u0161kih prijetnji. Dvojica voza\u010da bila su u ponedjeljak oko 17 sati parkirani na terminalu Darsena Toscana na ulici Via [&hellip;]","og_url":"https:\/\/radioljubuski.ba\/index.php\/2022\/05\/27\/vozac-kamiona-dozivio-srcani-udar-zbog-neslane-sale-kolega-je-prisao-njegovom-prozoru-a-onda\/","og_site_name":"RADIO LJUBU\u0160KI","article_publisher":"https:\/\/www.facebook.com\/Radiio-Ljubuski-1490835324566332","article_published_time":"2022-05-27T12:38:51+00:00","article_modified_time":"2022-05-27T12:38:53+00:00","og_image":[{"width":837,"height":521,"url":"https:\/\/radioljubuski.ba\/wp-content\/uploads\/2022\/05\/33-2.png","type":"image\/png"}],"author":"Radio Ljubu\u0161ki","twitter_card":"summary_large_image","twitter_creator":"@radioljubuski","twitter_site":"@radioljubuski","twitter_misc":{"Napisao\/la":"Radio Ljubu\u0161ki","Procijenjeno vrijeme \u010ditanja":"1 minuta"},"schema":{"@context":"https:\/\/schema.org","@graph":[{"@type":"Article","@id":"https:\/\/radioljubuski.ba\/index.php\/2022\/05\/27\/vozac-kamiona-dozivio-srcani-udar-zbog-neslane-sale-kolega-je-prisao-njegovom-prozoru-a-onda\/#article","isPartOf":{"@id":"https:\/\/radioljubuski.ba\/index.php\/2022\/05\/27\/vozac-kamiona-dozivio-srcani-udar-zbog-neslane-sale-kolega-je-prisao-njegovom-prozoru-a-onda\/"},"author":{"name":"Radio Ljubu\u0161ki","@id":"https:\/\/radioljubuski.ba\/#\/schema\/person\/19fc700381a780f69665d7956c469e3b"},"headline":"Voza\u010d kamiona do\u017eivio sr\u010dani udar zbog neslane \u0161ale: Kolega je pri\u0161ao njegovom prozoru, a onda&#8230;","datePublished":"2022-05-27T12:38:51+00:00","dateModified":"2022-05-27T12:38:53+00:00","mainEntityOfPage":{"@id":"https:\/\/radioljubuski.ba\/index.php\/2022\/05\/27\/vozac-kamiona-dozivio-srcani-udar-zbog-neslane-sale-kolega-je-prisao-njegovom-prozoru-a-onda\/"},"wordCount":239,"publisher":{"@id":"https:\/\/radioljubuski.ba\/#organization"},"image":{"@id":"https:\/\/radioljubuski.ba\/index.php\/2022\/05\/27\/vozac-kamiona-dozivio-srcani-udar-zbog-neslane-sale-kolega-je-prisao-njegovom-prozoru-a-onda\/#primaryimage"},"thumbnailUrl":"https:\/\/radioljubuski.ba\/wp-content\/uploads\/2022\/05\/33-2.png","articleSection":["BIH i regija"],"inLanguage":"hr"},{"@type":"WebPage","@id":"https:\/\/radioljubuski.ba\/index.php\/2022\/05\/27\/vozac-kamiona-dozivio-srcani-udar-zbog-neslane-sale-kolega-je-prisao-njegovom-prozoru-a-onda\/","url":"https:\/\/radioljubuski.ba\/index.php\/2022\/05\/27\/vozac-kamiona-dozivio-srcani-udar-zbog-neslane-sale-kolega-je-prisao-njegovom-prozoru-a-onda\/","name":"Voza\u010d kamiona do\u017eivio sr\u010dani udar zbog neslane \u0161ale: Kolega je pri\u0161ao njegovom prozoru, a onda... - RADIO LJUBU\u0160KI","isPartOf":{"@id":"https:\/\/radioljubuski.ba\/#website"},"primaryImageOfPage":{"@id":"https:\/\/radioljubuski.ba\/index.php\/2022\/05\/27\/vozac-kamiona-dozivio-srcani-udar-zbog-neslane-sale-kolega-je-prisao-njegovom-prozoru-a-onda\/#primaryimage"},"image":{"@id":"https:\/\/radioljubuski.ba\/index.php\/2022\/05\/27\/vozac-kamiona-dozivio-srcani-udar-zbog-neslane-sale-kolega-je-prisao-njegovom-prozoru-a-onda\/#primaryimage"},"thumbnailUrl":"https:\/\/radioljubuski.ba\/wp-content\/uploads\/2022\/05\/33-2.png","datePublished":"2022-05-27T12:38:51+00:00","dateModified":"2022-05-27T12:38:53+00:00","breadcrumb":{"@id":"https:\/\/radioljubuski.ba\/index.php\/2022\/05\/27\/vozac-kamiona-dozivio-srcani-udar-zbog-neslane-sale-kolega-je-prisao-njegovom-prozoru-a-onda\/#breadcrumb"},"inLanguage":"hr","potentialAction":[{"@type":"ReadAction","target":["https:\/\/radioljubuski.ba\/index.php\/2022\/05\/27\/vozac-kamiona-dozivio-srcani-udar-zbog-neslane-sale-kolega-je-prisao-njegovom-prozoru-a-onda\/"]}]},{"@type":"ImageObject","inLanguage":"hr","@id":"https:\/\/radioljubuski.ba\/index.php\/2022\/05\/27\/vozac-kamiona-dozivio-srcani-udar-zbog-neslane-sale-kolega-je-prisao-njegovom-prozoru-a-onda\/#primaryimage","url":"https:\/\/radioljubuski.ba\/wp-content\/uploads\/2022\/05\/33-2.png","contentUrl":"https:\/\/radioljubuski.ba\/wp-content\/uploads\/2022\/05\/33-2.png","width":837,"height":521},{"@type":"BreadcrumbList","@id":"https:\/\/radioljubuski.ba\/index.php\/2022\/05\/27\/vozac-kamiona-dozivio-srcani-udar-zbog-neslane-sale-kolega-je-prisao-njegovom-prozoru-a-onda\/#breadcrumb","itemListElement":[{"@type":"ListItem","position":1,"name":"Po\u010detna stranica","item":"https:\/\/radioljubuski.ba\/"},{"@type":"ListItem","position":2,"name":"Voza\u010d kamiona do\u017eivio sr\u010dani udar zbog neslane \u0161ale: Kolega je pri\u0161ao njegovom prozoru, a onda&#8230;"}]},{"@type":"WebSite","@id":"https:\/\/radioljubuski.ba\/#website","url":"https:\/\/radioljubuski.ba\/","name":"Radio Ljubu\u0161ki","description":"Sun\u010dana frekvencija Hercegovine","publisher":{"@id":"https:\/\/radioljubuski.ba\/#organization"},"potentialAction":[{"@type":"SearchAction","target":{"@type":"EntryPoint","urlTemplate":"https:\/\/radioljubuski.ba\/?s={search_term_string}"},"query-input":{"@type":"PropertyValueSpecification","valueRequired":true,"valueName":"search_term_string"}}],"inLanguage":"hr"},{"@type":"Organization","@id":"https:\/\/radioljubuski.ba\/#organization","name":"Radio Ljubu\u0161ki","url":"https:\/\/radioljubuski.ba\/","logo":{"@type":"ImageObject","inLanguage":"hr","@id":"https:\/\/radioljubuski.ba\/#\/schema\/logo\/image\/","url":"https:\/\/radioljubuski.ba\/wp-content\/uploads\/2021\/02\/cropped-Radio_Ljubuski_logo1.jpg","contentUrl":"https:\/\/radioljubuski.ba\/wp-content\/uploads\/2021\/02\/cropped-Radio_Ljubuski_logo1.jpg","width":512,"height":512,"caption":"Radio Ljubu\u0161ki"},"image":{"@id":"https:\/\/radioljubuski.ba\/#\/schema\/logo\/image\/"},"sameAs":["https:\/\/www.facebook.com\/Radiio-Ljubuski-1490835324566332","https:\/\/x.com\/radioljubuski","https:\/\/hr.linkedin.com\/company\/radio-ljubuski","https:\/\/www.youtube.com\/channel\/UCHYaeO_n0Db3tjNGudGpXyw"]},{"@type":"Person","@id":"https:\/\/radioljubuski.ba\/#\/schema\/person\/19fc700381a780f69665d7956c469e3b","name":"Radio Ljubu\u0161ki"}]}},"_links":{"self":[{"href":"https:\/\/radioljubuski.ba\/index.php\/wp-json\/wp\/v2\/posts\/144416","targetHints":{"allow":["GET"]}}],"collection":[{"href":"https:\/\/radioljubuski.ba\/index.php\/wp-json\/wp\/v2\/posts"}],"about":[{"href":"https:\/\/radioljubuski.ba\/index.php\/wp-json\/wp\/v2\/types\/post"}],"author":[{"embeddable":true,"href":"https:\/\/radioljubuski.ba\/index.php\/wp-json\/wp\/v2\/users\/2"}],"replies":[{"embeddable":true,"href":"https:\/\/radioljubuski.ba\/index.php\/wp-json\/wp\/v2\/comments?post=144416"}],"version-history":[{"count":1,"href":"https:\/\/radioljubuski.ba\/index.php\/wp-json\/wp\/v2\/posts\/144416\/revisions"}],"predecessor-version":[{"id":144418,"href":"https:\/\/radioljubuski.ba\/index.php\/wp-json\/wp\/v2\/posts\/144416\/revisions\/144418"}],"wp:featuredmedia":[{"embeddable":true,"href":"https:\/\/radioljubuski.ba\/index.php\/wp-json\/wp\/v2\/media\/144417"}],"wp:attachment":[{"href":"https:\/\/radioljubuski.ba\/index.php\/wp-json\/wp\/v2\/media?parent=144416"}],"wp:term":[{"taxonomy":"category","embeddable":true,"href":"https:\/\/radioljubuski.ba\/index.php\/wp-json\/wp\/v2\/categories?post=144416"},{"taxonomy":"post_tag","embeddable":true,"href":"https:\/\/radioljubuski.ba\/index.php\/wp-json\/wp\/v2\/tags?post=144416"}],"curies":[{"name":"wp","href":"https:\/\/api.w.org\/{rel}","templated":true}]}}