{"id":144422,"date":"2022-05-27T13:41:41","date_gmt":"2022-05-27T12:41:41","guid":{"rendered":"https:\/\/radioljubuski.ba\/?p=144422"},"modified":"2022-05-27T13:41:43","modified_gmt":"2022-05-27T12:41:43","slug":"prijavio-da-su-zlatarnu-opljackale-dvije-osobe-uz-prijetnju-pistoljem-policija-otkrila-da-je-rijec-o-lazi","status":"publish","type":"post","link":"https:\/\/radioljubuski.ba\/index.php\/2022\/05\/27\/prijavio-da-su-zlatarnu-opljackale-dvije-osobe-uz-prijetnju-pistoljem-policija-otkrila-da-je-rijec-o-lazi\/","title":{"rendered":"Prijavio da su zlatarnu oplja\u010dkale dvije osobe uz prijetnju pi\u0161toljem. Policija otkrila da je rije\u010d o la\u017ei"},"content":{"rendered":"\n<p>Poduzimaju\u0107i intenzivne mjere i radnje u vezi prijave krivi\u010dnog djela &#8220;Razbojni\u0161tva&#8221;, koje je prema prijavi izvr\u0161eno u zlatari u Busova\u010di, policijski slu\u017ebenici Sektora kriminalisti\u010dke policije MUP-a, Odsjeka kriminalisti\u010dke policije PU Kiseljak i PS Busova\u010da u suradnji sa nadle\u017enim \u017dupanijskim tu\u017eiteljstvom, uspje\u0161no su rasvijetlili predmetno krivi\u010dno djelo.<\/p>\n\n\n\n<p>Naime, prilikom poduzimanja navedenih mjera i radnji do\u0161lo se do saznanja da je M.M. ro\u0111en 1982.godine iz Busova\u010de la\u017eno prijavio krivi\u010dno djelo razbojni\u0161tva, \u0161to je potvrdio u svom pismenom iskazu.<\/p>\n\n\n\n<p>Krivi\u010dno djelo je po\u010dinio na na\u010din da je dana 25.05.2022.godine oko 15,45 sati u PS Busova\u010da prijavio da je nad njim od strane dvije maskirane osobe izvr\u0161eno razbojni\u0161tvo u zlatari koja se nalazi u ulici Marka Alaupovi\u0107a, op\u0107ina Busova\u010da. U prijavi je naveo da su dvije maskirane osobe su uz prijetnju vatrenim oru\u017ejem-pi\u0161toljem otu\u0111ile neutvr\u0111enu koli\u010dinu zlata, nakon \u010dega su se uputile u nepoznatom pravcu.<\/p>\n\n\n\n<p>Zbog sumnje da je la\u017eno prijavio krivi\u010dno djelo \u201eRazbojni\u0161tvo\u201c, protiv M.M. nadle\u017enom \u017dupanijskom tu\u017eiteljstvu slijedi podno\u0161enje Izvje\u0161taja o po\u010dinjenom krivi\u010dnom djelu \u201eLa\u017eno prijavljivanje\u201c.<\/p>\n\n\n\n<p>Izvor:pogled.ba<\/p>\n","protected":false},"excerpt":{"rendered":"<p>Poduzimaju\u0107i intenzivne mjere i radnje u vezi prijave krivi\u010dnog djela &#8220;Razbojni\u0161tva&#8221;, koje je prema prijavi izvr\u0161eno u zlatari u Busova\u010di, policijski slu\u017ebenici Sektora kriminalisti\u010dke policije MUP-a, Odsjeka kriminalisti\u010dke policije PU Kiseljak i PS Busova\u010da u suradnji sa nadle\u017enim \u017dupanijskim tu\u017eiteljstvom, uspje\u0161no su rasvijetlili predmetno krivi\u010dno djelo. Naime, prilikom poduzimanja navedenih mjera i radnji do\u0161lo se [&hellip;]<\/p>\n","protected":false},"author":2,"featured_media":28180,"comment_status":"closed","ping_status":"closed","sticky":false,"template":"","format":"standard","meta":{"h5ap_radio_sources":[],"footnotes":""},"categories":[1],"tags":[],"class_list":["post-144422","post","type-post","status-publish","format-standard","has-post-thumbnail","hentry","category-bihiregija"],"yoast_head":"<!-- This site is optimized with the Yoast SEO plugin v27.5 - https:\/\/yoast.com\/product\/yoast-seo-wordpress\/ -->\n<title>Prijavio da su zlatarnu oplja\u010dkale dvije osobe uz prijetnju pi\u0161toljem. Policija otkrila da je rije\u010d o la\u017ei - RADIO LJUBU\u0160KI<\/title>\n<meta name=\"robots\" content=\"index, follow, max-snippet:-1, max-image-preview:large, max-video-preview:-1\" \/>\n<link rel=\"canonical\" href=\"https:\/\/radioljubuski.ba\/index.php\/2022\/05\/27\/prijavio-da-su-zlatarnu-opljackale-dvije-osobe-uz-prijetnju-pistoljem-policija-otkrila-da-je-rijec-o-lazi\/\" \/>\n<meta property=\"og:locale\" content=\"hr_HR\" \/>\n<meta property=\"og:type\" content=\"article\" \/>\n<meta property=\"og:title\" content=\"Prijavio da su zlatarnu oplja\u010dkale dvije osobe uz prijetnju pi\u0161toljem. Policija otkrila da je rije\u010d o la\u017ei - RADIO LJUBU\u0160KI\" \/>\n<meta property=\"og:description\" content=\"Poduzimaju\u0107i intenzivne mjere i radnje u vezi prijave krivi\u010dnog djela &#8220;Razbojni\u0161tva&#8221;, koje je prema prijavi izvr\u0161eno u zlatari u Busova\u010di, policijski slu\u017ebenici Sektora kriminalisti\u010dke policije MUP-a, Odsjeka kriminalisti\u010dke policije PU Kiseljak i PS Busova\u010da u suradnji sa nadle\u017enim \u017dupanijskim tu\u017eiteljstvom, uspje\u0161no su rasvijetlili predmetno krivi\u010dno djelo. Naime, prilikom poduzimanja navedenih mjera i radnji do\u0161lo se [&hellip;]\" \/>\n<meta property=\"og:url\" content=\"https:\/\/radioljubuski.ba\/index.php\/2022\/05\/27\/prijavio-da-su-zlatarnu-opljackale-dvije-osobe-uz-prijetnju-pistoljem-policija-otkrila-da-je-rijec-o-lazi\/\" \/>\n<meta property=\"og:site_name\" content=\"RADIO LJUBU\u0160KI\" \/>\n<meta property=\"article:publisher\" content=\"https:\/\/www.facebook.com\/Radiio-Ljubuski-1490835324566332\" \/>\n<meta property=\"article:published_time\" content=\"2022-05-27T12:41:41+00:00\" \/>\n<meta property=\"article:modified_time\" content=\"2022-05-27T12:41:43+00:00\" \/>\n<meta property=\"og:image\" content=\"https:\/\/radioljubuski.ba\/wp-content\/uploads\/2021\/06\/policija.jpg\" \/>\n\t<meta property=\"og:image:width\" content=\"730\" \/>\n\t<meta property=\"og:image:height\" content=\"487\" \/>\n\t<meta property=\"og:image:type\" content=\"image\/jpeg\" \/>\n<meta name=\"author\" content=\"Radio Ljubu\u0161ki\" \/>\n<meta name=\"twitter:card\" content=\"summary_large_image\" \/>\n<meta name=\"twitter:creator\" content=\"@radioljubuski\" \/>\n<meta name=\"twitter:site\" content=\"@radioljubuski\" \/>\n<meta name=\"twitter:label1\" content=\"Napisao\/la\" \/>\n\t<meta name=\"twitter:data1\" content=\"Radio Ljubu\u0161ki\" \/>\n\t<meta name=\"twitter:label2\" content=\"Procijenjeno vrijeme \u010ditanja\" \/>\n\t<meta name=\"twitter:data2\" content=\"1 minuta\" \/>\n<script type=\"application\/ld+json\" class=\"yoast-schema-graph\">{\"@context\":\"https:\\\/\\\/schema.org\",\"@graph\":[{\"@type\":\"Article\",\"@id\":\"https:\\\/\\\/radioljubuski.ba\\\/index.php\\\/2022\\\/05\\\/27\\\/prijavio-da-su-zlatarnu-opljackale-dvije-osobe-uz-prijetnju-pistoljem-policija-otkrila-da-je-rijec-o-lazi\\\/#article\",\"isPartOf\":{\"@id\":\"https:\\\/\\\/radioljubuski.ba\\\/index.php\\\/2022\\\/05\\\/27\\\/prijavio-da-su-zlatarnu-opljackale-dvije-osobe-uz-prijetnju-pistoljem-policija-otkrila-da-je-rijec-o-lazi\\\/\"},\"author\":{\"name\":\"Radio Ljubu\u0161ki\",\"@id\":\"https:\\\/\\\/radioljubuski.ba\\\/#\\\/schema\\\/person\\\/19fc700381a780f69665d7956c469e3b\"},\"headline\":\"Prijavio da su zlatarnu oplja\u010dkale dvije osobe uz prijetnju pi\u0161toljem. Policija otkrila da je rije\u010d o la\u017ei\",\"datePublished\":\"2022-05-27T12:41:41+00:00\",\"dateModified\":\"2022-05-27T12:41:43+00:00\",\"mainEntityOfPage\":{\"@id\":\"https:\\\/\\\/radioljubuski.ba\\\/index.php\\\/2022\\\/05\\\/27\\\/prijavio-da-su-zlatarnu-opljackale-dvije-osobe-uz-prijetnju-pistoljem-policija-otkrila-da-je-rijec-o-lazi\\\/\"},\"wordCount\":231,\"publisher\":{\"@id\":\"https:\\\/\\\/radioljubuski.ba\\\/#organization\"},\"image\":{\"@id\":\"https:\\\/\\\/radioljubuski.ba\\\/index.php\\\/2022\\\/05\\\/27\\\/prijavio-da-su-zlatarnu-opljackale-dvije-osobe-uz-prijetnju-pistoljem-policija-otkrila-da-je-rijec-o-lazi\\\/#primaryimage\"},\"thumbnailUrl\":\"https:\\\/\\\/radioljubuski.ba\\\/wp-content\\\/uploads\\\/2021\\\/06\\\/policija.jpg\",\"articleSection\":[\"BIH i regija\"],\"inLanguage\":\"hr\"},{\"@type\":\"WebPage\",\"@id\":\"https:\\\/\\\/radioljubuski.ba\\\/index.php\\\/2022\\\/05\\\/27\\\/prijavio-da-su-zlatarnu-opljackale-dvije-osobe-uz-prijetnju-pistoljem-policija-otkrila-da-je-rijec-o-lazi\\\/\",\"url\":\"https:\\\/\\\/radioljubuski.ba\\\/index.php\\\/2022\\\/05\\\/27\\\/prijavio-da-su-zlatarnu-opljackale-dvije-osobe-uz-prijetnju-pistoljem-policija-otkrila-da-je-rijec-o-lazi\\\/\",\"name\":\"Prijavio da su zlatarnu oplja\u010dkale dvije osobe uz prijetnju pi\u0161toljem. Policija otkrila da je rije\u010d o la\u017ei - RADIO LJUBU\u0160KI\",\"isPartOf\":{\"@id\":\"https:\\\/\\\/radioljubuski.ba\\\/#website\"},\"primaryImageOfPage\":{\"@id\":\"https:\\\/\\\/radioljubuski.ba\\\/index.php\\\/2022\\\/05\\\/27\\\/prijavio-da-su-zlatarnu-opljackale-dvije-osobe-uz-prijetnju-pistoljem-policija-otkrila-da-je-rijec-o-lazi\\\/#primaryimage\"},\"image\":{\"@id\":\"https:\\\/\\\/radioljubuski.ba\\\/index.php\\\/2022\\\/05\\\/27\\\/prijavio-da-su-zlatarnu-opljackale-dvije-osobe-uz-prijetnju-pistoljem-policija-otkrila-da-je-rijec-o-lazi\\\/#primaryimage\"},\"thumbnailUrl\":\"https:\\\/\\\/radioljubuski.ba\\\/wp-content\\\/uploads\\\/2021\\\/06\\\/policija.jpg\",\"datePublished\":\"2022-05-27T12:41:41+00:00\",\"dateModified\":\"2022-05-27T12:41:43+00:00\",\"breadcrumb\":{\"@id\":\"https:\\\/\\\/radioljubuski.ba\\\/index.php\\\/2022\\\/05\\\/27\\\/prijavio-da-su-zlatarnu-opljackale-dvije-osobe-uz-prijetnju-pistoljem-policija-otkrila-da-je-rijec-o-lazi\\\/#breadcrumb\"},\"inLanguage\":\"hr\",\"potentialAction\":[{\"@type\":\"ReadAction\",\"target\":[\"https:\\\/\\\/radioljubuski.ba\\\/index.php\\\/2022\\\/05\\\/27\\\/prijavio-da-su-zlatarnu-opljackale-dvije-osobe-uz-prijetnju-pistoljem-policija-otkrila-da-je-rijec-o-lazi\\\/\"]}]},{\"@type\":\"ImageObject\",\"inLanguage\":\"hr\",\"@id\":\"https:\\\/\\\/radioljubuski.ba\\\/index.php\\\/2022\\\/05\\\/27\\\/prijavio-da-su-zlatarnu-opljackale-dvije-osobe-uz-prijetnju-pistoljem-policija-otkrila-da-je-rijec-o-lazi\\\/#primaryimage\",\"url\":\"https:\\\/\\\/radioljubuski.ba\\\/wp-content\\\/uploads\\\/2021\\\/06\\\/policija.jpg\",\"contentUrl\":\"https:\\\/\\\/radioljubuski.ba\\\/wp-content\\\/uploads\\\/2021\\\/06\\\/policija.jpg\",\"width\":730,\"height\":487},{\"@type\":\"BreadcrumbList\",\"@id\":\"https:\\\/\\\/radioljubuski.ba\\\/index.php\\\/2022\\\/05\\\/27\\\/prijavio-da-su-zlatarnu-opljackale-dvije-osobe-uz-prijetnju-pistoljem-policija-otkrila-da-je-rijec-o-lazi\\\/#breadcrumb\",\"itemListElement\":[{\"@type\":\"ListItem\",\"position\":1,\"name\":\"Po\u010detna stranica\",\"item\":\"https:\\\/\\\/radioljubuski.ba\\\/\"},{\"@type\":\"ListItem\",\"position\":2,\"name\":\"Prijavio da su zlatarnu oplja\u010dkale dvije osobe uz prijetnju pi\u0161toljem. Policija otkrila da je rije\u010d o la\u017ei\"}]},{\"@type\":\"WebSite\",\"@id\":\"https:\\\/\\\/radioljubuski.ba\\\/#website\",\"url\":\"https:\\\/\\\/radioljubuski.ba\\\/\",\"name\":\"Radio Ljubu\u0161ki\",\"description\":\"Sun\u010dana frekvencija Hercegovine\",\"publisher\":{\"@id\":\"https:\\\/\\\/radioljubuski.ba\\\/#organization\"},\"potentialAction\":[{\"@type\":\"SearchAction\",\"target\":{\"@type\":\"EntryPoint\",\"urlTemplate\":\"https:\\\/\\\/radioljubuski.ba\\\/?s={search_term_string}\"},\"query-input\":{\"@type\":\"PropertyValueSpecification\",\"valueRequired\":true,\"valueName\":\"search_term_string\"}}],\"inLanguage\":\"hr\"},{\"@type\":\"Organization\",\"@id\":\"https:\\\/\\\/radioljubuski.ba\\\/#organization\",\"name\":\"Radio Ljubu\u0161ki\",\"url\":\"https:\\\/\\\/radioljubuski.ba\\\/\",\"logo\":{\"@type\":\"ImageObject\",\"inLanguage\":\"hr\",\"@id\":\"https:\\\/\\\/radioljubuski.ba\\\/#\\\/schema\\\/logo\\\/image\\\/\",\"url\":\"https:\\\/\\\/radioljubuski.ba\\\/wp-content\\\/uploads\\\/2021\\\/02\\\/cropped-Radio_Ljubuski_logo1.jpg\",\"contentUrl\":\"https:\\\/\\\/radioljubuski.ba\\\/wp-content\\\/uploads\\\/2021\\\/02\\\/cropped-Radio_Ljubuski_logo1.jpg\",\"width\":512,\"height\":512,\"caption\":\"Radio Ljubu\u0161ki\"},\"image\":{\"@id\":\"https:\\\/\\\/radioljubuski.ba\\\/#\\\/schema\\\/logo\\\/image\\\/\"},\"sameAs\":[\"https:\\\/\\\/www.facebook.com\\\/Radiio-Ljubuski-1490835324566332\",\"https:\\\/\\\/x.com\\\/radioljubuski\",\"https:\\\/\\\/hr.linkedin.com\\\/company\\\/radio-ljubuski\",\"https:\\\/\\\/www.youtube.com\\\/channel\\\/UCHYaeO_n0Db3tjNGudGpXyw\"]},{\"@type\":\"Person\",\"@id\":\"https:\\\/\\\/radioljubuski.ba\\\/#\\\/schema\\\/person\\\/19fc700381a780f69665d7956c469e3b\",\"name\":\"Radio Ljubu\u0161ki\"}]}<\/script>\n<!-- \/ Yoast SEO plugin. -->","yoast_head_json":{"title":"Prijavio da su zlatarnu oplja\u010dkale dvije osobe uz prijetnju pi\u0161toljem. Policija otkrila da je rije\u010d o la\u017ei - RADIO LJUBU\u0160KI","robots":{"index":"index","follow":"follow","max-snippet":"max-snippet:-1","max-image-preview":"max-image-preview:large","max-video-preview":"max-video-preview:-1"},"canonical":"https:\/\/radioljubuski.ba\/index.php\/2022\/05\/27\/prijavio-da-su-zlatarnu-opljackale-dvije-osobe-uz-prijetnju-pistoljem-policija-otkrila-da-je-rijec-o-lazi\/","og_locale":"hr_HR","og_type":"article","og_title":"Prijavio da su zlatarnu oplja\u010dkale dvije osobe uz prijetnju pi\u0161toljem. Policija otkrila da je rije\u010d o la\u017ei - RADIO LJUBU\u0160KI","og_description":"Poduzimaju\u0107i intenzivne mjere i radnje u vezi prijave krivi\u010dnog djela &#8220;Razbojni\u0161tva&#8221;, koje je prema prijavi izvr\u0161eno u zlatari u Busova\u010di, policijski slu\u017ebenici Sektora kriminalisti\u010dke policije MUP-a, Odsjeka kriminalisti\u010dke policije PU Kiseljak i PS Busova\u010da u suradnji sa nadle\u017enim \u017dupanijskim tu\u017eiteljstvom, uspje\u0161no su rasvijetlili predmetno krivi\u010dno djelo. Naime, prilikom poduzimanja navedenih mjera i radnji do\u0161lo se [&hellip;]","og_url":"https:\/\/radioljubuski.ba\/index.php\/2022\/05\/27\/prijavio-da-su-zlatarnu-opljackale-dvije-osobe-uz-prijetnju-pistoljem-policija-otkrila-da-je-rijec-o-lazi\/","og_site_name":"RADIO LJUBU\u0160KI","article_publisher":"https:\/\/www.facebook.com\/Radiio-Ljubuski-1490835324566332","article_published_time":"2022-05-27T12:41:41+00:00","article_modified_time":"2022-05-27T12:41:43+00:00","og_image":[{"width":730,"height":487,"url":"https:\/\/radioljubuski.ba\/wp-content\/uploads\/2021\/06\/policija.jpg","type":"image\/jpeg"}],"author":"Radio Ljubu\u0161ki","twitter_card":"summary_large_image","twitter_creator":"@radioljubuski","twitter_site":"@radioljubuski","twitter_misc":{"Napisao\/la":"Radio Ljubu\u0161ki","Procijenjeno vrijeme \u010ditanja":"1 minuta"},"schema":{"@context":"https:\/\/schema.org","@graph":[{"@type":"Article","@id":"https:\/\/radioljubuski.ba\/index.php\/2022\/05\/27\/prijavio-da-su-zlatarnu-opljackale-dvije-osobe-uz-prijetnju-pistoljem-policija-otkrila-da-je-rijec-o-lazi\/#article","isPartOf":{"@id":"https:\/\/radioljubuski.ba\/index.php\/2022\/05\/27\/prijavio-da-su-zlatarnu-opljackale-dvije-osobe-uz-prijetnju-pistoljem-policija-otkrila-da-je-rijec-o-lazi\/"},"author":{"name":"Radio Ljubu\u0161ki","@id":"https:\/\/radioljubuski.ba\/#\/schema\/person\/19fc700381a780f69665d7956c469e3b"},"headline":"Prijavio da su zlatarnu oplja\u010dkale dvije osobe uz prijetnju pi\u0161toljem. Policija otkrila da je rije\u010d o la\u017ei","datePublished":"2022-05-27T12:41:41+00:00","dateModified":"2022-05-27T12:41:43+00:00","mainEntityOfPage":{"@id":"https:\/\/radioljubuski.ba\/index.php\/2022\/05\/27\/prijavio-da-su-zlatarnu-opljackale-dvije-osobe-uz-prijetnju-pistoljem-policija-otkrila-da-je-rijec-o-lazi\/"},"wordCount":231,"publisher":{"@id":"https:\/\/radioljubuski.ba\/#organization"},"image":{"@id":"https:\/\/radioljubuski.ba\/index.php\/2022\/05\/27\/prijavio-da-su-zlatarnu-opljackale-dvije-osobe-uz-prijetnju-pistoljem-policija-otkrila-da-je-rijec-o-lazi\/#primaryimage"},"thumbnailUrl":"https:\/\/radioljubuski.ba\/wp-content\/uploads\/2021\/06\/policija.jpg","articleSection":["BIH i regija"],"inLanguage":"hr"},{"@type":"WebPage","@id":"https:\/\/radioljubuski.ba\/index.php\/2022\/05\/27\/prijavio-da-su-zlatarnu-opljackale-dvije-osobe-uz-prijetnju-pistoljem-policija-otkrila-da-je-rijec-o-lazi\/","url":"https:\/\/radioljubuski.ba\/index.php\/2022\/05\/27\/prijavio-da-su-zlatarnu-opljackale-dvije-osobe-uz-prijetnju-pistoljem-policija-otkrila-da-je-rijec-o-lazi\/","name":"Prijavio da su zlatarnu oplja\u010dkale dvije osobe uz prijetnju pi\u0161toljem. Policija otkrila da je rije\u010d o la\u017ei - RADIO LJUBU\u0160KI","isPartOf":{"@id":"https:\/\/radioljubuski.ba\/#website"},"primaryImageOfPage":{"@id":"https:\/\/radioljubuski.ba\/index.php\/2022\/05\/27\/prijavio-da-su-zlatarnu-opljackale-dvije-osobe-uz-prijetnju-pistoljem-policija-otkrila-da-je-rijec-o-lazi\/#primaryimage"},"image":{"@id":"https:\/\/radioljubuski.ba\/index.php\/2022\/05\/27\/prijavio-da-su-zlatarnu-opljackale-dvije-osobe-uz-prijetnju-pistoljem-policija-otkrila-da-je-rijec-o-lazi\/#primaryimage"},"thumbnailUrl":"https:\/\/radioljubuski.ba\/wp-content\/uploads\/2021\/06\/policija.jpg","datePublished":"2022-05-27T12:41:41+00:00","dateModified":"2022-05-27T12:41:43+00:00","breadcrumb":{"@id":"https:\/\/radioljubuski.ba\/index.php\/2022\/05\/27\/prijavio-da-su-zlatarnu-opljackale-dvije-osobe-uz-prijetnju-pistoljem-policija-otkrila-da-je-rijec-o-lazi\/#breadcrumb"},"inLanguage":"hr","potentialAction":[{"@type":"ReadAction","target":["https:\/\/radioljubuski.ba\/index.php\/2022\/05\/27\/prijavio-da-su-zlatarnu-opljackale-dvije-osobe-uz-prijetnju-pistoljem-policija-otkrila-da-je-rijec-o-lazi\/"]}]},{"@type":"ImageObject","inLanguage":"hr","@id":"https:\/\/radioljubuski.ba\/index.php\/2022\/05\/27\/prijavio-da-su-zlatarnu-opljackale-dvije-osobe-uz-prijetnju-pistoljem-policija-otkrila-da-je-rijec-o-lazi\/#primaryimage","url":"https:\/\/radioljubuski.ba\/wp-content\/uploads\/2021\/06\/policija.jpg","contentUrl":"https:\/\/radioljubuski.ba\/wp-content\/uploads\/2021\/06\/policija.jpg","width":730,"height":487},{"@type":"BreadcrumbList","@id":"https:\/\/radioljubuski.ba\/index.php\/2022\/05\/27\/prijavio-da-su-zlatarnu-opljackale-dvije-osobe-uz-prijetnju-pistoljem-policija-otkrila-da-je-rijec-o-lazi\/#breadcrumb","itemListElement":[{"@type":"ListItem","position":1,"name":"Po\u010detna stranica","item":"https:\/\/radioljubuski.ba\/"},{"@type":"ListItem","position":2,"name":"Prijavio da su zlatarnu oplja\u010dkale dvije osobe uz prijetnju pi\u0161toljem. Policija otkrila da je rije\u010d o la\u017ei"}]},{"@type":"WebSite","@id":"https:\/\/radioljubuski.ba\/#website","url":"https:\/\/radioljubuski.ba\/","name":"Radio Ljubu\u0161ki","description":"Sun\u010dana frekvencija Hercegovine","publisher":{"@id":"https:\/\/radioljubuski.ba\/#organization"},"potentialAction":[{"@type":"SearchAction","target":{"@type":"EntryPoint","urlTemplate":"https:\/\/radioljubuski.ba\/?s={search_term_string}"},"query-input":{"@type":"PropertyValueSpecification","valueRequired":true,"valueName":"search_term_string"}}],"inLanguage":"hr"},{"@type":"Organization","@id":"https:\/\/radioljubuski.ba\/#organization","name":"Radio Ljubu\u0161ki","url":"https:\/\/radioljubuski.ba\/","logo":{"@type":"ImageObject","inLanguage":"hr","@id":"https:\/\/radioljubuski.ba\/#\/schema\/logo\/image\/","url":"https:\/\/radioljubuski.ba\/wp-content\/uploads\/2021\/02\/cropped-Radio_Ljubuski_logo1.jpg","contentUrl":"https:\/\/radioljubuski.ba\/wp-content\/uploads\/2021\/02\/cropped-Radio_Ljubuski_logo1.jpg","width":512,"height":512,"caption":"Radio Ljubu\u0161ki"},"image":{"@id":"https:\/\/radioljubuski.ba\/#\/schema\/logo\/image\/"},"sameAs":["https:\/\/www.facebook.com\/Radiio-Ljubuski-1490835324566332","https:\/\/x.com\/radioljubuski","https:\/\/hr.linkedin.com\/company\/radio-ljubuski","https:\/\/www.youtube.com\/channel\/UCHYaeO_n0Db3tjNGudGpXyw"]},{"@type":"Person","@id":"https:\/\/radioljubuski.ba\/#\/schema\/person\/19fc700381a780f69665d7956c469e3b","name":"Radio Ljubu\u0161ki"}]}},"_links":{"self":[{"href":"https:\/\/radioljubuski.ba\/index.php\/wp-json\/wp\/v2\/posts\/144422","targetHints":{"allow":["GET"]}}],"collection":[{"href":"https:\/\/radioljubuski.ba\/index.php\/wp-json\/wp\/v2\/posts"}],"about":[{"href":"https:\/\/radioljubuski.ba\/index.php\/wp-json\/wp\/v2\/types\/post"}],"author":[{"embeddable":true,"href":"https:\/\/radioljubuski.ba\/index.php\/wp-json\/wp\/v2\/users\/2"}],"replies":[{"embeddable":true,"href":"https:\/\/radioljubuski.ba\/index.php\/wp-json\/wp\/v2\/comments?post=144422"}],"version-history":[{"count":1,"href":"https:\/\/radioljubuski.ba\/index.php\/wp-json\/wp\/v2\/posts\/144422\/revisions"}],"predecessor-version":[{"id":144423,"href":"https:\/\/radioljubuski.ba\/index.php\/wp-json\/wp\/v2\/posts\/144422\/revisions\/144423"}],"wp:featuredmedia":[{"embeddable":true,"href":"https:\/\/radioljubuski.ba\/index.php\/wp-json\/wp\/v2\/media\/28180"}],"wp:attachment":[{"href":"https:\/\/radioljubuski.ba\/index.php\/wp-json\/wp\/v2\/media?parent=144422"}],"wp:term":[{"taxonomy":"category","embeddable":true,"href":"https:\/\/radioljubuski.ba\/index.php\/wp-json\/wp\/v2\/categories?post=144422"},{"taxonomy":"post_tag","embeddable":true,"href":"https:\/\/radioljubuski.ba\/index.php\/wp-json\/wp\/v2\/tags?post=144422"}],"curies":[{"name":"wp","href":"https:\/\/api.w.org\/{rel}","templated":true}]}}