{"id":144433,"date":"2022-05-27T13:48:17","date_gmt":"2022-05-27T12:48:17","guid":{"rendered":"https:\/\/radioljubuski.ba\/?p=144433"},"modified":"2022-05-27T13:48:18","modified_gmt":"2022-05-27T12:48:18","slug":"bivsi-banjalucki-muftija-kozlic-osumnjicen-za-zlouporabe-teske-15-milijuna-km","status":"publish","type":"post","link":"https:\/\/radioljubuski.ba\/index.php\/2022\/05\/27\/bivsi-banjalucki-muftija-kozlic-osumnjicen-za-zlouporabe-teske-15-milijuna-km\/","title":{"rendered":"Biv\u0161i banjalu\u010dki muftija Kozli\u0107 osumnji\u010den za zlouporabe te\u0161ke 1,5 milijuna KM"},"content":{"rendered":"\n<p>Banjalu\u010dka policija podnijela je Okru\u017enom javnom tu\u017eiteljstvu izvje\u0161taj protiv Almira Hod\u017ei\u0107a iz \u010celinca i Osmana Kozli\u0107a iz Banje Luke zbog sumnje da su po\u010dinili krivi\u010dna djela zlouporaba polo\u017eaja odgovorne osobe, te Muhedina Spahi\u0107a iz Zenice zbog sumnje da je po\u010dinio krivi\u010dno djelo zaklju\u010denje \u0161tetnog ugovora.<\/p>\n\n\n\n<p>Kozli\u0107 je ranije bio banjalu\u010dki muftija. Nakon te du\u017enosti Osman ef. Kozli\u0107 imenovan je za muftiju Islamske zajednice Bo\u0161njaka u Europi sa sjedi\u0161tem u Njema\u010dkoj.<\/p>\n\n\n\n<p>Osumnji\u010deni su da su navedena krivi\u010dna djela po\u010dinili tijekom 2016. godine obavljaju\u0107i poslove predstavnika i odgovornih osoba u Islamskoj vjerskoj organizaciji u Banjoj Luci.<\/p>\n\n\n\n<p>\u2013Med\u017elisu IZ Banja Luka pri\u010dinili su materijalnu \u0161tetu u iznosu od oko 1.500.000 \u041aM \u2013 priop\u0107eno je iz policije.<\/p>\n\n\n\n<p>Izvor:pogled.ba<\/p>\n","protected":false},"excerpt":{"rendered":"<p>Banjalu\u010dka policija podnijela je Okru\u017enom javnom tu\u017eiteljstvu izvje\u0161taj protiv Almira Hod\u017ei\u0107a iz \u010celinca i Osmana Kozli\u0107a iz Banje Luke zbog sumnje da su po\u010dinili krivi\u010dna djela zlouporaba polo\u017eaja odgovorne osobe, te Muhedina Spahi\u0107a iz Zenice zbog sumnje da je po\u010dinio krivi\u010dno djelo zaklju\u010denje \u0161tetnog ugovora. Kozli\u0107 je ranije bio banjalu\u010dki muftija. Nakon te du\u017enosti Osman [&hellip;]<\/p>\n","protected":false},"author":2,"featured_media":2401,"comment_status":"closed","ping_status":"closed","sticky":false,"template":"","format":"standard","meta":{"h5ap_radio_sources":[],"footnotes":""},"categories":[1],"tags":[],"class_list":["post-144433","post","type-post","status-publish","format-standard","has-post-thumbnail","hentry","category-bihiregija"],"yoast_head":"<!-- This site is optimized with the Yoast SEO plugin v27.5 - https:\/\/yoast.com\/product\/yoast-seo-wordpress\/ -->\n<title>Biv\u0161i banjalu\u010dki muftija Kozli\u0107 osumnji\u010den za zlouporabe te\u0161ke 1,5 milijuna KM - RADIO LJUBU\u0160KI<\/title>\n<meta name=\"robots\" content=\"index, follow, max-snippet:-1, max-image-preview:large, max-video-preview:-1\" \/>\n<link rel=\"canonical\" href=\"https:\/\/radioljubuski.ba\/index.php\/2022\/05\/27\/bivsi-banjalucki-muftija-kozlic-osumnjicen-za-zlouporabe-teske-15-milijuna-km\/\" \/>\n<meta property=\"og:locale\" content=\"hr_HR\" \/>\n<meta property=\"og:type\" content=\"article\" \/>\n<meta property=\"og:title\" content=\"Biv\u0161i banjalu\u010dki muftija Kozli\u0107 osumnji\u010den za zlouporabe te\u0161ke 1,5 milijuna KM - RADIO LJUBU\u0160KI\" \/>\n<meta property=\"og:description\" content=\"Banjalu\u010dka policija podnijela je Okru\u017enom javnom tu\u017eiteljstvu izvje\u0161taj protiv Almira Hod\u017ei\u0107a iz \u010celinca i Osmana Kozli\u0107a iz Banje Luke zbog sumnje da su po\u010dinili krivi\u010dna djela zlouporaba polo\u017eaja odgovorne osobe, te Muhedina Spahi\u0107a iz Zenice zbog sumnje da je po\u010dinio krivi\u010dno djelo zaklju\u010denje \u0161tetnog ugovora. Kozli\u0107 je ranije bio banjalu\u010dki muftija. Nakon te du\u017enosti Osman [&hellip;]\" \/>\n<meta property=\"og:url\" content=\"https:\/\/radioljubuski.ba\/index.php\/2022\/05\/27\/bivsi-banjalucki-muftija-kozlic-osumnjicen-za-zlouporabe-teske-15-milijuna-km\/\" \/>\n<meta property=\"og:site_name\" content=\"RADIO LJUBU\u0160KI\" \/>\n<meta property=\"article:publisher\" content=\"https:\/\/www.facebook.com\/Radiio-Ljubuski-1490835324566332\" \/>\n<meta property=\"article:published_time\" content=\"2022-05-27T12:48:17+00:00\" \/>\n<meta property=\"article:modified_time\" content=\"2022-05-27T12:48:18+00:00\" \/>\n<meta property=\"og:image\" content=\"https:\/\/radioljubuski.ba\/wp-content\/uploads\/2021\/03\/sudjenje.jpg\" \/>\n\t<meta property=\"og:image:width\" content=\"1024\" \/>\n\t<meta property=\"og:image:height\" content=\"576\" \/>\n\t<meta property=\"og:image:type\" content=\"image\/jpeg\" \/>\n<meta name=\"author\" content=\"Radio Ljubu\u0161ki\" \/>\n<meta name=\"twitter:card\" content=\"summary_large_image\" \/>\n<meta name=\"twitter:creator\" content=\"@radioljubuski\" \/>\n<meta name=\"twitter:site\" content=\"@radioljubuski\" \/>\n<meta name=\"twitter:label1\" content=\"Napisao\/la\" \/>\n\t<meta name=\"twitter:data1\" content=\"Radio Ljubu\u0161ki\" \/>\n\t<meta name=\"twitter:label2\" content=\"Procijenjeno vrijeme \u010ditanja\" \/>\n\t<meta name=\"twitter:data2\" content=\"1 minuta\" \/>\n<script type=\"application\/ld+json\" class=\"yoast-schema-graph\">{\"@context\":\"https:\\\/\\\/schema.org\",\"@graph\":[{\"@type\":\"Article\",\"@id\":\"https:\\\/\\\/radioljubuski.ba\\\/index.php\\\/2022\\\/05\\\/27\\\/bivsi-banjalucki-muftija-kozlic-osumnjicen-za-zlouporabe-teske-15-milijuna-km\\\/#article\",\"isPartOf\":{\"@id\":\"https:\\\/\\\/radioljubuski.ba\\\/index.php\\\/2022\\\/05\\\/27\\\/bivsi-banjalucki-muftija-kozlic-osumnjicen-za-zlouporabe-teske-15-milijuna-km\\\/\"},\"author\":{\"name\":\"Radio Ljubu\u0161ki\",\"@id\":\"https:\\\/\\\/radioljubuski.ba\\\/#\\\/schema\\\/person\\\/19fc700381a780f69665d7956c469e3b\"},\"headline\":\"Biv\u0161i banjalu\u010dki muftija Kozli\u0107 osumnji\u010den za zlouporabe te\u0161ke 1,5 milijuna KM\",\"datePublished\":\"2022-05-27T12:48:17+00:00\",\"dateModified\":\"2022-05-27T12:48:18+00:00\",\"mainEntityOfPage\":{\"@id\":\"https:\\\/\\\/radioljubuski.ba\\\/index.php\\\/2022\\\/05\\\/27\\\/bivsi-banjalucki-muftija-kozlic-osumnjicen-za-zlouporabe-teske-15-milijuna-km\\\/\"},\"wordCount\":156,\"publisher\":{\"@id\":\"https:\\\/\\\/radioljubuski.ba\\\/#organization\"},\"image\":{\"@id\":\"https:\\\/\\\/radioljubuski.ba\\\/index.php\\\/2022\\\/05\\\/27\\\/bivsi-banjalucki-muftija-kozlic-osumnjicen-za-zlouporabe-teske-15-milijuna-km\\\/#primaryimage\"},\"thumbnailUrl\":\"https:\\\/\\\/radioljubuski.ba\\\/wp-content\\\/uploads\\\/2021\\\/03\\\/sudjenje.jpg\",\"articleSection\":[\"BIH i regija\"],\"inLanguage\":\"hr\"},{\"@type\":\"WebPage\",\"@id\":\"https:\\\/\\\/radioljubuski.ba\\\/index.php\\\/2022\\\/05\\\/27\\\/bivsi-banjalucki-muftija-kozlic-osumnjicen-za-zlouporabe-teske-15-milijuna-km\\\/\",\"url\":\"https:\\\/\\\/radioljubuski.ba\\\/index.php\\\/2022\\\/05\\\/27\\\/bivsi-banjalucki-muftija-kozlic-osumnjicen-za-zlouporabe-teske-15-milijuna-km\\\/\",\"name\":\"Biv\u0161i banjalu\u010dki muftija Kozli\u0107 osumnji\u010den za zlouporabe te\u0161ke 1,5 milijuna KM - RADIO LJUBU\u0160KI\",\"isPartOf\":{\"@id\":\"https:\\\/\\\/radioljubuski.ba\\\/#website\"},\"primaryImageOfPage\":{\"@id\":\"https:\\\/\\\/radioljubuski.ba\\\/index.php\\\/2022\\\/05\\\/27\\\/bivsi-banjalucki-muftija-kozlic-osumnjicen-za-zlouporabe-teske-15-milijuna-km\\\/#primaryimage\"},\"image\":{\"@id\":\"https:\\\/\\\/radioljubuski.ba\\\/index.php\\\/2022\\\/05\\\/27\\\/bivsi-banjalucki-muftija-kozlic-osumnjicen-za-zlouporabe-teske-15-milijuna-km\\\/#primaryimage\"},\"thumbnailUrl\":\"https:\\\/\\\/radioljubuski.ba\\\/wp-content\\\/uploads\\\/2021\\\/03\\\/sudjenje.jpg\",\"datePublished\":\"2022-05-27T12:48:17+00:00\",\"dateModified\":\"2022-05-27T12:48:18+00:00\",\"breadcrumb\":{\"@id\":\"https:\\\/\\\/radioljubuski.ba\\\/index.php\\\/2022\\\/05\\\/27\\\/bivsi-banjalucki-muftija-kozlic-osumnjicen-za-zlouporabe-teske-15-milijuna-km\\\/#breadcrumb\"},\"inLanguage\":\"hr\",\"potentialAction\":[{\"@type\":\"ReadAction\",\"target\":[\"https:\\\/\\\/radioljubuski.ba\\\/index.php\\\/2022\\\/05\\\/27\\\/bivsi-banjalucki-muftija-kozlic-osumnjicen-za-zlouporabe-teske-15-milijuna-km\\\/\"]}]},{\"@type\":\"ImageObject\",\"inLanguage\":\"hr\",\"@id\":\"https:\\\/\\\/radioljubuski.ba\\\/index.php\\\/2022\\\/05\\\/27\\\/bivsi-banjalucki-muftija-kozlic-osumnjicen-za-zlouporabe-teske-15-milijuna-km\\\/#primaryimage\",\"url\":\"https:\\\/\\\/radioljubuski.ba\\\/wp-content\\\/uploads\\\/2021\\\/03\\\/sudjenje.jpg\",\"contentUrl\":\"https:\\\/\\\/radioljubuski.ba\\\/wp-content\\\/uploads\\\/2021\\\/03\\\/sudjenje.jpg\",\"width\":1024,\"height\":576},{\"@type\":\"BreadcrumbList\",\"@id\":\"https:\\\/\\\/radioljubuski.ba\\\/index.php\\\/2022\\\/05\\\/27\\\/bivsi-banjalucki-muftija-kozlic-osumnjicen-za-zlouporabe-teske-15-milijuna-km\\\/#breadcrumb\",\"itemListElement\":[{\"@type\":\"ListItem\",\"position\":1,\"name\":\"Po\u010detna stranica\",\"item\":\"https:\\\/\\\/radioljubuski.ba\\\/\"},{\"@type\":\"ListItem\",\"position\":2,\"name\":\"Biv\u0161i banjalu\u010dki muftija Kozli\u0107 osumnji\u010den za zlouporabe te\u0161ke 1,5 milijuna KM\"}]},{\"@type\":\"WebSite\",\"@id\":\"https:\\\/\\\/radioljubuski.ba\\\/#website\",\"url\":\"https:\\\/\\\/radioljubuski.ba\\\/\",\"name\":\"Radio Ljubu\u0161ki\",\"description\":\"Sun\u010dana frekvencija Hercegovine\",\"publisher\":{\"@id\":\"https:\\\/\\\/radioljubuski.ba\\\/#organization\"},\"potentialAction\":[{\"@type\":\"SearchAction\",\"target\":{\"@type\":\"EntryPoint\",\"urlTemplate\":\"https:\\\/\\\/radioljubuski.ba\\\/?s={search_term_string}\"},\"query-input\":{\"@type\":\"PropertyValueSpecification\",\"valueRequired\":true,\"valueName\":\"search_term_string\"}}],\"inLanguage\":\"hr\"},{\"@type\":\"Organization\",\"@id\":\"https:\\\/\\\/radioljubuski.ba\\\/#organization\",\"name\":\"Radio Ljubu\u0161ki\",\"url\":\"https:\\\/\\\/radioljubuski.ba\\\/\",\"logo\":{\"@type\":\"ImageObject\",\"inLanguage\":\"hr\",\"@id\":\"https:\\\/\\\/radioljubuski.ba\\\/#\\\/schema\\\/logo\\\/image\\\/\",\"url\":\"https:\\\/\\\/radioljubuski.ba\\\/wp-content\\\/uploads\\\/2021\\\/02\\\/cropped-Radio_Ljubuski_logo1.jpg\",\"contentUrl\":\"https:\\\/\\\/radioljubuski.ba\\\/wp-content\\\/uploads\\\/2021\\\/02\\\/cropped-Radio_Ljubuski_logo1.jpg\",\"width\":512,\"height\":512,\"caption\":\"Radio Ljubu\u0161ki\"},\"image\":{\"@id\":\"https:\\\/\\\/radioljubuski.ba\\\/#\\\/schema\\\/logo\\\/image\\\/\"},\"sameAs\":[\"https:\\\/\\\/www.facebook.com\\\/Radiio-Ljubuski-1490835324566332\",\"https:\\\/\\\/x.com\\\/radioljubuski\",\"https:\\\/\\\/hr.linkedin.com\\\/company\\\/radio-ljubuski\",\"https:\\\/\\\/www.youtube.com\\\/channel\\\/UCHYaeO_n0Db3tjNGudGpXyw\"]},{\"@type\":\"Person\",\"@id\":\"https:\\\/\\\/radioljubuski.ba\\\/#\\\/schema\\\/person\\\/19fc700381a780f69665d7956c469e3b\",\"name\":\"Radio Ljubu\u0161ki\"}]}<\/script>\n<!-- \/ Yoast SEO plugin. -->","yoast_head_json":{"title":"Biv\u0161i banjalu\u010dki muftija Kozli\u0107 osumnji\u010den za zlouporabe te\u0161ke 1,5 milijuna KM - RADIO LJUBU\u0160KI","robots":{"index":"index","follow":"follow","max-snippet":"max-snippet:-1","max-image-preview":"max-image-preview:large","max-video-preview":"max-video-preview:-1"},"canonical":"https:\/\/radioljubuski.ba\/index.php\/2022\/05\/27\/bivsi-banjalucki-muftija-kozlic-osumnjicen-za-zlouporabe-teske-15-milijuna-km\/","og_locale":"hr_HR","og_type":"article","og_title":"Biv\u0161i banjalu\u010dki muftija Kozli\u0107 osumnji\u010den za zlouporabe te\u0161ke 1,5 milijuna KM - RADIO LJUBU\u0160KI","og_description":"Banjalu\u010dka policija podnijela je Okru\u017enom javnom tu\u017eiteljstvu izvje\u0161taj protiv Almira Hod\u017ei\u0107a iz \u010celinca i Osmana Kozli\u0107a iz Banje Luke zbog sumnje da su po\u010dinili krivi\u010dna djela zlouporaba polo\u017eaja odgovorne osobe, te Muhedina Spahi\u0107a iz Zenice zbog sumnje da je po\u010dinio krivi\u010dno djelo zaklju\u010denje \u0161tetnog ugovora. Kozli\u0107 je ranije bio banjalu\u010dki muftija. Nakon te du\u017enosti Osman [&hellip;]","og_url":"https:\/\/radioljubuski.ba\/index.php\/2022\/05\/27\/bivsi-banjalucki-muftija-kozlic-osumnjicen-za-zlouporabe-teske-15-milijuna-km\/","og_site_name":"RADIO LJUBU\u0160KI","article_publisher":"https:\/\/www.facebook.com\/Radiio-Ljubuski-1490835324566332","article_published_time":"2022-05-27T12:48:17+00:00","article_modified_time":"2022-05-27T12:48:18+00:00","og_image":[{"width":1024,"height":576,"url":"https:\/\/radioljubuski.ba\/wp-content\/uploads\/2021\/03\/sudjenje.jpg","type":"image\/jpeg"}],"author":"Radio Ljubu\u0161ki","twitter_card":"summary_large_image","twitter_creator":"@radioljubuski","twitter_site":"@radioljubuski","twitter_misc":{"Napisao\/la":"Radio Ljubu\u0161ki","Procijenjeno vrijeme \u010ditanja":"1 minuta"},"schema":{"@context":"https:\/\/schema.org","@graph":[{"@type":"Article","@id":"https:\/\/radioljubuski.ba\/index.php\/2022\/05\/27\/bivsi-banjalucki-muftija-kozlic-osumnjicen-za-zlouporabe-teske-15-milijuna-km\/#article","isPartOf":{"@id":"https:\/\/radioljubuski.ba\/index.php\/2022\/05\/27\/bivsi-banjalucki-muftija-kozlic-osumnjicen-za-zlouporabe-teske-15-milijuna-km\/"},"author":{"name":"Radio Ljubu\u0161ki","@id":"https:\/\/radioljubuski.ba\/#\/schema\/person\/19fc700381a780f69665d7956c469e3b"},"headline":"Biv\u0161i banjalu\u010dki muftija Kozli\u0107 osumnji\u010den za zlouporabe te\u0161ke 1,5 milijuna KM","datePublished":"2022-05-27T12:48:17+00:00","dateModified":"2022-05-27T12:48:18+00:00","mainEntityOfPage":{"@id":"https:\/\/radioljubuski.ba\/index.php\/2022\/05\/27\/bivsi-banjalucki-muftija-kozlic-osumnjicen-za-zlouporabe-teske-15-milijuna-km\/"},"wordCount":156,"publisher":{"@id":"https:\/\/radioljubuski.ba\/#organization"},"image":{"@id":"https:\/\/radioljubuski.ba\/index.php\/2022\/05\/27\/bivsi-banjalucki-muftija-kozlic-osumnjicen-za-zlouporabe-teske-15-milijuna-km\/#primaryimage"},"thumbnailUrl":"https:\/\/radioljubuski.ba\/wp-content\/uploads\/2021\/03\/sudjenje.jpg","articleSection":["BIH i regija"],"inLanguage":"hr"},{"@type":"WebPage","@id":"https:\/\/radioljubuski.ba\/index.php\/2022\/05\/27\/bivsi-banjalucki-muftija-kozlic-osumnjicen-za-zlouporabe-teske-15-milijuna-km\/","url":"https:\/\/radioljubuski.ba\/index.php\/2022\/05\/27\/bivsi-banjalucki-muftija-kozlic-osumnjicen-za-zlouporabe-teske-15-milijuna-km\/","name":"Biv\u0161i banjalu\u010dki muftija Kozli\u0107 osumnji\u010den za zlouporabe te\u0161ke 1,5 milijuna KM - RADIO LJUBU\u0160KI","isPartOf":{"@id":"https:\/\/radioljubuski.ba\/#website"},"primaryImageOfPage":{"@id":"https:\/\/radioljubuski.ba\/index.php\/2022\/05\/27\/bivsi-banjalucki-muftija-kozlic-osumnjicen-za-zlouporabe-teske-15-milijuna-km\/#primaryimage"},"image":{"@id":"https:\/\/radioljubuski.ba\/index.php\/2022\/05\/27\/bivsi-banjalucki-muftija-kozlic-osumnjicen-za-zlouporabe-teske-15-milijuna-km\/#primaryimage"},"thumbnailUrl":"https:\/\/radioljubuski.ba\/wp-content\/uploads\/2021\/03\/sudjenje.jpg","datePublished":"2022-05-27T12:48:17+00:00","dateModified":"2022-05-27T12:48:18+00:00","breadcrumb":{"@id":"https:\/\/radioljubuski.ba\/index.php\/2022\/05\/27\/bivsi-banjalucki-muftija-kozlic-osumnjicen-za-zlouporabe-teske-15-milijuna-km\/#breadcrumb"},"inLanguage":"hr","potentialAction":[{"@type":"ReadAction","target":["https:\/\/radioljubuski.ba\/index.php\/2022\/05\/27\/bivsi-banjalucki-muftija-kozlic-osumnjicen-za-zlouporabe-teske-15-milijuna-km\/"]}]},{"@type":"ImageObject","inLanguage":"hr","@id":"https:\/\/radioljubuski.ba\/index.php\/2022\/05\/27\/bivsi-banjalucki-muftija-kozlic-osumnjicen-za-zlouporabe-teske-15-milijuna-km\/#primaryimage","url":"https:\/\/radioljubuski.ba\/wp-content\/uploads\/2021\/03\/sudjenje.jpg","contentUrl":"https:\/\/radioljubuski.ba\/wp-content\/uploads\/2021\/03\/sudjenje.jpg","width":1024,"height":576},{"@type":"BreadcrumbList","@id":"https:\/\/radioljubuski.ba\/index.php\/2022\/05\/27\/bivsi-banjalucki-muftija-kozlic-osumnjicen-za-zlouporabe-teske-15-milijuna-km\/#breadcrumb","itemListElement":[{"@type":"ListItem","position":1,"name":"Po\u010detna stranica","item":"https:\/\/radioljubuski.ba\/"},{"@type":"ListItem","position":2,"name":"Biv\u0161i banjalu\u010dki muftija Kozli\u0107 osumnji\u010den za zlouporabe te\u0161ke 1,5 milijuna KM"}]},{"@type":"WebSite","@id":"https:\/\/radioljubuski.ba\/#website","url":"https:\/\/radioljubuski.ba\/","name":"Radio Ljubu\u0161ki","description":"Sun\u010dana frekvencija Hercegovine","publisher":{"@id":"https:\/\/radioljubuski.ba\/#organization"},"potentialAction":[{"@type":"SearchAction","target":{"@type":"EntryPoint","urlTemplate":"https:\/\/radioljubuski.ba\/?s={search_term_string}"},"query-input":{"@type":"PropertyValueSpecification","valueRequired":true,"valueName":"search_term_string"}}],"inLanguage":"hr"},{"@type":"Organization","@id":"https:\/\/radioljubuski.ba\/#organization","name":"Radio Ljubu\u0161ki","url":"https:\/\/radioljubuski.ba\/","logo":{"@type":"ImageObject","inLanguage":"hr","@id":"https:\/\/radioljubuski.ba\/#\/schema\/logo\/image\/","url":"https:\/\/radioljubuski.ba\/wp-content\/uploads\/2021\/02\/cropped-Radio_Ljubuski_logo1.jpg","contentUrl":"https:\/\/radioljubuski.ba\/wp-content\/uploads\/2021\/02\/cropped-Radio_Ljubuski_logo1.jpg","width":512,"height":512,"caption":"Radio Ljubu\u0161ki"},"image":{"@id":"https:\/\/radioljubuski.ba\/#\/schema\/logo\/image\/"},"sameAs":["https:\/\/www.facebook.com\/Radiio-Ljubuski-1490835324566332","https:\/\/x.com\/radioljubuski","https:\/\/hr.linkedin.com\/company\/radio-ljubuski","https:\/\/www.youtube.com\/channel\/UCHYaeO_n0Db3tjNGudGpXyw"]},{"@type":"Person","@id":"https:\/\/radioljubuski.ba\/#\/schema\/person\/19fc700381a780f69665d7956c469e3b","name":"Radio Ljubu\u0161ki"}]}},"_links":{"self":[{"href":"https:\/\/radioljubuski.ba\/index.php\/wp-json\/wp\/v2\/posts\/144433","targetHints":{"allow":["GET"]}}],"collection":[{"href":"https:\/\/radioljubuski.ba\/index.php\/wp-json\/wp\/v2\/posts"}],"about":[{"href":"https:\/\/radioljubuski.ba\/index.php\/wp-json\/wp\/v2\/types\/post"}],"author":[{"embeddable":true,"href":"https:\/\/radioljubuski.ba\/index.php\/wp-json\/wp\/v2\/users\/2"}],"replies":[{"embeddable":true,"href":"https:\/\/radioljubuski.ba\/index.php\/wp-json\/wp\/v2\/comments?post=144433"}],"version-history":[{"count":1,"href":"https:\/\/radioljubuski.ba\/index.php\/wp-json\/wp\/v2\/posts\/144433\/revisions"}],"predecessor-version":[{"id":144434,"href":"https:\/\/radioljubuski.ba\/index.php\/wp-json\/wp\/v2\/posts\/144433\/revisions\/144434"}],"wp:featuredmedia":[{"embeddable":true,"href":"https:\/\/radioljubuski.ba\/index.php\/wp-json\/wp\/v2\/media\/2401"}],"wp:attachment":[{"href":"https:\/\/radioljubuski.ba\/index.php\/wp-json\/wp\/v2\/media?parent=144433"}],"wp:term":[{"taxonomy":"category","embeddable":true,"href":"https:\/\/radioljubuski.ba\/index.php\/wp-json\/wp\/v2\/categories?post=144433"},{"taxonomy":"post_tag","embeddable":true,"href":"https:\/\/radioljubuski.ba\/index.php\/wp-json\/wp\/v2\/tags?post=144433"}],"curies":[{"name":"wp","href":"https:\/\/api.w.org\/{rel}","templated":true}]}}