{"id":144441,"date":"2022-05-27T13:52:25","date_gmt":"2022-05-27T12:52:25","guid":{"rendered":"https:\/\/radioljubuski.ba\/?p=144441"},"modified":"2022-05-27T13:52:27","modified_gmt":"2022-05-27T12:52:27","slug":"otac-napadaca-koji-je-bacio-bombu-u-lokal-maltretirali-su-ga-pretukli-i-urinirali-po-njemu","status":"publish","type":"post","link":"https:\/\/radioljubuski.ba\/index.php\/2022\/05\/27\/otac-napadaca-koji-je-bacio-bombu-u-lokal-maltretirali-su-ga-pretukli-i-urinirali-po-njemu\/","title":{"rendered":"Otac napada\u010da koji je bacio bombu u lokal: Maltretirali su ga, pretukli i urinirali po njemu"},"content":{"rendered":"\n<p>Dragan i njegov prijatelj D. S. su mog sina pro\u0161log tjedna sa\u010dekali, izvukli iz automobila i pretukli. Udarali su ga kundakom i \u010deki\u0107em i bili su naoru\u017eani &#8211; tvrdi za &#8220;Blic&#8221; Mirko Radivojevi\u0107, otac Zorana R., mu\u0161karca koji je ju\u010der zapucao na Dragana K. u kafi\u0107u u In\u0111iji, a potom je bacio bombu na taj lokal.<\/p>\n\n\n\n<p>On tvrdi da pri\u010da nije ba\u0161 takva kako se vjeruje.<\/p>\n\n\n\n<p>&#8211; Tad kad su ga presreli urinirali su po njemu. Uzeli su mu automobil i tra\u017eili da im donese 4.000 eura da bi mu ga vratili &#8211; tvrdi on i dodaje:<\/p>\n\n\n\n<p>-Idu\u0107a \u010detiri dana su ga zvali, prijetili mu, govorili da \u0107e mu silovati sestru, ubiti obitelj&#8230;&#8221;<\/p>\n\n\n\n<p>Mirko ka\u017ee da ga je sin lagao gdje mu je automobil svih tih dana i da nije znao \u0161ta se doga\u0111a sve dok mu sin nije uhi\u0107en.<\/p>\n\n\n\n<p>-Kod ku\u0107e je rekao da mu je automobil kod majstora. Odugovla\u010dio je da bi skupio pare, a nije prijavio ni policiji \u0161to se dogodilo, ni obitelji &#8211; ka\u017ee on i dodaje da njegov sin Zoran nije bio ni kod lije\u010dnika kada je navodno pretu\u010den.<\/p>\n\n\n\n<p>On dodaje da je Zoran R. i ranije imao problem sa D. S, mu\u0161karcem koji je ju\u010der bio u kafi\u0107u sa Draganom K. na kojeg je zapucao!<\/p>\n\n\n\n<p>Podsje\u0107amo, Zoran R. uhi\u0107en je jer je ju\u010der u In\u0111iji, u ba\u0161ti kafi\u0107a, poku\u0161ao ubiti, najprije hicem iz pi\u0161tolja, a potom bombom Dragana K.<\/p>\n\n\n\n<p>Do sukoba je do\u0161lo zbog duga. Prema jednoj verziji Zoran je od Dragana uzeo izvjesnu koli\u010dinu novca na zajam i u zalog mu dao svoj automobil. Ju\u010der ga je pozvao da se na\u0111u u kafi\u0107u &#8220;kako bi mu da novac&#8221;. Dragan je do\u0161ao na dogovoreno mjesto s prijateljem, me\u0111utim kada se Zoran pojavio, pri\u0161ao je njihovom stolu, i kako se vidi i na snimku sa sigurnosne kamere, odmah uperio pi\u0161tolj u Dragana!<\/p>\n\n\n\n<p>Zoran je jednom zapucao, ali je sre\u0107om proma\u0161io svoju metu. U tom trenutku Dragan je, vidi se na snimku, sko\u010dio na njega, dok su gosti koji su se nalazili u lokalu ili razbje\u017eali ili poku\u0161ali da se sakriju ispod stolova. Kako &#8220;Blic&#8221; saznaje, Zoranu je, sre\u0107om, u tom trenutku pi\u0161tolj zaglavio.<\/p>\n\n\n\n<p>On, me\u0111utim, nije odustao od svoje namjere nego je oti\u0161ao do automobila, a potom se vratio sa ru\u010dnom bombom u rukama!<\/p>\n\n\n\n<p>Dragan i njegov prijatelj su ga vidjeli i dali su se u bijeg u lokal. Dragan je krenuo ka drugim izlaznim vratima iz kafi\u0107a koja vode do obli\u017enjeg auto-servisa, dok se njegov prijatelj sakrio iza \u0161anka. U tom trenutku Zoran je otvorio vrata lokala, bacio bombu unutra i pobjegao.<\/p>\n\n\n\n<p>Eksplozija je napravila veliku materijalnu \u0161tetu u lokalu, ali \u017ertava, samo pukom sre\u0107om, nema. Dragana je geler pogodio u vrat i nanio mu posjekotinu, ali drugih povreda nema.<\/p>\n\n\n\n<p>Zoranov otac potvrdio je dio ove pri\u010de, me\u0111utim, on tvrdi da njegov sin automobil nije dao u zalog, ve\u0107 da mu je otet.<\/p>\n\n\n\n<figure class=\"wp-block-embed is-type-wp-embed is-provider-radio-ljubuski wp-block-embed-radio-ljubuski\"><div class=\"wp-block-embed__wrapper\">\n<blockquote class=\"wp-embedded-content\" data-secret=\"pg3hxPny4I\"><a href=\"https:\/\/radioljubuski.ba\/index.php\/2022\/05\/27\/jeziv-video-iz-kafica-kamere-zabiljezile-kako-je-napadac-dva-puta-pokusao-likvidirati-muskarca\/\">Jeziv video iz kafi\u0107a: Kamere zabilje\u017eile kako je napada\u010d dva puta poku\u0161ao likvidirati mu\u0161karca<\/a><\/blockquote><iframe loading=\"lazy\" class=\"wp-embedded-content\" sandbox=\"allow-scripts\" security=\"restricted\" style=\"position: absolute; clip: rect(1px, 1px, 1px, 1px);\" title=\"&#8220;Jeziv video iz kafi\u0107a: Kamere zabilje\u017eile kako je napada\u010d dva puta poku\u0161ao likvidirati mu\u0161karca&#8221; &#8212;   RADIO LJUBU\u0160KI\" src=\"https:\/\/radioljubuski.ba\/index.php\/2022\/05\/27\/jeziv-video-iz-kafica-kamere-zabiljezile-kako-je-napadac-dva-puta-pokusao-likvidirati-muskarca\/embed\/#?secret=d2RtimrnGN#?secret=pg3hxPny4I\" data-secret=\"pg3hxPny4I\" width=\"600\" height=\"338\" frameborder=\"0\" marginwidth=\"0\" marginheight=\"0\" scrolling=\"no\"><\/iframe>\n<\/div><\/figure>\n\n\n\n<p>Izvor:pogled.ba<\/p>\n","protected":false},"excerpt":{"rendered":"<p>Dragan i njegov prijatelj D. S. su mog sina pro\u0161log tjedna sa\u010dekali, izvukli iz automobila i pretukli. Udarali su ga kundakom i \u010deki\u0107em i bili su naoru\u017eani &#8211; tvrdi za &#8220;Blic&#8221; Mirko Radivojevi\u0107, otac Zorana R., mu\u0161karca koji je ju\u010der zapucao na Dragana K. u kafi\u0107u u In\u0111iji, a potom je bacio bombu na taj [&hellip;]<\/p>\n","protected":false},"author":2,"featured_media":144425,"comment_status":"closed","ping_status":"closed","sticky":false,"template":"","format":"standard","meta":{"h5ap_radio_sources":[],"footnotes":""},"categories":[1],"tags":[],"class_list":["post-144441","post","type-post","status-publish","format-standard","has-post-thumbnail","hentry","category-bihiregija"],"yoast_head":"<!-- This site is optimized with the Yoast SEO plugin v27.5 - https:\/\/yoast.com\/product\/yoast-seo-wordpress\/ -->\n<title>Otac napada\u010da koji je bacio bombu u lokal: Maltretirali su ga, pretukli i urinirali po njemu - RADIO LJUBU\u0160KI<\/title>\n<meta name=\"robots\" content=\"index, follow, max-snippet:-1, max-image-preview:large, max-video-preview:-1\" \/>\n<link rel=\"canonical\" href=\"https:\/\/radioljubuski.ba\/index.php\/2022\/05\/27\/otac-napadaca-koji-je-bacio-bombu-u-lokal-maltretirali-su-ga-pretukli-i-urinirali-po-njemu\/\" \/>\n<meta property=\"og:locale\" content=\"hr_HR\" \/>\n<meta property=\"og:type\" content=\"article\" \/>\n<meta property=\"og:title\" content=\"Otac napada\u010da koji je bacio bombu u lokal: Maltretirali su ga, pretukli i urinirali po njemu - RADIO LJUBU\u0160KI\" \/>\n<meta property=\"og:description\" content=\"Dragan i njegov prijatelj D. S. su mog sina pro\u0161log tjedna sa\u010dekali, izvukli iz automobila i pretukli. Udarali su ga kundakom i \u010deki\u0107em i bili su naoru\u017eani &#8211; tvrdi za &#8220;Blic&#8221; Mirko Radivojevi\u0107, otac Zorana R., mu\u0161karca koji je ju\u010der zapucao na Dragana K. u kafi\u0107u u In\u0111iji, a potom je bacio bombu na taj [&hellip;]\" \/>\n<meta property=\"og:url\" content=\"https:\/\/radioljubuski.ba\/index.php\/2022\/05\/27\/otac-napadaca-koji-je-bacio-bombu-u-lokal-maltretirali-su-ga-pretukli-i-urinirali-po-njemu\/\" \/>\n<meta property=\"og:site_name\" content=\"RADIO LJUBU\u0160KI\" \/>\n<meta property=\"article:publisher\" content=\"https:\/\/www.facebook.com\/Radiio-Ljubuski-1490835324566332\" \/>\n<meta property=\"article:published_time\" content=\"2022-05-27T12:52:25+00:00\" \/>\n<meta property=\"article:modified_time\" content=\"2022-05-27T12:52:27+00:00\" \/>\n<meta property=\"og:image\" content=\"https:\/\/radioljubuski.ba\/wp-content\/uploads\/2022\/05\/55-3.png\" \/>\n\t<meta property=\"og:image:width\" content=\"835\" \/>\n\t<meta property=\"og:image:height\" content=\"523\" \/>\n\t<meta property=\"og:image:type\" content=\"image\/png\" \/>\n<meta name=\"author\" content=\"Radio Ljubu\u0161ki\" \/>\n<meta name=\"twitter:card\" content=\"summary_large_image\" \/>\n<meta name=\"twitter:creator\" content=\"@radioljubuski\" \/>\n<meta name=\"twitter:site\" content=\"@radioljubuski\" \/>\n<meta name=\"twitter:label1\" content=\"Napisao\/la\" \/>\n\t<meta name=\"twitter:data1\" content=\"Radio Ljubu\u0161ki\" \/>\n\t<meta name=\"twitter:label2\" content=\"Procijenjeno vrijeme \u010ditanja\" \/>\n\t<meta name=\"twitter:data2\" content=\"3 minute\" \/>\n<script type=\"application\/ld+json\" class=\"yoast-schema-graph\">{\"@context\":\"https:\\\/\\\/schema.org\",\"@graph\":[{\"@type\":\"Article\",\"@id\":\"https:\\\/\\\/radioljubuski.ba\\\/index.php\\\/2022\\\/05\\\/27\\\/otac-napadaca-koji-je-bacio-bombu-u-lokal-maltretirali-su-ga-pretukli-i-urinirali-po-njemu\\\/#article\",\"isPartOf\":{\"@id\":\"https:\\\/\\\/radioljubuski.ba\\\/index.php\\\/2022\\\/05\\\/27\\\/otac-napadaca-koji-je-bacio-bombu-u-lokal-maltretirali-su-ga-pretukli-i-urinirali-po-njemu\\\/\"},\"author\":{\"name\":\"Radio Ljubu\u0161ki\",\"@id\":\"https:\\\/\\\/radioljubuski.ba\\\/#\\\/schema\\\/person\\\/19fc700381a780f69665d7956c469e3b\"},\"headline\":\"Otac napada\u010da koji je bacio bombu u lokal: Maltretirali su ga, pretukli i urinirali po njemu\",\"datePublished\":\"2022-05-27T12:52:25+00:00\",\"dateModified\":\"2022-05-27T12:52:27+00:00\",\"mainEntityOfPage\":{\"@id\":\"https:\\\/\\\/radioljubuski.ba\\\/index.php\\\/2022\\\/05\\\/27\\\/otac-napadaca-koji-je-bacio-bombu-u-lokal-maltretirali-su-ga-pretukli-i-urinirali-po-njemu\\\/\"},\"wordCount\":558,\"publisher\":{\"@id\":\"https:\\\/\\\/radioljubuski.ba\\\/#organization\"},\"image\":{\"@id\":\"https:\\\/\\\/radioljubuski.ba\\\/index.php\\\/2022\\\/05\\\/27\\\/otac-napadaca-koji-je-bacio-bombu-u-lokal-maltretirali-su-ga-pretukli-i-urinirali-po-njemu\\\/#primaryimage\"},\"thumbnailUrl\":\"https:\\\/\\\/radioljubuski.ba\\\/wp-content\\\/uploads\\\/2022\\\/05\\\/55-3.png\",\"articleSection\":[\"BIH i regija\"],\"inLanguage\":\"hr\"},{\"@type\":\"WebPage\",\"@id\":\"https:\\\/\\\/radioljubuski.ba\\\/index.php\\\/2022\\\/05\\\/27\\\/otac-napadaca-koji-je-bacio-bombu-u-lokal-maltretirali-su-ga-pretukli-i-urinirali-po-njemu\\\/\",\"url\":\"https:\\\/\\\/radioljubuski.ba\\\/index.php\\\/2022\\\/05\\\/27\\\/otac-napadaca-koji-je-bacio-bombu-u-lokal-maltretirali-su-ga-pretukli-i-urinirali-po-njemu\\\/\",\"name\":\"Otac napada\u010da koji je bacio bombu u lokal: Maltretirali su ga, pretukli i urinirali po njemu - RADIO LJUBU\u0160KI\",\"isPartOf\":{\"@id\":\"https:\\\/\\\/radioljubuski.ba\\\/#website\"},\"primaryImageOfPage\":{\"@id\":\"https:\\\/\\\/radioljubuski.ba\\\/index.php\\\/2022\\\/05\\\/27\\\/otac-napadaca-koji-je-bacio-bombu-u-lokal-maltretirali-su-ga-pretukli-i-urinirali-po-njemu\\\/#primaryimage\"},\"image\":{\"@id\":\"https:\\\/\\\/radioljubuski.ba\\\/index.php\\\/2022\\\/05\\\/27\\\/otac-napadaca-koji-je-bacio-bombu-u-lokal-maltretirali-su-ga-pretukli-i-urinirali-po-njemu\\\/#primaryimage\"},\"thumbnailUrl\":\"https:\\\/\\\/radioljubuski.ba\\\/wp-content\\\/uploads\\\/2022\\\/05\\\/55-3.png\",\"datePublished\":\"2022-05-27T12:52:25+00:00\",\"dateModified\":\"2022-05-27T12:52:27+00:00\",\"breadcrumb\":{\"@id\":\"https:\\\/\\\/radioljubuski.ba\\\/index.php\\\/2022\\\/05\\\/27\\\/otac-napadaca-koji-je-bacio-bombu-u-lokal-maltretirali-su-ga-pretukli-i-urinirali-po-njemu\\\/#breadcrumb\"},\"inLanguage\":\"hr\",\"potentialAction\":[{\"@type\":\"ReadAction\",\"target\":[\"https:\\\/\\\/radioljubuski.ba\\\/index.php\\\/2022\\\/05\\\/27\\\/otac-napadaca-koji-je-bacio-bombu-u-lokal-maltretirali-su-ga-pretukli-i-urinirali-po-njemu\\\/\"]}]},{\"@type\":\"ImageObject\",\"inLanguage\":\"hr\",\"@id\":\"https:\\\/\\\/radioljubuski.ba\\\/index.php\\\/2022\\\/05\\\/27\\\/otac-napadaca-koji-je-bacio-bombu-u-lokal-maltretirali-su-ga-pretukli-i-urinirali-po-njemu\\\/#primaryimage\",\"url\":\"https:\\\/\\\/radioljubuski.ba\\\/wp-content\\\/uploads\\\/2022\\\/05\\\/55-3.png\",\"contentUrl\":\"https:\\\/\\\/radioljubuski.ba\\\/wp-content\\\/uploads\\\/2022\\\/05\\\/55-3.png\",\"width\":835,\"height\":523},{\"@type\":\"BreadcrumbList\",\"@id\":\"https:\\\/\\\/radioljubuski.ba\\\/index.php\\\/2022\\\/05\\\/27\\\/otac-napadaca-koji-je-bacio-bombu-u-lokal-maltretirali-su-ga-pretukli-i-urinirali-po-njemu\\\/#breadcrumb\",\"itemListElement\":[{\"@type\":\"ListItem\",\"position\":1,\"name\":\"Po\u010detna stranica\",\"item\":\"https:\\\/\\\/radioljubuski.ba\\\/\"},{\"@type\":\"ListItem\",\"position\":2,\"name\":\"Otac napada\u010da koji je bacio bombu u lokal: Maltretirali su ga, pretukli i urinirali po njemu\"}]},{\"@type\":\"WebSite\",\"@id\":\"https:\\\/\\\/radioljubuski.ba\\\/#website\",\"url\":\"https:\\\/\\\/radioljubuski.ba\\\/\",\"name\":\"Radio Ljubu\u0161ki\",\"description\":\"Sun\u010dana frekvencija Hercegovine\",\"publisher\":{\"@id\":\"https:\\\/\\\/radioljubuski.ba\\\/#organization\"},\"potentialAction\":[{\"@type\":\"SearchAction\",\"target\":{\"@type\":\"EntryPoint\",\"urlTemplate\":\"https:\\\/\\\/radioljubuski.ba\\\/?s={search_term_string}\"},\"query-input\":{\"@type\":\"PropertyValueSpecification\",\"valueRequired\":true,\"valueName\":\"search_term_string\"}}],\"inLanguage\":\"hr\"},{\"@type\":\"Organization\",\"@id\":\"https:\\\/\\\/radioljubuski.ba\\\/#organization\",\"name\":\"Radio Ljubu\u0161ki\",\"url\":\"https:\\\/\\\/radioljubuski.ba\\\/\",\"logo\":{\"@type\":\"ImageObject\",\"inLanguage\":\"hr\",\"@id\":\"https:\\\/\\\/radioljubuski.ba\\\/#\\\/schema\\\/logo\\\/image\\\/\",\"url\":\"https:\\\/\\\/radioljubuski.ba\\\/wp-content\\\/uploads\\\/2021\\\/02\\\/cropped-Radio_Ljubuski_logo1.jpg\",\"contentUrl\":\"https:\\\/\\\/radioljubuski.ba\\\/wp-content\\\/uploads\\\/2021\\\/02\\\/cropped-Radio_Ljubuski_logo1.jpg\",\"width\":512,\"height\":512,\"caption\":\"Radio Ljubu\u0161ki\"},\"image\":{\"@id\":\"https:\\\/\\\/radioljubuski.ba\\\/#\\\/schema\\\/logo\\\/image\\\/\"},\"sameAs\":[\"https:\\\/\\\/www.facebook.com\\\/Radiio-Ljubuski-1490835324566332\",\"https:\\\/\\\/x.com\\\/radioljubuski\",\"https:\\\/\\\/hr.linkedin.com\\\/company\\\/radio-ljubuski\",\"https:\\\/\\\/www.youtube.com\\\/channel\\\/UCHYaeO_n0Db3tjNGudGpXyw\"]},{\"@type\":\"Person\",\"@id\":\"https:\\\/\\\/radioljubuski.ba\\\/#\\\/schema\\\/person\\\/19fc700381a780f69665d7956c469e3b\",\"name\":\"Radio Ljubu\u0161ki\"}]}<\/script>\n<!-- \/ Yoast SEO plugin. -->","yoast_head_json":{"title":"Otac napada\u010da koji je bacio bombu u lokal: Maltretirali su ga, pretukli i urinirali po njemu - RADIO LJUBU\u0160KI","robots":{"index":"index","follow":"follow","max-snippet":"max-snippet:-1","max-image-preview":"max-image-preview:large","max-video-preview":"max-video-preview:-1"},"canonical":"https:\/\/radioljubuski.ba\/index.php\/2022\/05\/27\/otac-napadaca-koji-je-bacio-bombu-u-lokal-maltretirali-su-ga-pretukli-i-urinirali-po-njemu\/","og_locale":"hr_HR","og_type":"article","og_title":"Otac napada\u010da koji je bacio bombu u lokal: Maltretirali su ga, pretukli i urinirali po njemu - RADIO LJUBU\u0160KI","og_description":"Dragan i njegov prijatelj D. S. su mog sina pro\u0161log tjedna sa\u010dekali, izvukli iz automobila i pretukli. Udarali su ga kundakom i \u010deki\u0107em i bili su naoru\u017eani &#8211; tvrdi za &#8220;Blic&#8221; Mirko Radivojevi\u0107, otac Zorana R., mu\u0161karca koji je ju\u010der zapucao na Dragana K. u kafi\u0107u u In\u0111iji, a potom je bacio bombu na taj [&hellip;]","og_url":"https:\/\/radioljubuski.ba\/index.php\/2022\/05\/27\/otac-napadaca-koji-je-bacio-bombu-u-lokal-maltretirali-su-ga-pretukli-i-urinirali-po-njemu\/","og_site_name":"RADIO LJUBU\u0160KI","article_publisher":"https:\/\/www.facebook.com\/Radiio-Ljubuski-1490835324566332","article_published_time":"2022-05-27T12:52:25+00:00","article_modified_time":"2022-05-27T12:52:27+00:00","og_image":[{"width":835,"height":523,"url":"https:\/\/radioljubuski.ba\/wp-content\/uploads\/2022\/05\/55-3.png","type":"image\/png"}],"author":"Radio Ljubu\u0161ki","twitter_card":"summary_large_image","twitter_creator":"@radioljubuski","twitter_site":"@radioljubuski","twitter_misc":{"Napisao\/la":"Radio Ljubu\u0161ki","Procijenjeno vrijeme \u010ditanja":"3 minute"},"schema":{"@context":"https:\/\/schema.org","@graph":[{"@type":"Article","@id":"https:\/\/radioljubuski.ba\/index.php\/2022\/05\/27\/otac-napadaca-koji-je-bacio-bombu-u-lokal-maltretirali-su-ga-pretukli-i-urinirali-po-njemu\/#article","isPartOf":{"@id":"https:\/\/radioljubuski.ba\/index.php\/2022\/05\/27\/otac-napadaca-koji-je-bacio-bombu-u-lokal-maltretirali-su-ga-pretukli-i-urinirali-po-njemu\/"},"author":{"name":"Radio Ljubu\u0161ki","@id":"https:\/\/radioljubuski.ba\/#\/schema\/person\/19fc700381a780f69665d7956c469e3b"},"headline":"Otac napada\u010da koji je bacio bombu u lokal: Maltretirali su ga, pretukli i urinirali po njemu","datePublished":"2022-05-27T12:52:25+00:00","dateModified":"2022-05-27T12:52:27+00:00","mainEntityOfPage":{"@id":"https:\/\/radioljubuski.ba\/index.php\/2022\/05\/27\/otac-napadaca-koji-je-bacio-bombu-u-lokal-maltretirali-su-ga-pretukli-i-urinirali-po-njemu\/"},"wordCount":558,"publisher":{"@id":"https:\/\/radioljubuski.ba\/#organization"},"image":{"@id":"https:\/\/radioljubuski.ba\/index.php\/2022\/05\/27\/otac-napadaca-koji-je-bacio-bombu-u-lokal-maltretirali-su-ga-pretukli-i-urinirali-po-njemu\/#primaryimage"},"thumbnailUrl":"https:\/\/radioljubuski.ba\/wp-content\/uploads\/2022\/05\/55-3.png","articleSection":["BIH i regija"],"inLanguage":"hr"},{"@type":"WebPage","@id":"https:\/\/radioljubuski.ba\/index.php\/2022\/05\/27\/otac-napadaca-koji-je-bacio-bombu-u-lokal-maltretirali-su-ga-pretukli-i-urinirali-po-njemu\/","url":"https:\/\/radioljubuski.ba\/index.php\/2022\/05\/27\/otac-napadaca-koji-je-bacio-bombu-u-lokal-maltretirali-su-ga-pretukli-i-urinirali-po-njemu\/","name":"Otac napada\u010da koji je bacio bombu u lokal: Maltretirali su ga, pretukli i urinirali po njemu - RADIO LJUBU\u0160KI","isPartOf":{"@id":"https:\/\/radioljubuski.ba\/#website"},"primaryImageOfPage":{"@id":"https:\/\/radioljubuski.ba\/index.php\/2022\/05\/27\/otac-napadaca-koji-je-bacio-bombu-u-lokal-maltretirali-su-ga-pretukli-i-urinirali-po-njemu\/#primaryimage"},"image":{"@id":"https:\/\/radioljubuski.ba\/index.php\/2022\/05\/27\/otac-napadaca-koji-je-bacio-bombu-u-lokal-maltretirali-su-ga-pretukli-i-urinirali-po-njemu\/#primaryimage"},"thumbnailUrl":"https:\/\/radioljubuski.ba\/wp-content\/uploads\/2022\/05\/55-3.png","datePublished":"2022-05-27T12:52:25+00:00","dateModified":"2022-05-27T12:52:27+00:00","breadcrumb":{"@id":"https:\/\/radioljubuski.ba\/index.php\/2022\/05\/27\/otac-napadaca-koji-je-bacio-bombu-u-lokal-maltretirali-su-ga-pretukli-i-urinirali-po-njemu\/#breadcrumb"},"inLanguage":"hr","potentialAction":[{"@type":"ReadAction","target":["https:\/\/radioljubuski.ba\/index.php\/2022\/05\/27\/otac-napadaca-koji-je-bacio-bombu-u-lokal-maltretirali-su-ga-pretukli-i-urinirali-po-njemu\/"]}]},{"@type":"ImageObject","inLanguage":"hr","@id":"https:\/\/radioljubuski.ba\/index.php\/2022\/05\/27\/otac-napadaca-koji-je-bacio-bombu-u-lokal-maltretirali-su-ga-pretukli-i-urinirali-po-njemu\/#primaryimage","url":"https:\/\/radioljubuski.ba\/wp-content\/uploads\/2022\/05\/55-3.png","contentUrl":"https:\/\/radioljubuski.ba\/wp-content\/uploads\/2022\/05\/55-3.png","width":835,"height":523},{"@type":"BreadcrumbList","@id":"https:\/\/radioljubuski.ba\/index.php\/2022\/05\/27\/otac-napadaca-koji-je-bacio-bombu-u-lokal-maltretirali-su-ga-pretukli-i-urinirali-po-njemu\/#breadcrumb","itemListElement":[{"@type":"ListItem","position":1,"name":"Po\u010detna stranica","item":"https:\/\/radioljubuski.ba\/"},{"@type":"ListItem","position":2,"name":"Otac napada\u010da koji je bacio bombu u lokal: Maltretirali su ga, pretukli i urinirali po njemu"}]},{"@type":"WebSite","@id":"https:\/\/radioljubuski.ba\/#website","url":"https:\/\/radioljubuski.ba\/","name":"Radio Ljubu\u0161ki","description":"Sun\u010dana frekvencija Hercegovine","publisher":{"@id":"https:\/\/radioljubuski.ba\/#organization"},"potentialAction":[{"@type":"SearchAction","target":{"@type":"EntryPoint","urlTemplate":"https:\/\/radioljubuski.ba\/?s={search_term_string}"},"query-input":{"@type":"PropertyValueSpecification","valueRequired":true,"valueName":"search_term_string"}}],"inLanguage":"hr"},{"@type":"Organization","@id":"https:\/\/radioljubuski.ba\/#organization","name":"Radio Ljubu\u0161ki","url":"https:\/\/radioljubuski.ba\/","logo":{"@type":"ImageObject","inLanguage":"hr","@id":"https:\/\/radioljubuski.ba\/#\/schema\/logo\/image\/","url":"https:\/\/radioljubuski.ba\/wp-content\/uploads\/2021\/02\/cropped-Radio_Ljubuski_logo1.jpg","contentUrl":"https:\/\/radioljubuski.ba\/wp-content\/uploads\/2021\/02\/cropped-Radio_Ljubuski_logo1.jpg","width":512,"height":512,"caption":"Radio Ljubu\u0161ki"},"image":{"@id":"https:\/\/radioljubuski.ba\/#\/schema\/logo\/image\/"},"sameAs":["https:\/\/www.facebook.com\/Radiio-Ljubuski-1490835324566332","https:\/\/x.com\/radioljubuski","https:\/\/hr.linkedin.com\/company\/radio-ljubuski","https:\/\/www.youtube.com\/channel\/UCHYaeO_n0Db3tjNGudGpXyw"]},{"@type":"Person","@id":"https:\/\/radioljubuski.ba\/#\/schema\/person\/19fc700381a780f69665d7956c469e3b","name":"Radio Ljubu\u0161ki"}]}},"_links":{"self":[{"href":"https:\/\/radioljubuski.ba\/index.php\/wp-json\/wp\/v2\/posts\/144441","targetHints":{"allow":["GET"]}}],"collection":[{"href":"https:\/\/radioljubuski.ba\/index.php\/wp-json\/wp\/v2\/posts"}],"about":[{"href":"https:\/\/radioljubuski.ba\/index.php\/wp-json\/wp\/v2\/types\/post"}],"author":[{"embeddable":true,"href":"https:\/\/radioljubuski.ba\/index.php\/wp-json\/wp\/v2\/users\/2"}],"replies":[{"embeddable":true,"href":"https:\/\/radioljubuski.ba\/index.php\/wp-json\/wp\/v2\/comments?post=144441"}],"version-history":[{"count":1,"href":"https:\/\/radioljubuski.ba\/index.php\/wp-json\/wp\/v2\/posts\/144441\/revisions"}],"predecessor-version":[{"id":144442,"href":"https:\/\/radioljubuski.ba\/index.php\/wp-json\/wp\/v2\/posts\/144441\/revisions\/144442"}],"wp:featuredmedia":[{"embeddable":true,"href":"https:\/\/radioljubuski.ba\/index.php\/wp-json\/wp\/v2\/media\/144425"}],"wp:attachment":[{"href":"https:\/\/radioljubuski.ba\/index.php\/wp-json\/wp\/v2\/media?parent=144441"}],"wp:term":[{"taxonomy":"category","embeddable":true,"href":"https:\/\/radioljubuski.ba\/index.php\/wp-json\/wp\/v2\/categories?post=144441"},{"taxonomy":"post_tag","embeddable":true,"href":"https:\/\/radioljubuski.ba\/index.php\/wp-json\/wp\/v2\/tags?post=144441"}],"curies":[{"name":"wp","href":"https:\/\/api.w.org\/{rel}","templated":true}]}}