{"id":144452,"date":"2022-05-27T13:58:43","date_gmt":"2022-05-27T12:58:43","guid":{"rendered":"https:\/\/radioljubuski.ba\/?p=144452"},"modified":"2022-06-10T13:47:41","modified_gmt":"2022-06-10T12:47:41","slug":"u-knjiznici-ljubuski-predstavljena-knjiga-ljubav-i-smrt-autorice-marele-jerkic-jakovljevic","status":"publish","type":"post","link":"https:\/\/radioljubuski.ba\/index.php\/2022\/05\/27\/u-knjiznici-ljubuski-predstavljena-knjiga-ljubav-i-smrt-autorice-marele-jerkic-jakovljevic\/","title":{"rendered":"U Knji\u017enici Ljubu\u0161ki predstavljena knjiga \u201eLjubav i smrt\u201c autorice Marele Jerki\u0107 Jakovljevi\u0107"},"content":{"rendered":"\n<p><strong>U Knji\u017enici Ljubu\u0161ki, u okviru manifestacije \u201eKnji\u017eevni \u010detvrtak u Knji\u017enici Ljubu\u0161ki\u201c, uprili\u010deno je predstavljanje knjige \u201eLjubav i smrt\u201c knji\u017eevnice Marele Jerki\u0107 Jakovljevi\u0107.<\/strong><\/p>\n\n\n\n<p>Budu\u0107i da se knji\u017eevnica bavi i slikarstvom, ovom prigodom je izlo\u017eila i svoje slike.<\/p>\n\n\n\n<p>Uime organizatora JU \u201eK\u0160C\u201c Ljubu\u0161ki, nazo\u010dne ljubitelje pisane rije\u010di i umjetnosti srda\u010dno je pozdravio Ivica Vizentaner, koji je ujedno i moderirao programom.<\/p>\n\n\n\n<p>Svoj osvrt na zbirku poezije &#8220;Ljubav i smrt&#8221;, koja je prevedena i na talijanski jezik, kao i na izlo\u017ebeni postav, izuzev autorice Jerki\u0107 Jakovljevi\u0107, dali su knji\u017eevnici Sanijela Matkovi\u0107 i Mate Grbavac.<\/p>\n\n\n\n<p>Njezina poezija \u010dita se u jednom dahu. Iz te letargije autorica zna bljesnuti tajanstvenim sjajem, jednostavno\u0161\u0107u, zalediti dah svakog njezina kritika. Ve\u0107 vi\u0161e od 30 godina ustrajno zapisuje stihove iz srca iz potrebe. Zapisuje nagonski, instiktivno, diktaturom unutra\u0161nje potrebe, istaknuli su, me\u0111u ostalim, predstavlja\u010di, koji su pro\u010ditali nekolicinu pjesama iz knjige.<\/p>\n\n\n\n<p><strong>KRALJU NEBESKOM<\/strong><\/p>\n\n\n\n<p>Nato\u010di \u010da\u0161u<br>svojom krvlju:<br>ispit \u0107u bol.<br><br>Natopi mi rup\u010di\u0107 znojem<br>i protkat \u0107u sebe cijelu<br>tvojim umom.<br><br>Kruhom me nahrani<br>da kljucam kao ptica,<br>bez pohlepe<br>da osjetim lako\u0107u tijela.<\/p>\n\n\n\n<p>Plavilom me osoli,<br>tijelo mi ohladi,<br>bistro\u0107u uto\u010di u o\u010di.<\/p>\n\n\n\n<p>Olak\u0161aj du\u0161i nemir!<\/p>\n\n\n\n<p>Med grcam opori.<\/p>\n\n\n\n<p><strong>DUG JE MIR TVOJ<\/strong><\/p>\n\n\n\n<p>Dug je mir tvoj<\/p>\n\n\n\n<p>i vje\u010dan.<\/p>\n\n\n\n<p>Znao si<br>kad spusti\u0161 glavu u rosu<br>smiraj \u0107e\u0161 na\u0107i.<\/p>\n\n\n\n<p>Tad ne\u0107e biti vi\u0161e ni\u0161ta,<br>ni straha,<br>ni studeni<br>ni vatre.<br><br>Ja kroz gusti\u0161 sjena<br>ne zaboravljam tvoj lik,<\/p>\n\n\n\n<p>bljesak tvojih zjenica,<br>kao svjetionik.<br>\u010celo<br>na kojem mi je ostao<br>krik i osmijeh.<br><br>Al&#8217; kao da vidim<br>bestjelesnu sliku.<br>\u010cujem glas tvoj:<br>Ne oplakuj me, sestro,<br>rukama svojim obgrli \u017eivot<br>mladost moju<br>k&#8217;o prisegu nedovr\u0161enu.<br>Tamo gdje ja sam stao<br>ti nastavi dalje.<\/p>\n\n\n\n<blockquote class=\"wp-block-quote is-layout-flow wp-block-quote-is-layout-flow\"><p>Ukratko o autorici: Marela Jerki\u0107 Jakovljevi\u0107 ro\u0111ena je 26. prosinca 1956. godine u Mostaru. Objavila&nbsp; je \u0161est knjiga poezije: Ostani \u0161apat (1995.), Ljubav i smrt (1997.) &#8211; (prevedena na talijanski i njema\u010dki jezik), Pro\u0111i me pjesmom (1999.), Opijena sjenama, Stavimo sjaj ulja u svjetiljku i ja pripadam Moru.. Pjesme su joj uvr\u0161tene u Antologiju ljubavne, antiratne i duhovne poezije. Kao internacionalna pjesnikinja svoje promocije knjiga predstavljala je u Hrvatskoj, Italiji, Sloveniji, Njema\u010dkoj, \u0160vicarskoj i naravno, rodnoj Bosni i Hercegovini. Osim poezije pi\u0161e i prozu i bavi se slikarstvom. \u010clanica je Matice hrvatske (Zagreb- Mostar), HKD Napredak , La bohemina \u2013 Hamburg i dr.<\/p><\/blockquote>\n\n\n\n<figure class=\"wp-block-image\"><img decoding=\"async\" src=\"https:\/\/iks-portal.info\/images\/Foto_1.jpg\" alt=\"Foto_1.jpg\"\/><\/figure>\n\n\n\n<p><strong>Izvor: Iks-portal.info<\/strong><\/p>\n","protected":false},"excerpt":{"rendered":"<p>U Knji\u017enici Ljubu\u0161ki, u okviru manifestacije \u201eKnji\u017eevni \u010detvrtak u Knji\u017enici Ljubu\u0161ki\u201c, uprili\u010deno je predstavljanje knjige \u201eLjubav i smrt\u201c knji\u017eevnice Marele Jerki\u0107 Jakovljevi\u0107. Budu\u0107i da se knji\u017eevnica bavi i slikarstvom, ovom prigodom je izlo\u017eila i svoje slike. Uime organizatora JU \u201eK\u0160C\u201c Ljubu\u0161ki, nazo\u010dne ljubitelje pisane rije\u010di i umjetnosti srda\u010dno je pozdravio Ivica Vizentaner, koji je ujedno [&hellip;]<\/p>\n","protected":false},"author":2,"featured_media":144455,"comment_status":"closed","ping_status":"closed","sticky":false,"template":"","format":"standard","meta":{"h5ap_radio_sources":[],"footnotes":""},"categories":[3],"tags":[],"class_list":["post-144452","post","type-post","status-publish","format-standard","has-post-thumbnail","hentry","category-ljubuski"],"yoast_head":"<!-- This site is optimized with the Yoast SEO plugin v27.5 - https:\/\/yoast.com\/product\/yoast-seo-wordpress\/ -->\n<title>U Knji\u017enici Ljubu\u0161ki predstavljena knjiga \u201eLjubav i smrt\u201c autorice Marele Jerki\u0107 Jakovljevi\u0107 - RADIO LJUBU\u0160KI<\/title>\n<meta name=\"robots\" content=\"index, follow, max-snippet:-1, max-image-preview:large, max-video-preview:-1\" \/>\n<link rel=\"canonical\" href=\"https:\/\/radioljubuski.ba\/index.php\/2022\/05\/27\/u-knjiznici-ljubuski-predstavljena-knjiga-ljubav-i-smrt-autorice-marele-jerkic-jakovljevic\/\" \/>\n<meta property=\"og:locale\" content=\"hr_HR\" \/>\n<meta property=\"og:type\" content=\"article\" \/>\n<meta property=\"og:title\" content=\"U Knji\u017enici Ljubu\u0161ki predstavljena knjiga \u201eLjubav i smrt\u201c autorice Marele Jerki\u0107 Jakovljevi\u0107 - RADIO LJUBU\u0160KI\" \/>\n<meta property=\"og:description\" content=\"U Knji\u017enici Ljubu\u0161ki, u okviru manifestacije \u201eKnji\u017eevni \u010detvrtak u Knji\u017enici Ljubu\u0161ki\u201c, uprili\u010deno je predstavljanje knjige \u201eLjubav i smrt\u201c knji\u017eevnice Marele Jerki\u0107 Jakovljevi\u0107. Budu\u0107i da se knji\u017eevnica bavi i slikarstvom, ovom prigodom je izlo\u017eila i svoje slike. Uime organizatora JU \u201eK\u0160C\u201c Ljubu\u0161ki, nazo\u010dne ljubitelje pisane rije\u010di i umjetnosti srda\u010dno je pozdravio Ivica Vizentaner, koji je ujedno [&hellip;]\" \/>\n<meta property=\"og:url\" content=\"https:\/\/radioljubuski.ba\/index.php\/2022\/05\/27\/u-knjiznici-ljubuski-predstavljena-knjiga-ljubav-i-smrt-autorice-marele-jerkic-jakovljevic\/\" \/>\n<meta property=\"og:site_name\" content=\"RADIO LJUBU\u0160KI\" \/>\n<meta property=\"article:publisher\" content=\"https:\/\/www.facebook.com\/Radiio-Ljubuski-1490835324566332\" \/>\n<meta property=\"article:published_time\" content=\"2022-05-27T12:58:43+00:00\" \/>\n<meta property=\"article:modified_time\" content=\"2022-06-10T12:47:41+00:00\" \/>\n<meta property=\"og:image\" content=\"https:\/\/radioljubuski.ba\/wp-content\/uploads\/2022\/05\/marela-1-scaled.jpg\" \/>\n\t<meta property=\"og:image:width\" content=\"2560\" \/>\n\t<meta property=\"og:image:height\" content=\"1151\" \/>\n\t<meta property=\"og:image:type\" content=\"image\/jpeg\" \/>\n<meta name=\"author\" content=\"Radio Ljubu\u0161ki\" \/>\n<meta name=\"twitter:card\" content=\"summary_large_image\" \/>\n<meta name=\"twitter:creator\" content=\"@radioljubuski\" \/>\n<meta name=\"twitter:site\" content=\"@radioljubuski\" \/>\n<meta name=\"twitter:label1\" content=\"Napisao\/la\" \/>\n\t<meta name=\"twitter:data1\" content=\"Radio Ljubu\u0161ki\" \/>\n\t<meta name=\"twitter:label2\" content=\"Procijenjeno vrijeme \u010ditanja\" \/>\n\t<meta name=\"twitter:data2\" content=\"2 minute\" \/>\n<script type=\"application\/ld+json\" class=\"yoast-schema-graph\">{\"@context\":\"https:\\\/\\\/schema.org\",\"@graph\":[{\"@type\":\"Article\",\"@id\":\"https:\\\/\\\/radioljubuski.ba\\\/index.php\\\/2022\\\/05\\\/27\\\/u-knjiznici-ljubuski-predstavljena-knjiga-ljubav-i-smrt-autorice-marele-jerkic-jakovljevic\\\/#article\",\"isPartOf\":{\"@id\":\"https:\\\/\\\/radioljubuski.ba\\\/index.php\\\/2022\\\/05\\\/27\\\/u-knjiznici-ljubuski-predstavljena-knjiga-ljubav-i-smrt-autorice-marele-jerkic-jakovljevic\\\/\"},\"author\":{\"name\":\"Radio Ljubu\u0161ki\",\"@id\":\"https:\\\/\\\/radioljubuski.ba\\\/#\\\/schema\\\/person\\\/19fc700381a780f69665d7956c469e3b\"},\"headline\":\"U Knji\u017enici Ljubu\u0161ki predstavljena knjiga \u201eLjubav i smrt\u201c autorice Marele Jerki\u0107 Jakovljevi\u0107\",\"datePublished\":\"2022-05-27T12:58:43+00:00\",\"dateModified\":\"2022-06-10T12:47:41+00:00\",\"mainEntityOfPage\":{\"@id\":\"https:\\\/\\\/radioljubuski.ba\\\/index.php\\\/2022\\\/05\\\/27\\\/u-knjiznici-ljubuski-predstavljena-knjiga-ljubav-i-smrt-autorice-marele-jerkic-jakovljevic\\\/\"},\"wordCount\":416,\"publisher\":{\"@id\":\"https:\\\/\\\/radioljubuski.ba\\\/#organization\"},\"image\":{\"@id\":\"https:\\\/\\\/radioljubuski.ba\\\/index.php\\\/2022\\\/05\\\/27\\\/u-knjiznici-ljubuski-predstavljena-knjiga-ljubav-i-smrt-autorice-marele-jerkic-jakovljevic\\\/#primaryimage\"},\"thumbnailUrl\":\"https:\\\/\\\/radioljubuski.ba\\\/wp-content\\\/uploads\\\/2022\\\/05\\\/marela-1-scaled.jpg\",\"articleSection\":[\"Ljubu\u0161ki\"],\"inLanguage\":\"hr\"},{\"@type\":\"WebPage\",\"@id\":\"https:\\\/\\\/radioljubuski.ba\\\/index.php\\\/2022\\\/05\\\/27\\\/u-knjiznici-ljubuski-predstavljena-knjiga-ljubav-i-smrt-autorice-marele-jerkic-jakovljevic\\\/\",\"url\":\"https:\\\/\\\/radioljubuski.ba\\\/index.php\\\/2022\\\/05\\\/27\\\/u-knjiznici-ljubuski-predstavljena-knjiga-ljubav-i-smrt-autorice-marele-jerkic-jakovljevic\\\/\",\"name\":\"U Knji\u017enici Ljubu\u0161ki predstavljena knjiga \u201eLjubav i smrt\u201c autorice Marele Jerki\u0107 Jakovljevi\u0107 - RADIO LJUBU\u0160KI\",\"isPartOf\":{\"@id\":\"https:\\\/\\\/radioljubuski.ba\\\/#website\"},\"primaryImageOfPage\":{\"@id\":\"https:\\\/\\\/radioljubuski.ba\\\/index.php\\\/2022\\\/05\\\/27\\\/u-knjiznici-ljubuski-predstavljena-knjiga-ljubav-i-smrt-autorice-marele-jerkic-jakovljevic\\\/#primaryimage\"},\"image\":{\"@id\":\"https:\\\/\\\/radioljubuski.ba\\\/index.php\\\/2022\\\/05\\\/27\\\/u-knjiznici-ljubuski-predstavljena-knjiga-ljubav-i-smrt-autorice-marele-jerkic-jakovljevic\\\/#primaryimage\"},\"thumbnailUrl\":\"https:\\\/\\\/radioljubuski.ba\\\/wp-content\\\/uploads\\\/2022\\\/05\\\/marela-1-scaled.jpg\",\"datePublished\":\"2022-05-27T12:58:43+00:00\",\"dateModified\":\"2022-06-10T12:47:41+00:00\",\"breadcrumb\":{\"@id\":\"https:\\\/\\\/radioljubuski.ba\\\/index.php\\\/2022\\\/05\\\/27\\\/u-knjiznici-ljubuski-predstavljena-knjiga-ljubav-i-smrt-autorice-marele-jerkic-jakovljevic\\\/#breadcrumb\"},\"inLanguage\":\"hr\",\"potentialAction\":[{\"@type\":\"ReadAction\",\"target\":[\"https:\\\/\\\/radioljubuski.ba\\\/index.php\\\/2022\\\/05\\\/27\\\/u-knjiznici-ljubuski-predstavljena-knjiga-ljubav-i-smrt-autorice-marele-jerkic-jakovljevic\\\/\"]}]},{\"@type\":\"ImageObject\",\"inLanguage\":\"hr\",\"@id\":\"https:\\\/\\\/radioljubuski.ba\\\/index.php\\\/2022\\\/05\\\/27\\\/u-knjiznici-ljubuski-predstavljena-knjiga-ljubav-i-smrt-autorice-marele-jerkic-jakovljevic\\\/#primaryimage\",\"url\":\"https:\\\/\\\/radioljubuski.ba\\\/wp-content\\\/uploads\\\/2022\\\/05\\\/marela-1-scaled.jpg\",\"contentUrl\":\"https:\\\/\\\/radioljubuski.ba\\\/wp-content\\\/uploads\\\/2022\\\/05\\\/marela-1-scaled.jpg\",\"width\":2560,\"height\":1151},{\"@type\":\"BreadcrumbList\",\"@id\":\"https:\\\/\\\/radioljubuski.ba\\\/index.php\\\/2022\\\/05\\\/27\\\/u-knjiznici-ljubuski-predstavljena-knjiga-ljubav-i-smrt-autorice-marele-jerkic-jakovljevic\\\/#breadcrumb\",\"itemListElement\":[{\"@type\":\"ListItem\",\"position\":1,\"name\":\"Po\u010detna stranica\",\"item\":\"https:\\\/\\\/radioljubuski.ba\\\/\"},{\"@type\":\"ListItem\",\"position\":2,\"name\":\"U Knji\u017enici Ljubu\u0161ki predstavljena knjiga \u201eLjubav i smrt\u201c autorice Marele Jerki\u0107 Jakovljevi\u0107\"}]},{\"@type\":\"WebSite\",\"@id\":\"https:\\\/\\\/radioljubuski.ba\\\/#website\",\"url\":\"https:\\\/\\\/radioljubuski.ba\\\/\",\"name\":\"Radio Ljubu\u0161ki\",\"description\":\"Sun\u010dana frekvencija Hercegovine\",\"publisher\":{\"@id\":\"https:\\\/\\\/radioljubuski.ba\\\/#organization\"},\"potentialAction\":[{\"@type\":\"SearchAction\",\"target\":{\"@type\":\"EntryPoint\",\"urlTemplate\":\"https:\\\/\\\/radioljubuski.ba\\\/?s={search_term_string}\"},\"query-input\":{\"@type\":\"PropertyValueSpecification\",\"valueRequired\":true,\"valueName\":\"search_term_string\"}}],\"inLanguage\":\"hr\"},{\"@type\":\"Organization\",\"@id\":\"https:\\\/\\\/radioljubuski.ba\\\/#organization\",\"name\":\"Radio Ljubu\u0161ki\",\"url\":\"https:\\\/\\\/radioljubuski.ba\\\/\",\"logo\":{\"@type\":\"ImageObject\",\"inLanguage\":\"hr\",\"@id\":\"https:\\\/\\\/radioljubuski.ba\\\/#\\\/schema\\\/logo\\\/image\\\/\",\"url\":\"https:\\\/\\\/radioljubuski.ba\\\/wp-content\\\/uploads\\\/2021\\\/02\\\/cropped-Radio_Ljubuski_logo1.jpg\",\"contentUrl\":\"https:\\\/\\\/radioljubuski.ba\\\/wp-content\\\/uploads\\\/2021\\\/02\\\/cropped-Radio_Ljubuski_logo1.jpg\",\"width\":512,\"height\":512,\"caption\":\"Radio Ljubu\u0161ki\"},\"image\":{\"@id\":\"https:\\\/\\\/radioljubuski.ba\\\/#\\\/schema\\\/logo\\\/image\\\/\"},\"sameAs\":[\"https:\\\/\\\/www.facebook.com\\\/Radiio-Ljubuski-1490835324566332\",\"https:\\\/\\\/x.com\\\/radioljubuski\",\"https:\\\/\\\/hr.linkedin.com\\\/company\\\/radio-ljubuski\",\"https:\\\/\\\/www.youtube.com\\\/channel\\\/UCHYaeO_n0Db3tjNGudGpXyw\"]},{\"@type\":\"Person\",\"@id\":\"https:\\\/\\\/radioljubuski.ba\\\/#\\\/schema\\\/person\\\/19fc700381a780f69665d7956c469e3b\",\"name\":\"Radio Ljubu\u0161ki\"}]}<\/script>\n<!-- \/ Yoast SEO plugin. -->","yoast_head_json":{"title":"U Knji\u017enici Ljubu\u0161ki predstavljena knjiga \u201eLjubav i smrt\u201c autorice Marele Jerki\u0107 Jakovljevi\u0107 - RADIO LJUBU\u0160KI","robots":{"index":"index","follow":"follow","max-snippet":"max-snippet:-1","max-image-preview":"max-image-preview:large","max-video-preview":"max-video-preview:-1"},"canonical":"https:\/\/radioljubuski.ba\/index.php\/2022\/05\/27\/u-knjiznici-ljubuski-predstavljena-knjiga-ljubav-i-smrt-autorice-marele-jerkic-jakovljevic\/","og_locale":"hr_HR","og_type":"article","og_title":"U Knji\u017enici Ljubu\u0161ki predstavljena knjiga \u201eLjubav i smrt\u201c autorice Marele Jerki\u0107 Jakovljevi\u0107 - RADIO LJUBU\u0160KI","og_description":"U Knji\u017enici Ljubu\u0161ki, u okviru manifestacije \u201eKnji\u017eevni \u010detvrtak u Knji\u017enici Ljubu\u0161ki\u201c, uprili\u010deno je predstavljanje knjige \u201eLjubav i smrt\u201c knji\u017eevnice Marele Jerki\u0107 Jakovljevi\u0107. Budu\u0107i da se knji\u017eevnica bavi i slikarstvom, ovom prigodom je izlo\u017eila i svoje slike. Uime organizatora JU \u201eK\u0160C\u201c Ljubu\u0161ki, nazo\u010dne ljubitelje pisane rije\u010di i umjetnosti srda\u010dno je pozdravio Ivica Vizentaner, koji je ujedno [&hellip;]","og_url":"https:\/\/radioljubuski.ba\/index.php\/2022\/05\/27\/u-knjiznici-ljubuski-predstavljena-knjiga-ljubav-i-smrt-autorice-marele-jerkic-jakovljevic\/","og_site_name":"RADIO LJUBU\u0160KI","article_publisher":"https:\/\/www.facebook.com\/Radiio-Ljubuski-1490835324566332","article_published_time":"2022-05-27T12:58:43+00:00","article_modified_time":"2022-06-10T12:47:41+00:00","og_image":[{"width":2560,"height":1151,"url":"https:\/\/radioljubuski.ba\/wp-content\/uploads\/2022\/05\/marela-1-scaled.jpg","type":"image\/jpeg"}],"author":"Radio Ljubu\u0161ki","twitter_card":"summary_large_image","twitter_creator":"@radioljubuski","twitter_site":"@radioljubuski","twitter_misc":{"Napisao\/la":"Radio Ljubu\u0161ki","Procijenjeno vrijeme \u010ditanja":"2 minute"},"schema":{"@context":"https:\/\/schema.org","@graph":[{"@type":"Article","@id":"https:\/\/radioljubuski.ba\/index.php\/2022\/05\/27\/u-knjiznici-ljubuski-predstavljena-knjiga-ljubav-i-smrt-autorice-marele-jerkic-jakovljevic\/#article","isPartOf":{"@id":"https:\/\/radioljubuski.ba\/index.php\/2022\/05\/27\/u-knjiznici-ljubuski-predstavljena-knjiga-ljubav-i-smrt-autorice-marele-jerkic-jakovljevic\/"},"author":{"name":"Radio Ljubu\u0161ki","@id":"https:\/\/radioljubuski.ba\/#\/schema\/person\/19fc700381a780f69665d7956c469e3b"},"headline":"U Knji\u017enici Ljubu\u0161ki predstavljena knjiga \u201eLjubav i smrt\u201c autorice Marele Jerki\u0107 Jakovljevi\u0107","datePublished":"2022-05-27T12:58:43+00:00","dateModified":"2022-06-10T12:47:41+00:00","mainEntityOfPage":{"@id":"https:\/\/radioljubuski.ba\/index.php\/2022\/05\/27\/u-knjiznici-ljubuski-predstavljena-knjiga-ljubav-i-smrt-autorice-marele-jerkic-jakovljevic\/"},"wordCount":416,"publisher":{"@id":"https:\/\/radioljubuski.ba\/#organization"},"image":{"@id":"https:\/\/radioljubuski.ba\/index.php\/2022\/05\/27\/u-knjiznici-ljubuski-predstavljena-knjiga-ljubav-i-smrt-autorice-marele-jerkic-jakovljevic\/#primaryimage"},"thumbnailUrl":"https:\/\/radioljubuski.ba\/wp-content\/uploads\/2022\/05\/marela-1-scaled.jpg","articleSection":["Ljubu\u0161ki"],"inLanguage":"hr"},{"@type":"WebPage","@id":"https:\/\/radioljubuski.ba\/index.php\/2022\/05\/27\/u-knjiznici-ljubuski-predstavljena-knjiga-ljubav-i-smrt-autorice-marele-jerkic-jakovljevic\/","url":"https:\/\/radioljubuski.ba\/index.php\/2022\/05\/27\/u-knjiznici-ljubuski-predstavljena-knjiga-ljubav-i-smrt-autorice-marele-jerkic-jakovljevic\/","name":"U Knji\u017enici Ljubu\u0161ki predstavljena knjiga \u201eLjubav i smrt\u201c autorice Marele Jerki\u0107 Jakovljevi\u0107 - RADIO LJUBU\u0160KI","isPartOf":{"@id":"https:\/\/radioljubuski.ba\/#website"},"primaryImageOfPage":{"@id":"https:\/\/radioljubuski.ba\/index.php\/2022\/05\/27\/u-knjiznici-ljubuski-predstavljena-knjiga-ljubav-i-smrt-autorice-marele-jerkic-jakovljevic\/#primaryimage"},"image":{"@id":"https:\/\/radioljubuski.ba\/index.php\/2022\/05\/27\/u-knjiznici-ljubuski-predstavljena-knjiga-ljubav-i-smrt-autorice-marele-jerkic-jakovljevic\/#primaryimage"},"thumbnailUrl":"https:\/\/radioljubuski.ba\/wp-content\/uploads\/2022\/05\/marela-1-scaled.jpg","datePublished":"2022-05-27T12:58:43+00:00","dateModified":"2022-06-10T12:47:41+00:00","breadcrumb":{"@id":"https:\/\/radioljubuski.ba\/index.php\/2022\/05\/27\/u-knjiznici-ljubuski-predstavljena-knjiga-ljubav-i-smrt-autorice-marele-jerkic-jakovljevic\/#breadcrumb"},"inLanguage":"hr","potentialAction":[{"@type":"ReadAction","target":["https:\/\/radioljubuski.ba\/index.php\/2022\/05\/27\/u-knjiznici-ljubuski-predstavljena-knjiga-ljubav-i-smrt-autorice-marele-jerkic-jakovljevic\/"]}]},{"@type":"ImageObject","inLanguage":"hr","@id":"https:\/\/radioljubuski.ba\/index.php\/2022\/05\/27\/u-knjiznici-ljubuski-predstavljena-knjiga-ljubav-i-smrt-autorice-marele-jerkic-jakovljevic\/#primaryimage","url":"https:\/\/radioljubuski.ba\/wp-content\/uploads\/2022\/05\/marela-1-scaled.jpg","contentUrl":"https:\/\/radioljubuski.ba\/wp-content\/uploads\/2022\/05\/marela-1-scaled.jpg","width":2560,"height":1151},{"@type":"BreadcrumbList","@id":"https:\/\/radioljubuski.ba\/index.php\/2022\/05\/27\/u-knjiznici-ljubuski-predstavljena-knjiga-ljubav-i-smrt-autorice-marele-jerkic-jakovljevic\/#breadcrumb","itemListElement":[{"@type":"ListItem","position":1,"name":"Po\u010detna stranica","item":"https:\/\/radioljubuski.ba\/"},{"@type":"ListItem","position":2,"name":"U Knji\u017enici Ljubu\u0161ki predstavljena knjiga \u201eLjubav i smrt\u201c autorice Marele Jerki\u0107 Jakovljevi\u0107"}]},{"@type":"WebSite","@id":"https:\/\/radioljubuski.ba\/#website","url":"https:\/\/radioljubuski.ba\/","name":"Radio Ljubu\u0161ki","description":"Sun\u010dana frekvencija Hercegovine","publisher":{"@id":"https:\/\/radioljubuski.ba\/#organization"},"potentialAction":[{"@type":"SearchAction","target":{"@type":"EntryPoint","urlTemplate":"https:\/\/radioljubuski.ba\/?s={search_term_string}"},"query-input":{"@type":"PropertyValueSpecification","valueRequired":true,"valueName":"search_term_string"}}],"inLanguage":"hr"},{"@type":"Organization","@id":"https:\/\/radioljubuski.ba\/#organization","name":"Radio Ljubu\u0161ki","url":"https:\/\/radioljubuski.ba\/","logo":{"@type":"ImageObject","inLanguage":"hr","@id":"https:\/\/radioljubuski.ba\/#\/schema\/logo\/image\/","url":"https:\/\/radioljubuski.ba\/wp-content\/uploads\/2021\/02\/cropped-Radio_Ljubuski_logo1.jpg","contentUrl":"https:\/\/radioljubuski.ba\/wp-content\/uploads\/2021\/02\/cropped-Radio_Ljubuski_logo1.jpg","width":512,"height":512,"caption":"Radio Ljubu\u0161ki"},"image":{"@id":"https:\/\/radioljubuski.ba\/#\/schema\/logo\/image\/"},"sameAs":["https:\/\/www.facebook.com\/Radiio-Ljubuski-1490835324566332","https:\/\/x.com\/radioljubuski","https:\/\/hr.linkedin.com\/company\/radio-ljubuski","https:\/\/www.youtube.com\/channel\/UCHYaeO_n0Db3tjNGudGpXyw"]},{"@type":"Person","@id":"https:\/\/radioljubuski.ba\/#\/schema\/person\/19fc700381a780f69665d7956c469e3b","name":"Radio Ljubu\u0161ki"}]}},"_links":{"self":[{"href":"https:\/\/radioljubuski.ba\/index.php\/wp-json\/wp\/v2\/posts\/144452","targetHints":{"allow":["GET"]}}],"collection":[{"href":"https:\/\/radioljubuski.ba\/index.php\/wp-json\/wp\/v2\/posts"}],"about":[{"href":"https:\/\/radioljubuski.ba\/index.php\/wp-json\/wp\/v2\/types\/post"}],"author":[{"embeddable":true,"href":"https:\/\/radioljubuski.ba\/index.php\/wp-json\/wp\/v2\/users\/2"}],"replies":[{"embeddable":true,"href":"https:\/\/radioljubuski.ba\/index.php\/wp-json\/wp\/v2\/comments?post=144452"}],"version-history":[{"count":2,"href":"https:\/\/radioljubuski.ba\/index.php\/wp-json\/wp\/v2\/posts\/144452\/revisions"}],"predecessor-version":[{"id":148318,"href":"https:\/\/radioljubuski.ba\/index.php\/wp-json\/wp\/v2\/posts\/144452\/revisions\/148318"}],"wp:featuredmedia":[{"embeddable":true,"href":"https:\/\/radioljubuski.ba\/index.php\/wp-json\/wp\/v2\/media\/144455"}],"wp:attachment":[{"href":"https:\/\/radioljubuski.ba\/index.php\/wp-json\/wp\/v2\/media?parent=144452"}],"wp:term":[{"taxonomy":"category","embeddable":true,"href":"https:\/\/radioljubuski.ba\/index.php\/wp-json\/wp\/v2\/categories?post=144452"},{"taxonomy":"post_tag","embeddable":true,"href":"https:\/\/radioljubuski.ba\/index.php\/wp-json\/wp\/v2\/tags?post=144452"}],"curies":[{"name":"wp","href":"https:\/\/api.w.org\/{rel}","templated":true}]}}