{"id":144456,"date":"2022-05-27T13:59:41","date_gmt":"2022-05-27T12:59:41","guid":{"rendered":"https:\/\/radioljubuski.ba\/?p=144456"},"modified":"2022-05-27T13:59:43","modified_gmt":"2022-05-27T12:59:43","slug":"majka-i-kci-bijesne-dva-koktela-i-malo-mesa-raka-su-nam-naplatili-598-eura","status":"publish","type":"post","link":"https:\/\/radioljubuski.ba\/index.php\/2022\/05\/27\/majka-i-kci-bijesne-dva-koktela-i-malo-mesa-raka-su-nam-naplatili-598-eura\/","title":{"rendered":"Majka i k\u0107i bijesne: &#8220;Dva koktela i malo mesa raka su nam naplatili 598 eura&#8221;"},"content":{"rendered":"\n<p>Brenda i Kaelya Moulton, majka i k\u0107i koje su nedavno posjetile gr\u010dki otok Mikonos, popularnu turisti\u010dku destinaciju, bile su neugodno iznena\u0111ene ra\u010dunom koji su dobile u jednom restoranu. Amerikanke su naru\u010dile dijelove raka i dva koktela, za \u0161to im je ispostavljen ra\u010dun od 598 eura.<\/p>\n\n\n\n<p>Brenda je brojnim svjetskim medijima ispri\u010dala kako su namjeravale provesti idili\u010dni dan na pla\u017ei, ali da ih je osoblje restorana DK Oyster natjeralo da naru\u010de hranu jer su se navodno odmarale na njihovim le\u017ealjkama.<\/p>\n\n\n\n<p>Kad je dobila ra\u010dun, rekla je osoblju restorana da dva mojita i dvije noge od raka ne vrijede toliko i da je poku\u0161avaju prevariti. &#8220;Rekla sam da \u0107u pozvati policiju. Oni su mi rekli neka samo pozovem policiju, da \u0107e me policija privesti i da ne\u0107u smjeti napustiti zemlju&#8221;, ispri\u010dala je za Inside Edition.<\/p>\n\n\n\n<p>Kad je napustila restoran, Brenda je drugim turistima po\u010dela govoriti da ne ulaze, ali je vlasnik iza\u0161ao i po\u010deo vikati na nju. Tada joj je navodno pri\u0161la nepoznata \u017eena i rekla da je na istom mjestu ve\u0107 vidjela sli\u010dnu scenu te da se umije\u0161ala i policija.<\/p>\n\n\n\n<figure class=\"wp-block-image\"><img decoding=\"async\" src=\"https:\/\/storage.pogled.ba\/images\/0639\/cc72\/228064\/original\/8-2022-05-27-09-23-29-GRCKA.webp\" alt=\"8-2022-05-27-09-23-29-GRCKA.webp\"\/><\/figure>\n\n\n\n<p>U me\u0111uvremenu je restoranu, u samo nekoliko dana, ocjena na Trip Advisoru spu\u0161tena na 2.5, a \u010dak 500 ljudi mu je dalo najgoru ocjenu.<\/p>\n\n\n\n<p>&#8220;Njihovi konobari su nas nagovorili da ve\u010deramo kod njih, nudili su nam ugodnu ve\u010deru na suncu. Morali smo odabrati hranu s menija koji nije imao cijenu. Da skratim pri\u010du, na\u0161a je \u0161estero\u010dlana obitelj na jedan obrok potro\u0161ila koliko i na pet no\u0107i u hotelu&#8221;, napisao je jedan ogor\u010deni turist.<\/p>\n\n\n\n<p>&#8220;Velika prevara! Nagovore te da jede\u0161 ondje i onda za aperitive naplate neke apsurdne cifre, i u\u017easno su nepristojni! Ne idite tamo!&#8221; napisala je jedna gospo\u0111a.<\/p>\n\n\n\n<p>&#8220;To mjesto je u\u017easno. Prijetili su nam, prakti\u010dno su nas pokrali i onda su jo\u0161 prijetili da \u0107e zvati policiju, koja je o\u010dito na njihovoj platnoj listi. To mjesto treba zatvoriti&#8221;, po\u017ealila se jo\u0161 jedna gospo\u0111a.<\/p>\n\n\n\n<p>Iz restorana DK Oyster su odgovorili kako nikome ne moraju obja\u0161njavati iznose svojih cijena: &#8220;Biste li pitali Bugatti za\u0161to napla\u0107uju onoliko koliko napla\u0107uju? Biste li zamolili sve luksuzne brendove da opravdaju svoje cijene? Mo\u017eete se odlu\u010diti za jeftinije proizvode i usluge. Nema monopola.&#8221;, prenosi <a href=\"https:\/\/www.index.hr\/magazin\/clanak\/americke-turistice-bijesne-dva-koktela-i-malo-mesa-raka-nam-naplatili-4500-kuna\/2367354.aspx?index_tid=223351&amp;index_ref=naslovnica_magazin_najnovije_d\" target=\"_blank\" rel=\"noreferrer noopener\">Index.<\/a><\/p>\n\n\n\n<p>Izvor:indeks.hr<\/p>\n","protected":false},"excerpt":{"rendered":"<p>Brenda i Kaelya Moulton, majka i k\u0107i koje su nedavno posjetile gr\u010dki otok Mikonos, popularnu turisti\u010dku destinaciju, bile su neugodno iznena\u0111ene ra\u010dunom koji su dobile u jednom restoranu. Amerikanke su naru\u010dile dijelove raka i dva koktela, za \u0161to im je ispostavljen ra\u010dun od 598 eura. Brenda je brojnim svjetskim medijima ispri\u010dala kako su namjeravale provesti [&hellip;]<\/p>\n","protected":false},"author":2,"featured_media":144458,"comment_status":"closed","ping_status":"closed","sticky":false,"template":"","format":"standard","meta":{"h5ap_radio_sources":[],"footnotes":""},"categories":[1],"tags":[],"class_list":["post-144456","post","type-post","status-publish","format-standard","has-post-thumbnail","hentry","category-bihiregija"],"yoast_head":"<!-- This site is optimized with the Yoast SEO plugin v27.5 - https:\/\/yoast.com\/product\/yoast-seo-wordpress\/ -->\n<title>Majka i k\u0107i bijesne: &quot;Dva koktela i malo mesa raka su nam naplatili 598 eura&quot; - RADIO LJUBU\u0160KI<\/title>\n<meta name=\"robots\" content=\"index, follow, max-snippet:-1, max-image-preview:large, max-video-preview:-1\" \/>\n<link rel=\"canonical\" href=\"https:\/\/radioljubuski.ba\/index.php\/2022\/05\/27\/majka-i-kci-bijesne-dva-koktela-i-malo-mesa-raka-su-nam-naplatili-598-eura\/\" \/>\n<meta property=\"og:locale\" content=\"hr_HR\" \/>\n<meta property=\"og:type\" content=\"article\" \/>\n<meta property=\"og:title\" content=\"Majka i k\u0107i bijesne: &quot;Dva koktela i malo mesa raka su nam naplatili 598 eura&quot; - RADIO LJUBU\u0160KI\" \/>\n<meta property=\"og:description\" content=\"Brenda i Kaelya Moulton, majka i k\u0107i koje su nedavno posjetile gr\u010dki otok Mikonos, popularnu turisti\u010dku destinaciju, bile su neugodno iznena\u0111ene ra\u010dunom koji su dobile u jednom restoranu. Amerikanke su naru\u010dile dijelove raka i dva koktela, za \u0161to im je ispostavljen ra\u010dun od 598 eura. Brenda je brojnim svjetskim medijima ispri\u010dala kako su namjeravale provesti [&hellip;]\" \/>\n<meta property=\"og:url\" content=\"https:\/\/radioljubuski.ba\/index.php\/2022\/05\/27\/majka-i-kci-bijesne-dva-koktela-i-malo-mesa-raka-su-nam-naplatili-598-eura\/\" \/>\n<meta property=\"og:site_name\" content=\"RADIO LJUBU\u0160KI\" \/>\n<meta property=\"article:publisher\" content=\"https:\/\/www.facebook.com\/Radiio-Ljubuski-1490835324566332\" \/>\n<meta property=\"article:published_time\" content=\"2022-05-27T12:59:41+00:00\" \/>\n<meta property=\"article:modified_time\" content=\"2022-05-27T12:59:43+00:00\" \/>\n<meta property=\"og:image\" content=\"https:\/\/radioljubuski.ba\/wp-content\/uploads\/2022\/05\/8-2022-05-27-09-23-27-MAJKA-I-KCI.jpg\" \/>\n\t<meta property=\"og:image:width\" content=\"1000\" \/>\n\t<meta property=\"og:image:height\" content=\"625\" \/>\n\t<meta property=\"og:image:type\" content=\"image\/jpeg\" \/>\n<meta name=\"author\" content=\"Radio Ljubu\u0161ki\" \/>\n<meta name=\"twitter:card\" content=\"summary_large_image\" \/>\n<meta name=\"twitter:creator\" content=\"@radioljubuski\" \/>\n<meta name=\"twitter:site\" content=\"@radioljubuski\" \/>\n<meta name=\"twitter:label1\" content=\"Napisao\/la\" \/>\n\t<meta name=\"twitter:data1\" content=\"Radio Ljubu\u0161ki\" \/>\n\t<meta name=\"twitter:label2\" content=\"Procijenjeno vrijeme \u010ditanja\" \/>\n\t<meta name=\"twitter:data2\" content=\"2 minute\" \/>\n<script type=\"application\/ld+json\" class=\"yoast-schema-graph\">{\"@context\":\"https:\\\/\\\/schema.org\",\"@graph\":[{\"@type\":\"Article\",\"@id\":\"https:\\\/\\\/radioljubuski.ba\\\/index.php\\\/2022\\\/05\\\/27\\\/majka-i-kci-bijesne-dva-koktela-i-malo-mesa-raka-su-nam-naplatili-598-eura\\\/#article\",\"isPartOf\":{\"@id\":\"https:\\\/\\\/radioljubuski.ba\\\/index.php\\\/2022\\\/05\\\/27\\\/majka-i-kci-bijesne-dva-koktela-i-malo-mesa-raka-su-nam-naplatili-598-eura\\\/\"},\"author\":{\"name\":\"Radio Ljubu\u0161ki\",\"@id\":\"https:\\\/\\\/radioljubuski.ba\\\/#\\\/schema\\\/person\\\/19fc700381a780f69665d7956c469e3b\"},\"headline\":\"Majka i k\u0107i bijesne: &#8220;Dva koktela i malo mesa raka su nam naplatili 598 eura&#8221;\",\"datePublished\":\"2022-05-27T12:59:41+00:00\",\"dateModified\":\"2022-05-27T12:59:43+00:00\",\"mainEntityOfPage\":{\"@id\":\"https:\\\/\\\/radioljubuski.ba\\\/index.php\\\/2022\\\/05\\\/27\\\/majka-i-kci-bijesne-dva-koktela-i-malo-mesa-raka-su-nam-naplatili-598-eura\\\/\"},\"wordCount\":419,\"publisher\":{\"@id\":\"https:\\\/\\\/radioljubuski.ba\\\/#organization\"},\"image\":{\"@id\":\"https:\\\/\\\/radioljubuski.ba\\\/index.php\\\/2022\\\/05\\\/27\\\/majka-i-kci-bijesne-dva-koktela-i-malo-mesa-raka-su-nam-naplatili-598-eura\\\/#primaryimage\"},\"thumbnailUrl\":\"https:\\\/\\\/radioljubuski.ba\\\/wp-content\\\/uploads\\\/2022\\\/05\\\/8-2022-05-27-09-23-27-MAJKA-I-KCI.jpg\",\"articleSection\":[\"BIH i regija\"],\"inLanguage\":\"hr\"},{\"@type\":\"WebPage\",\"@id\":\"https:\\\/\\\/radioljubuski.ba\\\/index.php\\\/2022\\\/05\\\/27\\\/majka-i-kci-bijesne-dva-koktela-i-malo-mesa-raka-su-nam-naplatili-598-eura\\\/\",\"url\":\"https:\\\/\\\/radioljubuski.ba\\\/index.php\\\/2022\\\/05\\\/27\\\/majka-i-kci-bijesne-dva-koktela-i-malo-mesa-raka-su-nam-naplatili-598-eura\\\/\",\"name\":\"Majka i k\u0107i bijesne: \\\"Dva koktela i malo mesa raka su nam naplatili 598 eura\\\" - RADIO LJUBU\u0160KI\",\"isPartOf\":{\"@id\":\"https:\\\/\\\/radioljubuski.ba\\\/#website\"},\"primaryImageOfPage\":{\"@id\":\"https:\\\/\\\/radioljubuski.ba\\\/index.php\\\/2022\\\/05\\\/27\\\/majka-i-kci-bijesne-dva-koktela-i-malo-mesa-raka-su-nam-naplatili-598-eura\\\/#primaryimage\"},\"image\":{\"@id\":\"https:\\\/\\\/radioljubuski.ba\\\/index.php\\\/2022\\\/05\\\/27\\\/majka-i-kci-bijesne-dva-koktela-i-malo-mesa-raka-su-nam-naplatili-598-eura\\\/#primaryimage\"},\"thumbnailUrl\":\"https:\\\/\\\/radioljubuski.ba\\\/wp-content\\\/uploads\\\/2022\\\/05\\\/8-2022-05-27-09-23-27-MAJKA-I-KCI.jpg\",\"datePublished\":\"2022-05-27T12:59:41+00:00\",\"dateModified\":\"2022-05-27T12:59:43+00:00\",\"breadcrumb\":{\"@id\":\"https:\\\/\\\/radioljubuski.ba\\\/index.php\\\/2022\\\/05\\\/27\\\/majka-i-kci-bijesne-dva-koktela-i-malo-mesa-raka-su-nam-naplatili-598-eura\\\/#breadcrumb\"},\"inLanguage\":\"hr\",\"potentialAction\":[{\"@type\":\"ReadAction\",\"target\":[\"https:\\\/\\\/radioljubuski.ba\\\/index.php\\\/2022\\\/05\\\/27\\\/majka-i-kci-bijesne-dva-koktela-i-malo-mesa-raka-su-nam-naplatili-598-eura\\\/\"]}]},{\"@type\":\"ImageObject\",\"inLanguage\":\"hr\",\"@id\":\"https:\\\/\\\/radioljubuski.ba\\\/index.php\\\/2022\\\/05\\\/27\\\/majka-i-kci-bijesne-dva-koktela-i-malo-mesa-raka-su-nam-naplatili-598-eura\\\/#primaryimage\",\"url\":\"https:\\\/\\\/radioljubuski.ba\\\/wp-content\\\/uploads\\\/2022\\\/05\\\/8-2022-05-27-09-23-27-MAJKA-I-KCI.jpg\",\"contentUrl\":\"https:\\\/\\\/radioljubuski.ba\\\/wp-content\\\/uploads\\\/2022\\\/05\\\/8-2022-05-27-09-23-27-MAJKA-I-KCI.jpg\",\"width\":1000,\"height\":625},{\"@type\":\"BreadcrumbList\",\"@id\":\"https:\\\/\\\/radioljubuski.ba\\\/index.php\\\/2022\\\/05\\\/27\\\/majka-i-kci-bijesne-dva-koktela-i-malo-mesa-raka-su-nam-naplatili-598-eura\\\/#breadcrumb\",\"itemListElement\":[{\"@type\":\"ListItem\",\"position\":1,\"name\":\"Po\u010detna stranica\",\"item\":\"https:\\\/\\\/radioljubuski.ba\\\/\"},{\"@type\":\"ListItem\",\"position\":2,\"name\":\"Majka i k\u0107i bijesne: &#8220;Dva koktela i malo mesa raka su nam naplatili 598 eura&#8221;\"}]},{\"@type\":\"WebSite\",\"@id\":\"https:\\\/\\\/radioljubuski.ba\\\/#website\",\"url\":\"https:\\\/\\\/radioljubuski.ba\\\/\",\"name\":\"Radio Ljubu\u0161ki\",\"description\":\"Sun\u010dana frekvencija Hercegovine\",\"publisher\":{\"@id\":\"https:\\\/\\\/radioljubuski.ba\\\/#organization\"},\"potentialAction\":[{\"@type\":\"SearchAction\",\"target\":{\"@type\":\"EntryPoint\",\"urlTemplate\":\"https:\\\/\\\/radioljubuski.ba\\\/?s={search_term_string}\"},\"query-input\":{\"@type\":\"PropertyValueSpecification\",\"valueRequired\":true,\"valueName\":\"search_term_string\"}}],\"inLanguage\":\"hr\"},{\"@type\":\"Organization\",\"@id\":\"https:\\\/\\\/radioljubuski.ba\\\/#organization\",\"name\":\"Radio Ljubu\u0161ki\",\"url\":\"https:\\\/\\\/radioljubuski.ba\\\/\",\"logo\":{\"@type\":\"ImageObject\",\"inLanguage\":\"hr\",\"@id\":\"https:\\\/\\\/radioljubuski.ba\\\/#\\\/schema\\\/logo\\\/image\\\/\",\"url\":\"https:\\\/\\\/radioljubuski.ba\\\/wp-content\\\/uploads\\\/2021\\\/02\\\/cropped-Radio_Ljubuski_logo1.jpg\",\"contentUrl\":\"https:\\\/\\\/radioljubuski.ba\\\/wp-content\\\/uploads\\\/2021\\\/02\\\/cropped-Radio_Ljubuski_logo1.jpg\",\"width\":512,\"height\":512,\"caption\":\"Radio Ljubu\u0161ki\"},\"image\":{\"@id\":\"https:\\\/\\\/radioljubuski.ba\\\/#\\\/schema\\\/logo\\\/image\\\/\"},\"sameAs\":[\"https:\\\/\\\/www.facebook.com\\\/Radiio-Ljubuski-1490835324566332\",\"https:\\\/\\\/x.com\\\/radioljubuski\",\"https:\\\/\\\/hr.linkedin.com\\\/company\\\/radio-ljubuski\",\"https:\\\/\\\/www.youtube.com\\\/channel\\\/UCHYaeO_n0Db3tjNGudGpXyw\"]},{\"@type\":\"Person\",\"@id\":\"https:\\\/\\\/radioljubuski.ba\\\/#\\\/schema\\\/person\\\/19fc700381a780f69665d7956c469e3b\",\"name\":\"Radio Ljubu\u0161ki\"}]}<\/script>\n<!-- \/ Yoast SEO plugin. -->","yoast_head_json":{"title":"Majka i k\u0107i bijesne: \"Dva koktela i malo mesa raka su nam naplatili 598 eura\" - RADIO LJUBU\u0160KI","robots":{"index":"index","follow":"follow","max-snippet":"max-snippet:-1","max-image-preview":"max-image-preview:large","max-video-preview":"max-video-preview:-1"},"canonical":"https:\/\/radioljubuski.ba\/index.php\/2022\/05\/27\/majka-i-kci-bijesne-dva-koktela-i-malo-mesa-raka-su-nam-naplatili-598-eura\/","og_locale":"hr_HR","og_type":"article","og_title":"Majka i k\u0107i bijesne: \"Dva koktela i malo mesa raka su nam naplatili 598 eura\" - RADIO LJUBU\u0160KI","og_description":"Brenda i Kaelya Moulton, majka i k\u0107i koje su nedavno posjetile gr\u010dki otok Mikonos, popularnu turisti\u010dku destinaciju, bile su neugodno iznena\u0111ene ra\u010dunom koji su dobile u jednom restoranu. Amerikanke su naru\u010dile dijelove raka i dva koktela, za \u0161to im je ispostavljen ra\u010dun od 598 eura. Brenda je brojnim svjetskim medijima ispri\u010dala kako su namjeravale provesti [&hellip;]","og_url":"https:\/\/radioljubuski.ba\/index.php\/2022\/05\/27\/majka-i-kci-bijesne-dva-koktela-i-malo-mesa-raka-su-nam-naplatili-598-eura\/","og_site_name":"RADIO LJUBU\u0160KI","article_publisher":"https:\/\/www.facebook.com\/Radiio-Ljubuski-1490835324566332","article_published_time":"2022-05-27T12:59:41+00:00","article_modified_time":"2022-05-27T12:59:43+00:00","og_image":[{"width":1000,"height":625,"url":"https:\/\/radioljubuski.ba\/wp-content\/uploads\/2022\/05\/8-2022-05-27-09-23-27-MAJKA-I-KCI.jpg","type":"image\/jpeg"}],"author":"Radio Ljubu\u0161ki","twitter_card":"summary_large_image","twitter_creator":"@radioljubuski","twitter_site":"@radioljubuski","twitter_misc":{"Napisao\/la":"Radio Ljubu\u0161ki","Procijenjeno vrijeme \u010ditanja":"2 minute"},"schema":{"@context":"https:\/\/schema.org","@graph":[{"@type":"Article","@id":"https:\/\/radioljubuski.ba\/index.php\/2022\/05\/27\/majka-i-kci-bijesne-dva-koktela-i-malo-mesa-raka-su-nam-naplatili-598-eura\/#article","isPartOf":{"@id":"https:\/\/radioljubuski.ba\/index.php\/2022\/05\/27\/majka-i-kci-bijesne-dva-koktela-i-malo-mesa-raka-su-nam-naplatili-598-eura\/"},"author":{"name":"Radio Ljubu\u0161ki","@id":"https:\/\/radioljubuski.ba\/#\/schema\/person\/19fc700381a780f69665d7956c469e3b"},"headline":"Majka i k\u0107i bijesne: &#8220;Dva koktela i malo mesa raka su nam naplatili 598 eura&#8221;","datePublished":"2022-05-27T12:59:41+00:00","dateModified":"2022-05-27T12:59:43+00:00","mainEntityOfPage":{"@id":"https:\/\/radioljubuski.ba\/index.php\/2022\/05\/27\/majka-i-kci-bijesne-dva-koktela-i-malo-mesa-raka-su-nam-naplatili-598-eura\/"},"wordCount":419,"publisher":{"@id":"https:\/\/radioljubuski.ba\/#organization"},"image":{"@id":"https:\/\/radioljubuski.ba\/index.php\/2022\/05\/27\/majka-i-kci-bijesne-dva-koktela-i-malo-mesa-raka-su-nam-naplatili-598-eura\/#primaryimage"},"thumbnailUrl":"https:\/\/radioljubuski.ba\/wp-content\/uploads\/2022\/05\/8-2022-05-27-09-23-27-MAJKA-I-KCI.jpg","articleSection":["BIH i regija"],"inLanguage":"hr"},{"@type":"WebPage","@id":"https:\/\/radioljubuski.ba\/index.php\/2022\/05\/27\/majka-i-kci-bijesne-dva-koktela-i-malo-mesa-raka-su-nam-naplatili-598-eura\/","url":"https:\/\/radioljubuski.ba\/index.php\/2022\/05\/27\/majka-i-kci-bijesne-dva-koktela-i-malo-mesa-raka-su-nam-naplatili-598-eura\/","name":"Majka i k\u0107i bijesne: \"Dva koktela i malo mesa raka su nam naplatili 598 eura\" - RADIO LJUBU\u0160KI","isPartOf":{"@id":"https:\/\/radioljubuski.ba\/#website"},"primaryImageOfPage":{"@id":"https:\/\/radioljubuski.ba\/index.php\/2022\/05\/27\/majka-i-kci-bijesne-dva-koktela-i-malo-mesa-raka-su-nam-naplatili-598-eura\/#primaryimage"},"image":{"@id":"https:\/\/radioljubuski.ba\/index.php\/2022\/05\/27\/majka-i-kci-bijesne-dva-koktela-i-malo-mesa-raka-su-nam-naplatili-598-eura\/#primaryimage"},"thumbnailUrl":"https:\/\/radioljubuski.ba\/wp-content\/uploads\/2022\/05\/8-2022-05-27-09-23-27-MAJKA-I-KCI.jpg","datePublished":"2022-05-27T12:59:41+00:00","dateModified":"2022-05-27T12:59:43+00:00","breadcrumb":{"@id":"https:\/\/radioljubuski.ba\/index.php\/2022\/05\/27\/majka-i-kci-bijesne-dva-koktela-i-malo-mesa-raka-su-nam-naplatili-598-eura\/#breadcrumb"},"inLanguage":"hr","potentialAction":[{"@type":"ReadAction","target":["https:\/\/radioljubuski.ba\/index.php\/2022\/05\/27\/majka-i-kci-bijesne-dva-koktela-i-malo-mesa-raka-su-nam-naplatili-598-eura\/"]}]},{"@type":"ImageObject","inLanguage":"hr","@id":"https:\/\/radioljubuski.ba\/index.php\/2022\/05\/27\/majka-i-kci-bijesne-dva-koktela-i-malo-mesa-raka-su-nam-naplatili-598-eura\/#primaryimage","url":"https:\/\/radioljubuski.ba\/wp-content\/uploads\/2022\/05\/8-2022-05-27-09-23-27-MAJKA-I-KCI.jpg","contentUrl":"https:\/\/radioljubuski.ba\/wp-content\/uploads\/2022\/05\/8-2022-05-27-09-23-27-MAJKA-I-KCI.jpg","width":1000,"height":625},{"@type":"BreadcrumbList","@id":"https:\/\/radioljubuski.ba\/index.php\/2022\/05\/27\/majka-i-kci-bijesne-dva-koktela-i-malo-mesa-raka-su-nam-naplatili-598-eura\/#breadcrumb","itemListElement":[{"@type":"ListItem","position":1,"name":"Po\u010detna stranica","item":"https:\/\/radioljubuski.ba\/"},{"@type":"ListItem","position":2,"name":"Majka i k\u0107i bijesne: &#8220;Dva koktela i malo mesa raka su nam naplatili 598 eura&#8221;"}]},{"@type":"WebSite","@id":"https:\/\/radioljubuski.ba\/#website","url":"https:\/\/radioljubuski.ba\/","name":"Radio Ljubu\u0161ki","description":"Sun\u010dana frekvencija Hercegovine","publisher":{"@id":"https:\/\/radioljubuski.ba\/#organization"},"potentialAction":[{"@type":"SearchAction","target":{"@type":"EntryPoint","urlTemplate":"https:\/\/radioljubuski.ba\/?s={search_term_string}"},"query-input":{"@type":"PropertyValueSpecification","valueRequired":true,"valueName":"search_term_string"}}],"inLanguage":"hr"},{"@type":"Organization","@id":"https:\/\/radioljubuski.ba\/#organization","name":"Radio Ljubu\u0161ki","url":"https:\/\/radioljubuski.ba\/","logo":{"@type":"ImageObject","inLanguage":"hr","@id":"https:\/\/radioljubuski.ba\/#\/schema\/logo\/image\/","url":"https:\/\/radioljubuski.ba\/wp-content\/uploads\/2021\/02\/cropped-Radio_Ljubuski_logo1.jpg","contentUrl":"https:\/\/radioljubuski.ba\/wp-content\/uploads\/2021\/02\/cropped-Radio_Ljubuski_logo1.jpg","width":512,"height":512,"caption":"Radio Ljubu\u0161ki"},"image":{"@id":"https:\/\/radioljubuski.ba\/#\/schema\/logo\/image\/"},"sameAs":["https:\/\/www.facebook.com\/Radiio-Ljubuski-1490835324566332","https:\/\/x.com\/radioljubuski","https:\/\/hr.linkedin.com\/company\/radio-ljubuski","https:\/\/www.youtube.com\/channel\/UCHYaeO_n0Db3tjNGudGpXyw"]},{"@type":"Person","@id":"https:\/\/radioljubuski.ba\/#\/schema\/person\/19fc700381a780f69665d7956c469e3b","name":"Radio Ljubu\u0161ki"}]}},"_links":{"self":[{"href":"https:\/\/radioljubuski.ba\/index.php\/wp-json\/wp\/v2\/posts\/144456","targetHints":{"allow":["GET"]}}],"collection":[{"href":"https:\/\/radioljubuski.ba\/index.php\/wp-json\/wp\/v2\/posts"}],"about":[{"href":"https:\/\/radioljubuski.ba\/index.php\/wp-json\/wp\/v2\/types\/post"}],"author":[{"embeddable":true,"href":"https:\/\/radioljubuski.ba\/index.php\/wp-json\/wp\/v2\/users\/2"}],"replies":[{"embeddable":true,"href":"https:\/\/radioljubuski.ba\/index.php\/wp-json\/wp\/v2\/comments?post=144456"}],"version-history":[{"count":1,"href":"https:\/\/radioljubuski.ba\/index.php\/wp-json\/wp\/v2\/posts\/144456\/revisions"}],"predecessor-version":[{"id":144459,"href":"https:\/\/radioljubuski.ba\/index.php\/wp-json\/wp\/v2\/posts\/144456\/revisions\/144459"}],"wp:featuredmedia":[{"embeddable":true,"href":"https:\/\/radioljubuski.ba\/index.php\/wp-json\/wp\/v2\/media\/144458"}],"wp:attachment":[{"href":"https:\/\/radioljubuski.ba\/index.php\/wp-json\/wp\/v2\/media?parent=144456"}],"wp:term":[{"taxonomy":"category","embeddable":true,"href":"https:\/\/radioljubuski.ba\/index.php\/wp-json\/wp\/v2\/categories?post=144456"},{"taxonomy":"post_tag","embeddable":true,"href":"https:\/\/radioljubuski.ba\/index.php\/wp-json\/wp\/v2\/tags?post=144456"}],"curies":[{"name":"wp","href":"https:\/\/api.w.org\/{rel}","templated":true}]}}